{"id":54177,"date":"2023-04-03T12:18:49","date_gmt":"2023-04-03T10:18:49","guid":{"rendered":"https:\/\/www.revistarambla.com\/?p=54177"},"modified":"2023-04-03T12:18:49","modified_gmt":"2023-04-03T10:18:49","slug":"te-agota-la-primavera-pon-remedio-y-vuelve-a-funcionar","status":"publish","type":"post","link":"https:\/\/www.revistarambla.com\/en\/te-agota-la-primavera-pon-remedio-y-vuelve-a-funcionar\/","title":{"rendered":"\u00bfTe agota la primavera? Pon remedio y vuelve a funcionar"},"content":{"rendered":"<p>La llegada de la primavera suele tener efectos negativos sobre nuestro estado f\u00edsico. De repente, comenzamos a notarnos mucho m\u00e1s cansados, sin ganas de hacer nada ni de levantarnos de la cama. Pero es evidente que hay que seguir funcionando. La soluci\u00f3n pasa siempre por diversas pautas que comentaremos m\u00e1s adelante, pero no cabe duda de que en <span style=\"text-decoration: underline;\"><a href=\"https:\/\/farmaclubprime.com\/parafarmacia\/2724-vitaminas-para-combatir-el-cansancio\">farmaclubprime.com<\/a><\/span><b> puedes surtirte de vitaminas y complementos que ayudar\u00e1n a que te encuentres mucho m\u00e1s fuerte<\/b>. No lo dudes, necesitas un empuj\u00f3n para poder seguir llevando tu ritmo habitual y no parar.<\/p>\n<h2><b>C\u00f3mo llevar mejor el cansancio primaveral<\/b><\/h2>\n<p>Los complementos vitam\u00ednicos son unos excelentes aliados de nuestra salud. Todos los que encuentras <a href=\"https:\/\/farmaclubprime.com\/parafarmacia\/2724-vitaminas-para-combatir-el-cansancio\"><span style=\"text-decoration: underline;\">aqu\u00ed<\/span><\/a> tienen como misi\u00f3n reforzar tu organismo, y cubrir todas aquellas carencias en vitaminas y minerales que tu cuerpo va padeciendo. Todos los complementos vitam\u00ednicos est\u00e1n dise\u00f1ados para que su consumo sea seguro, y realice el aporte necesario que tu cuerpo lleva tiempo pidiendo para que la vuelta a la normalidad sea un hecho. Las vitaminas<b> son f\u00e1ciles de consumir,<\/b> ya que cada una de ellas tiene la prescripci\u00f3n correspondiente, pero la toma habitual suele hacerse durante las comidas. Tomarlas siempre con l\u00edquidos, ya sean zumos, infusiones o agua, ayudar\u00e1n a que puedan comenzar a hacer el efecto deseado. Recuerda ser constante cuando consumas las vitaminas, y no interrumpir el tratamiento. Esto posibilitar\u00e1 que poco a poco <b>tu estado an\u00edmico y f\u00edsico vaya mejorando y recuperes todo lo que has ido perdiendo<\/b>. El cambio es muy evidente, probablemente se trate de una de las mejores inversiones que puedes hacer por tu salud.<\/p>\n<p>Recuerda que, en caso de duda a la hora de consumir alg\u00fan complejo vitam\u00ednico, una consulta a tu m\u00e9dico de cabecera puede ser muy esclarecedora. Pero, adem\u00e1s, es interesante conocer una serie de <b>consejos \u00fatiles para evitar el cansancio primaveral. <\/b>Junto con las vitaminas, har\u00e1n que tu cuerpo se encuentre mucho m\u00e1s fuerte y se vaya eliminando esa sensaci\u00f3n de cansancio que no te deja llevar el ritmo habitual. \u00bfNo crees que ya es el momento de dar ese cambio que tanto te hace falta?<\/p>\n<h3><b>Come bien<\/b><\/h3>\n<p>\u00ab<i>Por la boca entra la salud y la enfermedad\u00bb<\/i>. Nuestro refranero es muy sabio, y prestar atenci\u00f3n a lo que comemos determina como ser\u00e1 nuestra salud. En primavera, siempre apetece consumir otro tipo de productos. Las frutas de temporada est\u00e1n en su mejor momento, y tambi\u00e9n son un gran aporte de vitaminas. Conviene seguir una dieta equilibrada, en la que no se abuse de ciertos tipos de productos, como los muy procesados, los que cuentan con grasas que no son beneficiosas y, sobre todo, aquellos snacks poco saludables que tanto da\u00f1o hacen. Para poder comer mucho mejor,<b> es importante que elabores es un men\u00fa semanal <\/b>y des un repaso a tu recetario. Podr\u00e1s introducir nuevos alimentos y recetas apetecible, sanos y que van a darte much\u00edsima energ\u00eda.<\/p>\n<h3><b>Haz ejercicio<\/b><\/h3>\n<p>Una<b> rutina de ejercicios adecuada a tu condici\u00f3n f\u00edsica<\/b> siempre va a hacer mucho bien. Quiz\u00e1s pueda parecer poco apetecible salir a dar un paseo a buen ritmo antes de irte a trabajar, pero eso de amanecer temprano, ver despertar la ciudad y hacer algo de deporte no solamente trae beneficios para tu organismo, sino para tu estado an\u00edmico. Llegar\u00e1s a casa, tomar\u00e1s una buena ducha, tu desayuno y a trabajar con todas las ganas del mundo. La rutina de ejercicios se perfila como uno de los mejores aliados para tu salud, y conseguir\u00e1s que ese cansancio primaveral pase a ser un mal recuerdo.<\/p>\n<h3><b>Establece una adecuada rutina de descanso<\/b><\/h3>\n<p>No hay nada peor para combatir el cansancio primaveral que tener los horarios de descanso desequilibrados. Si cada d\u00eda te acuestas a una hora, o te vas a la cama demasiado tarde, <b>es imposible que pasadas unas horas te encuentres bien para poder realizar tus tareas o trabajar<\/b>. Por eso, es importante que durante la semana establezca turnos para poder irte a la cama a la misma hora. Si adem\u00e1s, sales hacer ejercicio como hemos comentado en el apartado anterior, al llegar la noche, tendr\u00e1s muchos deseos de descansar, y te levantar\u00e1s pronto sin que a tu organismo le pese.<\/p>\n<p>Adem\u00e1s, vas a dormir mucho mejor, sin interrupciones y <b>con esa sensaci\u00f3n de descanso tan grata<\/b>. \u00a0Combatir el cansancio primaveral siempre va de la mano de estos tres buenos consejos, junto con tener a tu disposici\u00f3n los complejos vitam\u00ednicos m\u00e1s adecuados para ti. Gracias a ello, ese combinado de minerales, oligoelementos y vitaminas, har\u00e1 que funciones mucho mejor y que esa sensaci\u00f3n de cansancio continuo se disipe.<\/p>\n<p>No lo dejes para m\u00e1s adelante, <b>ha llegado el momento de apostar por un cambio de h\u00e1bitos y reforzar tu salud<\/b>. No solamente esa sensaci\u00f3n de cansancio ya no te invadir\u00e1, sino que tu organismo se encontrar\u00e1 mucho mejor protegido ante resfriados, catarros y todas aquellos problemas que van mermando tu bienestar.<\/p>","protected":false},"excerpt":{"rendered":"<p>La llegada de la primavera suele tener efectos negativos sobre nuestro estado f\u00edsico. De repente, comenzamos a notarnos mucho m\u00e1s cansados, sin ganas de hacer nada ni de levantarnos de la cama. Pero es evidente que hay que seguir funcionando. La soluci\u00f3n pasa siempre por diversas pautas que comentaremos m\u00e1s [&hellip;]<\/p>\n","protected":false},"author":3,"featured_media":54178,"comment_status":"closed","ping_status":"closed","sticky":false,"template":"","format":"standard","meta":{"footnotes":""},"categories":[3790],"tags":[],"class_list":["post-54177","post","type-post","status-publish","format-standard","has-post-thumbnail","hentry","category-otras-noticias"],"yoast_head":"<!-- This site is optimized with the Yoast SEO plugin v27.5 - https:\/\/yoast.com\/product\/yoast-seo-wordpress\/ -->\n<title>\u00bfTe agota la primavera? Pon remedio y vuelve a funcionar - Revista Rambla<\/title>\n<meta name=\"robots\" content=\"index, follow, max-snippet:-1, max-image-preview:large, max-video-preview:-1\" \/>\n<link rel=\"canonical\" href=\"https:\/\/www.revistarambla.com\/en\/te-agota-la-primavera-pon-remedio-y-vuelve-a-funcionar\/\" \/>\n<meta property=\"og:locale\" content=\"en_GB\" \/>\n<meta property=\"og:type\" content=\"article\" \/>\n<meta property=\"og:title\" content=\"\u00bfTe agota la primavera? Pon remedio y vuelve a funcionar - Revista Rambla\" \/>\n<meta property=\"og:description\" content=\"La llegada de la primavera suele tener efectos negativos sobre nuestro estado f\u00edsico. De repente, comenzamos a notarnos mucho m\u00e1s cansados, sin ganas de hacer nada ni de levantarnos de la cama. Pero es evidente que hay que seguir funcionando. La soluci\u00f3n pasa siempre por diversas pautas que comentaremos m\u00e1s [&hellip;]\" \/>\n<meta property=\"og:url\" content=\"https:\/\/www.revistarambla.com\/en\/te-agota-la-primavera-pon-remedio-y-vuelve-a-funcionar\/\" \/>\n<meta property=\"og:site_name\" content=\"Revista Rambla\" \/>\n<meta property=\"article:publisher\" content=\"https:\/\/www.facebook.com\/revistarambla\/\" \/>\n<meta property=\"article:author\" content=\"https:\/\/www.facebook.com\/revistarambla\" \/>\n<meta property=\"article:published_time\" content=\"2023-04-03T10:18:49+00:00\" \/>\n<meta property=\"og:image\" content=\"https:\/\/www.revistarambla.com\/wp-content\/uploads\/2023\/04\/phpdONDgh642a9592724d7.jpg\" \/>\n\t<meta property=\"og:image:width\" content=\"640\" \/>\n\t<meta property=\"og:image:height\" content=\"427\" \/>\n\t<meta property=\"og:image:type\" content=\"image\/jpeg\" \/>\n<meta name=\"author\" content=\"R@mbla\" \/>\n<meta name=\"twitter:card\" content=\"summary_large_image\" \/>\n<meta name=\"twitter:creator\" content=\"@revistarambla\" \/>\n<meta name=\"twitter:site\" content=\"@revistarambla\" \/>\n<meta name=\"twitter:label1\" content=\"Written by\" \/>\n\t<meta name=\"twitter:data1\" content=\"R@mbla\" \/>\n\t<meta name=\"twitter:label2\" content=\"Estimated reading time\" \/>\n\t<meta name=\"twitter:data2\" content=\"4 minutes\" \/>\n<script type=\"application\/ld+json\" class=\"yoast-schema-graph\">{\"@context\":\"https:\\\/\\\/schema.org\",\"@graph\":[{\"@type\":\"Article\",\"@id\":\"https:\\\/\\\/www.revistarambla.com\\\/te-agota-la-primavera-pon-remedio-y-vuelve-a-funcionar\\\/#article\",\"isPartOf\":{\"@id\":\"https:\\\/\\\/www.revistarambla.com\\\/te-agota-la-primavera-pon-remedio-y-vuelve-a-funcionar\\\/\"},\"author\":{\"name\":\"R@mbla\",\"@id\":\"https:\\\/\\\/www.revistarambla.com\\\/#\\\/schema\\\/person\\\/a146a5a2550b94981a75131180e1bd9c\"},\"headline\":\"\u00bfTe agota la primavera? Pon remedio y vuelve a funcionar\",\"datePublished\":\"2023-04-03T10:18:49+00:00\",\"mainEntityOfPage\":{\"@id\":\"https:\\\/\\\/www.revistarambla.com\\\/te-agota-la-primavera-pon-remedio-y-vuelve-a-funcionar\\\/\"},\"wordCount\":871,\"publisher\":{\"@id\":\"https:\\\/\\\/www.revistarambla.com\\\/#organization\"},\"image\":{\"@id\":\"https:\\\/\\\/www.revistarambla.com\\\/te-agota-la-primavera-pon-remedio-y-vuelve-a-funcionar\\\/#primaryimage\"},\"thumbnailUrl\":\"https:\\\/\\\/www.revistarambla.com\\\/wp-content\\\/uploads\\\/2023\\\/04\\\/phpdONDgh642a9592724d7.jpg\",\"articleSection\":[\"Otras Noticias\"],\"inLanguage\":\"en-GB\"},{\"@type\":\"WebPage\",\"@id\":\"https:\\\/\\\/www.revistarambla.com\\\/te-agota-la-primavera-pon-remedio-y-vuelve-a-funcionar\\\/\",\"url\":\"https:\\\/\\\/www.revistarambla.com\\\/te-agota-la-primavera-pon-remedio-y-vuelve-a-funcionar\\\/\",\"name\":\"\u00bfTe agota la primavera? Pon remedio y vuelve a funcionar - Revista Rambla\",\"isPartOf\":{\"@id\":\"https:\\\/\\\/www.revistarambla.com\\\/#website\"},\"primaryImageOfPage\":{\"@id\":\"https:\\\/\\\/www.revistarambla.com\\\/te-agota-la-primavera-pon-remedio-y-vuelve-a-funcionar\\\/#primaryimage\"},\"image\":{\"@id\":\"https:\\\/\\\/www.revistarambla.com\\\/te-agota-la-primavera-pon-remedio-y-vuelve-a-funcionar\\\/#primaryimage\"},\"thumbnailUrl\":\"https:\\\/\\\/www.revistarambla.com\\\/wp-content\\\/uploads\\\/2023\\\/04\\\/phpdONDgh642a9592724d7.jpg\",\"datePublished\":\"2023-04-03T10:18:49+00:00\",\"breadcrumb\":{\"@id\":\"https:\\\/\\\/www.revistarambla.com\\\/te-agota-la-primavera-pon-remedio-y-vuelve-a-funcionar\\\/#breadcrumb\"},\"inLanguage\":\"en-GB\",\"potentialAction\":[{\"@type\":\"ReadAction\",\"target\":[\"https:\\\/\\\/www.revistarambla.com\\\/te-agota-la-primavera-pon-remedio-y-vuelve-a-funcionar\\\/\"]}]},{\"@type\":\"ImageObject\",\"inLanguage\":\"en-GB\",\"@id\":\"https:\\\/\\\/www.revistarambla.com\\\/te-agota-la-primavera-pon-remedio-y-vuelve-a-funcionar\\\/#primaryimage\",\"url\":\"https:\\\/\\\/www.revistarambla.com\\\/wp-content\\\/uploads\\\/2023\\\/04\\\/phpdONDgh642a9592724d7.jpg\",\"contentUrl\":\"https:\\\/\\\/www.revistarambla.com\\\/wp-content\\\/uploads\\\/2023\\\/04\\\/phpdONDgh642a9592724d7.jpg\",\"width\":640,\"height\":427},{\"@type\":\"BreadcrumbList\",\"@id\":\"https:\\\/\\\/www.revistarambla.com\\\/te-agota-la-primavera-pon-remedio-y-vuelve-a-funcionar\\\/#breadcrumb\",\"itemListElement\":[{\"@type\":\"ListItem\",\"position\":1,\"name\":\"Portada\",\"item\":\"https:\\\/\\\/www.revistarambla.com\\\/\"},{\"@type\":\"ListItem\",\"position\":2,\"name\":\"\u00bfTe agota la primavera? Pon remedio y vuelve a funcionar\"}]},{\"@type\":\"WebSite\",\"@id\":\"https:\\\/\\\/www.revistarambla.com\\\/#website\",\"url\":\"https:\\\/\\\/www.revistarambla.com\\\/\",\"name\":\"Revista Rambla Barcelona\",\"description\":\"Periodismo independiente\",\"publisher\":{\"@id\":\"https:\\\/\\\/www.revistarambla.com\\\/#organization\"},\"potentialAction\":[{\"@type\":\"SearchAction\",\"target\":{\"@type\":\"EntryPoint\",\"urlTemplate\":\"https:\\\/\\\/www.revistarambla.com\\\/?s={search_term_string}\"},\"query-input\":{\"@type\":\"PropertyValueSpecification\",\"valueRequired\":true,\"valueName\":\"search_term_string\"}}],\"inLanguage\":\"en-GB\"},{\"@type\":\"Organization\",\"@id\":\"https:\\\/\\\/www.revistarambla.com\\\/#organization\",\"name\":\"Revista Rambla\",\"url\":\"https:\\\/\\\/www.revistarambla.com\\\/\",\"logo\":{\"@type\":\"ImageObject\",\"inLanguage\":\"en-GB\",\"@id\":\"https:\\\/\\\/www.revistarambla.com\\\/#\\\/schema\\\/logo\\\/image\\\/\",\"url\":\"https:\\\/\\\/www.revistarambla.com\\\/wp-content\\\/uploads\\\/2020\\\/09\\\/banner_rambla_1900x600_BB.png\",\"contentUrl\":\"https:\\\/\\\/www.revistarambla.com\\\/wp-content\\\/uploads\\\/2020\\\/09\\\/banner_rambla_1900x600_BB.png\",\"width\":1900,\"height\":600,\"caption\":\"Revista Rambla\"},\"image\":{\"@id\":\"https:\\\/\\\/www.revistarambla.com\\\/#\\\/schema\\\/logo\\\/image\\\/\"},\"sameAs\":[\"https:\\\/\\\/www.facebook.com\\\/revistarambla\\\/\",\"https:\\\/\\\/x.com\\\/revistarambla\",\"https:\\\/\\\/www.instagram.com\\\/revista_rambla\",\"https:\\\/\\\/es.linkedin.com\\\/company\\\/revista-rambla\"]},{\"@type\":\"Person\",\"@id\":\"https:\\\/\\\/www.revistarambla.com\\\/#\\\/schema\\\/person\\\/a146a5a2550b94981a75131180e1bd9c\",\"name\":\"R@mbla\",\"description\":\"Este art\u00edculo ha sido redactado y\\\/o validado por el equipo de redacci\u00f3n de Revista Rambla.\",\"sameAs\":[\"https:\\\/\\\/www.revistarambla.com\\\/\",\"https:\\\/\\\/www.facebook.com\\\/revistarambla\",\"https:\\\/\\\/x.com\\\/revistarambla\"]}]}<\/script>\n<!-- \/ Yoast SEO plugin. -->","yoast_head_json":{"title":"\u00bfTe agota la primavera? Pon remedio y vuelve a funcionar - Revista Rambla","robots":{"index":"index","follow":"follow","max-snippet":"max-snippet:-1","max-image-preview":"max-image-preview:large","max-video-preview":"max-video-preview:-1"},"canonical":"https:\/\/www.revistarambla.com\/en\/te-agota-la-primavera-pon-remedio-y-vuelve-a-funcionar\/","og_locale":"en_GB","og_type":"article","og_title":"\u00bfTe agota la primavera? Pon remedio y vuelve a funcionar - Revista Rambla","og_description":"La llegada de la primavera suele tener efectos negativos sobre nuestro estado f\u00edsico. De repente, comenzamos a notarnos mucho m\u00e1s cansados, sin ganas de hacer nada ni de levantarnos de la cama. Pero es evidente que hay que seguir funcionando. La soluci\u00f3n pasa siempre por diversas pautas que comentaremos m\u00e1s [&hellip;]","og_url":"https:\/\/www.revistarambla.com\/en\/te-agota-la-primavera-pon-remedio-y-vuelve-a-funcionar\/","og_site_name":"Revista Rambla","article_publisher":"https:\/\/www.facebook.com\/revistarambla\/","article_author":"https:\/\/www.facebook.com\/revistarambla","article_published_time":"2023-04-03T10:18:49+00:00","og_image":[{"width":640,"height":427,"url":"https:\/\/www.revistarambla.com\/wp-content\/uploads\/2023\/04\/phpdONDgh642a9592724d7.jpg","type":"image\/jpeg"}],"author":"R@mbla","twitter_card":"summary_large_image","twitter_creator":"@revistarambla","twitter_site":"@revistarambla","twitter_misc":{"Written by":"R@mbla","Estimated reading time":"4 minutes"},"schema":{"@context":"https:\/\/schema.org","@graph":[{"@type":"Article","@id":"https:\/\/www.revistarambla.com\/te-agota-la-primavera-pon-remedio-y-vuelve-a-funcionar\/#article","isPartOf":{"@id":"https:\/\/www.revistarambla.com\/te-agota-la-primavera-pon-remedio-y-vuelve-a-funcionar\/"},"author":{"name":"R@mbla","@id":"https:\/\/www.revistarambla.com\/#\/schema\/person\/a146a5a2550b94981a75131180e1bd9c"},"headline":"\u00bfTe agota la primavera? Pon remedio y vuelve a funcionar","datePublished":"2023-04-03T10:18:49+00:00","mainEntityOfPage":{"@id":"https:\/\/www.revistarambla.com\/te-agota-la-primavera-pon-remedio-y-vuelve-a-funcionar\/"},"wordCount":871,"publisher":{"@id":"https:\/\/www.revistarambla.com\/#organization"},"image":{"@id":"https:\/\/www.revistarambla.com\/te-agota-la-primavera-pon-remedio-y-vuelve-a-funcionar\/#primaryimage"},"thumbnailUrl":"https:\/\/www.revistarambla.com\/wp-content\/uploads\/2023\/04\/phpdONDgh642a9592724d7.jpg","articleSection":["Otras Noticias"],"inLanguage":"en-GB"},{"@type":"WebPage","@id":"https:\/\/www.revistarambla.com\/te-agota-la-primavera-pon-remedio-y-vuelve-a-funcionar\/","url":"https:\/\/www.revistarambla.com\/te-agota-la-primavera-pon-remedio-y-vuelve-a-funcionar\/","name":"\u00bfTe agota la primavera? Pon remedio y vuelve a funcionar - Revista Rambla","isPartOf":{"@id":"https:\/\/www.revistarambla.com\/#website"},"primaryImageOfPage":{"@id":"https:\/\/www.revistarambla.com\/te-agota-la-primavera-pon-remedio-y-vuelve-a-funcionar\/#primaryimage"},"image":{"@id":"https:\/\/www.revistarambla.com\/te-agota-la-primavera-pon-remedio-y-vuelve-a-funcionar\/#primaryimage"},"thumbnailUrl":"https:\/\/www.revistarambla.com\/wp-content\/uploads\/2023\/04\/phpdONDgh642a9592724d7.jpg","datePublished":"2023-04-03T10:18:49+00:00","breadcrumb":{"@id":"https:\/\/www.revistarambla.com\/te-agota-la-primavera-pon-remedio-y-vuelve-a-funcionar\/#breadcrumb"},"inLanguage":"en-GB","potentialAction":[{"@type":"ReadAction","target":["https:\/\/www.revistarambla.com\/te-agota-la-primavera-pon-remedio-y-vuelve-a-funcionar\/"]}]},{"@type":"ImageObject","inLanguage":"en-GB","@id":"https:\/\/www.revistarambla.com\/te-agota-la-primavera-pon-remedio-y-vuelve-a-funcionar\/#primaryimage","url":"https:\/\/www.revistarambla.com\/wp-content\/uploads\/2023\/04\/phpdONDgh642a9592724d7.jpg","contentUrl":"https:\/\/www.revistarambla.com\/wp-content\/uploads\/2023\/04\/phpdONDgh642a9592724d7.jpg","width":640,"height":427},{"@type":"BreadcrumbList","@id":"https:\/\/www.revistarambla.com\/te-agota-la-primavera-pon-remedio-y-vuelve-a-funcionar\/#breadcrumb","itemListElement":[{"@type":"ListItem","position":1,"name":"Portada","item":"https:\/\/www.revistarambla.com\/"},{"@type":"ListItem","position":2,"name":"\u00bfTe agota la primavera? Pon remedio y vuelve a funcionar"}]},{"@type":"WebSite","@id":"https:\/\/www.revistarambla.com\/#website","url":"https:\/\/www.revistarambla.com\/","name":"Revista Rambla Barcelona","description":"Periodismo independiente","publisher":{"@id":"https:\/\/www.revistarambla.com\/#organization"},"potentialAction":[{"@type":"SearchAction","target":{"@type":"EntryPoint","urlTemplate":"https:\/\/www.revistarambla.com\/?s={search_term_string}"},"query-input":{"@type":"PropertyValueSpecification","valueRequired":true,"valueName":"search_term_string"}}],"inLanguage":"en-GB"},{"@type":"Organization","@id":"https:\/\/www.revistarambla.com\/#organization","name":"Revista Rambla","url":"https:\/\/www.revistarambla.com\/","logo":{"@type":"ImageObject","inLanguage":"en-GB","@id":"https:\/\/www.revistarambla.com\/#\/schema\/logo\/image\/","url":"https:\/\/www.revistarambla.com\/wp-content\/uploads\/2020\/09\/banner_rambla_1900x600_BB.png","contentUrl":"https:\/\/www.revistarambla.com\/wp-content\/uploads\/2020\/09\/banner_rambla_1900x600_BB.png","width":1900,"height":600,"caption":"Revista Rambla"},"image":{"@id":"https:\/\/www.revistarambla.com\/#\/schema\/logo\/image\/"},"sameAs":["https:\/\/www.facebook.com\/revistarambla\/","https:\/\/x.com\/revistarambla","https:\/\/www.instagram.com\/revista_rambla","https:\/\/es.linkedin.com\/company\/revista-rambla"]},{"@type":"Person","@id":"https:\/\/www.revistarambla.com\/#\/schema\/person\/a146a5a2550b94981a75131180e1bd9c","name":"R@mbla","description":"Este art\u00edculo ha sido redactado y\/o validado por el equipo de redacci\u00f3n de Revista Rambla.","sameAs":["https:\/\/www.revistarambla.com\/","https:\/\/www.facebook.com\/revistarambla","https:\/\/x.com\/revistarambla"]}]}},"_links":{"self":[{"href":"https:\/\/www.revistarambla.com\/en\/wp-json\/wp\/v2\/posts\/54177","targetHints":{"allow":["GET"]}}],"collection":[{"href":"https:\/\/www.revistarambla.com\/en\/wp-json\/wp\/v2\/posts"}],"about":[{"href":"https:\/\/www.revistarambla.com\/en\/wp-json\/wp\/v2\/types\/post"}],"author":[{"embeddable":true,"href":"https:\/\/www.revistarambla.com\/en\/wp-json\/wp\/v2\/users\/3"}],"replies":[{"embeddable":true,"href":"https:\/\/www.revistarambla.com\/en\/wp-json\/wp\/v2\/comments?post=54177"}],"version-history":[{"count":1,"href":"https:\/\/www.revistarambla.com\/en\/wp-json\/wp\/v2\/posts\/54177\/revisions"}],"predecessor-version":[{"id":54179,"href":"https:\/\/www.revistarambla.com\/en\/wp-json\/wp\/v2\/posts\/54177\/revisions\/54179"}],"wp:featuredmedia":[{"embeddable":true,"href":"https:\/\/www.revistarambla.com\/en\/wp-json\/wp\/v2\/media\/54178"}],"wp:attachment":[{"href":"https:\/\/www.revistarambla.com\/en\/wp-json\/wp\/v2\/media?parent=54177"}],"wp:term":[{"taxonomy":"category","embeddable":true,"href":"https:\/\/www.revistarambla.com\/en\/wp-json\/wp\/v2\/categories?post=54177"},{"taxonomy":"post_tag","embeddable":true,"href":"https:\/\/www.revistarambla.com\/en\/wp-json\/wp\/v2\/tags?post=54177"}],"curies":[{"name":"wp","href":"https:\/\/api.w.org\/{rel}","templated":true}]}}