{"id":54156,"date":"2023-04-03T11:40:04","date_gmt":"2023-04-03T09:40:04","guid":{"rendered":"https:\/\/www.revistarambla.com\/?p=54156"},"modified":"2023-04-05T20:15:09","modified_gmt":"2023-04-05T18:15:09","slug":"gerda-lerner-conocimiento-historico-y-conciencia-feminista","status":"publish","type":"post","link":"https:\/\/www.revistarambla.com\/en\/gerda-lerner-conocimiento-historico-y-conciencia-feminista\/","title":{"rendered":"Gerda Lerner: conocimiento hist\u00f3rico y conciencia feminista"},"content":{"rendered":"<p>En Norte Am\u00e9rica desarroll\u00f3 una brillante carrera siendo una de las pioneras en introducir la Historia de las Mujeres en la universidad (Lerner, 1979; Lerner, 2002).\u00a0<strong><em>La Creaci\u00f3n de la conciencia feminista, de la Edad Media a 1870,<\/em><\/strong>\u00a0se public\u00f3 en 1993 y constituye la segunda parte de una obra m\u00e1s amplia que Gerda Lerner titul\u00f3\u00a0<strong><em>Women and History<\/em><\/strong>. Veamos a continuaci\u00f3n el contexto de producci\u00f3n de la obra.<\/p>\n<p>En el marco amplio de cuestionamiento de las relaciones sociales, pol\u00edticas o culturales propiciadas por el capitalismo y de la raz\u00f3n instrumental de la modernidad a lo largo de los a\u00f1os 60 del siglo pasado, una de las corrientes cr\u00edticas m\u00e1s importantes fue el llamado \u201cfeminismo radical\u201d que desarroll\u00f3 una gran actividad tanto intelectual como pol\u00edtica. En 1966 surgi\u00f3 en los EEUU el famoso movimiento de mujeres,\u00a0<em>National Organization for Women<\/em>, NOW, o en 1967 el\u00a0<em>New York Radical\u00a0Women,\u00a0<\/em>cuyas<em>\u00a0performances<\/em> llegar\u00edan a tener una gran repercusi\u00f3n. Por otro lado, la conquista de la ciudadan\u00eda, derechos pol\u00edticos y acceso a la educaci\u00f3n en el siglo XX por parte de los movimientos feministas en occidente hicieron posible la construcci\u00f3n de un corpus te\u00f3rico imprescindible que tendr\u00e1 una gran repercusi\u00f3n social. En ese contexto de efervescencia, Lerner form\u00f3 parte de los debates relativos a las perspectivas que habr\u00eda que conjugar para abordar el conocimiento de la experiencia hist\u00f3rica femenina como referente inexcusable para el proceso de emancipaci\u00f3n de las mujeres en el capitalismo del siglo XX. Una vez m\u00e1s, tomar conciencia de la situaci\u00f3n impuls\u00f3 tanto la recuperaci\u00f3n sistem\u00e1tica de la memoria de las mujeres como la conveniencia de asumir independencia intelectual y pol\u00edtica para orientar unas reivindicaciones consideradas propias. As\u00ed, desde el marxismo, el psicoan\u00e1lisis, el anticolonialismo, la teor\u00eda cr\u00edtica o el feminismo, nuevos colectivos reclamaron espacio y capacidad para producir significaciones, interpretar la realidad e intentar modificarla.<\/p>\n<p><img decoding=\"async\" class=\"aligncenter wp-image-54157\" src=\"https:\/\/www.revistarambla.com\/wp-content\/uploads\/2023\/04\/contrapatriarcado1-691x1024-1-246x365.jpeg\" alt=\"\" width=\"337\" height=\"500\" srcset=\"https:\/\/www.revistarambla.com\/wp-content\/uploads\/2023\/04\/contrapatriarcado1-691x1024-1-246x365.jpeg 246w, https:\/\/www.revistarambla.com\/wp-content\/uploads\/2023\/04\/contrapatriarcado1-691x1024-1-567x840.jpeg 567w, https:\/\/www.revistarambla.com\/wp-content\/uploads\/2023\/04\/contrapatriarcado1-691x1024-1-8x12.jpeg 8w, https:\/\/www.revistarambla.com\/wp-content\/uploads\/2023\/04\/contrapatriarcado1-691x1024-1.jpeg 691w\" sizes=\"(max-width: 337px) 100vw, 337px\" \/><\/p>\n<p>El surgimiento de la historia de las mujeres habr\u00eda que insertarlo en ese escenario en paralelo con el desarrollo de movimientos feministas y los presupuestos te\u00f3rico-pr\u00e1cticos que ven\u00edan analizando y experimentando, esto es, que la subordinaci\u00f3n de la mujer iba m\u00e1s all\u00e1 de desigualdades pol\u00edticas o institucionales: era sist\u00e9mica y se basaba en estructuras profundas que hund\u00edan sus ra\u00edces en din\u00e1micas sociales y culturales capaces de permear la cotidianidad; de tal forma que las relaciones de poder se evidenciaban no s\u00f3lo en la esfera p\u00fablica sino tambi\u00e9n en los (supuestos) espacios privados y personales, es decir, \u201clo personal era pol\u00edtico\u201d.\u00a0<strong><em>La creaci\u00f3n de la conciencia feminista<\/em><\/strong><em>\u2026<\/em>\u00a0es, a nuestro entender, deudora de este marco, aun cuando viera la luz con posterioridad<em> \u2014<\/em>con el \u201cnuevo esp\u00edritu del capitalismo\u201d ya en marcha y con el abandono de una parte del feminismo de sus lazos con la econom\u00eda pol\u00edtica y la teor\u00eda cr\u00edtica social\u2014<em>\u00a0\u00a0<\/em>al aunar compromiso intelectual y transformaci\u00f3n social en un momento en el que las mujeres se reclaman sujeto hist\u00f3rico y objeto de investigaci\u00f3n.<\/p>\n<p><img decoding=\"async\" class=\"aligncenter wp-image-54158\" src=\"https:\/\/www.revistarambla.com\/wp-content\/uploads\/2023\/04\/contrapatriarcado2-685x1024-1-244x365.jpg\" alt=\"\" width=\"334\" height=\"500\" srcset=\"https:\/\/www.revistarambla.com\/wp-content\/uploads\/2023\/04\/contrapatriarcado2-685x1024-1-244x365.jpg 244w, https:\/\/www.revistarambla.com\/wp-content\/uploads\/2023\/04\/contrapatriarcado2-685x1024-1-562x840.jpg 562w, https:\/\/www.revistarambla.com\/wp-content\/uploads\/2023\/04\/contrapatriarcado2-685x1024-1-8x12.jpg 8w, https:\/\/www.revistarambla.com\/wp-content\/uploads\/2023\/04\/contrapatriarcado2-685x1024-1.jpg 685w\" sizes=\"(max-width: 334px) 100vw, 334px\" \/><\/p>\n<h2>Conocimiento hist\u00f3rico: el lugar de las mujeres<\/h2>\n<p>Lerner entiende la historia como proyecto transformador de forma que el di\u00e1logo con el pasado lo concibe como condici\u00f3n necesaria para explicarnos como sujetos y colectivos desde las preguntas que nos interpelan en el presente. En este sentido, la memoria y su recuperaci\u00f3n se convierte en factor clave de emancipaci\u00f3n. El hecho de que el relato hist\u00f3rico convencional no se haya hecho eco de los saberes y las vidas de las mujeres es no s\u00f3lo una deficiencia cognitiva: significa adem\u00e1s, apunta la autora, que las mujeres hayamos permanecidos enajenadas de nuestra experiencia colectiva, base necesaria de reflexi\u00f3n y acci\u00f3n, hasta hace apenas unas d\u00e9cadas. Una situaci\u00f3n, que dista de estar resuelta actualmente y que no deja de tener implicaciones pol\u00edticas, sociales y educativas:<\/p>\n<p>La Historia que mayoritariamente se escribe, ense\u00f1a e investiga, sigue siendo una Historia en la que las mujeres aparecen accidentalmente y s\u00f3lo en los casos precisos. Es decir, que todav\u00eda las mujeres no han sido reconocidas como sujeto social y, por tanto, como sujeto hist\u00f3rico de forma mayoritaria (Segura Gra\u00ed\u00f1o, 2015, p. 270).<\/p>\n<p>Porque, si bien es verdad que algunas mujeres figuran en los anales, a menudo, como \u201cexcepciones\u201d, las perspectivas de pensadores famosos sobre las mujeres, los sexos, la sexualidad, la familia, etc., no deja de ser considerada desde \u00f3pticas feministas, una historia de hombres. As\u00ed, la historia de las mujeres que comienza a emerger en los a\u00f1os 70 del siglo XX va a implicar cambios profundos que afectan al propio concepto de Historia que se manejaba hasta ese momento \u00bfCu\u00e1les eran los presupuestos te\u00f3ricos y metodol\u00f3gicos en el campo disciplinar y qu\u00e9 cambios se afrontaron? Las historiadoras fueron conscientes de que se necesitaban incluir, en primer lugar, marcos interpretativos y conceptuales adecuados a sus objetivos e intereses. El relato hist\u00f3rico, eminentemente androc\u00e9ntrico, no dispon\u00eda de herramientas epistemol\u00f3gicas o metodol\u00f3gicas para tal fin pues se hab\u00eda basado en una \u00fanica mirada, pretendidamente\u00a0<em>universal<\/em><em>,\u00a0<\/em>sobre la realidad.<\/p>\n<h2>Conciencia feminista e historia de las mujeres<\/h2>\n<p>Conceptos como\u00a0<em>identidad feminista<\/em>\u00a0(Amor\u00f3s, de Miguel, 2018) o\u00a0<em>conciencia feminista\u00a0<\/em>(Lerner 2019) han sido necesarios a la hora de recuperar la historia y los movimientos de emancipaci\u00f3n de las mujeres desde la idea que defiende la equiparaci\u00f3n de derechos entre varones y mujeres y que cuestiona, por tanto, las estructuras que sostienen las diversas formas en que la desigualdad se despliega. As\u00ed, el desarrollo de la conciencia feminista exigir\u00eda una\u00a0<em>praxis cognitiva<\/em>\u00a0en la que conocimiento y acci\u00f3n se retroalimentan mutuamente. De modo que, en ese proceso de toma de conciencia, se hace imprescindible la decodificaci\u00f3n de los paradigmas dominantes que configuran y materializan las relaciones sociales de injusticia para poder resignificarlas y, paralelamente, la acci\u00f3n colectiva que impulse cambios sociales. En este sentido, podr\u00eda pensarse en un feminismo\u00a0<em>avant la lettre<\/em>en \u00e9pocas hist\u00f3ricas en las que se articularon cr\u00edticas al discurso de la inferioridad femenina desde diferentes perspectivas. Desde este posicionamiento, Lerner entiende que ha habido una conciencia de subordinaci\u00f3n a lo largo de la historia que ha generado reflexiones, an\u00e1lisis y resistencias y cuya dataci\u00f3n hist\u00f3rica ser\u00eda anterior a la lucha por el logro de derechos sociales y pol\u00edticos (Lerner, 2017). En esta l\u00ednea se inscribe el trabajo de nuestra autora a la hora de rescatar la historia de las mujeres como agente hist\u00f3rico (tanto en las tareas de reproducci\u00f3n como en el \u00e1mbito productivo), y cuando se trata de cartografiar el surgimiento de la conciencia de subalternidad y las formas de cuestionarla, presentes a lo largo de los siglos de forma discontinua \u2013 una tarea de Pen\u00e9lope- pero recurrente, constante (hecho que permite comprender hist\u00f3ricamente que figuras c\u00e9lebres, como M. Wollstonecraft, forman parte de una cadena).<\/p>\n<p>A tal efecto, Lerner acometi\u00f3 un ambicioso estudio interdisciplinar sobre la genealog\u00eda de las estructuras de dominio sexual (<strong><em>La creaci\u00f3n del patriarcado<\/em><\/strong><em>,<\/em>1986). Los an\u00e1lisis sobre esta cuesti\u00f3n fueron esclarecedores pues pon\u00edan de manifiesto las ra\u00edces antropol\u00f3gicas e hist\u00f3ricas del sistema patriarcal y permit\u00edan deslegitimar las relaciones jer\u00e1rquicas entre varones y mujeres, supuestamente naturales. El\u00a0<em>patriarcado<\/em>\u00a0(o sistema de \u201cg\u00e9nero-sexo\u201d), otro concepto esencial del feminismo radical (Hartmann, 1976), se evidenciaba as\u00ed como una estructura de dominio basada en el sexo que se hab\u00eda adaptado a diferentes contextos hist\u00f3ricos y que implicaba toda una trama institucional, normativa o discursiva que derivaba en una desigual distribuci\u00f3n y acceso a recursos materiales y simb\u00f3licos entre hombres y mujeres. Para Lerner este estudio previo fue crucial pues le permiti\u00f3 cartografiar la construcci\u00f3n de un mundo a la medida del hombre e interpretar que la subordinaci\u00f3n de la mujer dentro del mismo grupo tuvo una gran trascendencia pues precedi\u00f3 hist\u00f3ricamente y funcion\u00f3 como modelo para establecer y legitimar otras jerarquizaciones, como la relaci\u00f3n amo-esclavo (Lerner, 2017, p. 133)<strong>.\u00a0<\/strong>Una disimetr\u00eda que sigue siendo nuclear para construir relaciones significantes de poder en la sociedad.<\/p>\n<p>Concluida la primera parte de\u00a0<strong><em>Women and History<\/em>,<\/strong>\u00a0la investigadora pudo dedicarse en\u00a0<strong><em>La creaci\u00f3n de la conciencia feminista<\/em>.<\/strong>.. a rastrear los patrones hist\u00f3ricos de surgimiento de la conciencia feminista as\u00ed como las circunstancias hist\u00f3ricas bajo las cuales tuvieron lugar, centrando su estudio en Europa Occidental (principalmente, Alemania, Francia, Inglaterra e Italia) y los EEUU. Su objetivo era documentar e incluir la actividad cr\u00edtica de mujeres que reflexionaron sobre su situaci\u00f3n como colectivo y que por tanto contribuyeron a fomentar esa auto-conciencia; pero tambi\u00e9n incorporar otras voces que, aun careciendo de esa finalidad, incidieron en el proceso de agrietamiento del sistema de dominaci\u00f3n del patriarcado.<\/p>\n<p>*El art\u00edculo completo se public\u00f3 en <strong><em>Con-Ciencia Social\u00a0<\/em><\/strong>(segunda \u00e9poca), 4, 125-138.<\/p>\n<p><em>Fuente: https:\/\/tribunafeminista.org<\/em><\/p>","protected":false},"excerpt":{"rendered":"<p>Nuestra autora, Gerda Lerner (Viena, 1920 \u2013 Madison, EEUU, 2013), fue una investigadora, docente y feminista de origen austr\u00edaco que se vio forzada a emigrar a los EEUU en 1939 huyendo de la persecuci\u00f3n nazi. <\/p>","protected":false},"author":349,"featured_media":54159,"comment_status":"closed","ping_status":"closed","sticky":false,"template":"","format":"standard","meta":{"footnotes":""},"categories":[562],"tags":[],"class_list":["post-54156","post","type-post","status-publish","format-standard","has-post-thumbnail","hentry","category-historia"],"yoast_head":"<!-- This site is optimized with the Yoast SEO plugin v27.5 - https:\/\/yoast.com\/product\/yoast-seo-wordpress\/ -->\n<title>Gerda Lerner: conocimiento hist\u00f3rico y conciencia feminista - Revista Rambla<\/title>\n<meta name=\"robots\" content=\"index, follow, max-snippet:-1, max-image-preview:large, max-video-preview:-1\" \/>\n<link rel=\"canonical\" href=\"https:\/\/www.revistarambla.com\/en\/gerda-lerner-conocimiento-historico-y-conciencia-feminista\/\" \/>\n<meta property=\"og:locale\" content=\"en_GB\" \/>\n<meta property=\"og:type\" content=\"article\" \/>\n<meta property=\"og:title\" content=\"Gerda Lerner: conocimiento hist\u00f3rico y conciencia feminista - Revista Rambla\" \/>\n<meta property=\"og:description\" content=\"Nuestra autora, Gerda Lerner (Viena, 1920 \u2013 Madison, EEUU, 2013), fue una investigadora, docente y feminista de origen austr\u00edaco que se vio forzada a emigrar a los EEUU en 1939 huyendo de la persecuci\u00f3n nazi.\" \/>\n<meta property=\"og:url\" content=\"https:\/\/www.revistarambla.com\/en\/gerda-lerner-conocimiento-historico-y-conciencia-feminista\/\" \/>\n<meta property=\"og:site_name\" content=\"Revista Rambla\" \/>\n<meta property=\"article:publisher\" content=\"https:\/\/www.facebook.com\/revistarambla\/\" \/>\n<meta property=\"article:published_time\" content=\"2023-04-03T09:40:04+00:00\" \/>\n<meta property=\"article:modified_time\" content=\"2023-04-05T18:15:09+00:00\" \/>\n<meta property=\"og:image\" content=\"https:\/\/www.revistarambla.com\/wp-content\/uploads\/2023\/04\/Foto-Gerda-Lerner.jpg\" \/>\n\t<meta property=\"og:image:width\" content=\"764\" \/>\n\t<meta property=\"og:image:height\" content=\"922\" \/>\n\t<meta property=\"og:image:type\" content=\"image\/jpeg\" \/>\n<meta name=\"author\" content=\"Engracia Martin Valdunciel\" \/>\n<meta name=\"twitter:card\" content=\"summary_large_image\" \/>\n<meta name=\"twitter:creator\" content=\"@revistarambla\" \/>\n<meta name=\"twitter:site\" content=\"@revistarambla\" \/>\n<meta name=\"twitter:label1\" content=\"Written by\" \/>\n\t<meta name=\"twitter:data1\" content=\"Engracia Martin Valdunciel\" \/>\n\t<meta name=\"twitter:label2\" content=\"Estimated reading time\" \/>\n\t<meta name=\"twitter:data2\" content=\"7 minutes\" \/>\n<script type=\"application\/ld+json\" class=\"yoast-schema-graph\">{\"@context\":\"https:\\\/\\\/schema.org\",\"@graph\":[{\"@type\":\"Article\",\"@id\":\"https:\\\/\\\/www.revistarambla.com\\\/gerda-lerner-conocimiento-historico-y-conciencia-feminista\\\/#article\",\"isPartOf\":{\"@id\":\"https:\\\/\\\/www.revistarambla.com\\\/gerda-lerner-conocimiento-historico-y-conciencia-feminista\\\/\"},\"author\":{\"name\":\"Engracia Martin Valdunciel\",\"@id\":\"https:\\\/\\\/www.revistarambla.com\\\/#\\\/schema\\\/person\\\/2d5441295a846df2e6a7c30cd7e381b8\"},\"headline\":\"Gerda Lerner: conocimiento hist\u00f3rico y conciencia feminista\",\"datePublished\":\"2023-04-03T09:40:04+00:00\",\"dateModified\":\"2023-04-05T18:15:09+00:00\",\"mainEntityOfPage\":{\"@id\":\"https:\\\/\\\/www.revistarambla.com\\\/gerda-lerner-conocimiento-historico-y-conciencia-feminista\\\/\"},\"wordCount\":1525,\"publisher\":{\"@id\":\"https:\\\/\\\/www.revistarambla.com\\\/#organization\"},\"image\":{\"@id\":\"https:\\\/\\\/www.revistarambla.com\\\/gerda-lerner-conocimiento-historico-y-conciencia-feminista\\\/#primaryimage\"},\"thumbnailUrl\":\"https:\\\/\\\/www.revistarambla.com\\\/wp-content\\\/uploads\\\/2023\\\/04\\\/Foto-Gerda-Lerner.jpg\",\"articleSection\":[\"Historia\"],\"inLanguage\":\"en-GB\"},{\"@type\":\"WebPage\",\"@id\":\"https:\\\/\\\/www.revistarambla.com\\\/gerda-lerner-conocimiento-historico-y-conciencia-feminista\\\/\",\"url\":\"https:\\\/\\\/www.revistarambla.com\\\/gerda-lerner-conocimiento-historico-y-conciencia-feminista\\\/\",\"name\":\"Gerda Lerner: conocimiento hist\u00f3rico y conciencia feminista - Revista Rambla\",\"isPartOf\":{\"@id\":\"https:\\\/\\\/www.revistarambla.com\\\/#website\"},\"primaryImageOfPage\":{\"@id\":\"https:\\\/\\\/www.revistarambla.com\\\/gerda-lerner-conocimiento-historico-y-conciencia-feminista\\\/#primaryimage\"},\"image\":{\"@id\":\"https:\\\/\\\/www.revistarambla.com\\\/gerda-lerner-conocimiento-historico-y-conciencia-feminista\\\/#primaryimage\"},\"thumbnailUrl\":\"https:\\\/\\\/www.revistarambla.com\\\/wp-content\\\/uploads\\\/2023\\\/04\\\/Foto-Gerda-Lerner.jpg\",\"datePublished\":\"2023-04-03T09:40:04+00:00\",\"dateModified\":\"2023-04-05T18:15:09+00:00\",\"breadcrumb\":{\"@id\":\"https:\\\/\\\/www.revistarambla.com\\\/gerda-lerner-conocimiento-historico-y-conciencia-feminista\\\/#breadcrumb\"},\"inLanguage\":\"en-GB\",\"potentialAction\":[{\"@type\":\"ReadAction\",\"target\":[\"https:\\\/\\\/www.revistarambla.com\\\/gerda-lerner-conocimiento-historico-y-conciencia-feminista\\\/\"]}]},{\"@type\":\"ImageObject\",\"inLanguage\":\"en-GB\",\"@id\":\"https:\\\/\\\/www.revistarambla.com\\\/gerda-lerner-conocimiento-historico-y-conciencia-feminista\\\/#primaryimage\",\"url\":\"https:\\\/\\\/www.revistarambla.com\\\/wp-content\\\/uploads\\\/2023\\\/04\\\/Foto-Gerda-Lerner.jpg\",\"contentUrl\":\"https:\\\/\\\/www.revistarambla.com\\\/wp-content\\\/uploads\\\/2023\\\/04\\\/Foto-Gerda-Lerner.jpg\",\"width\":764,\"height\":922},{\"@type\":\"BreadcrumbList\",\"@id\":\"https:\\\/\\\/www.revistarambla.com\\\/gerda-lerner-conocimiento-historico-y-conciencia-feminista\\\/#breadcrumb\",\"itemListElement\":[{\"@type\":\"ListItem\",\"position\":1,\"name\":\"Portada\",\"item\":\"https:\\\/\\\/www.revistarambla.com\\\/\"},{\"@type\":\"ListItem\",\"position\":2,\"name\":\"Gerda Lerner: conocimiento hist\u00f3rico y conciencia feminista\"}]},{\"@type\":\"WebSite\",\"@id\":\"https:\\\/\\\/www.revistarambla.com\\\/#website\",\"url\":\"https:\\\/\\\/www.revistarambla.com\\\/\",\"name\":\"Revista Rambla Barcelona\",\"description\":\"Periodismo independiente\",\"publisher\":{\"@id\":\"https:\\\/\\\/www.revistarambla.com\\\/#organization\"},\"potentialAction\":[{\"@type\":\"SearchAction\",\"target\":{\"@type\":\"EntryPoint\",\"urlTemplate\":\"https:\\\/\\\/www.revistarambla.com\\\/?s={search_term_string}\"},\"query-input\":{\"@type\":\"PropertyValueSpecification\",\"valueRequired\":true,\"valueName\":\"search_term_string\"}}],\"inLanguage\":\"en-GB\"},{\"@type\":\"Organization\",\"@id\":\"https:\\\/\\\/www.revistarambla.com\\\/#organization\",\"name\":\"Revista Rambla\",\"url\":\"https:\\\/\\\/www.revistarambla.com\\\/\",\"logo\":{\"@type\":\"ImageObject\",\"inLanguage\":\"en-GB\",\"@id\":\"https:\\\/\\\/www.revistarambla.com\\\/#\\\/schema\\\/logo\\\/image\\\/\",\"url\":\"https:\\\/\\\/www.revistarambla.com\\\/wp-content\\\/uploads\\\/2020\\\/09\\\/banner_rambla_1900x600_BB.png\",\"contentUrl\":\"https:\\\/\\\/www.revistarambla.com\\\/wp-content\\\/uploads\\\/2020\\\/09\\\/banner_rambla_1900x600_BB.png\",\"width\":1900,\"height\":600,\"caption\":\"Revista Rambla\"},\"image\":{\"@id\":\"https:\\\/\\\/www.revistarambla.com\\\/#\\\/schema\\\/logo\\\/image\\\/\"},\"sameAs\":[\"https:\\\/\\\/www.facebook.com\\\/revistarambla\\\/\",\"https:\\\/\\\/x.com\\\/revistarambla\",\"https:\\\/\\\/www.instagram.com\\\/revista_rambla\",\"https:\\\/\\\/es.linkedin.com\\\/company\\\/revista-rambla\"]},{\"@type\":\"Person\",\"@id\":\"https:\\\/\\\/www.revistarambla.com\\\/#\\\/schema\\\/person\\\/2d5441295a846df2e6a7c30cd7e381b8\",\"name\":\"Engracia Martin Valdunciel\",\"description\":\"Universidad de Zaragoza. Dra. de la Biblioteca de la Facultad de Ciencias Humanas y de la Educaci\u00f3n. Dra. en Ciencias de la Informaci\u00f3n y Documentaci\u00f3n.\"}]}<\/script>\n<!-- \/ Yoast SEO plugin. -->","yoast_head_json":{"title":"Gerda Lerner: conocimiento hist\u00f3rico y conciencia feminista - Revista Rambla","robots":{"index":"index","follow":"follow","max-snippet":"max-snippet:-1","max-image-preview":"max-image-preview:large","max-video-preview":"max-video-preview:-1"},"canonical":"https:\/\/www.revistarambla.com\/en\/gerda-lerner-conocimiento-historico-y-conciencia-feminista\/","og_locale":"en_GB","og_type":"article","og_title":"Gerda Lerner: conocimiento hist\u00f3rico y conciencia feminista - Revista Rambla","og_description":"Nuestra autora, Gerda Lerner (Viena, 1920 \u2013 Madison, EEUU, 2013), fue una investigadora, docente y feminista de origen austr\u00edaco que se vio forzada a emigrar a los EEUU en 1939 huyendo de la persecuci\u00f3n nazi.","og_url":"https:\/\/www.revistarambla.com\/en\/gerda-lerner-conocimiento-historico-y-conciencia-feminista\/","og_site_name":"Revista Rambla","article_publisher":"https:\/\/www.facebook.com\/revistarambla\/","article_published_time":"2023-04-03T09:40:04+00:00","article_modified_time":"2023-04-05T18:15:09+00:00","og_image":[{"width":764,"height":922,"url":"https:\/\/www.revistarambla.com\/wp-content\/uploads\/2023\/04\/Foto-Gerda-Lerner.jpg","type":"image\/jpeg"}],"author":"Engracia Martin Valdunciel","twitter_card":"summary_large_image","twitter_creator":"@revistarambla","twitter_site":"@revistarambla","twitter_misc":{"Written by":"Engracia Martin Valdunciel","Estimated reading time":"7 minutes"},"schema":{"@context":"https:\/\/schema.org","@graph":[{"@type":"Article","@id":"https:\/\/www.revistarambla.com\/gerda-lerner-conocimiento-historico-y-conciencia-feminista\/#article","isPartOf":{"@id":"https:\/\/www.revistarambla.com\/gerda-lerner-conocimiento-historico-y-conciencia-feminista\/"},"author":{"name":"Engracia Martin Valdunciel","@id":"https:\/\/www.revistarambla.com\/#\/schema\/person\/2d5441295a846df2e6a7c30cd7e381b8"},"headline":"Gerda Lerner: conocimiento hist\u00f3rico y conciencia feminista","datePublished":"2023-04-03T09:40:04+00:00","dateModified":"2023-04-05T18:15:09+00:00","mainEntityOfPage":{"@id":"https:\/\/www.revistarambla.com\/gerda-lerner-conocimiento-historico-y-conciencia-feminista\/"},"wordCount":1525,"publisher":{"@id":"https:\/\/www.revistarambla.com\/#organization"},"image":{"@id":"https:\/\/www.revistarambla.com\/gerda-lerner-conocimiento-historico-y-conciencia-feminista\/#primaryimage"},"thumbnailUrl":"https:\/\/www.revistarambla.com\/wp-content\/uploads\/2023\/04\/Foto-Gerda-Lerner.jpg","articleSection":["Historia"],"inLanguage":"en-GB"},{"@type":"WebPage","@id":"https:\/\/www.revistarambla.com\/gerda-lerner-conocimiento-historico-y-conciencia-feminista\/","url":"https:\/\/www.revistarambla.com\/gerda-lerner-conocimiento-historico-y-conciencia-feminista\/","name":"Gerda Lerner: conocimiento hist\u00f3rico y conciencia feminista - Revista Rambla","isPartOf":{"@id":"https:\/\/www.revistarambla.com\/#website"},"primaryImageOfPage":{"@id":"https:\/\/www.revistarambla.com\/gerda-lerner-conocimiento-historico-y-conciencia-feminista\/#primaryimage"},"image":{"@id":"https:\/\/www.revistarambla.com\/gerda-lerner-conocimiento-historico-y-conciencia-feminista\/#primaryimage"},"thumbnailUrl":"https:\/\/www.revistarambla.com\/wp-content\/uploads\/2023\/04\/Foto-Gerda-Lerner.jpg","datePublished":"2023-04-03T09:40:04+00:00","dateModified":"2023-04-05T18:15:09+00:00","breadcrumb":{"@id":"https:\/\/www.revistarambla.com\/gerda-lerner-conocimiento-historico-y-conciencia-feminista\/#breadcrumb"},"inLanguage":"en-GB","potentialAction":[{"@type":"ReadAction","target":["https:\/\/www.revistarambla.com\/gerda-lerner-conocimiento-historico-y-conciencia-feminista\/"]}]},{"@type":"ImageObject","inLanguage":"en-GB","@id":"https:\/\/www.revistarambla.com\/gerda-lerner-conocimiento-historico-y-conciencia-feminista\/#primaryimage","url":"https:\/\/www.revistarambla.com\/wp-content\/uploads\/2023\/04\/Foto-Gerda-Lerner.jpg","contentUrl":"https:\/\/www.revistarambla.com\/wp-content\/uploads\/2023\/04\/Foto-Gerda-Lerner.jpg","width":764,"height":922},{"@type":"BreadcrumbList","@id":"https:\/\/www.revistarambla.com\/gerda-lerner-conocimiento-historico-y-conciencia-feminista\/#breadcrumb","itemListElement":[{"@type":"ListItem","position":1,"name":"Portada","item":"https:\/\/www.revistarambla.com\/"},{"@type":"ListItem","position":2,"name":"Gerda Lerner: conocimiento hist\u00f3rico y conciencia feminista"}]},{"@type":"WebSite","@id":"https:\/\/www.revistarambla.com\/#website","url":"https:\/\/www.revistarambla.com\/","name":"Revista Rambla Barcelona","description":"Periodismo independiente","publisher":{"@id":"https:\/\/www.revistarambla.com\/#organization"},"potentialAction":[{"@type":"SearchAction","target":{"@type":"EntryPoint","urlTemplate":"https:\/\/www.revistarambla.com\/?s={search_term_string}"},"query-input":{"@type":"PropertyValueSpecification","valueRequired":true,"valueName":"search_term_string"}}],"inLanguage":"en-GB"},{"@type":"Organization","@id":"https:\/\/www.revistarambla.com\/#organization","name":"Revista Rambla","url":"https:\/\/www.revistarambla.com\/","logo":{"@type":"ImageObject","inLanguage":"en-GB","@id":"https:\/\/www.revistarambla.com\/#\/schema\/logo\/image\/","url":"https:\/\/www.revistarambla.com\/wp-content\/uploads\/2020\/09\/banner_rambla_1900x600_BB.png","contentUrl":"https:\/\/www.revistarambla.com\/wp-content\/uploads\/2020\/09\/banner_rambla_1900x600_BB.png","width":1900,"height":600,"caption":"Revista Rambla"},"image":{"@id":"https:\/\/www.revistarambla.com\/#\/schema\/logo\/image\/"},"sameAs":["https:\/\/www.facebook.com\/revistarambla\/","https:\/\/x.com\/revistarambla","https:\/\/www.instagram.com\/revista_rambla","https:\/\/es.linkedin.com\/company\/revista-rambla"]},{"@type":"Person","@id":"https:\/\/www.revistarambla.com\/#\/schema\/person\/2d5441295a846df2e6a7c30cd7e381b8","name":"Engracia Martin Valdunciel","description":"Universidad de Zaragoza. Dra. de la Biblioteca de la Facultad de Ciencias Humanas y de la Educaci\u00f3n. Dra. en Ciencias de la Informaci\u00f3n y Documentaci\u00f3n."}]}},"_links":{"self":[{"href":"https:\/\/www.revistarambla.com\/en\/wp-json\/wp\/v2\/posts\/54156","targetHints":{"allow":["GET"]}}],"collection":[{"href":"https:\/\/www.revistarambla.com\/en\/wp-json\/wp\/v2\/posts"}],"about":[{"href":"https:\/\/www.revistarambla.com\/en\/wp-json\/wp\/v2\/types\/post"}],"author":[{"embeddable":true,"href":"https:\/\/www.revistarambla.com\/en\/wp-json\/wp\/v2\/users\/349"}],"replies":[{"embeddable":true,"href":"https:\/\/www.revistarambla.com\/en\/wp-json\/wp\/v2\/comments?post=54156"}],"version-history":[{"count":3,"href":"https:\/\/www.revistarambla.com\/en\/wp-json\/wp\/v2\/posts\/54156\/revisions"}],"predecessor-version":[{"id":54162,"href":"https:\/\/www.revistarambla.com\/en\/wp-json\/wp\/v2\/posts\/54156\/revisions\/54162"}],"wp:featuredmedia":[{"embeddable":true,"href":"https:\/\/www.revistarambla.com\/en\/wp-json\/wp\/v2\/media\/54159"}],"wp:attachment":[{"href":"https:\/\/www.revistarambla.com\/en\/wp-json\/wp\/v2\/media?parent=54156"}],"wp:term":[{"taxonomy":"category","embeddable":true,"href":"https:\/\/www.revistarambla.com\/en\/wp-json\/wp\/v2\/categories?post=54156"},{"taxonomy":"post_tag","embeddable":true,"href":"https:\/\/www.revistarambla.com\/en\/wp-json\/wp\/v2\/tags?post=54156"}],"curies":[{"name":"wp","href":"https:\/\/api.w.org\/{rel}","templated":true}]}}