{"id":54049,"date":"2023-03-28T20:35:30","date_gmt":"2023-03-28T18:35:30","guid":{"rendered":"https:\/\/www.revistarambla.com\/?p=54049"},"modified":"2023-03-29T20:41:56","modified_gmt":"2023-03-29T18:41:56","slug":"una-afectada-por-pobreza-energetica-pone-contra-las-cuerdas-a-naturgy-en-su-junta-de-accionistas","status":"publish","type":"post","link":"https:\/\/www.revistarambla.com\/en\/una-afectada-por-pobreza-energetica-pone-contra-las-cuerdas-a-naturgy-en-su-junta-de-accionistas\/","title":{"rendered":"Una afectada por pobreza energ\u00e9tica pone contra las cuerdas a Naturgy en su junta de accionistas"},"content":{"rendered":"<p>Hoy ha tenido lugar la Junta General de Accionistas de Naturgy, una de las empresas energ\u00e9ticas m\u00e1s grandes y con mayores beneficios del Estado. Como hemos hecho en otras ocasiones, con esta y otras compa\u00f1\u00edas suministradoras, nos hemos presentado en este relevante encuentro anual para trasladar nuestras reivindicaciones y reclamar responsabilidades por su incuestionable papel en la perpetuaci\u00f3n de la pobreza energ\u00e9tica que sufren tantos hogares. Este a\u00f1o, no obstante, no hemos venido solas.<\/p>\n<p>En esta ocasi\u00f3n, adem\u00e1s de nuestra portavoz Maria Campuzano, ha intervenido en la junta de accionistas una persona que ha vivido en sus propias carnes las pr\u00e1cticas abusivas de Naturgy. En 2016, Mari Carmen no pod\u00eda hacerse cargo de las facturas del gas y la empresa decidi\u00f3 cortar su suministro. Ella se puso en contacto con la empresa para informar de su situaci\u00f3n de vulnerabilidad (ingresos inferiores a 400\u20ac mensuales) y denuncia que el trato que recibi\u00f3 fue vejatorio. Y si eso no fuera suficiente, Naturgy y sus empresas subcontratadas se han dedicado a acosarla durante a\u00f1os para reclamar la deuda generada por facturas impagadas.<\/p>\n<p>En la junta de accionistas, dirigi\u00e9ndose directamente al presidente de la corporaci\u00f3n Francisco Reyn\u00e9s, que no le ha dirigido la mirada en ning\u00fan momento, Mari Carmen ha expresado: \u201cSu compa\u00f1\u00eda, con la que ten\u00eda contratada la luz y el gas, me priv\u00f3 de un derecho b\u00e1sico y fundamental como es la energ\u00eda. Han sido crueles e inhumanos tanto por parte de Naturgy como por las empresas de recobros que me acosaban insistentemente para cobrar la deuda, con hasta diez llamadas diarias. Me consta que no soy la \u00fanica persona que sufre este tipo de acoso y que hay muchas familias que se ven en la necesidad de elegir entre comer o pagar las facturas. Esto lo vemos en cada asamblea de la APE.\u201d<\/p>\n<p>Por su parte, Maria Campuzano ha expuesto la necesidad de la condonaci\u00f3n de la deuda acumulada por los hogares vulnerabilizados en todo el \u00e1mbito estatal generada a ra\u00edz de la moratoria de cortes en vigor desde marzo de 2020 y prorrogada hasta diciembre de este mismo a\u00f1o: \u201cDesde la Alianza contra la Pobreza Energ\u00e9tica entendemos que, por su responsabilidad directa en la pobreza energ\u00e9tica y en base a sus multimillonarios beneficios (en el caso de Naturgy, 1.649 millones de euros en 2022), las propias compa\u00f1\u00edas deber\u00edan ser las que asumieran los impagos de los hogares vulnerabilizados.\u201d<\/p>\n<p>Adem\u00e1s, la portavoz de APE ha reclamado que Naturgy firme, en Catalunya, un convenio hom\u00f3logo al que firm\u00f3 Endesa con la Generalitat el pasado 29 de marzo de 2021, un convenio que ma\u00f1ana cumple dos a\u00f1os y que, a pesar de no haberse desplegado \u00edntegramente, ha dado muy buenos resultados, sobretodo por lo que se refiere a la condonaci\u00f3n de la deuda de familias vulnerabilizadas y haberles dado una segunda oportunidad<\/p>\n<p>Finalmente, la Plataforma C\u00edvica Luz Ya para Ca\u00f1ada Real, ha hecho menci\u00f3n tambi\u00e9n a la necesidad de reconectar de forma inmediata el suministro a la Ca\u00f1ada Real, barrio en el que llevan 900 d\u00edas sin suministro, vulnerando gravemente los derechos humanos de las m\u00e1s de 4.000 personas que lo habitan, de los cuales casi la mitad son menores.<\/p>\n<p>La respuesta por parte de la compa\u00f1\u00eda, como es habitual, ha consistido en destacar que Naturgy respeta la legalidad vigente en materia de vulnerabilidad y no ha habido un compromiso expl\u00edcito en cuando a emprender medidas ambiciosas m\u00e1s all\u00e1 de cumplir con las obligaciones que ya les corresponden. No obstante, por lo que respecta a los convenios de condonaci\u00f3n de deuda, no ha habido un no rotundo como si pareci\u00f3 en el a\u00f1o pasado. Ante la intervenci\u00f3n de Mar, tanto el Presidente Ejecutivo como el Secretario del Consejo de Administraci\u00f3n no han podido hacer m\u00e1s que pedir disculpas en nombre de la compa\u00f1\u00eda pero no se han comprometido a nada m\u00e1s. Por \u00faltimo, por lo que respecta a Ca\u00f1ada Real, no solo han tirado balones fuera, sino que incluso el Presidente Francisco Reyn\u00e9s ha criminalizado parte de sus habitantes.<\/p>","protected":false},"excerpt":{"rendered":"<p>La APE interviene en la Junta de Accionistas de Naturgy invitando a dos voces cr\u00edticas m\u00e1s: una afectada por Naturgy y la Plataforma C\u00edvica Luz Ya en la Ca\u00f1ada Real<\/p>","protected":false},"author":332,"featured_media":54050,"comment_status":"closed","ping_status":"closed","sticky":false,"template":"","format":"standard","meta":{"footnotes":""},"categories":[4079],"tags":[],"class_list":["post-54049","post","type-post","status-publish","format-standard","has-post-thumbnail","hentry","category-tribuna-libre"],"yoast_head":"<!-- This site is optimized with the Yoast SEO plugin v27.5 - https:\/\/yoast.com\/product\/yoast-seo-wordpress\/ -->\n<title>Una afectada por pobreza energ\u00e9tica pone contra las cuerdas a Naturgy en su junta de accionistas - Revista Rambla<\/title>\n<meta name=\"robots\" content=\"index, follow, max-snippet:-1, max-image-preview:large, max-video-preview:-1\" \/>\n<link rel=\"canonical\" href=\"https:\/\/www.revistarambla.com\/en\/una-afectada-por-pobreza-energetica-pone-contra-las-cuerdas-a-naturgy-en-su-junta-de-accionistas\/\" \/>\n<meta property=\"og:locale\" content=\"en_GB\" \/>\n<meta property=\"og:type\" content=\"article\" \/>\n<meta property=\"og:title\" content=\"Una afectada por pobreza energ\u00e9tica pone contra las cuerdas a Naturgy en su junta de accionistas - Revista Rambla\" \/>\n<meta property=\"og:description\" content=\"La APE interviene en la Junta de Accionistas de Naturgy invitando a dos voces cr\u00edticas m\u00e1s: una afectada por Naturgy y la Plataforma C\u00edvica Luz Ya en la Ca\u00f1ada Real\" \/>\n<meta property=\"og:url\" content=\"https:\/\/www.revistarambla.com\/en\/una-afectada-por-pobreza-energetica-pone-contra-las-cuerdas-a-naturgy-en-su-junta-de-accionistas\/\" \/>\n<meta property=\"og:site_name\" content=\"Revista Rambla\" \/>\n<meta property=\"article:publisher\" content=\"https:\/\/www.facebook.com\/revistarambla\/\" \/>\n<meta property=\"article:published_time\" content=\"2023-03-28T18:35:30+00:00\" \/>\n<meta property=\"article:modified_time\" content=\"2023-03-29T18:41:56+00:00\" \/>\n<meta property=\"og:image\" content=\"https:\/\/www.revistarambla.com\/wp-content\/uploads\/2023\/03\/DSC03604.jpg\" \/>\n\t<meta property=\"og:image:width\" content=\"1500\" \/>\n\t<meta property=\"og:image:height\" content=\"844\" \/>\n\t<meta property=\"og:image:type\" content=\"image\/jpeg\" \/>\n<meta name=\"author\" content=\"Alian\u00e7a contra la Pobresa Energ\u00e8tica\" \/>\n<meta name=\"twitter:card\" content=\"summary_large_image\" \/>\n<meta name=\"twitter:creator\" content=\"@APE_Cat\" \/>\n<meta name=\"twitter:site\" content=\"@revistarambla\" \/>\n<meta name=\"twitter:label1\" content=\"Written by\" \/>\n\t<meta name=\"twitter:data1\" content=\"Alian\u00e7a contra la Pobresa Energ\u00e8tica\" \/>\n\t<meta name=\"twitter:label2\" content=\"Estimated reading time\" \/>\n\t<meta name=\"twitter:data2\" content=\"4 minutes\" \/>\n<script type=\"application\/ld+json\" class=\"yoast-schema-graph\">{\"@context\":\"https:\\\/\\\/schema.org\",\"@graph\":[{\"@type\":\"Article\",\"@id\":\"https:\\\/\\\/www.revistarambla.com\\\/una-afectada-por-pobreza-energetica-pone-contra-las-cuerdas-a-naturgy-en-su-junta-de-accionistas\\\/#article\",\"isPartOf\":{\"@id\":\"https:\\\/\\\/www.revistarambla.com\\\/una-afectada-por-pobreza-energetica-pone-contra-las-cuerdas-a-naturgy-en-su-junta-de-accionistas\\\/\"},\"author\":{\"name\":\"Alian\u00e7a contra la Pobresa Energ\u00e8tica\",\"@id\":\"https:\\\/\\\/www.revistarambla.com\\\/#\\\/schema\\\/person\\\/81366e9d0aba95c6391a8daaba3aefa4\"},\"headline\":\"Una afectada por pobreza energ\u00e9tica pone contra las cuerdas a Naturgy en su junta de accionistas\",\"datePublished\":\"2023-03-28T18:35:30+00:00\",\"dateModified\":\"2023-03-29T18:41:56+00:00\",\"mainEntityOfPage\":{\"@id\":\"https:\\\/\\\/www.revistarambla.com\\\/una-afectada-por-pobreza-energetica-pone-contra-las-cuerdas-a-naturgy-en-su-junta-de-accionistas\\\/\"},\"wordCount\":725,\"publisher\":{\"@id\":\"https:\\\/\\\/www.revistarambla.com\\\/#organization\"},\"image\":{\"@id\":\"https:\\\/\\\/www.revistarambla.com\\\/una-afectada-por-pobreza-energetica-pone-contra-las-cuerdas-a-naturgy-en-su-junta-de-accionistas\\\/#primaryimage\"},\"thumbnailUrl\":\"https:\\\/\\\/www.revistarambla.com\\\/wp-content\\\/uploads\\\/2023\\\/03\\\/DSC03604.jpg\",\"articleSection\":[\"Tribuna Libre\"],\"inLanguage\":\"en-GB\"},{\"@type\":\"WebPage\",\"@id\":\"https:\\\/\\\/www.revistarambla.com\\\/una-afectada-por-pobreza-energetica-pone-contra-las-cuerdas-a-naturgy-en-su-junta-de-accionistas\\\/\",\"url\":\"https:\\\/\\\/www.revistarambla.com\\\/una-afectada-por-pobreza-energetica-pone-contra-las-cuerdas-a-naturgy-en-su-junta-de-accionistas\\\/\",\"name\":\"Una afectada por pobreza energ\u00e9tica pone contra las cuerdas a Naturgy en su junta de accionistas - Revista Rambla\",\"isPartOf\":{\"@id\":\"https:\\\/\\\/www.revistarambla.com\\\/#website\"},\"primaryImageOfPage\":{\"@id\":\"https:\\\/\\\/www.revistarambla.com\\\/una-afectada-por-pobreza-energetica-pone-contra-las-cuerdas-a-naturgy-en-su-junta-de-accionistas\\\/#primaryimage\"},\"image\":{\"@id\":\"https:\\\/\\\/www.revistarambla.com\\\/una-afectada-por-pobreza-energetica-pone-contra-las-cuerdas-a-naturgy-en-su-junta-de-accionistas\\\/#primaryimage\"},\"thumbnailUrl\":\"https:\\\/\\\/www.revistarambla.com\\\/wp-content\\\/uploads\\\/2023\\\/03\\\/DSC03604.jpg\",\"datePublished\":\"2023-03-28T18:35:30+00:00\",\"dateModified\":\"2023-03-29T18:41:56+00:00\",\"breadcrumb\":{\"@id\":\"https:\\\/\\\/www.revistarambla.com\\\/una-afectada-por-pobreza-energetica-pone-contra-las-cuerdas-a-naturgy-en-su-junta-de-accionistas\\\/#breadcrumb\"},\"inLanguage\":\"en-GB\",\"potentialAction\":[{\"@type\":\"ReadAction\",\"target\":[\"https:\\\/\\\/www.revistarambla.com\\\/una-afectada-por-pobreza-energetica-pone-contra-las-cuerdas-a-naturgy-en-su-junta-de-accionistas\\\/\"]}]},{\"@type\":\"ImageObject\",\"inLanguage\":\"en-GB\",\"@id\":\"https:\\\/\\\/www.revistarambla.com\\\/una-afectada-por-pobreza-energetica-pone-contra-las-cuerdas-a-naturgy-en-su-junta-de-accionistas\\\/#primaryimage\",\"url\":\"https:\\\/\\\/www.revistarambla.com\\\/wp-content\\\/uploads\\\/2023\\\/03\\\/DSC03604.jpg\",\"contentUrl\":\"https:\\\/\\\/www.revistarambla.com\\\/wp-content\\\/uploads\\\/2023\\\/03\\\/DSC03604.jpg\",\"width\":1500,\"height\":844},{\"@type\":\"BreadcrumbList\",\"@id\":\"https:\\\/\\\/www.revistarambla.com\\\/una-afectada-por-pobreza-energetica-pone-contra-las-cuerdas-a-naturgy-en-su-junta-de-accionistas\\\/#breadcrumb\",\"itemListElement\":[{\"@type\":\"ListItem\",\"position\":1,\"name\":\"Portada\",\"item\":\"https:\\\/\\\/www.revistarambla.com\\\/\"},{\"@type\":\"ListItem\",\"position\":2,\"name\":\"Una afectada por pobreza energ\u00e9tica pone contra las cuerdas a Naturgy en su junta de accionistas\"}]},{\"@type\":\"WebSite\",\"@id\":\"https:\\\/\\\/www.revistarambla.com\\\/#website\",\"url\":\"https:\\\/\\\/www.revistarambla.com\\\/\",\"name\":\"Revista Rambla Barcelona\",\"description\":\"Periodismo independiente\",\"publisher\":{\"@id\":\"https:\\\/\\\/www.revistarambla.com\\\/#organization\"},\"potentialAction\":[{\"@type\":\"SearchAction\",\"target\":{\"@type\":\"EntryPoint\",\"urlTemplate\":\"https:\\\/\\\/www.revistarambla.com\\\/?s={search_term_string}\"},\"query-input\":{\"@type\":\"PropertyValueSpecification\",\"valueRequired\":true,\"valueName\":\"search_term_string\"}}],\"inLanguage\":\"en-GB\"},{\"@type\":\"Organization\",\"@id\":\"https:\\\/\\\/www.revistarambla.com\\\/#organization\",\"name\":\"Revista Rambla\",\"url\":\"https:\\\/\\\/www.revistarambla.com\\\/\",\"logo\":{\"@type\":\"ImageObject\",\"inLanguage\":\"en-GB\",\"@id\":\"https:\\\/\\\/www.revistarambla.com\\\/#\\\/schema\\\/logo\\\/image\\\/\",\"url\":\"https:\\\/\\\/www.revistarambla.com\\\/wp-content\\\/uploads\\\/2020\\\/09\\\/banner_rambla_1900x600_BB.png\",\"contentUrl\":\"https:\\\/\\\/www.revistarambla.com\\\/wp-content\\\/uploads\\\/2020\\\/09\\\/banner_rambla_1900x600_BB.png\",\"width\":1900,\"height\":600,\"caption\":\"Revista Rambla\"},\"image\":{\"@id\":\"https:\\\/\\\/www.revistarambla.com\\\/#\\\/schema\\\/logo\\\/image\\\/\"},\"sameAs\":[\"https:\\\/\\\/www.facebook.com\\\/revistarambla\\\/\",\"https:\\\/\\\/x.com\\\/revistarambla\",\"https:\\\/\\\/www.instagram.com\\\/revista_rambla\",\"https:\\\/\\\/es.linkedin.com\\\/company\\\/revista-rambla\"]},{\"@type\":\"Person\",\"@id\":\"https:\\\/\\\/www.revistarambla.com\\\/#\\\/schema\\\/person\\\/81366e9d0aba95c6391a8daaba3aefa4\",\"name\":\"Alian\u00e7a contra la Pobresa Energ\u00e8tica\",\"description\":\"Els subministraments s\u00f3n el nostre dret. Assessoraments col\u00b7lectius, presencials i en l\u00ednia, dimecres cada 15 dies a les 17\u202fh a c\\\/Obradors, 6-8, BCN.\",\"sameAs\":[\"http:\\\/\\\/pobresaenergetica.es\\\/es\\\/\",\"https:\\\/\\\/x.com\\\/APE_Cat\"]}]}<\/script>\n<!-- \/ Yoast SEO plugin. -->","yoast_head_json":{"title":"Una afectada por pobreza energ\u00e9tica pone contra las cuerdas a Naturgy en su junta de accionistas - Revista Rambla","robots":{"index":"index","follow":"follow","max-snippet":"max-snippet:-1","max-image-preview":"max-image-preview:large","max-video-preview":"max-video-preview:-1"},"canonical":"https:\/\/www.revistarambla.com\/en\/una-afectada-por-pobreza-energetica-pone-contra-las-cuerdas-a-naturgy-en-su-junta-de-accionistas\/","og_locale":"en_GB","og_type":"article","og_title":"Una afectada por pobreza energ\u00e9tica pone contra las cuerdas a Naturgy en su junta de accionistas - Revista Rambla","og_description":"La APE interviene en la Junta de Accionistas de Naturgy invitando a dos voces cr\u00edticas m\u00e1s: una afectada por Naturgy y la Plataforma C\u00edvica Luz Ya en la Ca\u00f1ada Real","og_url":"https:\/\/www.revistarambla.com\/en\/una-afectada-por-pobreza-energetica-pone-contra-las-cuerdas-a-naturgy-en-su-junta-de-accionistas\/","og_site_name":"Revista Rambla","article_publisher":"https:\/\/www.facebook.com\/revistarambla\/","article_published_time":"2023-03-28T18:35:30+00:00","article_modified_time":"2023-03-29T18:41:56+00:00","og_image":[{"width":1500,"height":844,"url":"https:\/\/www.revistarambla.com\/wp-content\/uploads\/2023\/03\/DSC03604.jpg","type":"image\/jpeg"}],"author":"Alian\u00e7a contra la Pobresa Energ\u00e8tica","twitter_card":"summary_large_image","twitter_creator":"@APE_Cat","twitter_site":"@revistarambla","twitter_misc":{"Written by":"Alian\u00e7a contra la Pobresa Energ\u00e8tica","Estimated reading time":"4 minutes"},"schema":{"@context":"https:\/\/schema.org","@graph":[{"@type":"Article","@id":"https:\/\/www.revistarambla.com\/una-afectada-por-pobreza-energetica-pone-contra-las-cuerdas-a-naturgy-en-su-junta-de-accionistas\/#article","isPartOf":{"@id":"https:\/\/www.revistarambla.com\/una-afectada-por-pobreza-energetica-pone-contra-las-cuerdas-a-naturgy-en-su-junta-de-accionistas\/"},"author":{"name":"Alian\u00e7a contra la Pobresa Energ\u00e8tica","@id":"https:\/\/www.revistarambla.com\/#\/schema\/person\/81366e9d0aba95c6391a8daaba3aefa4"},"headline":"Una afectada por pobreza energ\u00e9tica pone contra las cuerdas a Naturgy en su junta de accionistas","datePublished":"2023-03-28T18:35:30+00:00","dateModified":"2023-03-29T18:41:56+00:00","mainEntityOfPage":{"@id":"https:\/\/www.revistarambla.com\/una-afectada-por-pobreza-energetica-pone-contra-las-cuerdas-a-naturgy-en-su-junta-de-accionistas\/"},"wordCount":725,"publisher":{"@id":"https:\/\/www.revistarambla.com\/#organization"},"image":{"@id":"https:\/\/www.revistarambla.com\/una-afectada-por-pobreza-energetica-pone-contra-las-cuerdas-a-naturgy-en-su-junta-de-accionistas\/#primaryimage"},"thumbnailUrl":"https:\/\/www.revistarambla.com\/wp-content\/uploads\/2023\/03\/DSC03604.jpg","articleSection":["Tribuna Libre"],"inLanguage":"en-GB"},{"@type":"WebPage","@id":"https:\/\/www.revistarambla.com\/una-afectada-por-pobreza-energetica-pone-contra-las-cuerdas-a-naturgy-en-su-junta-de-accionistas\/","url":"https:\/\/www.revistarambla.com\/una-afectada-por-pobreza-energetica-pone-contra-las-cuerdas-a-naturgy-en-su-junta-de-accionistas\/","name":"Una afectada por pobreza energ\u00e9tica pone contra las cuerdas a Naturgy en su junta de accionistas - Revista Rambla","isPartOf":{"@id":"https:\/\/www.revistarambla.com\/#website"},"primaryImageOfPage":{"@id":"https:\/\/www.revistarambla.com\/una-afectada-por-pobreza-energetica-pone-contra-las-cuerdas-a-naturgy-en-su-junta-de-accionistas\/#primaryimage"},"image":{"@id":"https:\/\/www.revistarambla.com\/una-afectada-por-pobreza-energetica-pone-contra-las-cuerdas-a-naturgy-en-su-junta-de-accionistas\/#primaryimage"},"thumbnailUrl":"https:\/\/www.revistarambla.com\/wp-content\/uploads\/2023\/03\/DSC03604.jpg","datePublished":"2023-03-28T18:35:30+00:00","dateModified":"2023-03-29T18:41:56+00:00","breadcrumb":{"@id":"https:\/\/www.revistarambla.com\/una-afectada-por-pobreza-energetica-pone-contra-las-cuerdas-a-naturgy-en-su-junta-de-accionistas\/#breadcrumb"},"inLanguage":"en-GB","potentialAction":[{"@type":"ReadAction","target":["https:\/\/www.revistarambla.com\/una-afectada-por-pobreza-energetica-pone-contra-las-cuerdas-a-naturgy-en-su-junta-de-accionistas\/"]}]},{"@type":"ImageObject","inLanguage":"en-GB","@id":"https:\/\/www.revistarambla.com\/una-afectada-por-pobreza-energetica-pone-contra-las-cuerdas-a-naturgy-en-su-junta-de-accionistas\/#primaryimage","url":"https:\/\/www.revistarambla.com\/wp-content\/uploads\/2023\/03\/DSC03604.jpg","contentUrl":"https:\/\/www.revistarambla.com\/wp-content\/uploads\/2023\/03\/DSC03604.jpg","width":1500,"height":844},{"@type":"BreadcrumbList","@id":"https:\/\/www.revistarambla.com\/una-afectada-por-pobreza-energetica-pone-contra-las-cuerdas-a-naturgy-en-su-junta-de-accionistas\/#breadcrumb","itemListElement":[{"@type":"ListItem","position":1,"name":"Portada","item":"https:\/\/www.revistarambla.com\/"},{"@type":"ListItem","position":2,"name":"Una afectada por pobreza energ\u00e9tica pone contra las cuerdas a Naturgy en su junta de accionistas"}]},{"@type":"WebSite","@id":"https:\/\/www.revistarambla.com\/#website","url":"https:\/\/www.revistarambla.com\/","name":"Revista Rambla Barcelona","description":"Periodismo independiente","publisher":{"@id":"https:\/\/www.revistarambla.com\/#organization"},"potentialAction":[{"@type":"SearchAction","target":{"@type":"EntryPoint","urlTemplate":"https:\/\/www.revistarambla.com\/?s={search_term_string}"},"query-input":{"@type":"PropertyValueSpecification","valueRequired":true,"valueName":"search_term_string"}}],"inLanguage":"en-GB"},{"@type":"Organization","@id":"https:\/\/www.revistarambla.com\/#organization","name":"Revista Rambla","url":"https:\/\/www.revistarambla.com\/","logo":{"@type":"ImageObject","inLanguage":"en-GB","@id":"https:\/\/www.revistarambla.com\/#\/schema\/logo\/image\/","url":"https:\/\/www.revistarambla.com\/wp-content\/uploads\/2020\/09\/banner_rambla_1900x600_BB.png","contentUrl":"https:\/\/www.revistarambla.com\/wp-content\/uploads\/2020\/09\/banner_rambla_1900x600_BB.png","width":1900,"height":600,"caption":"Revista Rambla"},"image":{"@id":"https:\/\/www.revistarambla.com\/#\/schema\/logo\/image\/"},"sameAs":["https:\/\/www.facebook.com\/revistarambla\/","https:\/\/x.com\/revistarambla","https:\/\/www.instagram.com\/revista_rambla","https:\/\/es.linkedin.com\/company\/revista-rambla"]},{"@type":"Person","@id":"https:\/\/www.revistarambla.com\/#\/schema\/person\/81366e9d0aba95c6391a8daaba3aefa4","name":"Alian\u00e7a contra la Pobresa Energ\u00e8tica","description":"Els subministraments s\u00f3n el nostre dret. Assessoraments col\u00b7lectius, presencials i en l\u00ednia, dimecres cada 15 dies a les 17\u202fh a c\/Obradors, 6-8, BCN.","sameAs":["http:\/\/pobresaenergetica.es\/es\/","https:\/\/x.com\/APE_Cat"]}]}},"_links":{"self":[{"href":"https:\/\/www.revistarambla.com\/en\/wp-json\/wp\/v2\/posts\/54049","targetHints":{"allow":["GET"]}}],"collection":[{"href":"https:\/\/www.revistarambla.com\/en\/wp-json\/wp\/v2\/posts"}],"about":[{"href":"https:\/\/www.revistarambla.com\/en\/wp-json\/wp\/v2\/types\/post"}],"author":[{"embeddable":true,"href":"https:\/\/www.revistarambla.com\/en\/wp-json\/wp\/v2\/users\/332"}],"replies":[{"embeddable":true,"href":"https:\/\/www.revistarambla.com\/en\/wp-json\/wp\/v2\/comments?post=54049"}],"version-history":[{"count":1,"href":"https:\/\/www.revistarambla.com\/en\/wp-json\/wp\/v2\/posts\/54049\/revisions"}],"predecessor-version":[{"id":54051,"href":"https:\/\/www.revistarambla.com\/en\/wp-json\/wp\/v2\/posts\/54049\/revisions\/54051"}],"wp:featuredmedia":[{"embeddable":true,"href":"https:\/\/www.revistarambla.com\/en\/wp-json\/wp\/v2\/media\/54050"}],"wp:attachment":[{"href":"https:\/\/www.revistarambla.com\/en\/wp-json\/wp\/v2\/media?parent=54049"}],"wp:term":[{"taxonomy":"category","embeddable":true,"href":"https:\/\/www.revistarambla.com\/en\/wp-json\/wp\/v2\/categories?post=54049"},{"taxonomy":"post_tag","embeddable":true,"href":"https:\/\/www.revistarambla.com\/en\/wp-json\/wp\/v2\/tags?post=54049"}],"curies":[{"name":"wp","href":"https:\/\/api.w.org\/{rel}","templated":true}]}}