{"id":53773,"date":"2023-03-16T20:45:19","date_gmt":"2023-03-16T19:45:19","guid":{"rendered":"https:\/\/www.revistarambla.com\/?p=53773"},"modified":"2023-03-16T20:45:19","modified_gmt":"2023-03-16T19:45:19","slug":"la-magia-negra-del-recibo-de-la-luz","status":"publish","type":"post","link":"https:\/\/www.revistarambla.com\/en\/la-magia-negra-del-recibo-de-la-luz\/","title":{"rendered":"La \u00abmagia negra\u00bb del recibo de la luz"},"content":{"rendered":"<p>All\u00e1 por enero 2021, les comentaba en la COLUMNA titulada: \u201cLOS CUENTOS DE LAS MIL Y UNA NOCHES TRASLADADOS AL RECIBO DE LA ELECTRICIDAD\u201d, esa especie de mezcla entre la fantas\u00eda persa junto al misterio que encierran las mu\u00f1ecas rusas llamadas: \u201cMatroska\u201d, en cuanto a desconocer el n\u00famero de ellas, encerradas unas dentro de otras.<\/p>\n<p>Sin inquinas, pero dos Pa\u00edses representados que se las traen\u2026\u2026.<\/p>\n<p>Siguieron otras tales como: A UN PASO DE LA PALMATORIA, etc. a medida que se vislumbraban los acontecimientos.<\/p>\n<p>No hemos dejado en ning\u00fan momento de aludir a que nos hemos vestido como esquimales en nuestro propio domicilio, aumentado edredones o mantas en el lecho, \u00fanica forma de combatir no s\u00f3lo el duro invierno, sino los precios de las el\u00e9ctricas.<\/p>\n<p>Hay que llamar a esto: \u00bfResiliencia a la carta?<\/p>\n<p>Naturalmente, pues dentro de no muchas semanas, tendremos que someter de nuevo a examen nuestros bolsillos y enfrentarnos al est\u00edo con sus interminables noches.<\/p>\n<p>Se\u00f1ala la CNMC su intervenci\u00f3n sobre cuatro compa\u00f1\u00edas actuantes sin autorizaci\u00f3n por cambios de contratos sin consentimiento.<\/p>\n<p>Contin\u00faa imp\u00e1vido en comprensi\u00f3n e indefensi\u00f3n el usuario a la hora de entender y conocer las realidades de la facturaci\u00f3n, resultando imposible su seguimiento.<\/p>\n<p>Dos clases de Tarifas, diversidad de franjas de car\u00e1cter econ\u00f3mico, una de ellas, (PVPC) o mercado regulado con aleatorios e inesperados cambios de horarios, que hacen muy dif\u00edcil el seguimiento al usuario, y entre otros, levantarse a altas horas de la madrugada con molestias de ruidos de lavadora y\/o secadora a terceros, todo lo cual conlleva a cierto grado de paroxismo.<\/p>\n<p>En la pr\u00e1ctica supone, desde el d\u00eda anterior, estar pendiente del tobog\u00e1n de precios que regir\u00e1n de inmediato, con escasa garant\u00eda de continuidad y precios dif\u00edcilmente acomodables para el uso dom\u00e9stico.<\/p>\n<p>Y, cuando el ama de casa se encuentra m\u00e1s confiada en la tarifa \u201cfin de semana\u201d, \u00a1zas!, surge de forma inesperada otra nueva con un precio superior que precede a otros inferiores, los cual suponemos, asegura en apariencia una media de facturaci\u00f3n de inter\u00e9s, para las El\u00e9ctricas, continuando en esta especie de ruleta rusa que supone el sistema para las econom\u00edas de hogar.<\/p>\n<p>Seg\u00fan FACUA, y LA RAZ\u00d3N, la factura el\u00e9ctrica anual del usuario medio, con tarifa semi regulada, ascendi\u00f3 en 2.022, a 1.539 euros, un 38% m\u00e1s que en 2021, siendo la media mensual de 105.00 euros.<\/p>\n<p>Finalmente, OCU asevera en la factura media de un hogar durante febrero 2023, tuvo un incremento de 20.08 euros hasta 76,72, con respecto a enero del mismo a\u00f1o, lo cual obliga a vigilar su recorrido en los pr\u00f3ximos meses.<\/p>\n<p>Moraleja, empedrado recorrido que nos espera en a\u00f1o electoral, tambi\u00e9n vol\u00e1til, al igual que las tarifas el\u00e9ctricas<\/p>","protected":false},"excerpt":{"rendered":"<p>Se mantiene el IPC estrat\u00e9gico al 6% y sigue subiendo el precio de los alimentos<\/p>","protected":false},"author":305,"featured_media":46258,"comment_status":"closed","ping_status":"closed","sticky":false,"template":"","format":"standard","meta":{"footnotes":""},"categories":[72],"tags":[],"class_list":["post-53773","post","type-post","status-publish","format-standard","has-post-thumbnail","hentry","category-opinion"],"yoast_head":"<!-- This site is optimized with the Yoast SEO plugin v27.5 - https:\/\/yoast.com\/product\/yoast-seo-wordpress\/ -->\n<title>La &quot;magia negra&quot; del recibo de la luz - Revista Rambla<\/title>\n<meta name=\"robots\" content=\"index, follow, max-snippet:-1, max-image-preview:large, max-video-preview:-1\" \/>\n<link rel=\"canonical\" href=\"https:\/\/www.revistarambla.com\/en\/la-magia-negra-del-recibo-de-la-luz\/\" \/>\n<meta property=\"og:locale\" content=\"en_GB\" \/>\n<meta property=\"og:type\" content=\"article\" \/>\n<meta property=\"og:title\" content=\"La &quot;magia negra&quot; del recibo de la luz - Revista Rambla\" \/>\n<meta property=\"og:description\" content=\"Se mantiene el IPC estrat\u00e9gico al 6% y sigue subiendo el precio de los alimentos\" \/>\n<meta property=\"og:url\" content=\"https:\/\/www.revistarambla.com\/en\/la-magia-negra-del-recibo-de-la-luz\/\" \/>\n<meta property=\"og:site_name\" content=\"Revista Rambla\" \/>\n<meta property=\"article:publisher\" content=\"https:\/\/www.facebook.com\/revistarambla\/\" \/>\n<meta property=\"article:published_time\" content=\"2023-03-16T19:45:19+00:00\" \/>\n<meta property=\"og:image\" content=\"https:\/\/www.revistarambla.com\/wp-content\/uploads\/2022\/09\/corte-luz-velas-energia-gas.jpg\" \/>\n\t<meta property=\"og:image:width\" content=\"746\" \/>\n\t<meta property=\"og:image:height\" content=\"399\" \/>\n\t<meta property=\"og:image:type\" content=\"image\/jpeg\" \/>\n<meta name=\"author\" content=\"Jes\u00fas Antonio Rodr\u00edguez Morilla\" \/>\n<meta name=\"twitter:card\" content=\"summary_large_image\" \/>\n<meta name=\"twitter:creator\" content=\"@revistarambla\" \/>\n<meta name=\"twitter:site\" content=\"@revistarambla\" \/>\n<meta name=\"twitter:label1\" content=\"Written by\" \/>\n\t<meta name=\"twitter:data1\" content=\"Jes\u00fas Antonio Rodr\u00edguez Morilla\" \/>\n\t<meta name=\"twitter:label2\" content=\"Estimated reading time\" \/>\n\t<meta name=\"twitter:data2\" content=\"3 minutes\" \/>\n<script type=\"application\/ld+json\" class=\"yoast-schema-graph\">{\"@context\":\"https:\\\/\\\/schema.org\",\"@graph\":[{\"@type\":\"Article\",\"@id\":\"https:\\\/\\\/www.revistarambla.com\\\/la-magia-negra-del-recibo-de-la-luz\\\/#article\",\"isPartOf\":{\"@id\":\"https:\\\/\\\/www.revistarambla.com\\\/la-magia-negra-del-recibo-de-la-luz\\\/\"},\"author\":{\"name\":\"Jes\u00fas Antonio Rodr\u00edguez Morilla\",\"@id\":\"https:\\\/\\\/www.revistarambla.com\\\/#\\\/schema\\\/person\\\/eace802346abd966cd3ecb763f255a0a\"},\"headline\":\"La \u00abmagia negra\u00bb del recibo de la luz\",\"datePublished\":\"2023-03-16T19:45:19+00:00\",\"mainEntityOfPage\":{\"@id\":\"https:\\\/\\\/www.revistarambla.com\\\/la-magia-negra-del-recibo-de-la-luz\\\/\"},\"wordCount\":486,\"publisher\":{\"@id\":\"https:\\\/\\\/www.revistarambla.com\\\/#organization\"},\"image\":{\"@id\":\"https:\\\/\\\/www.revistarambla.com\\\/la-magia-negra-del-recibo-de-la-luz\\\/#primaryimage\"},\"thumbnailUrl\":\"https:\\\/\\\/www.revistarambla.com\\\/wp-content\\\/uploads\\\/2022\\\/09\\\/corte-luz-velas-energia-gas.jpg\",\"articleSection\":[\"Opiniones\"],\"inLanguage\":\"en-GB\"},{\"@type\":\"WebPage\",\"@id\":\"https:\\\/\\\/www.revistarambla.com\\\/la-magia-negra-del-recibo-de-la-luz\\\/\",\"url\":\"https:\\\/\\\/www.revistarambla.com\\\/la-magia-negra-del-recibo-de-la-luz\\\/\",\"name\":\"La \\\"magia negra\\\" del recibo de la luz - Revista Rambla\",\"isPartOf\":{\"@id\":\"https:\\\/\\\/www.revistarambla.com\\\/#website\"},\"primaryImageOfPage\":{\"@id\":\"https:\\\/\\\/www.revistarambla.com\\\/la-magia-negra-del-recibo-de-la-luz\\\/#primaryimage\"},\"image\":{\"@id\":\"https:\\\/\\\/www.revistarambla.com\\\/la-magia-negra-del-recibo-de-la-luz\\\/#primaryimage\"},\"thumbnailUrl\":\"https:\\\/\\\/www.revistarambla.com\\\/wp-content\\\/uploads\\\/2022\\\/09\\\/corte-luz-velas-energia-gas.jpg\",\"datePublished\":\"2023-03-16T19:45:19+00:00\",\"breadcrumb\":{\"@id\":\"https:\\\/\\\/www.revistarambla.com\\\/la-magia-negra-del-recibo-de-la-luz\\\/#breadcrumb\"},\"inLanguage\":\"en-GB\",\"potentialAction\":[{\"@type\":\"ReadAction\",\"target\":[\"https:\\\/\\\/www.revistarambla.com\\\/la-magia-negra-del-recibo-de-la-luz\\\/\"]}]},{\"@type\":\"ImageObject\",\"inLanguage\":\"en-GB\",\"@id\":\"https:\\\/\\\/www.revistarambla.com\\\/la-magia-negra-del-recibo-de-la-luz\\\/#primaryimage\",\"url\":\"https:\\\/\\\/www.revistarambla.com\\\/wp-content\\\/uploads\\\/2022\\\/09\\\/corte-luz-velas-energia-gas.jpg\",\"contentUrl\":\"https:\\\/\\\/www.revistarambla.com\\\/wp-content\\\/uploads\\\/2022\\\/09\\\/corte-luz-velas-energia-gas.jpg\",\"width\":746,\"height\":399,\"caption\":\"factura de la luz\"},{\"@type\":\"BreadcrumbList\",\"@id\":\"https:\\\/\\\/www.revistarambla.com\\\/la-magia-negra-del-recibo-de-la-luz\\\/#breadcrumb\",\"itemListElement\":[{\"@type\":\"ListItem\",\"position\":1,\"name\":\"Portada\",\"item\":\"https:\\\/\\\/www.revistarambla.com\\\/\"},{\"@type\":\"ListItem\",\"position\":2,\"name\":\"La &#8220;magia negra&#8221; del recibo de la luz\"}]},{\"@type\":\"WebSite\",\"@id\":\"https:\\\/\\\/www.revistarambla.com\\\/#website\",\"url\":\"https:\\\/\\\/www.revistarambla.com\\\/\",\"name\":\"Revista Rambla Barcelona\",\"description\":\"Periodismo independiente\",\"publisher\":{\"@id\":\"https:\\\/\\\/www.revistarambla.com\\\/#organization\"},\"potentialAction\":[{\"@type\":\"SearchAction\",\"target\":{\"@type\":\"EntryPoint\",\"urlTemplate\":\"https:\\\/\\\/www.revistarambla.com\\\/?s={search_term_string}\"},\"query-input\":{\"@type\":\"PropertyValueSpecification\",\"valueRequired\":true,\"valueName\":\"search_term_string\"}}],\"inLanguage\":\"en-GB\"},{\"@type\":\"Organization\",\"@id\":\"https:\\\/\\\/www.revistarambla.com\\\/#organization\",\"name\":\"Revista Rambla\",\"url\":\"https:\\\/\\\/www.revistarambla.com\\\/\",\"logo\":{\"@type\":\"ImageObject\",\"inLanguage\":\"en-GB\",\"@id\":\"https:\\\/\\\/www.revistarambla.com\\\/#\\\/schema\\\/logo\\\/image\\\/\",\"url\":\"https:\\\/\\\/www.revistarambla.com\\\/wp-content\\\/uploads\\\/2020\\\/09\\\/banner_rambla_1900x600_BB.png\",\"contentUrl\":\"https:\\\/\\\/www.revistarambla.com\\\/wp-content\\\/uploads\\\/2020\\\/09\\\/banner_rambla_1900x600_BB.png\",\"width\":1900,\"height\":600,\"caption\":\"Revista Rambla\"},\"image\":{\"@id\":\"https:\\\/\\\/www.revistarambla.com\\\/#\\\/schema\\\/logo\\\/image\\\/\"},\"sameAs\":[\"https:\\\/\\\/www.facebook.com\\\/revistarambla\\\/\",\"https:\\\/\\\/x.com\\\/revistarambla\",\"https:\\\/\\\/www.instagram.com\\\/revista_rambla\",\"https:\\\/\\\/es.linkedin.com\\\/company\\\/revista-rambla\"]},{\"@type\":\"Person\",\"@id\":\"https:\\\/\\\/www.revistarambla.com\\\/#\\\/schema\\\/person\\\/eace802346abd966cd3ecb763f255a0a\",\"name\":\"Jes\u00fas Antonio Rodr\u00edguez Morilla\",\"description\":\"Doctor en Derecho por la U.C.M. (Cum Laude). Licenciado en Derecho. Licenciado en Ciencias Pol\u00edticas. Caballero de M\u00e9rito de la Real Orden (Noruega).\",\"sameAs\":[\"https:\\\/\\\/www.modificadosobraspublicas.com\"]}]}<\/script>\n<!-- \/ Yoast SEO plugin. -->","yoast_head_json":{"title":"La \"magia negra\" del recibo de la luz - Revista Rambla","robots":{"index":"index","follow":"follow","max-snippet":"max-snippet:-1","max-image-preview":"max-image-preview:large","max-video-preview":"max-video-preview:-1"},"canonical":"https:\/\/www.revistarambla.com\/en\/la-magia-negra-del-recibo-de-la-luz\/","og_locale":"en_GB","og_type":"article","og_title":"La \"magia negra\" del recibo de la luz - Revista Rambla","og_description":"Se mantiene el IPC estrat\u00e9gico al 6% y sigue subiendo el precio de los alimentos","og_url":"https:\/\/www.revistarambla.com\/en\/la-magia-negra-del-recibo-de-la-luz\/","og_site_name":"Revista Rambla","article_publisher":"https:\/\/www.facebook.com\/revistarambla\/","article_published_time":"2023-03-16T19:45:19+00:00","og_image":[{"width":746,"height":399,"url":"https:\/\/www.revistarambla.com\/wp-content\/uploads\/2022\/09\/corte-luz-velas-energia-gas.jpg","type":"image\/jpeg"}],"author":"Jes\u00fas Antonio Rodr\u00edguez Morilla","twitter_card":"summary_large_image","twitter_creator":"@revistarambla","twitter_site":"@revistarambla","twitter_misc":{"Written by":"Jes\u00fas Antonio Rodr\u00edguez Morilla","Estimated reading time":"3 minutes"},"schema":{"@context":"https:\/\/schema.org","@graph":[{"@type":"Article","@id":"https:\/\/www.revistarambla.com\/la-magia-negra-del-recibo-de-la-luz\/#article","isPartOf":{"@id":"https:\/\/www.revistarambla.com\/la-magia-negra-del-recibo-de-la-luz\/"},"author":{"name":"Jes\u00fas Antonio Rodr\u00edguez Morilla","@id":"https:\/\/www.revistarambla.com\/#\/schema\/person\/eace802346abd966cd3ecb763f255a0a"},"headline":"La \u00abmagia negra\u00bb del recibo de la luz","datePublished":"2023-03-16T19:45:19+00:00","mainEntityOfPage":{"@id":"https:\/\/www.revistarambla.com\/la-magia-negra-del-recibo-de-la-luz\/"},"wordCount":486,"publisher":{"@id":"https:\/\/www.revistarambla.com\/#organization"},"image":{"@id":"https:\/\/www.revistarambla.com\/la-magia-negra-del-recibo-de-la-luz\/#primaryimage"},"thumbnailUrl":"https:\/\/www.revistarambla.com\/wp-content\/uploads\/2022\/09\/corte-luz-velas-energia-gas.jpg","articleSection":["Opiniones"],"inLanguage":"en-GB"},{"@type":"WebPage","@id":"https:\/\/www.revistarambla.com\/la-magia-negra-del-recibo-de-la-luz\/","url":"https:\/\/www.revistarambla.com\/la-magia-negra-del-recibo-de-la-luz\/","name":"La \"magia negra\" del recibo de la luz - Revista Rambla","isPartOf":{"@id":"https:\/\/www.revistarambla.com\/#website"},"primaryImageOfPage":{"@id":"https:\/\/www.revistarambla.com\/la-magia-negra-del-recibo-de-la-luz\/#primaryimage"},"image":{"@id":"https:\/\/www.revistarambla.com\/la-magia-negra-del-recibo-de-la-luz\/#primaryimage"},"thumbnailUrl":"https:\/\/www.revistarambla.com\/wp-content\/uploads\/2022\/09\/corte-luz-velas-energia-gas.jpg","datePublished":"2023-03-16T19:45:19+00:00","breadcrumb":{"@id":"https:\/\/www.revistarambla.com\/la-magia-negra-del-recibo-de-la-luz\/#breadcrumb"},"inLanguage":"en-GB","potentialAction":[{"@type":"ReadAction","target":["https:\/\/www.revistarambla.com\/la-magia-negra-del-recibo-de-la-luz\/"]}]},{"@type":"ImageObject","inLanguage":"en-GB","@id":"https:\/\/www.revistarambla.com\/la-magia-negra-del-recibo-de-la-luz\/#primaryimage","url":"https:\/\/www.revistarambla.com\/wp-content\/uploads\/2022\/09\/corte-luz-velas-energia-gas.jpg","contentUrl":"https:\/\/www.revistarambla.com\/wp-content\/uploads\/2022\/09\/corte-luz-velas-energia-gas.jpg","width":746,"height":399,"caption":"factura de la luz"},{"@type":"BreadcrumbList","@id":"https:\/\/www.revistarambla.com\/la-magia-negra-del-recibo-de-la-luz\/#breadcrumb","itemListElement":[{"@type":"ListItem","position":1,"name":"Portada","item":"https:\/\/www.revistarambla.com\/"},{"@type":"ListItem","position":2,"name":"La &#8220;magia negra&#8221; del recibo de la luz"}]},{"@type":"WebSite","@id":"https:\/\/www.revistarambla.com\/#website","url":"https:\/\/www.revistarambla.com\/","name":"Revista Rambla Barcelona","description":"Periodismo independiente","publisher":{"@id":"https:\/\/www.revistarambla.com\/#organization"},"potentialAction":[{"@type":"SearchAction","target":{"@type":"EntryPoint","urlTemplate":"https:\/\/www.revistarambla.com\/?s={search_term_string}"},"query-input":{"@type":"PropertyValueSpecification","valueRequired":true,"valueName":"search_term_string"}}],"inLanguage":"en-GB"},{"@type":"Organization","@id":"https:\/\/www.revistarambla.com\/#organization","name":"Revista Rambla","url":"https:\/\/www.revistarambla.com\/","logo":{"@type":"ImageObject","inLanguage":"en-GB","@id":"https:\/\/www.revistarambla.com\/#\/schema\/logo\/image\/","url":"https:\/\/www.revistarambla.com\/wp-content\/uploads\/2020\/09\/banner_rambla_1900x600_BB.png","contentUrl":"https:\/\/www.revistarambla.com\/wp-content\/uploads\/2020\/09\/banner_rambla_1900x600_BB.png","width":1900,"height":600,"caption":"Revista Rambla"},"image":{"@id":"https:\/\/www.revistarambla.com\/#\/schema\/logo\/image\/"},"sameAs":["https:\/\/www.facebook.com\/revistarambla\/","https:\/\/x.com\/revistarambla","https:\/\/www.instagram.com\/revista_rambla","https:\/\/es.linkedin.com\/company\/revista-rambla"]},{"@type":"Person","@id":"https:\/\/www.revistarambla.com\/#\/schema\/person\/eace802346abd966cd3ecb763f255a0a","name":"Jes\u00fas Antonio Rodr\u00edguez Morilla","description":"Doctor en Derecho por la U.C.M. (Cum Laude). Licenciado en Derecho. Licenciado en Ciencias Pol\u00edticas. Caballero de M\u00e9rito de la Real Orden (Noruega).","sameAs":["https:\/\/www.modificadosobraspublicas.com"]}]}},"_links":{"self":[{"href":"https:\/\/www.revistarambla.com\/en\/wp-json\/wp\/v2\/posts\/53773","targetHints":{"allow":["GET"]}}],"collection":[{"href":"https:\/\/www.revistarambla.com\/en\/wp-json\/wp\/v2\/posts"}],"about":[{"href":"https:\/\/www.revistarambla.com\/en\/wp-json\/wp\/v2\/types\/post"}],"author":[{"embeddable":true,"href":"https:\/\/www.revistarambla.com\/en\/wp-json\/wp\/v2\/users\/305"}],"replies":[{"embeddable":true,"href":"https:\/\/www.revistarambla.com\/en\/wp-json\/wp\/v2\/comments?post=53773"}],"version-history":[{"count":1,"href":"https:\/\/www.revistarambla.com\/en\/wp-json\/wp\/v2\/posts\/53773\/revisions"}],"predecessor-version":[{"id":53774,"href":"https:\/\/www.revistarambla.com\/en\/wp-json\/wp\/v2\/posts\/53773\/revisions\/53774"}],"wp:featuredmedia":[{"embeddable":true,"href":"https:\/\/www.revistarambla.com\/en\/wp-json\/wp\/v2\/media\/46258"}],"wp:attachment":[{"href":"https:\/\/www.revistarambla.com\/en\/wp-json\/wp\/v2\/media?parent=53773"}],"wp:term":[{"taxonomy":"category","embeddable":true,"href":"https:\/\/www.revistarambla.com\/en\/wp-json\/wp\/v2\/categories?post=53773"},{"taxonomy":"post_tag","embeddable":true,"href":"https:\/\/www.revistarambla.com\/en\/wp-json\/wp\/v2\/tags?post=53773"}],"curies":[{"name":"wp","href":"https:\/\/api.w.org\/{rel}","templated":true}]}}