{"id":53613,"date":"2023-03-10T13:17:59","date_gmt":"2023-03-10T12:17:59","guid":{"rendered":"https:\/\/www.revistarambla.com\/?p=53613"},"modified":"2024-03-01T20:59:25","modified_gmt":"2024-03-01T19:59:25","slug":"ser-viejo","status":"publish","type":"post","link":"https:\/\/www.revistarambla.com\/en\/ser-viejo\/","title":{"rendered":"Ser viejo [en defensa de Pasqual Maragall]"},"content":{"rendered":"<p>La aparici\u00f3n de unos carteles junto a las sedes de ERC en Barcelona en los que se pide \u00abfuera el Alzheimer de Barcelona\u00bb, con las fotos de Pasqual Maragall<!--more--> (afectado por la enfermedad) y su hermano Ernest, alcaldable republicano, son el ejemplo m\u00e1s claro de que la barbarie sigue enquistada en la civilizaci\u00f3n. Las personas que los han ideado -que ya est\u00e1n siendo investigadas- quiz\u00e1s no se han planteado que en unos a\u00f1os sean ellos los que empiecen a perder la memoria, convirti\u00e9ndose en un cuerpo azotado por el olvido. Y seguramente querr\u00e1n, que cuando llegue ese momento, no estar solos.<\/p>\n<p>Tambi\u00e9n cabr\u00eda preguntarse que hubiese ocurrido si en esos carteles se hubiese colgado la frase \u00abfuera el SIDA de Barcelona\u00bb, con una imagen, por ejemplo, de Jaime Gil de Biedma. Seguramente, la presi\u00f3n medi\u00e1tica hubiese sido mayor, porque las personas con Alzheimer, la gente mayor en general, no son un lobby con la fuerza necesaria para influir en la pol\u00edtica o en la sociedad.<\/p>\n<p>Si perdemos el respeto a las personas enfermas, a las personas mayores, o vulneramos los derechos de ni\u00f1os, mujeres u hombres, nos convertimos en una sociedad in\u00fatil, malvada, incapaz de progresar. Ante esto, lo mejor es que recordemos aquel poema del maestro Joan Margarit:<\/p>\n<p><em><strong>Ser viejo<\/strong><\/em><\/p>\n<p><em>Entre las sombras de los gallos<\/em><br \/>\n<em>y los perros de patios y corrales<\/em><br \/>\n<em>de Sana\u00fcja, se abre un agujero<\/em><br \/>\n<em>que se llena con tiempo perdido y lluvia sucia<\/em><br \/>\n<em>cuando los ni\u00f1os van hacia la muerte.<\/em><br \/>\n<em>Ser viejo es una especie de posguerra.<\/em><br \/>\n<em>Sentados a la mesa en la cocina,<\/em><br \/>\n<em>limpiando las lentejas<\/em><br \/>\n<em>en los anocheceres de brasero,<\/em><br \/>\n<em>veo a los que me amaron.<\/em><br \/>\n<em>Tan pobres que al final de aquella guerra<\/em><br \/>\n<em>tuvieron que vender el miserable<\/em><br \/>\n<em>vi\u00f1edo y aquel fr\u00edo caser\u00f3n.<\/em><br \/>\n<em>Ser viejo es que la guerra ha terminado.<\/em><br \/>\n<em>Es saber d\u00f3nde est\u00e1n los refugios, hoy in\u00fatiles.<\/em><\/p>","protected":false},"excerpt":{"rendered":"<p>Aparecen carteles burl\u00e1ndose del exalcalde de Barcelona por padecer Alzheimer<\/p>","protected":false},"author":3,"featured_media":53614,"comment_status":"closed","ping_status":"closed","sticky":false,"template":"","format":"standard","meta":{"footnotes":""},"categories":[76],"tags":[],"class_list":["post-53613","post","type-post","status-publish","format-standard","has-post-thumbnail","hentry","category-barcelona"],"yoast_head":"<!-- This site is optimized with the Yoast SEO plugin v27.5 - https:\/\/yoast.com\/product\/yoast-seo-wordpress\/ -->\n<title>Ser viejo [en defensa de Pasqual Maragall] - Revista Rambla<\/title>\n<meta name=\"robots\" content=\"index, follow, max-snippet:-1, max-image-preview:large, max-video-preview:-1\" \/>\n<link rel=\"canonical\" href=\"https:\/\/www.revistarambla.com\/en\/ser-viejo\/\" \/>\n<meta property=\"og:locale\" content=\"en_GB\" \/>\n<meta property=\"og:type\" content=\"article\" \/>\n<meta property=\"og:title\" content=\"Ser viejo [en defensa de Pasqual Maragall] - Revista Rambla\" \/>\n<meta property=\"og:description\" content=\"Aparecen carteles burl\u00e1ndose del exalcalde de Barcelona por padecer Alzheimer\" \/>\n<meta property=\"og:url\" content=\"https:\/\/www.revistarambla.com\/en\/ser-viejo\/\" \/>\n<meta property=\"og:site_name\" content=\"Revista Rambla\" \/>\n<meta property=\"article:publisher\" content=\"https:\/\/www.facebook.com\/revistarambla\/\" \/>\n<meta property=\"article:author\" content=\"https:\/\/www.facebook.com\/revistarambla\" \/>\n<meta property=\"article:published_time\" content=\"2023-03-10T12:17:59+00:00\" \/>\n<meta property=\"article:modified_time\" content=\"2024-03-01T19:59:25+00:00\" \/>\n<meta property=\"og:image\" content=\"https:\/\/www.revistarambla.com\/wp-content\/uploads\/2023\/03\/Maragall-Alzheimer.jpg\" \/>\n\t<meta property=\"og:image:width\" content=\"1280\" \/>\n\t<meta property=\"og:image:height\" content=\"720\" \/>\n\t<meta property=\"og:image:type\" content=\"image\/jpeg\" \/>\n<meta name=\"author\" content=\"R@mbla\" \/>\n<meta name=\"twitter:card\" content=\"summary_large_image\" \/>\n<meta name=\"twitter:creator\" content=\"@revistarambla\" \/>\n<meta name=\"twitter:site\" content=\"@revistarambla\" \/>\n<meta name=\"twitter:label1\" content=\"Written by\" \/>\n\t<meta name=\"twitter:data1\" content=\"R@mbla\" \/>\n\t<meta name=\"twitter:label2\" content=\"Estimated reading time\" \/>\n\t<meta name=\"twitter:data2\" content=\"2 minutes\" \/>\n<script type=\"application\/ld+json\" class=\"yoast-schema-graph\">{\"@context\":\"https:\\\/\\\/schema.org\",\"@graph\":[{\"@type\":\"Article\",\"@id\":\"https:\\\/\\\/www.revistarambla.com\\\/ser-viejo\\\/#article\",\"isPartOf\":{\"@id\":\"https:\\\/\\\/www.revistarambla.com\\\/ser-viejo\\\/\"},\"author\":{\"name\":\"R@mbla\",\"@id\":\"https:\\\/\\\/www.revistarambla.com\\\/#\\\/schema\\\/person\\\/a146a5a2550b94981a75131180e1bd9c\"},\"headline\":\"Ser viejo [en defensa de Pasqual Maragall]\",\"datePublished\":\"2023-03-10T12:17:59+00:00\",\"dateModified\":\"2024-03-01T19:59:25+00:00\",\"mainEntityOfPage\":{\"@id\":\"https:\\\/\\\/www.revistarambla.com\\\/ser-viejo\\\/\"},\"wordCount\":338,\"publisher\":{\"@id\":\"https:\\\/\\\/www.revistarambla.com\\\/#organization\"},\"image\":{\"@id\":\"https:\\\/\\\/www.revistarambla.com\\\/ser-viejo\\\/#primaryimage\"},\"thumbnailUrl\":\"https:\\\/\\\/www.revistarambla.com\\\/wp-content\\\/uploads\\\/2023\\\/03\\\/Maragall-Alzheimer.jpg\",\"articleSection\":[\"Barcelona\"],\"inLanguage\":\"en-GB\"},{\"@type\":\"WebPage\",\"@id\":\"https:\\\/\\\/www.revistarambla.com\\\/ser-viejo\\\/\",\"url\":\"https:\\\/\\\/www.revistarambla.com\\\/ser-viejo\\\/\",\"name\":\"Ser viejo [en defensa de Pasqual Maragall] - Revista Rambla\",\"isPartOf\":{\"@id\":\"https:\\\/\\\/www.revistarambla.com\\\/#website\"},\"primaryImageOfPage\":{\"@id\":\"https:\\\/\\\/www.revistarambla.com\\\/ser-viejo\\\/#primaryimage\"},\"image\":{\"@id\":\"https:\\\/\\\/www.revistarambla.com\\\/ser-viejo\\\/#primaryimage\"},\"thumbnailUrl\":\"https:\\\/\\\/www.revistarambla.com\\\/wp-content\\\/uploads\\\/2023\\\/03\\\/Maragall-Alzheimer.jpg\",\"datePublished\":\"2023-03-10T12:17:59+00:00\",\"dateModified\":\"2024-03-01T19:59:25+00:00\",\"breadcrumb\":{\"@id\":\"https:\\\/\\\/www.revistarambla.com\\\/ser-viejo\\\/#breadcrumb\"},\"inLanguage\":\"en-GB\",\"potentialAction\":[{\"@type\":\"ReadAction\",\"target\":[\"https:\\\/\\\/www.revistarambla.com\\\/ser-viejo\\\/\"]}]},{\"@type\":\"ImageObject\",\"inLanguage\":\"en-GB\",\"@id\":\"https:\\\/\\\/www.revistarambla.com\\\/ser-viejo\\\/#primaryimage\",\"url\":\"https:\\\/\\\/www.revistarambla.com\\\/wp-content\\\/uploads\\\/2023\\\/03\\\/Maragall-Alzheimer.jpg\",\"contentUrl\":\"https:\\\/\\\/www.revistarambla.com\\\/wp-content\\\/uploads\\\/2023\\\/03\\\/Maragall-Alzheimer.jpg\",\"width\":1280,\"height\":720},{\"@type\":\"BreadcrumbList\",\"@id\":\"https:\\\/\\\/www.revistarambla.com\\\/ser-viejo\\\/#breadcrumb\",\"itemListElement\":[{\"@type\":\"ListItem\",\"position\":1,\"name\":\"Portada\",\"item\":\"https:\\\/\\\/www.revistarambla.com\\\/\"},{\"@type\":\"ListItem\",\"position\":2,\"name\":\"Ser viejo [en defensa de Pasqual Maragall]\"}]},{\"@type\":\"WebSite\",\"@id\":\"https:\\\/\\\/www.revistarambla.com\\\/#website\",\"url\":\"https:\\\/\\\/www.revistarambla.com\\\/\",\"name\":\"Revista Rambla Barcelona\",\"description\":\"Periodismo independiente\",\"publisher\":{\"@id\":\"https:\\\/\\\/www.revistarambla.com\\\/#organization\"},\"potentialAction\":[{\"@type\":\"SearchAction\",\"target\":{\"@type\":\"EntryPoint\",\"urlTemplate\":\"https:\\\/\\\/www.revistarambla.com\\\/?s={search_term_string}\"},\"query-input\":{\"@type\":\"PropertyValueSpecification\",\"valueRequired\":true,\"valueName\":\"search_term_string\"}}],\"inLanguage\":\"en-GB\"},{\"@type\":\"Organization\",\"@id\":\"https:\\\/\\\/www.revistarambla.com\\\/#organization\",\"name\":\"Revista Rambla\",\"url\":\"https:\\\/\\\/www.revistarambla.com\\\/\",\"logo\":{\"@type\":\"ImageObject\",\"inLanguage\":\"en-GB\",\"@id\":\"https:\\\/\\\/www.revistarambla.com\\\/#\\\/schema\\\/logo\\\/image\\\/\",\"url\":\"https:\\\/\\\/www.revistarambla.com\\\/wp-content\\\/uploads\\\/2020\\\/09\\\/banner_rambla_1900x600_BB.png\",\"contentUrl\":\"https:\\\/\\\/www.revistarambla.com\\\/wp-content\\\/uploads\\\/2020\\\/09\\\/banner_rambla_1900x600_BB.png\",\"width\":1900,\"height\":600,\"caption\":\"Revista Rambla\"},\"image\":{\"@id\":\"https:\\\/\\\/www.revistarambla.com\\\/#\\\/schema\\\/logo\\\/image\\\/\"},\"sameAs\":[\"https:\\\/\\\/www.facebook.com\\\/revistarambla\\\/\",\"https:\\\/\\\/x.com\\\/revistarambla\",\"https:\\\/\\\/www.instagram.com\\\/revista_rambla\",\"https:\\\/\\\/es.linkedin.com\\\/company\\\/revista-rambla\"]},{\"@type\":\"Person\",\"@id\":\"https:\\\/\\\/www.revistarambla.com\\\/#\\\/schema\\\/person\\\/a146a5a2550b94981a75131180e1bd9c\",\"name\":\"R@mbla\",\"description\":\"Este art\u00edculo ha sido redactado y\\\/o validado por el equipo de redacci\u00f3n de Revista Rambla.\",\"sameAs\":[\"https:\\\/\\\/www.revistarambla.com\\\/\",\"https:\\\/\\\/www.facebook.com\\\/revistarambla\",\"https:\\\/\\\/x.com\\\/revistarambla\"]}]}<\/script>\n<!-- \/ Yoast SEO plugin. -->","yoast_head_json":{"title":"Ser viejo [en defensa de Pasqual Maragall] - Revista Rambla","robots":{"index":"index","follow":"follow","max-snippet":"max-snippet:-1","max-image-preview":"max-image-preview:large","max-video-preview":"max-video-preview:-1"},"canonical":"https:\/\/www.revistarambla.com\/en\/ser-viejo\/","og_locale":"en_GB","og_type":"article","og_title":"Ser viejo [en defensa de Pasqual Maragall] - Revista Rambla","og_description":"Aparecen carteles burl\u00e1ndose del exalcalde de Barcelona por padecer Alzheimer","og_url":"https:\/\/www.revistarambla.com\/en\/ser-viejo\/","og_site_name":"Revista Rambla","article_publisher":"https:\/\/www.facebook.com\/revistarambla\/","article_author":"https:\/\/www.facebook.com\/revistarambla","article_published_time":"2023-03-10T12:17:59+00:00","article_modified_time":"2024-03-01T19:59:25+00:00","og_image":[{"width":1280,"height":720,"url":"https:\/\/www.revistarambla.com\/wp-content\/uploads\/2023\/03\/Maragall-Alzheimer.jpg","type":"image\/jpeg"}],"author":"R@mbla","twitter_card":"summary_large_image","twitter_creator":"@revistarambla","twitter_site":"@revistarambla","twitter_misc":{"Written by":"R@mbla","Estimated reading time":"2 minutes"},"schema":{"@context":"https:\/\/schema.org","@graph":[{"@type":"Article","@id":"https:\/\/www.revistarambla.com\/ser-viejo\/#article","isPartOf":{"@id":"https:\/\/www.revistarambla.com\/ser-viejo\/"},"author":{"name":"R@mbla","@id":"https:\/\/www.revistarambla.com\/#\/schema\/person\/a146a5a2550b94981a75131180e1bd9c"},"headline":"Ser viejo [en defensa de Pasqual Maragall]","datePublished":"2023-03-10T12:17:59+00:00","dateModified":"2024-03-01T19:59:25+00:00","mainEntityOfPage":{"@id":"https:\/\/www.revistarambla.com\/ser-viejo\/"},"wordCount":338,"publisher":{"@id":"https:\/\/www.revistarambla.com\/#organization"},"image":{"@id":"https:\/\/www.revistarambla.com\/ser-viejo\/#primaryimage"},"thumbnailUrl":"https:\/\/www.revistarambla.com\/wp-content\/uploads\/2023\/03\/Maragall-Alzheimer.jpg","articleSection":["Barcelona"],"inLanguage":"en-GB"},{"@type":"WebPage","@id":"https:\/\/www.revistarambla.com\/ser-viejo\/","url":"https:\/\/www.revistarambla.com\/ser-viejo\/","name":"Ser viejo [en defensa de Pasqual Maragall] - Revista Rambla","isPartOf":{"@id":"https:\/\/www.revistarambla.com\/#website"},"primaryImageOfPage":{"@id":"https:\/\/www.revistarambla.com\/ser-viejo\/#primaryimage"},"image":{"@id":"https:\/\/www.revistarambla.com\/ser-viejo\/#primaryimage"},"thumbnailUrl":"https:\/\/www.revistarambla.com\/wp-content\/uploads\/2023\/03\/Maragall-Alzheimer.jpg","datePublished":"2023-03-10T12:17:59+00:00","dateModified":"2024-03-01T19:59:25+00:00","breadcrumb":{"@id":"https:\/\/www.revistarambla.com\/ser-viejo\/#breadcrumb"},"inLanguage":"en-GB","potentialAction":[{"@type":"ReadAction","target":["https:\/\/www.revistarambla.com\/ser-viejo\/"]}]},{"@type":"ImageObject","inLanguage":"en-GB","@id":"https:\/\/www.revistarambla.com\/ser-viejo\/#primaryimage","url":"https:\/\/www.revistarambla.com\/wp-content\/uploads\/2023\/03\/Maragall-Alzheimer.jpg","contentUrl":"https:\/\/www.revistarambla.com\/wp-content\/uploads\/2023\/03\/Maragall-Alzheimer.jpg","width":1280,"height":720},{"@type":"BreadcrumbList","@id":"https:\/\/www.revistarambla.com\/ser-viejo\/#breadcrumb","itemListElement":[{"@type":"ListItem","position":1,"name":"Portada","item":"https:\/\/www.revistarambla.com\/"},{"@type":"ListItem","position":2,"name":"Ser viejo [en defensa de Pasqual Maragall]"}]},{"@type":"WebSite","@id":"https:\/\/www.revistarambla.com\/#website","url":"https:\/\/www.revistarambla.com\/","name":"Revista Rambla Barcelona","description":"Periodismo independiente","publisher":{"@id":"https:\/\/www.revistarambla.com\/#organization"},"potentialAction":[{"@type":"SearchAction","target":{"@type":"EntryPoint","urlTemplate":"https:\/\/www.revistarambla.com\/?s={search_term_string}"},"query-input":{"@type":"PropertyValueSpecification","valueRequired":true,"valueName":"search_term_string"}}],"inLanguage":"en-GB"},{"@type":"Organization","@id":"https:\/\/www.revistarambla.com\/#organization","name":"Revista Rambla","url":"https:\/\/www.revistarambla.com\/","logo":{"@type":"ImageObject","inLanguage":"en-GB","@id":"https:\/\/www.revistarambla.com\/#\/schema\/logo\/image\/","url":"https:\/\/www.revistarambla.com\/wp-content\/uploads\/2020\/09\/banner_rambla_1900x600_BB.png","contentUrl":"https:\/\/www.revistarambla.com\/wp-content\/uploads\/2020\/09\/banner_rambla_1900x600_BB.png","width":1900,"height":600,"caption":"Revista Rambla"},"image":{"@id":"https:\/\/www.revistarambla.com\/#\/schema\/logo\/image\/"},"sameAs":["https:\/\/www.facebook.com\/revistarambla\/","https:\/\/x.com\/revistarambla","https:\/\/www.instagram.com\/revista_rambla","https:\/\/es.linkedin.com\/company\/revista-rambla"]},{"@type":"Person","@id":"https:\/\/www.revistarambla.com\/#\/schema\/person\/a146a5a2550b94981a75131180e1bd9c","name":"R@mbla","description":"Este art\u00edculo ha sido redactado y\/o validado por el equipo de redacci\u00f3n de Revista Rambla.","sameAs":["https:\/\/www.revistarambla.com\/","https:\/\/www.facebook.com\/revistarambla","https:\/\/x.com\/revistarambla"]}]}},"_links":{"self":[{"href":"https:\/\/www.revistarambla.com\/en\/wp-json\/wp\/v2\/posts\/53613","targetHints":{"allow":["GET"]}}],"collection":[{"href":"https:\/\/www.revistarambla.com\/en\/wp-json\/wp\/v2\/posts"}],"about":[{"href":"https:\/\/www.revistarambla.com\/en\/wp-json\/wp\/v2\/types\/post"}],"author":[{"embeddable":true,"href":"https:\/\/www.revistarambla.com\/en\/wp-json\/wp\/v2\/users\/3"}],"replies":[{"embeddable":true,"href":"https:\/\/www.revistarambla.com\/en\/wp-json\/wp\/v2\/comments?post=53613"}],"version-history":[{"count":6,"href":"https:\/\/www.revistarambla.com\/en\/wp-json\/wp\/v2\/posts\/53613\/revisions"}],"predecessor-version":[{"id":53620,"href":"https:\/\/www.revistarambla.com\/en\/wp-json\/wp\/v2\/posts\/53613\/revisions\/53620"}],"wp:featuredmedia":[{"embeddable":true,"href":"https:\/\/www.revistarambla.com\/en\/wp-json\/wp\/v2\/media\/53614"}],"wp:attachment":[{"href":"https:\/\/www.revistarambla.com\/en\/wp-json\/wp\/v2\/media?parent=53613"}],"wp:term":[{"taxonomy":"category","embeddable":true,"href":"https:\/\/www.revistarambla.com\/en\/wp-json\/wp\/v2\/categories?post=53613"},{"taxonomy":"post_tag","embeddable":true,"href":"https:\/\/www.revistarambla.com\/en\/wp-json\/wp\/v2\/tags?post=53613"}],"curies":[{"name":"wp","href":"https:\/\/api.w.org\/{rel}","templated":true}]}}