{"id":53549,"date":"2023-03-08T18:26:12","date_gmt":"2023-03-08T17:26:12","guid":{"rendered":"https:\/\/www.revistarambla.com\/?p=53549"},"modified":"2023-03-08T18:35:18","modified_gmt":"2023-03-08T17:35:18","slug":"para-que-sirve-un-intelectual-entrevista-con-roland-barthes","status":"publish","type":"post","link":"https:\/\/www.revistarambla.com\/en\/para-que-sirve-un-intelectual-entrevista-con-roland-barthes\/","title":{"rendered":"\u00ab\u00bfPara qu\u00e9 sirve un intelectual?\u00bb, entrevista con Roland Barthes"},"content":{"rendered":"<p>El cinco de mayo de 1977, la genuina revista <em>Triunfo<\/em> publicaba una magistral entrevista al te\u00f3rico franc\u00e9s Roland Barthes, a cargo de Bernad-Neri L\u00e9vy. Tres a\u00f1os despu\u00e9s, el pensador morir\u00eda atropellado por una furgoneta en la calle \u00c9coles, frente a la Soborna de Par\u00eds. Su \u00faltimo libro, <em>La Chambre claire<\/em> (La c\u00e1mara l\u00facida), sobre la fotograf\u00eda, hab\u00eda salido pocos d\u00edas antes. Reproducimos a continuaci\u00f3n la entrevista \u00edntegra.<\/p>\n<h2>\u00bfPara qu\u00e9 sirve un intelectual?<\/h2>\n<h3>Entrevista con Roland Barthes, a cargo de Bernad-Neri L\u00e9vy<\/h3>\n<p>Padre del estructuralismo y de la semiolog\u00eda literaria, Roland Barthes acaba de ingresar en el Colegio de Francia, despu\u00e9s de Michel Foucault y Pierre Boulez. Con <em>El grado cero de la escritura<\/em> y <em>Mitolog\u00edas<\/em>, Roland Barthes se afirmaba ya en los a\u00f1os cincuenta como uno de los pensadores m\u00e1s originales de la generaci\u00f3n que sucedi\u00f3 en Francia a la de Satre y Camus. Comentador de Brecht y en especial de los cl\u00e1sicos -Michelet, Sade, Fourier, Balzac, e incluso de Pierre Louys-, Barthes ha descubierto nuevos m\u00e9todos de explicaci\u00f3n literaria y filos\u00f3fica que han hecho escuela. Profesor desde hace a\u00f1os en la Escuela de Altos Estudios, Barthes se confesaba a Bernard-Neri L\u00e9vy en el momento en que se dispon\u00eda a pronunciar la lecci\u00f3n inaugural de la c\u00e1tedra de Semiolog\u00eda Literaria que le ha sido concedida.<\/p>\n<p><img decoding=\"async\" class=\"aligncenter wp-image-53552 size-full\" src=\"https:\/\/www.revistarambla.com\/wp-content\/uploads\/2023\/03\/roland-barthes.jpg\" alt=\"\" width=\"1280\" height=\"927\" srcset=\"https:\/\/www.revistarambla.com\/wp-content\/uploads\/2023\/03\/roland-barthes.jpg 1280w, https:\/\/www.revistarambla.com\/wp-content\/uploads\/2023\/03\/roland-barthes-504x365.jpg 504w, https:\/\/www.revistarambla.com\/wp-content\/uploads\/2023\/03\/roland-barthes-840x608.jpg 840w, https:\/\/www.revistarambla.com\/wp-content\/uploads\/2023\/03\/roland-barthes-768x556.jpg 768w, https:\/\/www.revistarambla.com\/wp-content\/uploads\/2023\/03\/roland-barthes-18x12.jpg 18w\" sizes=\"(max-width: 1280px) 100vw, 1280px\" \/><\/p>\n<p><strong>Se le ve a usted muy poco, Roland Barthes, y tampoco se le escucha con frecuencia. Aparte de sus libros, no se sabe nada de usted&#8230;<\/strong><\/p>\n<p><strong>Roland Barthes.-<\/strong> Supongamos que lo que usted dice sea cierto: en tal caso ser\u00e1 porque no me gustan demasiado las entrevistas. En ellas me siento acorralado por dos peligros: o bien se enuncian posiciones de modo impersonal, con lo que se da la impresi\u00f3n de que uno se toma a s\u00ed mismo por un &#8216;pensador&#8217;, o se habla en primera persona, lo que significa exponerse a la acusaci\u00f3n de &#8216;eg\u00f3latra&#8217;.<\/p>\n<p><strong>Sin embargo, usted habla de su propia persona en un libro reciente. Prolijo en lo que respecta a su infancia y adolescencia, mantiene usted, sin embargo, una extra\u00f1a reserva en relaci\u00f3n con relaci\u00f3n al Barthes de la madurez, al hombre que ha llegado al campo de la escritura y ha alcanzado la notoriedad&#8230;<\/strong><\/p>\n<p><strong>R.B.-<\/strong> Es que, como todo el mundo, me imagino, recuerdo muy bien mi infancia y mi juventud, conozco las fechas y los hitos de esas etapas de mi vida. Curiosamente, sin embargo, soy incapaz de situar en el tiempo, de fechar, lo que ocurri\u00f3 despu\u00e9s. Es como si solo tuviese memoria del origen, como si la adolescencia constituyese el tiempo ejemplar y \u00fanico de la memoria. S\u00ed, eso es, pasada la adolescencia, veo mi vida como un inmenso presente imposible de recordar, de situar en perspectiva.<\/p>\n<p><strong>Lo que significa, literalmente, que usted carece de &#8216;biograf\u00eda&#8217;&#8230;<\/strong><\/p>\n<p><strong>R.B.-<\/strong> Carezco de biograf\u00eda. O m\u00e1s exactamente, desde el momento en que escrib\u00ed la primera l\u00ednea, ya no consigo imaginarme, fijarme a m\u00ed mismo en im\u00e1genes.<\/p>\n<p><strong>Eso explica la ausencia en su <em>Roland Barthes par lui-m\u00e9me<\/em> de fotograf\u00edas correspondientes a su etapa adulta.<\/strong><\/p>\n<p><strong>R.B.-<\/strong> No es solo que no las haya en el libro, sino que apenas si tengo fotograf\u00edas de esa etapa de mi vida. El libro del que usted habla est\u00e1 dividido por una l\u00ednea inflexible. Yo no cuento nada de mi juventud; esa juventud la he fijado en fotograf\u00edas, porque se trata propiamente de la edad, del tiempo de la memoria, de las im\u00e1genes. Despu\u00e9s, por el contrario, ya no recurro a las im\u00e1genes porque no tengo ninguna, porque todo pasa por la escritura.<\/p>\n<p><strong>Este corte es tambi\u00e9n el de la enfermedad. Son, en cualquier caso, contempor\u00e1neos&#8230;<\/strong><\/p>\n<p><strong>R.B.-<\/strong> No hay que hablar de &#8216;enfermedad&#8217; por lo que a m\u00ed se refiere, sino claramente de &#8216;tuberculosis&#8217;. Porque en aquel entonces, antes de la quimioterapia, la tuberculosis era un aut\u00e9ntico g\u00e9nero de vida, un modo de existencia, yo dir\u00eda casi que una lecci\u00f3n. Uno pod\u00eda incluso a llegar imaginar una conversi\u00f3n a este tipo de vida, un poco a la manera de Hans Castorp de <em>La Monta\u00f1a M\u00e1gica<\/em> de Thomas Mann&#8230; Un tuberculoso pod\u00eda contemplar muy seriamente, y yo mismo lo he hecho, la idea de pasarse toda una vida en el sanatorio o dedicarse a una profesi\u00f3n para-sanatorial&#8230;<\/p>\n<p><strong>\u00bfUna vida fuera del tiempo? \u00bfSustra\u00edda a los azares del tiempo?<\/strong><\/p>\n<p><strong>R.B.-<\/strong> Digamos, al menos, un tiempo de vida que no deja de tener cierta relaci\u00f3n con la idea mon\u00e1stica. El sabor de una vida met\u00f3dica, sujeta estrictamente a un horario, como en un monasterio. Fen\u00f3meno preocupante que me persigue todav\u00eda hoy, y al que pienso referirme este a\u00f1o en mi curso en el Colegio de Francia.<\/p>\n<p><strong>Se habla siempre de la enfermedad como algo que mutila, que obstaculiza, que amputa. Rara vez de lo positivo que aporta incluso en la pr\u00e1ctica de la escritura&#8230;<\/strong><\/p>\n<p><strong>R.B.-<\/strong> Efectivamente. Por lo que a m\u00ed respecta no me cost\u00f3 demasiado sufrir esos cinco o seis a\u00f1os de retiro del mundo: sin duda, por mi car\u00e1cter, estaba dispuesto a la &#8216;interioridad&#8217;, al ejercicio solitario de la lectura. \u00bfQu\u00e9 me han aportado esos a\u00f1os? Una forma de cultura, seguramente. La experiencia de un &#8216;vivir juntos&#8217; que se caracteriza por una excitaci\u00f3n intensa de las amistades, la seguridad de tener amigos cerca de uno todo el tiempo, de no estar nunca separado de ellos. Y tambi\u00e9n, mucho m\u00e1s tarde, ese sentimiento extra\u00f1o de tener siempre cinco o seis a\u00f1os m\u00e1s de los que tengo en realidad.<\/p>\n<p><strong>\u00bfUsted escrib\u00eda?<\/strong><\/p>\n<p><strong>R.B.-<\/strong> Le\u00eda much\u00edsimo. Fue, por ejemplo, durante mi segunda estancia en el sanatorio cuando le\u00ed toda la obra de Michelet. Comocontrapartida, apenas escrib\u00eda. Me limit\u00e9 a escribir dos art\u00edculos, uno sobre el <em>Diario<\/em>, de Gide, y otro entorno a <em>El extranjero<\/em>, de Camus, de donde luego saldr\u00eda <em>El grado cero de la escritura<\/em>.<\/p>\n<p><strong>\u00bfConoci\u00f3 usted a Gide?<\/strong><\/p>\n<p><strong>R.B.-<\/strong> No llegu\u00e9 a conocerle. Una vez le vi de lejos en la cervecer\u00eda Lutetia: estaba comiendo una pera mientras le\u00eda un libro. No le conoc\u00eda, pero como para muchos adolescentes de aquella \u00e9poca, hab\u00eda mil datos que hac\u00edan que nos interes\u00e1bamos por \u00e9l.<\/p>\n<p><strong>\u00bfPor ejemplo?<\/strong><\/p>\n<p><strong>R.B.-<\/strong> Era protestante. Tocaba el piano. Hablaba de deseo. Escrib\u00eda.<\/p>\n<p><strong>\u00bfQu\u00e9 significa para usted ser protestante?<\/strong><\/p>\n<p><strong>R.B.-<\/strong> Es dif\u00edcil responder. Porque cuando hay vac\u00edo de fe, no queda ya m\u00e1s que la huella, la imagen. Y la imagen la tienen los dem\u00e1s. Son ellos los que deben decir si &#8216;parezco&#8217; protestante.<\/p>\n<p><strong>Lo que le quiero preguntar es: \u00bfQu\u00e9 ha obtenido usted del protestantismo en su aprendizaje?<\/strong><\/p>\n<p><strong>R.B.-<\/strong> Podr\u00eda decir todo lo m\u00e1s, y con la m\u00e1xima prudencia, que una adolescencia protestante puede transmitirle a uno un cierto gusto o una cierta perversi\u00f3n de la interioridad, del lenguaje interior, el que utiliza cada cual en su conversaci\u00f3n consigo mismo. Ser protestante, adem\u00e1s, conviene no olvidarlo, es no tener la menor idea de lo que es un sacerdote o una f\u00f3rmula&#8230; Pero eso les corresponde analizarlo a los soci\u00f3logos de las mentalidades, si es que el protestantismo franc\u00e9s les sigue interesando.<\/p>\n<p><strong>A usted se le llama con preferencia &#8216;hedonista&#8217;. \u00bfSe trata de alg\u00fan malentendido?<\/strong><\/p>\n<p><strong>R.B.-<\/strong> El hedonismo es &#8216;malo&#8217;. Est\u00e1 mal visto. Mal entendido. \u00a1Incre\u00edble lo que de peyorativo puede tener esa palabra! Nadie, nadie en el mundo, ninguna filosof\u00eda, ninguna doctrina, se atreve a asumirlo. Es una palabra &#8216;obscena&#8217;.<\/p>\n<p><strong>Pero, \u00bfy usted? \u00bfLo asume?<\/strong><\/p>\n<p><strong>R.B.-<\/strong> Tal vez fuera mejor encontrar una palabra nueva. Porque si el hedonismo es una filosof\u00eda, los textos en que se basa son de una fragilidad extraordinaria. No hay textos. Apenas existe una tradici\u00f3n. Es muy dif\u00edcil situarse all\u00ed donde los textos tiene consistencia y la tradici\u00f3n es pr\u00e1cticamente inexistente.<\/p>\n<p><strong>Pero est\u00e1 el epicure\u00edsmo.<\/strong><\/p>\n<p><strong>R.B.-<\/strong> S\u00ed, pero fue censurado hace ya tanto tiempo&#8230;<\/p>\n<p><strong>Usted tiene una &#8216;moral&#8217;&#8230;<\/strong><\/p>\n<p><strong>R.B.-<\/strong> Digamos que una moral de la relaci\u00f3n afectiva. Pero nada puede decir al respecto de tantas cosas que tendr\u00eda realmente que decir. Como dice un proverbio chino: \u00abEl lugar m\u00e1s oscuro est\u00e1 siempre debajo de la l\u00e1mpara\u00bb.<\/p>","protected":false},"excerpt":{"rendered":"<p>El cinco de mayo de 1977, la genuina revista Triunfo publicaba una magistral entrevista al te\u00f3rico franc\u00e9s Roland Barthes, a cargo de Bernad-Neri L\u00e9vy. Tres a\u00f1os despu\u00e9s, el pensador morir\u00eda atropellado por una furgoneta en la calle \u00c9coles, frente a la Soborna de Par\u00eds. Su \u00faltimo libro, La Chambre claire [&hellip;]<\/p>\n","protected":false},"author":3,"featured_media":53554,"comment_status":"closed","ping_status":"closed","sticky":false,"template":"","format":"standard","meta":{"footnotes":""},"categories":[90],"tags":[],"class_list":["post-53549","post","type-post","status-publish","format-standard","has-post-thumbnail","hentry","category-entrevistas-personajes-historicos"],"yoast_head":"<!-- This site is optimized with the Yoast SEO plugin v27.5 - https:\/\/yoast.com\/product\/yoast-seo-wordpress\/ -->\n<title>&quot;\u00bfPara qu\u00e9 sirve un intelectual?&quot;, entrevista con Roland Barthes - Revista Rambla<\/title>\n<meta name=\"robots\" content=\"index, follow, max-snippet:-1, max-image-preview:large, max-video-preview:-1\" \/>\n<link rel=\"canonical\" href=\"https:\/\/www.revistarambla.com\/en\/para-que-sirve-un-intelectual-entrevista-con-roland-barthes\/\" \/>\n<meta property=\"og:locale\" content=\"en_GB\" \/>\n<meta property=\"og:type\" content=\"article\" \/>\n<meta property=\"og:title\" content=\"&quot;\u00bfPara qu\u00e9 sirve un intelectual?&quot;, entrevista con Roland Barthes - Revista Rambla\" \/>\n<meta property=\"og:description\" content=\"El cinco de mayo de 1977, la genuina revista Triunfo publicaba una magistral entrevista al te\u00f3rico franc\u00e9s Roland Barthes, a cargo de Bernad-Neri L\u00e9vy. Tres a\u00f1os despu\u00e9s, el pensador morir\u00eda atropellado por una furgoneta en la calle \u00c9coles, frente a la Soborna de Par\u00eds. Su \u00faltimo libro, La Chambre claire [&hellip;]\" \/>\n<meta property=\"og:url\" content=\"https:\/\/www.revistarambla.com\/en\/para-que-sirve-un-intelectual-entrevista-con-roland-barthes\/\" \/>\n<meta property=\"og:site_name\" content=\"Revista Rambla\" \/>\n<meta property=\"article:publisher\" content=\"https:\/\/www.facebook.com\/revistarambla\/\" \/>\n<meta property=\"article:author\" content=\"https:\/\/www.facebook.com\/revistarambla\" \/>\n<meta property=\"article:published_time\" content=\"2023-03-08T17:26:12+00:00\" \/>\n<meta property=\"article:modified_time\" content=\"2023-03-08T17:35:18+00:00\" \/>\n<meta property=\"og:image\" content=\"https:\/\/www.revistarambla.com\/wp-content\/uploads\/2023\/03\/roland-barthes-1.jpg\" \/>\n\t<meta property=\"og:image:width\" content=\"684\" \/>\n\t<meta property=\"og:image:height\" content=\"927\" \/>\n\t<meta property=\"og:image:type\" content=\"image\/jpeg\" \/>\n<meta name=\"author\" content=\"R@mbla\" \/>\n<meta name=\"twitter:card\" content=\"summary_large_image\" \/>\n<meta name=\"twitter:creator\" content=\"@revistarambla\" \/>\n<meta name=\"twitter:site\" content=\"@revistarambla\" \/>\n<meta name=\"twitter:label1\" content=\"Written by\" \/>\n\t<meta name=\"twitter:data1\" content=\"R@mbla\" \/>\n\t<meta name=\"twitter:label2\" content=\"Estimated reading time\" \/>\n\t<meta name=\"twitter:data2\" content=\"7 minutes\" \/>\n<script type=\"application\/ld+json\" class=\"yoast-schema-graph\">{\"@context\":\"https:\\\/\\\/schema.org\",\"@graph\":[{\"@type\":\"Article\",\"@id\":\"https:\\\/\\\/www.revistarambla.com\\\/para-que-sirve-un-intelectual-entrevista-con-roland-barthes\\\/#article\",\"isPartOf\":{\"@id\":\"https:\\\/\\\/www.revistarambla.com\\\/para-que-sirve-un-intelectual-entrevista-con-roland-barthes\\\/\"},\"author\":{\"name\":\"R@mbla\",\"@id\":\"https:\\\/\\\/www.revistarambla.com\\\/#\\\/schema\\\/person\\\/a146a5a2550b94981a75131180e1bd9c\"},\"headline\":\"\u00ab\u00bfPara qu\u00e9 sirve un intelectual?\u00bb, entrevista con Roland Barthes\",\"datePublished\":\"2023-03-08T17:26:12+00:00\",\"dateModified\":\"2023-03-08T17:35:18+00:00\",\"mainEntityOfPage\":{\"@id\":\"https:\\\/\\\/www.revistarambla.com\\\/para-que-sirve-un-intelectual-entrevista-con-roland-barthes\\\/\"},\"wordCount\":1469,\"publisher\":{\"@id\":\"https:\\\/\\\/www.revistarambla.com\\\/#organization\"},\"image\":{\"@id\":\"https:\\\/\\\/www.revistarambla.com\\\/para-que-sirve-un-intelectual-entrevista-con-roland-barthes\\\/#primaryimage\"},\"thumbnailUrl\":\"https:\\\/\\\/www.revistarambla.com\\\/wp-content\\\/uploads\\\/2023\\\/03\\\/roland-barthes-1.jpg\",\"articleSection\":[\"Entrevistas en B&amp;N\"],\"inLanguage\":\"en-GB\"},{\"@type\":\"WebPage\",\"@id\":\"https:\\\/\\\/www.revistarambla.com\\\/para-que-sirve-un-intelectual-entrevista-con-roland-barthes\\\/\",\"url\":\"https:\\\/\\\/www.revistarambla.com\\\/para-que-sirve-un-intelectual-entrevista-con-roland-barthes\\\/\",\"name\":\"\\\"\u00bfPara qu\u00e9 sirve un intelectual?\\\", entrevista con Roland Barthes - Revista Rambla\",\"isPartOf\":{\"@id\":\"https:\\\/\\\/www.revistarambla.com\\\/#website\"},\"primaryImageOfPage\":{\"@id\":\"https:\\\/\\\/www.revistarambla.com\\\/para-que-sirve-un-intelectual-entrevista-con-roland-barthes\\\/#primaryimage\"},\"image\":{\"@id\":\"https:\\\/\\\/www.revistarambla.com\\\/para-que-sirve-un-intelectual-entrevista-con-roland-barthes\\\/#primaryimage\"},\"thumbnailUrl\":\"https:\\\/\\\/www.revistarambla.com\\\/wp-content\\\/uploads\\\/2023\\\/03\\\/roland-barthes-1.jpg\",\"datePublished\":\"2023-03-08T17:26:12+00:00\",\"dateModified\":\"2023-03-08T17:35:18+00:00\",\"breadcrumb\":{\"@id\":\"https:\\\/\\\/www.revistarambla.com\\\/para-que-sirve-un-intelectual-entrevista-con-roland-barthes\\\/#breadcrumb\"},\"inLanguage\":\"en-GB\",\"potentialAction\":[{\"@type\":\"ReadAction\",\"target\":[\"https:\\\/\\\/www.revistarambla.com\\\/para-que-sirve-un-intelectual-entrevista-con-roland-barthes\\\/\"]}]},{\"@type\":\"ImageObject\",\"inLanguage\":\"en-GB\",\"@id\":\"https:\\\/\\\/www.revistarambla.com\\\/para-que-sirve-un-intelectual-entrevista-con-roland-barthes\\\/#primaryimage\",\"url\":\"https:\\\/\\\/www.revistarambla.com\\\/wp-content\\\/uploads\\\/2023\\\/03\\\/roland-barthes-1.jpg\",\"contentUrl\":\"https:\\\/\\\/www.revistarambla.com\\\/wp-content\\\/uploads\\\/2023\\\/03\\\/roland-barthes-1.jpg\",\"width\":684,\"height\":927},{\"@type\":\"BreadcrumbList\",\"@id\":\"https:\\\/\\\/www.revistarambla.com\\\/para-que-sirve-un-intelectual-entrevista-con-roland-barthes\\\/#breadcrumb\",\"itemListElement\":[{\"@type\":\"ListItem\",\"position\":1,\"name\":\"Portada\",\"item\":\"https:\\\/\\\/www.revistarambla.com\\\/\"},{\"@type\":\"ListItem\",\"position\":2,\"name\":\"\u00ab\u00bfPara qu\u00e9 sirve un intelectual?\u00bb, entrevista con Roland Barthes\"}]},{\"@type\":\"WebSite\",\"@id\":\"https:\\\/\\\/www.revistarambla.com\\\/#website\",\"url\":\"https:\\\/\\\/www.revistarambla.com\\\/\",\"name\":\"Revista Rambla Barcelona\",\"description\":\"Periodismo independiente\",\"publisher\":{\"@id\":\"https:\\\/\\\/www.revistarambla.com\\\/#organization\"},\"potentialAction\":[{\"@type\":\"SearchAction\",\"target\":{\"@type\":\"EntryPoint\",\"urlTemplate\":\"https:\\\/\\\/www.revistarambla.com\\\/?s={search_term_string}\"},\"query-input\":{\"@type\":\"PropertyValueSpecification\",\"valueRequired\":true,\"valueName\":\"search_term_string\"}}],\"inLanguage\":\"en-GB\"},{\"@type\":\"Organization\",\"@id\":\"https:\\\/\\\/www.revistarambla.com\\\/#organization\",\"name\":\"Revista Rambla\",\"url\":\"https:\\\/\\\/www.revistarambla.com\\\/\",\"logo\":{\"@type\":\"ImageObject\",\"inLanguage\":\"en-GB\",\"@id\":\"https:\\\/\\\/www.revistarambla.com\\\/#\\\/schema\\\/logo\\\/image\\\/\",\"url\":\"https:\\\/\\\/www.revistarambla.com\\\/wp-content\\\/uploads\\\/2020\\\/09\\\/banner_rambla_1900x600_BB.png\",\"contentUrl\":\"https:\\\/\\\/www.revistarambla.com\\\/wp-content\\\/uploads\\\/2020\\\/09\\\/banner_rambla_1900x600_BB.png\",\"width\":1900,\"height\":600,\"caption\":\"Revista Rambla\"},\"image\":{\"@id\":\"https:\\\/\\\/www.revistarambla.com\\\/#\\\/schema\\\/logo\\\/image\\\/\"},\"sameAs\":[\"https:\\\/\\\/www.facebook.com\\\/revistarambla\\\/\",\"https:\\\/\\\/x.com\\\/revistarambla\",\"https:\\\/\\\/www.instagram.com\\\/revista_rambla\",\"https:\\\/\\\/es.linkedin.com\\\/company\\\/revista-rambla\"]},{\"@type\":\"Person\",\"@id\":\"https:\\\/\\\/www.revistarambla.com\\\/#\\\/schema\\\/person\\\/a146a5a2550b94981a75131180e1bd9c\",\"name\":\"R@mbla\",\"description\":\"Este art\u00edculo ha sido redactado y\\\/o validado por el equipo de redacci\u00f3n de Revista Rambla.\",\"sameAs\":[\"https:\\\/\\\/www.revistarambla.com\\\/\",\"https:\\\/\\\/www.facebook.com\\\/revistarambla\",\"https:\\\/\\\/x.com\\\/revistarambla\"]}]}<\/script>\n<!-- \/ Yoast SEO plugin. -->","yoast_head_json":{"title":"\"\u00bfPara qu\u00e9 sirve un intelectual?\", entrevista con Roland Barthes - Revista Rambla","robots":{"index":"index","follow":"follow","max-snippet":"max-snippet:-1","max-image-preview":"max-image-preview:large","max-video-preview":"max-video-preview:-1"},"canonical":"https:\/\/www.revistarambla.com\/en\/para-que-sirve-un-intelectual-entrevista-con-roland-barthes\/","og_locale":"en_GB","og_type":"article","og_title":"\"\u00bfPara qu\u00e9 sirve un intelectual?\", entrevista con Roland Barthes - Revista Rambla","og_description":"El cinco de mayo de 1977, la genuina revista Triunfo publicaba una magistral entrevista al te\u00f3rico franc\u00e9s Roland Barthes, a cargo de Bernad-Neri L\u00e9vy. Tres a\u00f1os despu\u00e9s, el pensador morir\u00eda atropellado por una furgoneta en la calle \u00c9coles, frente a la Soborna de Par\u00eds. Su \u00faltimo libro, La Chambre claire [&hellip;]","og_url":"https:\/\/www.revistarambla.com\/en\/para-que-sirve-un-intelectual-entrevista-con-roland-barthes\/","og_site_name":"Revista Rambla","article_publisher":"https:\/\/www.facebook.com\/revistarambla\/","article_author":"https:\/\/www.facebook.com\/revistarambla","article_published_time":"2023-03-08T17:26:12+00:00","article_modified_time":"2023-03-08T17:35:18+00:00","og_image":[{"width":684,"height":927,"url":"https:\/\/www.revistarambla.com\/wp-content\/uploads\/2023\/03\/roland-barthes-1.jpg","type":"image\/jpeg"}],"author":"R@mbla","twitter_card":"summary_large_image","twitter_creator":"@revistarambla","twitter_site":"@revistarambla","twitter_misc":{"Written by":"R@mbla","Estimated reading time":"7 minutes"},"schema":{"@context":"https:\/\/schema.org","@graph":[{"@type":"Article","@id":"https:\/\/www.revistarambla.com\/para-que-sirve-un-intelectual-entrevista-con-roland-barthes\/#article","isPartOf":{"@id":"https:\/\/www.revistarambla.com\/para-que-sirve-un-intelectual-entrevista-con-roland-barthes\/"},"author":{"name":"R@mbla","@id":"https:\/\/www.revistarambla.com\/#\/schema\/person\/a146a5a2550b94981a75131180e1bd9c"},"headline":"\u00ab\u00bfPara qu\u00e9 sirve un intelectual?\u00bb, entrevista con Roland Barthes","datePublished":"2023-03-08T17:26:12+00:00","dateModified":"2023-03-08T17:35:18+00:00","mainEntityOfPage":{"@id":"https:\/\/www.revistarambla.com\/para-que-sirve-un-intelectual-entrevista-con-roland-barthes\/"},"wordCount":1469,"publisher":{"@id":"https:\/\/www.revistarambla.com\/#organization"},"image":{"@id":"https:\/\/www.revistarambla.com\/para-que-sirve-un-intelectual-entrevista-con-roland-barthes\/#primaryimage"},"thumbnailUrl":"https:\/\/www.revistarambla.com\/wp-content\/uploads\/2023\/03\/roland-barthes-1.jpg","articleSection":["Entrevistas en B&amp;N"],"inLanguage":"en-GB"},{"@type":"WebPage","@id":"https:\/\/www.revistarambla.com\/para-que-sirve-un-intelectual-entrevista-con-roland-barthes\/","url":"https:\/\/www.revistarambla.com\/para-que-sirve-un-intelectual-entrevista-con-roland-barthes\/","name":"\"\u00bfPara qu\u00e9 sirve un intelectual?\", entrevista con Roland Barthes - Revista Rambla","isPartOf":{"@id":"https:\/\/www.revistarambla.com\/#website"},"primaryImageOfPage":{"@id":"https:\/\/www.revistarambla.com\/para-que-sirve-un-intelectual-entrevista-con-roland-barthes\/#primaryimage"},"image":{"@id":"https:\/\/www.revistarambla.com\/para-que-sirve-un-intelectual-entrevista-con-roland-barthes\/#primaryimage"},"thumbnailUrl":"https:\/\/www.revistarambla.com\/wp-content\/uploads\/2023\/03\/roland-barthes-1.jpg","datePublished":"2023-03-08T17:26:12+00:00","dateModified":"2023-03-08T17:35:18+00:00","breadcrumb":{"@id":"https:\/\/www.revistarambla.com\/para-que-sirve-un-intelectual-entrevista-con-roland-barthes\/#breadcrumb"},"inLanguage":"en-GB","potentialAction":[{"@type":"ReadAction","target":["https:\/\/www.revistarambla.com\/para-que-sirve-un-intelectual-entrevista-con-roland-barthes\/"]}]},{"@type":"ImageObject","inLanguage":"en-GB","@id":"https:\/\/www.revistarambla.com\/para-que-sirve-un-intelectual-entrevista-con-roland-barthes\/#primaryimage","url":"https:\/\/www.revistarambla.com\/wp-content\/uploads\/2023\/03\/roland-barthes-1.jpg","contentUrl":"https:\/\/www.revistarambla.com\/wp-content\/uploads\/2023\/03\/roland-barthes-1.jpg","width":684,"height":927},{"@type":"BreadcrumbList","@id":"https:\/\/www.revistarambla.com\/para-que-sirve-un-intelectual-entrevista-con-roland-barthes\/#breadcrumb","itemListElement":[{"@type":"ListItem","position":1,"name":"Portada","item":"https:\/\/www.revistarambla.com\/"},{"@type":"ListItem","position":2,"name":"\u00ab\u00bfPara qu\u00e9 sirve un intelectual?\u00bb, entrevista con Roland Barthes"}]},{"@type":"WebSite","@id":"https:\/\/www.revistarambla.com\/#website","url":"https:\/\/www.revistarambla.com\/","name":"Revista Rambla Barcelona","description":"Periodismo independiente","publisher":{"@id":"https:\/\/www.revistarambla.com\/#organization"},"potentialAction":[{"@type":"SearchAction","target":{"@type":"EntryPoint","urlTemplate":"https:\/\/www.revistarambla.com\/?s={search_term_string}"},"query-input":{"@type":"PropertyValueSpecification","valueRequired":true,"valueName":"search_term_string"}}],"inLanguage":"en-GB"},{"@type":"Organization","@id":"https:\/\/www.revistarambla.com\/#organization","name":"Revista Rambla","url":"https:\/\/www.revistarambla.com\/","logo":{"@type":"ImageObject","inLanguage":"en-GB","@id":"https:\/\/www.revistarambla.com\/#\/schema\/logo\/image\/","url":"https:\/\/www.revistarambla.com\/wp-content\/uploads\/2020\/09\/banner_rambla_1900x600_BB.png","contentUrl":"https:\/\/www.revistarambla.com\/wp-content\/uploads\/2020\/09\/banner_rambla_1900x600_BB.png","width":1900,"height":600,"caption":"Revista Rambla"},"image":{"@id":"https:\/\/www.revistarambla.com\/#\/schema\/logo\/image\/"},"sameAs":["https:\/\/www.facebook.com\/revistarambla\/","https:\/\/x.com\/revistarambla","https:\/\/www.instagram.com\/revista_rambla","https:\/\/es.linkedin.com\/company\/revista-rambla"]},{"@type":"Person","@id":"https:\/\/www.revistarambla.com\/#\/schema\/person\/a146a5a2550b94981a75131180e1bd9c","name":"R@mbla","description":"Este art\u00edculo ha sido redactado y\/o validado por el equipo de redacci\u00f3n de Revista Rambla.","sameAs":["https:\/\/www.revistarambla.com\/","https:\/\/www.facebook.com\/revistarambla","https:\/\/x.com\/revistarambla"]}]}},"_links":{"self":[{"href":"https:\/\/www.revistarambla.com\/en\/wp-json\/wp\/v2\/posts\/53549","targetHints":{"allow":["GET"]}}],"collection":[{"href":"https:\/\/www.revistarambla.com\/en\/wp-json\/wp\/v2\/posts"}],"about":[{"href":"https:\/\/www.revistarambla.com\/en\/wp-json\/wp\/v2\/types\/post"}],"author":[{"embeddable":true,"href":"https:\/\/www.revistarambla.com\/en\/wp-json\/wp\/v2\/users\/3"}],"replies":[{"embeddable":true,"href":"https:\/\/www.revistarambla.com\/en\/wp-json\/wp\/v2\/comments?post=53549"}],"version-history":[{"count":5,"href":"https:\/\/www.revistarambla.com\/en\/wp-json\/wp\/v2\/posts\/53549\/revisions"}],"predecessor-version":[{"id":53556,"href":"https:\/\/www.revistarambla.com\/en\/wp-json\/wp\/v2\/posts\/53549\/revisions\/53556"}],"wp:featuredmedia":[{"embeddable":true,"href":"https:\/\/www.revistarambla.com\/en\/wp-json\/wp\/v2\/media\/53554"}],"wp:attachment":[{"href":"https:\/\/www.revistarambla.com\/en\/wp-json\/wp\/v2\/media?parent=53549"}],"wp:term":[{"taxonomy":"category","embeddable":true,"href":"https:\/\/www.revistarambla.com\/en\/wp-json\/wp\/v2\/categories?post=53549"},{"taxonomy":"post_tag","embeddable":true,"href":"https:\/\/www.revistarambla.com\/en\/wp-json\/wp\/v2\/tags?post=53549"}],"curies":[{"name":"wp","href":"https:\/\/api.w.org\/{rel}","templated":true}]}}