{"id":53222,"date":"2023-03-06T13:47:14","date_gmt":"2023-03-06T12:47:14","guid":{"rendered":"https:\/\/www.revistarambla.com\/?p=53222"},"modified":"2023-03-06T13:47:14","modified_gmt":"2023-03-06T12:47:14","slug":"11-m-manifestacion-estatal-en-barcelona-contra-la-subida-asfixiante-de-precios-y-la-perdida-de-poder-adquisitivo","status":"publish","type":"post","link":"https:\/\/www.revistarambla.com\/en\/11-m-manifestacion-estatal-en-barcelona-contra-la-subida-asfixiante-de-precios-y-la-perdida-de-poder-adquisitivo\/","title":{"rendered":"11-M: Manifestaci\u00f3n estatal en Barcelona contra la subida asfixiante de precios y la p\u00e9rdida de poder adquisitivo"},"content":{"rendered":"<p>La CGT no podemos permanecer en silencio mientras los salarios pierden poder adquisitivo, la vivienda se encarece sin l\u00edmite, los alimentos de primera necesidad para mantener una dieta equilibrada intocables, los servicios b\u00e1sicos como la luz y el gas est\u00e1n por las nubes llevando cada vez m\u00e1s personas a la pobreza y la indigencia. Mientras tanto, los bancos, las energ\u00e9ticas y las grandes empresas obtienen cuantiosos beneficios.<\/p>\n<p>Este llamamiento a tomar las calles, a la movilizaci\u00f3n, a mostrar la disconformidad con la situaci\u00f3n actual est\u00e1 m\u00e1s que justificada. No entendemos aquellos que escondi\u00e9ndose detr\u00e1s del di\u00e1logo social permanente consagran que los ricos sean cada vez m\u00e1s ricos y los pobres m\u00e1s pobres, pactando convenios de miseria y taladr\u00e1ndonos con la idea de que hay una crisis, cuando lo que hay es una concentraci\u00f3n de riqueza en pocas manos<\/p>\n<p>La CGT estamos luchando en cada empresa, en cada sector, all\u00ed donde tenemos presencia para revertir esta situaci\u00f3n y acabar con la impunidad del liberalismo econ\u00f3mico basado en la depredaci\u00f3n y el ego\u00edsmo. En contraposici\u00f3n a la solidaridad y el apoyo mutuo, banderas que el movimiento obrero no debemos abandonar, ya que son nuestra fuerza.<\/p>\n<p>Tener un trabajo no garantiza tener medios econ\u00f3micos para vivir, de hecho la mayor\u00eda de la clase trabajadora subsiste con salarios de miseria, para intentar cubrir las necesidades y poco m\u00e1s. Mientras unos pocos con salarios bien altos o grandes beneficios nos adoctrinan con la crisis, la<\/p>\n<p>guerra, el barco de canal de Suez, que si China, que si la India\u2026. O cualquier excusa para convencernos de que hay motivos para mantenernos en la miseria. Basta de cuentos y de excusas para ocultar la realidad.<\/p>\n<p>Se ha instaurado el Terrorismo desde el Estado contra la poblaci\u00f3n. Terrorismo sanitario, porque no tener acceso a la sanidad y los medicamentos de inmediato puede condenarte a graves consecuencias, cuando no, a la muerte; terrorismo alimentario, si no podemos comprar alimentos de primera necesidad para mantener una dieta equilibrada; acabar en la calle por no poder pagar el alquiler o la hipoteca y no solucionarlo desde la legislaci\u00f3n es terrorismo, porque la vivienda no es un lujo; no poder encender la calefacci\u00f3n en invierno por no tener recursos econ\u00f3micos es terrorismo energ\u00e9tico y se ceba en la gente con menos recursos y as\u00ed podr\u00edamos seguir enumerando indefinidamente injusticias.<\/p>\n<p>Y para defender a los poderosos y al Estado, se mantiene la Ley Mordaza, se reforma el c\u00f3digo penal para castigar duramente con a\u00f1os de c\u00e1rcel las protestas, cada vez que legislan es para eliminar la poca libertad arrancada tras a\u00f1os de luchas. Los derechos fundamentales de los que tanto nos hablan, no existen, son un holograma con todo se especula y todo se ha de convertir en beneficios, pasando por encima de las personas.<\/p>\n<p>Por eso la CGT seguiremos saliendo a la calle, porque ya est\u00e1 bien de retrocesos en nuestros salarios, en las condiciones de vida y en la perdida de la calidad de vida.<\/p>\n<p>Los actos previos de difusi\u00f3n se desarrollar\u00e1n bajo el hashtag #11MLaCGTenBCN.<\/p>","protected":false},"excerpt":{"rendered":"<p>Organizada por la CGT<\/p>","protected":false},"author":327,"featured_media":41721,"comment_status":"closed","ping_status":"closed","sticky":false,"template":"","format":"standard","meta":{"footnotes":""},"categories":[4079],"tags":[],"class_list":["post-53222","post","type-post","status-publish","format-standard","has-post-thumbnail","hentry","category-tribuna-libre"],"yoast_head":"<!-- This site is optimized with the Yoast SEO plugin v27.5 - https:\/\/yoast.com\/product\/yoast-seo-wordpress\/ -->\n<title>11-M: Manifestaci\u00f3n estatal en Barcelona contra la subida asfixiante de precios y la p\u00e9rdida de poder adquisitivo - Revista Rambla<\/title>\n<meta name=\"robots\" content=\"index, follow, max-snippet:-1, max-image-preview:large, max-video-preview:-1\" \/>\n<link rel=\"canonical\" href=\"https:\/\/www.revistarambla.com\/en\/11-m-manifestacion-estatal-en-barcelona-contra-la-subida-asfixiante-de-precios-y-la-perdida-de-poder-adquisitivo\/\" \/>\n<meta property=\"og:locale\" content=\"en_GB\" \/>\n<meta property=\"og:type\" content=\"article\" \/>\n<meta property=\"og:title\" content=\"11-M: Manifestaci\u00f3n estatal en Barcelona contra la subida asfixiante de precios y la p\u00e9rdida de poder adquisitivo - Revista Rambla\" \/>\n<meta property=\"og:description\" content=\"Organizada por la CGT\" \/>\n<meta property=\"og:url\" content=\"https:\/\/www.revistarambla.com\/en\/11-m-manifestacion-estatal-en-barcelona-contra-la-subida-asfixiante-de-precios-y-la-perdida-de-poder-adquisitivo\/\" \/>\n<meta property=\"og:site_name\" content=\"Revista Rambla\" \/>\n<meta property=\"article:publisher\" content=\"https:\/\/www.facebook.com\/revistarambla\/\" \/>\n<meta property=\"article:author\" content=\"https:\/\/www.facebook.com\/barcelona.cgt\" \/>\n<meta property=\"article:published_time\" content=\"2023-03-06T12:47:14+00:00\" \/>\n<meta property=\"og:image\" content=\"https:\/\/www.revistarambla.com\/wp-content\/uploads\/2022\/04\/cgt-barcelona-manifestacion.jpg\" \/>\n\t<meta property=\"og:image:width\" content=\"1024\" \/>\n\t<meta property=\"og:image:height\" content=\"768\" \/>\n\t<meta property=\"og:image:type\" content=\"image\/jpeg\" \/>\n<meta name=\"author\" content=\"CGT Barcelona\" \/>\n<meta name=\"twitter:card\" content=\"summary_large_image\" \/>\n<meta name=\"twitter:creator\" content=\"@CGTBarcelona\" \/>\n<meta name=\"twitter:site\" content=\"@revistarambla\" \/>\n<meta name=\"twitter:label1\" content=\"Written by\" \/>\n\t<meta name=\"twitter:data1\" content=\"CGT Barcelona\" \/>\n\t<meta name=\"twitter:label2\" content=\"Estimated reading time\" \/>\n\t<meta name=\"twitter:data2\" content=\"3 minutes\" \/>\n<script type=\"application\/ld+json\" class=\"yoast-schema-graph\">{\"@context\":\"https:\\\/\\\/schema.org\",\"@graph\":[{\"@type\":\"Article\",\"@id\":\"https:\\\/\\\/www.revistarambla.com\\\/11-m-manifestacion-estatal-en-barcelona-contra-la-subida-asfixiante-de-precios-y-la-perdida-de-poder-adquisitivo\\\/#article\",\"isPartOf\":{\"@id\":\"https:\\\/\\\/www.revistarambla.com\\\/11-m-manifestacion-estatal-en-barcelona-contra-la-subida-asfixiante-de-precios-y-la-perdida-de-poder-adquisitivo\\\/\"},\"author\":{\"name\":\"CGT Barcelona\",\"@id\":\"https:\\\/\\\/www.revistarambla.com\\\/#\\\/schema\\\/person\\\/50127bec5551cbc1206e826637f48e65\"},\"headline\":\"11-M: Manifestaci\u00f3n estatal en Barcelona contra la subida asfixiante de precios y la p\u00e9rdida de poder adquisitivo\",\"datePublished\":\"2023-03-06T12:47:14+00:00\",\"mainEntityOfPage\":{\"@id\":\"https:\\\/\\\/www.revistarambla.com\\\/11-m-manifestacion-estatal-en-barcelona-contra-la-subida-asfixiante-de-precios-y-la-perdida-de-poder-adquisitivo\\\/\"},\"wordCount\":559,\"publisher\":{\"@id\":\"https:\\\/\\\/www.revistarambla.com\\\/#organization\"},\"image\":{\"@id\":\"https:\\\/\\\/www.revistarambla.com\\\/11-m-manifestacion-estatal-en-barcelona-contra-la-subida-asfixiante-de-precios-y-la-perdida-de-poder-adquisitivo\\\/#primaryimage\"},\"thumbnailUrl\":\"https:\\\/\\\/www.revistarambla.com\\\/wp-content\\\/uploads\\\/2022\\\/04\\\/cgt-barcelona-manifestacion.jpg\",\"articleSection\":[\"Tribuna Libre\"],\"inLanguage\":\"en-GB\"},{\"@type\":\"WebPage\",\"@id\":\"https:\\\/\\\/www.revistarambla.com\\\/11-m-manifestacion-estatal-en-barcelona-contra-la-subida-asfixiante-de-precios-y-la-perdida-de-poder-adquisitivo\\\/\",\"url\":\"https:\\\/\\\/www.revistarambla.com\\\/11-m-manifestacion-estatal-en-barcelona-contra-la-subida-asfixiante-de-precios-y-la-perdida-de-poder-adquisitivo\\\/\",\"name\":\"11-M: Manifestaci\u00f3n estatal en Barcelona contra la subida asfixiante de precios y la p\u00e9rdida de poder adquisitivo - Revista Rambla\",\"isPartOf\":{\"@id\":\"https:\\\/\\\/www.revistarambla.com\\\/#website\"},\"primaryImageOfPage\":{\"@id\":\"https:\\\/\\\/www.revistarambla.com\\\/11-m-manifestacion-estatal-en-barcelona-contra-la-subida-asfixiante-de-precios-y-la-perdida-de-poder-adquisitivo\\\/#primaryimage\"},\"image\":{\"@id\":\"https:\\\/\\\/www.revistarambla.com\\\/11-m-manifestacion-estatal-en-barcelona-contra-la-subida-asfixiante-de-precios-y-la-perdida-de-poder-adquisitivo\\\/#primaryimage\"},\"thumbnailUrl\":\"https:\\\/\\\/www.revistarambla.com\\\/wp-content\\\/uploads\\\/2022\\\/04\\\/cgt-barcelona-manifestacion.jpg\",\"datePublished\":\"2023-03-06T12:47:14+00:00\",\"breadcrumb\":{\"@id\":\"https:\\\/\\\/www.revistarambla.com\\\/11-m-manifestacion-estatal-en-barcelona-contra-la-subida-asfixiante-de-precios-y-la-perdida-de-poder-adquisitivo\\\/#breadcrumb\"},\"inLanguage\":\"en-GB\",\"potentialAction\":[{\"@type\":\"ReadAction\",\"target\":[\"https:\\\/\\\/www.revistarambla.com\\\/11-m-manifestacion-estatal-en-barcelona-contra-la-subida-asfixiante-de-precios-y-la-perdida-de-poder-adquisitivo\\\/\"]}]},{\"@type\":\"ImageObject\",\"inLanguage\":\"en-GB\",\"@id\":\"https:\\\/\\\/www.revistarambla.com\\\/11-m-manifestacion-estatal-en-barcelona-contra-la-subida-asfixiante-de-precios-y-la-perdida-de-poder-adquisitivo\\\/#primaryimage\",\"url\":\"https:\\\/\\\/www.revistarambla.com\\\/wp-content\\\/uploads\\\/2022\\\/04\\\/cgt-barcelona-manifestacion.jpg\",\"contentUrl\":\"https:\\\/\\\/www.revistarambla.com\\\/wp-content\\\/uploads\\\/2022\\\/04\\\/cgt-barcelona-manifestacion.jpg\",\"width\":1024,\"height\":768},{\"@type\":\"BreadcrumbList\",\"@id\":\"https:\\\/\\\/www.revistarambla.com\\\/11-m-manifestacion-estatal-en-barcelona-contra-la-subida-asfixiante-de-precios-y-la-perdida-de-poder-adquisitivo\\\/#breadcrumb\",\"itemListElement\":[{\"@type\":\"ListItem\",\"position\":1,\"name\":\"Portada\",\"item\":\"https:\\\/\\\/www.revistarambla.com\\\/\"},{\"@type\":\"ListItem\",\"position\":2,\"name\":\"11-M: Manifestaci\u00f3n estatal en Barcelona contra la subida asfixiante de precios y la p\u00e9rdida de poder adquisitivo\"}]},{\"@type\":\"WebSite\",\"@id\":\"https:\\\/\\\/www.revistarambla.com\\\/#website\",\"url\":\"https:\\\/\\\/www.revistarambla.com\\\/\",\"name\":\"Revista Rambla Barcelona\",\"description\":\"Periodismo independiente\",\"publisher\":{\"@id\":\"https:\\\/\\\/www.revistarambla.com\\\/#organization\"},\"potentialAction\":[{\"@type\":\"SearchAction\",\"target\":{\"@type\":\"EntryPoint\",\"urlTemplate\":\"https:\\\/\\\/www.revistarambla.com\\\/?s={search_term_string}\"},\"query-input\":{\"@type\":\"PropertyValueSpecification\",\"valueRequired\":true,\"valueName\":\"search_term_string\"}}],\"inLanguage\":\"en-GB\"},{\"@type\":\"Organization\",\"@id\":\"https:\\\/\\\/www.revistarambla.com\\\/#organization\",\"name\":\"Revista Rambla\",\"url\":\"https:\\\/\\\/www.revistarambla.com\\\/\",\"logo\":{\"@type\":\"ImageObject\",\"inLanguage\":\"en-GB\",\"@id\":\"https:\\\/\\\/www.revistarambla.com\\\/#\\\/schema\\\/logo\\\/image\\\/\",\"url\":\"https:\\\/\\\/www.revistarambla.com\\\/wp-content\\\/uploads\\\/2020\\\/09\\\/banner_rambla_1900x600_BB.png\",\"contentUrl\":\"https:\\\/\\\/www.revistarambla.com\\\/wp-content\\\/uploads\\\/2020\\\/09\\\/banner_rambla_1900x600_BB.png\",\"width\":1900,\"height\":600,\"caption\":\"Revista Rambla\"},\"image\":{\"@id\":\"https:\\\/\\\/www.revistarambla.com\\\/#\\\/schema\\\/logo\\\/image\\\/\"},\"sameAs\":[\"https:\\\/\\\/www.facebook.com\\\/revistarambla\\\/\",\"https:\\\/\\\/x.com\\\/revistarambla\",\"https:\\\/\\\/www.instagram.com\\\/revista_rambla\",\"https:\\\/\\\/es.linkedin.com\\\/company\\\/revista-rambla\"]},{\"@type\":\"Person\",\"@id\":\"https:\\\/\\\/www.revistarambla.com\\\/#\\\/schema\\\/person\\\/50127bec5551cbc1206e826637f48e65\",\"name\":\"CGT Barcelona\",\"description\":\"Federaci\u00f3n Local de Sindicatos de Barcelona. Organizaci\u00f3n anarcosindicalista: de clase, aut\u00f3noma, autogestionaria, federalista, internacionalista y libertaria.\",\"sameAs\":[\"https:\\\/\\\/www.cgtbarcelona.org\\\/\",\"https:\\\/\\\/www.facebook.com\\\/barcelona.cgt\",\"https:\\\/\\\/www.instagram.com\\\/cgtbarcelona\\\/\",\"https:\\\/\\\/x.com\\\/CGTBarcelona\"]}]}<\/script>\n<!-- \/ Yoast SEO plugin. -->","yoast_head_json":{"title":"11-M: Manifestaci\u00f3n estatal en Barcelona contra la subida asfixiante de precios y la p\u00e9rdida de poder adquisitivo - Revista Rambla","robots":{"index":"index","follow":"follow","max-snippet":"max-snippet:-1","max-image-preview":"max-image-preview:large","max-video-preview":"max-video-preview:-1"},"canonical":"https:\/\/www.revistarambla.com\/en\/11-m-manifestacion-estatal-en-barcelona-contra-la-subida-asfixiante-de-precios-y-la-perdida-de-poder-adquisitivo\/","og_locale":"en_GB","og_type":"article","og_title":"11-M: Manifestaci\u00f3n estatal en Barcelona contra la subida asfixiante de precios y la p\u00e9rdida de poder adquisitivo - Revista Rambla","og_description":"Organizada por la CGT","og_url":"https:\/\/www.revistarambla.com\/en\/11-m-manifestacion-estatal-en-barcelona-contra-la-subida-asfixiante-de-precios-y-la-perdida-de-poder-adquisitivo\/","og_site_name":"Revista Rambla","article_publisher":"https:\/\/www.facebook.com\/revistarambla\/","article_author":"https:\/\/www.facebook.com\/barcelona.cgt","article_published_time":"2023-03-06T12:47:14+00:00","og_image":[{"width":1024,"height":768,"url":"https:\/\/www.revistarambla.com\/wp-content\/uploads\/2022\/04\/cgt-barcelona-manifestacion.jpg","type":"image\/jpeg"}],"author":"CGT Barcelona","twitter_card":"summary_large_image","twitter_creator":"@CGTBarcelona","twitter_site":"@revistarambla","twitter_misc":{"Written by":"CGT Barcelona","Estimated reading time":"3 minutes"},"schema":{"@context":"https:\/\/schema.org","@graph":[{"@type":"Article","@id":"https:\/\/www.revistarambla.com\/11-m-manifestacion-estatal-en-barcelona-contra-la-subida-asfixiante-de-precios-y-la-perdida-de-poder-adquisitivo\/#article","isPartOf":{"@id":"https:\/\/www.revistarambla.com\/11-m-manifestacion-estatal-en-barcelona-contra-la-subida-asfixiante-de-precios-y-la-perdida-de-poder-adquisitivo\/"},"author":{"name":"CGT Barcelona","@id":"https:\/\/www.revistarambla.com\/#\/schema\/person\/50127bec5551cbc1206e826637f48e65"},"headline":"11-M: Manifestaci\u00f3n estatal en Barcelona contra la subida asfixiante de precios y la p\u00e9rdida de poder adquisitivo","datePublished":"2023-03-06T12:47:14+00:00","mainEntityOfPage":{"@id":"https:\/\/www.revistarambla.com\/11-m-manifestacion-estatal-en-barcelona-contra-la-subida-asfixiante-de-precios-y-la-perdida-de-poder-adquisitivo\/"},"wordCount":559,"publisher":{"@id":"https:\/\/www.revistarambla.com\/#organization"},"image":{"@id":"https:\/\/www.revistarambla.com\/11-m-manifestacion-estatal-en-barcelona-contra-la-subida-asfixiante-de-precios-y-la-perdida-de-poder-adquisitivo\/#primaryimage"},"thumbnailUrl":"https:\/\/www.revistarambla.com\/wp-content\/uploads\/2022\/04\/cgt-barcelona-manifestacion.jpg","articleSection":["Tribuna Libre"],"inLanguage":"en-GB"},{"@type":"WebPage","@id":"https:\/\/www.revistarambla.com\/11-m-manifestacion-estatal-en-barcelona-contra-la-subida-asfixiante-de-precios-y-la-perdida-de-poder-adquisitivo\/","url":"https:\/\/www.revistarambla.com\/11-m-manifestacion-estatal-en-barcelona-contra-la-subida-asfixiante-de-precios-y-la-perdida-de-poder-adquisitivo\/","name":"11-M: Manifestaci\u00f3n estatal en Barcelona contra la subida asfixiante de precios y la p\u00e9rdida de poder adquisitivo - Revista Rambla","isPartOf":{"@id":"https:\/\/www.revistarambla.com\/#website"},"primaryImageOfPage":{"@id":"https:\/\/www.revistarambla.com\/11-m-manifestacion-estatal-en-barcelona-contra-la-subida-asfixiante-de-precios-y-la-perdida-de-poder-adquisitivo\/#primaryimage"},"image":{"@id":"https:\/\/www.revistarambla.com\/11-m-manifestacion-estatal-en-barcelona-contra-la-subida-asfixiante-de-precios-y-la-perdida-de-poder-adquisitivo\/#primaryimage"},"thumbnailUrl":"https:\/\/www.revistarambla.com\/wp-content\/uploads\/2022\/04\/cgt-barcelona-manifestacion.jpg","datePublished":"2023-03-06T12:47:14+00:00","breadcrumb":{"@id":"https:\/\/www.revistarambla.com\/11-m-manifestacion-estatal-en-barcelona-contra-la-subida-asfixiante-de-precios-y-la-perdida-de-poder-adquisitivo\/#breadcrumb"},"inLanguage":"en-GB","potentialAction":[{"@type":"ReadAction","target":["https:\/\/www.revistarambla.com\/11-m-manifestacion-estatal-en-barcelona-contra-la-subida-asfixiante-de-precios-y-la-perdida-de-poder-adquisitivo\/"]}]},{"@type":"ImageObject","inLanguage":"en-GB","@id":"https:\/\/www.revistarambla.com\/11-m-manifestacion-estatal-en-barcelona-contra-la-subida-asfixiante-de-precios-y-la-perdida-de-poder-adquisitivo\/#primaryimage","url":"https:\/\/www.revistarambla.com\/wp-content\/uploads\/2022\/04\/cgt-barcelona-manifestacion.jpg","contentUrl":"https:\/\/www.revistarambla.com\/wp-content\/uploads\/2022\/04\/cgt-barcelona-manifestacion.jpg","width":1024,"height":768},{"@type":"BreadcrumbList","@id":"https:\/\/www.revistarambla.com\/11-m-manifestacion-estatal-en-barcelona-contra-la-subida-asfixiante-de-precios-y-la-perdida-de-poder-adquisitivo\/#breadcrumb","itemListElement":[{"@type":"ListItem","position":1,"name":"Portada","item":"https:\/\/www.revistarambla.com\/"},{"@type":"ListItem","position":2,"name":"11-M: Manifestaci\u00f3n estatal en Barcelona contra la subida asfixiante de precios y la p\u00e9rdida de poder adquisitivo"}]},{"@type":"WebSite","@id":"https:\/\/www.revistarambla.com\/#website","url":"https:\/\/www.revistarambla.com\/","name":"Revista Rambla Barcelona","description":"Periodismo independiente","publisher":{"@id":"https:\/\/www.revistarambla.com\/#organization"},"potentialAction":[{"@type":"SearchAction","target":{"@type":"EntryPoint","urlTemplate":"https:\/\/www.revistarambla.com\/?s={search_term_string}"},"query-input":{"@type":"PropertyValueSpecification","valueRequired":true,"valueName":"search_term_string"}}],"inLanguage":"en-GB"},{"@type":"Organization","@id":"https:\/\/www.revistarambla.com\/#organization","name":"Revista Rambla","url":"https:\/\/www.revistarambla.com\/","logo":{"@type":"ImageObject","inLanguage":"en-GB","@id":"https:\/\/www.revistarambla.com\/#\/schema\/logo\/image\/","url":"https:\/\/www.revistarambla.com\/wp-content\/uploads\/2020\/09\/banner_rambla_1900x600_BB.png","contentUrl":"https:\/\/www.revistarambla.com\/wp-content\/uploads\/2020\/09\/banner_rambla_1900x600_BB.png","width":1900,"height":600,"caption":"Revista Rambla"},"image":{"@id":"https:\/\/www.revistarambla.com\/#\/schema\/logo\/image\/"},"sameAs":["https:\/\/www.facebook.com\/revistarambla\/","https:\/\/x.com\/revistarambla","https:\/\/www.instagram.com\/revista_rambla","https:\/\/es.linkedin.com\/company\/revista-rambla"]},{"@type":"Person","@id":"https:\/\/www.revistarambla.com\/#\/schema\/person\/50127bec5551cbc1206e826637f48e65","name":"CGT Barcelona","description":"Federaci\u00f3n Local de Sindicatos de Barcelona. Organizaci\u00f3n anarcosindicalista: de clase, aut\u00f3noma, autogestionaria, federalista, internacionalista y libertaria.","sameAs":["https:\/\/www.cgtbarcelona.org\/","https:\/\/www.facebook.com\/barcelona.cgt","https:\/\/www.instagram.com\/cgtbarcelona\/","https:\/\/x.com\/CGTBarcelona"]}]}},"_links":{"self":[{"href":"https:\/\/www.revistarambla.com\/en\/wp-json\/wp\/v2\/posts\/53222","targetHints":{"allow":["GET"]}}],"collection":[{"href":"https:\/\/www.revistarambla.com\/en\/wp-json\/wp\/v2\/posts"}],"about":[{"href":"https:\/\/www.revistarambla.com\/en\/wp-json\/wp\/v2\/types\/post"}],"author":[{"embeddable":true,"href":"https:\/\/www.revistarambla.com\/en\/wp-json\/wp\/v2\/users\/327"}],"replies":[{"embeddable":true,"href":"https:\/\/www.revistarambla.com\/en\/wp-json\/wp\/v2\/comments?post=53222"}],"version-history":[{"count":1,"href":"https:\/\/www.revistarambla.com\/en\/wp-json\/wp\/v2\/posts\/53222\/revisions"}],"predecessor-version":[{"id":53223,"href":"https:\/\/www.revistarambla.com\/en\/wp-json\/wp\/v2\/posts\/53222\/revisions\/53223"}],"wp:featuredmedia":[{"embeddable":true,"href":"https:\/\/www.revistarambla.com\/en\/wp-json\/wp\/v2\/media\/41721"}],"wp:attachment":[{"href":"https:\/\/www.revistarambla.com\/en\/wp-json\/wp\/v2\/media?parent=53222"}],"wp:term":[{"taxonomy":"category","embeddable":true,"href":"https:\/\/www.revistarambla.com\/en\/wp-json\/wp\/v2\/categories?post=53222"},{"taxonomy":"post_tag","embeddable":true,"href":"https:\/\/www.revistarambla.com\/en\/wp-json\/wp\/v2\/tags?post=53222"}],"curies":[{"name":"wp","href":"https:\/\/api.w.org\/{rel}","templated":true}]}}