{"id":53104,"date":"2023-02-28T19:52:52","date_gmt":"2023-02-28T18:52:52","guid":{"rendered":"https:\/\/www.revistarambla.com\/?p=53104"},"modified":"2023-03-11T18:18:06","modified_gmt":"2023-03-11T17:18:06","slug":"denunciem-la-ferocitat-de-macroesdeveniments-com-el-mobile-world-congress","status":"publish","type":"post","link":"https:\/\/www.revistarambla.com\/en\/denunciem-la-ferocitat-de-macroesdeveniments-com-el-mobile-world-congress\/","title":{"rendered":"Denunciem la ferocitat de macroesdeveniments com el Mobile World Congress"},"content":{"rendered":"<p>S\u00f3n molts anys venent Barcelona com a \u00abaparador mundial\u00bb i sent \u00abla millor botiga del m\u00f3n\u00bb a trav\u00e9s de macroesdeveniments com el MWC que converteixen la ciutat en un focus elitista i excloent que mira en bons ulls el capital estranger i guarda un bon lloc al turisme massiu.<\/p>\n<p>La Barcelona del Mobile World Congress \u00e9s l&#8217;her\u00e8ncia de Trias, Colau, Maragall i Collboni. \u00c9s la Barcelona dels diners p\u00fablics per generar beneficis privats, de l&#8217;explotaci\u00f3 d&#8217;un model tur\u00edstic fallit, de la ind\u00fastria extractiva i de l&#8217;espoli. La Barcelona que normalitza la pres\u00e8ncia borb\u00f2nica i la tecnologia de la vigil\u00e0ncia. I, per garantir que tot aix\u00f2 passi, \u00e9s tamb\u00e9 la Barcelona de la precarietat laboral que en aquesta edici\u00f3 ha arribat fins i tot a causar la mort d&#8217;un treballador de 21 anys.<\/p>\n<h3><strong>Ni riquesa ni ocupaci\u00f3, explotaci\u00f3 dels barris<\/strong><\/h3>\n<p>L&#8217;excusa d&#8217;invertir capital estranger a Barcelona per generar riquesa i ocupaci\u00f3 laboral que fa tant que dura no \u00e9s v\u00e0lida. Aquesta estrat\u00e8gia neoliberal no est\u00e0 orientada ni planificada per respondre a les necessitats socials, sin\u00f3 per afavorir els grans capitals privats. Mentre precaritza i exclou a aquelles persones que queden fora dels grans circuits econ\u00f2mics, qui es beneficia a banda de les grans empreses multinacionals son el sector tur\u00edstic de l&#8217;hostaleria i restauraci\u00f3 de luxe. Podem afirmar la mala qualitat de l&#8217;ocupaci\u00f3 quan veiem que aquesta \u00e9s temporal i intensificada. Les jornades varien de 8 a 16 hores i sumen dobles jornades cont\u00ednues. Argumentat per la tipologia de feines, des de muntatge a control d&#8217;accessos, neteja o xofers, qui hi ha darrere de l&#8217;organitzaci\u00f3 del Mobile World Congress aguditza la divisi\u00f3 sexual del treball. Els homes munten, gestionen i acorden i les dones ofereixen propaganda i poc m\u00e9s.<\/p>\n<p>Com d\u00e8iem abans, tamb\u00e9 podem afirmar la mala qualitat de l\u2019ocupaci\u00f3 quan, com d\u00e8iem, durant el muntatge d\u2019aquest macroesdeveniment un treballador ha mort de l\u2019empresa ArtLogic mentre descarregava material pesat d\u2019un cami\u00f3. Malgrat s\u2019afirma que els protocols han funcionat b\u00e9 i la Generalitat del Govern de Catalunya ha obert un proc\u00e9s per clarificar el succe\u00eft amb Inspecci\u00f3 de Treball, casos com aquest posen de manifest la precarietat existent que ofereixen espais com el MWC. Ens sumem aix\u00ed a les reivindicacions dels col\u00b7lectius, sindicats i associacions del sector dels t\u00e8cnics de l&#8217;espectacle, i companys de la v\u00edctima que denuncien precaritzaci\u00f3 de les feines de muntatge i la manca de formaci\u00f3 en riscos laborals. Tot i aquesta mort, el ritme de treball ha estat el mateix. L\u2019Associaci\u00f3 de T\u00e8cnics de l\u2019Espectacle de Catalunya (ATECAT) tamb\u00e9 denuncia p\u00fablicament que \u201caquest tipus d\u2019esdeveniments impliquen una estructura laboral prec\u00e0ria que passa per sobre de les nostres vides, sense tenir ni la m\u00e9s m\u00ednima consideraci\u00f3 d\u2019aturar la producci\u00f3 despr\u00e9s d\u2019un accident mortal\u201d.<\/p>\n<h3><strong>La fantasia de la tecnologia com a eufemisme d\u2019estabilitat<\/strong><\/h3>\n<p>Per\u00f2 la idea que es ven i la que molts dels mitjans de comunicaci\u00f3 s&#8217;entesten a difondre no \u00e9s aquesta. L&#8217;oportunitat de con\u00e8ixer les novetats tecnol\u00f2giques, el volum de diners ingent que es mou en aquest sector i la idea de la ciutat com el nou hub tecnol\u00f2gic i empresarial del sud d&#8217;Europa guanyen pes davant el q\u00fcestionament de la creaci\u00f3 d&#8217;una ciutat promotora de grans empreses multinacionals, on prima la transfer\u00e8ncia de diners p\u00fablics a mans privades i on no importa que la qualitat de l&#8217;ocupaci\u00f3 sigui nul\u00b7la.<\/p>\n<p>Qui hi ha darrere de tot aix\u00f2 a escala privada? L&#8217;her\u00e8ncia ve de la plataforma empresarial \u00abBarcelona Global\u00bb, un lobby empresarial de Barcelona que pacta amb l&#8217;Ajuntament l&#8217;estrat\u00e8gia de \u00abBarcelona Creixement\u00bb. Aquesta plataforma la conformen, entre d&#8217;altres: Abertis, Agbar, Agrolimen, Applus, Banc Sabadell, C\u00edrculo Ecuestre, Cuatrecasas, Deloitte, ESADE, IESE, Fira de Barcelona, Freixenet, GBS FInanzas, Grupo God\u00f3, Media Planning, Puig, SABA.<\/p>\n<p>Sense anar m\u00e9s lluny, una de les darreres accions comunicatives que han fet ha estat la promoci\u00f3 continua del Mobile World Capital Barcelona, \u00abuna iniciativa que impulsa el desenvolupament digital de la societat i ajuda a millorar la vida de les persones a escala global\u00bb. En una nota de premsa publicada per l&#8217;Ajuntament de Barcelona, aquests asseguraven que \u00abamb suport p\u00fablic i privat\u00bb, el MWCapital centra la seva activitat en quatre \u00e0rees: l&#8217;acceleraci\u00f3 de la innovaci\u00f3 mitjan\u00e7ant l&#8217;emprenedoria digital; la transformaci\u00f3 de la ind\u00fastria mitjan\u00e7ant la tecnologia digital; el creixement del talent digital entre les noves generacions i els professionals; i la reflexi\u00f3 sobre l&#8217;impacte de la tecnologia a la societat.<\/p>\n<p>A m\u00e9s, paral\u00b7lelament, amb dades de l&#8217;informe de Tech Hubs Overview, asseguren que al Principat els hubs tecnol\u00f2gics generen 15.000 llocs de treball perqu\u00e8 el MWCapital \u00e9s fundador de 4 Years From Now (4YFN), la plataforma de negocis per a la comunitat de startups present a tots els esdeveniments de MWC a tot el m\u00f3n.<\/p>\n<p>Ampliant la mirada a tot el hub tecnol\u00f2gic existent i no nom\u00e9s de tecnologia m\u00f2bil, de cara a 2025, estimen una previsi\u00f3 de 20.000 llocs de feina i un creixement de fins als 2.000 milions d&#8217;euros de facturaci\u00f3 anual. Aquestes dades les extreuen segons els c\u00e0lculs de les empreses i de Barcelona Digital Talent.<\/p>\n<p>La pregunta que ens fem de nou \u00e9s per a qui son aquests beneficis i perqu\u00e8 se segueix aprofundint en la idea de la Barcelona multidisciplinar com a pol d&#8217;atracci\u00f3 per a capital estranger i en la Barcelona que ocupa els barris per a voluntats privades. I \u00e9s que el 46% dels hubs tecnol\u00f2gics se situen al barri del 22@ a Sant Mart\u00ed-Poblenou sent \u00abl&#8217;arribada de talent internacional\u00bb a aquests el que m\u00e9s es destaca, ja que ressalten que quatre de cada deu assalariats son estrangers.<\/p>\n<p>No volem seguir perpetuant una ciutat que atrau i es dedica als interessos de les grans empreses mentre precaritzen les condicions materials, de vida i laborals de la poblaci\u00f3, reprodueixen la divisi\u00f3 sexual del treball i evidencien l\u2019orientaci\u00f3 d\u2019estrat\u00e8gia econ\u00f2mica neoliberal de l\u2019Ajuntament de Barcelona.<\/p>\n<p>No volem ser un hub d\u2019oficines a vista de dron. Ni benefici privat, ni precarietat laboral, ni normalitzaci\u00f3 borb\u00f2nica, ni apologia de la ind\u00fastria extractiva i de l\u2019espoli. Cal crear un nou model de ciutat que acabi amb la Marca Barcelona. Cal una alternativa real a les pol\u00edtiques excloents i insostenibles de Trias, Colau, Collboni i Maragall. Cal una alternativa que faci efectiu el dret a la ciutat. La ciutat \u00e9s de les ve\u00efnes i ve\u00efns, no dels poders econ\u00f2mics.<\/p>\n<p>Volem una ciutat amb lloguers assequibles i feines dignes tot l\u2019any. Volem ser una ciutat per viure-hi.<\/p>\n<p><strong>Tombem la ciutat dels voltors.<br \/>\nRecuperem la Barcelona dels barris!<\/strong><\/p>","protected":false},"excerpt":{"rendered":"<p>Sota la idea de 350 milions d&#8217;euros per Barcelona i l&#8217;Hospitalet amb el pas de m\u00e9s de 80.000 persones, el Mobile World Congress (MWC) torna a ocupar de nou els espais i carrers de la ciutat. Ho fa des de dilluns 27 fins dijous 2 de mar\u00e7 sumant aix\u00ed un any m\u00e9s des del 2006 i amb l\u2019horitz\u00f3 a 2030, any fins al qual hi ha pactat que Barcelona sigui la seva seu.<\/p>","protected":false},"author":340,"featured_media":53665,"comment_status":"closed","ping_status":"closed","sticky":false,"template":"","format":"standard","meta":{"footnotes":""},"categories":[4079],"tags":[],"class_list":["post-53104","post","type-post","status-publish","format-standard","has-post-thumbnail","hentry","category-tribuna-libre"],"yoast_head":"<!-- This site is optimized with the Yoast SEO plugin v27.5 - https:\/\/yoast.com\/product\/yoast-seo-wordpress\/ -->\n<title>Denunciem la ferocitat de macroesdeveniments com el Mobile World Congress - Revista Rambla<\/title>\n<meta name=\"robots\" content=\"index, follow, max-snippet:-1, max-image-preview:large, max-video-preview:-1\" \/>\n<link rel=\"canonical\" href=\"https:\/\/www.revistarambla.com\/en\/denunciem-la-ferocitat-de-macroesdeveniments-com-el-mobile-world-congress\/\" \/>\n<meta property=\"og:locale\" content=\"en_GB\" \/>\n<meta property=\"og:type\" content=\"article\" \/>\n<meta property=\"og:title\" content=\"Denunciem la ferocitat de macroesdeveniments com el Mobile World Congress - Revista Rambla\" \/>\n<meta property=\"og:description\" content=\"Sota la idea de 350 milions d&#039;euros per Barcelona i l&#039;Hospitalet amb el pas de m\u00e9s de 80.000 persones, el Mobile World Congress (MWC) torna a ocupar de nou els espais i carrers de la ciutat. Ho fa des de dilluns 27 fins dijous 2 de mar\u00e7 sumant aix\u00ed un any m\u00e9s des del 2006 i amb l\u2019horitz\u00f3 a 2030, any fins al qual hi ha pactat que Barcelona sigui la seva seu.\" \/>\n<meta property=\"og:url\" content=\"https:\/\/www.revistarambla.com\/en\/denunciem-la-ferocitat-de-macroesdeveniments-com-el-mobile-world-congress\/\" \/>\n<meta property=\"og:site_name\" content=\"Revista Rambla\" \/>\n<meta property=\"article:publisher\" content=\"https:\/\/www.facebook.com\/revistarambla\/\" \/>\n<meta property=\"article:published_time\" content=\"2023-02-28T18:52:52+00:00\" \/>\n<meta property=\"article:modified_time\" content=\"2023-03-11T17:18:06+00:00\" \/>\n<meta property=\"og:image\" content=\"https:\/\/www.revistarambla.com\/wp-content\/uploads\/2023\/02\/960px-MWC_2019_46296915385.jpg\" \/>\n\t<meta property=\"og:image:width\" content=\"960\" \/>\n\t<meta property=\"og:image:height\" content=\"720\" \/>\n\t<meta property=\"og:image:type\" content=\"image\/jpeg\" \/>\n<meta name=\"author\" content=\"CUP Barcelona\" \/>\n<meta name=\"twitter:card\" content=\"summary_large_image\" \/>\n<meta name=\"twitter:creator\" content=\"@cupbarcelona\" \/>\n<meta name=\"twitter:site\" content=\"@revistarambla\" \/>\n<meta name=\"twitter:label1\" content=\"Written by\" \/>\n\t<meta name=\"twitter:data1\" content=\"CUP Barcelona\" \/>\n\t<meta name=\"twitter:label2\" content=\"Estimated reading time\" \/>\n\t<meta name=\"twitter:data2\" content=\"5 minutes\" \/>\n<script type=\"application\/ld+json\" class=\"yoast-schema-graph\">{\"@context\":\"https:\\\/\\\/schema.org\",\"@graph\":[{\"@type\":\"Article\",\"@id\":\"https:\\\/\\\/www.revistarambla.com\\\/denunciem-la-ferocitat-de-macroesdeveniments-com-el-mobile-world-congress\\\/#article\",\"isPartOf\":{\"@id\":\"https:\\\/\\\/www.revistarambla.com\\\/denunciem-la-ferocitat-de-macroesdeveniments-com-el-mobile-world-congress\\\/\"},\"author\":{\"name\":\"CUP Barcelona\",\"@id\":\"https:\\\/\\\/www.revistarambla.com\\\/#\\\/schema\\\/person\\\/fddd0f9bf5e0c4ab3554d4ce6d5f05a1\"},\"headline\":\"Denunciem la ferocitat de macroesdeveniments com el Mobile World Congress\",\"datePublished\":\"2023-02-28T18:52:52+00:00\",\"dateModified\":\"2023-03-11T17:18:06+00:00\",\"mainEntityOfPage\":{\"@id\":\"https:\\\/\\\/www.revistarambla.com\\\/denunciem-la-ferocitat-de-macroesdeveniments-com-el-mobile-world-congress\\\/\"},\"wordCount\":1179,\"publisher\":{\"@id\":\"https:\\\/\\\/www.revistarambla.com\\\/#organization\"},\"image\":{\"@id\":\"https:\\\/\\\/www.revistarambla.com\\\/denunciem-la-ferocitat-de-macroesdeveniments-com-el-mobile-world-congress\\\/#primaryimage\"},\"thumbnailUrl\":\"https:\\\/\\\/www.revistarambla.com\\\/wp-content\\\/uploads\\\/2023\\\/02\\\/960px-MWC_2019_46296915385.jpg\",\"articleSection\":[\"Tribuna Libre\"],\"inLanguage\":\"en-GB\"},{\"@type\":\"WebPage\",\"@id\":\"https:\\\/\\\/www.revistarambla.com\\\/denunciem-la-ferocitat-de-macroesdeveniments-com-el-mobile-world-congress\\\/\",\"url\":\"https:\\\/\\\/www.revistarambla.com\\\/denunciem-la-ferocitat-de-macroesdeveniments-com-el-mobile-world-congress\\\/\",\"name\":\"Denunciem la ferocitat de macroesdeveniments com el Mobile World Congress - Revista Rambla\",\"isPartOf\":{\"@id\":\"https:\\\/\\\/www.revistarambla.com\\\/#website\"},\"primaryImageOfPage\":{\"@id\":\"https:\\\/\\\/www.revistarambla.com\\\/denunciem-la-ferocitat-de-macroesdeveniments-com-el-mobile-world-congress\\\/#primaryimage\"},\"image\":{\"@id\":\"https:\\\/\\\/www.revistarambla.com\\\/denunciem-la-ferocitat-de-macroesdeveniments-com-el-mobile-world-congress\\\/#primaryimage\"},\"thumbnailUrl\":\"https:\\\/\\\/www.revistarambla.com\\\/wp-content\\\/uploads\\\/2023\\\/02\\\/960px-MWC_2019_46296915385.jpg\",\"datePublished\":\"2023-02-28T18:52:52+00:00\",\"dateModified\":\"2023-03-11T17:18:06+00:00\",\"breadcrumb\":{\"@id\":\"https:\\\/\\\/www.revistarambla.com\\\/denunciem-la-ferocitat-de-macroesdeveniments-com-el-mobile-world-congress\\\/#breadcrumb\"},\"inLanguage\":\"en-GB\",\"potentialAction\":[{\"@type\":\"ReadAction\",\"target\":[\"https:\\\/\\\/www.revistarambla.com\\\/denunciem-la-ferocitat-de-macroesdeveniments-com-el-mobile-world-congress\\\/\"]}]},{\"@type\":\"ImageObject\",\"inLanguage\":\"en-GB\",\"@id\":\"https:\\\/\\\/www.revistarambla.com\\\/denunciem-la-ferocitat-de-macroesdeveniments-com-el-mobile-world-congress\\\/#primaryimage\",\"url\":\"https:\\\/\\\/www.revistarambla.com\\\/wp-content\\\/uploads\\\/2023\\\/02\\\/960px-MWC_2019_46296915385.jpg\",\"contentUrl\":\"https:\\\/\\\/www.revistarambla.com\\\/wp-content\\\/uploads\\\/2023\\\/02\\\/960px-MWC_2019_46296915385.jpg\",\"width\":960,\"height\":720,\"caption\":\"prostitucion mobile world congress\"},{\"@type\":\"BreadcrumbList\",\"@id\":\"https:\\\/\\\/www.revistarambla.com\\\/denunciem-la-ferocitat-de-macroesdeveniments-com-el-mobile-world-congress\\\/#breadcrumb\",\"itemListElement\":[{\"@type\":\"ListItem\",\"position\":1,\"name\":\"Portada\",\"item\":\"https:\\\/\\\/www.revistarambla.com\\\/\"},{\"@type\":\"ListItem\",\"position\":2,\"name\":\"Denunciem la ferocitat de macroesdeveniments com el Mobile World Congress\"}]},{\"@type\":\"WebSite\",\"@id\":\"https:\\\/\\\/www.revistarambla.com\\\/#website\",\"url\":\"https:\\\/\\\/www.revistarambla.com\\\/\",\"name\":\"Revista Rambla Barcelona\",\"description\":\"Periodismo independiente\",\"publisher\":{\"@id\":\"https:\\\/\\\/www.revistarambla.com\\\/#organization\"},\"potentialAction\":[{\"@type\":\"SearchAction\",\"target\":{\"@type\":\"EntryPoint\",\"urlTemplate\":\"https:\\\/\\\/www.revistarambla.com\\\/?s={search_term_string}\"},\"query-input\":{\"@type\":\"PropertyValueSpecification\",\"valueRequired\":true,\"valueName\":\"search_term_string\"}}],\"inLanguage\":\"en-GB\"},{\"@type\":\"Organization\",\"@id\":\"https:\\\/\\\/www.revistarambla.com\\\/#organization\",\"name\":\"Revista Rambla\",\"url\":\"https:\\\/\\\/www.revistarambla.com\\\/\",\"logo\":{\"@type\":\"ImageObject\",\"inLanguage\":\"en-GB\",\"@id\":\"https:\\\/\\\/www.revistarambla.com\\\/#\\\/schema\\\/logo\\\/image\\\/\",\"url\":\"https:\\\/\\\/www.revistarambla.com\\\/wp-content\\\/uploads\\\/2020\\\/09\\\/banner_rambla_1900x600_BB.png\",\"contentUrl\":\"https:\\\/\\\/www.revistarambla.com\\\/wp-content\\\/uploads\\\/2020\\\/09\\\/banner_rambla_1900x600_BB.png\",\"width\":1900,\"height\":600,\"caption\":\"Revista Rambla\"},\"image\":{\"@id\":\"https:\\\/\\\/www.revistarambla.com\\\/#\\\/schema\\\/logo\\\/image\\\/\"},\"sameAs\":[\"https:\\\/\\\/www.facebook.com\\\/revistarambla\\\/\",\"https:\\\/\\\/x.com\\\/revistarambla\",\"https:\\\/\\\/www.instagram.com\\\/revista_rambla\",\"https:\\\/\\\/es.linkedin.com\\\/company\\\/revista-rambla\"]},{\"@type\":\"Person\",\"@id\":\"https:\\\/\\\/www.revistarambla.com\\\/#\\\/schema\\\/person\\\/fddd0f9bf5e0c4ab3554d4ce6d5f05a1\",\"name\":\"CUP Barcelona\",\"description\":\"\u00c9s l\u2019hora de fer front a aquest model de Barcelona excloent i insostenible. \u00c9s l\u2019hora de plantejar alternatives que facin efectiu el dret a la ciutat! \u270a \ud83c\udff3\ufe0f\u200d\ud83c\udf08\",\"sameAs\":[\"http:\\\/\\\/barcelona.cup.cat\\\/\",\"https:\\\/\\\/www.instagram.com\\\/cupbarcelona\\\/\",\"https:\\\/\\\/x.com\\\/cupbarcelona\"]}]}<\/script>\n<!-- \/ Yoast SEO plugin. -->","yoast_head_json":{"title":"Denunciem la ferocitat de macroesdeveniments com el Mobile World Congress - Revista Rambla","robots":{"index":"index","follow":"follow","max-snippet":"max-snippet:-1","max-image-preview":"max-image-preview:large","max-video-preview":"max-video-preview:-1"},"canonical":"https:\/\/www.revistarambla.com\/en\/denunciem-la-ferocitat-de-macroesdeveniments-com-el-mobile-world-congress\/","og_locale":"en_GB","og_type":"article","og_title":"Denunciem la ferocitat de macroesdeveniments com el Mobile World Congress - Revista Rambla","og_description":"Sota la idea de 350 milions d'euros per Barcelona i l'Hospitalet amb el pas de m\u00e9s de 80.000 persones, el Mobile World Congress (MWC) torna a ocupar de nou els espais i carrers de la ciutat. Ho fa des de dilluns 27 fins dijous 2 de mar\u00e7 sumant aix\u00ed un any m\u00e9s des del 2006 i amb l\u2019horitz\u00f3 a 2030, any fins al qual hi ha pactat que Barcelona sigui la seva seu.","og_url":"https:\/\/www.revistarambla.com\/en\/denunciem-la-ferocitat-de-macroesdeveniments-com-el-mobile-world-congress\/","og_site_name":"Revista Rambla","article_publisher":"https:\/\/www.facebook.com\/revistarambla\/","article_published_time":"2023-02-28T18:52:52+00:00","article_modified_time":"2023-03-11T17:18:06+00:00","og_image":[{"width":960,"height":720,"url":"https:\/\/www.revistarambla.com\/wp-content\/uploads\/2023\/02\/960px-MWC_2019_46296915385.jpg","type":"image\/jpeg"}],"author":"CUP Barcelona","twitter_card":"summary_large_image","twitter_creator":"@cupbarcelona","twitter_site":"@revistarambla","twitter_misc":{"Written by":"CUP Barcelona","Estimated reading time":"5 minutes"},"schema":{"@context":"https:\/\/schema.org","@graph":[{"@type":"Article","@id":"https:\/\/www.revistarambla.com\/denunciem-la-ferocitat-de-macroesdeveniments-com-el-mobile-world-congress\/#article","isPartOf":{"@id":"https:\/\/www.revistarambla.com\/denunciem-la-ferocitat-de-macroesdeveniments-com-el-mobile-world-congress\/"},"author":{"name":"CUP Barcelona","@id":"https:\/\/www.revistarambla.com\/#\/schema\/person\/fddd0f9bf5e0c4ab3554d4ce6d5f05a1"},"headline":"Denunciem la ferocitat de macroesdeveniments com el Mobile World Congress","datePublished":"2023-02-28T18:52:52+00:00","dateModified":"2023-03-11T17:18:06+00:00","mainEntityOfPage":{"@id":"https:\/\/www.revistarambla.com\/denunciem-la-ferocitat-de-macroesdeveniments-com-el-mobile-world-congress\/"},"wordCount":1179,"publisher":{"@id":"https:\/\/www.revistarambla.com\/#organization"},"image":{"@id":"https:\/\/www.revistarambla.com\/denunciem-la-ferocitat-de-macroesdeveniments-com-el-mobile-world-congress\/#primaryimage"},"thumbnailUrl":"https:\/\/www.revistarambla.com\/wp-content\/uploads\/2023\/02\/960px-MWC_2019_46296915385.jpg","articleSection":["Tribuna Libre"],"inLanguage":"en-GB"},{"@type":"WebPage","@id":"https:\/\/www.revistarambla.com\/denunciem-la-ferocitat-de-macroesdeveniments-com-el-mobile-world-congress\/","url":"https:\/\/www.revistarambla.com\/denunciem-la-ferocitat-de-macroesdeveniments-com-el-mobile-world-congress\/","name":"Denunciem la ferocitat de macroesdeveniments com el Mobile World Congress - Revista Rambla","isPartOf":{"@id":"https:\/\/www.revistarambla.com\/#website"},"primaryImageOfPage":{"@id":"https:\/\/www.revistarambla.com\/denunciem-la-ferocitat-de-macroesdeveniments-com-el-mobile-world-congress\/#primaryimage"},"image":{"@id":"https:\/\/www.revistarambla.com\/denunciem-la-ferocitat-de-macroesdeveniments-com-el-mobile-world-congress\/#primaryimage"},"thumbnailUrl":"https:\/\/www.revistarambla.com\/wp-content\/uploads\/2023\/02\/960px-MWC_2019_46296915385.jpg","datePublished":"2023-02-28T18:52:52+00:00","dateModified":"2023-03-11T17:18:06+00:00","breadcrumb":{"@id":"https:\/\/www.revistarambla.com\/denunciem-la-ferocitat-de-macroesdeveniments-com-el-mobile-world-congress\/#breadcrumb"},"inLanguage":"en-GB","potentialAction":[{"@type":"ReadAction","target":["https:\/\/www.revistarambla.com\/denunciem-la-ferocitat-de-macroesdeveniments-com-el-mobile-world-congress\/"]}]},{"@type":"ImageObject","inLanguage":"en-GB","@id":"https:\/\/www.revistarambla.com\/denunciem-la-ferocitat-de-macroesdeveniments-com-el-mobile-world-congress\/#primaryimage","url":"https:\/\/www.revistarambla.com\/wp-content\/uploads\/2023\/02\/960px-MWC_2019_46296915385.jpg","contentUrl":"https:\/\/www.revistarambla.com\/wp-content\/uploads\/2023\/02\/960px-MWC_2019_46296915385.jpg","width":960,"height":720,"caption":"prostitucion mobile world congress"},{"@type":"BreadcrumbList","@id":"https:\/\/www.revistarambla.com\/denunciem-la-ferocitat-de-macroesdeveniments-com-el-mobile-world-congress\/#breadcrumb","itemListElement":[{"@type":"ListItem","position":1,"name":"Portada","item":"https:\/\/www.revistarambla.com\/"},{"@type":"ListItem","position":2,"name":"Denunciem la ferocitat de macroesdeveniments com el Mobile World Congress"}]},{"@type":"WebSite","@id":"https:\/\/www.revistarambla.com\/#website","url":"https:\/\/www.revistarambla.com\/","name":"Revista Rambla Barcelona","description":"Periodismo independiente","publisher":{"@id":"https:\/\/www.revistarambla.com\/#organization"},"potentialAction":[{"@type":"SearchAction","target":{"@type":"EntryPoint","urlTemplate":"https:\/\/www.revistarambla.com\/?s={search_term_string}"},"query-input":{"@type":"PropertyValueSpecification","valueRequired":true,"valueName":"search_term_string"}}],"inLanguage":"en-GB"},{"@type":"Organization","@id":"https:\/\/www.revistarambla.com\/#organization","name":"Revista Rambla","url":"https:\/\/www.revistarambla.com\/","logo":{"@type":"ImageObject","inLanguage":"en-GB","@id":"https:\/\/www.revistarambla.com\/#\/schema\/logo\/image\/","url":"https:\/\/www.revistarambla.com\/wp-content\/uploads\/2020\/09\/banner_rambla_1900x600_BB.png","contentUrl":"https:\/\/www.revistarambla.com\/wp-content\/uploads\/2020\/09\/banner_rambla_1900x600_BB.png","width":1900,"height":600,"caption":"Revista Rambla"},"image":{"@id":"https:\/\/www.revistarambla.com\/#\/schema\/logo\/image\/"},"sameAs":["https:\/\/www.facebook.com\/revistarambla\/","https:\/\/x.com\/revistarambla","https:\/\/www.instagram.com\/revista_rambla","https:\/\/es.linkedin.com\/company\/revista-rambla"]},{"@type":"Person","@id":"https:\/\/www.revistarambla.com\/#\/schema\/person\/fddd0f9bf5e0c4ab3554d4ce6d5f05a1","name":"CUP Barcelona","description":"\u00c9s l\u2019hora de fer front a aquest model de Barcelona excloent i insostenible. \u00c9s l\u2019hora de plantejar alternatives que facin efectiu el dret a la ciutat! \u270a \ud83c\udff3\ufe0f\u200d\ud83c\udf08","sameAs":["http:\/\/barcelona.cup.cat\/","https:\/\/www.instagram.com\/cupbarcelona\/","https:\/\/x.com\/cupbarcelona"]}]}},"_links":{"self":[{"href":"https:\/\/www.revistarambla.com\/en\/wp-json\/wp\/v2\/posts\/53104","targetHints":{"allow":["GET"]}}],"collection":[{"href":"https:\/\/www.revistarambla.com\/en\/wp-json\/wp\/v2\/posts"}],"about":[{"href":"https:\/\/www.revistarambla.com\/en\/wp-json\/wp\/v2\/types\/post"}],"author":[{"embeddable":true,"href":"https:\/\/www.revistarambla.com\/en\/wp-json\/wp\/v2\/users\/340"}],"replies":[{"embeddable":true,"href":"https:\/\/www.revistarambla.com\/en\/wp-json\/wp\/v2\/comments?post=53104"}],"version-history":[{"count":1,"href":"https:\/\/www.revistarambla.com\/en\/wp-json\/wp\/v2\/posts\/53104\/revisions"}],"predecessor-version":[{"id":53105,"href":"https:\/\/www.revistarambla.com\/en\/wp-json\/wp\/v2\/posts\/53104\/revisions\/53105"}],"wp:featuredmedia":[{"embeddable":true,"href":"https:\/\/www.revistarambla.com\/en\/wp-json\/wp\/v2\/media\/53665"}],"wp:attachment":[{"href":"https:\/\/www.revistarambla.com\/en\/wp-json\/wp\/v2\/media?parent=53104"}],"wp:term":[{"taxonomy":"category","embeddable":true,"href":"https:\/\/www.revistarambla.com\/en\/wp-json\/wp\/v2\/categories?post=53104"},{"taxonomy":"post_tag","embeddable":true,"href":"https:\/\/www.revistarambla.com\/en\/wp-json\/wp\/v2\/tags?post=53104"}],"curies":[{"name":"wp","href":"https:\/\/api.w.org\/{rel}","templated":true}]}}