{"id":531,"date":"2010-11-08T16:37:28","date_gmt":"2010-11-08T15:37:28","guid":{"rendered":"https:\/\/www.revistarambla.com\/ferran-nadeu-la-mejor-escuela-es-la-calle\/"},"modified":"2021-12-10T16:59:19","modified_gmt":"2021-12-10T15:59:19","slug":"ferran-nadeu-la-mejor-escuela-es-la-calle","status":"publish","type":"post","link":"https:\/\/www.revistarambla.com\/en\/ferran-nadeu-la-mejor-escuela-es-la-calle\/","title":{"rendered":"Ferran Nadeu: \u00abLa mejor escuela es la calle\u00bb"},"content":{"rendered":"<p style=\"text-align: left;\"><em>\u2018No hace falta mucha escuela para estudiar nada, y fotograf\u00eda menos. La mejor escuela es la calle\u2019<\/em>. Con s\u00f3lo escuchar esta frase es f\u00e1cil adivinar la implicaci\u00f3n social de este fot\u00f3grafo. Actual colaborador de <a href=\"https:\/\/www.elperiodico.com\/es\/\"><em>El Peri\u00f3dico<\/em> <em>de Catalunya<\/em><\/a>, Ferran Nadeu, ha trabajado tambi\u00e9n para el desaparecido Diario 16 y en El Peri\u00f2dic d\u2019Andorra, adem\u00e1s de en diferentes revistas y agencias de comunicaci\u00f3n. <em>\u2018Aunque en El Peri\u00f3dico he trabajado siempre, de forma intermitente, desde que comenc\u00e9 en el 94\u2019<\/em>, nos aclara. Unos duros comienzos, como no, como becario; aunque Ferran Nadeu asegura que las pr\u00e1cticas le sirvieron para formarse realmente como fot\u00f3grafo.<\/p>\n<p><img decoding=\"async\" class=\"alignright\" src=\"https:\/\/www.revistarambla.com\/wp-content\/uploads\/2010\/11\/ferran%20nadeu2.jpg\" alt=\"alt\" width=\"402\" height=\"203\" \/><\/p>\n<p style=\"text-align: left;\">Cuando le preguntamos qu\u00e9 fue lo que le llev\u00f3 a dedicarse al mundo de la instant\u00e1nea confiesa que la culpa fue de un mero concurso. \u2018<em>En tercero de BUP gan\u00e9 un concurso de fotograf\u00eda que se celebraba por motivo del d\u00eda de Sant Jordi. Y pens\u00e9, \u00a1oye mira, pues igual sirvo para algo!<\/em>\u2019, nos confiesa entre carcajadas.<\/p>\n<p style=\"text-align: left;\">Ferran Nadeu asegura que la prensa diaria le <em>\u2018llena bastante\u2019<\/em>, sin embargo este fot\u00f3grafo catal\u00e1n no ha perdido la oportunidad de realizar alg\u00fan que otro trabajo por su cuenta. Eso s\u00ed, siempre con la intenci\u00f3n de publicar las im\u00e1genes. <em>\u2018No tiene ning\u00fan sentido hacer fotos de estas y guardarlas en un caj\u00f3n. Para denunciar una situaci\u00f3n intentas siempre publicarlas, pero es dif\u00edcil\u2019,<\/em> asegura.<\/p>\n<p style=\"text-align: left;\">De entre todos sus \u2018trabajos sociales\u2019 nosotros hemos querido destacar el reportaje fotogr\u00e1fico que Ferran Nadeu realiz\u00f3 en 2004 sobre la inmigraci\u00f3n y la llegada de pateras a la isla canaria de Fuerteventura. <em>\u2018Me fui durante mis vacaciones. Era la \u00e9poca m\u00e1s dura de las pateras que llegaban desde \u00c1frica a Canarias\u2019<\/em>, nos comenta.<\/p>\n<p style=\"text-align: left;\">Una vez all\u00ed Ferran Nadeu se document\u00f3 durante tres semanas de todo lo que rodea al drama de los cayucos. <em>\u2018Habl\u00e9 con mujeres, con las pocas que me dejaron hablar. Mujeres embarazadas que te explicaban que llevaban dos a\u00f1os caminando por el desierto. Luego les dec\u00edan que si llegaban embarazadas les dar\u00edan papeles y se dejaban violar para quedarse embarazadas. Para luego acabar ejerciendo la prostituci\u00f3n en Fuerteventura mismo o en las calles de Barcelona\u2019<\/em>, nos relata Ferran Nadeu.<\/p>\n<p style=\"text-align: left;\">El futuro de los hombres que llegaban (y llegan) cada d\u00eda a las costas espa\u00f1olas no era m\u00e1s halag\u00fce\u00f1o. <em>\u2018A los hombres pronto los internan en un centro de inmigrantes y luego los env\u00edan a la pen\u00ednsula y los dejan en la calle, en Barcelona, en Valencia\u2026 con una bolsa de la Cruz Roja y ala, b\u00fascate la vida\u2019, <\/em>detalla el fot\u00f3grafo. Personas que llegan pretendiendo alcanzar el id\u00edlico \u2018sue\u00f1o europeo\u2019 y que ni siquiera saben qu\u00e9 es lo que tienen bajo sus pies. <em>\u2018Hab\u00eda gente que te preguntaba: para ir a Madrid, \u00bfpor donde tengo que ir? No, est\u00e1s en Canarias, Fuerteventura\u2019<\/em>, nos relata detalladamente Ferran Nadeu.<\/p>\n<p style=\"text-align: left;\">Las fotograf\u00edas que presentamos a continuaci\u00f3n corresponden al viaje de Ferran Nadeu a Fuerteventura, pero tambi\u00e9n hay algunas localizadas en Barcelona u otras ciudades de Andaluc\u00eda. \u00a0<em>\u2018Las fotos que a\u00f1ad\u00ed despu\u00e9s eran un poco para que se viese que era lo que pasaba despu\u00e9s de que llegasen en pateras. Que vienen aqu\u00ed con el sue\u00f1o europeo y acaban vendiendo en el top manta en la calle, cogiendo fruta a 1 euro la hora\u2026\u2019.<\/em><\/p>\n<p style=\"text-align: left;\">El reportaje fotogr\u00e1fico de Ferran Nadeu se public\u00f3 en El Peri\u00f3dico en forma de mosaico con peque\u00f1os pies de foto <em>\u2018pero las historias en s\u00ed, se han quedado ah\u00ed\u2019<\/em>, confiesa Ferran Nadeu. \u2018<em>No tuvo difusi\u00f3n el texto por lo que pasa siempre en la prensa, que estos temas no les interesan. Son temas que no se publican mucho\u2019<\/em> concluye.<\/p>","protected":false},"excerpt":{"rendered":"<p>\u2018No hace falta mucha escuela para estudiar nada, y fotograf\u00eda menos. La mejor escuela es la calle\u2019. Con s\u00f3lo escuchar esta frase es f\u00e1cil adivinar la implicaci\u00f3n social de este fot\u00f3grafo. Actual colaborador de El Peri\u00f3dico de Catalunya, Ferran Nadeu, ha trabajado tambi\u00e9n para el desaparecido Diario 16 y en [&hellip;]<\/p>\n","protected":false},"author":53,"featured_media":0,"comment_status":"open","ping_status":"open","sticky":false,"template":"","format":"standard","meta":{"footnotes":""},"categories":[3,76],"tags":[],"class_list":["post-531","post","type-post","status-publish","format-standard","hentry","category-actualidad","category-barcelona"],"yoast_head":"<!-- This site is optimized with the Yoast SEO plugin v27.5 - https:\/\/yoast.com\/product\/yoast-seo-wordpress\/ -->\n<title>Ferran Nadeu: &quot;La mejor escuela es la calle&quot; - Revista Rambla<\/title>\n<meta name=\"description\" content=\"Actual colaborador de El Peri\u00f3dico de Catalunya, Ferran Nadeu, ha trabajado tambi\u00e9n para el desaparecido Diario 16 y en El Peri\u00f2dic d\u2019Andorra.\" \/>\n<meta name=\"robots\" content=\"index, follow, max-snippet:-1, max-image-preview:large, max-video-preview:-1\" \/>\n<link rel=\"canonical\" href=\"https:\/\/www.revistarambla.com\/en\/ferran-nadeu-la-mejor-escuela-es-la-calle\/\" \/>\n<meta property=\"og:locale\" content=\"en_GB\" \/>\n<meta property=\"og:type\" content=\"article\" \/>\n<meta property=\"og:title\" content=\"Ferran Nadeu: &quot;La mejor escuela es la calle&quot; - Revista Rambla\" \/>\n<meta property=\"og:description\" content=\"Actual colaborador de El Peri\u00f3dico de Catalunya, Ferran Nadeu, ha trabajado tambi\u00e9n para el desaparecido Diario 16 y en El Peri\u00f2dic d\u2019Andorra.\" \/>\n<meta property=\"og:url\" content=\"https:\/\/www.revistarambla.com\/en\/ferran-nadeu-la-mejor-escuela-es-la-calle\/\" \/>\n<meta property=\"og:site_name\" content=\"Revista Rambla\" \/>\n<meta property=\"article:publisher\" content=\"https:\/\/www.facebook.com\/revistarambla\/\" \/>\n<meta property=\"article:published_time\" content=\"2010-11-08T15:37:28+00:00\" \/>\n<meta property=\"article:modified_time\" content=\"2021-12-10T15:59:19+00:00\" \/>\n<meta property=\"og:image\" content=\"https:\/\/www.revistarambla.com\/wp-content\/uploads\/2010\/11\/ferran%20nadeu1.jpg\" \/>\n\t<meta property=\"og:image:width\" content=\"250\" \/>\n\t<meta property=\"og:image:height\" content=\"179\" \/>\n\t<meta property=\"og:image:type\" content=\"image\/jpeg\" \/>\n<meta name=\"author\" content=\"Estefan\u00eda P\u00e9rez\" \/>\n<meta name=\"twitter:card\" content=\"summary_large_image\" \/>\n<meta name=\"twitter:creator\" content=\"@revistarambla\" \/>\n<meta name=\"twitter:site\" content=\"@revistarambla\" \/>\n<meta name=\"twitter:label1\" content=\"Written by\" \/>\n\t<meta name=\"twitter:data1\" content=\"Estefan\u00eda P\u00e9rez\" \/>\n\t<meta name=\"twitter:label2\" content=\"Estimated reading time\" \/>\n\t<meta name=\"twitter:data2\" content=\"3 minutes\" \/>\n<script type=\"application\/ld+json\" class=\"yoast-schema-graph\">{\"@context\":\"https:\\\/\\\/schema.org\",\"@graph\":[{\"@type\":\"Article\",\"@id\":\"https:\\\/\\\/www.revistarambla.com\\\/ferran-nadeu-la-mejor-escuela-es-la-calle\\\/#article\",\"isPartOf\":{\"@id\":\"https:\\\/\\\/www.revistarambla.com\\\/ferran-nadeu-la-mejor-escuela-es-la-calle\\\/\"},\"author\":{\"name\":\"Estefan\u00eda P\u00e9rez\",\"@id\":\"https:\\\/\\\/www.revistarambla.com\\\/#\\\/schema\\\/person\\\/9cc1c0f5495c4a6fd189ddd5ba5c5ac5\"},\"headline\":\"Ferran Nadeu: \u00abLa mejor escuela es la calle\u00bb\",\"datePublished\":\"2010-11-08T15:37:28+00:00\",\"dateModified\":\"2021-12-10T15:59:19+00:00\",\"mainEntityOfPage\":{\"@id\":\"https:\\\/\\\/www.revistarambla.com\\\/ferran-nadeu-la-mejor-escuela-es-la-calle\\\/\"},\"wordCount\":656,\"commentCount\":0,\"publisher\":{\"@id\":\"https:\\\/\\\/www.revistarambla.com\\\/#organization\"},\"image\":{\"@id\":\"https:\\\/\\\/www.revistarambla.com\\\/ferran-nadeu-la-mejor-escuela-es-la-calle\\\/#primaryimage\"},\"thumbnailUrl\":\"https:\\\/\\\/www.revistarambla.com\\\/wp-content\\\/uploads\\\/2010\\\/11\\\/ferran%20nadeu2.jpg\",\"articleSection\":[\"Actualidad\",\"Barcelona\"],\"inLanguage\":\"en-GB\",\"potentialAction\":[{\"@type\":\"CommentAction\",\"name\":\"Comment\",\"target\":[\"https:\\\/\\\/www.revistarambla.com\\\/ferran-nadeu-la-mejor-escuela-es-la-calle\\\/#respond\"]}]},{\"@type\":\"WebPage\",\"@id\":\"https:\\\/\\\/www.revistarambla.com\\\/ferran-nadeu-la-mejor-escuela-es-la-calle\\\/\",\"url\":\"https:\\\/\\\/www.revistarambla.com\\\/ferran-nadeu-la-mejor-escuela-es-la-calle\\\/\",\"name\":\"Ferran Nadeu: \\\"La mejor escuela es la calle\\\" - Revista Rambla\",\"isPartOf\":{\"@id\":\"https:\\\/\\\/www.revistarambla.com\\\/#website\"},\"primaryImageOfPage\":{\"@id\":\"https:\\\/\\\/www.revistarambla.com\\\/ferran-nadeu-la-mejor-escuela-es-la-calle\\\/#primaryimage\"},\"image\":{\"@id\":\"https:\\\/\\\/www.revistarambla.com\\\/ferran-nadeu-la-mejor-escuela-es-la-calle\\\/#primaryimage\"},\"thumbnailUrl\":\"https:\\\/\\\/www.revistarambla.com\\\/wp-content\\\/uploads\\\/2010\\\/11\\\/ferran%20nadeu2.jpg\",\"datePublished\":\"2010-11-08T15:37:28+00:00\",\"dateModified\":\"2021-12-10T15:59:19+00:00\",\"description\":\"Actual colaborador de El Peri\u00f3dico de Catalunya, Ferran Nadeu, ha trabajado tambi\u00e9n para el desaparecido Diario 16 y en El Peri\u00f2dic d\u2019Andorra.\",\"breadcrumb\":{\"@id\":\"https:\\\/\\\/www.revistarambla.com\\\/ferran-nadeu-la-mejor-escuela-es-la-calle\\\/#breadcrumb\"},\"inLanguage\":\"en-GB\",\"potentialAction\":[{\"@type\":\"ReadAction\",\"target\":[\"https:\\\/\\\/www.revistarambla.com\\\/ferran-nadeu-la-mejor-escuela-es-la-calle\\\/\"]}]},{\"@type\":\"ImageObject\",\"inLanguage\":\"en-GB\",\"@id\":\"https:\\\/\\\/www.revistarambla.com\\\/ferran-nadeu-la-mejor-escuela-es-la-calle\\\/#primaryimage\",\"url\":\"https:\\\/\\\/www.revistarambla.com\\\/wp-content\\\/uploads\\\/2010\\\/11\\\/ferran%20nadeu2.jpg\",\"contentUrl\":\"https:\\\/\\\/www.revistarambla.com\\\/wp-content\\\/uploads\\\/2010\\\/11\\\/ferran%20nadeu2.jpg\"},{\"@type\":\"BreadcrumbList\",\"@id\":\"https:\\\/\\\/www.revistarambla.com\\\/ferran-nadeu-la-mejor-escuela-es-la-calle\\\/#breadcrumb\",\"itemListElement\":[{\"@type\":\"ListItem\",\"position\":1,\"name\":\"Portada\",\"item\":\"https:\\\/\\\/www.revistarambla.com\\\/\"},{\"@type\":\"ListItem\",\"position\":2,\"name\":\"Ferran Nadeu: \u00abLa mejor escuela es la calle\u00bb\"}]},{\"@type\":\"WebSite\",\"@id\":\"https:\\\/\\\/www.revistarambla.com\\\/#website\",\"url\":\"https:\\\/\\\/www.revistarambla.com\\\/\",\"name\":\"Revista Rambla Barcelona\",\"description\":\"Periodismo independiente\",\"publisher\":{\"@id\":\"https:\\\/\\\/www.revistarambla.com\\\/#organization\"},\"potentialAction\":[{\"@type\":\"SearchAction\",\"target\":{\"@type\":\"EntryPoint\",\"urlTemplate\":\"https:\\\/\\\/www.revistarambla.com\\\/?s={search_term_string}\"},\"query-input\":{\"@type\":\"PropertyValueSpecification\",\"valueRequired\":true,\"valueName\":\"search_term_string\"}}],\"inLanguage\":\"en-GB\"},{\"@type\":\"Organization\",\"@id\":\"https:\\\/\\\/www.revistarambla.com\\\/#organization\",\"name\":\"Revista Rambla\",\"url\":\"https:\\\/\\\/www.revistarambla.com\\\/\",\"logo\":{\"@type\":\"ImageObject\",\"inLanguage\":\"en-GB\",\"@id\":\"https:\\\/\\\/www.revistarambla.com\\\/#\\\/schema\\\/logo\\\/image\\\/\",\"url\":\"https:\\\/\\\/www.revistarambla.com\\\/wp-content\\\/uploads\\\/2020\\\/09\\\/banner_rambla_1900x600_BB.png\",\"contentUrl\":\"https:\\\/\\\/www.revistarambla.com\\\/wp-content\\\/uploads\\\/2020\\\/09\\\/banner_rambla_1900x600_BB.png\",\"width\":1900,\"height\":600,\"caption\":\"Revista Rambla\"},\"image\":{\"@id\":\"https:\\\/\\\/www.revistarambla.com\\\/#\\\/schema\\\/logo\\\/image\\\/\"},\"sameAs\":[\"https:\\\/\\\/www.facebook.com\\\/revistarambla\\\/\",\"https:\\\/\\\/x.com\\\/revistarambla\",\"https:\\\/\\\/www.instagram.com\\\/revista_rambla\",\"https:\\\/\\\/es.linkedin.com\\\/company\\\/revista-rambla\"]},{\"@type\":\"Person\",\"@id\":\"https:\\\/\\\/www.revistarambla.com\\\/#\\\/schema\\\/person\\\/9cc1c0f5495c4a6fd189ddd5ba5c5ac5\",\"name\":\"Estefan\u00eda P\u00e9rez\",\"description\":\"_\"}]}<\/script>\n<!-- \/ Yoast SEO plugin. -->","yoast_head_json":{"title":"Ferran Nadeu: \"La mejor escuela es la calle\" - Revista Rambla","description":"Actual colaborador de El Peri\u00f3dico de Catalunya, Ferran Nadeu, ha trabajado tambi\u00e9n para el desaparecido Diario 16 y en El Peri\u00f2dic d\u2019Andorra.","robots":{"index":"index","follow":"follow","max-snippet":"max-snippet:-1","max-image-preview":"max-image-preview:large","max-video-preview":"max-video-preview:-1"},"canonical":"https:\/\/www.revistarambla.com\/en\/ferran-nadeu-la-mejor-escuela-es-la-calle\/","og_locale":"en_GB","og_type":"article","og_title":"Ferran Nadeu: \"La mejor escuela es la calle\" - Revista Rambla","og_description":"Actual colaborador de El Peri\u00f3dico de Catalunya, Ferran Nadeu, ha trabajado tambi\u00e9n para el desaparecido Diario 16 y en El Peri\u00f2dic d\u2019Andorra.","og_url":"https:\/\/www.revistarambla.com\/en\/ferran-nadeu-la-mejor-escuela-es-la-calle\/","og_site_name":"Revista Rambla","article_publisher":"https:\/\/www.facebook.com\/revistarambla\/","article_published_time":"2010-11-08T15:37:28+00:00","article_modified_time":"2021-12-10T15:59:19+00:00","og_image":[{"width":250,"height":179,"url":"https:\/\/www.revistarambla.com\/wp-content\/uploads\/2010\/11\/ferran nadeu1.jpg","type":"image\/jpeg"}],"author":"Estefan\u00eda P\u00e9rez","twitter_card":"summary_large_image","twitter_creator":"@revistarambla","twitter_site":"@revistarambla","twitter_misc":{"Written by":"Estefan\u00eda P\u00e9rez","Estimated reading time":"3 minutes"},"schema":{"@context":"https:\/\/schema.org","@graph":[{"@type":"Article","@id":"https:\/\/www.revistarambla.com\/ferran-nadeu-la-mejor-escuela-es-la-calle\/#article","isPartOf":{"@id":"https:\/\/www.revistarambla.com\/ferran-nadeu-la-mejor-escuela-es-la-calle\/"},"author":{"name":"Estefan\u00eda P\u00e9rez","@id":"https:\/\/www.revistarambla.com\/#\/schema\/person\/9cc1c0f5495c4a6fd189ddd5ba5c5ac5"},"headline":"Ferran Nadeu: \u00abLa mejor escuela es la calle\u00bb","datePublished":"2010-11-08T15:37:28+00:00","dateModified":"2021-12-10T15:59:19+00:00","mainEntityOfPage":{"@id":"https:\/\/www.revistarambla.com\/ferran-nadeu-la-mejor-escuela-es-la-calle\/"},"wordCount":656,"commentCount":0,"publisher":{"@id":"https:\/\/www.revistarambla.com\/#organization"},"image":{"@id":"https:\/\/www.revistarambla.com\/ferran-nadeu-la-mejor-escuela-es-la-calle\/#primaryimage"},"thumbnailUrl":"https:\/\/www.revistarambla.com\/wp-content\/uploads\/2010\/11\/ferran%20nadeu2.jpg","articleSection":["Actualidad","Barcelona"],"inLanguage":"en-GB","potentialAction":[{"@type":"CommentAction","name":"Comment","target":["https:\/\/www.revistarambla.com\/ferran-nadeu-la-mejor-escuela-es-la-calle\/#respond"]}]},{"@type":"WebPage","@id":"https:\/\/www.revistarambla.com\/ferran-nadeu-la-mejor-escuela-es-la-calle\/","url":"https:\/\/www.revistarambla.com\/ferran-nadeu-la-mejor-escuela-es-la-calle\/","name":"Ferran Nadeu: \"La mejor escuela es la calle\" - Revista Rambla","isPartOf":{"@id":"https:\/\/www.revistarambla.com\/#website"},"primaryImageOfPage":{"@id":"https:\/\/www.revistarambla.com\/ferran-nadeu-la-mejor-escuela-es-la-calle\/#primaryimage"},"image":{"@id":"https:\/\/www.revistarambla.com\/ferran-nadeu-la-mejor-escuela-es-la-calle\/#primaryimage"},"thumbnailUrl":"https:\/\/www.revistarambla.com\/wp-content\/uploads\/2010\/11\/ferran%20nadeu2.jpg","datePublished":"2010-11-08T15:37:28+00:00","dateModified":"2021-12-10T15:59:19+00:00","description":"Actual colaborador de El Peri\u00f3dico de Catalunya, Ferran Nadeu, ha trabajado tambi\u00e9n para el desaparecido Diario 16 y en El Peri\u00f2dic d\u2019Andorra.","breadcrumb":{"@id":"https:\/\/www.revistarambla.com\/ferran-nadeu-la-mejor-escuela-es-la-calle\/#breadcrumb"},"inLanguage":"en-GB","potentialAction":[{"@type":"ReadAction","target":["https:\/\/www.revistarambla.com\/ferran-nadeu-la-mejor-escuela-es-la-calle\/"]}]},{"@type":"ImageObject","inLanguage":"en-GB","@id":"https:\/\/www.revistarambla.com\/ferran-nadeu-la-mejor-escuela-es-la-calle\/#primaryimage","url":"https:\/\/www.revistarambla.com\/wp-content\/uploads\/2010\/11\/ferran%20nadeu2.jpg","contentUrl":"https:\/\/www.revistarambla.com\/wp-content\/uploads\/2010\/11\/ferran%20nadeu2.jpg"},{"@type":"BreadcrumbList","@id":"https:\/\/www.revistarambla.com\/ferran-nadeu-la-mejor-escuela-es-la-calle\/#breadcrumb","itemListElement":[{"@type":"ListItem","position":1,"name":"Portada","item":"https:\/\/www.revistarambla.com\/"},{"@type":"ListItem","position":2,"name":"Ferran Nadeu: \u00abLa mejor escuela es la calle\u00bb"}]},{"@type":"WebSite","@id":"https:\/\/www.revistarambla.com\/#website","url":"https:\/\/www.revistarambla.com\/","name":"Revista Rambla Barcelona","description":"Periodismo independiente","publisher":{"@id":"https:\/\/www.revistarambla.com\/#organization"},"potentialAction":[{"@type":"SearchAction","target":{"@type":"EntryPoint","urlTemplate":"https:\/\/www.revistarambla.com\/?s={search_term_string}"},"query-input":{"@type":"PropertyValueSpecification","valueRequired":true,"valueName":"search_term_string"}}],"inLanguage":"en-GB"},{"@type":"Organization","@id":"https:\/\/www.revistarambla.com\/#organization","name":"Revista Rambla","url":"https:\/\/www.revistarambla.com\/","logo":{"@type":"ImageObject","inLanguage":"en-GB","@id":"https:\/\/www.revistarambla.com\/#\/schema\/logo\/image\/","url":"https:\/\/www.revistarambla.com\/wp-content\/uploads\/2020\/09\/banner_rambla_1900x600_BB.png","contentUrl":"https:\/\/www.revistarambla.com\/wp-content\/uploads\/2020\/09\/banner_rambla_1900x600_BB.png","width":1900,"height":600,"caption":"Revista Rambla"},"image":{"@id":"https:\/\/www.revistarambla.com\/#\/schema\/logo\/image\/"},"sameAs":["https:\/\/www.facebook.com\/revistarambla\/","https:\/\/x.com\/revistarambla","https:\/\/www.instagram.com\/revista_rambla","https:\/\/es.linkedin.com\/company\/revista-rambla"]},{"@type":"Person","@id":"https:\/\/www.revistarambla.com\/#\/schema\/person\/9cc1c0f5495c4a6fd189ddd5ba5c5ac5","name":"Estefan\u00eda P\u00e9rez","description":"_"}]}},"_links":{"self":[{"href":"https:\/\/www.revistarambla.com\/en\/wp-json\/wp\/v2\/posts\/531","targetHints":{"allow":["GET"]}}],"collection":[{"href":"https:\/\/www.revistarambla.com\/en\/wp-json\/wp\/v2\/posts"}],"about":[{"href":"https:\/\/www.revistarambla.com\/en\/wp-json\/wp\/v2\/types\/post"}],"author":[{"embeddable":true,"href":"https:\/\/www.revistarambla.com\/en\/wp-json\/wp\/v2\/users\/53"}],"replies":[{"embeddable":true,"href":"https:\/\/www.revistarambla.com\/en\/wp-json\/wp\/v2\/comments?post=531"}],"version-history":[{"count":0,"href":"https:\/\/www.revistarambla.com\/en\/wp-json\/wp\/v2\/posts\/531\/revisions"}],"wp:attachment":[{"href":"https:\/\/www.revistarambla.com\/en\/wp-json\/wp\/v2\/media?parent=531"}],"wp:term":[{"taxonomy":"category","embeddable":true,"href":"https:\/\/www.revistarambla.com\/en\/wp-json\/wp\/v2\/categories?post=531"},{"taxonomy":"post_tag","embeddable":true,"href":"https:\/\/www.revistarambla.com\/en\/wp-json\/wp\/v2\/tags?post=531"}],"curies":[{"name":"wp","href":"https:\/\/api.w.org\/{rel}","templated":true}]}}