{"id":53039,"date":"2023-02-26T19:43:43","date_gmt":"2023-02-26T18:43:43","guid":{"rendered":"https:\/\/www.revistarambla.com\/?p=53039"},"modified":"2023-02-26T19:43:43","modified_gmt":"2023-02-26T18:43:43","slug":"lo-que-no-es-util-para-la-colmena-tampoco-lo-es-para-las-abejas","status":"publish","type":"post","link":"https:\/\/www.revistarambla.com\/en\/lo-que-no-es-util-para-la-colmena-tampoco-lo-es-para-las-abejas\/","title":{"rendered":"Lo que no es \u00fatil para la colmena, tampoco lo es para las abejas"},"content":{"rendered":"<p>Figura la primera frase en una de las obras (REFLEXIONES de Marco Aurelio) de ese Emperador romano que supo rodearse en su \u00e9poca de la flor y nata de la Filosof\u00eda, junto a otros autores enriquecedores del Pensamiento, y Espa\u00f1a, necesita imperativamente ser Colmena y dejar de ser un avispero cada vez mayor.<\/p>\n<p>Cuando leo que la Asignatura referente a la Filosof\u00eda, pretenden suprimirla del programa de estudios de nuestros j\u00f3venes, \u201cse me abren las carnes\u201d solo en pensarlo. \u00bfVamos a convertirlos en aut\u00f3matas?<\/p>\n<p>Surge una pregunta al respecto: \u00bfQu\u00e9 se pretende, con ello, restar actividad al L\u00f3bulo Frontal de nuestro cerebro dirigido al Pensamiento?<\/p>\n<p>Respecto al t\u00edtulo de la presente Columna, se hace necesario citar dos de ellas, publicadas en julio de 2019 y enero de 2020: UN NO, SIGNIFICA UN MEDIO SI, y CUANDO UN PROVERBIO ENCIERRA REALIDADES.<\/p>\n<p>La primera de ellas reflejaba en estas p\u00e1ginas un presagio de futuro, seis meses previos a la firma de la citada Coalici\u00f3n el 30.12.2019.<\/p>\n<p>\u00bfQui\u00e9n no va a recordar aquellas bufas declaraciones del presidente, bajo el signo de falta de credibilidad?: \u201cno podr\u00eda dormir, pensado en una Coalici\u00f3n con Podemos\u201d.<\/p>\n<p>A la publicaci\u00f3n de la segunda Columna, por prudencia, hubo que esperar a la inmediatez posterior a la firma del Acuerdo, el 31.12.2019.<\/p>\n<p>Desde entonces hemos venido comentando las pr\u00f3digas situaciones que hemos venido soportando por unas causas o por otras, ya que, en nuestra opini\u00f3n, Espa\u00f1a no se encontraba ni se encuentra preparada para este tipo de gobierno, estilo venezolano o bolivariano de ra\u00edces pol\u00edticas de subvenciones por doquier, que aten\u00faa el esfuerzo de trabajo que le debemos al Pa\u00eds para salir adelante.<\/p>\n<p>Estimo que el presidente asumi\u00f3 tarde la realidad, y los \u201cpa\u00f1os calientes\u201d posteriores no sirvieron para nada. Todo un \u201ccraso\u201d error, ya que hablamos de la antigua Roma, y, en concreto sobre Marco Licinio Craso, (Pol\u00edtico y Militar) en este \u00faltimo supuesto.<\/p>\n<p>Resulta evidente, camino del final de la legislatura, que la Coalici\u00f3n \u201csalta por los aires\u201d, casi a diario, pregunt\u00e1ndose media Espa\u00f1a \u00bfqu\u00e9 ocurri\u00f3 con el inicial idilio entre ambas formaciones, o quiz\u00e1s se trat\u00f3 de una idealizaci\u00f3n quijotesca? M\u00e1s bien, en este caso, me inclinar\u00eda por el argumento de El Lazarillo de Tormes.<\/p>\n<p>Tampoco, recientes \u201cedulcorantes\u201d pol\u00edticos que se presentan como novedosos y redentores, convencen ya que sus recetas aparentan proceder de quimeras.<\/p>\n<p>Ante las circunstancias que nos rodean, creo que se impone una reflexi\u00f3n generalizada de la sociedad espa\u00f1ola, la cual podr\u00eda preguntarse \u00bfqu\u00e9 hemos hecho para merecer esta Coalici\u00f3n y al presunto azar, riesgo o ventura que impuso el Sr. S\u00e1nchez?<\/p>\n<p>Vayamos pues al Tema Central, que entendemos necesita Espa\u00f1a: Una regeneraci\u00f3n pol\u00edtica que deber\u00eda partir del electorado en estas dos primeras Elecciones en forma de sentimiento de rechazo; desencanto; hartazgo; desafecci\u00f3n; desacuerdos, etc. ante motivos sobradamente demostrados de insostenibilidad generalizada sin listar acontecimientos.<\/p>\n<p>No emitir voto, significa legal y t\u00e9cnicamente, que al no existir el mismo, no afecta a los resultados, pasando a convertirse en apat\u00eda participativa, o bien, en rechazo a la situaci\u00f3n u oferta pol\u00edtica existente.<\/p>\n<p>Lo anterior, no suele gustar a los partidos pol\u00edticos, los cuales tratar\u00e1n de convencer de lo contrario a fin de que una posible decisi\u00f3n final de no acudir a las urnas pueda ser utilizada por los votantes, tal y como se ha mencionado, como muestra de desaprobaci\u00f3n a su gesti\u00f3n, y ello, no permitir\u00e1n que pueda ocurrir, aunque el riesgo se encuentre repartido.<\/p>\n<p>En las Elecciones de 2019, tuvimos en las Auton\u00f3micas un \u00edndice de ausencia de participaci\u00f3n del 30.12%. En las Generales, un 33.80% y en las Municipales un 34.80%.<\/p>\n<p>Como conclusi\u00f3n, cabr\u00eda preguntarse \u00bfc\u00f3mo se interpretar\u00eda por los Partidos, en las dos pr\u00f3ximas elecciones (Municipales y Auton\u00f3micas) una falta de participaci\u00f3n que rondara el 50\/55% del electorado?, y esperar hasta diciembre, si se atisba o no, regeneraci\u00f3n ante las Generales, junto al derrumbe de la Coalici\u00f3n, actuando en consecuencia.<\/p>\n<p>Se trata de una opci\u00f3n destinada a observar hasta las Elecciones Generales, si nuestros Partidos Pol\u00edticos desean realmente dicha REGENERACI\u00d3N POL\u00cdTICA, o permanecer en la l\u00ednea equidistante conocida.<\/p>\n<p>Toda una reflexi\u00f3n de aqu\u00ed hasta mayo, tan respetable desde emitir el voto seg\u00fan conciencia, o bien, la que utilizar\u00e1 este servidor: No acudir a las urnas y observar resultados.<\/p>\n<p><em>*Foto: <a href=\"https:\/\/pixabay.com\/es\/photos\/colmenar-abeja-granja-de-abejas-1866740\/\">Pixabay<\/a><\/em><\/p>","protected":false},"excerpt":{"rendered":"<p>Espa\u00f1a debe dejar de ser avispero<\/p>","protected":false},"author":305,"featured_media":53040,"comment_status":"closed","ping_status":"closed","sticky":false,"template":"","format":"standard","meta":{"footnotes":""},"categories":[72],"tags":[],"class_list":["post-53039","post","type-post","status-publish","format-standard","has-post-thumbnail","hentry","category-opinion"],"yoast_head":"<!-- This site is optimized with the Yoast SEO plugin v27.5 - https:\/\/yoast.com\/product\/yoast-seo-wordpress\/ -->\n<title>Lo que no es \u00fatil para la colmena, tampoco lo es para las abejas - Revista Rambla<\/title>\n<meta name=\"robots\" content=\"index, follow, max-snippet:-1, max-image-preview:large, max-video-preview:-1\" \/>\n<link rel=\"canonical\" href=\"https:\/\/www.revistarambla.com\/en\/lo-que-no-es-util-para-la-colmena-tampoco-lo-es-para-las-abejas\/\" \/>\n<meta property=\"og:locale\" content=\"en_GB\" \/>\n<meta property=\"og:type\" content=\"article\" \/>\n<meta property=\"og:title\" content=\"Lo que no es \u00fatil para la colmena, tampoco lo es para las abejas - Revista Rambla\" \/>\n<meta property=\"og:description\" content=\"Espa\u00f1a debe dejar de ser avispero\" \/>\n<meta property=\"og:url\" content=\"https:\/\/www.revistarambla.com\/en\/lo-que-no-es-util-para-la-colmena-tampoco-lo-es-para-las-abejas\/\" \/>\n<meta property=\"og:site_name\" content=\"Revista Rambla\" \/>\n<meta property=\"article:publisher\" content=\"https:\/\/www.facebook.com\/revistarambla\/\" \/>\n<meta property=\"article:published_time\" content=\"2023-02-26T18:43:43+00:00\" \/>\n<meta property=\"og:image\" content=\"https:\/\/www.revistarambla.com\/wp-content\/uploads\/2023\/02\/apiary-gd9f436a7f_1280.jpg\" \/>\n\t<meta property=\"og:image:width\" content=\"1280\" \/>\n\t<meta property=\"og:image:height\" content=\"852\" \/>\n\t<meta property=\"og:image:type\" content=\"image\/jpeg\" \/>\n<meta name=\"author\" content=\"Jes\u00fas Antonio Rodr\u00edguez Morilla\" \/>\n<meta name=\"twitter:card\" content=\"summary_large_image\" \/>\n<meta name=\"twitter:creator\" content=\"@revistarambla\" \/>\n<meta name=\"twitter:site\" content=\"@revistarambla\" \/>\n<meta name=\"twitter:label1\" content=\"Written by\" \/>\n\t<meta name=\"twitter:data1\" content=\"Jes\u00fas Antonio Rodr\u00edguez Morilla\" \/>\n\t<meta name=\"twitter:label2\" content=\"Estimated reading time\" \/>\n\t<meta name=\"twitter:data2\" content=\"4 minutes\" \/>\n<script type=\"application\/ld+json\" class=\"yoast-schema-graph\">{\"@context\":\"https:\\\/\\\/schema.org\",\"@graph\":[{\"@type\":\"Article\",\"@id\":\"https:\\\/\\\/www.revistarambla.com\\\/lo-que-no-es-util-para-la-colmena-tampoco-lo-es-para-las-abejas\\\/#article\",\"isPartOf\":{\"@id\":\"https:\\\/\\\/www.revistarambla.com\\\/lo-que-no-es-util-para-la-colmena-tampoco-lo-es-para-las-abejas\\\/\"},\"author\":{\"name\":\"Jes\u00fas Antonio Rodr\u00edguez Morilla\",\"@id\":\"https:\\\/\\\/www.revistarambla.com\\\/#\\\/schema\\\/person\\\/eace802346abd966cd3ecb763f255a0a\"},\"headline\":\"Lo que no es \u00fatil para la colmena, tampoco lo es para las abejas\",\"datePublished\":\"2023-02-26T18:43:43+00:00\",\"mainEntityOfPage\":{\"@id\":\"https:\\\/\\\/www.revistarambla.com\\\/lo-que-no-es-util-para-la-colmena-tampoco-lo-es-para-las-abejas\\\/\"},\"wordCount\":781,\"publisher\":{\"@id\":\"https:\\\/\\\/www.revistarambla.com\\\/#organization\"},\"image\":{\"@id\":\"https:\\\/\\\/www.revistarambla.com\\\/lo-que-no-es-util-para-la-colmena-tampoco-lo-es-para-las-abejas\\\/#primaryimage\"},\"thumbnailUrl\":\"https:\\\/\\\/www.revistarambla.com\\\/wp-content\\\/uploads\\\/2023\\\/02\\\/apiary-gd9f436a7f_1280.jpg\",\"articleSection\":[\"Opiniones\"],\"inLanguage\":\"en-GB\"},{\"@type\":\"WebPage\",\"@id\":\"https:\\\/\\\/www.revistarambla.com\\\/lo-que-no-es-util-para-la-colmena-tampoco-lo-es-para-las-abejas\\\/\",\"url\":\"https:\\\/\\\/www.revistarambla.com\\\/lo-que-no-es-util-para-la-colmena-tampoco-lo-es-para-las-abejas\\\/\",\"name\":\"Lo que no es \u00fatil para la colmena, tampoco lo es para las abejas - Revista Rambla\",\"isPartOf\":{\"@id\":\"https:\\\/\\\/www.revistarambla.com\\\/#website\"},\"primaryImageOfPage\":{\"@id\":\"https:\\\/\\\/www.revistarambla.com\\\/lo-que-no-es-util-para-la-colmena-tampoco-lo-es-para-las-abejas\\\/#primaryimage\"},\"image\":{\"@id\":\"https:\\\/\\\/www.revistarambla.com\\\/lo-que-no-es-util-para-la-colmena-tampoco-lo-es-para-las-abejas\\\/#primaryimage\"},\"thumbnailUrl\":\"https:\\\/\\\/www.revistarambla.com\\\/wp-content\\\/uploads\\\/2023\\\/02\\\/apiary-gd9f436a7f_1280.jpg\",\"datePublished\":\"2023-02-26T18:43:43+00:00\",\"breadcrumb\":{\"@id\":\"https:\\\/\\\/www.revistarambla.com\\\/lo-que-no-es-util-para-la-colmena-tampoco-lo-es-para-las-abejas\\\/#breadcrumb\"},\"inLanguage\":\"en-GB\",\"potentialAction\":[{\"@type\":\"ReadAction\",\"target\":[\"https:\\\/\\\/www.revistarambla.com\\\/lo-que-no-es-util-para-la-colmena-tampoco-lo-es-para-las-abejas\\\/\"]}]},{\"@type\":\"ImageObject\",\"inLanguage\":\"en-GB\",\"@id\":\"https:\\\/\\\/www.revistarambla.com\\\/lo-que-no-es-util-para-la-colmena-tampoco-lo-es-para-las-abejas\\\/#primaryimage\",\"url\":\"https:\\\/\\\/www.revistarambla.com\\\/wp-content\\\/uploads\\\/2023\\\/02\\\/apiary-gd9f436a7f_1280.jpg\",\"contentUrl\":\"https:\\\/\\\/www.revistarambla.com\\\/wp-content\\\/uploads\\\/2023\\\/02\\\/apiary-gd9f436a7f_1280.jpg\",\"width\":1280,\"height\":852},{\"@type\":\"BreadcrumbList\",\"@id\":\"https:\\\/\\\/www.revistarambla.com\\\/lo-que-no-es-util-para-la-colmena-tampoco-lo-es-para-las-abejas\\\/#breadcrumb\",\"itemListElement\":[{\"@type\":\"ListItem\",\"position\":1,\"name\":\"Portada\",\"item\":\"https:\\\/\\\/www.revistarambla.com\\\/\"},{\"@type\":\"ListItem\",\"position\":2,\"name\":\"Lo que no es \u00fatil para la colmena, tampoco lo es para las abejas\"}]},{\"@type\":\"WebSite\",\"@id\":\"https:\\\/\\\/www.revistarambla.com\\\/#website\",\"url\":\"https:\\\/\\\/www.revistarambla.com\\\/\",\"name\":\"Revista Rambla Barcelona\",\"description\":\"Periodismo independiente\",\"publisher\":{\"@id\":\"https:\\\/\\\/www.revistarambla.com\\\/#organization\"},\"potentialAction\":[{\"@type\":\"SearchAction\",\"target\":{\"@type\":\"EntryPoint\",\"urlTemplate\":\"https:\\\/\\\/www.revistarambla.com\\\/?s={search_term_string}\"},\"query-input\":{\"@type\":\"PropertyValueSpecification\",\"valueRequired\":true,\"valueName\":\"search_term_string\"}}],\"inLanguage\":\"en-GB\"},{\"@type\":\"Organization\",\"@id\":\"https:\\\/\\\/www.revistarambla.com\\\/#organization\",\"name\":\"Revista Rambla\",\"url\":\"https:\\\/\\\/www.revistarambla.com\\\/\",\"logo\":{\"@type\":\"ImageObject\",\"inLanguage\":\"en-GB\",\"@id\":\"https:\\\/\\\/www.revistarambla.com\\\/#\\\/schema\\\/logo\\\/image\\\/\",\"url\":\"https:\\\/\\\/www.revistarambla.com\\\/wp-content\\\/uploads\\\/2020\\\/09\\\/banner_rambla_1900x600_BB.png\",\"contentUrl\":\"https:\\\/\\\/www.revistarambla.com\\\/wp-content\\\/uploads\\\/2020\\\/09\\\/banner_rambla_1900x600_BB.png\",\"width\":1900,\"height\":600,\"caption\":\"Revista Rambla\"},\"image\":{\"@id\":\"https:\\\/\\\/www.revistarambla.com\\\/#\\\/schema\\\/logo\\\/image\\\/\"},\"sameAs\":[\"https:\\\/\\\/www.facebook.com\\\/revistarambla\\\/\",\"https:\\\/\\\/x.com\\\/revistarambla\",\"https:\\\/\\\/www.instagram.com\\\/revista_rambla\",\"https:\\\/\\\/es.linkedin.com\\\/company\\\/revista-rambla\"]},{\"@type\":\"Person\",\"@id\":\"https:\\\/\\\/www.revistarambla.com\\\/#\\\/schema\\\/person\\\/eace802346abd966cd3ecb763f255a0a\",\"name\":\"Jes\u00fas Antonio Rodr\u00edguez Morilla\",\"description\":\"Doctor en Derecho por la U.C.M. (Cum Laude). Licenciado en Derecho. Licenciado en Ciencias Pol\u00edticas. Caballero de M\u00e9rito de la Real Orden (Noruega).\",\"sameAs\":[\"https:\\\/\\\/www.modificadosobraspublicas.com\"]}]}<\/script>\n<!-- \/ Yoast SEO plugin. -->","yoast_head_json":{"title":"Lo que no es \u00fatil para la colmena, tampoco lo es para las abejas - Revista Rambla","robots":{"index":"index","follow":"follow","max-snippet":"max-snippet:-1","max-image-preview":"max-image-preview:large","max-video-preview":"max-video-preview:-1"},"canonical":"https:\/\/www.revistarambla.com\/en\/lo-que-no-es-util-para-la-colmena-tampoco-lo-es-para-las-abejas\/","og_locale":"en_GB","og_type":"article","og_title":"Lo que no es \u00fatil para la colmena, tampoco lo es para las abejas - Revista Rambla","og_description":"Espa\u00f1a debe dejar de ser avispero","og_url":"https:\/\/www.revistarambla.com\/en\/lo-que-no-es-util-para-la-colmena-tampoco-lo-es-para-las-abejas\/","og_site_name":"Revista Rambla","article_publisher":"https:\/\/www.facebook.com\/revistarambla\/","article_published_time":"2023-02-26T18:43:43+00:00","og_image":[{"width":1280,"height":852,"url":"https:\/\/www.revistarambla.com\/wp-content\/uploads\/2023\/02\/apiary-gd9f436a7f_1280.jpg","type":"image\/jpeg"}],"author":"Jes\u00fas Antonio Rodr\u00edguez Morilla","twitter_card":"summary_large_image","twitter_creator":"@revistarambla","twitter_site":"@revistarambla","twitter_misc":{"Written by":"Jes\u00fas Antonio Rodr\u00edguez Morilla","Estimated reading time":"4 minutes"},"schema":{"@context":"https:\/\/schema.org","@graph":[{"@type":"Article","@id":"https:\/\/www.revistarambla.com\/lo-que-no-es-util-para-la-colmena-tampoco-lo-es-para-las-abejas\/#article","isPartOf":{"@id":"https:\/\/www.revistarambla.com\/lo-que-no-es-util-para-la-colmena-tampoco-lo-es-para-las-abejas\/"},"author":{"name":"Jes\u00fas Antonio Rodr\u00edguez Morilla","@id":"https:\/\/www.revistarambla.com\/#\/schema\/person\/eace802346abd966cd3ecb763f255a0a"},"headline":"Lo que no es \u00fatil para la colmena, tampoco lo es para las abejas","datePublished":"2023-02-26T18:43:43+00:00","mainEntityOfPage":{"@id":"https:\/\/www.revistarambla.com\/lo-que-no-es-util-para-la-colmena-tampoco-lo-es-para-las-abejas\/"},"wordCount":781,"publisher":{"@id":"https:\/\/www.revistarambla.com\/#organization"},"image":{"@id":"https:\/\/www.revistarambla.com\/lo-que-no-es-util-para-la-colmena-tampoco-lo-es-para-las-abejas\/#primaryimage"},"thumbnailUrl":"https:\/\/www.revistarambla.com\/wp-content\/uploads\/2023\/02\/apiary-gd9f436a7f_1280.jpg","articleSection":["Opiniones"],"inLanguage":"en-GB"},{"@type":"WebPage","@id":"https:\/\/www.revistarambla.com\/lo-que-no-es-util-para-la-colmena-tampoco-lo-es-para-las-abejas\/","url":"https:\/\/www.revistarambla.com\/lo-que-no-es-util-para-la-colmena-tampoco-lo-es-para-las-abejas\/","name":"Lo que no es \u00fatil para la colmena, tampoco lo es para las abejas - Revista Rambla","isPartOf":{"@id":"https:\/\/www.revistarambla.com\/#website"},"primaryImageOfPage":{"@id":"https:\/\/www.revistarambla.com\/lo-que-no-es-util-para-la-colmena-tampoco-lo-es-para-las-abejas\/#primaryimage"},"image":{"@id":"https:\/\/www.revistarambla.com\/lo-que-no-es-util-para-la-colmena-tampoco-lo-es-para-las-abejas\/#primaryimage"},"thumbnailUrl":"https:\/\/www.revistarambla.com\/wp-content\/uploads\/2023\/02\/apiary-gd9f436a7f_1280.jpg","datePublished":"2023-02-26T18:43:43+00:00","breadcrumb":{"@id":"https:\/\/www.revistarambla.com\/lo-que-no-es-util-para-la-colmena-tampoco-lo-es-para-las-abejas\/#breadcrumb"},"inLanguage":"en-GB","potentialAction":[{"@type":"ReadAction","target":["https:\/\/www.revistarambla.com\/lo-que-no-es-util-para-la-colmena-tampoco-lo-es-para-las-abejas\/"]}]},{"@type":"ImageObject","inLanguage":"en-GB","@id":"https:\/\/www.revistarambla.com\/lo-que-no-es-util-para-la-colmena-tampoco-lo-es-para-las-abejas\/#primaryimage","url":"https:\/\/www.revistarambla.com\/wp-content\/uploads\/2023\/02\/apiary-gd9f436a7f_1280.jpg","contentUrl":"https:\/\/www.revistarambla.com\/wp-content\/uploads\/2023\/02\/apiary-gd9f436a7f_1280.jpg","width":1280,"height":852},{"@type":"BreadcrumbList","@id":"https:\/\/www.revistarambla.com\/lo-que-no-es-util-para-la-colmena-tampoco-lo-es-para-las-abejas\/#breadcrumb","itemListElement":[{"@type":"ListItem","position":1,"name":"Portada","item":"https:\/\/www.revistarambla.com\/"},{"@type":"ListItem","position":2,"name":"Lo que no es \u00fatil para la colmena, tampoco lo es para las abejas"}]},{"@type":"WebSite","@id":"https:\/\/www.revistarambla.com\/#website","url":"https:\/\/www.revistarambla.com\/","name":"Revista Rambla Barcelona","description":"Periodismo independiente","publisher":{"@id":"https:\/\/www.revistarambla.com\/#organization"},"potentialAction":[{"@type":"SearchAction","target":{"@type":"EntryPoint","urlTemplate":"https:\/\/www.revistarambla.com\/?s={search_term_string}"},"query-input":{"@type":"PropertyValueSpecification","valueRequired":true,"valueName":"search_term_string"}}],"inLanguage":"en-GB"},{"@type":"Organization","@id":"https:\/\/www.revistarambla.com\/#organization","name":"Revista Rambla","url":"https:\/\/www.revistarambla.com\/","logo":{"@type":"ImageObject","inLanguage":"en-GB","@id":"https:\/\/www.revistarambla.com\/#\/schema\/logo\/image\/","url":"https:\/\/www.revistarambla.com\/wp-content\/uploads\/2020\/09\/banner_rambla_1900x600_BB.png","contentUrl":"https:\/\/www.revistarambla.com\/wp-content\/uploads\/2020\/09\/banner_rambla_1900x600_BB.png","width":1900,"height":600,"caption":"Revista Rambla"},"image":{"@id":"https:\/\/www.revistarambla.com\/#\/schema\/logo\/image\/"},"sameAs":["https:\/\/www.facebook.com\/revistarambla\/","https:\/\/x.com\/revistarambla","https:\/\/www.instagram.com\/revista_rambla","https:\/\/es.linkedin.com\/company\/revista-rambla"]},{"@type":"Person","@id":"https:\/\/www.revistarambla.com\/#\/schema\/person\/eace802346abd966cd3ecb763f255a0a","name":"Jes\u00fas Antonio Rodr\u00edguez Morilla","description":"Doctor en Derecho por la U.C.M. (Cum Laude). Licenciado en Derecho. Licenciado en Ciencias Pol\u00edticas. Caballero de M\u00e9rito de la Real Orden (Noruega).","sameAs":["https:\/\/www.modificadosobraspublicas.com"]}]}},"_links":{"self":[{"href":"https:\/\/www.revistarambla.com\/en\/wp-json\/wp\/v2\/posts\/53039","targetHints":{"allow":["GET"]}}],"collection":[{"href":"https:\/\/www.revistarambla.com\/en\/wp-json\/wp\/v2\/posts"}],"about":[{"href":"https:\/\/www.revistarambla.com\/en\/wp-json\/wp\/v2\/types\/post"}],"author":[{"embeddable":true,"href":"https:\/\/www.revistarambla.com\/en\/wp-json\/wp\/v2\/users\/305"}],"replies":[{"embeddable":true,"href":"https:\/\/www.revistarambla.com\/en\/wp-json\/wp\/v2\/comments?post=53039"}],"version-history":[{"count":1,"href":"https:\/\/www.revistarambla.com\/en\/wp-json\/wp\/v2\/posts\/53039\/revisions"}],"predecessor-version":[{"id":53041,"href":"https:\/\/www.revistarambla.com\/en\/wp-json\/wp\/v2\/posts\/53039\/revisions\/53041"}],"wp:featuredmedia":[{"embeddable":true,"href":"https:\/\/www.revistarambla.com\/en\/wp-json\/wp\/v2\/media\/53040"}],"wp:attachment":[{"href":"https:\/\/www.revistarambla.com\/en\/wp-json\/wp\/v2\/media?parent=53039"}],"wp:term":[{"taxonomy":"category","embeddable":true,"href":"https:\/\/www.revistarambla.com\/en\/wp-json\/wp\/v2\/categories?post=53039"},{"taxonomy":"post_tag","embeddable":true,"href":"https:\/\/www.revistarambla.com\/en\/wp-json\/wp\/v2\/tags?post=53039"}],"curies":[{"name":"wp","href":"https:\/\/api.w.org\/{rel}","templated":true}]}}