{"id":52995,"date":"2023-02-25T14:08:22","date_gmt":"2023-02-25T13:08:22","guid":{"rendered":"https:\/\/www.revistarambla.com\/?p=52995"},"modified":"2024-03-01T20:59:40","modified_gmt":"2024-03-01T19:59:40","slug":"mucha-ucrania-y-poca-paz","status":"publish","type":"post","link":"https:\/\/www.revistarambla.com\/en\/mucha-ucrania-y-poca-paz\/","title":{"rendered":"Mucha Ucrania y poca paz"},"content":{"rendered":"<p>Tras un a\u00f1o de guerra maldita en Ucrania, hubo quien ayer sali\u00f3 a manifestarse por las calles de las principales ciudades europeas. Barcelona no se qued\u00f3 al margen.<!--more--><\/p>\n<p>Cerca de 10.000 personas recorrieron las calles de la Ciudad Condal con cientos de banderas ucranianas, exigiendo la retirada de las tropas rusas y acusando a Rusia de cometer cr\u00edmenes de guerra. Recorrieron paseo de Gr\u00e0cia hasta Pla\u00e7a Catalunya.<\/p>\n<p>Gran mayor\u00eda de los asistentes eran ucranianos que ahora viven en Catalunya. La cabecera de la manifestaci\u00f3n estaba presidida por una pancarta en la que se pod\u00eda leer \u00abBarcelona con Ucrania\u00bb. Tambi\u00e9n hab\u00eda pancartas con el lema \u00abUcrania ganar\u00e1\u00bb, aunque en una guerra siempre pierden los mismos.<\/p>\n<h2>Manifiesto<\/h2>\n<p>En un manifiesto, firmado por sesenta entidades, se ha acusado al Ej\u00e9rcito ruso de haber cometido cr\u00edmenes contra la humanidad y violar los derechos humanos de los ucranianos, con asesinatos, torturas, violaciones a mujeres y deportaciones forzadas de familias a territorio ruso. En cambio, se ha obviado lo que Ucrania lleva haciendo en el Domb\u00e1s desde 2014.<\/p>\n<p>Lo que s\u00ed se ha pedido es que el presidente espa\u00f1ol, Pedro S\u00e1nchez, fomente el di\u00e1logo y las negociaciones internacionales, que reduzca el presupuesto militar y que refuerce el rol de la sociedad civil en la construcci\u00f3n de paz.<\/p>\n<p>En realidad, se trata de un llamamiento vac\u00edo porque el Gobierno de S\u00e1nchez ya ha expresado en varias ocasiones que est\u00e1 al servicio de las demandas de la OTAN. No en vano, el presidente ucraniano, Volod\u00edmir Zelenski, lleva 12 meses exigiendo armamento y poco se le ha o\u00eddo reclamar ayuda humanitaria o una cumbre por la paz.<\/p>\n<p>En unos meses, S\u00e1nchez asumir\u00e1 el cargo de la presidencia del Consejo Europeo, por lo que seg\u00fan las entidades estar\u00e1 en \u00abuna posici\u00f3n clave\u00bb para promover una agenda de paz. Le piden tambi\u00e9n que d\u00e9 \u00abun paso delante y apueste claramente por el fin del conflicto\u00bb. Sin embargo, esta semana Espa\u00f1a ya anunciado que enviar\u00e1 los primeros tanques al pa\u00eds eslavo e, incluso, se ha hablado de prestar cazas al ej\u00e9rcito ucraniano.<\/p>","protected":false},"excerpt":{"rendered":"<p>Cerca de 10.000 personas, la mayor\u00eda ucranianos, se manifiestan en Barcelona. En un manifiesto piden al gobierno espa\u00f1ol, al servicio de la OTAN, que busque una soluci\u00f3n diplom\u00e1tica<\/p>","protected":false},"author":3,"featured_media":52996,"comment_status":"closed","ping_status":"closed","sticky":false,"template":"","format":"standard","meta":{"footnotes":""},"categories":[76],"tags":[],"class_list":["post-52995","post","type-post","status-publish","format-standard","has-post-thumbnail","hentry","category-barcelona"],"yoast_head":"<!-- This site is optimized with the Yoast SEO plugin v27.5 - https:\/\/yoast.com\/product\/yoast-seo-wordpress\/ -->\n<title>Mucha Ucrania y poca paz - Revista Rambla<\/title>\n<meta name=\"robots\" content=\"index, follow, max-snippet:-1, max-image-preview:large, max-video-preview:-1\" \/>\n<link rel=\"canonical\" href=\"https:\/\/www.revistarambla.com\/en\/mucha-ucrania-y-poca-paz\/\" \/>\n<meta property=\"og:locale\" content=\"en_GB\" \/>\n<meta property=\"og:type\" content=\"article\" \/>\n<meta property=\"og:title\" content=\"Mucha Ucrania y poca paz - Revista Rambla\" \/>\n<meta property=\"og:description\" content=\"Cerca de 10.000 personas, la mayor\u00eda ucranianos, se manifiestan en Barcelona. En un manifiesto piden al gobierno espa\u00f1ol, al servicio de la OTAN, que busque una soluci\u00f3n diplom\u00e1tica\" \/>\n<meta property=\"og:url\" content=\"https:\/\/www.revistarambla.com\/en\/mucha-ucrania-y-poca-paz\/\" \/>\n<meta property=\"og:site_name\" content=\"Revista Rambla\" \/>\n<meta property=\"article:publisher\" content=\"https:\/\/www.facebook.com\/revistarambla\/\" \/>\n<meta property=\"article:author\" content=\"https:\/\/www.facebook.com\/revistarambla\" \/>\n<meta property=\"article:published_time\" content=\"2023-02-25T13:08:22+00:00\" \/>\n<meta property=\"article:modified_time\" content=\"2024-03-01T19:59:40+00:00\" \/>\n<meta property=\"og:image\" content=\"https:\/\/www.revistarambla.com\/wp-content\/uploads\/2023\/02\/ucrania-barcelona.jpg\" \/>\n\t<meta property=\"og:image:width\" content=\"1920\" \/>\n\t<meta property=\"og:image:height\" content=\"1440\" \/>\n\t<meta property=\"og:image:type\" content=\"image\/jpeg\" \/>\n<meta name=\"author\" content=\"R@mbla\" \/>\n<meta name=\"twitter:card\" content=\"summary_large_image\" \/>\n<meta name=\"twitter:creator\" content=\"@revistarambla\" \/>\n<meta name=\"twitter:site\" content=\"@revistarambla\" \/>\n<meta name=\"twitter:label1\" content=\"Written by\" \/>\n\t<meta name=\"twitter:data1\" content=\"R@mbla\" \/>\n\t<meta name=\"twitter:label2\" content=\"Estimated reading time\" \/>\n\t<meta name=\"twitter:data2\" content=\"2 minutes\" \/>\n<script type=\"application\/ld+json\" class=\"yoast-schema-graph\">{\"@context\":\"https:\\\/\\\/schema.org\",\"@graph\":[{\"@type\":\"Article\",\"@id\":\"https:\\\/\\\/www.revistarambla.com\\\/mucha-ucrania-y-poca-paz\\\/#article\",\"isPartOf\":{\"@id\":\"https:\\\/\\\/www.revistarambla.com\\\/mucha-ucrania-y-poca-paz\\\/\"},\"author\":{\"name\":\"R@mbla\",\"@id\":\"https:\\\/\\\/www.revistarambla.com\\\/#\\\/schema\\\/person\\\/a146a5a2550b94981a75131180e1bd9c\"},\"headline\":\"Mucha Ucrania y poca paz\",\"datePublished\":\"2023-02-25T13:08:22+00:00\",\"dateModified\":\"2024-03-01T19:59:40+00:00\",\"mainEntityOfPage\":{\"@id\":\"https:\\\/\\\/www.revistarambla.com\\\/mucha-ucrania-y-poca-paz\\\/\"},\"wordCount\":369,\"publisher\":{\"@id\":\"https:\\\/\\\/www.revistarambla.com\\\/#organization\"},\"image\":{\"@id\":\"https:\\\/\\\/www.revistarambla.com\\\/mucha-ucrania-y-poca-paz\\\/#primaryimage\"},\"thumbnailUrl\":\"https:\\\/\\\/www.revistarambla.com\\\/wp-content\\\/uploads\\\/2023\\\/02\\\/ucrania-barcelona.jpg\",\"articleSection\":[\"Barcelona\"],\"inLanguage\":\"en-GB\"},{\"@type\":\"WebPage\",\"@id\":\"https:\\\/\\\/www.revistarambla.com\\\/mucha-ucrania-y-poca-paz\\\/\",\"url\":\"https:\\\/\\\/www.revistarambla.com\\\/mucha-ucrania-y-poca-paz\\\/\",\"name\":\"Mucha Ucrania y poca paz - Revista Rambla\",\"isPartOf\":{\"@id\":\"https:\\\/\\\/www.revistarambla.com\\\/#website\"},\"primaryImageOfPage\":{\"@id\":\"https:\\\/\\\/www.revistarambla.com\\\/mucha-ucrania-y-poca-paz\\\/#primaryimage\"},\"image\":{\"@id\":\"https:\\\/\\\/www.revistarambla.com\\\/mucha-ucrania-y-poca-paz\\\/#primaryimage\"},\"thumbnailUrl\":\"https:\\\/\\\/www.revistarambla.com\\\/wp-content\\\/uploads\\\/2023\\\/02\\\/ucrania-barcelona.jpg\",\"datePublished\":\"2023-02-25T13:08:22+00:00\",\"dateModified\":\"2024-03-01T19:59:40+00:00\",\"breadcrumb\":{\"@id\":\"https:\\\/\\\/www.revistarambla.com\\\/mucha-ucrania-y-poca-paz\\\/#breadcrumb\"},\"inLanguage\":\"en-GB\",\"potentialAction\":[{\"@type\":\"ReadAction\",\"target\":[\"https:\\\/\\\/www.revistarambla.com\\\/mucha-ucrania-y-poca-paz\\\/\"]}]},{\"@type\":\"ImageObject\",\"inLanguage\":\"en-GB\",\"@id\":\"https:\\\/\\\/www.revistarambla.com\\\/mucha-ucrania-y-poca-paz\\\/#primaryimage\",\"url\":\"https:\\\/\\\/www.revistarambla.com\\\/wp-content\\\/uploads\\\/2023\\\/02\\\/ucrania-barcelona.jpg\",\"contentUrl\":\"https:\\\/\\\/www.revistarambla.com\\\/wp-content\\\/uploads\\\/2023\\\/02\\\/ucrania-barcelona.jpg\",\"width\":1920,\"height\":1440},{\"@type\":\"BreadcrumbList\",\"@id\":\"https:\\\/\\\/www.revistarambla.com\\\/mucha-ucrania-y-poca-paz\\\/#breadcrumb\",\"itemListElement\":[{\"@type\":\"ListItem\",\"position\":1,\"name\":\"Portada\",\"item\":\"https:\\\/\\\/www.revistarambla.com\\\/\"},{\"@type\":\"ListItem\",\"position\":2,\"name\":\"Mucha Ucrania y poca paz\"}]},{\"@type\":\"WebSite\",\"@id\":\"https:\\\/\\\/www.revistarambla.com\\\/#website\",\"url\":\"https:\\\/\\\/www.revistarambla.com\\\/\",\"name\":\"Revista Rambla Barcelona\",\"description\":\"Periodismo independiente\",\"publisher\":{\"@id\":\"https:\\\/\\\/www.revistarambla.com\\\/#organization\"},\"potentialAction\":[{\"@type\":\"SearchAction\",\"target\":{\"@type\":\"EntryPoint\",\"urlTemplate\":\"https:\\\/\\\/www.revistarambla.com\\\/?s={search_term_string}\"},\"query-input\":{\"@type\":\"PropertyValueSpecification\",\"valueRequired\":true,\"valueName\":\"search_term_string\"}}],\"inLanguage\":\"en-GB\"},{\"@type\":\"Organization\",\"@id\":\"https:\\\/\\\/www.revistarambla.com\\\/#organization\",\"name\":\"Revista Rambla\",\"url\":\"https:\\\/\\\/www.revistarambla.com\\\/\",\"logo\":{\"@type\":\"ImageObject\",\"inLanguage\":\"en-GB\",\"@id\":\"https:\\\/\\\/www.revistarambla.com\\\/#\\\/schema\\\/logo\\\/image\\\/\",\"url\":\"https:\\\/\\\/www.revistarambla.com\\\/wp-content\\\/uploads\\\/2020\\\/09\\\/banner_rambla_1900x600_BB.png\",\"contentUrl\":\"https:\\\/\\\/www.revistarambla.com\\\/wp-content\\\/uploads\\\/2020\\\/09\\\/banner_rambla_1900x600_BB.png\",\"width\":1900,\"height\":600,\"caption\":\"Revista Rambla\"},\"image\":{\"@id\":\"https:\\\/\\\/www.revistarambla.com\\\/#\\\/schema\\\/logo\\\/image\\\/\"},\"sameAs\":[\"https:\\\/\\\/www.facebook.com\\\/revistarambla\\\/\",\"https:\\\/\\\/x.com\\\/revistarambla\",\"https:\\\/\\\/www.instagram.com\\\/revista_rambla\",\"https:\\\/\\\/es.linkedin.com\\\/company\\\/revista-rambla\"]},{\"@type\":\"Person\",\"@id\":\"https:\\\/\\\/www.revistarambla.com\\\/#\\\/schema\\\/person\\\/a146a5a2550b94981a75131180e1bd9c\",\"name\":\"R@mbla\",\"description\":\"Este art\u00edculo ha sido redactado y\\\/o validado por el equipo de redacci\u00f3n de Revista Rambla.\",\"sameAs\":[\"https:\\\/\\\/www.revistarambla.com\\\/\",\"https:\\\/\\\/www.facebook.com\\\/revistarambla\",\"https:\\\/\\\/x.com\\\/revistarambla\"]}]}<\/script>\n<!-- \/ Yoast SEO plugin. -->","yoast_head_json":{"title":"Mucha Ucrania y poca paz - Revista Rambla","robots":{"index":"index","follow":"follow","max-snippet":"max-snippet:-1","max-image-preview":"max-image-preview:large","max-video-preview":"max-video-preview:-1"},"canonical":"https:\/\/www.revistarambla.com\/en\/mucha-ucrania-y-poca-paz\/","og_locale":"en_GB","og_type":"article","og_title":"Mucha Ucrania y poca paz - Revista Rambla","og_description":"Cerca de 10.000 personas, la mayor\u00eda ucranianos, se manifiestan en Barcelona. En un manifiesto piden al gobierno espa\u00f1ol, al servicio de la OTAN, que busque una soluci\u00f3n diplom\u00e1tica","og_url":"https:\/\/www.revistarambla.com\/en\/mucha-ucrania-y-poca-paz\/","og_site_name":"Revista Rambla","article_publisher":"https:\/\/www.facebook.com\/revistarambla\/","article_author":"https:\/\/www.facebook.com\/revistarambla","article_published_time":"2023-02-25T13:08:22+00:00","article_modified_time":"2024-03-01T19:59:40+00:00","og_image":[{"width":1920,"height":1440,"url":"https:\/\/www.revistarambla.com\/wp-content\/uploads\/2023\/02\/ucrania-barcelona.jpg","type":"image\/jpeg"}],"author":"R@mbla","twitter_card":"summary_large_image","twitter_creator":"@revistarambla","twitter_site":"@revistarambla","twitter_misc":{"Written by":"R@mbla","Estimated reading time":"2 minutes"},"schema":{"@context":"https:\/\/schema.org","@graph":[{"@type":"Article","@id":"https:\/\/www.revistarambla.com\/mucha-ucrania-y-poca-paz\/#article","isPartOf":{"@id":"https:\/\/www.revistarambla.com\/mucha-ucrania-y-poca-paz\/"},"author":{"name":"R@mbla","@id":"https:\/\/www.revistarambla.com\/#\/schema\/person\/a146a5a2550b94981a75131180e1bd9c"},"headline":"Mucha Ucrania y poca paz","datePublished":"2023-02-25T13:08:22+00:00","dateModified":"2024-03-01T19:59:40+00:00","mainEntityOfPage":{"@id":"https:\/\/www.revistarambla.com\/mucha-ucrania-y-poca-paz\/"},"wordCount":369,"publisher":{"@id":"https:\/\/www.revistarambla.com\/#organization"},"image":{"@id":"https:\/\/www.revistarambla.com\/mucha-ucrania-y-poca-paz\/#primaryimage"},"thumbnailUrl":"https:\/\/www.revistarambla.com\/wp-content\/uploads\/2023\/02\/ucrania-barcelona.jpg","articleSection":["Barcelona"],"inLanguage":"en-GB"},{"@type":"WebPage","@id":"https:\/\/www.revistarambla.com\/mucha-ucrania-y-poca-paz\/","url":"https:\/\/www.revistarambla.com\/mucha-ucrania-y-poca-paz\/","name":"Mucha Ucrania y poca paz - Revista Rambla","isPartOf":{"@id":"https:\/\/www.revistarambla.com\/#website"},"primaryImageOfPage":{"@id":"https:\/\/www.revistarambla.com\/mucha-ucrania-y-poca-paz\/#primaryimage"},"image":{"@id":"https:\/\/www.revistarambla.com\/mucha-ucrania-y-poca-paz\/#primaryimage"},"thumbnailUrl":"https:\/\/www.revistarambla.com\/wp-content\/uploads\/2023\/02\/ucrania-barcelona.jpg","datePublished":"2023-02-25T13:08:22+00:00","dateModified":"2024-03-01T19:59:40+00:00","breadcrumb":{"@id":"https:\/\/www.revistarambla.com\/mucha-ucrania-y-poca-paz\/#breadcrumb"},"inLanguage":"en-GB","potentialAction":[{"@type":"ReadAction","target":["https:\/\/www.revistarambla.com\/mucha-ucrania-y-poca-paz\/"]}]},{"@type":"ImageObject","inLanguage":"en-GB","@id":"https:\/\/www.revistarambla.com\/mucha-ucrania-y-poca-paz\/#primaryimage","url":"https:\/\/www.revistarambla.com\/wp-content\/uploads\/2023\/02\/ucrania-barcelona.jpg","contentUrl":"https:\/\/www.revistarambla.com\/wp-content\/uploads\/2023\/02\/ucrania-barcelona.jpg","width":1920,"height":1440},{"@type":"BreadcrumbList","@id":"https:\/\/www.revistarambla.com\/mucha-ucrania-y-poca-paz\/#breadcrumb","itemListElement":[{"@type":"ListItem","position":1,"name":"Portada","item":"https:\/\/www.revistarambla.com\/"},{"@type":"ListItem","position":2,"name":"Mucha Ucrania y poca paz"}]},{"@type":"WebSite","@id":"https:\/\/www.revistarambla.com\/#website","url":"https:\/\/www.revistarambla.com\/","name":"Revista Rambla Barcelona","description":"Periodismo independiente","publisher":{"@id":"https:\/\/www.revistarambla.com\/#organization"},"potentialAction":[{"@type":"SearchAction","target":{"@type":"EntryPoint","urlTemplate":"https:\/\/www.revistarambla.com\/?s={search_term_string}"},"query-input":{"@type":"PropertyValueSpecification","valueRequired":true,"valueName":"search_term_string"}}],"inLanguage":"en-GB"},{"@type":"Organization","@id":"https:\/\/www.revistarambla.com\/#organization","name":"Revista Rambla","url":"https:\/\/www.revistarambla.com\/","logo":{"@type":"ImageObject","inLanguage":"en-GB","@id":"https:\/\/www.revistarambla.com\/#\/schema\/logo\/image\/","url":"https:\/\/www.revistarambla.com\/wp-content\/uploads\/2020\/09\/banner_rambla_1900x600_BB.png","contentUrl":"https:\/\/www.revistarambla.com\/wp-content\/uploads\/2020\/09\/banner_rambla_1900x600_BB.png","width":1900,"height":600,"caption":"Revista Rambla"},"image":{"@id":"https:\/\/www.revistarambla.com\/#\/schema\/logo\/image\/"},"sameAs":["https:\/\/www.facebook.com\/revistarambla\/","https:\/\/x.com\/revistarambla","https:\/\/www.instagram.com\/revista_rambla","https:\/\/es.linkedin.com\/company\/revista-rambla"]},{"@type":"Person","@id":"https:\/\/www.revistarambla.com\/#\/schema\/person\/a146a5a2550b94981a75131180e1bd9c","name":"R@mbla","description":"Este art\u00edculo ha sido redactado y\/o validado por el equipo de redacci\u00f3n de Revista Rambla.","sameAs":["https:\/\/www.revistarambla.com\/","https:\/\/www.facebook.com\/revistarambla","https:\/\/x.com\/revistarambla"]}]}},"_links":{"self":[{"href":"https:\/\/www.revistarambla.com\/en\/wp-json\/wp\/v2\/posts\/52995","targetHints":{"allow":["GET"]}}],"collection":[{"href":"https:\/\/www.revistarambla.com\/en\/wp-json\/wp\/v2\/posts"}],"about":[{"href":"https:\/\/www.revistarambla.com\/en\/wp-json\/wp\/v2\/types\/post"}],"author":[{"embeddable":true,"href":"https:\/\/www.revistarambla.com\/en\/wp-json\/wp\/v2\/users\/3"}],"replies":[{"embeddable":true,"href":"https:\/\/www.revistarambla.com\/en\/wp-json\/wp\/v2\/comments?post=52995"}],"version-history":[{"count":1,"href":"https:\/\/www.revistarambla.com\/en\/wp-json\/wp\/v2\/posts\/52995\/revisions"}],"predecessor-version":[{"id":52997,"href":"https:\/\/www.revistarambla.com\/en\/wp-json\/wp\/v2\/posts\/52995\/revisions\/52997"}],"wp:featuredmedia":[{"embeddable":true,"href":"https:\/\/www.revistarambla.com\/en\/wp-json\/wp\/v2\/media\/52996"}],"wp:attachment":[{"href":"https:\/\/www.revistarambla.com\/en\/wp-json\/wp\/v2\/media?parent=52995"}],"wp:term":[{"taxonomy":"category","embeddable":true,"href":"https:\/\/www.revistarambla.com\/en\/wp-json\/wp\/v2\/categories?post=52995"},{"taxonomy":"post_tag","embeddable":true,"href":"https:\/\/www.revistarambla.com\/en\/wp-json\/wp\/v2\/tags?post=52995"}],"curies":[{"name":"wp","href":"https:\/\/api.w.org\/{rel}","templated":true}]}}