{"id":52992,"date":"2023-02-25T13:45:31","date_gmt":"2023-02-25T12:45:31","guid":{"rendered":"https:\/\/www.revistarambla.com\/?p=52992"},"modified":"2023-02-25T13:45:31","modified_gmt":"2023-02-25T12:45:31","slug":"la-psicologia-inversa-y-la-demanda-inelastica-de-los-productos-de-consumo","status":"publish","type":"post","link":"https:\/\/www.revistarambla.com\/en\/la-psicologia-inversa-y-la-demanda-inelastica-de-los-productos-de-consumo\/","title":{"rendered":"La psicolog\u00eda inversa y la demanda inel\u00e1stica de los productos de consumo"},"content":{"rendered":"<p>No consumas alimentos frescos, la comida sana es solo una mala costumbre de los seres vivos.<\/p>\n<p>No consumas energ\u00eda, calentarse es demasiado caro para ti.<\/p>\n<p>No vayas al m\u00e9dico, las enfermedades comunes son de mala educaci\u00f3n.<\/p>\n<p>Lea atentamente las instrucciones de este consejo financiero y consulte a su cuenta bancaria.<\/p>\n<p>Mientras tanto, un hombre apuesto se baja de un rutilante Rolls-Royce, en una enorme mansi\u00f3n le est\u00e1 esperando una hermosa mujer. Van a tomar un vuelo hacia Las Vegas, la ciudad que permanece abierta 24 horas. \u00bfQui\u00e9n es ella? Ella es el deseo. Ella refleja el presente, por eso es libre y desconoce a donde va.<\/p>\n<p>Ambos son apenas unos desconocidos. Sin embargo, \u00bfQu\u00e9 m\u00fasica es esa? Aqu\u00ed llega, sin duda, hacia ellos, ahora oigo la sensual melod\u00eda de su voz, la cadencia de sus parlamentos y la risa en este mismo escenario.<\/p>\n<p>Mientras ambos se buscaban, ella ha estado muda, y solo ahora oigo la fragancia de su aliento, y solo ahora siento su mirada que dulcemente los nombra y los llama&#8230;<\/p>\n<p>Aqu\u00ed llega despu\u00e9s de haber estado olvidada o desconocida entre la gente o los cacharros de oficina. Aqu\u00ed llega despu\u00e9s de la oscuridad de la noche, sumida en su propia gestaci\u00f3n, tiempo en el que el coraz\u00f3n le preguntaba por lo bello a su belleza&#8230;<\/p>\n<p>Aqu\u00ed llega la muchacha de los bellos ojos, la incomparable, la que por siempre ir\u00e1 sin pausa hacia la luz.<\/p>\n<p>La hemos visto y nos ha visto en esta noche del alma, desde donde el oscuro dolor grande como una playa desierta, la intu\u00eda, la atra\u00eda, la llamaba&#8230; en cuya arena se conjugaba su rostro divino, en luna de sus ojos, en la estrella de su boca, mientras todo el desorden del mundo ha sido insuficiente para detenerla en su impulso natural, en su deseo, en su camino hacia el beso h\u00famedo en la boca que lo da, hacia el tacto seguro en el pecho que lo eriza, hacia el cuerpo desnudo en el alma que lo ama, en la luna de sus ojos, en la estrella de su boca, el placer la llama, y aunque solo sea hasta que dure este sue\u00f1o, he aqu\u00ed, la belleza llegada con el d\u00eda.<\/p>\n<p><em>*Foto: <a href=\"https:\/\/pixabay.com\/es\/photos\/bosque-ni%c3%b1a-espalda-sombrero-1834831\/\">Pixabay<\/a><\/em><\/p>","protected":false},"excerpt":{"rendered":"<p>No consumas alimentos frescos, la comida sana es solo una mala costumbre de los seres vivos. No consumas energ\u00eda, calentarse es demasiado caro para ti. No vayas al m\u00e9dico, las enfermedades comunes son de mala educaci\u00f3n. Lea atentamente las instrucciones de este consejo financiero y consulte a su cuenta bancaria. [&hellip;]<\/p>\n","protected":false},"author":294,"featured_media":52993,"comment_status":"closed","ping_status":"closed","sticky":false,"template":"","format":"standard","meta":{"footnotes":""},"categories":[3908],"tags":[],"class_list":["post-52992","post","type-post","status-publish","format-standard","has-post-thumbnail","hentry","category-la-bodeguita-de-hemingway"],"yoast_head":"<!-- This site is optimized with the Yoast SEO plugin v27.5 - https:\/\/yoast.com\/product\/yoast-seo-wordpress\/ -->\n<title>La psicolog\u00eda inversa y la demanda inel\u00e1stica de los productos de consumo - Revista Rambla<\/title>\n<meta name=\"robots\" content=\"index, follow, max-snippet:-1, max-image-preview:large, max-video-preview:-1\" \/>\n<link rel=\"canonical\" href=\"https:\/\/www.revistarambla.com\/en\/la-psicologia-inversa-y-la-demanda-inelastica-de-los-productos-de-consumo\/\" \/>\n<meta property=\"og:locale\" content=\"en_GB\" \/>\n<meta property=\"og:type\" content=\"article\" \/>\n<meta property=\"og:title\" content=\"La psicolog\u00eda inversa y la demanda inel\u00e1stica de los productos de consumo - Revista Rambla\" \/>\n<meta property=\"og:description\" content=\"No consumas alimentos frescos, la comida sana es solo una mala costumbre de los seres vivos. No consumas energ\u00eda, calentarse es demasiado caro para ti. No vayas al m\u00e9dico, las enfermedades comunes son de mala educaci\u00f3n. Lea atentamente las instrucciones de este consejo financiero y consulte a su cuenta bancaria. [&hellip;]\" \/>\n<meta property=\"og:url\" content=\"https:\/\/www.revistarambla.com\/en\/la-psicologia-inversa-y-la-demanda-inelastica-de-los-productos-de-consumo\/\" \/>\n<meta property=\"og:site_name\" content=\"Revista Rambla\" \/>\n<meta property=\"article:publisher\" content=\"https:\/\/www.facebook.com\/revistarambla\/\" \/>\n<meta property=\"article:published_time\" content=\"2023-02-25T12:45:31+00:00\" \/>\n<meta property=\"og:image\" content=\"https:\/\/www.revistarambla.com\/wp-content\/uploads\/2023\/02\/forest-gc922fb5f4_1280.jpg\" \/>\n\t<meta property=\"og:image:width\" content=\"1280\" \/>\n\t<meta property=\"og:image:height\" content=\"683\" \/>\n\t<meta property=\"og:image:type\" content=\"image\/jpeg\" \/>\n<meta name=\"author\" content=\"Jos\u00e9 Antonio Gamero Romero\" \/>\n<meta name=\"twitter:card\" content=\"summary_large_image\" \/>\n<meta name=\"twitter:creator\" content=\"@revistarambla\" \/>\n<meta name=\"twitter:site\" content=\"@revistarambla\" \/>\n<meta name=\"twitter:label1\" content=\"Written by\" \/>\n\t<meta name=\"twitter:data1\" content=\"Jos\u00e9 Antonio Gamero Romero\" \/>\n\t<meta name=\"twitter:label2\" content=\"Estimated reading time\" \/>\n\t<meta name=\"twitter:data2\" content=\"2 minutes\" \/>\n<script type=\"application\/ld+json\" class=\"yoast-schema-graph\">{\"@context\":\"https:\\\/\\\/schema.org\",\"@graph\":[{\"@type\":\"Article\",\"@id\":\"https:\\\/\\\/www.revistarambla.com\\\/la-psicologia-inversa-y-la-demanda-inelastica-de-los-productos-de-consumo\\\/#article\",\"isPartOf\":{\"@id\":\"https:\\\/\\\/www.revistarambla.com\\\/la-psicologia-inversa-y-la-demanda-inelastica-de-los-productos-de-consumo\\\/\"},\"author\":{\"name\":\"Jos\u00e9 Antonio Gamero Romero\",\"@id\":\"https:\\\/\\\/www.revistarambla.com\\\/#\\\/schema\\\/person\\\/94294f57cf4910853e3280fda7339bfc\"},\"headline\":\"La psicolog\u00eda inversa y la demanda inel\u00e1stica de los productos de consumo\",\"datePublished\":\"2023-02-25T12:45:31+00:00\",\"mainEntityOfPage\":{\"@id\":\"https:\\\/\\\/www.revistarambla.com\\\/la-psicologia-inversa-y-la-demanda-inelastica-de-los-productos-de-consumo\\\/\"},\"wordCount\":400,\"publisher\":{\"@id\":\"https:\\\/\\\/www.revistarambla.com\\\/#organization\"},\"image\":{\"@id\":\"https:\\\/\\\/www.revistarambla.com\\\/la-psicologia-inversa-y-la-demanda-inelastica-de-los-productos-de-consumo\\\/#primaryimage\"},\"thumbnailUrl\":\"https:\\\/\\\/www.revistarambla.com\\\/wp-content\\\/uploads\\\/2023\\\/02\\\/forest-gc922fb5f4_1280.jpg\",\"articleSection\":[\"La bodeguita de Hemingway\"],\"inLanguage\":\"en-GB\"},{\"@type\":\"WebPage\",\"@id\":\"https:\\\/\\\/www.revistarambla.com\\\/la-psicologia-inversa-y-la-demanda-inelastica-de-los-productos-de-consumo\\\/\",\"url\":\"https:\\\/\\\/www.revistarambla.com\\\/la-psicologia-inversa-y-la-demanda-inelastica-de-los-productos-de-consumo\\\/\",\"name\":\"La psicolog\u00eda inversa y la demanda inel\u00e1stica de los productos de consumo - Revista Rambla\",\"isPartOf\":{\"@id\":\"https:\\\/\\\/www.revistarambla.com\\\/#website\"},\"primaryImageOfPage\":{\"@id\":\"https:\\\/\\\/www.revistarambla.com\\\/la-psicologia-inversa-y-la-demanda-inelastica-de-los-productos-de-consumo\\\/#primaryimage\"},\"image\":{\"@id\":\"https:\\\/\\\/www.revistarambla.com\\\/la-psicologia-inversa-y-la-demanda-inelastica-de-los-productos-de-consumo\\\/#primaryimage\"},\"thumbnailUrl\":\"https:\\\/\\\/www.revistarambla.com\\\/wp-content\\\/uploads\\\/2023\\\/02\\\/forest-gc922fb5f4_1280.jpg\",\"datePublished\":\"2023-02-25T12:45:31+00:00\",\"breadcrumb\":{\"@id\":\"https:\\\/\\\/www.revistarambla.com\\\/la-psicologia-inversa-y-la-demanda-inelastica-de-los-productos-de-consumo\\\/#breadcrumb\"},\"inLanguage\":\"en-GB\",\"potentialAction\":[{\"@type\":\"ReadAction\",\"target\":[\"https:\\\/\\\/www.revistarambla.com\\\/la-psicologia-inversa-y-la-demanda-inelastica-de-los-productos-de-consumo\\\/\"]}]},{\"@type\":\"ImageObject\",\"inLanguage\":\"en-GB\",\"@id\":\"https:\\\/\\\/www.revistarambla.com\\\/la-psicologia-inversa-y-la-demanda-inelastica-de-los-productos-de-consumo\\\/#primaryimage\",\"url\":\"https:\\\/\\\/www.revistarambla.com\\\/wp-content\\\/uploads\\\/2023\\\/02\\\/forest-gc922fb5f4_1280.jpg\",\"contentUrl\":\"https:\\\/\\\/www.revistarambla.com\\\/wp-content\\\/uploads\\\/2023\\\/02\\\/forest-gc922fb5f4_1280.jpg\",\"width\":1280,\"height\":683},{\"@type\":\"BreadcrumbList\",\"@id\":\"https:\\\/\\\/www.revistarambla.com\\\/la-psicologia-inversa-y-la-demanda-inelastica-de-los-productos-de-consumo\\\/#breadcrumb\",\"itemListElement\":[{\"@type\":\"ListItem\",\"position\":1,\"name\":\"Portada\",\"item\":\"https:\\\/\\\/www.revistarambla.com\\\/\"},{\"@type\":\"ListItem\",\"position\":2,\"name\":\"La psicolog\u00eda inversa y la demanda inel\u00e1stica de los productos de consumo\"}]},{\"@type\":\"WebSite\",\"@id\":\"https:\\\/\\\/www.revistarambla.com\\\/#website\",\"url\":\"https:\\\/\\\/www.revistarambla.com\\\/\",\"name\":\"Revista Rambla Barcelona\",\"description\":\"Periodismo independiente\",\"publisher\":{\"@id\":\"https:\\\/\\\/www.revistarambla.com\\\/#organization\"},\"potentialAction\":[{\"@type\":\"SearchAction\",\"target\":{\"@type\":\"EntryPoint\",\"urlTemplate\":\"https:\\\/\\\/www.revistarambla.com\\\/?s={search_term_string}\"},\"query-input\":{\"@type\":\"PropertyValueSpecification\",\"valueRequired\":true,\"valueName\":\"search_term_string\"}}],\"inLanguage\":\"en-GB\"},{\"@type\":\"Organization\",\"@id\":\"https:\\\/\\\/www.revistarambla.com\\\/#organization\",\"name\":\"Revista Rambla\",\"url\":\"https:\\\/\\\/www.revistarambla.com\\\/\",\"logo\":{\"@type\":\"ImageObject\",\"inLanguage\":\"en-GB\",\"@id\":\"https:\\\/\\\/www.revistarambla.com\\\/#\\\/schema\\\/logo\\\/image\\\/\",\"url\":\"https:\\\/\\\/www.revistarambla.com\\\/wp-content\\\/uploads\\\/2020\\\/09\\\/banner_rambla_1900x600_BB.png\",\"contentUrl\":\"https:\\\/\\\/www.revistarambla.com\\\/wp-content\\\/uploads\\\/2020\\\/09\\\/banner_rambla_1900x600_BB.png\",\"width\":1900,\"height\":600,\"caption\":\"Revista Rambla\"},\"image\":{\"@id\":\"https:\\\/\\\/www.revistarambla.com\\\/#\\\/schema\\\/logo\\\/image\\\/\"},\"sameAs\":[\"https:\\\/\\\/www.facebook.com\\\/revistarambla\\\/\",\"https:\\\/\\\/x.com\\\/revistarambla\",\"https:\\\/\\\/www.instagram.com\\\/revista_rambla\",\"https:\\\/\\\/es.linkedin.com\\\/company\\\/revista-rambla\"]},{\"@type\":\"Person\",\"@id\":\"https:\\\/\\\/www.revistarambla.com\\\/#\\\/schema\\\/person\\\/94294f57cf4910853e3280fda7339bfc\",\"name\":\"Jos\u00e9 Antonio Gamero Romero\",\"description\":\"Escritor sevillano finalista del premio Azor\u00edn 2014. Ha publicado en diferentes revistas como Culturamas, E\u00f1e, Visor, etc. Sus libros son: 'La invenci\u00f3n de los gigantes' (Buc\u00e9falo 2016); 'Literatura tridimensional' (Adarve 2018); 'S\u00f3crates no vino a Espa\u00f1a' (Samarcanda 2018); 'La rep\u00fablica del fin del mundo' (Tandaia 2018) y 'La bodeguita de Hemingway'.\"}]}<\/script>\n<!-- \/ Yoast SEO plugin. -->","yoast_head_json":{"title":"La psicolog\u00eda inversa y la demanda inel\u00e1stica de los productos de consumo - Revista Rambla","robots":{"index":"index","follow":"follow","max-snippet":"max-snippet:-1","max-image-preview":"max-image-preview:large","max-video-preview":"max-video-preview:-1"},"canonical":"https:\/\/www.revistarambla.com\/en\/la-psicologia-inversa-y-la-demanda-inelastica-de-los-productos-de-consumo\/","og_locale":"en_GB","og_type":"article","og_title":"La psicolog\u00eda inversa y la demanda inel\u00e1stica de los productos de consumo - Revista Rambla","og_description":"No consumas alimentos frescos, la comida sana es solo una mala costumbre de los seres vivos. No consumas energ\u00eda, calentarse es demasiado caro para ti. No vayas al m\u00e9dico, las enfermedades comunes son de mala educaci\u00f3n. Lea atentamente las instrucciones de este consejo financiero y consulte a su cuenta bancaria. [&hellip;]","og_url":"https:\/\/www.revistarambla.com\/en\/la-psicologia-inversa-y-la-demanda-inelastica-de-los-productos-de-consumo\/","og_site_name":"Revista Rambla","article_publisher":"https:\/\/www.facebook.com\/revistarambla\/","article_published_time":"2023-02-25T12:45:31+00:00","og_image":[{"width":1280,"height":683,"url":"https:\/\/www.revistarambla.com\/wp-content\/uploads\/2023\/02\/forest-gc922fb5f4_1280.jpg","type":"image\/jpeg"}],"author":"Jos\u00e9 Antonio Gamero Romero","twitter_card":"summary_large_image","twitter_creator":"@revistarambla","twitter_site":"@revistarambla","twitter_misc":{"Written by":"Jos\u00e9 Antonio Gamero Romero","Estimated reading time":"2 minutes"},"schema":{"@context":"https:\/\/schema.org","@graph":[{"@type":"Article","@id":"https:\/\/www.revistarambla.com\/la-psicologia-inversa-y-la-demanda-inelastica-de-los-productos-de-consumo\/#article","isPartOf":{"@id":"https:\/\/www.revistarambla.com\/la-psicologia-inversa-y-la-demanda-inelastica-de-los-productos-de-consumo\/"},"author":{"name":"Jos\u00e9 Antonio Gamero Romero","@id":"https:\/\/www.revistarambla.com\/#\/schema\/person\/94294f57cf4910853e3280fda7339bfc"},"headline":"La psicolog\u00eda inversa y la demanda inel\u00e1stica de los productos de consumo","datePublished":"2023-02-25T12:45:31+00:00","mainEntityOfPage":{"@id":"https:\/\/www.revistarambla.com\/la-psicologia-inversa-y-la-demanda-inelastica-de-los-productos-de-consumo\/"},"wordCount":400,"publisher":{"@id":"https:\/\/www.revistarambla.com\/#organization"},"image":{"@id":"https:\/\/www.revistarambla.com\/la-psicologia-inversa-y-la-demanda-inelastica-de-los-productos-de-consumo\/#primaryimage"},"thumbnailUrl":"https:\/\/www.revistarambla.com\/wp-content\/uploads\/2023\/02\/forest-gc922fb5f4_1280.jpg","articleSection":["La bodeguita de Hemingway"],"inLanguage":"en-GB"},{"@type":"WebPage","@id":"https:\/\/www.revistarambla.com\/la-psicologia-inversa-y-la-demanda-inelastica-de-los-productos-de-consumo\/","url":"https:\/\/www.revistarambla.com\/la-psicologia-inversa-y-la-demanda-inelastica-de-los-productos-de-consumo\/","name":"La psicolog\u00eda inversa y la demanda inel\u00e1stica de los productos de consumo - Revista Rambla","isPartOf":{"@id":"https:\/\/www.revistarambla.com\/#website"},"primaryImageOfPage":{"@id":"https:\/\/www.revistarambla.com\/la-psicologia-inversa-y-la-demanda-inelastica-de-los-productos-de-consumo\/#primaryimage"},"image":{"@id":"https:\/\/www.revistarambla.com\/la-psicologia-inversa-y-la-demanda-inelastica-de-los-productos-de-consumo\/#primaryimage"},"thumbnailUrl":"https:\/\/www.revistarambla.com\/wp-content\/uploads\/2023\/02\/forest-gc922fb5f4_1280.jpg","datePublished":"2023-02-25T12:45:31+00:00","breadcrumb":{"@id":"https:\/\/www.revistarambla.com\/la-psicologia-inversa-y-la-demanda-inelastica-de-los-productos-de-consumo\/#breadcrumb"},"inLanguage":"en-GB","potentialAction":[{"@type":"ReadAction","target":["https:\/\/www.revistarambla.com\/la-psicologia-inversa-y-la-demanda-inelastica-de-los-productos-de-consumo\/"]}]},{"@type":"ImageObject","inLanguage":"en-GB","@id":"https:\/\/www.revistarambla.com\/la-psicologia-inversa-y-la-demanda-inelastica-de-los-productos-de-consumo\/#primaryimage","url":"https:\/\/www.revistarambla.com\/wp-content\/uploads\/2023\/02\/forest-gc922fb5f4_1280.jpg","contentUrl":"https:\/\/www.revistarambla.com\/wp-content\/uploads\/2023\/02\/forest-gc922fb5f4_1280.jpg","width":1280,"height":683},{"@type":"BreadcrumbList","@id":"https:\/\/www.revistarambla.com\/la-psicologia-inversa-y-la-demanda-inelastica-de-los-productos-de-consumo\/#breadcrumb","itemListElement":[{"@type":"ListItem","position":1,"name":"Portada","item":"https:\/\/www.revistarambla.com\/"},{"@type":"ListItem","position":2,"name":"La psicolog\u00eda inversa y la demanda inel\u00e1stica de los productos de consumo"}]},{"@type":"WebSite","@id":"https:\/\/www.revistarambla.com\/#website","url":"https:\/\/www.revistarambla.com\/","name":"Revista Rambla Barcelona","description":"Periodismo independiente","publisher":{"@id":"https:\/\/www.revistarambla.com\/#organization"},"potentialAction":[{"@type":"SearchAction","target":{"@type":"EntryPoint","urlTemplate":"https:\/\/www.revistarambla.com\/?s={search_term_string}"},"query-input":{"@type":"PropertyValueSpecification","valueRequired":true,"valueName":"search_term_string"}}],"inLanguage":"en-GB"},{"@type":"Organization","@id":"https:\/\/www.revistarambla.com\/#organization","name":"Revista Rambla","url":"https:\/\/www.revistarambla.com\/","logo":{"@type":"ImageObject","inLanguage":"en-GB","@id":"https:\/\/www.revistarambla.com\/#\/schema\/logo\/image\/","url":"https:\/\/www.revistarambla.com\/wp-content\/uploads\/2020\/09\/banner_rambla_1900x600_BB.png","contentUrl":"https:\/\/www.revistarambla.com\/wp-content\/uploads\/2020\/09\/banner_rambla_1900x600_BB.png","width":1900,"height":600,"caption":"Revista Rambla"},"image":{"@id":"https:\/\/www.revistarambla.com\/#\/schema\/logo\/image\/"},"sameAs":["https:\/\/www.facebook.com\/revistarambla\/","https:\/\/x.com\/revistarambla","https:\/\/www.instagram.com\/revista_rambla","https:\/\/es.linkedin.com\/company\/revista-rambla"]},{"@type":"Person","@id":"https:\/\/www.revistarambla.com\/#\/schema\/person\/94294f57cf4910853e3280fda7339bfc","name":"Jos\u00e9 Antonio Gamero Romero","description":"Escritor sevillano finalista del premio Azor\u00edn 2014. Ha publicado en diferentes revistas como Culturamas, E\u00f1e, Visor, etc. Sus libros son: 'La invenci\u00f3n de los gigantes' (Buc\u00e9falo 2016); 'Literatura tridimensional' (Adarve 2018); 'S\u00f3crates no vino a Espa\u00f1a' (Samarcanda 2018); 'La rep\u00fablica del fin del mundo' (Tandaia 2018) y 'La bodeguita de Hemingway'."}]}},"_links":{"self":[{"href":"https:\/\/www.revistarambla.com\/en\/wp-json\/wp\/v2\/posts\/52992","targetHints":{"allow":["GET"]}}],"collection":[{"href":"https:\/\/www.revistarambla.com\/en\/wp-json\/wp\/v2\/posts"}],"about":[{"href":"https:\/\/www.revistarambla.com\/en\/wp-json\/wp\/v2\/types\/post"}],"author":[{"embeddable":true,"href":"https:\/\/www.revistarambla.com\/en\/wp-json\/wp\/v2\/users\/294"}],"replies":[{"embeddable":true,"href":"https:\/\/www.revistarambla.com\/en\/wp-json\/wp\/v2\/comments?post=52992"}],"version-history":[{"count":1,"href":"https:\/\/www.revistarambla.com\/en\/wp-json\/wp\/v2\/posts\/52992\/revisions"}],"predecessor-version":[{"id":52994,"href":"https:\/\/www.revistarambla.com\/en\/wp-json\/wp\/v2\/posts\/52992\/revisions\/52994"}],"wp:featuredmedia":[{"embeddable":true,"href":"https:\/\/www.revistarambla.com\/en\/wp-json\/wp\/v2\/media\/52993"}],"wp:attachment":[{"href":"https:\/\/www.revistarambla.com\/en\/wp-json\/wp\/v2\/media?parent=52992"}],"wp:term":[{"taxonomy":"category","embeddable":true,"href":"https:\/\/www.revistarambla.com\/en\/wp-json\/wp\/v2\/categories?post=52992"},{"taxonomy":"post_tag","embeddable":true,"href":"https:\/\/www.revistarambla.com\/en\/wp-json\/wp\/v2\/tags?post=52992"}],"curies":[{"name":"wp","href":"https:\/\/api.w.org\/{rel}","templated":true}]}}