{"id":52905,"date":"2023-02-22T11:59:59","date_gmt":"2023-02-22T10:59:59","guid":{"rendered":"https:\/\/www.revistarambla.com\/?p=52905"},"modified":"2023-02-22T11:59:59","modified_gmt":"2023-02-22T10:59:59","slug":"24-febrero-un-ano-de-la-invasion-rusa-de-ucrania","status":"publish","type":"post","link":"https:\/\/www.revistarambla.com\/en\/24-febrero-un-ano-de-la-invasion-rusa-de-ucrania\/","title":{"rendered":"24 febrero: un a\u00f1o de la invasi\u00f3n rusa de Ucrania"},"content":{"rendered":"<p>El 24 de febrero de 2022 comenz\u00f3 la invasi\u00f3n a Ucrania. Putin hab\u00eda planeado una guerra rel\u00e1mpago para poner bajo su control al gobierno de Ucrania en cuesti\u00f3n de d\u00edas: ha pasado un a\u00f1o y est\u00e1 lejos de conseguirlo. A pesar de la enorme superioridad militar rusa, la invasi\u00f3n fracas\u00f3 por la resistencia del pueblo y del ej\u00e9rcito ucraniano. En tres ocasiones la contraofensiva ucraniana ha hecho retroceder a las tropas rusas, alejando los invasores de Kiev, de Jarkiv y recuperando Jerson. Pero el r\u00e9gimen de Putin est\u00e1 dispuesto a convertir a Ucrania en un pa\u00eds inhabitable si no se somete: miles de muertos, millones de desplazados, ciudades y pueblos reducidos a escombros, infraestructuras vitales sistem\u00e1ticamente destruidas: un a\u00f1o de sufrimiento y brutalidad. La solidaridad internacional contra la invasi\u00f3n tiene que hacerse o\u00edr con fuerza para\u00a0derrotar al imperialismo ruso en defensa del derecho de autodeterminaci\u00f3n de Ucrania.<\/p>\n<h2>Putin y el fracaso de su plan de \u201cguerra rel\u00e1mpago\u201d<\/h2>\n<p>La resistencia del pueblo y el ej\u00e9rcito ucraniano desbarat\u00f3 la guerra rel\u00e1mpago planeada por Putin.<\/p>\n<p>Al cumplirse un a\u00f1o de la guerra se pone en evidencia el gran fracaso militar y pol\u00edtico de Putin. La guerra est\u00e1 estancada y puede prolongarse en el tiempo. Las contraofensivas militares ucranianas del a\u00f1o 2022 provocaron una crisis pol\u00edtica en el r\u00e9gimen de Putin. Sectores m\u00e1s guerreristas cuestionaron la pol\u00edtica militar. Putin debi\u00f3 cambiar tres veces a su comandante militar. Y hasta tuvo que recurrir a la milicia privada, el Grupo Wagner, del oligarca Yevgeny Prigozhin basada en el reclutamiento de ex presos criminales.<\/p>\n<p>Putin no puede pasar a una ofensiva decisiva por las dificultades de reclutamiento que impone a su propia poblaci\u00f3n, ensa\u00f1\u00e1ndose con los sectores pobres y racializados. Ha silenciado cualquier voz cr\u00edtica con mano de hierro, pero muchos j\u00f3venes siguen resisti\u00e9ndose al reclutamiento y huyendo del pa\u00eds.\u00a0 Por ello la solidaridad internacional con las redes que apoyan a los j\u00f3venes que escapan de la guerra es clave y hay que exigir a los gobiernos de la UE que les garanticen asilo pol\u00edtico.<\/p>\n<h2>Una guerra que se prolonga y profundiza la crisis del sistema capitalista-imperialista<\/h2>\n<p>El fracaso de la invasi\u00f3n en las primeras semanas oblig\u00f3 a una reubicaci\u00f3n al imperialismo norteamericano, los imperialismos europeos y la OTAN. De lo contrario habr\u00edan derramado l\u00e1grimas de cocodrilo para seguir haciendo negocio con el socio ruso, como hicieron en el 2014 ante la ocupaci\u00f3n de Crimea o la intervenci\u00f3n en el Donb\u00e1s, como hab\u00edan hecho tambi\u00e9n tras el apoyo de Putin a la represi\u00f3n de las protestas en Bielorrusia (2020), en Kazajist\u00e1n (2022), igual que callaron frente a las intervenciones militares del Kremlin para ahogar a la revoluci\u00f3n en Siria (2015), o ante las masacres en Chechenia (1999). Es la cadena de impunidad de que ha gozado Putin desde su llegada al poder, y que ha permitido al ej\u00e9rcito ruso desarrollar m\u00e9todos cada vez m\u00e1s atroces contra la poblaci\u00f3n civil, que nada tienen que envidiar a las intervenciones del imperialismo norteamericano.<\/p>\n<p>La invasi\u00f3n rusa de Ucrania ha brindado al imperialismo norteamericano y a los imperialismos europeos la oportunidad de reactivar la OTAN, que estaba en horas bajas tras la huida de Afganist\u00e1n en el 2021.<\/p>\n<p>Asistimos a una escalada en el gasto militar, pero no para ayudar a Ucrania, sino para blindar a Estados Unidos y los pa\u00edses europeos.\u00a0\u00a0Si los imperialismos europeos y norteamericano entregan armas al gobierno de Zelensky no es porque les preocupe el pueblo ucraniano, sino para satisfacer sus propios intereses. Las armas llegan a Ucrania en cuentagotas, con el objetivo no de derrotar la invasi\u00f3n rusa sino de forzar a Putin a una negociaci\u00f3n.<\/p>\n<p>Por eso a un a\u00f1o de iniciada la guerra Ucrania sigue sin contar con armamento pesado para enfrentar el poder\u00edo militar de Rusia. Ucrania casi no tiene aviaci\u00f3n militar y Biden volvi\u00f3 a ratificar que no autoriza el env\u00edo de cazas de combate F16 que tanto reclama Ucrania. Luego de un a\u00f1o de negativas, reci\u00e9n ahora Alemania y EE.UU. dicen que enviar\u00edan algunos tanques modernos (los Leopard 2 alemanes y los Abrams yankis). Pero apenas ser\u00edan unas docenas cuando los militares ucranianos reclaman un m\u00ednimo de 300 tanques.<\/p>\n<p>Nuestra solidaridad con el pueblo ucraniano nada tiene que ver con dar apoyo a la OTAN, que es una maquinaria criminal contra los pueblos. La guerra de Ucrania no ha hecho m\u00e1s que profundizar la crisis del capitalismo y su econom\u00eda. Las consecuencias son m\u00e1s miseria y ca\u00edda del nivel de vida para las masas. Como tambi\u00e9n el peligro de un descontrol que pueda llevar a la humanidad a la extensi\u00f3n de esta guerra como a nuevas guerras. Incluso con el uso de armas nucleares. Por eso desde la UIT-CI nos oponemos a todo el armamentismo imperialista y estamos por la disoluci\u00f3n de la OTAN.<\/p>\n<h2>Una guerra justa contra el invasor imperialista<\/h2>\n<p>La solidaridad internacionalista con el pueblo ucraniano que est\u00e1 siendo invadido y masacrado ha sido muy d\u00e9bil en este a\u00f1o que ha resistido a las bombas y los tanques del Kremlin. Un sector de la izquierda de matriz estaliniana se alinea sin tapujos con las mentiras de Putin y desempolva las viejas tesis de dos campos o bloques enfrentados en un choque en el que Rusia estar\u00eda librando una batalla \u201cprogresiva\u201d\u00a0para defenderse del imperialismo. Lo mismo ocurre con los gobiernos de la falsa izquierda latinoamericana como los de Cuba, Maduro de Venezuela u Ortega de Nicaragua. Un escenario que justifica el sacrificio del pueblo ucraniano por osar cuestionar su sumisi\u00f3n a la Gran Rusia. Una pol\u00edtica que entrega a la clase obrera y los pueblos que combaten contra la opresi\u00f3n y la explotaci\u00f3n capitalista a gobiernos reaccionarios como el de Putin, el de los ayatol\u00e1s en Ir\u00e1n o al criminal Bashar Al Assad en Siria. Pero la realidad es que no existen tales bloques. La Rusia de Putin no dud\u00f3 en colaborar con Estados Unidos en la invasi\u00f3n de Afganist\u00e1n de 2001; igual que Estados Unidos colabor\u00f3 con Ir\u00e1n para asegurarse el control de Iraq tras su retirada; tambi\u00e9n en Siria, Rusia y Estados Unidos intervinieron de forma coordinada. El mundo no se divide en bloques sino en clases sociales y en pa\u00edses opresores y oprimidos. Y estamos con la clase obrera y los pueblos\u00a0all\u00ed donde luchan contra explotaci\u00f3n y que se rebelan contra toda opresi\u00f3n, est\u00e9n donde est\u00e9n.<\/p>\n<p>Esta es una guerra con una causa justa y por eso, desde la UIT-CI no somos neutrales. Tambi\u00e9n el Ni-Ni de una franja de la izquierda favorece en los hechos a Putin y su invasi\u00f3n asesina.<\/p>\n<p>Otros sectores, desde el pacifismo, se limitan a denunciar la carrera armament\u00edstica y el incremento del gasto militar, como si esto fuera por culpa del pueblo ucraniano. No nos enga\u00f1an: los presupuestos militares inflados no son para ayudar al pueblo ucraniano sino para blindar los intereses de la burgues\u00eda en cada pa\u00eds.\u00a0 Reclamar un alto el fuego y una negociaci\u00f3n sin exigir la retirada de las tropas invasoras, es premiar la agresi\u00f3n armada imperialista de Putin\u00a0con conquistas territoriales.<\/p>\n<p>No puede haber una paz justa que no respete el derecho de los pueblos a rebelarse y resistir contra la opresi\u00f3n y la ocupaci\u00f3n. Reconocemos esos derechos para el pueblo palestino, el saharaui, o para los pueblos de Iraq, de Afganist\u00e1n o Vietnam frente al invasor imperialista yanki.\u00a0 No es distinto el pueblo ucraniano que, como agredido, oprimido y ocupado tiene derecho a defenderse y a armarse. Y como dijimos en Iraq, Afganist\u00e1n o Vietnam \u2013todos ellos reg\u00edmenes reaccionarios- esta posici\u00f3n es independiente del car\u00e1cter de sus respectivos gobiernos.<\/p>\n<h2>Apoyamos al pueblo trabajador ucraniano no a Zelensky<\/h2>\n<p>El gobierno de Zelensky es\u00a0capitalista y pro-imperialista europeo y yanki, legitima a la extrema derecha y est\u00e1 tomando duras medidas contra la clase trabajadora en Ucrania, que ve retroceder salarios y derechos. Pero no juzgamos a los pueblos por sus gobiernos. Y estando al lado de los trabajadores y trabajadoras ucranianos, apoyando sus organizaciones de izquierda y sindicatos combativos, denunciamos las medidas que toma en ese sentido.<\/p>\n<p>Las medidas antiobreras de Zelensky debilitan el esfuerzo b\u00e9lico.\u00a0No son los oligarcas ucranianos, sino el pueblo trabajador quien pone los muertos y heridos para derrotar la ofensiva rusa. Los oligarcas, que se enriquecieron con las grandes privatizaciones a precios irrisorios y los gobiernos que los sirvieron, son los principales responsables que Ucrania sea el pa\u00eds m\u00e1s pobre de Europa. Es sobre ellos que se deben descargar las medidas para los gastos de la guerra. No sobre la clase trabajadora y los sectores populares. Que se anulen los decretos antiobreros y que impongan altos impuestos y expropiaciones al empresariado y a los oligarcas ucranianos y extranjeros para invertir en los gastos de la guerra.<\/p>\n<p>Ante las necesidades del conflicto y las de la reconstrucci\u00f3n, como dice el Movimiento Social ucraniano: la deuda es impagable. Hay que exigir al gobierno Zelensky el no pago de\u00a0la deuda para usar esos fondos para la guerra y en la reconstrucci\u00f3n.<\/p>\n<h2>Llamamos a redoblar la solidaridad internacional<\/h2>\n<p>Nuestro compromiso es seguir desplegando la m\u00e1s amplia solidaridad con el pueblo ucraniano y la resistencia popular-militar a la agresi\u00f3n de Putin. Participamos en la Red Europea Solidaridad con Ucrania. Desde la UIT-CI hemos mandado ya tres convoyes de ayuda a los sindicatos y a las organizaciones de izquierda en Ucrania. Estrechando y apoyando la izquierda pol\u00edtica, el movimiento antiautoritario y el sindicalismo que ha combatido tambi\u00e9n las leyes antiobreras del Gobierno de Zelensky. En el primer convoy fuimos a Kiev en mayo para entregar ayuda a las organizaciones de j\u00f3venes antifascistas que luchaban contra la invasi\u00f3n, el segundo en noviembre llegamos hasta la ciudad minera de Kryvy Rih para entregar ayuda al sindicato minero independiente y tambi\u00e9n a Zaporiyia, para apoyar al sindicato independiente de ferroviarios. Hace unas semanas hemos estado en la ciudad minera de Dobropilia, en el Donb\u00e1s, tambi\u00e9n apoyando al sindicato minero independiente, y hemos vuelto a Zaporiyia de nuevo.<\/p>\n<p>Al cumplirse un a\u00f1o de la criminal invasi\u00f3n de Putin, desde la UIT-CI llamamos a redoblar la solidaridad internacional en defensa del pueblo ucraniano y su derecho a armarse, vengan de donde vengan las armas, para derrotar la invasi\u00f3n del imperialismo ruso. Lo hacemos desde una posici\u00f3n independiente del gobierno de Zelensky y de la OTAN. Llamamos a las y los trabajadores y pueblos del mundo y a todas las fuerzas de la izquierda internacional a apoyar la resistencia popular-militar a la invasi\u00f3n rusa y a las organizaciones de izquierda, antiautoritarias y al sindicalismo combativo en Ucrania.<\/p>\n<p style=\"text-align: center;\"><strong>\u00a1Fuera las tropas rusas de Ucrania!<\/strong><\/p>\n<p style=\"text-align: center;\"><strong>\u00a1Solidaridad con el pueblo ucraniano y su resistencia!<\/strong><\/p>\n<p style=\"text-align: center;\"><strong>\u00a1Asilo pol\u00edtico en la UE a los rusos que no quieran hacer la guerra!<\/strong><\/p>\n<p style=\"text-align: center;\"><strong>\u00a1Libertad a las y los presos en Rusia por oponerse a la guerra!\u00a0<\/strong><\/p>\n<p style=\"text-align: center;\"><strong>\u00a1Fuera Putin! \u00a1No a la OTAN!<\/strong><\/p>","protected":false},"excerpt":{"rendered":"<p>Fuera Putin de Ucrania, solidaridad con la resistencia del pueblo ucraniano. No a la OTAN\u00a0<\/p>","protected":false},"author":96,"featured_media":45731,"comment_status":"closed","ping_status":"closed","sticky":false,"template":"","format":"standard","meta":{"footnotes":""},"categories":[4079],"tags":[],"class_list":["post-52905","post","type-post","status-publish","format-standard","has-post-thumbnail","hentry","category-tribuna-libre"],"yoast_head":"<!-- This site is optimized with the Yoast SEO plugin v27.5 - https:\/\/yoast.com\/product\/yoast-seo-wordpress\/ -->\n<title>24 febrero: un a\u00f1o de la invasi\u00f3n rusa de Ucrania - Revista Rambla<\/title>\n<meta name=\"robots\" content=\"index, follow, max-snippet:-1, max-image-preview:large, max-video-preview:-1\" \/>\n<link rel=\"canonical\" href=\"https:\/\/www.revistarambla.com\/en\/24-febrero-un-ano-de-la-invasion-rusa-de-ucrania\/\" \/>\n<meta property=\"og:locale\" content=\"en_GB\" \/>\n<meta property=\"og:type\" content=\"article\" \/>\n<meta property=\"og:title\" content=\"24 febrero: un a\u00f1o de la invasi\u00f3n rusa de Ucrania - Revista Rambla\" \/>\n<meta property=\"og:description\" content=\"Fuera Putin de Ucrania, solidaridad con la resistencia del pueblo ucraniano. No a la OTAN\u00a0\" \/>\n<meta property=\"og:url\" content=\"https:\/\/www.revistarambla.com\/en\/24-febrero-un-ano-de-la-invasion-rusa-de-ucrania\/\" \/>\n<meta property=\"og:site_name\" content=\"Revista Rambla\" \/>\n<meta property=\"article:publisher\" content=\"https:\/\/www.facebook.com\/revistarambla\/\" \/>\n<meta property=\"article:author\" content=\"https:\/\/www.facebook.com\/linternacionalista\/\" \/>\n<meta property=\"article:published_time\" content=\"2023-02-22T10:59:59+00:00\" \/>\n<meta property=\"og:image\" content=\"https:\/\/www.revistarambla.com\/wp-content\/uploads\/2022\/08\/soldado-ruso-mariupol_98_ucrania.jpg\" \/>\n\t<meta property=\"og:image:width\" content=\"1900\" \/>\n\t<meta property=\"og:image:height\" content=\"1069\" \/>\n\t<meta property=\"og:image:type\" content=\"image\/jpeg\" \/>\n<meta name=\"author\" content=\"Lucha Internacionalista\" \/>\n<meta name=\"twitter:card\" content=\"summary_large_image\" \/>\n<meta name=\"twitter:creator\" content=\"@luchainternacio\" \/>\n<meta name=\"twitter:site\" content=\"@revistarambla\" \/>\n<meta name=\"twitter:label1\" content=\"Written by\" \/>\n\t<meta name=\"twitter:data1\" content=\"Lucha Internacionalista\" \/>\n\t<meta name=\"twitter:label2\" content=\"Estimated reading time\" \/>\n\t<meta name=\"twitter:data2\" content=\"9 minutes\" \/>\n<script type=\"application\/ld+json\" class=\"yoast-schema-graph\">{\"@context\":\"https:\\\/\\\/schema.org\",\"@graph\":[{\"@type\":\"Article\",\"@id\":\"https:\\\/\\\/www.revistarambla.com\\\/24-febrero-un-ano-de-la-invasion-rusa-de-ucrania\\\/#article\",\"isPartOf\":{\"@id\":\"https:\\\/\\\/www.revistarambla.com\\\/24-febrero-un-ano-de-la-invasion-rusa-de-ucrania\\\/\"},\"author\":{\"name\":\"Lucha Internacionalista\",\"@id\":\"https:\\\/\\\/www.revistarambla.com\\\/#\\\/schema\\\/person\\\/2d0daa76d289bb19174d9201fb9fe42c\"},\"headline\":\"24 febrero: un a\u00f1o de la invasi\u00f3n rusa de Ucrania\",\"datePublished\":\"2023-02-22T10:59:59+00:00\",\"mainEntityOfPage\":{\"@id\":\"https:\\\/\\\/www.revistarambla.com\\\/24-febrero-un-ano-de-la-invasion-rusa-de-ucrania\\\/\"},\"wordCount\":1917,\"publisher\":{\"@id\":\"https:\\\/\\\/www.revistarambla.com\\\/#organization\"},\"image\":{\"@id\":\"https:\\\/\\\/www.revistarambla.com\\\/24-febrero-un-ano-de-la-invasion-rusa-de-ucrania\\\/#primaryimage\"},\"thumbnailUrl\":\"https:\\\/\\\/www.revistarambla.com\\\/wp-content\\\/uploads\\\/2022\\\/08\\\/soldado-ruso-mariupol_98_ucrania.jpg\",\"articleSection\":[\"Tribuna Libre\"],\"inLanguage\":\"en-GB\"},{\"@type\":\"WebPage\",\"@id\":\"https:\\\/\\\/www.revistarambla.com\\\/24-febrero-un-ano-de-la-invasion-rusa-de-ucrania\\\/\",\"url\":\"https:\\\/\\\/www.revistarambla.com\\\/24-febrero-un-ano-de-la-invasion-rusa-de-ucrania\\\/\",\"name\":\"24 febrero: un a\u00f1o de la invasi\u00f3n rusa de Ucrania - Revista Rambla\",\"isPartOf\":{\"@id\":\"https:\\\/\\\/www.revistarambla.com\\\/#website\"},\"primaryImageOfPage\":{\"@id\":\"https:\\\/\\\/www.revistarambla.com\\\/24-febrero-un-ano-de-la-invasion-rusa-de-ucrania\\\/#primaryimage\"},\"image\":{\"@id\":\"https:\\\/\\\/www.revistarambla.com\\\/24-febrero-un-ano-de-la-invasion-rusa-de-ucrania\\\/#primaryimage\"},\"thumbnailUrl\":\"https:\\\/\\\/www.revistarambla.com\\\/wp-content\\\/uploads\\\/2022\\\/08\\\/soldado-ruso-mariupol_98_ucrania.jpg\",\"datePublished\":\"2023-02-22T10:59:59+00:00\",\"breadcrumb\":{\"@id\":\"https:\\\/\\\/www.revistarambla.com\\\/24-febrero-un-ano-de-la-invasion-rusa-de-ucrania\\\/#breadcrumb\"},\"inLanguage\":\"en-GB\",\"potentialAction\":[{\"@type\":\"ReadAction\",\"target\":[\"https:\\\/\\\/www.revistarambla.com\\\/24-febrero-un-ano-de-la-invasion-rusa-de-ucrania\\\/\"]}]},{\"@type\":\"ImageObject\",\"inLanguage\":\"en-GB\",\"@id\":\"https:\\\/\\\/www.revistarambla.com\\\/24-febrero-un-ano-de-la-invasion-rusa-de-ucrania\\\/#primaryimage\",\"url\":\"https:\\\/\\\/www.revistarambla.com\\\/wp-content\\\/uploads\\\/2022\\\/08\\\/soldado-ruso-mariupol_98_ucrania.jpg\",\"contentUrl\":\"https:\\\/\\\/www.revistarambla.com\\\/wp-content\\\/uploads\\\/2022\\\/08\\\/soldado-ruso-mariupol_98_ucrania.jpg\",\"width\":1900,\"height\":1069,\"caption\":\"ucrania palestina\"},{\"@type\":\"BreadcrumbList\",\"@id\":\"https:\\\/\\\/www.revistarambla.com\\\/24-febrero-un-ano-de-la-invasion-rusa-de-ucrania\\\/#breadcrumb\",\"itemListElement\":[{\"@type\":\"ListItem\",\"position\":1,\"name\":\"Portada\",\"item\":\"https:\\\/\\\/www.revistarambla.com\\\/\"},{\"@type\":\"ListItem\",\"position\":2,\"name\":\"24 febrero: un a\u00f1o de la invasi\u00f3n rusa de Ucrania\"}]},{\"@type\":\"WebSite\",\"@id\":\"https:\\\/\\\/www.revistarambla.com\\\/#website\",\"url\":\"https:\\\/\\\/www.revistarambla.com\\\/\",\"name\":\"Revista Rambla Barcelona\",\"description\":\"Periodismo independiente\",\"publisher\":{\"@id\":\"https:\\\/\\\/www.revistarambla.com\\\/#organization\"},\"potentialAction\":[{\"@type\":\"SearchAction\",\"target\":{\"@type\":\"EntryPoint\",\"urlTemplate\":\"https:\\\/\\\/www.revistarambla.com\\\/?s={search_term_string}\"},\"query-input\":{\"@type\":\"PropertyValueSpecification\",\"valueRequired\":true,\"valueName\":\"search_term_string\"}}],\"inLanguage\":\"en-GB\"},{\"@type\":\"Organization\",\"@id\":\"https:\\\/\\\/www.revistarambla.com\\\/#organization\",\"name\":\"Revista Rambla\",\"url\":\"https:\\\/\\\/www.revistarambla.com\\\/\",\"logo\":{\"@type\":\"ImageObject\",\"inLanguage\":\"en-GB\",\"@id\":\"https:\\\/\\\/www.revistarambla.com\\\/#\\\/schema\\\/logo\\\/image\\\/\",\"url\":\"https:\\\/\\\/www.revistarambla.com\\\/wp-content\\\/uploads\\\/2020\\\/09\\\/banner_rambla_1900x600_BB.png\",\"contentUrl\":\"https:\\\/\\\/www.revistarambla.com\\\/wp-content\\\/uploads\\\/2020\\\/09\\\/banner_rambla_1900x600_BB.png\",\"width\":1900,\"height\":600,\"caption\":\"Revista Rambla\"},\"image\":{\"@id\":\"https:\\\/\\\/www.revistarambla.com\\\/#\\\/schema\\\/logo\\\/image\\\/\"},\"sameAs\":[\"https:\\\/\\\/www.facebook.com\\\/revistarambla\\\/\",\"https:\\\/\\\/x.com\\\/revistarambla\",\"https:\\\/\\\/www.instagram.com\\\/revista_rambla\",\"https:\\\/\\\/es.linkedin.com\\\/company\\\/revista-rambla\"]},{\"@type\":\"Person\",\"@id\":\"https:\\\/\\\/www.revistarambla.com\\\/#\\\/schema\\\/person\\\/2d0daa76d289bb19174d9201fb9fe42c\",\"name\":\"Lucha Internacionalista\",\"description\":\"Lucha Internacionalista es una organizaci\u00f3n pol\u00edtica marxista revolucionaria: trotskista. Se constituy\u00f3 en mayo de 1999 por militantes del Partido Revolucionario de los Trabajadores (PRT).\",\"sameAs\":[\"http:\\\/\\\/luchainternacionalista.org\\\/\",\"https:\\\/\\\/www.facebook.com\\\/linternacionalista\\\/\",\"https:\\\/\\\/x.com\\\/luchainternacio\"]}]}<\/script>\n<!-- \/ Yoast SEO plugin. -->","yoast_head_json":{"title":"24 febrero: un a\u00f1o de la invasi\u00f3n rusa de Ucrania - Revista Rambla","robots":{"index":"index","follow":"follow","max-snippet":"max-snippet:-1","max-image-preview":"max-image-preview:large","max-video-preview":"max-video-preview:-1"},"canonical":"https:\/\/www.revistarambla.com\/en\/24-febrero-un-ano-de-la-invasion-rusa-de-ucrania\/","og_locale":"en_GB","og_type":"article","og_title":"24 febrero: un a\u00f1o de la invasi\u00f3n rusa de Ucrania - Revista Rambla","og_description":"Fuera Putin de Ucrania, solidaridad con la resistencia del pueblo ucraniano. No a la OTAN\u00a0","og_url":"https:\/\/www.revistarambla.com\/en\/24-febrero-un-ano-de-la-invasion-rusa-de-ucrania\/","og_site_name":"Revista Rambla","article_publisher":"https:\/\/www.facebook.com\/revistarambla\/","article_author":"https:\/\/www.facebook.com\/linternacionalista\/","article_published_time":"2023-02-22T10:59:59+00:00","og_image":[{"width":1900,"height":1069,"url":"https:\/\/www.revistarambla.com\/wp-content\/uploads\/2022\/08\/soldado-ruso-mariupol_98_ucrania.jpg","type":"image\/jpeg"}],"author":"Lucha Internacionalista","twitter_card":"summary_large_image","twitter_creator":"@luchainternacio","twitter_site":"@revistarambla","twitter_misc":{"Written by":"Lucha Internacionalista","Estimated reading time":"9 minutes"},"schema":{"@context":"https:\/\/schema.org","@graph":[{"@type":"Article","@id":"https:\/\/www.revistarambla.com\/24-febrero-un-ano-de-la-invasion-rusa-de-ucrania\/#article","isPartOf":{"@id":"https:\/\/www.revistarambla.com\/24-febrero-un-ano-de-la-invasion-rusa-de-ucrania\/"},"author":{"name":"Lucha Internacionalista","@id":"https:\/\/www.revistarambla.com\/#\/schema\/person\/2d0daa76d289bb19174d9201fb9fe42c"},"headline":"24 febrero: un a\u00f1o de la invasi\u00f3n rusa de Ucrania","datePublished":"2023-02-22T10:59:59+00:00","mainEntityOfPage":{"@id":"https:\/\/www.revistarambla.com\/24-febrero-un-ano-de-la-invasion-rusa-de-ucrania\/"},"wordCount":1917,"publisher":{"@id":"https:\/\/www.revistarambla.com\/#organization"},"image":{"@id":"https:\/\/www.revistarambla.com\/24-febrero-un-ano-de-la-invasion-rusa-de-ucrania\/#primaryimage"},"thumbnailUrl":"https:\/\/www.revistarambla.com\/wp-content\/uploads\/2022\/08\/soldado-ruso-mariupol_98_ucrania.jpg","articleSection":["Tribuna Libre"],"inLanguage":"en-GB"},{"@type":"WebPage","@id":"https:\/\/www.revistarambla.com\/24-febrero-un-ano-de-la-invasion-rusa-de-ucrania\/","url":"https:\/\/www.revistarambla.com\/24-febrero-un-ano-de-la-invasion-rusa-de-ucrania\/","name":"24 febrero: un a\u00f1o de la invasi\u00f3n rusa de Ucrania - Revista Rambla","isPartOf":{"@id":"https:\/\/www.revistarambla.com\/#website"},"primaryImageOfPage":{"@id":"https:\/\/www.revistarambla.com\/24-febrero-un-ano-de-la-invasion-rusa-de-ucrania\/#primaryimage"},"image":{"@id":"https:\/\/www.revistarambla.com\/24-febrero-un-ano-de-la-invasion-rusa-de-ucrania\/#primaryimage"},"thumbnailUrl":"https:\/\/www.revistarambla.com\/wp-content\/uploads\/2022\/08\/soldado-ruso-mariupol_98_ucrania.jpg","datePublished":"2023-02-22T10:59:59+00:00","breadcrumb":{"@id":"https:\/\/www.revistarambla.com\/24-febrero-un-ano-de-la-invasion-rusa-de-ucrania\/#breadcrumb"},"inLanguage":"en-GB","potentialAction":[{"@type":"ReadAction","target":["https:\/\/www.revistarambla.com\/24-febrero-un-ano-de-la-invasion-rusa-de-ucrania\/"]}]},{"@type":"ImageObject","inLanguage":"en-GB","@id":"https:\/\/www.revistarambla.com\/24-febrero-un-ano-de-la-invasion-rusa-de-ucrania\/#primaryimage","url":"https:\/\/www.revistarambla.com\/wp-content\/uploads\/2022\/08\/soldado-ruso-mariupol_98_ucrania.jpg","contentUrl":"https:\/\/www.revistarambla.com\/wp-content\/uploads\/2022\/08\/soldado-ruso-mariupol_98_ucrania.jpg","width":1900,"height":1069,"caption":"ucrania palestina"},{"@type":"BreadcrumbList","@id":"https:\/\/www.revistarambla.com\/24-febrero-un-ano-de-la-invasion-rusa-de-ucrania\/#breadcrumb","itemListElement":[{"@type":"ListItem","position":1,"name":"Portada","item":"https:\/\/www.revistarambla.com\/"},{"@type":"ListItem","position":2,"name":"24 febrero: un a\u00f1o de la invasi\u00f3n rusa de Ucrania"}]},{"@type":"WebSite","@id":"https:\/\/www.revistarambla.com\/#website","url":"https:\/\/www.revistarambla.com\/","name":"Revista Rambla Barcelona","description":"Periodismo independiente","publisher":{"@id":"https:\/\/www.revistarambla.com\/#organization"},"potentialAction":[{"@type":"SearchAction","target":{"@type":"EntryPoint","urlTemplate":"https:\/\/www.revistarambla.com\/?s={search_term_string}"},"query-input":{"@type":"PropertyValueSpecification","valueRequired":true,"valueName":"search_term_string"}}],"inLanguage":"en-GB"},{"@type":"Organization","@id":"https:\/\/www.revistarambla.com\/#organization","name":"Revista Rambla","url":"https:\/\/www.revistarambla.com\/","logo":{"@type":"ImageObject","inLanguage":"en-GB","@id":"https:\/\/www.revistarambla.com\/#\/schema\/logo\/image\/","url":"https:\/\/www.revistarambla.com\/wp-content\/uploads\/2020\/09\/banner_rambla_1900x600_BB.png","contentUrl":"https:\/\/www.revistarambla.com\/wp-content\/uploads\/2020\/09\/banner_rambla_1900x600_BB.png","width":1900,"height":600,"caption":"Revista Rambla"},"image":{"@id":"https:\/\/www.revistarambla.com\/#\/schema\/logo\/image\/"},"sameAs":["https:\/\/www.facebook.com\/revistarambla\/","https:\/\/x.com\/revistarambla","https:\/\/www.instagram.com\/revista_rambla","https:\/\/es.linkedin.com\/company\/revista-rambla"]},{"@type":"Person","@id":"https:\/\/www.revistarambla.com\/#\/schema\/person\/2d0daa76d289bb19174d9201fb9fe42c","name":"Lucha Internacionalista","description":"Lucha Internacionalista es una organizaci\u00f3n pol\u00edtica marxista revolucionaria: trotskista. Se constituy\u00f3 en mayo de 1999 por militantes del Partido Revolucionario de los Trabajadores (PRT).","sameAs":["http:\/\/luchainternacionalista.org\/","https:\/\/www.facebook.com\/linternacionalista\/","https:\/\/x.com\/luchainternacio"]}]}},"_links":{"self":[{"href":"https:\/\/www.revistarambla.com\/en\/wp-json\/wp\/v2\/posts\/52905","targetHints":{"allow":["GET"]}}],"collection":[{"href":"https:\/\/www.revistarambla.com\/en\/wp-json\/wp\/v2\/posts"}],"about":[{"href":"https:\/\/www.revistarambla.com\/en\/wp-json\/wp\/v2\/types\/post"}],"author":[{"embeddable":true,"href":"https:\/\/www.revistarambla.com\/en\/wp-json\/wp\/v2\/users\/96"}],"replies":[{"embeddable":true,"href":"https:\/\/www.revistarambla.com\/en\/wp-json\/wp\/v2\/comments?post=52905"}],"version-history":[{"count":1,"href":"https:\/\/www.revistarambla.com\/en\/wp-json\/wp\/v2\/posts\/52905\/revisions"}],"predecessor-version":[{"id":52906,"href":"https:\/\/www.revistarambla.com\/en\/wp-json\/wp\/v2\/posts\/52905\/revisions\/52906"}],"wp:featuredmedia":[{"embeddable":true,"href":"https:\/\/www.revistarambla.com\/en\/wp-json\/wp\/v2\/media\/45731"}],"wp:attachment":[{"href":"https:\/\/www.revistarambla.com\/en\/wp-json\/wp\/v2\/media?parent=52905"}],"wp:term":[{"taxonomy":"category","embeddable":true,"href":"https:\/\/www.revistarambla.com\/en\/wp-json\/wp\/v2\/categories?post=52905"},{"taxonomy":"post_tag","embeddable":true,"href":"https:\/\/www.revistarambla.com\/en\/wp-json\/wp\/v2\/tags?post=52905"}],"curies":[{"name":"wp","href":"https:\/\/api.w.org\/{rel}","templated":true}]}}