{"id":52632,"date":"2023-02-13T17:29:08","date_gmt":"2023-02-13T16:29:08","guid":{"rendered":"https:\/\/www.revistarambla.com\/?p=52632"},"modified":"2023-02-13T17:29:08","modified_gmt":"2023-02-13T16:29:08","slug":"el-pensamiento-lateral-y-el-sabotaje-a-los-gaseoductos","status":"publish","type":"post","link":"https:\/\/www.revistarambla.com\/en\/el-pensamiento-lateral-y-el-sabotaje-a-los-gaseoductos\/","title":{"rendered":"El pensamiento lateral y el sabotaje a los gaseoductos"},"content":{"rendered":"<p>Recientemente el prestigioso periodista\u2015ganador del premio Pulitzer\u2015 Seymuor Hersh ha publicado un art\u00edculo en que culpa a Estados Unidos del sabotaje a los gaseoductos que en septiembre de 2022 explotaron en el Mar del Norte. Sin embargo el periodista no aporta pruebas irrefutables, y solo se apoya en una sola fuente an\u00f3nima. Sin perjuicio de que yo creo que en efecto todo apunta a que fue Estados Unidos el autor de dicho acto de sabotaje, me gustar\u00eda hacer una reflexi\u00f3n. Est\u00e1 claro que dicho atentado solo lo pudo realizar un Estado, es m\u00e1s, uno que se viera beneficiado por tal evento y que fuera lo suficientemente poderoso para no temer las consecuencias. Desde esa perspectiva solo nos quedan tres: Estados Unidos, Rusia o China. Aparte que no parece que sea el principal sospechoso, es dif\u00edcil creer que China tenga la infraestructura necesaria para perpetrar dicho sabotaje en esa zona geogr\u00e1fica. Entonces solo nos quedan dos: Estados Unidos y Rusia. Se pueden esgrimir numerosos razonamientos para apoyar una u otra hip\u00f3tesis, pero sin aportar pruebas es un ejercicio que entra dentro del te\u00f3rico mundo de las conjeturas. Es cierto que hay conjeturas mejores y peores. Pero todas las conjeturas esgrimidas hasta ahora tienen pensamiento vertical y no parece haber muchas con pensamiento lateral. El pensamiento vertical es como si se ahondara en un mismo hoyo y el pensamiento lateral abre un hoyo distinto. Por lo tanto, si aplicamos el pensamiento lateral a dicho problema no tendremos un resultado, pero si veremos el problema desde otra perspectiva. Si en lugar de buscar el culpable analizamos el contexto en el que sucedi\u00f3 y los perjudicados, podemos llegar a otras conclusiones. En efecto, en aquel entonces el objetivo de la guerra era otro. Se trataba de un conflicto regional y Rusia amenazaba constantemente con el arma nuclear para que ni la OTAN se involucrara directamente, ni se le facilitaran a Ucrania armas de ataque. Recuerdo que cuando volaron los gaseoductos pens\u00e9 que el conflicto de Ucrania ya era global. Sin embargo, lo interesante es que si fue Estados Unidos, est\u00e1 claro que a menos que se invada territorio ruso, Putin no utilizar\u00e1 el arma nuclear. Por otro lado, si fue Rusia, est\u00e1 claro que Estados Unidos solo aplicar\u00e1 con todas sus fuerzas el art\u00edculo 5 del tratado del Atl\u00e1ntico Norte cuando le convenga, es decir cuando vea amenazados sus propios intereses. En otras palabras, si dejamos de lado el debate sobre el autor del sabotaje, se podr\u00eda decir que ambas potencias mienten, que el peligro nuclear es lejano y que la manipulaci\u00f3n tendenciosa de la opini\u00f3n p\u00fablica es independiente de los hechos probados. La idea de debilitar a Rusia incluso a costa de beneficiar econ\u00f3micamente a su nuevo enemigo que es China, parece una idea tan obsoleta que podr\u00eda ser una estrategia del imperio brit\u00e1nico o incluso haber salido de la mente del mism\u00edsimo general Patton. \u00bfCu\u00e1les son los intereses de Europa? Es dif\u00edcil de saber porque Europa no est\u00e1 unida. Alemania parece tener una pol\u00edtica err\u00e1tica. Francia parece querer ir en contra de sus propios intereses por tener un protagonismo propio. Nadie habla de Espa\u00f1a. Hablemos de Estados Unidos. Hablemos de Rusia. Lo cierto es que un problema en el Norte se puede arreglar con una soluci\u00f3n en el Sur. El nuevo gaseoducto desde Nigeria hasta Espa\u00f1a pasar\u00e1 por Marruecos. En estas circunstancias parece que si Espa\u00f1a pierde perdemos todos. \u00bfNo deber\u00edan los aliados europeos escuchar a Espa\u00f1a y apoyarla en sus proyectos, incluso si eso significa que Francia y Alemania se posicionen en este asunto frente a los problemas del Norte de \u00c1frica?. Hablemos del sabotaje en el Mar del Norte pero no hablemos del Sur porque no interesa. Por lo pronto, como Ceuta parece ser un punto d\u00e9bil de toda esta ecuaci\u00f3n, sus mares cercanos ya han sido aprovechados por Rusia establecer una especie de gasolinera, un punto clave para evadir las sanciones, y que da apoyo a su nueva ruta de petroleros para llevar el crudo que no vende en Europa a India y China.<\/p>","protected":false},"excerpt":{"rendered":"<p>Recientemente el prestigioso periodista\u2015ganador del premio Pulitzer\u2015 Seymuor Hersh ha publicado un art\u00edculo en que culpa a Estados Unidos del sabotaje a los gaseoductos que en septiembre de 2022 explotaron en el Mar del Norte. Sin embargo el periodista no aporta pruebas irrefutables, y solo se apoya en una sola [&hellip;]<\/p>\n","protected":false},"author":294,"featured_media":47104,"comment_status":"closed","ping_status":"closed","sticky":false,"template":"","format":"standard","meta":{"footnotes":""},"categories":[3908],"tags":[],"class_list":["post-52632","post","type-post","status-publish","format-standard","has-post-thumbnail","hentry","category-la-bodeguita-de-hemingway"],"yoast_head":"<!-- This site is optimized with the Yoast SEO plugin v27.5 - https:\/\/yoast.com\/product\/yoast-seo-wordpress\/ -->\n<title>El pensamiento lateral y el sabotaje a los gaseoductos - Revista Rambla<\/title>\n<meta name=\"robots\" content=\"index, follow, max-snippet:-1, max-image-preview:large, max-video-preview:-1\" \/>\n<link rel=\"canonical\" href=\"https:\/\/www.revistarambla.com\/en\/el-pensamiento-lateral-y-el-sabotaje-a-los-gaseoductos\/\" \/>\n<meta property=\"og:locale\" content=\"en_GB\" \/>\n<meta property=\"og:type\" content=\"article\" \/>\n<meta property=\"og:title\" content=\"El pensamiento lateral y el sabotaje a los gaseoductos - Revista Rambla\" \/>\n<meta property=\"og:description\" content=\"Recientemente el prestigioso periodista\u2015ganador del premio Pulitzer\u2015 Seymuor Hersh ha publicado un art\u00edculo en que culpa a Estados Unidos del sabotaje a los gaseoductos que en septiembre de 2022 explotaron en el Mar del Norte. Sin embargo el periodista no aporta pruebas irrefutables, y solo se apoya en una sola [&hellip;]\" \/>\n<meta property=\"og:url\" content=\"https:\/\/www.revistarambla.com\/en\/el-pensamiento-lateral-y-el-sabotaje-a-los-gaseoductos\/\" \/>\n<meta property=\"og:site_name\" content=\"Revista Rambla\" \/>\n<meta property=\"article:publisher\" content=\"https:\/\/www.facebook.com\/revistarambla\/\" \/>\n<meta property=\"article:published_time\" content=\"2023-02-13T16:29:08+00:00\" \/>\n<meta property=\"og:image\" content=\"https:\/\/www.revistarambla.com\/wp-content\/uploads\/2022\/09\/nord-stream.jpg\" \/>\n\t<meta property=\"og:image:width\" content=\"800\" \/>\n\t<meta property=\"og:image:height\" content=\"450\" \/>\n\t<meta property=\"og:image:type\" content=\"image\/jpeg\" \/>\n<meta name=\"author\" content=\"Jos\u00e9 Antonio Gamero Romero\" \/>\n<meta name=\"twitter:card\" content=\"summary_large_image\" \/>\n<meta name=\"twitter:creator\" content=\"@revistarambla\" \/>\n<meta name=\"twitter:site\" content=\"@revistarambla\" \/>\n<meta name=\"twitter:label1\" content=\"Written by\" \/>\n\t<meta name=\"twitter:data1\" content=\"Jos\u00e9 Antonio Gamero Romero\" \/>\n\t<meta name=\"twitter:label2\" content=\"Estimated reading time\" \/>\n\t<meta name=\"twitter:data2\" content=\"4 minutes\" \/>\n<script type=\"application\/ld+json\" class=\"yoast-schema-graph\">{\"@context\":\"https:\\\/\\\/schema.org\",\"@graph\":[{\"@type\":\"Article\",\"@id\":\"https:\\\/\\\/www.revistarambla.com\\\/el-pensamiento-lateral-y-el-sabotaje-a-los-gaseoductos\\\/#article\",\"isPartOf\":{\"@id\":\"https:\\\/\\\/www.revistarambla.com\\\/el-pensamiento-lateral-y-el-sabotaje-a-los-gaseoductos\\\/\"},\"author\":{\"name\":\"Jos\u00e9 Antonio Gamero Romero\",\"@id\":\"https:\\\/\\\/www.revistarambla.com\\\/#\\\/schema\\\/person\\\/94294f57cf4910853e3280fda7339bfc\"},\"headline\":\"El pensamiento lateral y el sabotaje a los gaseoductos\",\"datePublished\":\"2023-02-13T16:29:08+00:00\",\"mainEntityOfPage\":{\"@id\":\"https:\\\/\\\/www.revistarambla.com\\\/el-pensamiento-lateral-y-el-sabotaje-a-los-gaseoductos\\\/\"},\"wordCount\":714,\"publisher\":{\"@id\":\"https:\\\/\\\/www.revistarambla.com\\\/#organization\"},\"image\":{\"@id\":\"https:\\\/\\\/www.revistarambla.com\\\/el-pensamiento-lateral-y-el-sabotaje-a-los-gaseoductos\\\/#primaryimage\"},\"thumbnailUrl\":\"https:\\\/\\\/www.revistarambla.com\\\/wp-content\\\/uploads\\\/2022\\\/09\\\/nord-stream.jpg\",\"articleSection\":[\"La bodeguita de Hemingway\"],\"inLanguage\":\"en-GB\"},{\"@type\":\"WebPage\",\"@id\":\"https:\\\/\\\/www.revistarambla.com\\\/el-pensamiento-lateral-y-el-sabotaje-a-los-gaseoductos\\\/\",\"url\":\"https:\\\/\\\/www.revistarambla.com\\\/el-pensamiento-lateral-y-el-sabotaje-a-los-gaseoductos\\\/\",\"name\":\"El pensamiento lateral y el sabotaje a los gaseoductos - Revista Rambla\",\"isPartOf\":{\"@id\":\"https:\\\/\\\/www.revistarambla.com\\\/#website\"},\"primaryImageOfPage\":{\"@id\":\"https:\\\/\\\/www.revistarambla.com\\\/el-pensamiento-lateral-y-el-sabotaje-a-los-gaseoductos\\\/#primaryimage\"},\"image\":{\"@id\":\"https:\\\/\\\/www.revistarambla.com\\\/el-pensamiento-lateral-y-el-sabotaje-a-los-gaseoductos\\\/#primaryimage\"},\"thumbnailUrl\":\"https:\\\/\\\/www.revistarambla.com\\\/wp-content\\\/uploads\\\/2022\\\/09\\\/nord-stream.jpg\",\"datePublished\":\"2023-02-13T16:29:08+00:00\",\"breadcrumb\":{\"@id\":\"https:\\\/\\\/www.revistarambla.com\\\/el-pensamiento-lateral-y-el-sabotaje-a-los-gaseoductos\\\/#breadcrumb\"},\"inLanguage\":\"en-GB\",\"potentialAction\":[{\"@type\":\"ReadAction\",\"target\":[\"https:\\\/\\\/www.revistarambla.com\\\/el-pensamiento-lateral-y-el-sabotaje-a-los-gaseoductos\\\/\"]}]},{\"@type\":\"ImageObject\",\"inLanguage\":\"en-GB\",\"@id\":\"https:\\\/\\\/www.revistarambla.com\\\/el-pensamiento-lateral-y-el-sabotaje-a-los-gaseoductos\\\/#primaryimage\",\"url\":\"https:\\\/\\\/www.revistarambla.com\\\/wp-content\\\/uploads\\\/2022\\\/09\\\/nord-stream.jpg\",\"contentUrl\":\"https:\\\/\\\/www.revistarambla.com\\\/wp-content\\\/uploads\\\/2022\\\/09\\\/nord-stream.jpg\",\"width\":800,\"height\":450},{\"@type\":\"BreadcrumbList\",\"@id\":\"https:\\\/\\\/www.revistarambla.com\\\/el-pensamiento-lateral-y-el-sabotaje-a-los-gaseoductos\\\/#breadcrumb\",\"itemListElement\":[{\"@type\":\"ListItem\",\"position\":1,\"name\":\"Portada\",\"item\":\"https:\\\/\\\/www.revistarambla.com\\\/\"},{\"@type\":\"ListItem\",\"position\":2,\"name\":\"El pensamiento lateral y el sabotaje a los gaseoductos\"}]},{\"@type\":\"WebSite\",\"@id\":\"https:\\\/\\\/www.revistarambla.com\\\/#website\",\"url\":\"https:\\\/\\\/www.revistarambla.com\\\/\",\"name\":\"Revista Rambla Barcelona\",\"description\":\"Periodismo independiente\",\"publisher\":{\"@id\":\"https:\\\/\\\/www.revistarambla.com\\\/#organization\"},\"potentialAction\":[{\"@type\":\"SearchAction\",\"target\":{\"@type\":\"EntryPoint\",\"urlTemplate\":\"https:\\\/\\\/www.revistarambla.com\\\/?s={search_term_string}\"},\"query-input\":{\"@type\":\"PropertyValueSpecification\",\"valueRequired\":true,\"valueName\":\"search_term_string\"}}],\"inLanguage\":\"en-GB\"},{\"@type\":\"Organization\",\"@id\":\"https:\\\/\\\/www.revistarambla.com\\\/#organization\",\"name\":\"Revista Rambla\",\"url\":\"https:\\\/\\\/www.revistarambla.com\\\/\",\"logo\":{\"@type\":\"ImageObject\",\"inLanguage\":\"en-GB\",\"@id\":\"https:\\\/\\\/www.revistarambla.com\\\/#\\\/schema\\\/logo\\\/image\\\/\",\"url\":\"https:\\\/\\\/www.revistarambla.com\\\/wp-content\\\/uploads\\\/2020\\\/09\\\/banner_rambla_1900x600_BB.png\",\"contentUrl\":\"https:\\\/\\\/www.revistarambla.com\\\/wp-content\\\/uploads\\\/2020\\\/09\\\/banner_rambla_1900x600_BB.png\",\"width\":1900,\"height\":600,\"caption\":\"Revista Rambla\"},\"image\":{\"@id\":\"https:\\\/\\\/www.revistarambla.com\\\/#\\\/schema\\\/logo\\\/image\\\/\"},\"sameAs\":[\"https:\\\/\\\/www.facebook.com\\\/revistarambla\\\/\",\"https:\\\/\\\/x.com\\\/revistarambla\",\"https:\\\/\\\/www.instagram.com\\\/revista_rambla\",\"https:\\\/\\\/es.linkedin.com\\\/company\\\/revista-rambla\"]},{\"@type\":\"Person\",\"@id\":\"https:\\\/\\\/www.revistarambla.com\\\/#\\\/schema\\\/person\\\/94294f57cf4910853e3280fda7339bfc\",\"name\":\"Jos\u00e9 Antonio Gamero Romero\",\"description\":\"Escritor sevillano finalista del premio Azor\u00edn 2014. Ha publicado en diferentes revistas como Culturamas, E\u00f1e, Visor, etc. Sus libros son: 'La invenci\u00f3n de los gigantes' (Buc\u00e9falo 2016); 'Literatura tridimensional' (Adarve 2018); 'S\u00f3crates no vino a Espa\u00f1a' (Samarcanda 2018); 'La rep\u00fablica del fin del mundo' (Tandaia 2018) y 'La bodeguita de Hemingway'.\"}]}<\/script>\n<!-- \/ Yoast SEO plugin. -->","yoast_head_json":{"title":"El pensamiento lateral y el sabotaje a los gaseoductos - Revista Rambla","robots":{"index":"index","follow":"follow","max-snippet":"max-snippet:-1","max-image-preview":"max-image-preview:large","max-video-preview":"max-video-preview:-1"},"canonical":"https:\/\/www.revistarambla.com\/en\/el-pensamiento-lateral-y-el-sabotaje-a-los-gaseoductos\/","og_locale":"en_GB","og_type":"article","og_title":"El pensamiento lateral y el sabotaje a los gaseoductos - Revista Rambla","og_description":"Recientemente el prestigioso periodista\u2015ganador del premio Pulitzer\u2015 Seymuor Hersh ha publicado un art\u00edculo en que culpa a Estados Unidos del sabotaje a los gaseoductos que en septiembre de 2022 explotaron en el Mar del Norte. Sin embargo el periodista no aporta pruebas irrefutables, y solo se apoya en una sola [&hellip;]","og_url":"https:\/\/www.revistarambla.com\/en\/el-pensamiento-lateral-y-el-sabotaje-a-los-gaseoductos\/","og_site_name":"Revista Rambla","article_publisher":"https:\/\/www.facebook.com\/revistarambla\/","article_published_time":"2023-02-13T16:29:08+00:00","og_image":[{"width":800,"height":450,"url":"https:\/\/www.revistarambla.com\/wp-content\/uploads\/2022\/09\/nord-stream.jpg","type":"image\/jpeg"}],"author":"Jos\u00e9 Antonio Gamero Romero","twitter_card":"summary_large_image","twitter_creator":"@revistarambla","twitter_site":"@revistarambla","twitter_misc":{"Written by":"Jos\u00e9 Antonio Gamero Romero","Estimated reading time":"4 minutes"},"schema":{"@context":"https:\/\/schema.org","@graph":[{"@type":"Article","@id":"https:\/\/www.revistarambla.com\/el-pensamiento-lateral-y-el-sabotaje-a-los-gaseoductos\/#article","isPartOf":{"@id":"https:\/\/www.revistarambla.com\/el-pensamiento-lateral-y-el-sabotaje-a-los-gaseoductos\/"},"author":{"name":"Jos\u00e9 Antonio Gamero Romero","@id":"https:\/\/www.revistarambla.com\/#\/schema\/person\/94294f57cf4910853e3280fda7339bfc"},"headline":"El pensamiento lateral y el sabotaje a los gaseoductos","datePublished":"2023-02-13T16:29:08+00:00","mainEntityOfPage":{"@id":"https:\/\/www.revistarambla.com\/el-pensamiento-lateral-y-el-sabotaje-a-los-gaseoductos\/"},"wordCount":714,"publisher":{"@id":"https:\/\/www.revistarambla.com\/#organization"},"image":{"@id":"https:\/\/www.revistarambla.com\/el-pensamiento-lateral-y-el-sabotaje-a-los-gaseoductos\/#primaryimage"},"thumbnailUrl":"https:\/\/www.revistarambla.com\/wp-content\/uploads\/2022\/09\/nord-stream.jpg","articleSection":["La bodeguita de Hemingway"],"inLanguage":"en-GB"},{"@type":"WebPage","@id":"https:\/\/www.revistarambla.com\/el-pensamiento-lateral-y-el-sabotaje-a-los-gaseoductos\/","url":"https:\/\/www.revistarambla.com\/el-pensamiento-lateral-y-el-sabotaje-a-los-gaseoductos\/","name":"El pensamiento lateral y el sabotaje a los gaseoductos - Revista Rambla","isPartOf":{"@id":"https:\/\/www.revistarambla.com\/#website"},"primaryImageOfPage":{"@id":"https:\/\/www.revistarambla.com\/el-pensamiento-lateral-y-el-sabotaje-a-los-gaseoductos\/#primaryimage"},"image":{"@id":"https:\/\/www.revistarambla.com\/el-pensamiento-lateral-y-el-sabotaje-a-los-gaseoductos\/#primaryimage"},"thumbnailUrl":"https:\/\/www.revistarambla.com\/wp-content\/uploads\/2022\/09\/nord-stream.jpg","datePublished":"2023-02-13T16:29:08+00:00","breadcrumb":{"@id":"https:\/\/www.revistarambla.com\/el-pensamiento-lateral-y-el-sabotaje-a-los-gaseoductos\/#breadcrumb"},"inLanguage":"en-GB","potentialAction":[{"@type":"ReadAction","target":["https:\/\/www.revistarambla.com\/el-pensamiento-lateral-y-el-sabotaje-a-los-gaseoductos\/"]}]},{"@type":"ImageObject","inLanguage":"en-GB","@id":"https:\/\/www.revistarambla.com\/el-pensamiento-lateral-y-el-sabotaje-a-los-gaseoductos\/#primaryimage","url":"https:\/\/www.revistarambla.com\/wp-content\/uploads\/2022\/09\/nord-stream.jpg","contentUrl":"https:\/\/www.revistarambla.com\/wp-content\/uploads\/2022\/09\/nord-stream.jpg","width":800,"height":450},{"@type":"BreadcrumbList","@id":"https:\/\/www.revistarambla.com\/el-pensamiento-lateral-y-el-sabotaje-a-los-gaseoductos\/#breadcrumb","itemListElement":[{"@type":"ListItem","position":1,"name":"Portada","item":"https:\/\/www.revistarambla.com\/"},{"@type":"ListItem","position":2,"name":"El pensamiento lateral y el sabotaje a los gaseoductos"}]},{"@type":"WebSite","@id":"https:\/\/www.revistarambla.com\/#website","url":"https:\/\/www.revistarambla.com\/","name":"Revista Rambla Barcelona","description":"Periodismo independiente","publisher":{"@id":"https:\/\/www.revistarambla.com\/#organization"},"potentialAction":[{"@type":"SearchAction","target":{"@type":"EntryPoint","urlTemplate":"https:\/\/www.revistarambla.com\/?s={search_term_string}"},"query-input":{"@type":"PropertyValueSpecification","valueRequired":true,"valueName":"search_term_string"}}],"inLanguage":"en-GB"},{"@type":"Organization","@id":"https:\/\/www.revistarambla.com\/#organization","name":"Revista Rambla","url":"https:\/\/www.revistarambla.com\/","logo":{"@type":"ImageObject","inLanguage":"en-GB","@id":"https:\/\/www.revistarambla.com\/#\/schema\/logo\/image\/","url":"https:\/\/www.revistarambla.com\/wp-content\/uploads\/2020\/09\/banner_rambla_1900x600_BB.png","contentUrl":"https:\/\/www.revistarambla.com\/wp-content\/uploads\/2020\/09\/banner_rambla_1900x600_BB.png","width":1900,"height":600,"caption":"Revista Rambla"},"image":{"@id":"https:\/\/www.revistarambla.com\/#\/schema\/logo\/image\/"},"sameAs":["https:\/\/www.facebook.com\/revistarambla\/","https:\/\/x.com\/revistarambla","https:\/\/www.instagram.com\/revista_rambla","https:\/\/es.linkedin.com\/company\/revista-rambla"]},{"@type":"Person","@id":"https:\/\/www.revistarambla.com\/#\/schema\/person\/94294f57cf4910853e3280fda7339bfc","name":"Jos\u00e9 Antonio Gamero Romero","description":"Escritor sevillano finalista del premio Azor\u00edn 2014. Ha publicado en diferentes revistas como Culturamas, E\u00f1e, Visor, etc. Sus libros son: 'La invenci\u00f3n de los gigantes' (Buc\u00e9falo 2016); 'Literatura tridimensional' (Adarve 2018); 'S\u00f3crates no vino a Espa\u00f1a' (Samarcanda 2018); 'La rep\u00fablica del fin del mundo' (Tandaia 2018) y 'La bodeguita de Hemingway'."}]}},"_links":{"self":[{"href":"https:\/\/www.revistarambla.com\/en\/wp-json\/wp\/v2\/posts\/52632","targetHints":{"allow":["GET"]}}],"collection":[{"href":"https:\/\/www.revistarambla.com\/en\/wp-json\/wp\/v2\/posts"}],"about":[{"href":"https:\/\/www.revistarambla.com\/en\/wp-json\/wp\/v2\/types\/post"}],"author":[{"embeddable":true,"href":"https:\/\/www.revistarambla.com\/en\/wp-json\/wp\/v2\/users\/294"}],"replies":[{"embeddable":true,"href":"https:\/\/www.revistarambla.com\/en\/wp-json\/wp\/v2\/comments?post=52632"}],"version-history":[{"count":1,"href":"https:\/\/www.revistarambla.com\/en\/wp-json\/wp\/v2\/posts\/52632\/revisions"}],"predecessor-version":[{"id":52633,"href":"https:\/\/www.revistarambla.com\/en\/wp-json\/wp\/v2\/posts\/52632\/revisions\/52633"}],"wp:featuredmedia":[{"embeddable":true,"href":"https:\/\/www.revistarambla.com\/en\/wp-json\/wp\/v2\/media\/47104"}],"wp:attachment":[{"href":"https:\/\/www.revistarambla.com\/en\/wp-json\/wp\/v2\/media?parent=52632"}],"wp:term":[{"taxonomy":"category","embeddable":true,"href":"https:\/\/www.revistarambla.com\/en\/wp-json\/wp\/v2\/categories?post=52632"},{"taxonomy":"post_tag","embeddable":true,"href":"https:\/\/www.revistarambla.com\/en\/wp-json\/wp\/v2\/tags?post=52632"}],"curies":[{"name":"wp","href":"https:\/\/api.w.org\/{rel}","templated":true}]}}