{"id":523,"date":"2010-11-08T16:02:30","date_gmt":"2010-11-08T15:02:30","guid":{"rendered":"https:\/\/www.revistarambla.com\/barcelona-se-deja-de-hostias\/"},"modified":"2021-12-10T16:59:34","modified_gmt":"2021-12-10T15:59:34","slug":"barcelona-recibe-con-indiferencia-al-papa-benedicto-xvi","status":"publish","type":"post","link":"https:\/\/www.revistarambla.com\/en\/barcelona-recibe-con-indiferencia-al-papa-benedicto-xvi\/","title":{"rendered":"Barcelona recibe con indiferencia al Papa Benedicto XVI"},"content":{"rendered":"<p><img decoding=\"async\" class=\"alignright\" src=\"https:\/\/www.revistarambla.com\/wp-content\/uploads\/2010\/11\/papa2.jpg\" alt=\"alt\" width=\"415\" height=\"202\" \/><\/p>\n<p style=\"text-align: left;\">Ayer las calles de Barcelona se convirtieron en un \u2018sagrado\u2019 circuito de carreras. Haciendo sombra al mism\u00edsimo Fernando Alonso, y al volante de la carrocer\u00eda de <em>Papam\u00f3vil<\/em>, Benedicto XVI recorri\u00f3 cual piloto de F\u00f3rmula 1 los tres kil\u00f3metros y medio que distan desde el Palacio Episcopal del Barrio G\u00f3tico de la ciudad hasta la Sagrada Familia de Gaud\u00ed.<\/p>\n<p style=\"text-align: left;\">Un recorrido durante el cual el santo pont\u00edfice estuvo acompa\u00f1ado de un n\u00famero bastante reducido de fieles. Eso s\u00ed, los que no faltaron a la cita \u2018deportiva\u2019 fueron los miles (m\u00e1s de 3.000) de Mossos de Esquadra, Agentes de Polic\u00eda y los Geo. Un blindaje policial s\u00f3lo comparable al realizado durante los Juegos Ol\u00edmpicos del 92. La ruta papal de la ciudad condal vista desde el aire m\u00e1s parec\u00eda una carretera delimitada por peque\u00f1os reflectores (cada tres metros un mosso vestido de amarillo fosforito) que un importante recibimiento cristiano al l\u00edder episcopal.<\/p>\n<p style=\"text-align: left;\">Puede ser que fuese porque era domingo o porque eran las nueve de la ma\u00f1ana cuando Ratzinger abandonaba el Palacio Episcopal, o por ambas cosas a la vez, pero lo cierto es que los que esperaban que Barcelona viviera ayer algo parecido a la multitudinaria visita de <a href=\"https:\/\/es.wikipedia.org\/wiki\/Juan_Pablo_II\">Juan Pablo II<\/a> en 1982 se llevaron una buena decepci\u00f3n, comenzando por el arzobispado y acabando por el sector de la hosteler\u00eda. La capacidad de convocatoria de Benedicto XVI no alcanz\u00f3 ni de lejos las 400.000 personas que hab\u00eda previsto el Ayuntamiento, que, junto con las otras Administraciones, invirti\u00f3 1,7 millones en el evento.<\/p>\n<p style=\"text-align: left;\">Una escasa participaci\u00f3n de los fieles comparable a la tambi\u00e9n escasa participaci\u00f3n en la manifestaci\u00f3n alternativa celebrada al mediod\u00eda contra la visita del papa Benedicto XVI, que a esa misma hora celebraba la misa de consagraci\u00f3n de la Sagrada Familia, y que tan s\u00f3lo congreg\u00f3 unas 400 personas.<\/p>\n<p style=\"text-align: left;\">La manifestaci\u00f3n hab\u00eda sido convocada por la coordinadora <em>Deixem-nos d&#8217;h\u00f2sties. Jo no t\u2019espero<\/em>, que reuni\u00f3 a diversas plataformas, grupos juveniles y sindicatos alternativos, y que se celebr\u00f3 en la confluencia del Paseo de Gracia con la Gran V\u00eda. Frente al gran libro del gremio de libreros de Catalunya, Marc Garriga, portavoz de la Asamblea <em>Deixem-nos d&#8217;H\u00f2sties<\/em>, ley\u00f3 un manifiesto en el que se denunciaba, entre otras cuestiones, que <em>\u2018el Estado sigue financiando la Iglesia Cat\u00f3lica con unos 6.000 millones de euros anuales, de los cuales la mitad se destina a mantener colegios religiosos concertados\u2019<\/em>.<\/p>\n<p style=\"text-align: left;\">Una de las frases m\u00e1s reiteradas fue la de <em>\u2018somos el pecado y nos gusta\u2019<\/em>. <em>\u2018Nos masturbamos, liberamos nuestras sexualidades, nos ponemos cond\u00f3n, defendemos el aborto libre y gratuito, somos sodomitas, somos ap\u00f3statas y ateos activos, no nos tragamos el cuento del matrimonio y la monogamia. S\u00ed, somos el pecado y nos gusta\u2019<\/em>, promulgaba Garriga \u00a0a la vez que aplaud\u00edan todos los all\u00ed presentes.<\/p>\n<p style=\"text-align: left;\">Al igual que a primera hora de la ma\u00f1ana no faltaron las banderitas blanco-amarillas de \u2018benvingunt Papa\u2019, en la manifestaci\u00f3n las pancartas se izaban lo m\u00e1s alto posible. En ellas se pod\u00edan leer consignas como \u2018<em>Pro vida, pro cond\u00f3n\u2019<\/em>, <em>\u2018Jes\u00fas viv\u00eda de limosnas, este impostor de impuestos\u2019<\/em> o <em>\u2018\u00a1fuera los rosarios de nuestros ovarios!\u2019<\/em>.<\/p>\n<p style=\"text-align: left;\">El manifiesto terminaba con una clara conclusi\u00f3n: <em>\u2018la \u00fanica soluci\u00f3n es la revoluci\u00f3n\u2019<\/em>, tal como aseguraba el portavoz de la Asamblea <em>Deixem-nos d&#8217;H\u00f2sties<\/em>. Lo que no termin\u00f3 fue la \u2018fiesta\u2019. La manifestaci\u00f3n, que no pudo recorrer ninguna calle de la ciudad condal debido al intenso control policial (muchos fueron los saludos que los all\u00ed presentes enviaron a los mossos que plagaban las terrazas del alto edificio de Zara), continu\u00f3 hasta casi entradas las dos de la tarde con una lectura reivindicativa por parte de <em>La Mama<\/em>.<\/p>\n<p style=\"text-align: left;\">Manuela Trasobares, transexual, ejerci\u00f3 ayer de l\u00edder espiritual de los <em>\u2018laicistas radicales\u2019<\/em> (tal y como los denomin\u00f3 el Papa Benedicto XVI nada m\u00e1s pisar tierras espa\u00f1olas). Tras pegarse unos bailes con varios curas que asistieron a la manifestaci\u00f3n, Trasobares se subi\u00f3 al improvisado altar para emitir unas palabras con gran efusividad. A su intervenci\u00f3n le sigui\u00f3 la presentaci\u00f3n de una canci\u00f3n dedicada a su propia persona, acompa\u00f1ada de su correspondiente coreograf\u00eda, cuya letra dec\u00eda lo siguiente: <em>\u2018Benedicta, queridita, la pluma tuya se ve desde la luna\u2019<\/em>.<\/p>\n<p style=\"text-align: left;\"><em>\u2018Creo que la respuesta de Barcelona, en conjunto, ha sido fr\u00eda para la visita del Papa Benedicto XVI\u2019<\/em>, confesaba Jordi <em>Petit<\/em>, dirigente hist\u00f3rico del movimiento gay en Catalunya, que no falt\u00f3 a la manifestaci\u00f3n. Petit remarc\u00f3 que <em>\u2018desde el colectivo homosexual denunciamos, como las feministas, la constante injerencia de la jerarqu\u00eda vaticana contra nuestros derechos\u2019<\/em>. Y recordaba los \u00faltimos datos desprendidos de las encuestas: <em>\u2018la media espa\u00f1ola de las personas que no ponen la cruz en la casilla de la iglesia est\u00e1 por encima del 55% y en Catalunya hemos llegado al 68%. Eso quiere decir que, en t\u00e9rminos generales, la sociedad espa\u00f1ola es m\u00e1s o menos cristiana por educaci\u00f3n y por cultura, pero no cree en la jerarqu\u00eda\u2019.<\/em><\/p>\n<p style=\"text-align: left;\">El movimiento homosexual no s\u00f3lo particip\u00f3 en la manifestaci\u00f3n convocada en la confluencia de Paseo de Gracias y Gran V\u00eda, a primera hora de la ma\u00f1ana decenas de parejas de gays y lesbianas protestaron bes\u00e1ndose p\u00fablicamente frente al pont\u00edfice a su salida del Palacio Episcopal, pese a que el evento hab\u00eda sido previamente censurado en Facebook.<\/p>","protected":false},"excerpt":{"rendered":"<p>Ayer las calles de Barcelona se convirtieron en un \u2018sagrado\u2019 circuito de carreras. Haciendo sombra al mism\u00edsimo Fernando Alonso, y al volante de la carrocer\u00eda de Papam\u00f3vil, Benedicto XVI recorri\u00f3 cual piloto de F\u00f3rmula 1 los tres kil\u00f3metros y medio que distan desde el Palacio Episcopal del Barrio G\u00f3tico de [&hellip;]<\/p>\n","protected":false},"author":53,"featured_media":0,"comment_status":"open","ping_status":"open","sticky":false,"template":"","format":"standard","meta":{"footnotes":""},"categories":[3,76],"tags":[],"class_list":["post-523","post","type-post","status-publish","format-standard","hentry","category-actualidad","category-barcelona"],"yoast_head":"<!-- This site is optimized with the Yoast SEO plugin v27.5 - https:\/\/yoast.com\/product\/yoast-seo-wordpress\/ -->\n<title>Barcelona recibe con indiferencia al Papa Benedicto XVI - Revista Rambla<\/title>\n<meta name=\"description\" content=\"Benedicto XVI recorri\u00f3 cual piloto de F\u00f3rmula 1 los tres kil\u00f3metros y medio que distan desde el Palacio Episcopal del Barrio G\u00f3tico de la ciudad hasta la...\" \/>\n<meta name=\"robots\" content=\"index, follow, max-snippet:-1, max-image-preview:large, max-video-preview:-1\" \/>\n<link rel=\"canonical\" href=\"https:\/\/www.revistarambla.com\/en\/barcelona-recibe-con-indiferencia-al-papa-benedicto-xvi\/\" \/>\n<meta property=\"og:locale\" content=\"en_GB\" \/>\n<meta property=\"og:type\" content=\"article\" \/>\n<meta property=\"og:title\" content=\"Barcelona recibe con indiferencia al Papa Benedicto XVI - Revista Rambla\" \/>\n<meta property=\"og:description\" content=\"Benedicto XVI recorri\u00f3 cual piloto de F\u00f3rmula 1 los tres kil\u00f3metros y medio que distan desde el Palacio Episcopal del Barrio G\u00f3tico de la ciudad hasta la...\" \/>\n<meta property=\"og:url\" content=\"https:\/\/www.revistarambla.com\/en\/barcelona-recibe-con-indiferencia-al-papa-benedicto-xvi\/\" \/>\n<meta property=\"og:site_name\" content=\"Revista Rambla\" \/>\n<meta property=\"article:publisher\" content=\"https:\/\/www.facebook.com\/revistarambla\/\" \/>\n<meta property=\"article:published_time\" content=\"2010-11-08T15:02:30+00:00\" \/>\n<meta property=\"article:modified_time\" content=\"2021-12-10T15:59:34+00:00\" \/>\n<meta property=\"og:image\" content=\"https:\/\/www.revistarambla.com\/wp-content\/uploads\/2010\/11\/papi1.jpg\" \/>\n\t<meta property=\"og:image:width\" content=\"250\" \/>\n\t<meta property=\"og:image:height\" content=\"184\" \/>\n\t<meta property=\"og:image:type\" content=\"image\/jpeg\" \/>\n<meta name=\"author\" content=\"Estefan\u00eda P\u00e9rez\" \/>\n<meta name=\"twitter:card\" content=\"summary_large_image\" \/>\n<meta name=\"twitter:creator\" content=\"@revistarambla\" \/>\n<meta name=\"twitter:site\" content=\"@revistarambla\" \/>\n<meta name=\"twitter:label1\" content=\"Written by\" \/>\n\t<meta name=\"twitter:data1\" content=\"Estefan\u00eda P\u00e9rez\" \/>\n\t<meta name=\"twitter:label2\" content=\"Estimated reading time\" \/>\n\t<meta name=\"twitter:data2\" content=\"4 minutes\" \/>\n<script type=\"application\/ld+json\" class=\"yoast-schema-graph\">{\"@context\":\"https:\\\/\\\/schema.org\",\"@graph\":[{\"@type\":\"Article\",\"@id\":\"https:\\\/\\\/www.revistarambla.com\\\/barcelona-recibe-con-indiferencia-al-papa-benedicto-xvi\\\/#article\",\"isPartOf\":{\"@id\":\"https:\\\/\\\/www.revistarambla.com\\\/barcelona-recibe-con-indiferencia-al-papa-benedicto-xvi\\\/\"},\"author\":{\"name\":\"Estefan\u00eda P\u00e9rez\",\"@id\":\"https:\\\/\\\/www.revistarambla.com\\\/#\\\/schema\\\/person\\\/9cc1c0f5495c4a6fd189ddd5ba5c5ac5\"},\"headline\":\"Barcelona recibe con indiferencia al Papa Benedicto XVI\",\"datePublished\":\"2010-11-08T15:02:30+00:00\",\"dateModified\":\"2021-12-10T15:59:34+00:00\",\"mainEntityOfPage\":{\"@id\":\"https:\\\/\\\/www.revistarambla.com\\\/barcelona-recibe-con-indiferencia-al-papa-benedicto-xvi\\\/\"},\"wordCount\":938,\"commentCount\":0,\"publisher\":{\"@id\":\"https:\\\/\\\/www.revistarambla.com\\\/#organization\"},\"image\":{\"@id\":\"https:\\\/\\\/www.revistarambla.com\\\/barcelona-recibe-con-indiferencia-al-papa-benedicto-xvi\\\/#primaryimage\"},\"thumbnailUrl\":\"https:\\\/\\\/www.revistarambla.com\\\/wp-content\\\/uploads\\\/2010\\\/11\\\/papa2.jpg\",\"articleSection\":[\"Actualidad\",\"Barcelona\"],\"inLanguage\":\"en-GB\",\"potentialAction\":[{\"@type\":\"CommentAction\",\"name\":\"Comment\",\"target\":[\"https:\\\/\\\/www.revistarambla.com\\\/barcelona-recibe-con-indiferencia-al-papa-benedicto-xvi\\\/#respond\"]}]},{\"@type\":\"WebPage\",\"@id\":\"https:\\\/\\\/www.revistarambla.com\\\/barcelona-recibe-con-indiferencia-al-papa-benedicto-xvi\\\/\",\"url\":\"https:\\\/\\\/www.revistarambla.com\\\/barcelona-recibe-con-indiferencia-al-papa-benedicto-xvi\\\/\",\"name\":\"Barcelona recibe con indiferencia al Papa Benedicto XVI - Revista Rambla\",\"isPartOf\":{\"@id\":\"https:\\\/\\\/www.revistarambla.com\\\/#website\"},\"primaryImageOfPage\":{\"@id\":\"https:\\\/\\\/www.revistarambla.com\\\/barcelona-recibe-con-indiferencia-al-papa-benedicto-xvi\\\/#primaryimage\"},\"image\":{\"@id\":\"https:\\\/\\\/www.revistarambla.com\\\/barcelona-recibe-con-indiferencia-al-papa-benedicto-xvi\\\/#primaryimage\"},\"thumbnailUrl\":\"https:\\\/\\\/www.revistarambla.com\\\/wp-content\\\/uploads\\\/2010\\\/11\\\/papa2.jpg\",\"datePublished\":\"2010-11-08T15:02:30+00:00\",\"dateModified\":\"2021-12-10T15:59:34+00:00\",\"description\":\"Benedicto XVI recorri\u00f3 cual piloto de F\u00f3rmula 1 los tres kil\u00f3metros y medio que distan desde el Palacio Episcopal del Barrio G\u00f3tico de la ciudad hasta la...\",\"breadcrumb\":{\"@id\":\"https:\\\/\\\/www.revistarambla.com\\\/barcelona-recibe-con-indiferencia-al-papa-benedicto-xvi\\\/#breadcrumb\"},\"inLanguage\":\"en-GB\",\"potentialAction\":[{\"@type\":\"ReadAction\",\"target\":[\"https:\\\/\\\/www.revistarambla.com\\\/barcelona-recibe-con-indiferencia-al-papa-benedicto-xvi\\\/\"]}]},{\"@type\":\"ImageObject\",\"inLanguage\":\"en-GB\",\"@id\":\"https:\\\/\\\/www.revistarambla.com\\\/barcelona-recibe-con-indiferencia-al-papa-benedicto-xvi\\\/#primaryimage\",\"url\":\"https:\\\/\\\/www.revistarambla.com\\\/wp-content\\\/uploads\\\/2010\\\/11\\\/papa2.jpg\",\"contentUrl\":\"https:\\\/\\\/www.revistarambla.com\\\/wp-content\\\/uploads\\\/2010\\\/11\\\/papa2.jpg\"},{\"@type\":\"BreadcrumbList\",\"@id\":\"https:\\\/\\\/www.revistarambla.com\\\/barcelona-recibe-con-indiferencia-al-papa-benedicto-xvi\\\/#breadcrumb\",\"itemListElement\":[{\"@type\":\"ListItem\",\"position\":1,\"name\":\"Portada\",\"item\":\"https:\\\/\\\/www.revistarambla.com\\\/\"},{\"@type\":\"ListItem\",\"position\":2,\"name\":\"Barcelona recibe con indiferencia al Papa Benedicto XVI\"}]},{\"@type\":\"WebSite\",\"@id\":\"https:\\\/\\\/www.revistarambla.com\\\/#website\",\"url\":\"https:\\\/\\\/www.revistarambla.com\\\/\",\"name\":\"Revista Rambla Barcelona\",\"description\":\"Periodismo independiente\",\"publisher\":{\"@id\":\"https:\\\/\\\/www.revistarambla.com\\\/#organization\"},\"potentialAction\":[{\"@type\":\"SearchAction\",\"target\":{\"@type\":\"EntryPoint\",\"urlTemplate\":\"https:\\\/\\\/www.revistarambla.com\\\/?s={search_term_string}\"},\"query-input\":{\"@type\":\"PropertyValueSpecification\",\"valueRequired\":true,\"valueName\":\"search_term_string\"}}],\"inLanguage\":\"en-GB\"},{\"@type\":\"Organization\",\"@id\":\"https:\\\/\\\/www.revistarambla.com\\\/#organization\",\"name\":\"Revista Rambla\",\"url\":\"https:\\\/\\\/www.revistarambla.com\\\/\",\"logo\":{\"@type\":\"ImageObject\",\"inLanguage\":\"en-GB\",\"@id\":\"https:\\\/\\\/www.revistarambla.com\\\/#\\\/schema\\\/logo\\\/image\\\/\",\"url\":\"https:\\\/\\\/www.revistarambla.com\\\/wp-content\\\/uploads\\\/2020\\\/09\\\/banner_rambla_1900x600_BB.png\",\"contentUrl\":\"https:\\\/\\\/www.revistarambla.com\\\/wp-content\\\/uploads\\\/2020\\\/09\\\/banner_rambla_1900x600_BB.png\",\"width\":1900,\"height\":600,\"caption\":\"Revista Rambla\"},\"image\":{\"@id\":\"https:\\\/\\\/www.revistarambla.com\\\/#\\\/schema\\\/logo\\\/image\\\/\"},\"sameAs\":[\"https:\\\/\\\/www.facebook.com\\\/revistarambla\\\/\",\"https:\\\/\\\/x.com\\\/revistarambla\",\"https:\\\/\\\/www.instagram.com\\\/revista_rambla\",\"https:\\\/\\\/es.linkedin.com\\\/company\\\/revista-rambla\"]},{\"@type\":\"Person\",\"@id\":\"https:\\\/\\\/www.revistarambla.com\\\/#\\\/schema\\\/person\\\/9cc1c0f5495c4a6fd189ddd5ba5c5ac5\",\"name\":\"Estefan\u00eda P\u00e9rez\",\"description\":\"_\"}]}<\/script>\n<!-- \/ Yoast SEO plugin. -->","yoast_head_json":{"title":"Barcelona recibe con indiferencia al Papa Benedicto XVI - Revista Rambla","description":"Benedicto XVI recorri\u00f3 cual piloto de F\u00f3rmula 1 los tres kil\u00f3metros y medio que distan desde el Palacio Episcopal del Barrio G\u00f3tico de la ciudad hasta la...","robots":{"index":"index","follow":"follow","max-snippet":"max-snippet:-1","max-image-preview":"max-image-preview:large","max-video-preview":"max-video-preview:-1"},"canonical":"https:\/\/www.revistarambla.com\/en\/barcelona-recibe-con-indiferencia-al-papa-benedicto-xvi\/","og_locale":"en_GB","og_type":"article","og_title":"Barcelona recibe con indiferencia al Papa Benedicto XVI - Revista Rambla","og_description":"Benedicto XVI recorri\u00f3 cual piloto de F\u00f3rmula 1 los tres kil\u00f3metros y medio que distan desde el Palacio Episcopal del Barrio G\u00f3tico de la ciudad hasta la...","og_url":"https:\/\/www.revistarambla.com\/en\/barcelona-recibe-con-indiferencia-al-papa-benedicto-xvi\/","og_site_name":"Revista Rambla","article_publisher":"https:\/\/www.facebook.com\/revistarambla\/","article_published_time":"2010-11-08T15:02:30+00:00","article_modified_time":"2021-12-10T15:59:34+00:00","og_image":[{"width":250,"height":184,"url":"https:\/\/www.revistarambla.com\/wp-content\/uploads\/2010\/11\/papi1.jpg","type":"image\/jpeg"}],"author":"Estefan\u00eda P\u00e9rez","twitter_card":"summary_large_image","twitter_creator":"@revistarambla","twitter_site":"@revistarambla","twitter_misc":{"Written by":"Estefan\u00eda P\u00e9rez","Estimated reading time":"4 minutes"},"schema":{"@context":"https:\/\/schema.org","@graph":[{"@type":"Article","@id":"https:\/\/www.revistarambla.com\/barcelona-recibe-con-indiferencia-al-papa-benedicto-xvi\/#article","isPartOf":{"@id":"https:\/\/www.revistarambla.com\/barcelona-recibe-con-indiferencia-al-papa-benedicto-xvi\/"},"author":{"name":"Estefan\u00eda P\u00e9rez","@id":"https:\/\/www.revistarambla.com\/#\/schema\/person\/9cc1c0f5495c4a6fd189ddd5ba5c5ac5"},"headline":"Barcelona recibe con indiferencia al Papa Benedicto XVI","datePublished":"2010-11-08T15:02:30+00:00","dateModified":"2021-12-10T15:59:34+00:00","mainEntityOfPage":{"@id":"https:\/\/www.revistarambla.com\/barcelona-recibe-con-indiferencia-al-papa-benedicto-xvi\/"},"wordCount":938,"commentCount":0,"publisher":{"@id":"https:\/\/www.revistarambla.com\/#organization"},"image":{"@id":"https:\/\/www.revistarambla.com\/barcelona-recibe-con-indiferencia-al-papa-benedicto-xvi\/#primaryimage"},"thumbnailUrl":"https:\/\/www.revistarambla.com\/wp-content\/uploads\/2010\/11\/papa2.jpg","articleSection":["Actualidad","Barcelona"],"inLanguage":"en-GB","potentialAction":[{"@type":"CommentAction","name":"Comment","target":["https:\/\/www.revistarambla.com\/barcelona-recibe-con-indiferencia-al-papa-benedicto-xvi\/#respond"]}]},{"@type":"WebPage","@id":"https:\/\/www.revistarambla.com\/barcelona-recibe-con-indiferencia-al-papa-benedicto-xvi\/","url":"https:\/\/www.revistarambla.com\/barcelona-recibe-con-indiferencia-al-papa-benedicto-xvi\/","name":"Barcelona recibe con indiferencia al Papa Benedicto XVI - Revista Rambla","isPartOf":{"@id":"https:\/\/www.revistarambla.com\/#website"},"primaryImageOfPage":{"@id":"https:\/\/www.revistarambla.com\/barcelona-recibe-con-indiferencia-al-papa-benedicto-xvi\/#primaryimage"},"image":{"@id":"https:\/\/www.revistarambla.com\/barcelona-recibe-con-indiferencia-al-papa-benedicto-xvi\/#primaryimage"},"thumbnailUrl":"https:\/\/www.revistarambla.com\/wp-content\/uploads\/2010\/11\/papa2.jpg","datePublished":"2010-11-08T15:02:30+00:00","dateModified":"2021-12-10T15:59:34+00:00","description":"Benedicto XVI recorri\u00f3 cual piloto de F\u00f3rmula 1 los tres kil\u00f3metros y medio que distan desde el Palacio Episcopal del Barrio G\u00f3tico de la ciudad hasta la...","breadcrumb":{"@id":"https:\/\/www.revistarambla.com\/barcelona-recibe-con-indiferencia-al-papa-benedicto-xvi\/#breadcrumb"},"inLanguage":"en-GB","potentialAction":[{"@type":"ReadAction","target":["https:\/\/www.revistarambla.com\/barcelona-recibe-con-indiferencia-al-papa-benedicto-xvi\/"]}]},{"@type":"ImageObject","inLanguage":"en-GB","@id":"https:\/\/www.revistarambla.com\/barcelona-recibe-con-indiferencia-al-papa-benedicto-xvi\/#primaryimage","url":"https:\/\/www.revistarambla.com\/wp-content\/uploads\/2010\/11\/papa2.jpg","contentUrl":"https:\/\/www.revistarambla.com\/wp-content\/uploads\/2010\/11\/papa2.jpg"},{"@type":"BreadcrumbList","@id":"https:\/\/www.revistarambla.com\/barcelona-recibe-con-indiferencia-al-papa-benedicto-xvi\/#breadcrumb","itemListElement":[{"@type":"ListItem","position":1,"name":"Portada","item":"https:\/\/www.revistarambla.com\/"},{"@type":"ListItem","position":2,"name":"Barcelona recibe con indiferencia al Papa Benedicto XVI"}]},{"@type":"WebSite","@id":"https:\/\/www.revistarambla.com\/#website","url":"https:\/\/www.revistarambla.com\/","name":"Revista Rambla Barcelona","description":"Periodismo independiente","publisher":{"@id":"https:\/\/www.revistarambla.com\/#organization"},"potentialAction":[{"@type":"SearchAction","target":{"@type":"EntryPoint","urlTemplate":"https:\/\/www.revistarambla.com\/?s={search_term_string}"},"query-input":{"@type":"PropertyValueSpecification","valueRequired":true,"valueName":"search_term_string"}}],"inLanguage":"en-GB"},{"@type":"Organization","@id":"https:\/\/www.revistarambla.com\/#organization","name":"Revista Rambla","url":"https:\/\/www.revistarambla.com\/","logo":{"@type":"ImageObject","inLanguage":"en-GB","@id":"https:\/\/www.revistarambla.com\/#\/schema\/logo\/image\/","url":"https:\/\/www.revistarambla.com\/wp-content\/uploads\/2020\/09\/banner_rambla_1900x600_BB.png","contentUrl":"https:\/\/www.revistarambla.com\/wp-content\/uploads\/2020\/09\/banner_rambla_1900x600_BB.png","width":1900,"height":600,"caption":"Revista Rambla"},"image":{"@id":"https:\/\/www.revistarambla.com\/#\/schema\/logo\/image\/"},"sameAs":["https:\/\/www.facebook.com\/revistarambla\/","https:\/\/x.com\/revistarambla","https:\/\/www.instagram.com\/revista_rambla","https:\/\/es.linkedin.com\/company\/revista-rambla"]},{"@type":"Person","@id":"https:\/\/www.revistarambla.com\/#\/schema\/person\/9cc1c0f5495c4a6fd189ddd5ba5c5ac5","name":"Estefan\u00eda P\u00e9rez","description":"_"}]}},"_links":{"self":[{"href":"https:\/\/www.revistarambla.com\/en\/wp-json\/wp\/v2\/posts\/523","targetHints":{"allow":["GET"]}}],"collection":[{"href":"https:\/\/www.revistarambla.com\/en\/wp-json\/wp\/v2\/posts"}],"about":[{"href":"https:\/\/www.revistarambla.com\/en\/wp-json\/wp\/v2\/types\/post"}],"author":[{"embeddable":true,"href":"https:\/\/www.revistarambla.com\/en\/wp-json\/wp\/v2\/users\/53"}],"replies":[{"embeddable":true,"href":"https:\/\/www.revistarambla.com\/en\/wp-json\/wp\/v2\/comments?post=523"}],"version-history":[{"count":0,"href":"https:\/\/www.revistarambla.com\/en\/wp-json\/wp\/v2\/posts\/523\/revisions"}],"wp:attachment":[{"href":"https:\/\/www.revistarambla.com\/en\/wp-json\/wp\/v2\/media?parent=523"}],"wp:term":[{"taxonomy":"category","embeddable":true,"href":"https:\/\/www.revistarambla.com\/en\/wp-json\/wp\/v2\/categories?post=523"},{"taxonomy":"post_tag","embeddable":true,"href":"https:\/\/www.revistarambla.com\/en\/wp-json\/wp\/v2\/tags?post=523"}],"curies":[{"name":"wp","href":"https:\/\/api.w.org\/{rel}","templated":true}]}}