{"id":5228,"date":"2014-04-26T07:37:17","date_gmt":"2014-04-26T05:37:17","guid":{"rendered":"https:\/\/www.revistarambla.com\/las-favelas-se-rebelan-ante-la-militarizacion-y-la-violencia-policial-en-rio-de-janeiro\/"},"modified":"2022-10-21T17:39:01","modified_gmt":"2022-10-21T15:39:01","slug":"las-favelas-se-rebelan-ante-la-militarizacion-y-la-violencia-policial-en-rio-de-janeiro","status":"publish","type":"post","link":"https:\/\/www.revistarambla.com\/en\/las-favelas-se-rebelan-ante-la-militarizacion-y-la-violencia-policial-en-rio-de-janeiro\/","title":{"rendered":"Las favelas se rebelan ante la militarizaci\u00f3n y la violencia policial en R\u00edo de Janeiro"},"content":{"rendered":"<p><img decoding=\"async\" class=\"aligncenter\" src=\"https:\/\/www.revistarambla.com\/wp-content\/uploads\/2014\/04\/BRASIL_RAMBLA_FAVELAS_02.jpg\" alt=\"alt\" width=\"700\" height=\"420\" \/><\/p>\n<p>El fantasma de las protestas que el pasado a\u00f1o se adue\u00f1aron de Brasil lleva tiempo amenazando la cuenta atr\u00e1s al Mundial de f\u00fatbol. Lo justificar\u00eda el hecho de que buena parte de aquellas reivindicaciones sigue en gran medida pendiente. Pero sobre todo, lo har\u00eda casi inevitable el a\u00f1o electoral que viven los brasile\u00f1os, que el pr\u00f3ximo octubre deber\u00e1n pasar por las urnas para revalidar o sustituir a Dilma Rousseff al frente del gobierno. Todos los analistas coincid\u00edan en buscar en la clase media el principal protagonista de esas hipot\u00e9ticas movilizaciones, sin embargo nadie hab\u00eda llegado a plantear que la llama de la protesta bajase de las favelas e incendiase Copacabana e Ipanema, el coraz\u00f3n tur\u00edstico de la ciudad, a solo unas semanas del inicio del campeonato del mundo.<\/p>\n<p>Y es que la sospecha de que la Polic\u00eda haya sido responsable de la muerte del joven bailar\u00edn de televisi\u00f3n, Douglas Rafael da Silva Pereira, provoc\u00f3 una aut\u00e9ntica revuelta entre los habitantes de las favelas de Pov\u00e3o-Pov\u00e3ozinho y Cantagalo, donde residen m\u00e1s de 10.000 personas. El joven fue hallado muerto en elinterior de una guarder\u00eda y seg\u00fan la autopsia habr\u00eda fallecido tras haber sido alcanzado por una bala que le atraves\u00f3 un pulm\u00f3n. Sin embargo, esa no fue la primera versi\u00f3n oficial. Inicialmente, la Polic\u00eda neg\u00f3 que su cuerpo presentara heridas de bala y achac\u00f3 su muerte a una ca\u00edda escalando el muro del colegio mientras hu\u00eda de un tiroteo entre polic\u00edas y delincuentes. Una explicaci\u00f3n que no convenci\u00f3 a cientos de vecinos que, tras responsabilizar del hecho a agentes de la Unidad de Polic\u00eda de Pacificadora (UPP), bajaron de la favela hasta las calles de Ipanema y, especialmente, la avenida de Nuestra Se\u00f1ora de Copacabana, donde levantaron barricadas y quemaron varios veh\u00edculos. Durante los disturbios, un joven de 27 a\u00f1os result\u00f3 muerto por disparos de la Polic\u00eda.<\/p>\n<p>Mar\u00eda de F\u00e1tima da Silva, madre del bailar\u00edn, tampoco acept\u00f3 aquella versi\u00f3n policial y desde el primer momento acus\u00f3 a los agentes de la UPP de la muerte de su hijo. Adem\u00e1s, a su juicio, el informe m\u00e9dico tambi\u00e9n pondr\u00eda de manifiesto supuestas torturas previas a su fallecimiento, con diversos hematomas y el cr\u00e1neo hundido. La mujer incluso asegura que hay un testigo que habr\u00eda visto los hechos, aunque por cuestiones de seguridad no ha querido desvelar su identidad. Seg\u00fan Mar\u00eda de F\u00e1tima, el origen de su asesinato ser\u00eda una disputa mantenida con miembros de la UPP a prop\u00f3sito de una queja por una motocicleta que provoc\u00f3 su detenci\u00f3n y que desde entonces no habr\u00eda cesado el acoso policial sobre su hijo.<\/p>\n<p>Para la mujer, la revuelta vecinal habr\u00eda impedido que la Polic\u00eda hubiera hecho desaparecer el cad\u00e1ver de su hijo. \u201cEstaban intentando llevarse el cuerpo de Douglas cuando los vecinos llegaron. Gente corajosa y valiente. Si no mi hijo iba a ser otro desaparecido, otro enterrado en el barro, del que solo se encontrar\u00eda su esqueleto\u201d, se\u00f1alaba. La desaparici\u00f3n de personas es un grave problema en R\u00edo, que en muchos casos esconden la eliminaci\u00f3n de cad\u00e1veres de personas asesinadas por ajustes de cuentas entre bandas o, en ocasiones, por la Polic\u00eda. El caso que tuvo m\u00e1s repercusi\u00f3n fue la desaparici\u00f3n a principios de este a\u00f1o del alba\u00f1il Amarildo Dias de Souza, supuestamente torturado y asesinado por agentes de la UPP de la favela de Rocinha, un crimen por el que se detuvo a 25 polic\u00edas.<\/p>\n<p>Esta no es la primera protesta que se produce en el complejo de favelas del morro de Cantagalo. Hace \u00fanicamente unas semanas los residentes cortaron uno de los accesos a la estaci\u00f3n de Metro de General Osorio tras la muerte de dos personas por los disparos de un desconocido desde una motocicleta. Tambi\u00e9n en este caso los vecinos responsabilizaron a la Polic\u00eda al tiempo que denunciaban la presencia en el barrio de milicias, grupos de ex polic\u00edas o militares que act\u00faan como bandas que extorsionan a cambio de supuesta protecci\u00f3n y lucha contra delincuentes. En los \u00faltimos d\u00edas, han aparecido por la zona pintadas que relacionan a la UPP con estas milicias.<\/p>\n<h3>Polic\u00eda letal<\/h3>\n<p>Incidentes como estos ponen de manifiesto que la violencia sigue siendo uno de los grandes problemas de Brasil, as\u00ed como el gran n\u00famero de casos en que se ven involucrados agentes policiales. De hecho, seg\u00fan un reciente informe del <a href=\"http:\/\/www.forumseguranca.org.br\/\">F\u00f3rum Brasile\u00f1o de Seguran\u00e7a P\u00fablica<\/a>, cada d\u00eda mueren cinco brasile\u00f1os como consecuencia de acciones policiales. Solo en 2012 fallecieron en esas circunstancias 1.890 personas, frente a las 400 que murieron en Estados Unidos durante el mismo periodo. De hecho, Brasil detenta una de las mayores tasas de letalidad policial, superior a otros pa\u00edses no menos conflictivos como M\u00e9xico, Venezuela o Sud\u00e1frica.<\/p>\n<p>Los disturbios en Cantagalo no son los \u00fanicos que se han registrado en Rio en los \u00faltimos d\u00edas. La pasada semana fue el desalojo de la <a href=\"http:\/\/otramerica.com\/radar\/brasil-rio-janeiro-desalojan-cinco-mil-personas-favela-da-telejr\/3180\">favela de Telerj<\/a>, un edificio abandonado de una empresa telef\u00f3nica que hab\u00eda sido ocupado porunas 3.000 personas que reclamaban viviendas, lo que origin\u00f3 graves disturbios. Aunque el caso m\u00e1s espectacular ha sido la reciente \u201cpacificaci\u00f3n\u201d del complejo de favelas de Mar\u00e9 con la ocupaci\u00f3n militar de la zona por fuerzas del ej\u00e9rcito apoyadas por veh\u00edculos blindados. Esta misma semana la polic\u00eda entraba tambi\u00e9n en la favela de Niteroi.<\/p>\n<p>Los responsables de seguridad del gobierno de Rio han justificado este tipo de acciones y el refuerzo de las UPP distribuidas por 37 favelas, debido al hostigamiento que en las \u00faltimas semanas estaban sufriendo estas unidades y que se ha cobrado la vida de varios polic\u00edas. Unos ataques protagonizados por unas bandas criminales que intentan recuperar el terreno perdido en las favelas y que, seg\u00fan estos mismos responsables policiales, estar\u00edan tambi\u00e9n detr\u00e1s de algunas de las protestas surgidas tras supuestos casos de violencia policial.<\/p>\n<p>Una pol\u00edtica de mano dura que, seg\u00fan otras versiones, esconder\u00eda un objetivo diferente: evitar que durante el mundial vuelvan a repetirse movilizaciones como las del a\u00f1o pasado. El gobierno intentar\u00eda con estas demostraciones de fuerza disuadir a los potenciales manifestantes. Y, en opini\u00f3n del antrop\u00f3logo norteamericano James Holston, lo estar\u00eda consiguiendo. \u201cYo cre\u00eda que la Copa se iba a calentar mucho con nuevas manifestaciones, pero soy muy pesimista. Creo que las ciudades ser\u00e1n ocupadas por el Ej\u00e9rcito\u201d, se\u00f1ala. \u201cEl gobierno no va a permitir que ocurra nada. Ser\u00e1 una ocupaci\u00f3n militar, como ya ocurri\u00f3 en Rio en 1992 (durante la Conferencia de la ONU sobre Medio Ambiente). Mar\u00e9 es un ejemplo\u201d, comenta est\u00e9 cient\u00edfico social que actualmente trabaja en esta favela carioca.<\/p>\n<p>Por lo pronto, las movilizaciones convocadas hasta la fecha bajo la consigna \u201csin derechos no habr\u00e1 Copa\u201d est\u00e1n muy lejos de reunir a los cientos de miles de manifestante que se congregaron en las calles durante las protestas de junio del pasado a\u00f1o. La inc\u00f3gnita ahora es saber qu\u00e9 efecto que puedan tener revueltas de las favelas como las vividas estos \u00faltimos d\u00edas en pleno coraz\u00f3n del Rio con mayor proyecci\u00f3n internacional. Por lo pronto, la tensi\u00f3n se manten\u00eda en la favela despu\u00e9s de que la Polic\u00eda admitiera que el joven bailar\u00edn muri\u00f3 al ser alcanzado por una bala, aunque seg\u00fan los responsables policiales, resultar\u00e1 imposible determinar quien efectu\u00f3 el disparo.<\/p>","protected":false},"excerpt":{"rendered":"<p>Los disturbios en Copacabana tras el fallecimiento en extra\u00f1as circunstancias de un bailar\u00edn, se saldan con un muerto. Detr\u00e1s de los sucesos parece esconderse la decisi\u00f3n de las autoridades de recurrir a la militarizaci\u00f3n para disuadir grandes movilizaciones como las vividas hace un a\u00f1o durante la Copa Mundial de F\u00fatbol, que arranca el 12 de junio<\/p>","protected":false},"author":325,"featured_media":0,"comment_status":"open","ping_status":"open","sticky":false,"template":"","format":"standard","meta":{"footnotes":""},"categories":[3,57],"tags":[],"class_list":["post-5228","post","type-post","status-publish","format-standard","hentry","category-actualidad","category-global"],"yoast_head":"<!-- This site is optimized with the Yoast SEO plugin v27.5 - https:\/\/yoast.com\/product\/yoast-seo-wordpress\/ -->\n<title>Las favelas se rebelan ante la militarizaci\u00f3n y la violencia policial en R\u00edo de Janeiro - Revista Rambla<\/title>\n<meta name=\"robots\" content=\"index, follow, max-snippet:-1, max-image-preview:large, max-video-preview:-1\" \/>\n<link rel=\"canonical\" href=\"https:\/\/www.revistarambla.com\/en\/las-favelas-se-rebelan-ante-la-militarizacion-y-la-violencia-policial-en-rio-de-janeiro\/\" \/>\n<meta property=\"og:locale\" content=\"en_GB\" \/>\n<meta property=\"og:type\" content=\"article\" \/>\n<meta property=\"og:title\" content=\"Las favelas se rebelan ante la militarizaci\u00f3n y la violencia policial en R\u00edo de Janeiro - Revista Rambla\" \/>\n<meta property=\"og:description\" content=\"Los disturbios en Copacabana tras el fallecimiento en extra\u00f1as circunstancias de un bailar\u00edn, se saldan con un muerto. Detr\u00e1s de los sucesos parece esconderse la decisi\u00f3n de las autoridades de recurrir a la militarizaci\u00f3n para disuadir grandes movilizaciones como las vividas hace un a\u00f1o durante la Copa Mundial de F\u00fatbol, que arranca el 12 de junio\" \/>\n<meta property=\"og:url\" content=\"https:\/\/www.revistarambla.com\/en\/las-favelas-se-rebelan-ante-la-militarizacion-y-la-violencia-policial-en-rio-de-janeiro\/\" \/>\n<meta property=\"og:site_name\" content=\"Revista Rambla\" \/>\n<meta property=\"article:publisher\" content=\"https:\/\/www.facebook.com\/revistarambla\/\" \/>\n<meta property=\"article:author\" content=\"https:\/\/www.facebook.com\/josemanuelrambla\/\" \/>\n<meta property=\"article:published_time\" content=\"2014-04-26T05:37:17+00:00\" \/>\n<meta property=\"article:modified_time\" content=\"2022-10-21T15:39:01+00:00\" \/>\n<meta property=\"og:image\" content=\"https:\/\/www.revistarambla.com\/wp-content\/uploads\/2014\/04\/BRASIL_RAMBLA_FAVELAS_01.jpg\" \/>\n\t<meta property=\"og:image:width\" content=\"682\" \/>\n\t<meta property=\"og:image:height\" content=\"449\" \/>\n\t<meta property=\"og:image:type\" content=\"image\/jpeg\" \/>\n<meta name=\"author\" content=\"Jos\u00e9 Manuel Rambla\" \/>\n<meta name=\"twitter:card\" content=\"summary_large_image\" \/>\n<meta name=\"twitter:creator\" content=\"@jmrambla\" \/>\n<meta name=\"twitter:site\" content=\"@revistarambla\" \/>\n<meta name=\"twitter:label1\" content=\"Written by\" \/>\n\t<meta name=\"twitter:data1\" content=\"Jos\u00e9 Manuel Rambla\" \/>\n\t<meta name=\"twitter:label2\" content=\"Estimated reading time\" \/>\n\t<meta name=\"twitter:data2\" content=\"6 minutes\" \/>\n<script type=\"application\/ld+json\" class=\"yoast-schema-graph\">{\"@context\":\"https:\\\/\\\/schema.org\",\"@graph\":[{\"@type\":\"Article\",\"@id\":\"https:\\\/\\\/www.revistarambla.com\\\/las-favelas-se-rebelan-ante-la-militarizacion-y-la-violencia-policial-en-rio-de-janeiro\\\/#article\",\"isPartOf\":{\"@id\":\"https:\\\/\\\/www.revistarambla.com\\\/las-favelas-se-rebelan-ante-la-militarizacion-y-la-violencia-policial-en-rio-de-janeiro\\\/\"},\"author\":{\"name\":\"Jos\u00e9 Manuel Rambla\",\"@id\":\"https:\\\/\\\/www.revistarambla.com\\\/#\\\/schema\\\/person\\\/f8e404c0293434eaf6a60da08d1123e3\"},\"headline\":\"Las favelas se rebelan ante la militarizaci\u00f3n y la violencia policial en R\u00edo de Janeiro\",\"datePublished\":\"2014-04-26T05:37:17+00:00\",\"dateModified\":\"2022-10-21T15:39:01+00:00\",\"mainEntityOfPage\":{\"@id\":\"https:\\\/\\\/www.revistarambla.com\\\/las-favelas-se-rebelan-ante-la-militarizacion-y-la-violencia-policial-en-rio-de-janeiro\\\/\"},\"wordCount\":1325,\"commentCount\":0,\"publisher\":{\"@id\":\"https:\\\/\\\/www.revistarambla.com\\\/#organization\"},\"image\":{\"@id\":\"https:\\\/\\\/www.revistarambla.com\\\/las-favelas-se-rebelan-ante-la-militarizacion-y-la-violencia-policial-en-rio-de-janeiro\\\/#primaryimage\"},\"thumbnailUrl\":\"https:\\\/\\\/www.revistarambla.com\\\/wp-content\\\/uploads\\\/2014\\\/04\\\/BRASIL_RAMBLA_FAVELAS_02.jpg\",\"articleSection\":[\"Actualidad\",\"Global\"],\"inLanguage\":\"en-GB\",\"potentialAction\":[{\"@type\":\"CommentAction\",\"name\":\"Comment\",\"target\":[\"https:\\\/\\\/www.revistarambla.com\\\/las-favelas-se-rebelan-ante-la-militarizacion-y-la-violencia-policial-en-rio-de-janeiro\\\/#respond\"]}]},{\"@type\":\"WebPage\",\"@id\":\"https:\\\/\\\/www.revistarambla.com\\\/las-favelas-se-rebelan-ante-la-militarizacion-y-la-violencia-policial-en-rio-de-janeiro\\\/\",\"url\":\"https:\\\/\\\/www.revistarambla.com\\\/las-favelas-se-rebelan-ante-la-militarizacion-y-la-violencia-policial-en-rio-de-janeiro\\\/\",\"name\":\"Las favelas se rebelan ante la militarizaci\u00f3n y la violencia policial en R\u00edo de Janeiro - Revista Rambla\",\"isPartOf\":{\"@id\":\"https:\\\/\\\/www.revistarambla.com\\\/#website\"},\"primaryImageOfPage\":{\"@id\":\"https:\\\/\\\/www.revistarambla.com\\\/las-favelas-se-rebelan-ante-la-militarizacion-y-la-violencia-policial-en-rio-de-janeiro\\\/#primaryimage\"},\"image\":{\"@id\":\"https:\\\/\\\/www.revistarambla.com\\\/las-favelas-se-rebelan-ante-la-militarizacion-y-la-violencia-policial-en-rio-de-janeiro\\\/#primaryimage\"},\"thumbnailUrl\":\"https:\\\/\\\/www.revistarambla.com\\\/wp-content\\\/uploads\\\/2014\\\/04\\\/BRASIL_RAMBLA_FAVELAS_02.jpg\",\"datePublished\":\"2014-04-26T05:37:17+00:00\",\"dateModified\":\"2022-10-21T15:39:01+00:00\",\"breadcrumb\":{\"@id\":\"https:\\\/\\\/www.revistarambla.com\\\/las-favelas-se-rebelan-ante-la-militarizacion-y-la-violencia-policial-en-rio-de-janeiro\\\/#breadcrumb\"},\"inLanguage\":\"en-GB\",\"potentialAction\":[{\"@type\":\"ReadAction\",\"target\":[\"https:\\\/\\\/www.revistarambla.com\\\/las-favelas-se-rebelan-ante-la-militarizacion-y-la-violencia-policial-en-rio-de-janeiro\\\/\"]}]},{\"@type\":\"ImageObject\",\"inLanguage\":\"en-GB\",\"@id\":\"https:\\\/\\\/www.revistarambla.com\\\/las-favelas-se-rebelan-ante-la-militarizacion-y-la-violencia-policial-en-rio-de-janeiro\\\/#primaryimage\",\"url\":\"https:\\\/\\\/www.revistarambla.com\\\/wp-content\\\/uploads\\\/2014\\\/04\\\/BRASIL_RAMBLA_FAVELAS_02.jpg\",\"contentUrl\":\"https:\\\/\\\/www.revistarambla.com\\\/wp-content\\\/uploads\\\/2014\\\/04\\\/BRASIL_RAMBLA_FAVELAS_02.jpg\"},{\"@type\":\"BreadcrumbList\",\"@id\":\"https:\\\/\\\/www.revistarambla.com\\\/las-favelas-se-rebelan-ante-la-militarizacion-y-la-violencia-policial-en-rio-de-janeiro\\\/#breadcrumb\",\"itemListElement\":[{\"@type\":\"ListItem\",\"position\":1,\"name\":\"Portada\",\"item\":\"https:\\\/\\\/www.revistarambla.com\\\/\"},{\"@type\":\"ListItem\",\"position\":2,\"name\":\"Las favelas se rebelan ante la militarizaci\u00f3n y la violencia policial en R\u00edo de Janeiro\"}]},{\"@type\":\"WebSite\",\"@id\":\"https:\\\/\\\/www.revistarambla.com\\\/#website\",\"url\":\"https:\\\/\\\/www.revistarambla.com\\\/\",\"name\":\"Revista Rambla Barcelona\",\"description\":\"Periodismo independiente\",\"publisher\":{\"@id\":\"https:\\\/\\\/www.revistarambla.com\\\/#organization\"},\"potentialAction\":[{\"@type\":\"SearchAction\",\"target\":{\"@type\":\"EntryPoint\",\"urlTemplate\":\"https:\\\/\\\/www.revistarambla.com\\\/?s={search_term_string}\"},\"query-input\":{\"@type\":\"PropertyValueSpecification\",\"valueRequired\":true,\"valueName\":\"search_term_string\"}}],\"inLanguage\":\"en-GB\"},{\"@type\":\"Organization\",\"@id\":\"https:\\\/\\\/www.revistarambla.com\\\/#organization\",\"name\":\"Revista Rambla\",\"url\":\"https:\\\/\\\/www.revistarambla.com\\\/\",\"logo\":{\"@type\":\"ImageObject\",\"inLanguage\":\"en-GB\",\"@id\":\"https:\\\/\\\/www.revistarambla.com\\\/#\\\/schema\\\/logo\\\/image\\\/\",\"url\":\"https:\\\/\\\/www.revistarambla.com\\\/wp-content\\\/uploads\\\/2020\\\/09\\\/banner_rambla_1900x600_BB.png\",\"contentUrl\":\"https:\\\/\\\/www.revistarambla.com\\\/wp-content\\\/uploads\\\/2020\\\/09\\\/banner_rambla_1900x600_BB.png\",\"width\":1900,\"height\":600,\"caption\":\"Revista Rambla\"},\"image\":{\"@id\":\"https:\\\/\\\/www.revistarambla.com\\\/#\\\/schema\\\/logo\\\/image\\\/\"},\"sameAs\":[\"https:\\\/\\\/www.facebook.com\\\/revistarambla\\\/\",\"https:\\\/\\\/x.com\\\/revistarambla\",\"https:\\\/\\\/www.instagram.com\\\/revista_rambla\",\"https:\\\/\\\/es.linkedin.com\\\/company\\\/revista-rambla\"]},{\"@type\":\"Person\",\"@id\":\"https:\\\/\\\/www.revistarambla.com\\\/#\\\/schema\\\/person\\\/f8e404c0293434eaf6a60da08d1123e3\",\"name\":\"Jos\u00e9 Manuel Rambla\",\"description\":\"Periodista cultural y columnista.\",\"sameAs\":[\"https:\\\/\\\/aesteladodelparaiso.com\\\/\",\"https:\\\/\\\/www.facebook.com\\\/josemanuelrambla\\\/\",\"https:\\\/\\\/x.com\\\/jmrambla\"]}]}<\/script>\n<!-- \/ Yoast SEO plugin. -->","yoast_head_json":{"title":"Las favelas se rebelan ante la militarizaci\u00f3n y la violencia policial en R\u00edo de Janeiro - Revista Rambla","robots":{"index":"index","follow":"follow","max-snippet":"max-snippet:-1","max-image-preview":"max-image-preview:large","max-video-preview":"max-video-preview:-1"},"canonical":"https:\/\/www.revistarambla.com\/en\/las-favelas-se-rebelan-ante-la-militarizacion-y-la-violencia-policial-en-rio-de-janeiro\/","og_locale":"en_GB","og_type":"article","og_title":"Las favelas se rebelan ante la militarizaci\u00f3n y la violencia policial en R\u00edo de Janeiro - Revista Rambla","og_description":"Los disturbios en Copacabana tras el fallecimiento en extra\u00f1as circunstancias de un bailar\u00edn, se saldan con un muerto. Detr\u00e1s de los sucesos parece esconderse la decisi\u00f3n de las autoridades de recurrir a la militarizaci\u00f3n para disuadir grandes movilizaciones como las vividas hace un a\u00f1o durante la Copa Mundial de F\u00fatbol, que arranca el 12 de junio","og_url":"https:\/\/www.revistarambla.com\/en\/las-favelas-se-rebelan-ante-la-militarizacion-y-la-violencia-policial-en-rio-de-janeiro\/","og_site_name":"Revista Rambla","article_publisher":"https:\/\/www.facebook.com\/revistarambla\/","article_author":"https:\/\/www.facebook.com\/josemanuelrambla\/","article_published_time":"2014-04-26T05:37:17+00:00","article_modified_time":"2022-10-21T15:39:01+00:00","og_image":[{"width":682,"height":449,"url":"https:\/\/www.revistarambla.com\/wp-content\/uploads\/2014\/04\/BRASIL_RAMBLA_FAVELAS_01.jpg","type":"image\/jpeg"}],"author":"Jos\u00e9 Manuel Rambla","twitter_card":"summary_large_image","twitter_creator":"@jmrambla","twitter_site":"@revistarambla","twitter_misc":{"Written by":"Jos\u00e9 Manuel Rambla","Estimated reading time":"6 minutes"},"schema":{"@context":"https:\/\/schema.org","@graph":[{"@type":"Article","@id":"https:\/\/www.revistarambla.com\/las-favelas-se-rebelan-ante-la-militarizacion-y-la-violencia-policial-en-rio-de-janeiro\/#article","isPartOf":{"@id":"https:\/\/www.revistarambla.com\/las-favelas-se-rebelan-ante-la-militarizacion-y-la-violencia-policial-en-rio-de-janeiro\/"},"author":{"name":"Jos\u00e9 Manuel Rambla","@id":"https:\/\/www.revistarambla.com\/#\/schema\/person\/f8e404c0293434eaf6a60da08d1123e3"},"headline":"Las favelas se rebelan ante la militarizaci\u00f3n y la violencia policial en R\u00edo de Janeiro","datePublished":"2014-04-26T05:37:17+00:00","dateModified":"2022-10-21T15:39:01+00:00","mainEntityOfPage":{"@id":"https:\/\/www.revistarambla.com\/las-favelas-se-rebelan-ante-la-militarizacion-y-la-violencia-policial-en-rio-de-janeiro\/"},"wordCount":1325,"commentCount":0,"publisher":{"@id":"https:\/\/www.revistarambla.com\/#organization"},"image":{"@id":"https:\/\/www.revistarambla.com\/las-favelas-se-rebelan-ante-la-militarizacion-y-la-violencia-policial-en-rio-de-janeiro\/#primaryimage"},"thumbnailUrl":"https:\/\/www.revistarambla.com\/wp-content\/uploads\/2014\/04\/BRASIL_RAMBLA_FAVELAS_02.jpg","articleSection":["Actualidad","Global"],"inLanguage":"en-GB","potentialAction":[{"@type":"CommentAction","name":"Comment","target":["https:\/\/www.revistarambla.com\/las-favelas-se-rebelan-ante-la-militarizacion-y-la-violencia-policial-en-rio-de-janeiro\/#respond"]}]},{"@type":"WebPage","@id":"https:\/\/www.revistarambla.com\/las-favelas-se-rebelan-ante-la-militarizacion-y-la-violencia-policial-en-rio-de-janeiro\/","url":"https:\/\/www.revistarambla.com\/las-favelas-se-rebelan-ante-la-militarizacion-y-la-violencia-policial-en-rio-de-janeiro\/","name":"Las favelas se rebelan ante la militarizaci\u00f3n y la violencia policial en R\u00edo de Janeiro - Revista Rambla","isPartOf":{"@id":"https:\/\/www.revistarambla.com\/#website"},"primaryImageOfPage":{"@id":"https:\/\/www.revistarambla.com\/las-favelas-se-rebelan-ante-la-militarizacion-y-la-violencia-policial-en-rio-de-janeiro\/#primaryimage"},"image":{"@id":"https:\/\/www.revistarambla.com\/las-favelas-se-rebelan-ante-la-militarizacion-y-la-violencia-policial-en-rio-de-janeiro\/#primaryimage"},"thumbnailUrl":"https:\/\/www.revistarambla.com\/wp-content\/uploads\/2014\/04\/BRASIL_RAMBLA_FAVELAS_02.jpg","datePublished":"2014-04-26T05:37:17+00:00","dateModified":"2022-10-21T15:39:01+00:00","breadcrumb":{"@id":"https:\/\/www.revistarambla.com\/las-favelas-se-rebelan-ante-la-militarizacion-y-la-violencia-policial-en-rio-de-janeiro\/#breadcrumb"},"inLanguage":"en-GB","potentialAction":[{"@type":"ReadAction","target":["https:\/\/www.revistarambla.com\/las-favelas-se-rebelan-ante-la-militarizacion-y-la-violencia-policial-en-rio-de-janeiro\/"]}]},{"@type":"ImageObject","inLanguage":"en-GB","@id":"https:\/\/www.revistarambla.com\/las-favelas-se-rebelan-ante-la-militarizacion-y-la-violencia-policial-en-rio-de-janeiro\/#primaryimage","url":"https:\/\/www.revistarambla.com\/wp-content\/uploads\/2014\/04\/BRASIL_RAMBLA_FAVELAS_02.jpg","contentUrl":"https:\/\/www.revistarambla.com\/wp-content\/uploads\/2014\/04\/BRASIL_RAMBLA_FAVELAS_02.jpg"},{"@type":"BreadcrumbList","@id":"https:\/\/www.revistarambla.com\/las-favelas-se-rebelan-ante-la-militarizacion-y-la-violencia-policial-en-rio-de-janeiro\/#breadcrumb","itemListElement":[{"@type":"ListItem","position":1,"name":"Portada","item":"https:\/\/www.revistarambla.com\/"},{"@type":"ListItem","position":2,"name":"Las favelas se rebelan ante la militarizaci\u00f3n y la violencia policial en R\u00edo de Janeiro"}]},{"@type":"WebSite","@id":"https:\/\/www.revistarambla.com\/#website","url":"https:\/\/www.revistarambla.com\/","name":"Revista Rambla Barcelona","description":"Periodismo independiente","publisher":{"@id":"https:\/\/www.revistarambla.com\/#organization"},"potentialAction":[{"@type":"SearchAction","target":{"@type":"EntryPoint","urlTemplate":"https:\/\/www.revistarambla.com\/?s={search_term_string}"},"query-input":{"@type":"PropertyValueSpecification","valueRequired":true,"valueName":"search_term_string"}}],"inLanguage":"en-GB"},{"@type":"Organization","@id":"https:\/\/www.revistarambla.com\/#organization","name":"Revista Rambla","url":"https:\/\/www.revistarambla.com\/","logo":{"@type":"ImageObject","inLanguage":"en-GB","@id":"https:\/\/www.revistarambla.com\/#\/schema\/logo\/image\/","url":"https:\/\/www.revistarambla.com\/wp-content\/uploads\/2020\/09\/banner_rambla_1900x600_BB.png","contentUrl":"https:\/\/www.revistarambla.com\/wp-content\/uploads\/2020\/09\/banner_rambla_1900x600_BB.png","width":1900,"height":600,"caption":"Revista Rambla"},"image":{"@id":"https:\/\/www.revistarambla.com\/#\/schema\/logo\/image\/"},"sameAs":["https:\/\/www.facebook.com\/revistarambla\/","https:\/\/x.com\/revistarambla","https:\/\/www.instagram.com\/revista_rambla","https:\/\/es.linkedin.com\/company\/revista-rambla"]},{"@type":"Person","@id":"https:\/\/www.revistarambla.com\/#\/schema\/person\/f8e404c0293434eaf6a60da08d1123e3","name":"Jos\u00e9 Manuel Rambla","description":"Periodista cultural y columnista.","sameAs":["https:\/\/aesteladodelparaiso.com\/","https:\/\/www.facebook.com\/josemanuelrambla\/","https:\/\/x.com\/jmrambla"]}]}},"_links":{"self":[{"href":"https:\/\/www.revistarambla.com\/en\/wp-json\/wp\/v2\/posts\/5228","targetHints":{"allow":["GET"]}}],"collection":[{"href":"https:\/\/www.revistarambla.com\/en\/wp-json\/wp\/v2\/posts"}],"about":[{"href":"https:\/\/www.revistarambla.com\/en\/wp-json\/wp\/v2\/types\/post"}],"author":[{"embeddable":true,"href":"https:\/\/www.revistarambla.com\/en\/wp-json\/wp\/v2\/users\/325"}],"replies":[{"embeddable":true,"href":"https:\/\/www.revistarambla.com\/en\/wp-json\/wp\/v2\/comments?post=5228"}],"version-history":[{"count":1,"href":"https:\/\/www.revistarambla.com\/en\/wp-json\/wp\/v2\/posts\/5228\/revisions"}],"predecessor-version":[{"id":48358,"href":"https:\/\/www.revistarambla.com\/en\/wp-json\/wp\/v2\/posts\/5228\/revisions\/48358"}],"wp:attachment":[{"href":"https:\/\/www.revistarambla.com\/en\/wp-json\/wp\/v2\/media?parent=5228"}],"wp:term":[{"taxonomy":"category","embeddable":true,"href":"https:\/\/www.revistarambla.com\/en\/wp-json\/wp\/v2\/categories?post=5228"},{"taxonomy":"post_tag","embeddable":true,"href":"https:\/\/www.revistarambla.com\/en\/wp-json\/wp\/v2\/tags?post=5228"}],"curies":[{"name":"wp","href":"https:\/\/api.w.org\/{rel}","templated":true}]}}