{"id":5224,"date":"2014-04-26T07:07:41","date_gmt":"2014-04-26T07:07:41","guid":{"rendered":"https:\/\/www.revistarambla.com\/canas-dimite\/"},"modified":"2014-04-26T07:07:41","modified_gmt":"2014-04-26T07:07:41","slug":"canas-dimite","status":"publish","type":"post","link":"https:\/\/www.revistarambla.com\/en\/canas-dimite\/","title":{"rendered":"CA\u00d1AS DIMITE"},"content":{"rendered":"<p> \t<img decoding=\"async\" class=\"alignleft size-full wp-image-5222\" alt=\"alt\" data-temp=\"true\" src=\"https:\/\/www.revistarambla.com\/wp-content\/uploads\/2014\/04\/jordi_can%CC%83as_rambla_01.jpg\" style=\"width: 682px; height: 450px; margin-left: 9px; margin-right: 9px; float: left;\" width=\"682\" height=\"450\" \/><span data-scayt_word=\"Jordi\" data-scaytid=\"1\">Jordi<\/span> <span data-scayt_word=\"Ca\u00f1as\" data-scaytid=\"2\">Ca\u00f1as<\/span>, <span data-scayt_word=\"diputado\" data-scaytid=\"3\">diputado<\/span> en el <span data-scayt_word=\"Parlament\" data-scaytid=\"4\">Parlament<\/span> de <span data-scayt_word=\"Catalunya\" data-scaytid=\"5\">Catalunya<\/span> y <span data-scayt_word=\"n\u00famero\" data-scaytid=\"6\">n\u00famero<\/span> dos de la <span data-scayt_word=\"formaci\u00f3n\" data-scaytid=\"7\">formaci\u00f3n<\/span> <span data-scayt_word=\"Ciutadans\" data-scaytid=\"8\">Ciutadans<\/span>, ha <span data-scayt_word=\"anunciado\" data-scaytid=\"9\">anunciado<\/span> <span data-scayt_word=\"este\" data-scaytid=\"10\">este<\/span> <span data-scayt_word=\"viernes\" data-scaytid=\"11\">viernes<\/span> <span data-scayt_word=\"que\" data-scaytid=\"12\">que<\/span> <span data-scayt_word=\"dejar\u00e1\" data-scaytid=\"13\">dejar\u00e1<\/span> <span data-scayt_word=\"su\" data-scaytid=\"14\">su<\/span> <span data-scayt_word=\"esca\u00f1o\" data-scaytid=\"16\">esca\u00f1o<\/span> en la <span data-scayt_word=\"c\u00e1mara\" data-scaytid=\"17\">c\u00e1mara<\/span> <span data-scayt_word=\"tras\" data-scaytid=\"18\">tras<\/span> <span data-scayt_word=\"su\" data-scaytid=\"15\">su<\/span> <span data-scayt_word=\"imputaci\u00f3n\" data-scaytid=\"19\">imputaci\u00f3n<\/span> <span data-scayt_word=\"por\" data-scaytid=\"20\">por<\/span> <span data-scayt_word=\"presunto\" data-scaytid=\"21\">presunto<\/span> <span data-scayt_word=\"fraude\" data-scaytid=\"22\">fraude<\/span> a la Hacienda <span data-scayt_word=\"P\u00fablica\" data-scaytid=\"23\">P\u00fablica<\/span>.<\/p>\n<p> \t\u00a0<\/p>\n<p>  <!--more-->  <\/p>\n<p> \t<strong><span data-scayt_word=\"Jordi\" data-scaytid=\"24\">Jordi<\/span> <span data-scayt_word=\"Ca\u00f1as\" data-scaytid=\"25\">Ca\u00f1as<\/span>, <span data-scayt_word=\"diputado\" data-scaytid=\"27\">diputado<\/span> en el <span data-scayt_word=\"Parlament\" data-scaytid=\"28\">Parlament<\/span> de <span data-scayt_word=\"Catalunya\" data-scaytid=\"29\">Catalunya<\/span> y <span data-scayt_word=\"n\u00famero\" data-scaytid=\"31\">n\u00famero<\/span> dos de la <span data-scayt_word=\"formaci\u00f3n\" data-scaytid=\"32\">formaci\u00f3n<\/span> <span data-scayt_word=\"Ciutadans\" data-scaytid=\"33\">Ciutadans<\/span>, ha <span data-scayt_word=\"anunciado\" data-scaytid=\"34\">anunciado<\/span> <span data-scayt_word=\"este\" data-scaytid=\"36\">este<\/span> <span data-scayt_word=\"viernes\" data-scaytid=\"37\">viernes<\/span> <span data-scayt_word=\"que\" data-scaytid=\"38\">que<\/span> <span data-scayt_word=\"dejar\u00e1\" data-scaytid=\"40\">dejar\u00e1<\/span> <span data-scayt_word=\"su\" data-scaytid=\"41\">su<\/span> <span data-scayt_word=\"esca\u00f1o\" data-scaytid=\"43\">esca\u00f1o<\/span> en la <span data-scayt_word=\"c\u00e1mara\" data-scaytid=\"44\">c\u00e1mara<\/span> <span data-scayt_word=\"tras\" data-scaytid=\"45\">tras<\/span> <span data-scayt_word=\"su\" data-scaytid=\"42\">su<\/span> <span data-scayt_word=\"imputaci\u00f3n\" data-scaytid=\"46\">imputaci\u00f3n<\/span> <span data-scayt_word=\"por\" data-scaytid=\"48\">por<\/span> <span data-scayt_word=\"presunto\" data-scaytid=\"49\">presunto<\/span> <span data-scayt_word=\"fraude\" data-scaytid=\"50\">fraude<\/span> a la Hacienda <span data-scayt_word=\"P\u00fablica\" data-scaytid=\"51\">P\u00fablica<\/span>. <span data-scayt_word=\"Cuando\" data-scaytid=\"103\">Cuando<\/span> el Tribunal Superior de <span data-scayt_word=\"Justicia\" data-scaytid=\"104\">Justicia<\/span> de <span data-scayt_word=\"Catalunya\" data-scaytid=\"30\">Catalunya<\/span> se <span data-scayt_word=\"hizo\" data-scaytid=\"105\">hizo<\/span> cargo del <span data-scayt_word=\"caso\" data-scaytid=\"106\">caso<\/span>, <span data-scayt_word=\"Ca\u00f1as\" data-scaytid=\"26\">Ca\u00f1as<\/span> <span data-scayt_word=\"prometi\u00f3\" data-scaytid=\"107\">prometi\u00f3<\/span> <span data-scayt_word=\"que\" data-scaytid=\"39\">que<\/span> <span data-scayt_word=\"si\" data-scaytid=\"108\">si<\/span> <span data-scayt_word=\"llegaba\" data-scaytid=\"109\">llegaba<\/span> la <span data-scayt_word=\"imputaci\u00f3n\" data-scaytid=\"47\">imputaci\u00f3n<\/span> <span data-scayt_word=\"dimitir\u00eda\" data-scaytid=\"110\">dimitir\u00eda<\/span>, y <span data-scayt_word=\"as\u00ed\" data-scaytid=\"111\">as\u00ed<\/span> lo <span data-scayt_word=\"har\u00e1\" data-scaytid=\"112\">har\u00e1<\/span> el <span data-scayt_word=\"pr\u00f3ximo\" data-scaytid=\"113\">pr\u00f3ximo<\/span> <span data-scayt_word=\"lunes\" data-scaytid=\"114\">lunes<\/span>, <span data-scayt_word=\"seg\u00fan\" data-scaytid=\"115\">seg\u00fan<\/span> ha <span data-scayt_word=\"anunciado\" data-scaytid=\"35\">anunciado<\/span>.<\/strong><\/p>\n<p> \t\u00a0<\/p>\n<p> \t\u00a0<\/p>\n<p> \t<img decoding=\"async\" class=\"size-full wp-image-5223\" alt=\"alt\" src=\"https:\/\/www.revistarambla.com\/wp-content\/uploads\/2014\/04\/jordi_can%CC%83as_rambla_02.jpg\" style=\"width: 700px; height: 368px;\" width=\"700\" height=\"368\" \/><\/p>\n<p> \t\u00a0<\/p>\n<p> \tEl <span data-scayt_word=\"todav\u00eda\" data-scaytid=\"191\">todav\u00eda<\/span> <span data-scayt_word=\"diputado\" data-scaytid=\"116\">diputado<\/span> de <span data-scayt_word=\"Ciutadans\" data-scaytid=\"117\">Ciutadans<\/span> ha <span data-scayt_word=\"insistido\" data-scaytid=\"194\">insistido<\/span> en <span data-scayt_word=\"varias\" data-scaytid=\"195\">varias<\/span> <span data-scayt_word=\"ocasiones\" data-scaytid=\"196\">ocasiones<\/span> en <span data-scayt_word=\"que\" data-scaytid=\"118\">que<\/span> <span data-scayt_word=\"esta\" data-scaytid=\"201\">esta<\/span> \u00ab<span data-scayt_word=\"dif\u00edcil\" data-scaytid=\"203\">dif\u00edcil<\/span>\u00bb <span data-scayt_word=\"decisi\u00f3n\" data-scaytid=\"205\">decisi\u00f3n<\/span> la ha <span data-scayt_word=\"tomado\" data-scaytid=\"207\">tomado<\/span> <span data-scayt_word=\"para\" data-scaytid=\"208\">para<\/span> \u00ab<span data-scayt_word=\"dignificar\" data-scaytid=\"209\">dignificar<\/span>\u00bb la <span data-scayt_word=\"pol\u00edtica\" data-scaytid=\"210\">pol\u00edtica<\/span> y \u00ab<span data-scayt_word=\"honrar\" data-scaytid=\"211\">honrar<\/span>\u00bb a los <span data-scayt_word=\"ciudadanos\" data-scaytid=\"212\">ciudadanos<\/span> <span data-scayt_word=\"que\" data-scaytid=\"119\">que<\/span> <span data-scayt_word=\"depositaron\" data-scaytid=\"213\">depositaron<\/span> <span data-scayt_word=\"su\" data-scaytid=\"122\">su<\/span> <span data-scayt_word=\"confianza\" data-scaytid=\"216\">confianza<\/span> en <span data-scayt_word=\"su\" data-scaytid=\"123\">su<\/span> persona y en el <span data-scayt_word=\"partido\" data-scaytid=\"217\">partido<\/span>, en un <span data-scayt_word=\"momento\" data-scaytid=\"218\">momento<\/span> de <span data-scayt_word=\"descr\u00e9dito\" data-scaytid=\"219\">descr\u00e9dito<\/span> en los <span data-scayt_word=\"representantes\" data-scaytid=\"220\">representantes<\/span> <span data-scayt_word=\"p\u00fablicos\" data-scaytid=\"222\">p\u00fablicos<\/span>. \u00abLos <span data-scayt_word=\"representantes\" data-scaytid=\"221\">representantes<\/span> <span data-scayt_word=\"p\u00fablicos\" data-scaytid=\"223\">p\u00fablicos<\/span> <span data-scayt_word=\"tienen\" data-scaytid=\"224\">tienen<\/span> <span data-scayt_word=\"que\" data-scaytid=\"120\">que<\/span> <span data-scayt_word=\"dar\" data-scaytid=\"225\">dar<\/span> <span data-scayt_word=\"ejemplo\" data-scaytid=\"227\">ejemplo<\/span>. <span data-scayt_word=\"Yo\" data-scaytid=\"229\">Yo<\/span> no <span data-scayt_word=\"quiero\" data-scaytid=\"230\">quiero<\/span> <span data-scayt_word=\"dar\" data-scaytid=\"226\">dar<\/span> <span data-scayt_word=\"ejemplo\" data-scaytid=\"228\">ejemplo<\/span>, <span data-scayt_word=\"quiero\" data-scaytid=\"231\">quiero<\/span> <span data-scayt_word=\"tener\" data-scaytid=\"232\">tener<\/span> un <span data-scayt_word=\"comportamiento\" data-scaytid=\"234\">comportamiento<\/span> <span data-scayt_word=\"ejemplar\" data-scaytid=\"236\">ejemplar<\/span>, y <span data-scayt_word=\"por\" data-scaytid=\"124\">por<\/span> <span data-scayt_word=\"eso\" data-scaytid=\"238\">eso<\/span> ha <span data-scayt_word=\"decidido\" data-scaytid=\"239\">decidido<\/span> <span data-scayt_word=\"tomar\" data-scaytid=\"240\">tomar<\/span> \u00ab<span data-scayt_word=\"esta\" data-scaytid=\"202\">esta<\/span> <span data-scayt_word=\"dif\u00edcil\" data-scaytid=\"204\">dif\u00edcil<\/span> <span data-scayt_word=\"decisi\u00f3n\" data-scaytid=\"206\">decisi\u00f3n<\/span> a <span data-scayt_word=\"corto\" data-scaytid=\"241\">corto<\/span> <span data-scayt_word=\"plazo\" data-scaytid=\"242\">plazo<\/span>, irreversible\u00bb, ha <span data-scayt_word=\"argumentado\" data-scaytid=\"243\">argumentado<\/span> <span data-scayt_word=\"Ca\u00f1as\" data-scaytid=\"125\">Ca\u00f1as<\/span>, <span data-scayt_word=\"quien\" data-scaytid=\"245\">quien<\/span> ha <span data-scayt_word=\"destacado\" data-scaytid=\"246\">destacado<\/span>, en <span data-scayt_word=\"este\" data-scaytid=\"126\">este<\/span> <span data-scayt_word=\"sentido\" data-scaytid=\"248\">sentido<\/span>, <span data-scayt_word=\"que\" data-scaytid=\"121\">que<\/span> los <span data-scayt_word=\"pol\u00edticos\" data-scaytid=\"249\">pol\u00edticos<\/span> <span data-scayt_word=\"deben\" data-scaytid=\"250\">deben<\/span> <span data-scayt_word=\"tener\" data-scaytid=\"233\">tener<\/span> un <span data-scayt_word=\"comportamiento\" data-scaytid=\"235\">comportamiento<\/span> \u00ab<span data-scayt_word=\"correcto\" data-scaytid=\"251\">correcto<\/span> y <span data-scayt_word=\"digno\" data-scaytid=\"252\">digno<\/span>\u00ab.<br \/> \t\u00a0<\/p>\n<p> \t<span data-scayt_word=\"Visiblemente\" data-scaytid=\"425\">Visiblemente<\/span> <span data-scayt_word=\"emocionado\" data-scaytid=\"426\">emocionado<\/span> <span data-scayt_word=\"durante\" data-scaytid=\"427\">durante<\/span> <span data-scayt_word=\"su\" data-scaytid=\"418\">su<\/span> <span data-scayt_word=\"comparecencia\" data-scaytid=\"429\">comparecencia<\/span> ante los <span data-scayt_word=\"medios\" data-scaytid=\"430\">medios<\/span>, <span data-scayt_word=\"Ca\u00f1as\" data-scaytid=\"419\">Ca\u00f1as<\/span> ha <span data-scayt_word=\"asegurado\" data-scaytid=\"432\">asegurado<\/span> <span data-scayt_word=\"que\" data-scaytid=\"420\">que<\/span> <span data-scayt_word=\"ser\" data-scaytid=\"435\">ser<\/span> <span data-scayt_word=\"elegido\" data-scaytid=\"436\">elegido<\/span> <span data-scayt_word=\"diputado\" data-scaytid=\"422\">diputado<\/span> y <span data-scayt_word=\"representar\" data-scaytid=\"440\">representar<\/span> a los <span data-scayt_word=\"ciudadanos\" data-scaytid=\"424\">ciudadanos<\/span> \u00abha <span data-scayt_word=\"sido\" data-scaytid=\"442\">sido<\/span> el mayor honor, un <span data-scayt_word=\"regalo\" data-scaytid=\"443\">regalo<\/span> <span data-scayt_word=\"maravilloso\" data-scaytid=\"444\">maravilloso<\/span>\u00ab: \u00abEl <span data-scayt_word=\"d\u00eda\" data-scaytid=\"445\">d\u00eda<\/span> <span data-scayt_word=\"que\" data-scaytid=\"421\">que<\/span> <span data-scayt_word=\"fui\" data-scaytid=\"446\">fui<\/span> <span data-scayt_word=\"elegido\" data-scaytid=\"437\">elegido<\/span> <span data-scayt_word=\"diputado\" data-scaytid=\"423\">diputado<\/span> <span data-scayt_word=\"fue\" data-scaytid=\"447\">fue<\/span> <span data-scayt_word=\"uno\" data-scaytid=\"448\">uno<\/span> de los <span data-scayt_word=\"d\u00edas\" data-scaytid=\"450\">d\u00edas<\/span> <span data-scayt_word=\"m\u00e1s\" data-scaytid=\"451\">m\u00e1s<\/span> <span data-scayt_word=\"felices\" data-scaytid=\"453\">felices<\/span> de mi <span data-scayt_word=\"vida\" data-scaytid=\"454\">vida<\/span>, y <span data-scayt_word=\"hoy\" data-scaytid=\"455\">hoy<\/span> <span data-scayt_word=\"uno\" data-scaytid=\"449\">uno<\/span> de los <span data-scayt_word=\"m\u00e1s\" data-scaytid=\"452\">m\u00e1s<\/span> <span data-scayt_word=\"dif\u00edciles\" data-scaytid=\"456\">dif\u00edciles<\/span>\u00ab.<br \/> \t\u00a0<\/p>\n<p> \tEl <span data-scayt_word=\"diputado\" data-scaytid=\"489\">diputado<\/span> ha <span data-scayt_word=\"explicado\" data-scaytid=\"541\">explicado<\/span> <span data-scayt_word=\"que\" data-scaytid=\"491\">que<\/span> <span data-scayt_word=\"tiene\" data-scaytid=\"548\">tiene<\/span> <span data-scayt_word=\"intenci\u00f3n\" data-scaytid=\"549\">intenci\u00f3n<\/span> de <span data-scayt_word=\"volver\" data-scaytid=\"550\">volver<\/span> a la <span data-scayt_word=\"pol\u00edtica\" data-scaytid=\"497\">pol\u00edtica<\/span> de forma <span data-scayt_word=\"activa\" data-scaytid=\"554\">activa<\/span> <span data-scayt_word=\"cuando\" data-scaytid=\"555\">cuando<\/span> se <span data-scayt_word=\"aclare\" data-scaytid=\"557\">aclare<\/span> <span data-scayt_word=\"todo\" data-scaytid=\"558\">todo<\/span> el <span data-scayt_word=\"proceso\" data-scaytid=\"560\">proceso<\/span> judicial, <span data-scayt_word=\"porque\" data-scaytid=\"561\">porque<\/span>, ha <span data-scayt_word=\"precisado\" data-scaytid=\"562\">precisado<\/span>, \u00ab<span data-scayt_word=\"amo\" data-scaytid=\"563\">amo<\/span> la <span data-scayt_word=\"pol\u00edtica\" data-scaytid=\"498\">pol\u00edtica<\/span>, la de <span data-scayt_word=\"verdad\" data-scaytid=\"564\">verdad<\/span>, la <span data-scayt_word=\"que\" data-scaytid=\"492\">que<\/span> <span data-scayt_word=\"quiere\" data-scaytid=\"565\">quiere<\/span> <span data-scayt_word=\"transformar\" data-scaytid=\"566\">transformar<\/span> y <span data-scayt_word=\"estar\" data-scaytid=\"567\">estar<\/span> al <span data-scayt_word=\"servicio\" data-scaytid=\"568\">servicio<\/span> de los <span data-scayt_word=\"ciudadanos\" data-scaytid=\"499\">ciudadanos<\/span>\u00ab. \u00ab<span data-scayt_word=\"Espero\" data-scaytid=\"570\">Espero<\/span> <span data-scayt_word=\"que\" data-scaytid=\"493\">que<\/span> <span data-scayt_word=\"cuando\" data-scaytid=\"556\">cuando<\/span> <span data-scayt_word=\"esto\" data-scaytid=\"571\">esto<\/span> se <span data-scayt_word=\"resuelva\" data-scaytid=\"573\">resuelva<\/span>, <span data-scayt_word=\"pueda\" data-scaytid=\"574\">pueda<\/span> <span data-scayt_word=\"volver\" data-scaytid=\"551\">volver<\/span> a <span data-scayt_word=\"ser\" data-scaytid=\"500\">ser<\/span> <span data-scayt_word=\"representante\" data-scaytid=\"576\">representante<\/span> <span data-scayt_word=\"p\u00fablico\" data-scaytid=\"577\">p\u00fablico<\/span> y <span data-scayt_word=\"honrar\" data-scaytid=\"501\">honrar<\/span> a <span data-scayt_word=\"las\" data-scaytid=\"579\">las<\/span> <span data-scayt_word=\"instituciones\" data-scaytid=\"580\">instituciones<\/span>\u00ab, ha <span data-scayt_word=\"dicho\" data-scaytid=\"581\">dicho<\/span> <span data-scayt_word=\"Ca\u00f1as\" data-scaytid=\"502\">Ca\u00f1as<\/span>, y ha <span data-scayt_word=\"agregado\" data-scaytid=\"584\">agregado<\/span>: \u00ab<span data-scayt_word=\"s\u00e9\" data-scaytid=\"585\">s\u00e9<\/span> <span data-scayt_word=\"que\" data-scaytid=\"494\">que<\/span> <span data-scayt_word=\"muchos\" data-scaytid=\"586\">muchos<\/span> se van a <span data-scayt_word=\"alegrar\" data-scaytid=\"587\">alegrar<\/span> de <span data-scayt_word=\"esto\" data-scaytid=\"572\">esto<\/span> (&#8230;) y a los <span data-scayt_word=\"que\" data-scaytid=\"495\">que<\/span> <span data-scayt_word=\"hoy\" data-scaytid=\"504\">hoy<\/span> se <span data-scayt_word=\"puedan\" data-scaytid=\"590\">puedan<\/span> <span data-scayt_word=\"alegrar\" data-scaytid=\"588\">alegrar<\/span>, les <span data-scayt_word=\"digo\" data-scaytid=\"591\">digo<\/span>: <span data-scayt_word=\"volver\u00e9\" data-scaytid=\"592\">volver\u00e9<\/span>\u00ab.\u00a0En <span data-scayt_word=\"su\" data-scaytid=\"505\">su<\/span> <span data-scayt_word=\"despedida\" data-scaytid=\"594\">despedida<\/span> <span data-scayt_word=\"como\" data-scaytid=\"595\">como<\/span> <span data-scayt_word=\"diputado\" data-scaytid=\"490\">diputado<\/span>, <span data-scayt_word=\"Ca\u00f1as\" data-scaytid=\"503\">Ca\u00f1as<\/span> ha <span data-scayt_word=\"querido\" data-scaytid=\"596\">querido<\/span> <span data-scayt_word=\"agradecer\" data-scaytid=\"597\">agradecer<\/span> el <span data-scayt_word=\"apoyo\" data-scaytid=\"598\">apoyo<\/span> de <span data-scayt_word=\"sus\" data-scaytid=\"599\">sus<\/span> <span data-scayt_word=\"compa\u00f1eros\" data-scaytid=\"601\">compa\u00f1eros<\/span> de <span data-scayt_word=\"partido\" data-scaytid=\"506\">partido<\/span>, amigos, <span data-scayt_word=\"familia\" data-scaytid=\"603\">familia<\/span> y, <span data-scayt_word=\"sobre\" data-scaytid=\"604\">sobre<\/span> <span data-scayt_word=\"todo\" data-scaytid=\"559\">todo<\/span>, el de <span data-scayt_word=\"sus\" data-scaytid=\"600\">sus<\/span> padres, de los <span data-scayt_word=\"que\" data-scaytid=\"496\">que<\/span> <span data-scayt_word=\"aprendi\u00f3\" data-scaytid=\"605\">aprendi\u00f3<\/span> el valor del \u00ab<span data-scayt_word=\"trabajo\" data-scaytid=\"606\">trabajo<\/span>, del <span data-scayt_word=\"esfuerzo\" data-scaytid=\"607\">esfuerzo<\/span> y la <span data-scayt_word=\"honorabilidad\" data-scaytid=\"608\">honorabilidad<\/span>\u00ab.<\/p>\n<p> \t\u00a0<\/p>\n<p> \tLa vicepresidenta primera del Parlament, Anna Sim\u00f3 (ERC), ha clausurado este viernes el pleno con unas palabras de despedida para el diputado de C&#8217;s Jordi Ca\u00f1as. Sim\u00f3, que ejerce de presidenta del Parlament en funciones por la convalecencia de N\u00faria De Gispert, ha recordado que Ca\u00f1as es diputado desde 2011, un per\u00edodo \u00abintenso\u00bb, en el que ha protagonizado algunos sonados rifirrafes con representantes de otros partidos e incluso con la propia De Gispert. \u00abSe levanta la sesi\u00f3n, pero antes dar la despedida al diputado Jordi Ca\u00f1as, que lo ha sido durante dos legislaturas, si me permiten muy intensas, y que el lunes dejar\u00e1 su esca\u00f1o\u00bb, ha dicho Sim\u00f3, un gesto que Ca\u00f1as ha agradecido con un asentimiento y una sonrisa desde su esca\u00f1o.<\/p>\n<p> \t\u00a0<\/p>\n<p> \tVarios de los parlamentarios -principalmente de las bancadas de PSC, PP y C&#8217;s- han despedido con aplausos al diputado, y muchos se han acercado a abrazarle y darle \u00e1nimos una vez finalizado el pleno, entre ellos sus compa\u00f1eros, el primer secretario del PSC, Pere Navarro, la gran mayor\u00eda de los diputados del PP y algunos parlamentarios de ERC.<\/p>\n<p> \t\u00a0<\/p>\n<p> \tLa decisi\u00f3n de Ca\u00f1as llega despu\u00e9s de que en enero surgiera a la luz el caso que le oblig\u00f3 a abandonar temporalmente su cargo de portavoz del partido en el <strong>Parlament<\/strong> de <strong>Catalunya<\/strong>. Por aquel entonces, el diputado se\u00f1al\u00f3 que renuncia a ser portavoz de su grupo sin abandonar tambi\u00e9n el esca\u00f1o, que conservar\u00eda mientras no fuese acusado formalmente o si el proceso se dilataba m\u00e1s de la cuenta, seg\u00fan dijo \u00e9l mismo.<\/p>\n<p> \t\u00a0<\/p>\n<p> \tCa\u00f1as manifest\u00f3 por su deseo de poder explicarse pronto ante el juez en el marco de la investigaci\u00f3n abierta por el TSJC. Ha reiterado que es \u00abplenamente inocente\u00bb y y ha asegurado que no har\u00e1\u00a0\u00abninguna estrategia de defensa que dilate el proceso\u00bb porque no quiere \u00abestar como representante p\u00fablico 4 o 5 a\u00f1os imputado\u00bb.<\/p>\n<p> \t\u00a0<\/p>\n<p> \tEl TSJC se declar\u00f3 competente para investigar al diputado por estar presuntamente implicado en un fraude de 429.203,45 euros en el impuesto de sociedades a trav\u00e9s de un entramado societario inmobiliario en 2005. En un auto de este lunes, el Tribunal asegur\u00f3 que \u00abexisten indicios de que el diputado Jordi Ca\u00f1as pudo haber participado en hechos susceptibles de ser un delito contra la Hacienda P\u00fablica\u00bb cuando era socio de las empresas inmobiliarias S.Y. Servei Inmobiliari S.L. y de Inversiones Manais 2002 S.L. La investigaci\u00f3n arranc\u00f3 a ra\u00edz de una querella presentada por la Fiscal\u00eda contra otras diez personas que ya han prestado declaraci\u00f3n como imputados en el Juzgado de Instrucci\u00f3n 19 de Barcelona, y la instrucci\u00f3n prosegue en el TSJC debido a la condici\u00f3n de aforado de Ca\u00f1as.<\/p>\n<p> \t\u00a0<\/p>\n<p> \tSeg\u00fan el auto, Ca\u00f1as era administrador, socio al 50% y autorizado en las cuentas bancarias de la sociedad S.Y. Servei Inmobiliari S.L. -el otro 50% era de su entonces pareja M.A.L.-, y socio del 40% de Inversiones Manais 2002 S.L. Ca\u00f1as trabajaba en un local en la calle Juan de Malta de Barcelona, desde donde se controlaban las sociedades mercantiles del Grupo Corbelia, direcci\u00f3n que a su vez era la sede social de Inma &#038; Marc Habitatges S.L.<\/p>\n<p> \t\u00a0<\/p>\n<p> \tEl TSJC asegura que esta \u00faltima empresa presuntamente defraud\u00f3 429.203,45 euros en el ejercicio 2005 por el impuesto de sociedades, utilizando las sociedades que forman parte del Grupo Corbelia, \u00aben las que participaba como socio y como administrador el aforado\u00bb. Para llevar a cabo este fraude se emitieron y recibieron facturas que no respond\u00edan \u00aba prestaciones ni servicios reales\u00bb entre las mercantiles del Grupo Corbelia, y adem\u00e1s se llev\u00f3 a cabo un aumento fraudulento del precio de adquisici\u00f3n de un bien inmueble por parte de Inma &#038; Marc Habitatges, aminorando el beneficio obtenido por la venta.<\/p>","protected":false},"excerpt":{"rendered":"<p>Jordi Ca\u00f1as, diputado en el Parlament de Catalunya y n\u00famero dos de la formaci\u00f3n Ciutadans, ha anunciado este viernes que dejar\u00e1 su esca\u00f1o en la c\u00e1mara tras su imputaci\u00f3n por presunto fraude a la Hacienda P\u00fablica. \u00a0<\/p>","protected":false},"author":1,"featured_media":0,"comment_status":"open","ping_status":"open","sticky":false,"template":"","format":"standard","meta":{"footnotes":""},"categories":[76],"tags":[],"class_list":["post-5224","post","type-post","status-publish","format-standard","hentry","category-barcelona"],"yoast_head":"<!-- This site is optimized with the Yoast SEO plugin v27.5 - https:\/\/yoast.com\/product\/yoast-seo-wordpress\/ -->\n<title>CA\u00d1AS DIMITE - Revista Rambla<\/title>\n<meta name=\"robots\" content=\"index, follow, max-snippet:-1, max-image-preview:large, max-video-preview:-1\" \/>\n<link rel=\"canonical\" href=\"https:\/\/www.revistarambla.com\/en\/canas-dimite\/\" \/>\n<meta property=\"og:locale\" content=\"en_GB\" \/>\n<meta property=\"og:type\" content=\"article\" \/>\n<meta property=\"og:title\" content=\"CA\u00d1AS DIMITE - Revista Rambla\" \/>\n<meta property=\"og:description\" content=\"Jordi Ca\u00f1as, diputado en el Parlament de Catalunya y n\u00famero dos de la formaci\u00f3n Ciutadans, ha anunciado este viernes que dejar\u00e1 su esca\u00f1o en la c\u00e1mara tras su imputaci\u00f3n por presunto fraude a la Hacienda P\u00fablica. \u00a0\" \/>\n<meta property=\"og:url\" content=\"https:\/\/www.revistarambla.com\/en\/canas-dimite\/\" \/>\n<meta property=\"og:site_name\" content=\"Revista Rambla\" \/>\n<meta property=\"article:publisher\" content=\"https:\/\/www.facebook.com\/revistarambla\/\" \/>\n<meta property=\"article:published_time\" content=\"2014-04-26T07:07:41+00:00\" \/>\n<meta property=\"og:image\" content=\"https:\/\/i2.wp.com\/www.revistarambla.com\/wp-content\/uploads\/2014\/04\/jordi_can\u0303as_rambla_01.jpg?fit=682%2C450&ssl=1\" \/>\n\t<meta property=\"og:image:width\" content=\"682\" \/>\n\t<meta property=\"og:image:height\" content=\"450\" \/>\n\t<meta property=\"og:image:type\" content=\"image\/jpeg\" \/>\n<meta name=\"author\" content=\"admin\" \/>\n<meta name=\"twitter:card\" content=\"summary_large_image\" \/>\n<meta name=\"twitter:creator\" content=\"@revistarambla\" \/>\n<meta name=\"twitter:site\" content=\"@revistarambla\" \/>\n<meta name=\"twitter:label1\" content=\"Written by\" \/>\n\t<meta name=\"twitter:data1\" content=\"admin\" \/>\n\t<meta name=\"twitter:label2\" content=\"Estimated reading time\" \/>\n\t<meta name=\"twitter:data2\" content=\"5 minutes\" \/>\n<script type=\"application\/ld+json\" class=\"yoast-schema-graph\">{\"@context\":\"https:\\\/\\\/schema.org\",\"@graph\":[{\"@type\":\"Article\",\"@id\":\"https:\\\/\\\/www.revistarambla.com\\\/canas-dimite\\\/#article\",\"isPartOf\":{\"@id\":\"https:\\\/\\\/www.revistarambla.com\\\/canas-dimite\\\/\"},\"author\":{\"name\":\"admin\",\"@id\":\"https:\\\/\\\/www.revistarambla.com\\\/#\\\/schema\\\/person\\\/4a5652fc8c82df1f8593002d038cd79e\"},\"headline\":\"CA\u00d1AS DIMITE\",\"datePublished\":\"2014-04-26T07:07:41+00:00\",\"mainEntityOfPage\":{\"@id\":\"https:\\\/\\\/www.revistarambla.com\\\/canas-dimite\\\/\"},\"wordCount\":1069,\"commentCount\":0,\"publisher\":{\"@id\":\"https:\\\/\\\/www.revistarambla.com\\\/#organization\"},\"image\":{\"@id\":\"https:\\\/\\\/www.revistarambla.com\\\/canas-dimite\\\/#primaryimage\"},\"thumbnailUrl\":\"https:\\\/\\\/www.revistarambla.com\\\/wp-content\\\/uploads\\\/2014\\\/04\\\/jordi_can%CC%83as_rambla_01.jpg\",\"articleSection\":[\"Barcelona\"],\"inLanguage\":\"en-GB\",\"potentialAction\":[{\"@type\":\"CommentAction\",\"name\":\"Comment\",\"target\":[\"https:\\\/\\\/www.revistarambla.com\\\/canas-dimite\\\/#respond\"]}]},{\"@type\":\"WebPage\",\"@id\":\"https:\\\/\\\/www.revistarambla.com\\\/canas-dimite\\\/\",\"url\":\"https:\\\/\\\/www.revistarambla.com\\\/canas-dimite\\\/\",\"name\":\"CA\u00d1AS DIMITE - Revista Rambla\",\"isPartOf\":{\"@id\":\"https:\\\/\\\/www.revistarambla.com\\\/#website\"},\"primaryImageOfPage\":{\"@id\":\"https:\\\/\\\/www.revistarambla.com\\\/canas-dimite\\\/#primaryimage\"},\"image\":{\"@id\":\"https:\\\/\\\/www.revistarambla.com\\\/canas-dimite\\\/#primaryimage\"},\"thumbnailUrl\":\"https:\\\/\\\/www.revistarambla.com\\\/wp-content\\\/uploads\\\/2014\\\/04\\\/jordi_can%CC%83as_rambla_01.jpg\",\"datePublished\":\"2014-04-26T07:07:41+00:00\",\"breadcrumb\":{\"@id\":\"https:\\\/\\\/www.revistarambla.com\\\/canas-dimite\\\/#breadcrumb\"},\"inLanguage\":\"en-GB\",\"potentialAction\":[{\"@type\":\"ReadAction\",\"target\":[\"https:\\\/\\\/www.revistarambla.com\\\/canas-dimite\\\/\"]}]},{\"@type\":\"ImageObject\",\"inLanguage\":\"en-GB\",\"@id\":\"https:\\\/\\\/www.revistarambla.com\\\/canas-dimite\\\/#primaryimage\",\"url\":\"https:\\\/\\\/www.revistarambla.com\\\/wp-content\\\/uploads\\\/2014\\\/04\\\/jordi_can%CC%83as_rambla_01.jpg\",\"contentUrl\":\"https:\\\/\\\/www.revistarambla.com\\\/wp-content\\\/uploads\\\/2014\\\/04\\\/jordi_can%CC%83as_rambla_01.jpg\"},{\"@type\":\"BreadcrumbList\",\"@id\":\"https:\\\/\\\/www.revistarambla.com\\\/canas-dimite\\\/#breadcrumb\",\"itemListElement\":[{\"@type\":\"ListItem\",\"position\":1,\"name\":\"Portada\",\"item\":\"https:\\\/\\\/www.revistarambla.com\\\/\"},{\"@type\":\"ListItem\",\"position\":2,\"name\":\"CA\u00d1AS DIMITE\"}]},{\"@type\":\"WebSite\",\"@id\":\"https:\\\/\\\/www.revistarambla.com\\\/#website\",\"url\":\"https:\\\/\\\/www.revistarambla.com\\\/\",\"name\":\"Revista Rambla Barcelona\",\"description\":\"Periodismo independiente\",\"publisher\":{\"@id\":\"https:\\\/\\\/www.revistarambla.com\\\/#organization\"},\"potentialAction\":[{\"@type\":\"SearchAction\",\"target\":{\"@type\":\"EntryPoint\",\"urlTemplate\":\"https:\\\/\\\/www.revistarambla.com\\\/?s={search_term_string}\"},\"query-input\":{\"@type\":\"PropertyValueSpecification\",\"valueRequired\":true,\"valueName\":\"search_term_string\"}}],\"inLanguage\":\"en-GB\"},{\"@type\":\"Organization\",\"@id\":\"https:\\\/\\\/www.revistarambla.com\\\/#organization\",\"name\":\"Revista Rambla\",\"url\":\"https:\\\/\\\/www.revistarambla.com\\\/\",\"logo\":{\"@type\":\"ImageObject\",\"inLanguage\":\"en-GB\",\"@id\":\"https:\\\/\\\/www.revistarambla.com\\\/#\\\/schema\\\/logo\\\/image\\\/\",\"url\":\"https:\\\/\\\/www.revistarambla.com\\\/wp-content\\\/uploads\\\/2020\\\/09\\\/banner_rambla_1900x600_BB.png\",\"contentUrl\":\"https:\\\/\\\/www.revistarambla.com\\\/wp-content\\\/uploads\\\/2020\\\/09\\\/banner_rambla_1900x600_BB.png\",\"width\":1900,\"height\":600,\"caption\":\"Revista Rambla\"},\"image\":{\"@id\":\"https:\\\/\\\/www.revistarambla.com\\\/#\\\/schema\\\/logo\\\/image\\\/\"},\"sameAs\":[\"https:\\\/\\\/www.facebook.com\\\/revistarambla\\\/\",\"https:\\\/\\\/x.com\\\/revistarambla\",\"https:\\\/\\\/www.instagram.com\\\/revista_rambla\",\"https:\\\/\\\/es.linkedin.com\\\/company\\\/revista-rambla\"]},{\"@type\":\"Person\",\"@id\":\"https:\\\/\\\/www.revistarambla.com\\\/#\\\/schema\\\/person\\\/4a5652fc8c82df1f8593002d038cd79e\",\"name\":\"admin\"}]}<\/script>\n<!-- \/ Yoast SEO plugin. -->","yoast_head_json":{"title":"CA\u00d1AS DIMITE - Revista Rambla","robots":{"index":"index","follow":"follow","max-snippet":"max-snippet:-1","max-image-preview":"max-image-preview:large","max-video-preview":"max-video-preview:-1"},"canonical":"https:\/\/www.revistarambla.com\/en\/canas-dimite\/","og_locale":"en_GB","og_type":"article","og_title":"CA\u00d1AS DIMITE - Revista Rambla","og_description":"Jordi Ca\u00f1as, diputado en el Parlament de Catalunya y n\u00famero dos de la formaci\u00f3n Ciutadans, ha anunciado este viernes que dejar\u00e1 su esca\u00f1o en la c\u00e1mara tras su imputaci\u00f3n por presunto fraude a la Hacienda P\u00fablica. \u00a0","og_url":"https:\/\/www.revistarambla.com\/en\/canas-dimite\/","og_site_name":"Revista Rambla","article_publisher":"https:\/\/www.facebook.com\/revistarambla\/","article_published_time":"2014-04-26T07:07:41+00:00","og_image":[{"width":682,"height":450,"url":"https:\/\/i2.wp.com\/www.revistarambla.com\/wp-content\/uploads\/2014\/04\/jordi_can\u0303as_rambla_01.jpg?fit=682%2C450&ssl=1","type":"image\/jpeg"}],"author":"admin","twitter_card":"summary_large_image","twitter_creator":"@revistarambla","twitter_site":"@revistarambla","twitter_misc":{"Written by":"admin","Estimated reading time":"5 minutes"},"schema":{"@context":"https:\/\/schema.org","@graph":[{"@type":"Article","@id":"https:\/\/www.revistarambla.com\/canas-dimite\/#article","isPartOf":{"@id":"https:\/\/www.revistarambla.com\/canas-dimite\/"},"author":{"name":"admin","@id":"https:\/\/www.revistarambla.com\/#\/schema\/person\/4a5652fc8c82df1f8593002d038cd79e"},"headline":"CA\u00d1AS DIMITE","datePublished":"2014-04-26T07:07:41+00:00","mainEntityOfPage":{"@id":"https:\/\/www.revistarambla.com\/canas-dimite\/"},"wordCount":1069,"commentCount":0,"publisher":{"@id":"https:\/\/www.revistarambla.com\/#organization"},"image":{"@id":"https:\/\/www.revistarambla.com\/canas-dimite\/#primaryimage"},"thumbnailUrl":"https:\/\/www.revistarambla.com\/wp-content\/uploads\/2014\/04\/jordi_can%CC%83as_rambla_01.jpg","articleSection":["Barcelona"],"inLanguage":"en-GB","potentialAction":[{"@type":"CommentAction","name":"Comment","target":["https:\/\/www.revistarambla.com\/canas-dimite\/#respond"]}]},{"@type":"WebPage","@id":"https:\/\/www.revistarambla.com\/canas-dimite\/","url":"https:\/\/www.revistarambla.com\/canas-dimite\/","name":"CA\u00d1AS DIMITE - Revista Rambla","isPartOf":{"@id":"https:\/\/www.revistarambla.com\/#website"},"primaryImageOfPage":{"@id":"https:\/\/www.revistarambla.com\/canas-dimite\/#primaryimage"},"image":{"@id":"https:\/\/www.revistarambla.com\/canas-dimite\/#primaryimage"},"thumbnailUrl":"https:\/\/www.revistarambla.com\/wp-content\/uploads\/2014\/04\/jordi_can%CC%83as_rambla_01.jpg","datePublished":"2014-04-26T07:07:41+00:00","breadcrumb":{"@id":"https:\/\/www.revistarambla.com\/canas-dimite\/#breadcrumb"},"inLanguage":"en-GB","potentialAction":[{"@type":"ReadAction","target":["https:\/\/www.revistarambla.com\/canas-dimite\/"]}]},{"@type":"ImageObject","inLanguage":"en-GB","@id":"https:\/\/www.revistarambla.com\/canas-dimite\/#primaryimage","url":"https:\/\/www.revistarambla.com\/wp-content\/uploads\/2014\/04\/jordi_can%CC%83as_rambla_01.jpg","contentUrl":"https:\/\/www.revistarambla.com\/wp-content\/uploads\/2014\/04\/jordi_can%CC%83as_rambla_01.jpg"},{"@type":"BreadcrumbList","@id":"https:\/\/www.revistarambla.com\/canas-dimite\/#breadcrumb","itemListElement":[{"@type":"ListItem","position":1,"name":"Portada","item":"https:\/\/www.revistarambla.com\/"},{"@type":"ListItem","position":2,"name":"CA\u00d1AS DIMITE"}]},{"@type":"WebSite","@id":"https:\/\/www.revistarambla.com\/#website","url":"https:\/\/www.revistarambla.com\/","name":"Revista Rambla Barcelona","description":"Periodismo independiente","publisher":{"@id":"https:\/\/www.revistarambla.com\/#organization"},"potentialAction":[{"@type":"SearchAction","target":{"@type":"EntryPoint","urlTemplate":"https:\/\/www.revistarambla.com\/?s={search_term_string}"},"query-input":{"@type":"PropertyValueSpecification","valueRequired":true,"valueName":"search_term_string"}}],"inLanguage":"en-GB"},{"@type":"Organization","@id":"https:\/\/www.revistarambla.com\/#organization","name":"Revista Rambla","url":"https:\/\/www.revistarambla.com\/","logo":{"@type":"ImageObject","inLanguage":"en-GB","@id":"https:\/\/www.revistarambla.com\/#\/schema\/logo\/image\/","url":"https:\/\/www.revistarambla.com\/wp-content\/uploads\/2020\/09\/banner_rambla_1900x600_BB.png","contentUrl":"https:\/\/www.revistarambla.com\/wp-content\/uploads\/2020\/09\/banner_rambla_1900x600_BB.png","width":1900,"height":600,"caption":"Revista Rambla"},"image":{"@id":"https:\/\/www.revistarambla.com\/#\/schema\/logo\/image\/"},"sameAs":["https:\/\/www.facebook.com\/revistarambla\/","https:\/\/x.com\/revistarambla","https:\/\/www.instagram.com\/revista_rambla","https:\/\/es.linkedin.com\/company\/revista-rambla"]},{"@type":"Person","@id":"https:\/\/www.revistarambla.com\/#\/schema\/person\/4a5652fc8c82df1f8593002d038cd79e","name":"admin"}]}},"_links":{"self":[{"href":"https:\/\/www.revistarambla.com\/en\/wp-json\/wp\/v2\/posts\/5224","targetHints":{"allow":["GET"]}}],"collection":[{"href":"https:\/\/www.revistarambla.com\/en\/wp-json\/wp\/v2\/posts"}],"about":[{"href":"https:\/\/www.revistarambla.com\/en\/wp-json\/wp\/v2\/types\/post"}],"author":[{"embeddable":true,"href":"https:\/\/www.revistarambla.com\/en\/wp-json\/wp\/v2\/users\/1"}],"replies":[{"embeddable":true,"href":"https:\/\/www.revistarambla.com\/en\/wp-json\/wp\/v2\/comments?post=5224"}],"version-history":[{"count":0,"href":"https:\/\/www.revistarambla.com\/en\/wp-json\/wp\/v2\/posts\/5224\/revisions"}],"wp:attachment":[{"href":"https:\/\/www.revistarambla.com\/en\/wp-json\/wp\/v2\/media?parent=5224"}],"wp:term":[{"taxonomy":"category","embeddable":true,"href":"https:\/\/www.revistarambla.com\/en\/wp-json\/wp\/v2\/categories?post=5224"},{"taxonomy":"post_tag","embeddable":true,"href":"https:\/\/www.revistarambla.com\/en\/wp-json\/wp\/v2\/tags?post=5224"}],"curies":[{"name":"wp","href":"https:\/\/api.w.org\/{rel}","templated":true}]}}