{"id":52236,"date":"2023-01-27T13:00:55","date_gmt":"2023-01-27T12:00:55","guid":{"rendered":"https:\/\/www.revistarambla.com\/?p=52236"},"modified":"2024-03-01T21:00:08","modified_gmt":"2024-03-01T20:00:08","slug":"tv3-liquida-de-nuevo-la-libertad-de-expresion-echa-a-un-humorista-por-vincular-al-psc-con-una-esvastica","status":"publish","type":"post","link":"https:\/\/www.revistarambla.com\/en\/tv3-liquida-de-nuevo-la-libertad-de-expresion-echa-a-un-humorista-por-vincular-al-psc-con-una-esvastica\/","title":{"rendered":"TV3 liquida de nuevo la libertad de expresi\u00f3n: echa a un humorista por vincular al PSC con una esv\u00e1stica"},"content":{"rendered":"<p>TV3 ha decidido asestar un nuevo golpe a la libertad de expresi\u00f3n. En esta ocasi\u00f3n le ha tocado al humorista Manel Vidal, colaborador del programa <em>Zona Franca<\/em><!--more--> despu\u00e9s de haber hecho una intervenci\u00f3n en su espacio en la que situaba al votante del PSC en un gr\u00e1fico donde aparec\u00eda una esv\u00e1stica.<\/p>\n<p>Seg\u00fan ha trascendido, la decisi\u00f3n ha sido un\u00e1nime en la direcci\u00f3n de la cadena y en la productora del programa porque \u00abse han traspasado los l\u00edmites\u00bb.<\/p>\n<p>En su secci\u00f3n, un falso consultorio pol\u00edtico, deb\u00eda responder sobre la <span style=\"text-decoration: underline;\"><a href=\"https:\/\/www.revistarambla.com\/en\/erc-traga-con-el-cuarto-cinturon\/\">negociaci\u00f3n de los presupuestos<\/a><\/span>. Vidal dec\u00eda: \u00abSi t\u00fa le hablas de Catalunya, de independencia, de algo de lo que ser\u00eda Catalunya como naci\u00f3n a un progre espa\u00f1olista, a un votante o representante socialista se sit\u00faa aqu\u00ed\u00bb. Y en ese momento, en el cuadro del eje izquierda-derecha y autoritario-libertario aparec\u00eda una esv\u00e1stica y el votante del PSC se situaba en el extremo superior derecho de una de las aspas de la cruz, correspondiente a los m\u00e1s extremistas. El programa de anteayer ha sido retirado de la web de TV3.<\/p>\n<h2>L\u00edo en redes<\/h2>\n<p>La destituci\u00f3n del humorista ha levantado una gran polvareda en las redes. Muchos usuarios han denunciado que la decisi\u00f3n de la cadena atenta contra la libertad de expresi\u00f3n.<\/p>\n<p>Uno de los primeros en referirse ha sido Andreu Ginola, compa\u00f1ero de Vidal en el p\u00f3dcast <em>La Sotana<\/em>. \u00abQuieren gente diferente para llegar a un p\u00fablico diferente, pero los quieren con sus normas y no dej\u00e1ndoles ser como son. As\u00ed es imposible. Qu\u00e9 puta mierda\u00bb, ha escrito en un tuit.<\/p>\n<p>El fot\u00f3grafo y fotoperiodista Jordi Borr\u00e0s ha sido escueto: \u00abPero de qu\u00e9 van?\u00bb, ha denunciado. Albano-Dante Fachin tambi\u00e9n se ha sumado a la ola de indignaci\u00f3n. \u00abEl 155 permanente. Aplicado desde Catalunya. Tener un gobierno totalmente arrodillado ante el Reino de Espa\u00f1a tiene consecuencias. La TV3 despolitizada que siempre hab\u00eda querido Ciudadanos avanza imparable\u00bb.<\/p>\n<h2>Prohibido el \u00abputa nit i bona Espanya\u00bb<\/h2>\n<p>La expresi\u00f3n \u00abputa nit i bona Espanya\u00bb con la que han comenzado los 56 programas que el <em>late night show<\/em> de TV3 <em>Zona Franca<\/em> desde su estreno, el 18 de octubre, no se repetir\u00e1 el pr\u00f3ximo lunes. Lo ha anunciado el director de TV3, Sigfrid Gras, en unas declaraciones a RAC1, esta ma\u00f1ana, en las que ha afirmado que la forma en que Joel D\u00edaz comenzaba <em>Zona Franca<\/em> cada noche \u00abya ha hecho su recorrido\u00bb.<\/p>\n<p>Gras tambi\u00e9n ha explicado que la pr\u00f3xima semana habr\u00e1 cambios en el programa, coincidiendo con el despido de uno de sus colaboradores habituales, Manel Vidal.<\/p>","protected":false},"excerpt":{"rendered":"<p>A Manel Vidal del &#8216;Zona Franca&#8217;. La cadena dice que \u00abse han traspasado los l\u00edmites\u00bb. Proh\u00edbe tambi\u00e9n el \u00abputa nit i bona Espanya\u00bb<\/p>","protected":false},"author":3,"featured_media":52254,"comment_status":"closed","ping_status":"closed","sticky":false,"template":"","format":"standard","meta":{"footnotes":""},"categories":[59],"tags":[],"class_list":["post-52236","post","type-post","status-publish","format-standard","has-post-thumbnail","hentry","category-catalunya"],"yoast_head":"<!-- This site is optimized with the Yoast SEO plugin v27.5 - https:\/\/yoast.com\/product\/yoast-seo-wordpress\/ -->\n<title>TV3 liquida de nuevo la libertad de expresi\u00f3n: echa a un humorista por vincular al PSC con una esv\u00e1stica - Revista Rambla<\/title>\n<meta name=\"robots\" content=\"index, follow, max-snippet:-1, max-image-preview:large, max-video-preview:-1\" \/>\n<link rel=\"canonical\" href=\"https:\/\/www.revistarambla.com\/en\/tv3-liquida-de-nuevo-la-libertad-de-expresion-echa-a-un-humorista-por-vincular-al-psc-con-una-esvastica\/\" \/>\n<meta property=\"og:locale\" content=\"en_GB\" \/>\n<meta property=\"og:type\" content=\"article\" \/>\n<meta property=\"og:title\" content=\"TV3 liquida de nuevo la libertad de expresi\u00f3n: echa a un humorista por vincular al PSC con una esv\u00e1stica - Revista Rambla\" \/>\n<meta property=\"og:description\" content=\"A Manel Vidal del &#039;Zona Franca&#039;. La cadena dice que &quot;se han traspasado los l\u00edmites&quot;. Proh\u00edbe tambi\u00e9n el &quot;puta nit i bona Espanya&quot;\" \/>\n<meta property=\"og:url\" content=\"https:\/\/www.revistarambla.com\/en\/tv3-liquida-de-nuevo-la-libertad-de-expresion-echa-a-un-humorista-por-vincular-al-psc-con-una-esvastica\/\" \/>\n<meta property=\"og:site_name\" content=\"Revista Rambla\" \/>\n<meta property=\"article:publisher\" content=\"https:\/\/www.facebook.com\/revistarambla\/\" \/>\n<meta property=\"article:author\" content=\"https:\/\/www.facebook.com\/revistarambla\" \/>\n<meta property=\"article:published_time\" content=\"2023-01-27T12:00:55+00:00\" \/>\n<meta property=\"article:modified_time\" content=\"2024-03-01T20:00:08+00:00\" \/>\n<meta property=\"og:image\" content=\"https:\/\/www.revistarambla.com\/wp-content\/uploads\/2023\/01\/manel-diaz-situa-el-psc-en-una-esvastica-2.jpg\" \/>\n\t<meta property=\"og:image:width\" content=\"1143\" \/>\n\t<meta property=\"og:image:height\" content=\"637\" \/>\n\t<meta property=\"og:image:type\" content=\"image\/jpeg\" \/>\n<meta name=\"author\" content=\"R@mbla\" \/>\n<meta name=\"twitter:card\" content=\"summary_large_image\" \/>\n<meta name=\"twitter:creator\" content=\"@revistarambla\" \/>\n<meta name=\"twitter:site\" content=\"@revistarambla\" \/>\n<meta name=\"twitter:label1\" content=\"Written by\" \/>\n\t<meta name=\"twitter:data1\" content=\"R@mbla\" \/>\n\t<meta name=\"twitter:label2\" content=\"Estimated reading time\" \/>\n\t<meta name=\"twitter:data2\" content=\"2 minutes\" \/>\n<script type=\"application\/ld+json\" class=\"yoast-schema-graph\">{\"@context\":\"https:\\\/\\\/schema.org\",\"@graph\":[{\"@type\":\"Article\",\"@id\":\"https:\\\/\\\/www.revistarambla.com\\\/tv3-liquida-de-nuevo-la-libertad-de-expresion-echa-a-un-humorista-por-vincular-al-psc-con-una-esvastica\\\/#article\",\"isPartOf\":{\"@id\":\"https:\\\/\\\/www.revistarambla.com\\\/tv3-liquida-de-nuevo-la-libertad-de-expresion-echa-a-un-humorista-por-vincular-al-psc-con-una-esvastica\\\/\"},\"author\":{\"name\":\"R@mbla\",\"@id\":\"https:\\\/\\\/www.revistarambla.com\\\/#\\\/schema\\\/person\\\/a146a5a2550b94981a75131180e1bd9c\"},\"headline\":\"TV3 liquida de nuevo la libertad de expresi\u00f3n: echa a un humorista por vincular al PSC con una esv\u00e1stica\",\"datePublished\":\"2023-01-27T12:00:55+00:00\",\"dateModified\":\"2024-03-01T20:00:08+00:00\",\"mainEntityOfPage\":{\"@id\":\"https:\\\/\\\/www.revistarambla.com\\\/tv3-liquida-de-nuevo-la-libertad-de-expresion-echa-a-un-humorista-por-vincular-al-psc-con-una-esvastica\\\/\"},\"wordCount\":480,\"publisher\":{\"@id\":\"https:\\\/\\\/www.revistarambla.com\\\/#organization\"},\"image\":{\"@id\":\"https:\\\/\\\/www.revistarambla.com\\\/tv3-liquida-de-nuevo-la-libertad-de-expresion-echa-a-un-humorista-por-vincular-al-psc-con-una-esvastica\\\/#primaryimage\"},\"thumbnailUrl\":\"https:\\\/\\\/www.revistarambla.com\\\/wp-content\\\/uploads\\\/2023\\\/01\\\/manel-diaz-situa-el-psc-en-una-esvastica-2.jpg\",\"articleSection\":[\"Catalunya\"],\"inLanguage\":\"en-GB\"},{\"@type\":\"WebPage\",\"@id\":\"https:\\\/\\\/www.revistarambla.com\\\/tv3-liquida-de-nuevo-la-libertad-de-expresion-echa-a-un-humorista-por-vincular-al-psc-con-una-esvastica\\\/\",\"url\":\"https:\\\/\\\/www.revistarambla.com\\\/tv3-liquida-de-nuevo-la-libertad-de-expresion-echa-a-un-humorista-por-vincular-al-psc-con-una-esvastica\\\/\",\"name\":\"TV3 liquida de nuevo la libertad de expresi\u00f3n: echa a un humorista por vincular al PSC con una esv\u00e1stica - Revista Rambla\",\"isPartOf\":{\"@id\":\"https:\\\/\\\/www.revistarambla.com\\\/#website\"},\"primaryImageOfPage\":{\"@id\":\"https:\\\/\\\/www.revistarambla.com\\\/tv3-liquida-de-nuevo-la-libertad-de-expresion-echa-a-un-humorista-por-vincular-al-psc-con-una-esvastica\\\/#primaryimage\"},\"image\":{\"@id\":\"https:\\\/\\\/www.revistarambla.com\\\/tv3-liquida-de-nuevo-la-libertad-de-expresion-echa-a-un-humorista-por-vincular-al-psc-con-una-esvastica\\\/#primaryimage\"},\"thumbnailUrl\":\"https:\\\/\\\/www.revistarambla.com\\\/wp-content\\\/uploads\\\/2023\\\/01\\\/manel-diaz-situa-el-psc-en-una-esvastica-2.jpg\",\"datePublished\":\"2023-01-27T12:00:55+00:00\",\"dateModified\":\"2024-03-01T20:00:08+00:00\",\"breadcrumb\":{\"@id\":\"https:\\\/\\\/www.revistarambla.com\\\/tv3-liquida-de-nuevo-la-libertad-de-expresion-echa-a-un-humorista-por-vincular-al-psc-con-una-esvastica\\\/#breadcrumb\"},\"inLanguage\":\"en-GB\",\"potentialAction\":[{\"@type\":\"ReadAction\",\"target\":[\"https:\\\/\\\/www.revistarambla.com\\\/tv3-liquida-de-nuevo-la-libertad-de-expresion-echa-a-un-humorista-por-vincular-al-psc-con-una-esvastica\\\/\"]}]},{\"@type\":\"ImageObject\",\"inLanguage\":\"en-GB\",\"@id\":\"https:\\\/\\\/www.revistarambla.com\\\/tv3-liquida-de-nuevo-la-libertad-de-expresion-echa-a-un-humorista-por-vincular-al-psc-con-una-esvastica\\\/#primaryimage\",\"url\":\"https:\\\/\\\/www.revistarambla.com\\\/wp-content\\\/uploads\\\/2023\\\/01\\\/manel-diaz-situa-el-psc-en-una-esvastica-2.jpg\",\"contentUrl\":\"https:\\\/\\\/www.revistarambla.com\\\/wp-content\\\/uploads\\\/2023\\\/01\\\/manel-diaz-situa-el-psc-en-una-esvastica-2.jpg\",\"width\":1143,\"height\":637},{\"@type\":\"BreadcrumbList\",\"@id\":\"https:\\\/\\\/www.revistarambla.com\\\/tv3-liquida-de-nuevo-la-libertad-de-expresion-echa-a-un-humorista-por-vincular-al-psc-con-una-esvastica\\\/#breadcrumb\",\"itemListElement\":[{\"@type\":\"ListItem\",\"position\":1,\"name\":\"Portada\",\"item\":\"https:\\\/\\\/www.revistarambla.com\\\/\"},{\"@type\":\"ListItem\",\"position\":2,\"name\":\"TV3 liquida de nuevo la libertad de expresi\u00f3n: echa a un humorista por vincular al PSC con una esv\u00e1stica\"}]},{\"@type\":\"WebSite\",\"@id\":\"https:\\\/\\\/www.revistarambla.com\\\/#website\",\"url\":\"https:\\\/\\\/www.revistarambla.com\\\/\",\"name\":\"Revista Rambla Barcelona\",\"description\":\"Periodismo independiente\",\"publisher\":{\"@id\":\"https:\\\/\\\/www.revistarambla.com\\\/#organization\"},\"potentialAction\":[{\"@type\":\"SearchAction\",\"target\":{\"@type\":\"EntryPoint\",\"urlTemplate\":\"https:\\\/\\\/www.revistarambla.com\\\/?s={search_term_string}\"},\"query-input\":{\"@type\":\"PropertyValueSpecification\",\"valueRequired\":true,\"valueName\":\"search_term_string\"}}],\"inLanguage\":\"en-GB\"},{\"@type\":\"Organization\",\"@id\":\"https:\\\/\\\/www.revistarambla.com\\\/#organization\",\"name\":\"Revista Rambla\",\"url\":\"https:\\\/\\\/www.revistarambla.com\\\/\",\"logo\":{\"@type\":\"ImageObject\",\"inLanguage\":\"en-GB\",\"@id\":\"https:\\\/\\\/www.revistarambla.com\\\/#\\\/schema\\\/logo\\\/image\\\/\",\"url\":\"https:\\\/\\\/www.revistarambla.com\\\/wp-content\\\/uploads\\\/2020\\\/09\\\/banner_rambla_1900x600_BB.png\",\"contentUrl\":\"https:\\\/\\\/www.revistarambla.com\\\/wp-content\\\/uploads\\\/2020\\\/09\\\/banner_rambla_1900x600_BB.png\",\"width\":1900,\"height\":600,\"caption\":\"Revista Rambla\"},\"image\":{\"@id\":\"https:\\\/\\\/www.revistarambla.com\\\/#\\\/schema\\\/logo\\\/image\\\/\"},\"sameAs\":[\"https:\\\/\\\/www.facebook.com\\\/revistarambla\\\/\",\"https:\\\/\\\/x.com\\\/revistarambla\",\"https:\\\/\\\/www.instagram.com\\\/revista_rambla\",\"https:\\\/\\\/es.linkedin.com\\\/company\\\/revista-rambla\"]},{\"@type\":\"Person\",\"@id\":\"https:\\\/\\\/www.revistarambla.com\\\/#\\\/schema\\\/person\\\/a146a5a2550b94981a75131180e1bd9c\",\"name\":\"R@mbla\",\"description\":\"Este art\u00edculo ha sido redactado y\\\/o validado por el equipo de redacci\u00f3n de Revista Rambla.\",\"sameAs\":[\"https:\\\/\\\/www.revistarambla.com\\\/\",\"https:\\\/\\\/www.facebook.com\\\/revistarambla\",\"https:\\\/\\\/x.com\\\/revistarambla\"]}]}<\/script>\n<!-- \/ Yoast SEO plugin. -->","yoast_head_json":{"title":"TV3 liquida de nuevo la libertad de expresi\u00f3n: echa a un humorista por vincular al PSC con una esv\u00e1stica - Revista Rambla","robots":{"index":"index","follow":"follow","max-snippet":"max-snippet:-1","max-image-preview":"max-image-preview:large","max-video-preview":"max-video-preview:-1"},"canonical":"https:\/\/www.revistarambla.com\/en\/tv3-liquida-de-nuevo-la-libertad-de-expresion-echa-a-un-humorista-por-vincular-al-psc-con-una-esvastica\/","og_locale":"en_GB","og_type":"article","og_title":"TV3 liquida de nuevo la libertad de expresi\u00f3n: echa a un humorista por vincular al PSC con una esv\u00e1stica - Revista Rambla","og_description":"A Manel Vidal del 'Zona Franca'. La cadena dice que \"se han traspasado los l\u00edmites\". Proh\u00edbe tambi\u00e9n el \"puta nit i bona Espanya\"","og_url":"https:\/\/www.revistarambla.com\/en\/tv3-liquida-de-nuevo-la-libertad-de-expresion-echa-a-un-humorista-por-vincular-al-psc-con-una-esvastica\/","og_site_name":"Revista Rambla","article_publisher":"https:\/\/www.facebook.com\/revistarambla\/","article_author":"https:\/\/www.facebook.com\/revistarambla","article_published_time":"2023-01-27T12:00:55+00:00","article_modified_time":"2024-03-01T20:00:08+00:00","og_image":[{"width":1143,"height":637,"url":"https:\/\/www.revistarambla.com\/wp-content\/uploads\/2023\/01\/manel-diaz-situa-el-psc-en-una-esvastica-2.jpg","type":"image\/jpeg"}],"author":"R@mbla","twitter_card":"summary_large_image","twitter_creator":"@revistarambla","twitter_site":"@revistarambla","twitter_misc":{"Written by":"R@mbla","Estimated reading time":"2 minutes"},"schema":{"@context":"https:\/\/schema.org","@graph":[{"@type":"Article","@id":"https:\/\/www.revistarambla.com\/tv3-liquida-de-nuevo-la-libertad-de-expresion-echa-a-un-humorista-por-vincular-al-psc-con-una-esvastica\/#article","isPartOf":{"@id":"https:\/\/www.revistarambla.com\/tv3-liquida-de-nuevo-la-libertad-de-expresion-echa-a-un-humorista-por-vincular-al-psc-con-una-esvastica\/"},"author":{"name":"R@mbla","@id":"https:\/\/www.revistarambla.com\/#\/schema\/person\/a146a5a2550b94981a75131180e1bd9c"},"headline":"TV3 liquida de nuevo la libertad de expresi\u00f3n: echa a un humorista por vincular al PSC con una esv\u00e1stica","datePublished":"2023-01-27T12:00:55+00:00","dateModified":"2024-03-01T20:00:08+00:00","mainEntityOfPage":{"@id":"https:\/\/www.revistarambla.com\/tv3-liquida-de-nuevo-la-libertad-de-expresion-echa-a-un-humorista-por-vincular-al-psc-con-una-esvastica\/"},"wordCount":480,"publisher":{"@id":"https:\/\/www.revistarambla.com\/#organization"},"image":{"@id":"https:\/\/www.revistarambla.com\/tv3-liquida-de-nuevo-la-libertad-de-expresion-echa-a-un-humorista-por-vincular-al-psc-con-una-esvastica\/#primaryimage"},"thumbnailUrl":"https:\/\/www.revistarambla.com\/wp-content\/uploads\/2023\/01\/manel-diaz-situa-el-psc-en-una-esvastica-2.jpg","articleSection":["Catalunya"],"inLanguage":"en-GB"},{"@type":"WebPage","@id":"https:\/\/www.revistarambla.com\/tv3-liquida-de-nuevo-la-libertad-de-expresion-echa-a-un-humorista-por-vincular-al-psc-con-una-esvastica\/","url":"https:\/\/www.revistarambla.com\/tv3-liquida-de-nuevo-la-libertad-de-expresion-echa-a-un-humorista-por-vincular-al-psc-con-una-esvastica\/","name":"TV3 liquida de nuevo la libertad de expresi\u00f3n: echa a un humorista por vincular al PSC con una esv\u00e1stica - Revista Rambla","isPartOf":{"@id":"https:\/\/www.revistarambla.com\/#website"},"primaryImageOfPage":{"@id":"https:\/\/www.revistarambla.com\/tv3-liquida-de-nuevo-la-libertad-de-expresion-echa-a-un-humorista-por-vincular-al-psc-con-una-esvastica\/#primaryimage"},"image":{"@id":"https:\/\/www.revistarambla.com\/tv3-liquida-de-nuevo-la-libertad-de-expresion-echa-a-un-humorista-por-vincular-al-psc-con-una-esvastica\/#primaryimage"},"thumbnailUrl":"https:\/\/www.revistarambla.com\/wp-content\/uploads\/2023\/01\/manel-diaz-situa-el-psc-en-una-esvastica-2.jpg","datePublished":"2023-01-27T12:00:55+00:00","dateModified":"2024-03-01T20:00:08+00:00","breadcrumb":{"@id":"https:\/\/www.revistarambla.com\/tv3-liquida-de-nuevo-la-libertad-de-expresion-echa-a-un-humorista-por-vincular-al-psc-con-una-esvastica\/#breadcrumb"},"inLanguage":"en-GB","potentialAction":[{"@type":"ReadAction","target":["https:\/\/www.revistarambla.com\/tv3-liquida-de-nuevo-la-libertad-de-expresion-echa-a-un-humorista-por-vincular-al-psc-con-una-esvastica\/"]}]},{"@type":"ImageObject","inLanguage":"en-GB","@id":"https:\/\/www.revistarambla.com\/tv3-liquida-de-nuevo-la-libertad-de-expresion-echa-a-un-humorista-por-vincular-al-psc-con-una-esvastica\/#primaryimage","url":"https:\/\/www.revistarambla.com\/wp-content\/uploads\/2023\/01\/manel-diaz-situa-el-psc-en-una-esvastica-2.jpg","contentUrl":"https:\/\/www.revistarambla.com\/wp-content\/uploads\/2023\/01\/manel-diaz-situa-el-psc-en-una-esvastica-2.jpg","width":1143,"height":637},{"@type":"BreadcrumbList","@id":"https:\/\/www.revistarambla.com\/tv3-liquida-de-nuevo-la-libertad-de-expresion-echa-a-un-humorista-por-vincular-al-psc-con-una-esvastica\/#breadcrumb","itemListElement":[{"@type":"ListItem","position":1,"name":"Portada","item":"https:\/\/www.revistarambla.com\/"},{"@type":"ListItem","position":2,"name":"TV3 liquida de nuevo la libertad de expresi\u00f3n: echa a un humorista por vincular al PSC con una esv\u00e1stica"}]},{"@type":"WebSite","@id":"https:\/\/www.revistarambla.com\/#website","url":"https:\/\/www.revistarambla.com\/","name":"Revista Rambla Barcelona","description":"Periodismo independiente","publisher":{"@id":"https:\/\/www.revistarambla.com\/#organization"},"potentialAction":[{"@type":"SearchAction","target":{"@type":"EntryPoint","urlTemplate":"https:\/\/www.revistarambla.com\/?s={search_term_string}"},"query-input":{"@type":"PropertyValueSpecification","valueRequired":true,"valueName":"search_term_string"}}],"inLanguage":"en-GB"},{"@type":"Organization","@id":"https:\/\/www.revistarambla.com\/#organization","name":"Revista Rambla","url":"https:\/\/www.revistarambla.com\/","logo":{"@type":"ImageObject","inLanguage":"en-GB","@id":"https:\/\/www.revistarambla.com\/#\/schema\/logo\/image\/","url":"https:\/\/www.revistarambla.com\/wp-content\/uploads\/2020\/09\/banner_rambla_1900x600_BB.png","contentUrl":"https:\/\/www.revistarambla.com\/wp-content\/uploads\/2020\/09\/banner_rambla_1900x600_BB.png","width":1900,"height":600,"caption":"Revista Rambla"},"image":{"@id":"https:\/\/www.revistarambla.com\/#\/schema\/logo\/image\/"},"sameAs":["https:\/\/www.facebook.com\/revistarambla\/","https:\/\/x.com\/revistarambla","https:\/\/www.instagram.com\/revista_rambla","https:\/\/es.linkedin.com\/company\/revista-rambla"]},{"@type":"Person","@id":"https:\/\/www.revistarambla.com\/#\/schema\/person\/a146a5a2550b94981a75131180e1bd9c","name":"R@mbla","description":"Este art\u00edculo ha sido redactado y\/o validado por el equipo de redacci\u00f3n de Revista Rambla.","sameAs":["https:\/\/www.revistarambla.com\/","https:\/\/www.facebook.com\/revistarambla","https:\/\/x.com\/revistarambla"]}]}},"_links":{"self":[{"href":"https:\/\/www.revistarambla.com\/en\/wp-json\/wp\/v2\/posts\/52236","targetHints":{"allow":["GET"]}}],"collection":[{"href":"https:\/\/www.revistarambla.com\/en\/wp-json\/wp\/v2\/posts"}],"about":[{"href":"https:\/\/www.revistarambla.com\/en\/wp-json\/wp\/v2\/types\/post"}],"author":[{"embeddable":true,"href":"https:\/\/www.revistarambla.com\/en\/wp-json\/wp\/v2\/users\/3"}],"replies":[{"embeddable":true,"href":"https:\/\/www.revistarambla.com\/en\/wp-json\/wp\/v2\/comments?post=52236"}],"version-history":[{"count":4,"href":"https:\/\/www.revistarambla.com\/en\/wp-json\/wp\/v2\/posts\/52236\/revisions"}],"predecessor-version":[{"id":52253,"href":"https:\/\/www.revistarambla.com\/en\/wp-json\/wp\/v2\/posts\/52236\/revisions\/52253"}],"wp:featuredmedia":[{"embeddable":true,"href":"https:\/\/www.revistarambla.com\/en\/wp-json\/wp\/v2\/media\/52254"}],"wp:attachment":[{"href":"https:\/\/www.revistarambla.com\/en\/wp-json\/wp\/v2\/media?parent=52236"}],"wp:term":[{"taxonomy":"category","embeddable":true,"href":"https:\/\/www.revistarambla.com\/en\/wp-json\/wp\/v2\/categories?post=52236"},{"taxonomy":"post_tag","embeddable":true,"href":"https:\/\/www.revistarambla.com\/en\/wp-json\/wp\/v2\/tags?post=52236"}],"curies":[{"name":"wp","href":"https:\/\/api.w.org\/{rel}","templated":true}]}}