{"id":5220,"date":"2014-04-25T15:30:30","date_gmt":"2014-04-25T15:30:30","guid":{"rendered":"https:\/\/www.revistarambla.com\/don-gabo-quien-fue-perseguido-por-el-poder-del-amor-apasionadamente-regalandole-miles-de-rosas-amarillas\/"},"modified":"2022-10-23T16:41:10","modified_gmt":"2022-10-23T14:41:10","slug":"don-gabo-quien-fue-perseguido-por-el-poder-del-amor-apasionadamente-regalandole-miles-de-rosas-amarillas","status":"publish","type":"post","link":"https:\/\/www.revistarambla.com\/en\/don-gabo-quien-fue-perseguido-por-el-poder-del-amor-apasionadamente-regalandole-miles-de-rosas-amarillas\/","title":{"rendered":"Don Gabo: qui\u00e9n fue perseguido por el poder del amor apasionadamente, regal\u00e1ndole miles de rosas amarillas"},"content":{"rendered":"<p><img decoding=\"async\" class=\"aligncenter\" src=\"https:\/\/www.revistarambla.com\/wp-content\/uploads\/2014\/04\/Gabo_revRambla02.jpg\" alt=\"alt\" width=\"700\" height=\"252\" \/><\/p>\n<p>A veces una escribe empujada por la curiosidad. A veces una escribe para no pagarle al psic\u00f3logo. Otras veces una escribe porque parece ser m\u00e1s digno escribir que llorar.<\/p>\n<p>Desde que le\u00ed la noticia de la muerte de <a href=\"https:\/\/www.revistarambla.com\/en\/muere-gabriel-garcia-marquez\/\">Gabriel Garc\u00eda M\u00e1rquez<\/a>, no he dejado de pensar en mi autor, un poquito llorando, perdiendo toda la dignidad que otorga la mediana edad.<\/p>\n<p>A Don Gabo me gusta imagin\u00e1rmelo vital, pele\u00f3n, humano, un poco machote \u00bfpor qu\u00e9 no? Creo que a Do\u00f1a Mercedes la ha hecho salir alguna cana. Hoy las noticias est\u00e1n cargadas de an\u00e9cdotas sobre su vida. S\u00ed, recibi\u00f3 un pu\u00f1etazo de Vargas Llosa, por metido, no m\u00e1s, ya lo dijo Do\u00f1a Mercedes: \u201cEs que Mario es un celoso est\u00fapido\u201d. S\u00ed, se neg\u00f3 a recibir un Pr\u00edncipe de Asturias. S\u00ed, era de izquierdas, pero tuteaba al Rey Juan Carlos y le ca\u00eda bien Felipe Gonz\u00e1lez. Hay una sola an\u00e9cdota que recuerdo constantemente, le dijo a Rub\u00e9n Blades que le hubiese gustado a \u00e9l escribir Pedro Navaja, con su opini\u00f3n reforz\u00f3 la calidad de los que otros desprecian, la m\u00fasica popular. Blades le regalo Ojos de perro azul a cambio del piropo \u00bfQu\u00e9 m\u00e1s? \u00bfQu\u00e9 importa? Prefiero su biograf\u00eda, escribi\u00f3 lo que \u00e9l quer\u00eda recordar y como pretend\u00eda ser recordado.<\/p>\n<p>Soy argentina y escribiente, por lo tanto, se me presupone lectora asidua de Cort\u00e1zar y Borges, a algunos se les antoja que debo devanarme los sesos con met\u00e1foras de bibliotecas infinitas o cronopios que suben escaleras describiendo cada paso. Pues no, cada vez que cojo un libro de estos padres de la literatura me vuelvo loca rebobinando una y otra vez sobre lo le\u00eddo para asegurarme que he comprendido el par\u00e1grafo. Dios me libre de juzgarlos malos escritores y no estoy, que quede claro, haciendo apolog\u00eda de la ignorancia como en los Reality Show, simplemente soy cortita de entendederas y debo leerlos dos veces. Sin embargo a Don Gabo a veces creo que no lo he le\u00eddo, me lo he comido. Me he comido Memorias de mis putas tristes de pie en un supermercado. Me he comido Cien a\u00f1os de Soledad en dos tardes, cuando las tardes eran de verano largo y adolescentes.\u00a0 Me he comido Amor en los tiempos de C\u00f3lera como si me acabase de dejar un novio, acompa\u00f1ado de un consolador pote de H\u00e4agen-Dazs. Le\u00ed su biograf\u00eda en vuelos de Ryanair de una hora cuarenta. El \u00faltimo fue El oto\u00f1o de Patriarca que no s\u00e9 por qu\u00e9 se me hab\u00eda quedado en el camino y mientras lo devoraba, imaginaba a Berlusconi, a Menem. Creo recordar cada momento de mi vida en que he le\u00eddo un libro de Don Gabo, me ha acompa\u00f1ado mientras crec\u00eda, me ha dado de comer literatura.<\/p>\n<p>Sus <a href=\"https:\/\/www.revistarambla.com\/en\/category\/cultura\/libros\/\">libros<\/a> corren, cuentan, se comprenden a la primera, lo que est\u00e1 escrito es lo que el autor ha querido decir. En mi mente se dibuja la pel\u00edcula de lo contado como si no hubiese ni una met\u00e1fora. Esa pel\u00edcula imposible del llevar a Hollywood, mi pel\u00edcula. De hecho las versiones cinematogr\u00e1ficas de sus novelas son a m\u00ed ver latosas. En 1999 \u00a1Dios m\u00edo! Es Arturo Ripstein quien me mata de hast\u00edo con El coronel no tiene quien le escriba, protagonizada por la reina Marisa Paredes y Fernando Luj\u00e1n, por cierto \u00bfQu\u00e9 hacia all\u00ed\u00a0 Salma Hayek?\u00a0 Con El amor en los tiempos del c\u00f3lera, estuve a punto de cortarme las venas con un regaliz, pero era comprensible que un sudafricano, Ronald Harwood y un brit\u00e1nico, Mike Newell, no comprendieran el c\u00f3mo desde las ant\u00edpodas de la cosmovisi\u00f3n del universo. Cr\u00f3nica de una muerte anunciada la\u00a0 protagoniz\u00f3\u00a0 Rupert Everett y Anthony Delon, es decir que las mujeres ganaban en talento: Ornella Muti, Irene Papas y Luc\u00eda Bos\u00e9,\u00a0 Gian Maria Volont\u00e9 no cuenta\u00a0 porque sale sin bigote. Si me gusto la adaptaci\u00f3n del cuento Un se\u00f1or muy viejo con alas enormes. Entonces descubr\u00ed porque no me interesaban las adaptaciones al cine de las novelas de Don Gabito, porque les ve\u00eda las caras a los actores y las novelas y cuentos de mi autor favorito los protagonizan gente desconocida, como los actores de Un se\u00f1or muy viejo. Mi gente latinoamericana, con sus acentos, sus ranchos, sus selvas y sus mares caribe\u00f1os en la piel. Don Gabo invento paisajes y pueblos para poner dentro nuestras personas comunes con sus realidades m\u00e1gicas y as\u00ed cont\u00e1ndonos hizo universal al pueblo latinoamericano. He o\u00eddo a gringos maravillados por lo m\u00e1gico de las novelas del Nobel, sin embargo\u00a0 pienso que al sur, de donde vengo, lo sorprendente es lo real y m\u00e1gico lo cotidiano, la pura normalidad.<\/p>\n<p>S\u00f3lo una cosa m\u00e1s, querido maestro, gracias.<\/p>\n<p style=\"text-align: center;\"><em>\u201c\u2026eres, epopeya de un pueblo olvidado,\u00a0<\/em><\/p>\n<p style=\"text-align: center;\"><em>forjado en cien a\u00f1os de amores a historia,\u00a0<\/em><\/p>\n<p style=\"text-align: center;\"><em>Y me imagino y vuelvo a vivir,\u00a0<\/em><\/p>\n<p style=\"text-align: center;\"><em>en mi memoria quemada al sol,\u00a0<\/em><\/p>\n<p style=\"text-align: center;\"><em>mariposas amarillas,\u00a0<\/em><\/p>\n<p style=\"text-align: center;\"><em>Mauricio Babilonia,\u00a0<\/em><\/p>\n<p style=\"text-align: center;\"><em>mariposas amarillas, que vuelan liberadas,\u2026\u201d<\/em><\/p>\n<p><strong>Cumbia MACONDO de Daniel Camino Diez Canseco.<\/strong><\/p>","protected":false},"excerpt":{"rendered":"<p>A veces una escribe empujada por la curiosidad. A veces una escribe para no pagarle al psic\u00f3logo. Otras veces una escribe porque parece ser m\u00e1s digno escribir que llorar. Desde que le\u00ed la noticia de la muerte de Gabriel Garc\u00eda M\u00e1rquez, no he dejado de pensar en mi autor, un [&hellip;]<\/p>\n","protected":false},"author":3,"featured_media":0,"comment_status":"open","ping_status":"open","sticky":false,"template":"","format":"standard","meta":{"footnotes":""},"categories":[4],"tags":[],"class_list":["post-5220","post","type-post","status-publish","format-standard","hentry","category-cultura"],"yoast_head":"<!-- This site is optimized with the Yoast SEO plugin v27.5 - https:\/\/yoast.com\/product\/yoast-seo-wordpress\/ -->\n<title>Don Gabo: qui\u00e9n fue perseguido por el poder del amor apasionadamente, regal\u00e1ndole miles de rosas amarillas - Revista Rambla<\/title>\n<meta name=\"robots\" content=\"index, follow, max-snippet:-1, max-image-preview:large, max-video-preview:-1\" \/>\n<link rel=\"canonical\" href=\"https:\/\/www.revistarambla.com\/en\/don-gabo-quien-fue-perseguido-por-el-poder-del-amor-apasionadamente-regalandole-miles-de-rosas-amarillas\/\" \/>\n<meta property=\"og:locale\" content=\"en_GB\" \/>\n<meta property=\"og:type\" content=\"article\" \/>\n<meta property=\"og:title\" content=\"Don Gabo: qui\u00e9n fue perseguido por el poder del amor apasionadamente, regal\u00e1ndole miles de rosas amarillas - Revista Rambla\" \/>\n<meta property=\"og:description\" content=\"A veces una escribe empujada por la curiosidad. A veces una escribe para no pagarle al psic\u00f3logo. Otras veces una escribe porque parece ser m\u00e1s digno escribir que llorar. Desde que le\u00ed la noticia de la muerte de Gabriel Garc\u00eda M\u00e1rquez, no he dejado de pensar en mi autor, un [&hellip;]\" \/>\n<meta property=\"og:url\" content=\"https:\/\/www.revistarambla.com\/en\/don-gabo-quien-fue-perseguido-por-el-poder-del-amor-apasionadamente-regalandole-miles-de-rosas-amarillas\/\" \/>\n<meta property=\"og:site_name\" content=\"Revista Rambla\" \/>\n<meta property=\"article:publisher\" content=\"https:\/\/www.facebook.com\/revistarambla\/\" \/>\n<meta property=\"article:author\" content=\"https:\/\/www.facebook.com\/revistarambla\" \/>\n<meta property=\"article:published_time\" content=\"2014-04-25T15:30:30+00:00\" \/>\n<meta property=\"article:modified_time\" content=\"2022-10-23T14:41:10+00:00\" \/>\n<meta property=\"og:image\" content=\"https:\/\/www.revistarambla.com\/wp-content\/uploads\/2014\/04\/Gabo_revRambla01.jpg\" \/>\n\t<meta property=\"og:image:width\" content=\"682\" \/>\n\t<meta property=\"og:image:height\" content=\"450\" \/>\n\t<meta property=\"og:image:type\" content=\"image\/jpeg\" \/>\n<meta name=\"author\" content=\"R@mbla\" \/>\n<meta name=\"twitter:card\" content=\"summary_large_image\" \/>\n<meta name=\"twitter:creator\" content=\"@revistarambla\" \/>\n<meta name=\"twitter:site\" content=\"@revistarambla\" \/>\n<meta name=\"twitter:label1\" content=\"Written by\" \/>\n\t<meta name=\"twitter:data1\" content=\"R@mbla\" \/>\n\t<meta name=\"twitter:label2\" content=\"Estimated reading time\" \/>\n\t<meta name=\"twitter:data2\" content=\"4 minutes\" \/>\n<script type=\"application\/ld+json\" class=\"yoast-schema-graph\">{\"@context\":\"https:\\\/\\\/schema.org\",\"@graph\":[{\"@type\":\"Article\",\"@id\":\"https:\\\/\\\/www.revistarambla.com\\\/don-gabo-quien-fue-perseguido-por-el-poder-del-amor-apasionadamente-regalandole-miles-de-rosas-amarillas\\\/#article\",\"isPartOf\":{\"@id\":\"https:\\\/\\\/www.revistarambla.com\\\/don-gabo-quien-fue-perseguido-por-el-poder-del-amor-apasionadamente-regalandole-miles-de-rosas-amarillas\\\/\"},\"author\":{\"name\":\"R@mbla\",\"@id\":\"https:\\\/\\\/www.revistarambla.com\\\/#\\\/schema\\\/person\\\/a146a5a2550b94981a75131180e1bd9c\"},\"headline\":\"Don Gabo: qui\u00e9n fue perseguido por el poder del amor apasionadamente, regal\u00e1ndole miles de rosas amarillas\",\"datePublished\":\"2014-04-25T15:30:30+00:00\",\"dateModified\":\"2022-10-23T14:41:10+00:00\",\"mainEntityOfPage\":{\"@id\":\"https:\\\/\\\/www.revistarambla.com\\\/don-gabo-quien-fue-perseguido-por-el-poder-del-amor-apasionadamente-regalandole-miles-de-rosas-amarillas\\\/\"},\"wordCount\":896,\"commentCount\":0,\"publisher\":{\"@id\":\"https:\\\/\\\/www.revistarambla.com\\\/#organization\"},\"image\":{\"@id\":\"https:\\\/\\\/www.revistarambla.com\\\/don-gabo-quien-fue-perseguido-por-el-poder-del-amor-apasionadamente-regalandole-miles-de-rosas-amarillas\\\/#primaryimage\"},\"thumbnailUrl\":\"https:\\\/\\\/www.revistarambla.com\\\/wp-content\\\/uploads\\\/2014\\\/04\\\/Gabo_revRambla02.jpg\",\"articleSection\":[\"Cultura\"],\"inLanguage\":\"en-GB\",\"potentialAction\":[{\"@type\":\"CommentAction\",\"name\":\"Comment\",\"target\":[\"https:\\\/\\\/www.revistarambla.com\\\/don-gabo-quien-fue-perseguido-por-el-poder-del-amor-apasionadamente-regalandole-miles-de-rosas-amarillas\\\/#respond\"]}]},{\"@type\":\"WebPage\",\"@id\":\"https:\\\/\\\/www.revistarambla.com\\\/don-gabo-quien-fue-perseguido-por-el-poder-del-amor-apasionadamente-regalandole-miles-de-rosas-amarillas\\\/\",\"url\":\"https:\\\/\\\/www.revistarambla.com\\\/don-gabo-quien-fue-perseguido-por-el-poder-del-amor-apasionadamente-regalandole-miles-de-rosas-amarillas\\\/\",\"name\":\"Don Gabo: qui\u00e9n fue perseguido por el poder del amor apasionadamente, regal\u00e1ndole miles de rosas amarillas - Revista Rambla\",\"isPartOf\":{\"@id\":\"https:\\\/\\\/www.revistarambla.com\\\/#website\"},\"primaryImageOfPage\":{\"@id\":\"https:\\\/\\\/www.revistarambla.com\\\/don-gabo-quien-fue-perseguido-por-el-poder-del-amor-apasionadamente-regalandole-miles-de-rosas-amarillas\\\/#primaryimage\"},\"image\":{\"@id\":\"https:\\\/\\\/www.revistarambla.com\\\/don-gabo-quien-fue-perseguido-por-el-poder-del-amor-apasionadamente-regalandole-miles-de-rosas-amarillas\\\/#primaryimage\"},\"thumbnailUrl\":\"https:\\\/\\\/www.revistarambla.com\\\/wp-content\\\/uploads\\\/2014\\\/04\\\/Gabo_revRambla02.jpg\",\"datePublished\":\"2014-04-25T15:30:30+00:00\",\"dateModified\":\"2022-10-23T14:41:10+00:00\",\"breadcrumb\":{\"@id\":\"https:\\\/\\\/www.revistarambla.com\\\/don-gabo-quien-fue-perseguido-por-el-poder-del-amor-apasionadamente-regalandole-miles-de-rosas-amarillas\\\/#breadcrumb\"},\"inLanguage\":\"en-GB\",\"potentialAction\":[{\"@type\":\"ReadAction\",\"target\":[\"https:\\\/\\\/www.revistarambla.com\\\/don-gabo-quien-fue-perseguido-por-el-poder-del-amor-apasionadamente-regalandole-miles-de-rosas-amarillas\\\/\"]}]},{\"@type\":\"ImageObject\",\"inLanguage\":\"en-GB\",\"@id\":\"https:\\\/\\\/www.revistarambla.com\\\/don-gabo-quien-fue-perseguido-por-el-poder-del-amor-apasionadamente-regalandole-miles-de-rosas-amarillas\\\/#primaryimage\",\"url\":\"https:\\\/\\\/www.revistarambla.com\\\/wp-content\\\/uploads\\\/2014\\\/04\\\/Gabo_revRambla02.jpg\",\"contentUrl\":\"https:\\\/\\\/www.revistarambla.com\\\/wp-content\\\/uploads\\\/2014\\\/04\\\/Gabo_revRambla02.jpg\"},{\"@type\":\"BreadcrumbList\",\"@id\":\"https:\\\/\\\/www.revistarambla.com\\\/don-gabo-quien-fue-perseguido-por-el-poder-del-amor-apasionadamente-regalandole-miles-de-rosas-amarillas\\\/#breadcrumb\",\"itemListElement\":[{\"@type\":\"ListItem\",\"position\":1,\"name\":\"Portada\",\"item\":\"https:\\\/\\\/www.revistarambla.com\\\/\"},{\"@type\":\"ListItem\",\"position\":2,\"name\":\"Don Gabo: qui\u00e9n fue perseguido por el poder del amor apasionadamente, regal\u00e1ndole miles de rosas amarillas\"}]},{\"@type\":\"WebSite\",\"@id\":\"https:\\\/\\\/www.revistarambla.com\\\/#website\",\"url\":\"https:\\\/\\\/www.revistarambla.com\\\/\",\"name\":\"Revista Rambla Barcelona\",\"description\":\"Periodismo independiente\",\"publisher\":{\"@id\":\"https:\\\/\\\/www.revistarambla.com\\\/#organization\"},\"potentialAction\":[{\"@type\":\"SearchAction\",\"target\":{\"@type\":\"EntryPoint\",\"urlTemplate\":\"https:\\\/\\\/www.revistarambla.com\\\/?s={search_term_string}\"},\"query-input\":{\"@type\":\"PropertyValueSpecification\",\"valueRequired\":true,\"valueName\":\"search_term_string\"}}],\"inLanguage\":\"en-GB\"},{\"@type\":\"Organization\",\"@id\":\"https:\\\/\\\/www.revistarambla.com\\\/#organization\",\"name\":\"Revista Rambla\",\"url\":\"https:\\\/\\\/www.revistarambla.com\\\/\",\"logo\":{\"@type\":\"ImageObject\",\"inLanguage\":\"en-GB\",\"@id\":\"https:\\\/\\\/www.revistarambla.com\\\/#\\\/schema\\\/logo\\\/image\\\/\",\"url\":\"https:\\\/\\\/www.revistarambla.com\\\/wp-content\\\/uploads\\\/2020\\\/09\\\/banner_rambla_1900x600_BB.png\",\"contentUrl\":\"https:\\\/\\\/www.revistarambla.com\\\/wp-content\\\/uploads\\\/2020\\\/09\\\/banner_rambla_1900x600_BB.png\",\"width\":1900,\"height\":600,\"caption\":\"Revista Rambla\"},\"image\":{\"@id\":\"https:\\\/\\\/www.revistarambla.com\\\/#\\\/schema\\\/logo\\\/image\\\/\"},\"sameAs\":[\"https:\\\/\\\/www.facebook.com\\\/revistarambla\\\/\",\"https:\\\/\\\/x.com\\\/revistarambla\",\"https:\\\/\\\/www.instagram.com\\\/revista_rambla\",\"https:\\\/\\\/es.linkedin.com\\\/company\\\/revista-rambla\"]},{\"@type\":\"Person\",\"@id\":\"https:\\\/\\\/www.revistarambla.com\\\/#\\\/schema\\\/person\\\/a146a5a2550b94981a75131180e1bd9c\",\"name\":\"R@mbla\",\"description\":\"Este art\u00edculo ha sido redactado y\\\/o validado por el equipo de redacci\u00f3n de Revista Rambla.\",\"sameAs\":[\"https:\\\/\\\/www.revistarambla.com\\\/\",\"https:\\\/\\\/www.facebook.com\\\/revistarambla\",\"https:\\\/\\\/x.com\\\/revistarambla\"]}]}<\/script>\n<!-- \/ Yoast SEO plugin. -->","yoast_head_json":{"title":"Don Gabo: qui\u00e9n fue perseguido por el poder del amor apasionadamente, regal\u00e1ndole miles de rosas amarillas - Revista Rambla","robots":{"index":"index","follow":"follow","max-snippet":"max-snippet:-1","max-image-preview":"max-image-preview:large","max-video-preview":"max-video-preview:-1"},"canonical":"https:\/\/www.revistarambla.com\/en\/don-gabo-quien-fue-perseguido-por-el-poder-del-amor-apasionadamente-regalandole-miles-de-rosas-amarillas\/","og_locale":"en_GB","og_type":"article","og_title":"Don Gabo: qui\u00e9n fue perseguido por el poder del amor apasionadamente, regal\u00e1ndole miles de rosas amarillas - Revista Rambla","og_description":"A veces una escribe empujada por la curiosidad. A veces una escribe para no pagarle al psic\u00f3logo. Otras veces una escribe porque parece ser m\u00e1s digno escribir que llorar. Desde que le\u00ed la noticia de la muerte de Gabriel Garc\u00eda M\u00e1rquez, no he dejado de pensar en mi autor, un [&hellip;]","og_url":"https:\/\/www.revistarambla.com\/en\/don-gabo-quien-fue-perseguido-por-el-poder-del-amor-apasionadamente-regalandole-miles-de-rosas-amarillas\/","og_site_name":"Revista Rambla","article_publisher":"https:\/\/www.facebook.com\/revistarambla\/","article_author":"https:\/\/www.facebook.com\/revistarambla","article_published_time":"2014-04-25T15:30:30+00:00","article_modified_time":"2022-10-23T14:41:10+00:00","og_image":[{"width":682,"height":450,"url":"https:\/\/www.revistarambla.com\/wp-content\/uploads\/2014\/04\/Gabo_revRambla01.jpg","type":"image\/jpeg"}],"author":"R@mbla","twitter_card":"summary_large_image","twitter_creator":"@revistarambla","twitter_site":"@revistarambla","twitter_misc":{"Written by":"R@mbla","Estimated reading time":"4 minutes"},"schema":{"@context":"https:\/\/schema.org","@graph":[{"@type":"Article","@id":"https:\/\/www.revistarambla.com\/don-gabo-quien-fue-perseguido-por-el-poder-del-amor-apasionadamente-regalandole-miles-de-rosas-amarillas\/#article","isPartOf":{"@id":"https:\/\/www.revistarambla.com\/don-gabo-quien-fue-perseguido-por-el-poder-del-amor-apasionadamente-regalandole-miles-de-rosas-amarillas\/"},"author":{"name":"R@mbla","@id":"https:\/\/www.revistarambla.com\/#\/schema\/person\/a146a5a2550b94981a75131180e1bd9c"},"headline":"Don Gabo: qui\u00e9n fue perseguido por el poder del amor apasionadamente, regal\u00e1ndole miles de rosas amarillas","datePublished":"2014-04-25T15:30:30+00:00","dateModified":"2022-10-23T14:41:10+00:00","mainEntityOfPage":{"@id":"https:\/\/www.revistarambla.com\/don-gabo-quien-fue-perseguido-por-el-poder-del-amor-apasionadamente-regalandole-miles-de-rosas-amarillas\/"},"wordCount":896,"commentCount":0,"publisher":{"@id":"https:\/\/www.revistarambla.com\/#organization"},"image":{"@id":"https:\/\/www.revistarambla.com\/don-gabo-quien-fue-perseguido-por-el-poder-del-amor-apasionadamente-regalandole-miles-de-rosas-amarillas\/#primaryimage"},"thumbnailUrl":"https:\/\/www.revistarambla.com\/wp-content\/uploads\/2014\/04\/Gabo_revRambla02.jpg","articleSection":["Cultura"],"inLanguage":"en-GB","potentialAction":[{"@type":"CommentAction","name":"Comment","target":["https:\/\/www.revistarambla.com\/don-gabo-quien-fue-perseguido-por-el-poder-del-amor-apasionadamente-regalandole-miles-de-rosas-amarillas\/#respond"]}]},{"@type":"WebPage","@id":"https:\/\/www.revistarambla.com\/don-gabo-quien-fue-perseguido-por-el-poder-del-amor-apasionadamente-regalandole-miles-de-rosas-amarillas\/","url":"https:\/\/www.revistarambla.com\/don-gabo-quien-fue-perseguido-por-el-poder-del-amor-apasionadamente-regalandole-miles-de-rosas-amarillas\/","name":"Don Gabo: qui\u00e9n fue perseguido por el poder del amor apasionadamente, regal\u00e1ndole miles de rosas amarillas - Revista Rambla","isPartOf":{"@id":"https:\/\/www.revistarambla.com\/#website"},"primaryImageOfPage":{"@id":"https:\/\/www.revistarambla.com\/don-gabo-quien-fue-perseguido-por-el-poder-del-amor-apasionadamente-regalandole-miles-de-rosas-amarillas\/#primaryimage"},"image":{"@id":"https:\/\/www.revistarambla.com\/don-gabo-quien-fue-perseguido-por-el-poder-del-amor-apasionadamente-regalandole-miles-de-rosas-amarillas\/#primaryimage"},"thumbnailUrl":"https:\/\/www.revistarambla.com\/wp-content\/uploads\/2014\/04\/Gabo_revRambla02.jpg","datePublished":"2014-04-25T15:30:30+00:00","dateModified":"2022-10-23T14:41:10+00:00","breadcrumb":{"@id":"https:\/\/www.revistarambla.com\/don-gabo-quien-fue-perseguido-por-el-poder-del-amor-apasionadamente-regalandole-miles-de-rosas-amarillas\/#breadcrumb"},"inLanguage":"en-GB","potentialAction":[{"@type":"ReadAction","target":["https:\/\/www.revistarambla.com\/don-gabo-quien-fue-perseguido-por-el-poder-del-amor-apasionadamente-regalandole-miles-de-rosas-amarillas\/"]}]},{"@type":"ImageObject","inLanguage":"en-GB","@id":"https:\/\/www.revistarambla.com\/don-gabo-quien-fue-perseguido-por-el-poder-del-amor-apasionadamente-regalandole-miles-de-rosas-amarillas\/#primaryimage","url":"https:\/\/www.revistarambla.com\/wp-content\/uploads\/2014\/04\/Gabo_revRambla02.jpg","contentUrl":"https:\/\/www.revistarambla.com\/wp-content\/uploads\/2014\/04\/Gabo_revRambla02.jpg"},{"@type":"BreadcrumbList","@id":"https:\/\/www.revistarambla.com\/don-gabo-quien-fue-perseguido-por-el-poder-del-amor-apasionadamente-regalandole-miles-de-rosas-amarillas\/#breadcrumb","itemListElement":[{"@type":"ListItem","position":1,"name":"Portada","item":"https:\/\/www.revistarambla.com\/"},{"@type":"ListItem","position":2,"name":"Don Gabo: qui\u00e9n fue perseguido por el poder del amor apasionadamente, regal\u00e1ndole miles de rosas amarillas"}]},{"@type":"WebSite","@id":"https:\/\/www.revistarambla.com\/#website","url":"https:\/\/www.revistarambla.com\/","name":"Revista Rambla Barcelona","description":"Periodismo independiente","publisher":{"@id":"https:\/\/www.revistarambla.com\/#organization"},"potentialAction":[{"@type":"SearchAction","target":{"@type":"EntryPoint","urlTemplate":"https:\/\/www.revistarambla.com\/?s={search_term_string}"},"query-input":{"@type":"PropertyValueSpecification","valueRequired":true,"valueName":"search_term_string"}}],"inLanguage":"en-GB"},{"@type":"Organization","@id":"https:\/\/www.revistarambla.com\/#organization","name":"Revista Rambla","url":"https:\/\/www.revistarambla.com\/","logo":{"@type":"ImageObject","inLanguage":"en-GB","@id":"https:\/\/www.revistarambla.com\/#\/schema\/logo\/image\/","url":"https:\/\/www.revistarambla.com\/wp-content\/uploads\/2020\/09\/banner_rambla_1900x600_BB.png","contentUrl":"https:\/\/www.revistarambla.com\/wp-content\/uploads\/2020\/09\/banner_rambla_1900x600_BB.png","width":1900,"height":600,"caption":"Revista Rambla"},"image":{"@id":"https:\/\/www.revistarambla.com\/#\/schema\/logo\/image\/"},"sameAs":["https:\/\/www.facebook.com\/revistarambla\/","https:\/\/x.com\/revistarambla","https:\/\/www.instagram.com\/revista_rambla","https:\/\/es.linkedin.com\/company\/revista-rambla"]},{"@type":"Person","@id":"https:\/\/www.revistarambla.com\/#\/schema\/person\/a146a5a2550b94981a75131180e1bd9c","name":"R@mbla","description":"Este art\u00edculo ha sido redactado y\/o validado por el equipo de redacci\u00f3n de Revista Rambla.","sameAs":["https:\/\/www.revistarambla.com\/","https:\/\/www.facebook.com\/revistarambla","https:\/\/x.com\/revistarambla"]}]}},"_links":{"self":[{"href":"https:\/\/www.revistarambla.com\/en\/wp-json\/wp\/v2\/posts\/5220","targetHints":{"allow":["GET"]}}],"collection":[{"href":"https:\/\/www.revistarambla.com\/en\/wp-json\/wp\/v2\/posts"}],"about":[{"href":"https:\/\/www.revistarambla.com\/en\/wp-json\/wp\/v2\/types\/post"}],"author":[{"embeddable":true,"href":"https:\/\/www.revistarambla.com\/en\/wp-json\/wp\/v2\/users\/3"}],"replies":[{"embeddable":true,"href":"https:\/\/www.revistarambla.com\/en\/wp-json\/wp\/v2\/comments?post=5220"}],"version-history":[{"count":2,"href":"https:\/\/www.revistarambla.com\/en\/wp-json\/wp\/v2\/posts\/5220\/revisions"}],"predecessor-version":[{"id":48449,"href":"https:\/\/www.revistarambla.com\/en\/wp-json\/wp\/v2\/posts\/5220\/revisions\/48449"}],"wp:attachment":[{"href":"https:\/\/www.revistarambla.com\/en\/wp-json\/wp\/v2\/media?parent=5220"}],"wp:term":[{"taxonomy":"category","embeddable":true,"href":"https:\/\/www.revistarambla.com\/en\/wp-json\/wp\/v2\/categories?post=5220"},{"taxonomy":"post_tag","embeddable":true,"href":"https:\/\/www.revistarambla.com\/en\/wp-json\/wp\/v2\/tags?post=5220"}],"curies":[{"name":"wp","href":"https:\/\/api.w.org\/{rel}","templated":true}]}}