{"id":52180,"date":"2023-01-25T13:31:34","date_gmt":"2023-01-25T12:31:34","guid":{"rendered":"https:\/\/www.revistarambla.com\/?p=52180"},"modified":"2023-01-25T13:32:46","modified_gmt":"2023-01-25T12:32:46","slug":"jugada-ajedrez-carlos-v-a-felipe-ii-y-juan-de-austria-de-alfil","status":"publish","type":"post","link":"https:\/\/www.revistarambla.com\/en\/jugada-ajedrez-carlos-v-a-felipe-ii-y-juan-de-austria-de-alfil\/","title":{"rendered":"\u00bfJugada de ajedrez de Carlos V a Felipe II, y Juan de Austria de alfil?"},"content":{"rendered":"<p>Ha sido D. Juan de Austria, un personaje enaltecido por la reciente Historia, descrito como el h\u00e9roe de Lepanto, en la famosa Batalla con la cobertura de marinos de prestigio como el Marqu\u00e9s de Santa Cruz; \u00c1lvaro de Baz\u00e1n y otros.<\/p>\n<p>Pero no nos detendremos en este punto, donde se ha escrito suficiente, respecto a un pasado aterciopelado de un autor de gestas, protegido por su hermanastro FELIPE II y El Papado, y hasta podr\u00eda decirse, no estuvo muy lejos de convertirse en Pr\u00f3cer del XVI, a pesar de haber fallecido a la edad de 31 a\u00f1os. (1547-1578).<\/p>\n<p>Intentaremos aproximarnos al personaje diplom\u00e1tico y pol\u00edtico, probable detentador de una herencia biol\u00f3gica digna de sus progenitores, y, deseoso, posiblemente, de haber podido reinar en el marco de la \u201cfactor\u00eda hist\u00f3rica imperial\u201d que supuso la Espa\u00f1a de la \u00e9poca.<\/p>\n<p>Con estas premisas y nuestro Cuaderno de Notas, emprendimos mi hija Patricia y un servidor, viaje a REIGESBURG (Ratisbona), lugar de nacimiento de nuestro insigne protagonista, con visitas de trabajo, de campo tambi\u00e9n, a N\u00dcREMBERG Y M\u00dcNICH, interesados en las actividades llevadas a cabo por nuestro personaje sobre la Iglesia Luterana.<\/p>\n<p>En lo que s\u00ed parece existir concordancia entre todos es la relativa a los sue\u00f1os de D. Juan en convertirse en Rey, lo que supusieron, no al principio, controversias entre el Monarca y \u00e9l.<\/p>\n<p>La primera visita obligada fue a una peque\u00f1a calle de su ciudad, cercana al Puente de Piedra, donde se encuentra erigida una estatua en su memoria.<\/p>\n<p>Debo confesar que obtuvimos un sabor agridulce, dada la modestia de la misma y lugar, ambos, hasta cierto punto comprensible, seg\u00fan nos explicaron los eruditos alemanes, al resultar que para el pueblo teut\u00f3n era un perfecto desconocido.<\/p>\n<p>Separado de su madre a los escasos d\u00edas, fruto de un supuesto romance entre el Emperador Carlos V, y una probable veintea\u00f1era, llamada B\u00e1rbara Bloomberg, de discutida procedencia, se una de sus \u00faltimas amantes durante su viudez, hechos habituales y frecuentes, tanto en Monarcas como en la Nobleza, con prodigalidad de v\u00e1stagos naturales.<\/p>\n<p>Su preceptor D. Luis M\u00e9ndez de Quijada \u2013 Mayordomo del Rey, y esposo de D\u00aa Magdalena de Ulloa, contrat\u00f3 a una \u201cama de cr\u00eda\u201d en un pueblo cercano a Madrid, recuper\u00e1ndolo sobre los ocho a\u00f1os para instruirlo en Estudios y m\u00e1s adelante, como Caballero de Armas en su se\u00f1or\u00edo de Villagarc\u00eda de Campos (Valladolid), y posterior ingreso en la Universidad de Alcal\u00e1 de Henares.<\/p>\n<p>Al existir numerosos bi\u00f3grafos surgen ciertas discrepancias entre ellos, por lo que hemos optado por elegir, en el tramo final, la versi\u00f3n de la Real Academia de la Historia.<\/p>\n<p>Realiz\u00f3 D. Juan visitas al Emperador a Yuste, entre 1557 y 1558, (tampoco en esto se ponen de acuerdo los bi\u00f3grafos), sin conocerse ambos, y tampoco con su hermanastro Felipe II. En dichos encuentros no pasaron desapercibidos para el Emperador, el esp\u00edritu de l\u00edder militar y su car\u00e1cter fuerte del entonces Jer\u00f3nimo, comenzando posiblemente a urdir para este hijo no reconocido como tal, una educaci\u00f3n principesca, dot\u00e1ndolo para mayores empresas.<\/p>\n<p>Fue en un Codicilo (documento en el que uno declara su voluntad de quitar o a\u00f1adir algo al Testamento) redactado cuatro a\u00f1os antes de su muerte y recogido en la lectura del mismo, datado el 6 junio de 1554, donde el Emperador admit\u00eda: \u201cpor quando estando yo en Alemania, despu\u00e9s que embiud\u00e9, tuve un hijo natural de una mujer soltera, el que llama Ger\u00f3nimo, ordenando igualmente que se le den de renta cada a\u00f1o, de veynte a treinta mil ducados y que mi hijo lo honre y mande honrar\u2026.\u201d<\/p>\n<p>Y por qu\u00e9, no considerar dentro de su reconocida perspicacia antes de sus 58 a\u00f1os, invadido de dolores, pero aparentemente l\u00facido, se atreviera a urdir en previsi\u00f3n de supuestos acontecimientos no deseados, alternativa para su hijo Felipe II, y el Imperio, por si llegara en alg\u00fan momento alg\u00fan tipo de dificultad sobre los problemas de inestabilidades que afectaban al Infante Carlos, los cuales eran de su conocimiento.<\/p>\n<p>Pero centr\u00e9monos en sus aspiraciones pol\u00edticas a caballo con su carrera de armas<\/p>\n<p>Existe verosimilitud sobre el sigilo y secreto con el que fue llevada la existencia del citado Codicilo, adem\u00e1s de los posibles riesgos que pudieran recaer sobre nuestro personaje en unas \u00e9pocas revueltas y convulsas de la Historia Europea, lo cual podr\u00eda justificar para el Emperador y su estrecho c\u00edrculo, guardar cautela y secreto, sin no revelar el caso ni a su propio hijo Felipe II, hasta la lectura de su Testamento, redactado cuatro a\u00f1os antes de su muerte.<\/p>\n<p>Presumo que fue una jugada de ajedrez dirigida a su propio hijo.<\/p>\n<p>Desde la lectura de \u00e9ste, no observ\u00f3 el Monarca en D. Juan, ning\u00fan atisbo de peligro para su reinado, es m\u00e1s, podr\u00eda decirse que hasta un cierto punto un sosiego podr\u00eda invadirle, dadas las muestras de lealtad y afecto manifestados mutuamente.<\/p>\n<p>Reconocido por Felipe II como hermanastro, fue nombrado Capit\u00e1n General del Mar, con solo veinte a\u00f1os, encomend\u00e1ndole adem\u00e1s otras actividades b\u00e9licas.<\/p>\n<p>Seg\u00fan Luis Reyes, (<em>Voz P\u00f3puli<\/em>), en el ya adulto D. Juan de Austria, comenzaron a surgir otras ambiciones, como la posibilidad de aspirar al trono de Grecia y Albania, cuando su fama comenz\u00f3 a extenderse, disuadi\u00e9ndolo su hermanastro sosteniendo que deb\u00eda conquistarlos militarmente y no a trav\u00e9s de embajadas secretas.<\/p>\n<p>La conquista de T\u00fanez, empresa de menor inversi\u00f3n para la Corona, en 1573, supuso calmar algo sus ansias de convertirse en Rey, conquistada la plaza por poco tiempo, ya que los turcos decididos a su reconquista pusieron fin a sus aspiraciones un a\u00f1o m\u00e1s tarde.<\/p>\n<p>En lo que s\u00ed parece existir concordancia es en las controversias entre los dos personajes en lo relativo a los sue\u00f1os de D. Juan en convertirse en Rey, junto a otros actos temerarios y de desobediencia al Monarca, fruto de inducciones, intrigas y ambiciones palaciegas sobre un D. Juan que a\u00fan no hab\u00eda alcanzado su madurez. Entre ello, una excesiva concordia con el Pr\u00edncipe de Asturias. D. Carlos, y el desacierto en los nombramientos del Consejo encargado de asesorar a D. Juan.<\/p>\n<p>Rehus\u00f3 la opci\u00f3n de gobierno de los Pa\u00edses Bajos encomendada por el Monarca, cometiendo el error de caer en manos de las insidias de un personaje avieso e insaciable en la Historia de Espa\u00f1a: Antonio P\u00e9rez, secretario de Felipe II, que urd\u00eda falsedades para desprestigiarle ante su Rey e influyendo sobre el mismo respecto a que D. Juan preparaba una traici\u00f3n, inducida por su propia ambici\u00f3n.<\/p>\n<p>Falleci\u00f3 D. Juan en Namur el 1 de octubre de 1578, aquejado de fiebres y disenter\u00eda, pero habilitado y reconocido haber sido v\u00edctima de la felon\u00eda y malignidad de Antonio P\u00e9rez, gracias a la consulta de los Archivos de D. Juan trasladados a El Escorial.<\/p>\n<p>M\u00e1s de quinientos a\u00f1os despu\u00e9s, bajo actos m\u00e1s refinados, han seguido persistiendo otras actuaciones pol\u00edticas. \u00a1Debe tratarse de herencia gen\u00e9tica, al igual que la corrupci\u00f3n en la construcci\u00f3n del Acueducto de Segovia!<\/p>\n<p>JORGE MANRIQUE, SIGLOS M\u00c1S TARDE: \u00a1Como se pasa la vida, como se viene la muerte tan callando!<\/p>\n<p><em>A mis amigos Juan y Concepci\u00f3n Mayoral<\/em><\/p>","protected":false},"excerpt":{"rendered":"<p>Presentaci\u00f3n de don Juan de Austria al emperador Carlos V, en Yuste, es un \u00f3leo sobre lienzo realizado en 1869 por el pintor espa\u00f1ol Eduardo Rosales. Wikimedia Commons<\/p>","protected":false},"author":305,"featured_media":52181,"comment_status":"closed","ping_status":"closed","sticky":false,"template":"","format":"standard","meta":{"footnotes":""},"categories":[72],"tags":[],"class_list":["post-52180","post","type-post","status-publish","format-standard","has-post-thumbnail","hentry","category-opinion"],"yoast_head":"<!-- This site is optimized with the Yoast SEO plugin v27.5 - https:\/\/yoast.com\/product\/yoast-seo-wordpress\/ -->\n<title>\u00bfJugada de ajedrez de Carlos V a Felipe II, y Juan de Austria de alfil? - Revista Rambla<\/title>\n<meta name=\"robots\" content=\"index, follow, max-snippet:-1, max-image-preview:large, max-video-preview:-1\" \/>\n<link rel=\"canonical\" href=\"https:\/\/www.revistarambla.com\/en\/jugada-ajedrez-carlos-v-a-felipe-ii-y-juan-de-austria-de-alfil\/\" \/>\n<meta property=\"og:locale\" content=\"en_GB\" \/>\n<meta property=\"og:type\" content=\"article\" \/>\n<meta property=\"og:title\" content=\"\u00bfJugada de ajedrez de Carlos V a Felipe II, y Juan de Austria de alfil? - Revista Rambla\" \/>\n<meta property=\"og:description\" content=\"Presentaci\u00f3n de don Juan de Austria al emperador Carlos V, en Yuste, es un \u00f3leo sobre lienzo realizado en 1869 por el pintor espa\u00f1ol Eduardo Rosales. Wikimedia Commons\" \/>\n<meta property=\"og:url\" content=\"https:\/\/www.revistarambla.com\/en\/jugada-ajedrez-carlos-v-a-felipe-ii-y-juan-de-austria-de-alfil\/\" \/>\n<meta property=\"og:site_name\" content=\"Revista Rambla\" \/>\n<meta property=\"article:publisher\" content=\"https:\/\/www.facebook.com\/revistarambla\/\" \/>\n<meta property=\"article:published_time\" content=\"2023-01-25T12:31:34+00:00\" \/>\n<meta property=\"article:modified_time\" content=\"2023-01-25T12:32:46+00:00\" \/>\n<meta property=\"og:image\" content=\"https:\/\/www.revistarambla.com\/wp-content\/uploads\/2023\/01\/Eduardo_Rosales_-_Juan_de_Austrias_presentation_to_Emperor_Carlos_V_in_Yuste.jpg\" \/>\n\t<meta property=\"og:image:width\" content=\"1024\" \/>\n\t<meta property=\"og:image:height\" content=\"627\" \/>\n\t<meta property=\"og:image:type\" content=\"image\/jpeg\" \/>\n<meta name=\"author\" content=\"Jes\u00fas Antonio Rodr\u00edguez Morilla\" \/>\n<meta name=\"twitter:card\" content=\"summary_large_image\" \/>\n<meta name=\"twitter:creator\" content=\"@revistarambla\" \/>\n<meta name=\"twitter:site\" content=\"@revistarambla\" \/>\n<meta name=\"twitter:label1\" content=\"Written by\" \/>\n\t<meta name=\"twitter:data1\" content=\"Jes\u00fas Antonio Rodr\u00edguez Morilla\" \/>\n\t<meta name=\"twitter:label2\" content=\"Estimated reading time\" \/>\n\t<meta name=\"twitter:data2\" content=\"6 minutes\" \/>\n<script type=\"application\/ld+json\" class=\"yoast-schema-graph\">{\"@context\":\"https:\\\/\\\/schema.org\",\"@graph\":[{\"@type\":\"Article\",\"@id\":\"https:\\\/\\\/www.revistarambla.com\\\/jugada-ajedrez-carlos-v-a-felipe-ii-y-juan-de-austria-de-alfil\\\/#article\",\"isPartOf\":{\"@id\":\"https:\\\/\\\/www.revistarambla.com\\\/jugada-ajedrez-carlos-v-a-felipe-ii-y-juan-de-austria-de-alfil\\\/\"},\"author\":{\"name\":\"Jes\u00fas Antonio Rodr\u00edguez Morilla\",\"@id\":\"https:\\\/\\\/www.revistarambla.com\\\/#\\\/schema\\\/person\\\/eace802346abd966cd3ecb763f255a0a\"},\"headline\":\"\u00bfJugada de ajedrez de Carlos V a Felipe II, y Juan de Austria de alfil?\",\"datePublished\":\"2023-01-25T12:31:34+00:00\",\"dateModified\":\"2023-01-25T12:32:46+00:00\",\"mainEntityOfPage\":{\"@id\":\"https:\\\/\\\/www.revistarambla.com\\\/jugada-ajedrez-carlos-v-a-felipe-ii-y-juan-de-austria-de-alfil\\\/\"},\"wordCount\":1271,\"publisher\":{\"@id\":\"https:\\\/\\\/www.revistarambla.com\\\/#organization\"},\"image\":{\"@id\":\"https:\\\/\\\/www.revistarambla.com\\\/jugada-ajedrez-carlos-v-a-felipe-ii-y-juan-de-austria-de-alfil\\\/#primaryimage\"},\"thumbnailUrl\":\"https:\\\/\\\/www.revistarambla.com\\\/wp-content\\\/uploads\\\/2023\\\/01\\\/Eduardo_Rosales_-_Juan_de_Austrias_presentation_to_Emperor_Carlos_V_in_Yuste.jpg\",\"articleSection\":[\"Opiniones\"],\"inLanguage\":\"en-GB\"},{\"@type\":\"WebPage\",\"@id\":\"https:\\\/\\\/www.revistarambla.com\\\/jugada-ajedrez-carlos-v-a-felipe-ii-y-juan-de-austria-de-alfil\\\/\",\"url\":\"https:\\\/\\\/www.revistarambla.com\\\/jugada-ajedrez-carlos-v-a-felipe-ii-y-juan-de-austria-de-alfil\\\/\",\"name\":\"\u00bfJugada de ajedrez de Carlos V a Felipe II, y Juan de Austria de alfil? - Revista Rambla\",\"isPartOf\":{\"@id\":\"https:\\\/\\\/www.revistarambla.com\\\/#website\"},\"primaryImageOfPage\":{\"@id\":\"https:\\\/\\\/www.revistarambla.com\\\/jugada-ajedrez-carlos-v-a-felipe-ii-y-juan-de-austria-de-alfil\\\/#primaryimage\"},\"image\":{\"@id\":\"https:\\\/\\\/www.revistarambla.com\\\/jugada-ajedrez-carlos-v-a-felipe-ii-y-juan-de-austria-de-alfil\\\/#primaryimage\"},\"thumbnailUrl\":\"https:\\\/\\\/www.revistarambla.com\\\/wp-content\\\/uploads\\\/2023\\\/01\\\/Eduardo_Rosales_-_Juan_de_Austrias_presentation_to_Emperor_Carlos_V_in_Yuste.jpg\",\"datePublished\":\"2023-01-25T12:31:34+00:00\",\"dateModified\":\"2023-01-25T12:32:46+00:00\",\"breadcrumb\":{\"@id\":\"https:\\\/\\\/www.revistarambla.com\\\/jugada-ajedrez-carlos-v-a-felipe-ii-y-juan-de-austria-de-alfil\\\/#breadcrumb\"},\"inLanguage\":\"en-GB\",\"potentialAction\":[{\"@type\":\"ReadAction\",\"target\":[\"https:\\\/\\\/www.revistarambla.com\\\/jugada-ajedrez-carlos-v-a-felipe-ii-y-juan-de-austria-de-alfil\\\/\"]}]},{\"@type\":\"ImageObject\",\"inLanguage\":\"en-GB\",\"@id\":\"https:\\\/\\\/www.revistarambla.com\\\/jugada-ajedrez-carlos-v-a-felipe-ii-y-juan-de-austria-de-alfil\\\/#primaryimage\",\"url\":\"https:\\\/\\\/www.revistarambla.com\\\/wp-content\\\/uploads\\\/2023\\\/01\\\/Eduardo_Rosales_-_Juan_de_Austrias_presentation_to_Emperor_Carlos_V_in_Yuste.jpg\",\"contentUrl\":\"https:\\\/\\\/www.revistarambla.com\\\/wp-content\\\/uploads\\\/2023\\\/01\\\/Eduardo_Rosales_-_Juan_de_Austrias_presentation_to_Emperor_Carlos_V_in_Yuste.jpg\",\"width\":1024,\"height\":627},{\"@type\":\"BreadcrumbList\",\"@id\":\"https:\\\/\\\/www.revistarambla.com\\\/jugada-ajedrez-carlos-v-a-felipe-ii-y-juan-de-austria-de-alfil\\\/#breadcrumb\",\"itemListElement\":[{\"@type\":\"ListItem\",\"position\":1,\"name\":\"Portada\",\"item\":\"https:\\\/\\\/www.revistarambla.com\\\/\"},{\"@type\":\"ListItem\",\"position\":2,\"name\":\"\u00bfJugada de ajedrez de Carlos V a Felipe II, y Juan de Austria de alfil?\"}]},{\"@type\":\"WebSite\",\"@id\":\"https:\\\/\\\/www.revistarambla.com\\\/#website\",\"url\":\"https:\\\/\\\/www.revistarambla.com\\\/\",\"name\":\"Revista Rambla Barcelona\",\"description\":\"Periodismo independiente\",\"publisher\":{\"@id\":\"https:\\\/\\\/www.revistarambla.com\\\/#organization\"},\"potentialAction\":[{\"@type\":\"SearchAction\",\"target\":{\"@type\":\"EntryPoint\",\"urlTemplate\":\"https:\\\/\\\/www.revistarambla.com\\\/?s={search_term_string}\"},\"query-input\":{\"@type\":\"PropertyValueSpecification\",\"valueRequired\":true,\"valueName\":\"search_term_string\"}}],\"inLanguage\":\"en-GB\"},{\"@type\":\"Organization\",\"@id\":\"https:\\\/\\\/www.revistarambla.com\\\/#organization\",\"name\":\"Revista Rambla\",\"url\":\"https:\\\/\\\/www.revistarambla.com\\\/\",\"logo\":{\"@type\":\"ImageObject\",\"inLanguage\":\"en-GB\",\"@id\":\"https:\\\/\\\/www.revistarambla.com\\\/#\\\/schema\\\/logo\\\/image\\\/\",\"url\":\"https:\\\/\\\/www.revistarambla.com\\\/wp-content\\\/uploads\\\/2020\\\/09\\\/banner_rambla_1900x600_BB.png\",\"contentUrl\":\"https:\\\/\\\/www.revistarambla.com\\\/wp-content\\\/uploads\\\/2020\\\/09\\\/banner_rambla_1900x600_BB.png\",\"width\":1900,\"height\":600,\"caption\":\"Revista Rambla\"},\"image\":{\"@id\":\"https:\\\/\\\/www.revistarambla.com\\\/#\\\/schema\\\/logo\\\/image\\\/\"},\"sameAs\":[\"https:\\\/\\\/www.facebook.com\\\/revistarambla\\\/\",\"https:\\\/\\\/x.com\\\/revistarambla\",\"https:\\\/\\\/www.instagram.com\\\/revista_rambla\",\"https:\\\/\\\/es.linkedin.com\\\/company\\\/revista-rambla\"]},{\"@type\":\"Person\",\"@id\":\"https:\\\/\\\/www.revistarambla.com\\\/#\\\/schema\\\/person\\\/eace802346abd966cd3ecb763f255a0a\",\"name\":\"Jes\u00fas Antonio Rodr\u00edguez Morilla\",\"description\":\"Doctor en Derecho por la U.C.M. (Cum Laude). Licenciado en Derecho. Licenciado en Ciencias Pol\u00edticas. Caballero de M\u00e9rito de la Real Orden (Noruega).\",\"sameAs\":[\"https:\\\/\\\/www.modificadosobraspublicas.com\"]}]}<\/script>\n<!-- \/ Yoast SEO plugin. -->","yoast_head_json":{"title":"\u00bfJugada de ajedrez de Carlos V a Felipe II, y Juan de Austria de alfil? - Revista Rambla","robots":{"index":"index","follow":"follow","max-snippet":"max-snippet:-1","max-image-preview":"max-image-preview:large","max-video-preview":"max-video-preview:-1"},"canonical":"https:\/\/www.revistarambla.com\/en\/jugada-ajedrez-carlos-v-a-felipe-ii-y-juan-de-austria-de-alfil\/","og_locale":"en_GB","og_type":"article","og_title":"\u00bfJugada de ajedrez de Carlos V a Felipe II, y Juan de Austria de alfil? - Revista Rambla","og_description":"Presentaci\u00f3n de don Juan de Austria al emperador Carlos V, en Yuste, es un \u00f3leo sobre lienzo realizado en 1869 por el pintor espa\u00f1ol Eduardo Rosales. Wikimedia Commons","og_url":"https:\/\/www.revistarambla.com\/en\/jugada-ajedrez-carlos-v-a-felipe-ii-y-juan-de-austria-de-alfil\/","og_site_name":"Revista Rambla","article_publisher":"https:\/\/www.facebook.com\/revistarambla\/","article_published_time":"2023-01-25T12:31:34+00:00","article_modified_time":"2023-01-25T12:32:46+00:00","og_image":[{"width":1024,"height":627,"url":"https:\/\/www.revistarambla.com\/wp-content\/uploads\/2023\/01\/Eduardo_Rosales_-_Juan_de_Austrias_presentation_to_Emperor_Carlos_V_in_Yuste.jpg","type":"image\/jpeg"}],"author":"Jes\u00fas Antonio Rodr\u00edguez Morilla","twitter_card":"summary_large_image","twitter_creator":"@revistarambla","twitter_site":"@revistarambla","twitter_misc":{"Written by":"Jes\u00fas Antonio Rodr\u00edguez Morilla","Estimated reading time":"6 minutes"},"schema":{"@context":"https:\/\/schema.org","@graph":[{"@type":"Article","@id":"https:\/\/www.revistarambla.com\/jugada-ajedrez-carlos-v-a-felipe-ii-y-juan-de-austria-de-alfil\/#article","isPartOf":{"@id":"https:\/\/www.revistarambla.com\/jugada-ajedrez-carlos-v-a-felipe-ii-y-juan-de-austria-de-alfil\/"},"author":{"name":"Jes\u00fas Antonio Rodr\u00edguez Morilla","@id":"https:\/\/www.revistarambla.com\/#\/schema\/person\/eace802346abd966cd3ecb763f255a0a"},"headline":"\u00bfJugada de ajedrez de Carlos V a Felipe II, y Juan de Austria de alfil?","datePublished":"2023-01-25T12:31:34+00:00","dateModified":"2023-01-25T12:32:46+00:00","mainEntityOfPage":{"@id":"https:\/\/www.revistarambla.com\/jugada-ajedrez-carlos-v-a-felipe-ii-y-juan-de-austria-de-alfil\/"},"wordCount":1271,"publisher":{"@id":"https:\/\/www.revistarambla.com\/#organization"},"image":{"@id":"https:\/\/www.revistarambla.com\/jugada-ajedrez-carlos-v-a-felipe-ii-y-juan-de-austria-de-alfil\/#primaryimage"},"thumbnailUrl":"https:\/\/www.revistarambla.com\/wp-content\/uploads\/2023\/01\/Eduardo_Rosales_-_Juan_de_Austrias_presentation_to_Emperor_Carlos_V_in_Yuste.jpg","articleSection":["Opiniones"],"inLanguage":"en-GB"},{"@type":"WebPage","@id":"https:\/\/www.revistarambla.com\/jugada-ajedrez-carlos-v-a-felipe-ii-y-juan-de-austria-de-alfil\/","url":"https:\/\/www.revistarambla.com\/jugada-ajedrez-carlos-v-a-felipe-ii-y-juan-de-austria-de-alfil\/","name":"\u00bfJugada de ajedrez de Carlos V a Felipe II, y Juan de Austria de alfil? - Revista Rambla","isPartOf":{"@id":"https:\/\/www.revistarambla.com\/#website"},"primaryImageOfPage":{"@id":"https:\/\/www.revistarambla.com\/jugada-ajedrez-carlos-v-a-felipe-ii-y-juan-de-austria-de-alfil\/#primaryimage"},"image":{"@id":"https:\/\/www.revistarambla.com\/jugada-ajedrez-carlos-v-a-felipe-ii-y-juan-de-austria-de-alfil\/#primaryimage"},"thumbnailUrl":"https:\/\/www.revistarambla.com\/wp-content\/uploads\/2023\/01\/Eduardo_Rosales_-_Juan_de_Austrias_presentation_to_Emperor_Carlos_V_in_Yuste.jpg","datePublished":"2023-01-25T12:31:34+00:00","dateModified":"2023-01-25T12:32:46+00:00","breadcrumb":{"@id":"https:\/\/www.revistarambla.com\/jugada-ajedrez-carlos-v-a-felipe-ii-y-juan-de-austria-de-alfil\/#breadcrumb"},"inLanguage":"en-GB","potentialAction":[{"@type":"ReadAction","target":["https:\/\/www.revistarambla.com\/jugada-ajedrez-carlos-v-a-felipe-ii-y-juan-de-austria-de-alfil\/"]}]},{"@type":"ImageObject","inLanguage":"en-GB","@id":"https:\/\/www.revistarambla.com\/jugada-ajedrez-carlos-v-a-felipe-ii-y-juan-de-austria-de-alfil\/#primaryimage","url":"https:\/\/www.revistarambla.com\/wp-content\/uploads\/2023\/01\/Eduardo_Rosales_-_Juan_de_Austrias_presentation_to_Emperor_Carlos_V_in_Yuste.jpg","contentUrl":"https:\/\/www.revistarambla.com\/wp-content\/uploads\/2023\/01\/Eduardo_Rosales_-_Juan_de_Austrias_presentation_to_Emperor_Carlos_V_in_Yuste.jpg","width":1024,"height":627},{"@type":"BreadcrumbList","@id":"https:\/\/www.revistarambla.com\/jugada-ajedrez-carlos-v-a-felipe-ii-y-juan-de-austria-de-alfil\/#breadcrumb","itemListElement":[{"@type":"ListItem","position":1,"name":"Portada","item":"https:\/\/www.revistarambla.com\/"},{"@type":"ListItem","position":2,"name":"\u00bfJugada de ajedrez de Carlos V a Felipe II, y Juan de Austria de alfil?"}]},{"@type":"WebSite","@id":"https:\/\/www.revistarambla.com\/#website","url":"https:\/\/www.revistarambla.com\/","name":"Revista Rambla Barcelona","description":"Periodismo independiente","publisher":{"@id":"https:\/\/www.revistarambla.com\/#organization"},"potentialAction":[{"@type":"SearchAction","target":{"@type":"EntryPoint","urlTemplate":"https:\/\/www.revistarambla.com\/?s={search_term_string}"},"query-input":{"@type":"PropertyValueSpecification","valueRequired":true,"valueName":"search_term_string"}}],"inLanguage":"en-GB"},{"@type":"Organization","@id":"https:\/\/www.revistarambla.com\/#organization","name":"Revista Rambla","url":"https:\/\/www.revistarambla.com\/","logo":{"@type":"ImageObject","inLanguage":"en-GB","@id":"https:\/\/www.revistarambla.com\/#\/schema\/logo\/image\/","url":"https:\/\/www.revistarambla.com\/wp-content\/uploads\/2020\/09\/banner_rambla_1900x600_BB.png","contentUrl":"https:\/\/www.revistarambla.com\/wp-content\/uploads\/2020\/09\/banner_rambla_1900x600_BB.png","width":1900,"height":600,"caption":"Revista Rambla"},"image":{"@id":"https:\/\/www.revistarambla.com\/#\/schema\/logo\/image\/"},"sameAs":["https:\/\/www.facebook.com\/revistarambla\/","https:\/\/x.com\/revistarambla","https:\/\/www.instagram.com\/revista_rambla","https:\/\/es.linkedin.com\/company\/revista-rambla"]},{"@type":"Person","@id":"https:\/\/www.revistarambla.com\/#\/schema\/person\/eace802346abd966cd3ecb763f255a0a","name":"Jes\u00fas Antonio Rodr\u00edguez Morilla","description":"Doctor en Derecho por la U.C.M. (Cum Laude). Licenciado en Derecho. Licenciado en Ciencias Pol\u00edticas. Caballero de M\u00e9rito de la Real Orden (Noruega).","sameAs":["https:\/\/www.modificadosobraspublicas.com"]}]}},"_links":{"self":[{"href":"https:\/\/www.revistarambla.com\/en\/wp-json\/wp\/v2\/posts\/52180","targetHints":{"allow":["GET"]}}],"collection":[{"href":"https:\/\/www.revistarambla.com\/en\/wp-json\/wp\/v2\/posts"}],"about":[{"href":"https:\/\/www.revistarambla.com\/en\/wp-json\/wp\/v2\/types\/post"}],"author":[{"embeddable":true,"href":"https:\/\/www.revistarambla.com\/en\/wp-json\/wp\/v2\/users\/305"}],"replies":[{"embeddable":true,"href":"https:\/\/www.revistarambla.com\/en\/wp-json\/wp\/v2\/comments?post=52180"}],"version-history":[{"count":2,"href":"https:\/\/www.revistarambla.com\/en\/wp-json\/wp\/v2\/posts\/52180\/revisions"}],"predecessor-version":[{"id":52183,"href":"https:\/\/www.revistarambla.com\/en\/wp-json\/wp\/v2\/posts\/52180\/revisions\/52183"}],"wp:featuredmedia":[{"embeddable":true,"href":"https:\/\/www.revistarambla.com\/en\/wp-json\/wp\/v2\/media\/52181"}],"wp:attachment":[{"href":"https:\/\/www.revistarambla.com\/en\/wp-json\/wp\/v2\/media?parent=52180"}],"wp:term":[{"taxonomy":"category","embeddable":true,"href":"https:\/\/www.revistarambla.com\/en\/wp-json\/wp\/v2\/categories?post=52180"},{"taxonomy":"post_tag","embeddable":true,"href":"https:\/\/www.revistarambla.com\/en\/wp-json\/wp\/v2\/tags?post=52180"}],"curies":[{"name":"wp","href":"https:\/\/api.w.org\/{rel}","templated":true}]}}