{"id":52085,"date":"2023-01-22T16:55:45","date_gmt":"2023-01-22T15:55:45","guid":{"rendered":"https:\/\/www.revistarambla.com\/?p=52085"},"modified":"2023-01-22T16:55:45","modified_gmt":"2023-01-22T15:55:45","slug":"presupuestos-o-elecciones","status":"publish","type":"post","link":"https:\/\/www.revistarambla.com\/en\/presupuestos-o-elecciones\/","title":{"rendered":"Presupuestos o elecciones"},"content":{"rendered":"<p>Quiz\u00e1 no haya sido el hecho m\u00e1s comentado, pero es sin duda uno de los m\u00e1s significativos de cuantos se produjeron este 19 de enero, en Barcelona, con ocasi\u00f3n del encuentro entre<strong> Pedro S\u00e1nchez<\/strong> y <strong>Emmanuel Macron<\/strong> que sell\u00f3 el nuevo Tratado de cooperaci\u00f3n hispano-francesa. Antes de hacer mutis por el foro para no escuchar los himnos nacionales, <strong>Pere Aragon\u00e9s<\/strong> le pidi\u00f3 a <strong>Pedro S\u00e1nchez<\/strong> que el PSC aprobara los presupuestos de la <em>Generalitat<\/em>. Esa petici\u00f3n ayuda a entender muchas de las cosas que est\u00e1n ocurriendo. En Catalunya y en el resto de Espa\u00f1a.<\/p>\n<p>La negociaci\u00f3n presupuestaria entre ERC y el PSC no pod\u00eda decantarse en un sentido u otro antes de la cumbre de Barcelona. Toda negociaci\u00f3n presupuestaria, m\u00e1s all\u00e1 incluso de las prioridades y orientaciones que condensen los n\u00fameros, es altamente pol\u00edtica. M\u00e1s que nunca lo son las actuales conversaciones, en las que un ejecutivo cuyo apoyo parlamentario se reduce a 33 diputados necesita imperativamente el respaldo del primer partido de la oposici\u00f3n\u2026 o de los socios nacionalistas con quienes acaba de romper y que lo han denostado en la calle. En ese sentido, la imagen que el independentismo ha grabado en la retina de la opini\u00f3n p\u00fablica no pod\u00eda ser m\u00e1s desoladora. Escasa movilizaci\u00f3n en una convocatoria querida por <strong>Puigdemont,<\/strong> manifiestamente alejado del p\u00e1lpito de la sociedad catalana. Divisi\u00f3n en el mundo soberanista, con <strong>Oriol Junqueras<\/strong> abucheado y conminado a volver a la c\u00e1rcel por los m\u00e1s exaltados. Reveladora sociolog\u00eda de los manifestantes, en su mayor\u00eda de clase media y edad respetable.\u00a0<em>\u201cNi<\/em>\u00a0<em>Francia, ni Espa\u00f1a. Pa\u00efsos Catalans\u201d:<\/em>\u00a0dir\u00edase la liturgia nost\u00e1lgica de unos\u00a0<em>maulets<\/em>\u00a0que se han hecho mayores. Y, sobre todo, acci\u00f3n a contrapi\u00e9 del momento que vive Europa. Con el Tratado, se abre la puerta a resolver no pocos contenciosos referidos a la conectividad de la pen\u00ednsula ib\u00e9rica con el conjunto de la UE, a trav\u00e9s de la vecina Francia. El enlace gas\u00edstico entre Barcelona y Marsella es emblem\u00e1tico. Pero hay mucho m\u00e1s en juego. Espa\u00f1a puede convertirse en una plataforma energ\u00e9tica de valor estrat\u00e9gico para Europa. Y, en ese marco, Catalunya constituye una pieza fundamental del dispositivo, tanto por su ubicaci\u00f3n geogr\u00e1fica como por sus propias potencialidades econ\u00f3micas. Si la independencia se antojaba ya a muchos una enso\u00f1aci\u00f3n rom\u00e1ntica, la senda de la construcci\u00f3n europea \u2013 sin la cual no hay esperanza de progreso para ninguna naci\u00f3n \u2013 la torna simplemente quim\u00e9rica. No es de extra\u00f1ar que el alcaldable\u00a0<strong>Xavier Trias<\/strong>, deseoso de proyectar una imagen de sensatez, tuviese este jueves el inexcusable compromiso de visitar a unos amigos en Murcia. No era cuesti\u00f3n de que el aspirante a la vara de mando de la ciudad condal, en un descuido, acabase envuelto en un rifirrafe callejero con la Brigada M\u00f3vil.<\/p>\n<p>M\u00e1s dif\u00edcil lo tuvo ERC, que no quer\u00eda perder comba con la protesta independentista, pero pretend\u00eda mantener al mismo tiempo un atisbo de institucionalidad. Aunque, a estas alturas, cabe preguntarse si se trataba, m\u00e1s que cualquier otra cosa, de conservar la posibilidad de pedirle a<strong> Pedro S\u00e1nchez<\/strong> el apoyo de los socialistas catalanes a los presupuestos. Una demanda que denota cierta puerilidad. La lealtad hacia el PSOE por parte del PSC se confunde con su necesidad de autonom\u00eda como partido catal\u00e1n. Para llegar en condiciones a las generales, muchos analistas coinciden en ello, el PSOE necesita ganar las alcald\u00edas de Barcelona y de Sevilla. Y no puede hacerlo bail\u00e1ndole el agua a ERC. Es decir, presionando al PSC para que se sacrifique en pro de las necesidades de\u00a0<strong>Aragon\u00e9s<\/strong>\u00a0y\u00a0<strong>Junqueras<\/strong>, ni cediendo a ojos de la opini\u00f3n p\u00fablica ante las exigencias de una formaci\u00f3n independentista. ERC se est\u00e1 equivocando muy mucho en sus c\u00e1lculos. El PSOE tiene aprobados los presupuestos. Puede\u00a0<em>\u201ctirar<\/em>\u00a0<em>millas\u201d<\/em>\u00a0hasta las generales, limitando, si hace falta, la agenda legislativa de la coalici\u00f3n. El Ayuntamiento de Barcelona tiene tambi\u00e9n sus cuentas al d\u00eda. \u00bfQu\u00e9 le queda a ERC para proponer como contrapartida? En la negociaci\u00f3n de los PGE ya ech\u00f3 toda la carne en el asador. Y el gobierno de izquierdas, en parte por la importancia de aprobarlos, pero tambi\u00e9n por la necesidad de seguir con la desinflamaci\u00f3n del conflicto catal\u00e1n, asumi\u00f3 un riesgo alt\u00edsimo con la eliminaci\u00f3n del delito de sedici\u00f3n y la reforma del delito de malversaci\u00f3n. Esa apuesta puede torcerse ante la animadversi\u00f3n de los sectores m\u00e1s conservadores de la magistratura, la incomprensi\u00f3n ciudadana o la propia tosquedad de las modificaciones introducidas en el C\u00f3digo Penal.<\/p>\n<p>Si algo necesitan en este momento PSOE y PSC es marcar distancias y demostrar firmeza con ERC.\u00a0<em>\u201cHasta aqu\u00ed hemos llegado\u201d.<\/em>\u00a0Pero ERC cree poder seguir tensando indefinidamente la cuerda. Apenas votados en el Congreso unos precipitados cambios que eran percibidos como un\u00a0<em>\u201ctraje a<\/em>\u00a0<em>medida\u201d<\/em>\u00a0\u2013 cuando no como una suerte de amnist\u00eda -, <strong>Junqueras<\/strong> volv\u00eda a la carga con la convocatoria de un refer\u00e9ndum de autodeterminaci\u00f3n. Como si la izquierda, desde los indultos hasta esas \u00faltimas reformas, no se la estuviese jugando ante una derecha, radicalizada y espoleada por\u00a0<em>Vox,\u00a0<\/em>que no ha salido de la Plaza de Col\u00f3n. Y que podr\u00eda llegar a conformar una nueva mayor\u00eda tras los pr\u00f3ximos comicios, con todo lo que ello supondr\u00eda en cuanto a regresi\u00f3n social y posible reactivaci\u00f3n de la conflictividad en Catalunya. Si algunos sectores apuestan por\u00a0<em>\u201ccuanto<\/em>\u00a0<em>peor, mejor\u201d<\/em>, esperando que la agresividad del nacionalismo espa\u00f1ol reavive la llama del\u00a0<em>\u201cproc\u00e9s\u201d<\/em>, en el caso de ERC es pura irresponsabilidad. O, mejor dicho, la inconsistencia provinciana de una formaci\u00f3n que, a\u00fan sabedora de que el pacto con las fuerzas progresistas espa\u00f1olas es la \u00fanica v\u00eda practicable, vive atemorizada por su propia audacia y pendiente del dedo acusador de la derecha nacionalista. Con ella comparti\u00f3 la aventura de 2017. Y con ella pugna sin descanso por el control de la administraci\u00f3n auton\u00f3mica y el poder que conlleva.<\/p>\n<p>ERC aspira a ser la CiU del siglo XXI. Quisiera exhibir los r\u00e9ditos de su apoyo al gobierno de <strong>Pedro<\/strong> <strong>S\u00e1nchez<\/strong>, conservando sin embargo un perfil de radicalidad soberanista. Pero los tiempos han cambiado desde la \u00e9poca de<strong> Jordi Pujol<\/strong>. El <em>\u201cproc\u00e9s\u201d<\/em>, echando a la calle a unas clases medias azoradas, fue en s\u00ed mismo una manifestaci\u00f3n de la crisis de la globalizaci\u00f3n neoliberal. Y lleg\u00f3 demasiado lejos. ERC sue\u00f1a con puentear al PSC y entenderse directamente con Madrid como otrora lo hiciera la vieja Convergencia. Pero eso ya no es posible. El PSC puede ofrecer a ERC un campo de juego, amplio y realista, para la mejora del autogobierno y la federalizaci\u00f3n del Estado. Pero no puede transigir con nuevas bravuconadas \u2013 que en Espa\u00f1a ser\u00edan munici\u00f3n para las derechas -, ni tampoco renunciar a la ambici\u00f3n de que la izquierda socialdem\u00f3crata lidere un d\u00eda Catalunya. De eso va, en \u00faltima instancia, el tira y afloja en torno a los presupuestos de la <em>Generalitat<\/em>. Si ERC no acepta de manera inequ\u00edvoca moverse en esos par\u00e1metros, el PSC no puede dar aire al impotente gobierno de\u00a0<strong>Aragon\u00e9s<\/strong>. Por eso los t\u00e9rminos en que se desenvuelve la negociaci\u00f3n son muy exigentes: se trata de incorporar un pack completo de enmiendas y compromisos, como condici\u00f3n sine qua non para dar luz verde a los presupuestos.<\/p>\n<p>Se equivocan quienes quieren ver en ese trasiego un choque entre distintos\u00a0<em>\u201cmodelos econ\u00f3micos\u201d<\/em>, m\u00e1s o menos\u00a0<em>\u201cdesarrollistas\u201d<\/em>\u00a0o respetuosos con la emergencia clim\u00e1tica. Basta con considerar el escandaloso retraso en el fomento de las energ\u00edas renovables en Catalunya para sonre\u00edr ante las profesiones de fe ecologistas de ERC. Hay otra lectura en la insistencia del PSC para que el gobierno adquiera toda una serie de compromisos de car\u00e1cter netamente extrapresupuestario. Un proyecto como el del complejo l\u00fadico <em>Hard Rock<\/em> es ciertamente muy discutible, tanto por su impacto medioambiental como por la naturaleza socioecon\u00f3mica de la propuesta \u2013 aunque lo soliciten sindicatos y municipios de un territorio sediento de inversiones. Pero no es la pieza m\u00e1s significativa. Mayor entidad tienen otros proyectos, como la ampliaci\u00f3n del aeropuerto del Prat \u2013 que tiene que ver con la conectividad intercontinental de la regi\u00f3n metropolitana, no con el incremento de los flujos tur\u00edsticos, y que las directivas europeas obligan a dise\u00f1ar compensando sus impactos sobre el entorno natural \u2013 o la conclusi\u00f3n del cintur\u00f3n del Vall\u00e9s, enlazando Terrassa y Sabadell \u2013 obra que tampoco deber\u00eda ser contradictoria, sino antes bien complementaria, con una apuesta por el desarrollo del ferrocarril en una comarca industrial que necesita conjugar distintas formas de movilidad. Esos proyectos, como el contrato programa para los trenes de cercan\u00edas, no suponen ning\u00fan esfuerzo inversor de la comunidad aut\u00f3noma, pues todos est\u00e1n sustentados por el Estado o sus empresas p\u00fablicas. De ah\u00ed la importancia, no s\u00f3lo econ\u00f3mica sino tambi\u00e9n pol\u00edtica, de facilitar su realizaci\u00f3n. Porque certifican un compromiso de Espa\u00f1a con el progreso de Catalunya y rompen con una din\u00e1mica de d\u00e9ficits y retrasos de la que se han nutrido los discursos victimistas. El subtexto de la discusi\u00f3n presupuestaria es ese cambio de paradigma.<\/p>\n<p>Finalmente, hay que decir que ERC se ha equivocado en su estrategia negociadora, tratando de hacer una maniobra envolvente sobre el PSC. Primero, apresur\u00e1ndose a un acuerdo con los\u00a0<em>comunes<\/em>, comprensiblemente ansiosos por hacer valer sus esca\u00f1os. Luego, tratando de visibilizar una entente con sindicatos y entidades del tercer sector, prometi\u00e9ndoles cosas que el <em>govern<\/em> se resist\u00eda a conceder a los negociadores socialistas. No parece la mejor manera de generar confianza entre las partes que deben llegar a un acuerdo. Pero se acerca la hora de la verdad. Unos presupuestos que facilitasen la implementaci\u00f3n de los fondos europeos ser\u00edan sin duda muy bienvenidos. Pero tambi\u00e9n es decisivo que haya un gobierno solvente al frente del pa\u00eds \u2013 el de <strong>Pere Aragon\u00e9s<\/strong> es ante todo un artefacto circunstancial y propagand\u00edstico de cara a las elecciones municipales. Y no es menos crucial evitar que determinados comportamientos extiendan una alfombra roja a los pies de PP y\u00a0<em>Vox<\/em> para hacerse con el gobierno de Espa\u00f1a. En resumen: una enorme responsabilidad recae sobre las espaldas de ERC y del PSC. Las consecuencias de lo que decidan rebasar\u00e1n con creces el \u00e1mbito de la pol\u00edtica catalana. \u00a1Ojal\u00e1 ERC entienda la trascendencia del momento y re\u00fana suficiente coraje para apostar por el pacto! De lo contrario, probablemente no quede m\u00e1s remedio que evidenciar la soledad de un gobierno incapaz de concitar apoyos\u2026 y exigir la convocatoria anticipada de elecciones auton\u00f3micas.<\/p>","protected":false},"excerpt":{"rendered":"<p>Una enorme responsabilidad recae sobre las espaldas de ERC y del PSC. Las consecuencias de lo que decidan rebasar\u00e1n con creces el \u00e1mbito de la pol\u00edtica catalana.<\/p>","protected":false},"author":207,"featured_media":44378,"comment_status":"closed","ping_status":"closed","sticky":false,"template":"","format":"standard","meta":{"footnotes":""},"categories":[72],"tags":[],"class_list":["post-52085","post","type-post","status-publish","format-standard","has-post-thumbnail","hentry","category-opinion"],"yoast_head":"<!-- This site is optimized with the Yoast SEO plugin v27.5 - https:\/\/yoast.com\/product\/yoast-seo-wordpress\/ -->\n<title>Presupuestos o elecciones - Revista Rambla<\/title>\n<meta name=\"robots\" content=\"index, follow, max-snippet:-1, max-image-preview:large, max-video-preview:-1\" \/>\n<link rel=\"canonical\" href=\"https:\/\/www.revistarambla.com\/en\/presupuestos-o-elecciones\/\" \/>\n<meta property=\"og:locale\" content=\"en_GB\" \/>\n<meta property=\"og:type\" content=\"article\" \/>\n<meta property=\"og:title\" content=\"Presupuestos o elecciones - Revista Rambla\" \/>\n<meta property=\"og:description\" content=\"Una enorme responsabilidad recae sobre las espaldas de ERC y del PSC. Las consecuencias de lo que decidan rebasar\u00e1n con creces el \u00e1mbito de la pol\u00edtica catalana.\" \/>\n<meta property=\"og:url\" content=\"https:\/\/www.revistarambla.com\/en\/presupuestos-o-elecciones\/\" \/>\n<meta property=\"og:site_name\" content=\"Revista Rambla\" \/>\n<meta property=\"article:publisher\" content=\"https:\/\/www.facebook.com\/revistarambla\/\" \/>\n<meta property=\"article:author\" content=\"https:\/\/www.facebook.com\/lluis.rabell\" \/>\n<meta property=\"article:published_time\" content=\"2023-01-22T15:55:45+00:00\" \/>\n<meta property=\"og:image\" content=\"https:\/\/www.revistarambla.com\/wp-content\/uploads\/2022\/07\/sanchez-aragones-moncloa.jpg\" \/>\n\t<meta property=\"og:image:width\" content=\"2000\" \/>\n\t<meta property=\"og:image:height\" content=\"1330\" \/>\n\t<meta property=\"og:image:type\" content=\"image\/jpeg\" \/>\n<meta name=\"author\" content=\"Llu\u00eds Rabell\" \/>\n<meta name=\"twitter:card\" content=\"summary_large_image\" \/>\n<meta name=\"twitter:creator\" content=\"@LluisRabell\" \/>\n<meta name=\"twitter:site\" content=\"@revistarambla\" \/>\n<meta name=\"twitter:label1\" content=\"Written by\" \/>\n\t<meta name=\"twitter:data1\" content=\"Llu\u00eds Rabell\" \/>\n\t<meta name=\"twitter:label2\" content=\"Estimated reading time\" \/>\n\t<meta name=\"twitter:data2\" content=\"8 minutes\" \/>\n<script type=\"application\/ld+json\" class=\"yoast-schema-graph\">{\"@context\":\"https:\\\/\\\/schema.org\",\"@graph\":[{\"@type\":\"Article\",\"@id\":\"https:\\\/\\\/www.revistarambla.com\\\/presupuestos-o-elecciones\\\/#article\",\"isPartOf\":{\"@id\":\"https:\\\/\\\/www.revistarambla.com\\\/presupuestos-o-elecciones\\\/\"},\"author\":{\"name\":\"Llu\u00eds Rabell\",\"@id\":\"https:\\\/\\\/www.revistarambla.com\\\/#\\\/schema\\\/person\\\/3ba9277f13f33db9ef7848c9777ce347\"},\"headline\":\"Presupuestos o elecciones\",\"datePublished\":\"2023-01-22T15:55:45+00:00\",\"mainEntityOfPage\":{\"@id\":\"https:\\\/\\\/www.revistarambla.com\\\/presupuestos-o-elecciones\\\/\"},\"wordCount\":1877,\"publisher\":{\"@id\":\"https:\\\/\\\/www.revistarambla.com\\\/#organization\"},\"image\":{\"@id\":\"https:\\\/\\\/www.revistarambla.com\\\/presupuestos-o-elecciones\\\/#primaryimage\"},\"thumbnailUrl\":\"https:\\\/\\\/www.revistarambla.com\\\/wp-content\\\/uploads\\\/2022\\\/07\\\/sanchez-aragones-moncloa.jpg\",\"articleSection\":[\"Opiniones\"],\"inLanguage\":\"en-GB\"},{\"@type\":\"WebPage\",\"@id\":\"https:\\\/\\\/www.revistarambla.com\\\/presupuestos-o-elecciones\\\/\",\"url\":\"https:\\\/\\\/www.revistarambla.com\\\/presupuestos-o-elecciones\\\/\",\"name\":\"Presupuestos o elecciones - Revista Rambla\",\"isPartOf\":{\"@id\":\"https:\\\/\\\/www.revistarambla.com\\\/#website\"},\"primaryImageOfPage\":{\"@id\":\"https:\\\/\\\/www.revistarambla.com\\\/presupuestos-o-elecciones\\\/#primaryimage\"},\"image\":{\"@id\":\"https:\\\/\\\/www.revistarambla.com\\\/presupuestos-o-elecciones\\\/#primaryimage\"},\"thumbnailUrl\":\"https:\\\/\\\/www.revistarambla.com\\\/wp-content\\\/uploads\\\/2022\\\/07\\\/sanchez-aragones-moncloa.jpg\",\"datePublished\":\"2023-01-22T15:55:45+00:00\",\"breadcrumb\":{\"@id\":\"https:\\\/\\\/www.revistarambla.com\\\/presupuestos-o-elecciones\\\/#breadcrumb\"},\"inLanguage\":\"en-GB\",\"potentialAction\":[{\"@type\":\"ReadAction\",\"target\":[\"https:\\\/\\\/www.revistarambla.com\\\/presupuestos-o-elecciones\\\/\"]}]},{\"@type\":\"ImageObject\",\"inLanguage\":\"en-GB\",\"@id\":\"https:\\\/\\\/www.revistarambla.com\\\/presupuestos-o-elecciones\\\/#primaryimage\",\"url\":\"https:\\\/\\\/www.revistarambla.com\\\/wp-content\\\/uploads\\\/2022\\\/07\\\/sanchez-aragones-moncloa.jpg\",\"contentUrl\":\"https:\\\/\\\/www.revistarambla.com\\\/wp-content\\\/uploads\\\/2022\\\/07\\\/sanchez-aragones-moncloa.jpg\",\"width\":2000,\"height\":1330,\"caption\":\"elecciones catalanas\"},{\"@type\":\"BreadcrumbList\",\"@id\":\"https:\\\/\\\/www.revistarambla.com\\\/presupuestos-o-elecciones\\\/#breadcrumb\",\"itemListElement\":[{\"@type\":\"ListItem\",\"position\":1,\"name\":\"Portada\",\"item\":\"https:\\\/\\\/www.revistarambla.com\\\/\"},{\"@type\":\"ListItem\",\"position\":2,\"name\":\"Presupuestos o elecciones\"}]},{\"@type\":\"WebSite\",\"@id\":\"https:\\\/\\\/www.revistarambla.com\\\/#website\",\"url\":\"https:\\\/\\\/www.revistarambla.com\\\/\",\"name\":\"Revista Rambla Barcelona\",\"description\":\"Periodismo independiente\",\"publisher\":{\"@id\":\"https:\\\/\\\/www.revistarambla.com\\\/#organization\"},\"potentialAction\":[{\"@type\":\"SearchAction\",\"target\":{\"@type\":\"EntryPoint\",\"urlTemplate\":\"https:\\\/\\\/www.revistarambla.com\\\/?s={search_term_string}\"},\"query-input\":{\"@type\":\"PropertyValueSpecification\",\"valueRequired\":true,\"valueName\":\"search_term_string\"}}],\"inLanguage\":\"en-GB\"},{\"@type\":\"Organization\",\"@id\":\"https:\\\/\\\/www.revistarambla.com\\\/#organization\",\"name\":\"Revista Rambla\",\"url\":\"https:\\\/\\\/www.revistarambla.com\\\/\",\"logo\":{\"@type\":\"ImageObject\",\"inLanguage\":\"en-GB\",\"@id\":\"https:\\\/\\\/www.revistarambla.com\\\/#\\\/schema\\\/logo\\\/image\\\/\",\"url\":\"https:\\\/\\\/www.revistarambla.com\\\/wp-content\\\/uploads\\\/2020\\\/09\\\/banner_rambla_1900x600_BB.png\",\"contentUrl\":\"https:\\\/\\\/www.revistarambla.com\\\/wp-content\\\/uploads\\\/2020\\\/09\\\/banner_rambla_1900x600_BB.png\",\"width\":1900,\"height\":600,\"caption\":\"Revista Rambla\"},\"image\":{\"@id\":\"https:\\\/\\\/www.revistarambla.com\\\/#\\\/schema\\\/logo\\\/image\\\/\"},\"sameAs\":[\"https:\\\/\\\/www.facebook.com\\\/revistarambla\\\/\",\"https:\\\/\\\/x.com\\\/revistarambla\",\"https:\\\/\\\/www.instagram.com\\\/revista_rambla\",\"https:\\\/\\\/es.linkedin.com\\\/company\\\/revista-rambla\"]},{\"@type\":\"Person\",\"@id\":\"https:\\\/\\\/www.revistarambla.com\\\/#\\\/schema\\\/person\\\/3ba9277f13f33db9ef7848c9777ce347\",\"name\":\"Llu\u00eds Rabell\",\"description\":\"Barcelona, 1954. Traductor, activista y pol\u00edtico. Diputado del Parlament de Catalunya entre 2015 y 2017, lider\u00f3 el grupo parlamentario de Catalunya S\u00ed que es Pot.\",\"sameAs\":[\"https:\\\/\\\/lluisrabell.com\\\/blog\\\/\",\"https:\\\/\\\/www.facebook.com\\\/lluis.rabell\",\"https:\\\/\\\/x.com\\\/LluisRabell\",\"https:\\\/\\\/es.wikipedia.org\\\/wiki\\\/Llus_Rabell\"]}]}<\/script>\n<!-- \/ Yoast SEO plugin. -->","yoast_head_json":{"title":"Presupuestos o elecciones - Revista Rambla","robots":{"index":"index","follow":"follow","max-snippet":"max-snippet:-1","max-image-preview":"max-image-preview:large","max-video-preview":"max-video-preview:-1"},"canonical":"https:\/\/www.revistarambla.com\/en\/presupuestos-o-elecciones\/","og_locale":"en_GB","og_type":"article","og_title":"Presupuestos o elecciones - Revista Rambla","og_description":"Una enorme responsabilidad recae sobre las espaldas de ERC y del PSC. Las consecuencias de lo que decidan rebasar\u00e1n con creces el \u00e1mbito de la pol\u00edtica catalana.","og_url":"https:\/\/www.revistarambla.com\/en\/presupuestos-o-elecciones\/","og_site_name":"Revista Rambla","article_publisher":"https:\/\/www.facebook.com\/revistarambla\/","article_author":"https:\/\/www.facebook.com\/lluis.rabell","article_published_time":"2023-01-22T15:55:45+00:00","og_image":[{"width":2000,"height":1330,"url":"https:\/\/www.revistarambla.com\/wp-content\/uploads\/2022\/07\/sanchez-aragones-moncloa.jpg","type":"image\/jpeg"}],"author":"Llu\u00eds Rabell","twitter_card":"summary_large_image","twitter_creator":"@LluisRabell","twitter_site":"@revistarambla","twitter_misc":{"Written by":"Llu\u00eds Rabell","Estimated reading time":"8 minutes"},"schema":{"@context":"https:\/\/schema.org","@graph":[{"@type":"Article","@id":"https:\/\/www.revistarambla.com\/presupuestos-o-elecciones\/#article","isPartOf":{"@id":"https:\/\/www.revistarambla.com\/presupuestos-o-elecciones\/"},"author":{"name":"Llu\u00eds Rabell","@id":"https:\/\/www.revistarambla.com\/#\/schema\/person\/3ba9277f13f33db9ef7848c9777ce347"},"headline":"Presupuestos o elecciones","datePublished":"2023-01-22T15:55:45+00:00","mainEntityOfPage":{"@id":"https:\/\/www.revistarambla.com\/presupuestos-o-elecciones\/"},"wordCount":1877,"publisher":{"@id":"https:\/\/www.revistarambla.com\/#organization"},"image":{"@id":"https:\/\/www.revistarambla.com\/presupuestos-o-elecciones\/#primaryimage"},"thumbnailUrl":"https:\/\/www.revistarambla.com\/wp-content\/uploads\/2022\/07\/sanchez-aragones-moncloa.jpg","articleSection":["Opiniones"],"inLanguage":"en-GB"},{"@type":"WebPage","@id":"https:\/\/www.revistarambla.com\/presupuestos-o-elecciones\/","url":"https:\/\/www.revistarambla.com\/presupuestos-o-elecciones\/","name":"Presupuestos o elecciones - Revista Rambla","isPartOf":{"@id":"https:\/\/www.revistarambla.com\/#website"},"primaryImageOfPage":{"@id":"https:\/\/www.revistarambla.com\/presupuestos-o-elecciones\/#primaryimage"},"image":{"@id":"https:\/\/www.revistarambla.com\/presupuestos-o-elecciones\/#primaryimage"},"thumbnailUrl":"https:\/\/www.revistarambla.com\/wp-content\/uploads\/2022\/07\/sanchez-aragones-moncloa.jpg","datePublished":"2023-01-22T15:55:45+00:00","breadcrumb":{"@id":"https:\/\/www.revistarambla.com\/presupuestos-o-elecciones\/#breadcrumb"},"inLanguage":"en-GB","potentialAction":[{"@type":"ReadAction","target":["https:\/\/www.revistarambla.com\/presupuestos-o-elecciones\/"]}]},{"@type":"ImageObject","inLanguage":"en-GB","@id":"https:\/\/www.revistarambla.com\/presupuestos-o-elecciones\/#primaryimage","url":"https:\/\/www.revistarambla.com\/wp-content\/uploads\/2022\/07\/sanchez-aragones-moncloa.jpg","contentUrl":"https:\/\/www.revistarambla.com\/wp-content\/uploads\/2022\/07\/sanchez-aragones-moncloa.jpg","width":2000,"height":1330,"caption":"elecciones catalanas"},{"@type":"BreadcrumbList","@id":"https:\/\/www.revistarambla.com\/presupuestos-o-elecciones\/#breadcrumb","itemListElement":[{"@type":"ListItem","position":1,"name":"Portada","item":"https:\/\/www.revistarambla.com\/"},{"@type":"ListItem","position":2,"name":"Presupuestos o elecciones"}]},{"@type":"WebSite","@id":"https:\/\/www.revistarambla.com\/#website","url":"https:\/\/www.revistarambla.com\/","name":"Revista Rambla Barcelona","description":"Periodismo independiente","publisher":{"@id":"https:\/\/www.revistarambla.com\/#organization"},"potentialAction":[{"@type":"SearchAction","target":{"@type":"EntryPoint","urlTemplate":"https:\/\/www.revistarambla.com\/?s={search_term_string}"},"query-input":{"@type":"PropertyValueSpecification","valueRequired":true,"valueName":"search_term_string"}}],"inLanguage":"en-GB"},{"@type":"Organization","@id":"https:\/\/www.revistarambla.com\/#organization","name":"Revista Rambla","url":"https:\/\/www.revistarambla.com\/","logo":{"@type":"ImageObject","inLanguage":"en-GB","@id":"https:\/\/www.revistarambla.com\/#\/schema\/logo\/image\/","url":"https:\/\/www.revistarambla.com\/wp-content\/uploads\/2020\/09\/banner_rambla_1900x600_BB.png","contentUrl":"https:\/\/www.revistarambla.com\/wp-content\/uploads\/2020\/09\/banner_rambla_1900x600_BB.png","width":1900,"height":600,"caption":"Revista Rambla"},"image":{"@id":"https:\/\/www.revistarambla.com\/#\/schema\/logo\/image\/"},"sameAs":["https:\/\/www.facebook.com\/revistarambla\/","https:\/\/x.com\/revistarambla","https:\/\/www.instagram.com\/revista_rambla","https:\/\/es.linkedin.com\/company\/revista-rambla"]},{"@type":"Person","@id":"https:\/\/www.revistarambla.com\/#\/schema\/person\/3ba9277f13f33db9ef7848c9777ce347","name":"Llu\u00eds Rabell","description":"Barcelona, 1954. Traductor, activista y pol\u00edtico. Diputado del Parlament de Catalunya entre 2015 y 2017, lider\u00f3 el grupo parlamentario de Catalunya S\u00ed que es Pot.","sameAs":["https:\/\/lluisrabell.com\/blog\/","https:\/\/www.facebook.com\/lluis.rabell","https:\/\/x.com\/LluisRabell","https:\/\/es.wikipedia.org\/wiki\/Llus_Rabell"]}]}},"_links":{"self":[{"href":"https:\/\/www.revistarambla.com\/en\/wp-json\/wp\/v2\/posts\/52085","targetHints":{"allow":["GET"]}}],"collection":[{"href":"https:\/\/www.revistarambla.com\/en\/wp-json\/wp\/v2\/posts"}],"about":[{"href":"https:\/\/www.revistarambla.com\/en\/wp-json\/wp\/v2\/types\/post"}],"author":[{"embeddable":true,"href":"https:\/\/www.revistarambla.com\/en\/wp-json\/wp\/v2\/users\/207"}],"replies":[{"embeddable":true,"href":"https:\/\/www.revistarambla.com\/en\/wp-json\/wp\/v2\/comments?post=52085"}],"version-history":[{"count":1,"href":"https:\/\/www.revistarambla.com\/en\/wp-json\/wp\/v2\/posts\/52085\/revisions"}],"predecessor-version":[{"id":52086,"href":"https:\/\/www.revistarambla.com\/en\/wp-json\/wp\/v2\/posts\/52085\/revisions\/52086"}],"wp:featuredmedia":[{"embeddable":true,"href":"https:\/\/www.revistarambla.com\/en\/wp-json\/wp\/v2\/media\/44378"}],"wp:attachment":[{"href":"https:\/\/www.revistarambla.com\/en\/wp-json\/wp\/v2\/media?parent=52085"}],"wp:term":[{"taxonomy":"category","embeddable":true,"href":"https:\/\/www.revistarambla.com\/en\/wp-json\/wp\/v2\/categories?post=52085"},{"taxonomy":"post_tag","embeddable":true,"href":"https:\/\/www.revistarambla.com\/en\/wp-json\/wp\/v2\/tags?post=52085"}],"curies":[{"name":"wp","href":"https:\/\/api.w.org\/{rel}","templated":true}]}}