{"id":52058,"date":"2023-01-20T20:13:50","date_gmt":"2023-01-20T19:13:50","guid":{"rendered":"https:\/\/www.revistarambla.com\/?p=52058"},"modified":"2023-01-20T20:13:50","modified_gmt":"2023-01-20T19:13:50","slug":"fake-la-regulacion-de-alquileres-catalana-no-bajo-la-oferta-un-15","status":"publish","type":"post","link":"https:\/\/www.revistarambla.com\/en\/fake-la-regulacion-de-alquileres-catalana-no-bajo-la-oferta-un-15\/","title":{"rendered":"FAKE: La regulaci\u00f3n de alquileres catalana NO baj\u00f3 la oferta un 15%"},"content":{"rendered":"<p>El informe de los efectos de la Regulaci\u00f3n de Alquileres (11\/2020) en Catalu\u00f1a elaborado por la c\u00e1tedra de empresa \u00abVivienda y futuro\u00bb de la Universitat Pompeu Fabra y la Asociaci\u00f3n de Promotores y Constructores de Catalu\u00f1a (APCE) se ha hecho eco para denunciar que la regulaci\u00f3n redujo la oferta de viviendas un 15%. Este titular es falso, como explicaremos a continuaci\u00f3n. Un estudio sobre la regulaci\u00f3n de los alquileres impulsado por la patronal inmobiliaria-APCE tiene la misma credibilidad que un estudio financiado por Marlboro sobre las consecuencias del consumo de tabaco.<\/p>\n<p>Los titulares no se han hecho p\u00fablicos ahora por casualidad, a pesar de que el estudio se public\u00f3 hace unos meses, el mi\u00e9rcoles 25 de enero se present\u00f3 en un acto oficial junto con Oriol Amat, actual rector de la Universitat Pompeu Fabra y exdiputado de Junts per Catalunya, con el objetivo de impulsar una campa\u00f1a antirregulaci\u00f3n en las principales portadas de los medios de comunicaci\u00f3n. \u00bfPor qu\u00e9 ahora? Pues porque las negociaciones para cerrar el texto definitivo de la futura Ley Vivienda est\u00e1n en su punto m\u00e1s \u00e1lgido, y la regulaci\u00f3n de alquileres es uno de los temas claves.<\/p>\n<h2>La patronal inmobiliaria hace pol\u00edtica a trav\u00e9s de la academia<\/h2>\n<p>La financiaci\u00f3n y direcci\u00f3n de los estudios sobre vivienda por parte de los promotores inmobiliarios representan un conflicto de intereses y una falta de independencia acad\u00e9mica. El v\u00ednculo entre los autores y el negocio inmobiliario llega hasta el punto de que el director de la C\u00e1tedra APCE-UPF, Josep Maria Raya, fue el perito del fondo buitre Azora en el juicio contra las cl\u00e1usulas abusivas en los contratos de alquiler el pasado noviembre. El rol de Raya en este juicio fue defender los intereses del tercer fondo buitre con m\u00e1s viviendas del Estado.<\/p>\n<p>Est\u00e1 claro que si una pol\u00edtica por el derecho a la vivienda como\u00a0la regulaci\u00f3n de alquileres funciona y baja los precios, el APCE pierde dinero. Es por eso que tiene inter\u00e9s en desprestigiar la regulaci\u00f3n de alquileres y utilizar\u00e1 todas las herramientas que tenga al alcance para hacerlo.<\/p>\n<h2>Un estudio sesgado intencionadamente<\/h2>\n<p>Sin embargo, los resultados del estudio son de\u00a0dudosa veracidad\u00a0y contradicen expl\u00edcitamente otros estudios que se han publicado sobre los efectos de la regulaci\u00f3n de alquileres, como son del\u00a0Observatori Metropolit\u00e0 de l&#8217;Habitatge\u00a0y el\u00a0Institut d&#8217;Economia de Barcelona. Si el estudio afirma que la oferta en vivienda de alquiler ha bajado un 15% es porque hay un\u00a0sesgo metodol\u00f3gico\u00a0que cambia el resultado maliciosamente:\u00a0deja fuera todos los municipios donde se han firmado menos de 50 contratos en el periodo evaluado. Si con la misma metodolog\u00eda se incluyen los municipios que han sido omitidos, el resultado en cuanto a oferta es positivo.<\/p>\n<p>Y no solo esto. El estudio de los promotores inmobiliarios ignora deliberadamente los efectos positivos en el ahorro que ha supuesto a 160.000 hogares la regulaci\u00f3n de alquileres: al bajar un 5% los alquileres, los hogares se ahorran una media de 42\u202f\u20ac mensuales, que si se multiplican por el n\u00famero de contratos firmados y regulados y su duraci\u00f3n, estamos hablando de una inversi\u00f3n social de 404 millones de euros. Un ahorro que mitiga la asfixia econ\u00f3mica de los hogares inquilinos, es del todo positivo para la econom\u00eda de todo el pa\u00eds y tiene efectos estabilizadores y de cohesi\u00f3n social, puesto que garantiza precios asequibles y frena los procesos de desahucio por impago. Quiz\u00e1s lo que les molesta es que estos 404 millones de euros no hayan ido al bolsillo de los promotores inmobiliarios.<\/p>","protected":false},"excerpt":{"rendered":"<p>El estudio que lo sostiene, impulsado por la patronal inmobiliaria, tiene un sesgo metodol\u00f3gico que cambia el resultado<\/p>","protected":false},"author":328,"featured_media":51046,"comment_status":"closed","ping_status":"closed","sticky":false,"template":"","format":"standard","meta":{"footnotes":""},"categories":[4079],"tags":[],"class_list":["post-52058","post","type-post","status-publish","format-standard","has-post-thumbnail","hentry","category-tribuna-libre"],"yoast_head":"<!-- This site is optimized with the Yoast SEO plugin v27.5 - https:\/\/yoast.com\/product\/yoast-seo-wordpress\/ -->\n<title>FAKE: La regulaci\u00f3n de alquileres catalana NO baj\u00f3 la oferta un 15% - Revista Rambla<\/title>\n<meta name=\"robots\" content=\"index, follow, max-snippet:-1, max-image-preview:large, max-video-preview:-1\" \/>\n<link rel=\"canonical\" href=\"https:\/\/www.revistarambla.com\/en\/fake-la-regulacion-de-alquileres-catalana-no-bajo-la-oferta-un-15\/\" \/>\n<meta property=\"og:locale\" content=\"en_GB\" \/>\n<meta property=\"og:type\" content=\"article\" \/>\n<meta property=\"og:title\" content=\"FAKE: La regulaci\u00f3n de alquileres catalana NO baj\u00f3 la oferta un 15% - Revista Rambla\" \/>\n<meta property=\"og:description\" content=\"El estudio que lo sostiene, impulsado por la patronal inmobiliaria, tiene un sesgo metodol\u00f3gico que cambia el resultado\" \/>\n<meta property=\"og:url\" content=\"https:\/\/www.revistarambla.com\/en\/fake-la-regulacion-de-alquileres-catalana-no-bajo-la-oferta-un-15\/\" \/>\n<meta property=\"og:site_name\" content=\"Revista Rambla\" \/>\n<meta property=\"article:publisher\" content=\"https:\/\/www.facebook.com\/revistarambla\/\" \/>\n<meta property=\"article:author\" content=\"https:\/\/www.facebook.com\/SindicatLloguer\/\" \/>\n<meta property=\"article:published_time\" content=\"2023-01-20T19:13:50+00:00\" \/>\n<meta property=\"og:image\" content=\"https:\/\/www.revistarambla.com\/wp-content\/uploads\/2022\/11\/333_Edifici_al_c._Blasco_de_Garay_14_Barcelona.jpg\" \/>\n\t<meta property=\"og:image:width\" content=\"1024\" \/>\n\t<meta property=\"og:image:height\" content=\"768\" \/>\n\t<meta property=\"og:image:type\" content=\"image\/jpeg\" \/>\n<meta name=\"author\" content=\"Sindicat de Llogateres\" \/>\n<meta name=\"twitter:card\" content=\"summary_large_image\" \/>\n<meta name=\"twitter:creator\" content=\"@sindicatlloguer\" \/>\n<meta name=\"twitter:site\" content=\"@revistarambla\" \/>\n<meta name=\"twitter:label1\" content=\"Written by\" \/>\n\t<meta name=\"twitter:data1\" content=\"Sindicat de Llogateres\" \/>\n\t<meta name=\"twitter:label2\" content=\"Estimated reading time\" \/>\n\t<meta name=\"twitter:data2\" content=\"3 minutes\" \/>\n<script type=\"application\/ld+json\" class=\"yoast-schema-graph\">{\"@context\":\"https:\\\/\\\/schema.org\",\"@graph\":[{\"@type\":\"Article\",\"@id\":\"https:\\\/\\\/www.revistarambla.com\\\/fake-la-regulacion-de-alquileres-catalana-no-bajo-la-oferta-un-15\\\/#article\",\"isPartOf\":{\"@id\":\"https:\\\/\\\/www.revistarambla.com\\\/fake-la-regulacion-de-alquileres-catalana-no-bajo-la-oferta-un-15\\\/\"},\"author\":{\"name\":\"Sindicat de Llogateres\",\"@id\":\"https:\\\/\\\/www.revistarambla.com\\\/#\\\/schema\\\/person\\\/cdb47f1b20cae4529e0d80b9b620ee26\"},\"headline\":\"FAKE: La regulaci\u00f3n de alquileres catalana NO baj\u00f3 la oferta un 15%\",\"datePublished\":\"2023-01-20T19:13:50+00:00\",\"mainEntityOfPage\":{\"@id\":\"https:\\\/\\\/www.revistarambla.com\\\/fake-la-regulacion-de-alquileres-catalana-no-bajo-la-oferta-un-15\\\/\"},\"wordCount\":629,\"publisher\":{\"@id\":\"https:\\\/\\\/www.revistarambla.com\\\/#organization\"},\"image\":{\"@id\":\"https:\\\/\\\/www.revistarambla.com\\\/fake-la-regulacion-de-alquileres-catalana-no-bajo-la-oferta-un-15\\\/#primaryimage\"},\"thumbnailUrl\":\"https:\\\/\\\/www.revistarambla.com\\\/wp-content\\\/uploads\\\/2022\\\/11\\\/333_Edifici_al_c._Blasco_de_Garay_14_Barcelona.jpg\",\"articleSection\":[\"Tribuna Libre\"],\"inLanguage\":\"en-GB\"},{\"@type\":\"WebPage\",\"@id\":\"https:\\\/\\\/www.revistarambla.com\\\/fake-la-regulacion-de-alquileres-catalana-no-bajo-la-oferta-un-15\\\/\",\"url\":\"https:\\\/\\\/www.revistarambla.com\\\/fake-la-regulacion-de-alquileres-catalana-no-bajo-la-oferta-un-15\\\/\",\"name\":\"FAKE: La regulaci\u00f3n de alquileres catalana NO baj\u00f3 la oferta un 15% - Revista Rambla\",\"isPartOf\":{\"@id\":\"https:\\\/\\\/www.revistarambla.com\\\/#website\"},\"primaryImageOfPage\":{\"@id\":\"https:\\\/\\\/www.revistarambla.com\\\/fake-la-regulacion-de-alquileres-catalana-no-bajo-la-oferta-un-15\\\/#primaryimage\"},\"image\":{\"@id\":\"https:\\\/\\\/www.revistarambla.com\\\/fake-la-regulacion-de-alquileres-catalana-no-bajo-la-oferta-un-15\\\/#primaryimage\"},\"thumbnailUrl\":\"https:\\\/\\\/www.revistarambla.com\\\/wp-content\\\/uploads\\\/2022\\\/11\\\/333_Edifici_al_c._Blasco_de_Garay_14_Barcelona.jpg\",\"datePublished\":\"2023-01-20T19:13:50+00:00\",\"breadcrumb\":{\"@id\":\"https:\\\/\\\/www.revistarambla.com\\\/fake-la-regulacion-de-alquileres-catalana-no-bajo-la-oferta-un-15\\\/#breadcrumb\"},\"inLanguage\":\"en-GB\",\"potentialAction\":[{\"@type\":\"ReadAction\",\"target\":[\"https:\\\/\\\/www.revistarambla.com\\\/fake-la-regulacion-de-alquileres-catalana-no-bajo-la-oferta-un-15\\\/\"]}]},{\"@type\":\"ImageObject\",\"inLanguage\":\"en-GB\",\"@id\":\"https:\\\/\\\/www.revistarambla.com\\\/fake-la-regulacion-de-alquileres-catalana-no-bajo-la-oferta-un-15\\\/#primaryimage\",\"url\":\"https:\\\/\\\/www.revistarambla.com\\\/wp-content\\\/uploads\\\/2022\\\/11\\\/333_Edifici_al_c._Blasco_de_Garay_14_Barcelona.jpg\",\"contentUrl\":\"https:\\\/\\\/www.revistarambla.com\\\/wp-content\\\/uploads\\\/2022\\\/11\\\/333_Edifici_al_c._Blasco_de_Garay_14_Barcelona.jpg\",\"width\":1024,\"height\":768,\"caption\":\"dav\"},{\"@type\":\"BreadcrumbList\",\"@id\":\"https:\\\/\\\/www.revistarambla.com\\\/fake-la-regulacion-de-alquileres-catalana-no-bajo-la-oferta-un-15\\\/#breadcrumb\",\"itemListElement\":[{\"@type\":\"ListItem\",\"position\":1,\"name\":\"Portada\",\"item\":\"https:\\\/\\\/www.revistarambla.com\\\/\"},{\"@type\":\"ListItem\",\"position\":2,\"name\":\"FAKE: La regulaci\u00f3n de alquileres catalana NO baj\u00f3 la oferta un 15%\"}]},{\"@type\":\"WebSite\",\"@id\":\"https:\\\/\\\/www.revistarambla.com\\\/#website\",\"url\":\"https:\\\/\\\/www.revistarambla.com\\\/\",\"name\":\"Revista Rambla Barcelona\",\"description\":\"Periodismo independiente\",\"publisher\":{\"@id\":\"https:\\\/\\\/www.revistarambla.com\\\/#organization\"},\"potentialAction\":[{\"@type\":\"SearchAction\",\"target\":{\"@type\":\"EntryPoint\",\"urlTemplate\":\"https:\\\/\\\/www.revistarambla.com\\\/?s={search_term_string}\"},\"query-input\":{\"@type\":\"PropertyValueSpecification\",\"valueRequired\":true,\"valueName\":\"search_term_string\"}}],\"inLanguage\":\"en-GB\"},{\"@type\":\"Organization\",\"@id\":\"https:\\\/\\\/www.revistarambla.com\\\/#organization\",\"name\":\"Revista Rambla\",\"url\":\"https:\\\/\\\/www.revistarambla.com\\\/\",\"logo\":{\"@type\":\"ImageObject\",\"inLanguage\":\"en-GB\",\"@id\":\"https:\\\/\\\/www.revistarambla.com\\\/#\\\/schema\\\/logo\\\/image\\\/\",\"url\":\"https:\\\/\\\/www.revistarambla.com\\\/wp-content\\\/uploads\\\/2020\\\/09\\\/banner_rambla_1900x600_BB.png\",\"contentUrl\":\"https:\\\/\\\/www.revistarambla.com\\\/wp-content\\\/uploads\\\/2020\\\/09\\\/banner_rambla_1900x600_BB.png\",\"width\":1900,\"height\":600,\"caption\":\"Revista Rambla\"},\"image\":{\"@id\":\"https:\\\/\\\/www.revistarambla.com\\\/#\\\/schema\\\/logo\\\/image\\\/\"},\"sameAs\":[\"https:\\\/\\\/www.facebook.com\\\/revistarambla\\\/\",\"https:\\\/\\\/x.com\\\/revistarambla\",\"https:\\\/\\\/www.instagram.com\\\/revista_rambla\",\"https:\\\/\\\/es.linkedin.com\\\/company\\\/revista-rambla\"]},{\"@type\":\"Person\",\"@id\":\"https:\\\/\\\/www.revistarambla.com\\\/#\\\/schema\\\/person\\\/cdb47f1b20cae4529e0d80b9b620ee26\",\"name\":\"Sindicat de Llogateres\",\"description\":\"Protegim el dret a l'habitatge. Millorem la vida de la gent. Ajuda'ns a seguir canviant les coses i suma-t'hi.\",\"sameAs\":[\"http:\\\/\\\/sindicatdellogateres.org\\\/\",\"https:\\\/\\\/www.facebook.com\\\/SindicatLloguer\\\/\",\"https:\\\/\\\/x.com\\\/sindicatlloguer\"]}]}<\/script>\n<!-- \/ Yoast SEO plugin. -->","yoast_head_json":{"title":"FAKE: La regulaci\u00f3n de alquileres catalana NO baj\u00f3 la oferta un 15% - Revista Rambla","robots":{"index":"index","follow":"follow","max-snippet":"max-snippet:-1","max-image-preview":"max-image-preview:large","max-video-preview":"max-video-preview:-1"},"canonical":"https:\/\/www.revistarambla.com\/en\/fake-la-regulacion-de-alquileres-catalana-no-bajo-la-oferta-un-15\/","og_locale":"en_GB","og_type":"article","og_title":"FAKE: La regulaci\u00f3n de alquileres catalana NO baj\u00f3 la oferta un 15% - Revista Rambla","og_description":"El estudio que lo sostiene, impulsado por la patronal inmobiliaria, tiene un sesgo metodol\u00f3gico que cambia el resultado","og_url":"https:\/\/www.revistarambla.com\/en\/fake-la-regulacion-de-alquileres-catalana-no-bajo-la-oferta-un-15\/","og_site_name":"Revista Rambla","article_publisher":"https:\/\/www.facebook.com\/revistarambla\/","article_author":"https:\/\/www.facebook.com\/SindicatLloguer\/","article_published_time":"2023-01-20T19:13:50+00:00","og_image":[{"width":1024,"height":768,"url":"https:\/\/www.revistarambla.com\/wp-content\/uploads\/2022\/11\/333_Edifici_al_c._Blasco_de_Garay_14_Barcelona.jpg","type":"image\/jpeg"}],"author":"Sindicat de Llogateres","twitter_card":"summary_large_image","twitter_creator":"@sindicatlloguer","twitter_site":"@revistarambla","twitter_misc":{"Written by":"Sindicat de Llogateres","Estimated reading time":"3 minutes"},"schema":{"@context":"https:\/\/schema.org","@graph":[{"@type":"Article","@id":"https:\/\/www.revistarambla.com\/fake-la-regulacion-de-alquileres-catalana-no-bajo-la-oferta-un-15\/#article","isPartOf":{"@id":"https:\/\/www.revistarambla.com\/fake-la-regulacion-de-alquileres-catalana-no-bajo-la-oferta-un-15\/"},"author":{"name":"Sindicat de Llogateres","@id":"https:\/\/www.revistarambla.com\/#\/schema\/person\/cdb47f1b20cae4529e0d80b9b620ee26"},"headline":"FAKE: La regulaci\u00f3n de alquileres catalana NO baj\u00f3 la oferta un 15%","datePublished":"2023-01-20T19:13:50+00:00","mainEntityOfPage":{"@id":"https:\/\/www.revistarambla.com\/fake-la-regulacion-de-alquileres-catalana-no-bajo-la-oferta-un-15\/"},"wordCount":629,"publisher":{"@id":"https:\/\/www.revistarambla.com\/#organization"},"image":{"@id":"https:\/\/www.revistarambla.com\/fake-la-regulacion-de-alquileres-catalana-no-bajo-la-oferta-un-15\/#primaryimage"},"thumbnailUrl":"https:\/\/www.revistarambla.com\/wp-content\/uploads\/2022\/11\/333_Edifici_al_c._Blasco_de_Garay_14_Barcelona.jpg","articleSection":["Tribuna Libre"],"inLanguage":"en-GB"},{"@type":"WebPage","@id":"https:\/\/www.revistarambla.com\/fake-la-regulacion-de-alquileres-catalana-no-bajo-la-oferta-un-15\/","url":"https:\/\/www.revistarambla.com\/fake-la-regulacion-de-alquileres-catalana-no-bajo-la-oferta-un-15\/","name":"FAKE: La regulaci\u00f3n de alquileres catalana NO baj\u00f3 la oferta un 15% - Revista Rambla","isPartOf":{"@id":"https:\/\/www.revistarambla.com\/#website"},"primaryImageOfPage":{"@id":"https:\/\/www.revistarambla.com\/fake-la-regulacion-de-alquileres-catalana-no-bajo-la-oferta-un-15\/#primaryimage"},"image":{"@id":"https:\/\/www.revistarambla.com\/fake-la-regulacion-de-alquileres-catalana-no-bajo-la-oferta-un-15\/#primaryimage"},"thumbnailUrl":"https:\/\/www.revistarambla.com\/wp-content\/uploads\/2022\/11\/333_Edifici_al_c._Blasco_de_Garay_14_Barcelona.jpg","datePublished":"2023-01-20T19:13:50+00:00","breadcrumb":{"@id":"https:\/\/www.revistarambla.com\/fake-la-regulacion-de-alquileres-catalana-no-bajo-la-oferta-un-15\/#breadcrumb"},"inLanguage":"en-GB","potentialAction":[{"@type":"ReadAction","target":["https:\/\/www.revistarambla.com\/fake-la-regulacion-de-alquileres-catalana-no-bajo-la-oferta-un-15\/"]}]},{"@type":"ImageObject","inLanguage":"en-GB","@id":"https:\/\/www.revistarambla.com\/fake-la-regulacion-de-alquileres-catalana-no-bajo-la-oferta-un-15\/#primaryimage","url":"https:\/\/www.revistarambla.com\/wp-content\/uploads\/2022\/11\/333_Edifici_al_c._Blasco_de_Garay_14_Barcelona.jpg","contentUrl":"https:\/\/www.revistarambla.com\/wp-content\/uploads\/2022\/11\/333_Edifici_al_c._Blasco_de_Garay_14_Barcelona.jpg","width":1024,"height":768,"caption":"dav"},{"@type":"BreadcrumbList","@id":"https:\/\/www.revistarambla.com\/fake-la-regulacion-de-alquileres-catalana-no-bajo-la-oferta-un-15\/#breadcrumb","itemListElement":[{"@type":"ListItem","position":1,"name":"Portada","item":"https:\/\/www.revistarambla.com\/"},{"@type":"ListItem","position":2,"name":"FAKE: La regulaci\u00f3n de alquileres catalana NO baj\u00f3 la oferta un 15%"}]},{"@type":"WebSite","@id":"https:\/\/www.revistarambla.com\/#website","url":"https:\/\/www.revistarambla.com\/","name":"Revista Rambla Barcelona","description":"Periodismo independiente","publisher":{"@id":"https:\/\/www.revistarambla.com\/#organization"},"potentialAction":[{"@type":"SearchAction","target":{"@type":"EntryPoint","urlTemplate":"https:\/\/www.revistarambla.com\/?s={search_term_string}"},"query-input":{"@type":"PropertyValueSpecification","valueRequired":true,"valueName":"search_term_string"}}],"inLanguage":"en-GB"},{"@type":"Organization","@id":"https:\/\/www.revistarambla.com\/#organization","name":"Revista Rambla","url":"https:\/\/www.revistarambla.com\/","logo":{"@type":"ImageObject","inLanguage":"en-GB","@id":"https:\/\/www.revistarambla.com\/#\/schema\/logo\/image\/","url":"https:\/\/www.revistarambla.com\/wp-content\/uploads\/2020\/09\/banner_rambla_1900x600_BB.png","contentUrl":"https:\/\/www.revistarambla.com\/wp-content\/uploads\/2020\/09\/banner_rambla_1900x600_BB.png","width":1900,"height":600,"caption":"Revista Rambla"},"image":{"@id":"https:\/\/www.revistarambla.com\/#\/schema\/logo\/image\/"},"sameAs":["https:\/\/www.facebook.com\/revistarambla\/","https:\/\/x.com\/revistarambla","https:\/\/www.instagram.com\/revista_rambla","https:\/\/es.linkedin.com\/company\/revista-rambla"]},{"@type":"Person","@id":"https:\/\/www.revistarambla.com\/#\/schema\/person\/cdb47f1b20cae4529e0d80b9b620ee26","name":"Sindicat de Llogateres","description":"Protegim el dret a l'habitatge. Millorem la vida de la gent. Ajuda'ns a seguir canviant les coses i suma-t'hi.","sameAs":["http:\/\/sindicatdellogateres.org\/","https:\/\/www.facebook.com\/SindicatLloguer\/","https:\/\/x.com\/sindicatlloguer"]}]}},"_links":{"self":[{"href":"https:\/\/www.revistarambla.com\/en\/wp-json\/wp\/v2\/posts\/52058","targetHints":{"allow":["GET"]}}],"collection":[{"href":"https:\/\/www.revistarambla.com\/en\/wp-json\/wp\/v2\/posts"}],"about":[{"href":"https:\/\/www.revistarambla.com\/en\/wp-json\/wp\/v2\/types\/post"}],"author":[{"embeddable":true,"href":"https:\/\/www.revistarambla.com\/en\/wp-json\/wp\/v2\/users\/328"}],"replies":[{"embeddable":true,"href":"https:\/\/www.revistarambla.com\/en\/wp-json\/wp\/v2\/comments?post=52058"}],"version-history":[{"count":1,"href":"https:\/\/www.revistarambla.com\/en\/wp-json\/wp\/v2\/posts\/52058\/revisions"}],"predecessor-version":[{"id":52059,"href":"https:\/\/www.revistarambla.com\/en\/wp-json\/wp\/v2\/posts\/52058\/revisions\/52059"}],"wp:featuredmedia":[{"embeddable":true,"href":"https:\/\/www.revistarambla.com\/en\/wp-json\/wp\/v2\/media\/51046"}],"wp:attachment":[{"href":"https:\/\/www.revistarambla.com\/en\/wp-json\/wp\/v2\/media?parent=52058"}],"wp:term":[{"taxonomy":"category","embeddable":true,"href":"https:\/\/www.revistarambla.com\/en\/wp-json\/wp\/v2\/categories?post=52058"},{"taxonomy":"post_tag","embeddable":true,"href":"https:\/\/www.revistarambla.com\/en\/wp-json\/wp\/v2\/tags?post=52058"}],"curies":[{"name":"wp","href":"https:\/\/api.w.org\/{rel}","templated":true}]}}