{"id":519,"date":"2010-11-05T12:03:37","date_gmt":"2010-11-05T11:03:37","guid":{"rendered":"https:\/\/www.revistarambla.com\/la-manifestacion-en-contra-de-la-llegada-del-papa-se-desarrolla-en-un-ambiente-festivo-y-de-tranquilidad\/"},"modified":"2021-12-16T21:18:59","modified_gmt":"2021-12-16T20:18:59","slug":"manifestacion-contra-la-visita-de-el-papa-benedicto-xvi","status":"publish","type":"post","link":"https:\/\/www.revistarambla.com\/en\/manifestacion-contra-la-visita-de-el-papa-benedicto-xvi\/","title":{"rendered":"Manifestaci\u00f3n contra la visita del Papa Benedicto XVI"},"content":{"rendered":"<p style=\"text-align: left;\">Ayer por la tarde se celebr\u00f3 en la Plaza Sant Jaume de Barcelona la manifestaci\u00f3n en contra de la visita del Papa Benedicto XVI. El acto, que empez\u00f3 a las 19:00 horas, abri\u00f3 con la lectura de un manifiesto denunciando las injerencias de la Iglesia a la vida pol\u00edtica, econ\u00f3mica y cultural y reclamando el establecimiento definitivo de un Estado laico. La manifestaci\u00f3n, convocada por la plataforma <em>Jo no t\u2019espero<\/em>, congreg\u00f3 a varias asociaciones adheridas, entre otros Joves de CCOO, Alternativa Joves de EUiA, Ateus de Catalunya, Ateus i Republicans, Coordinadora Gay-Lesbiana de Catalunya, etc. Se calcula, seg\u00fan fuentes de la Guardia Urbana, que hubo un total de entre 2.500 y 3.000 asistentes.<\/p>\n<p><img decoding=\"async\" class=\"alignright\" src=\"https:\/\/www.revistarambla.com\/wp-content\/uploads\/2010\/11\/visita%20papa003.jpg\" alt=\"alt\" width=\"416\" height=\"235\" \/><\/p>\n<p style=\"text-align: left;\">Tambi\u00e9n cont\u00f3 con la presencia de personalidades p\u00fablicas, como por ejemplo Ricard Gom\u00e0 (ICV), actual segundo teniente alcalde de Barcelona, que se mostr\u00f3 claramente contrario a la visita del Papa y a favor de la separaci\u00f3n entre el Estado y la Iglesia.<\/p>\n<p style=\"text-align: left;\">La jornada de reivindicaci\u00f3n transcurri\u00f3 con normalidad y se caracteriz\u00f3 por el relato de varios testimonios de personas perjudicadas o en conflicto directo con la Iglesia. Destacaron sobre todo, las declaraciones de <strong>Julio Reyero<\/strong>, miembro de CNT, a quien la justicia reclama una pena de dos a\u00f1os de prisi\u00f3n o una multa de 30.000\u20ac por una denuncia del Arzobispo de Toledo. El sindicalista est\u00e1 acusado concretamente de \u201cprovocaci\u00f3n a la discriminaci\u00f3n y escarnio de los sentimientos religiosos\u201d con motivo de una conferencia que ofreci\u00f3, en la cual se hac\u00eda un repaso hist\u00f3rico de los cr\u00edmenes de la Iglesia.<\/p>\n<p style=\"text-align: left;\">La celebraci\u00f3n tambi\u00e9n incluy\u00f3 la actuaci\u00f3n del cantautor catalano-argentino <strong>Sergio Dant\u00ed<\/strong>, con la canci\u00f3n \u201cEl padrenuestro de las cunetas\u201d.<\/p>\n<p style=\"text-align: left;\">En otras intervenciones, los representantes de la entidad organizadora denunciaron hechos como el uso de los medios de transporte p\u00fablicos para dar cabida a los anuncios de la asociaci\u00f3n e-cristians o la censura en facebook de la convocatoria para la \u201cbesada gay\u201d. Por otra parte, los miembros de Jo no t\u2019espero desmintieron las informaciones emitidas por un emisora de radio nacional en que se afirm\u00f3 que la organizaci\u00f3n planeaba la intervenci\u00f3n de grupos infiltrados para provocar actos violentos el mismo d\u00eda de la visita del pont\u00edfice.<\/p>\n<p style=\"text-align: left;\">En general, las reivindicaciones de cada una de las diversas entidades presentes en la manifestaci\u00f3n se centraban en los gastos generados por la llegada de Benedicto XVI en Barcelona en un momento de crisis econ\u00f3mica tan grave. La representante de Joves de CCOO expres\u00f3 su desacuerdo diciendo que \u201cno tiene sentido que por un lado se recorten los presupuestos generales y las ayudas a los ciudadanos y por otro se est\u00e9n gastando tanto dinero en la seguridad de una persona que no entendemos porque tiene que ser recibida de este modo\u201d.<\/p>\n<p style=\"text-align: left;\">El portavoz de Ateus y Republicans calific\u00f3 la situaci\u00f3n actual de \u201cpreocupante\u201d puesto que \u201cadem\u00e1s de la crisis econ\u00f3mica, vivimos en un momento de pseudo-democracia en que las libertades de cada colectivo se sit\u00faan en diferentes niveles en funci\u00f3n de los intereses pol\u00edticos o econ\u00f3micos\u201d.<\/p>\n<p style=\"text-align: left;\">La coordinadora de Casals de Joves de Catalunya declar\u00f3 que la presencia del Papa en Barcelona \u201cno representa la pluralidad de la sociedad catalana a pesar de la campa\u00f1a que se ha intentado hacer para promulgar una Catalu\u00f1a cat\u00f3lica que no existe\u201d<\/p>\n<p style=\"text-align: left;\">El representante de la Coordinadora Gai-Lesbiana de Catalunya reclam\u00f3 \u201cla laicidad del Estado y que no se conceda ning\u00fan tipo de privilegio a las creencias religiosas, sobre todo a las que no respeten la igualdad de derechos, como por ejemplo la cat\u00f3lica\u201d y a\u00f1adi\u00f3 que \u201cno se pod\u00edan hacer concesiones a aquellas ideolog\u00edas que discriminan a las personas por su sexualidad o que todav\u00eda critican el uso del preservativo a estas alturas\u201d. Para acabar, asegur\u00f3 que el d\u00eda de la visita del Papa la Coordinadora Gai-Lesbiana apoyar\u00e1 y participar\u00e1 en el acto de la besada gay que tanta pol\u00e9mica ha generado por su censura a la red social facebook.<\/p>\n<p style=\"text-align: left;\">La manifestaci\u00f3n finaliz\u00f3 alrededor de las 20:30 horas con la actuaci\u00f3n del artista italiano <a href=\"https:\/\/es.wikipedia.org\/wiki\/Leo_Bassi\"><strong>Leo Bassi<\/strong><\/a>, que subi\u00f3 al escenario vestido de buf\u00f3n. Lejos de apartarse de la pol\u00e9mica, Bassi hizo un s\u00edmil entre su disfraz y las vestiduras del Papa y critic\u00f3 la oleada de cristianismo y radicalismo que hab\u00eda surgido debido a la crisis. Por \u00faltimo, el italiano hizo un llamamiento por el uso del preservativo y la libertad sexual, dando un toque humor\u00edstico a la clausura del acto.<\/p>","protected":false},"excerpt":{"rendered":"<p>Ayer por la tarde se celebr\u00f3 en la Plaza Sant Jaume de Barcelona la manifestaci\u00f3n en contra de la visita del Papa Benedicto XVI. El acto, que empez\u00f3 a las 19:00 horas, abri\u00f3 con la lectura de un manifiesto denunciando las injerencias de la Iglesia a la vida pol\u00edtica, econ\u00f3mica [&hellip;]<\/p>\n","protected":false},"author":66,"featured_media":0,"comment_status":"open","ping_status":"open","sticky":false,"template":"","format":"standard","meta":{"footnotes":""},"categories":[3,76],"tags":[],"class_list":["post-519","post","type-post","status-publish","format-standard","hentry","category-actualidad","category-barcelona"],"yoast_head":"<!-- This site is optimized with the Yoast SEO plugin v27.5 - https:\/\/yoast.com\/product\/yoast-seo-wordpress\/ -->\n<title>Manifestaci\u00f3n contra la visita del Papa Benedicto XVI - Revista Rambla<\/title>\n<meta name=\"description\" content=\"Ayer por la tarde se celebr\u00f3 en la Plaza Sant Jaume de Barcelona la manifestaci\u00f3n en contra de la visita del Papa Benedicto XVI. El acto, que empez\u00f3 a...\" \/>\n<meta name=\"robots\" content=\"index, follow, max-snippet:-1, max-image-preview:large, max-video-preview:-1\" \/>\n<link rel=\"canonical\" href=\"https:\/\/www.revistarambla.com\/en\/manifestacion-contra-la-visita-de-el-papa-benedicto-xvi\/\" \/>\n<meta property=\"og:locale\" content=\"en_GB\" \/>\n<meta property=\"og:type\" content=\"article\" \/>\n<meta property=\"og:title\" content=\"Manifestaci\u00f3n contra la visita del Papa Benedicto XVI - Revista Rambla\" \/>\n<meta property=\"og:description\" content=\"Ayer por la tarde se celebr\u00f3 en la Plaza Sant Jaume de Barcelona la manifestaci\u00f3n en contra de la visita del Papa Benedicto XVI. El acto, que empez\u00f3 a...\" \/>\n<meta property=\"og:url\" content=\"https:\/\/www.revistarambla.com\/en\/manifestacion-contra-la-visita-de-el-papa-benedicto-xvi\/\" \/>\n<meta property=\"og:site_name\" content=\"Revista Rambla\" \/>\n<meta property=\"article:publisher\" content=\"https:\/\/www.facebook.com\/revistarambla\/\" \/>\n<meta property=\"article:published_time\" content=\"2010-11-05T11:03:37+00:00\" \/>\n<meta property=\"article:modified_time\" content=\"2021-12-16T20:18:59+00:00\" \/>\n<meta property=\"og:image\" content=\"https:\/\/www.revistarambla.com\/wp-content\/uploads\/2010\/11\/visita%20papa008.jpg\" \/>\n\t<meta property=\"og:image:width\" content=\"250\" \/>\n\t<meta property=\"og:image:height\" content=\"158\" \/>\n\t<meta property=\"og:image:type\" content=\"image\/jpeg\" \/>\n<meta name=\"author\" content=\"Ver\u00f3nica Encinas Salgado\" \/>\n<meta name=\"twitter:card\" content=\"summary_large_image\" \/>\n<meta name=\"twitter:creator\" content=\"@revistarambla\" \/>\n<meta name=\"twitter:site\" content=\"@revistarambla\" \/>\n<meta name=\"twitter:label1\" content=\"Written by\" \/>\n\t<meta name=\"twitter:data1\" content=\"Ver\u00f3nica Encinas Salgado\" \/>\n\t<meta name=\"twitter:label2\" content=\"Estimated reading time\" \/>\n\t<meta name=\"twitter:data2\" content=\"4 minutes\" \/>\n<script type=\"application\/ld+json\" class=\"yoast-schema-graph\">{\"@context\":\"https:\\\/\\\/schema.org\",\"@graph\":[{\"@type\":\"Article\",\"@id\":\"https:\\\/\\\/www.revistarambla.com\\\/manifestacion-contra-la-visita-de-el-papa-benedicto-xvi\\\/#article\",\"isPartOf\":{\"@id\":\"https:\\\/\\\/www.revistarambla.com\\\/manifestacion-contra-la-visita-de-el-papa-benedicto-xvi\\\/\"},\"author\":{\"name\":\"Ver\u00f3nica Encinas Salgado\",\"@id\":\"https:\\\/\\\/www.revistarambla.com\\\/#\\\/schema\\\/person\\\/d5b8d7715dcc8b0e3eeac113266d2af6\"},\"headline\":\"Manifestaci\u00f3n contra la visita del Papa Benedicto XVI\",\"datePublished\":\"2010-11-05T11:03:37+00:00\",\"dateModified\":\"2021-12-16T20:18:59+00:00\",\"mainEntityOfPage\":{\"@id\":\"https:\\\/\\\/www.revistarambla.com\\\/manifestacion-contra-la-visita-de-el-papa-benedicto-xvi\\\/\"},\"wordCount\":786,\"commentCount\":0,\"publisher\":{\"@id\":\"https:\\\/\\\/www.revistarambla.com\\\/#organization\"},\"image\":{\"@id\":\"https:\\\/\\\/www.revistarambla.com\\\/manifestacion-contra-la-visita-de-el-papa-benedicto-xvi\\\/#primaryimage\"},\"thumbnailUrl\":\"https:\\\/\\\/www.revistarambla.com\\\/wp-content\\\/uploads\\\/2010\\\/11\\\/visita%20papa003.jpg\",\"articleSection\":[\"Actualidad\",\"Barcelona\"],\"inLanguage\":\"en-GB\",\"potentialAction\":[{\"@type\":\"CommentAction\",\"name\":\"Comment\",\"target\":[\"https:\\\/\\\/www.revistarambla.com\\\/manifestacion-contra-la-visita-de-el-papa-benedicto-xvi\\\/#respond\"]}]},{\"@type\":\"WebPage\",\"@id\":\"https:\\\/\\\/www.revistarambla.com\\\/manifestacion-contra-la-visita-de-el-papa-benedicto-xvi\\\/\",\"url\":\"https:\\\/\\\/www.revistarambla.com\\\/manifestacion-contra-la-visita-de-el-papa-benedicto-xvi\\\/\",\"name\":\"Manifestaci\u00f3n contra la visita del Papa Benedicto XVI - Revista Rambla\",\"isPartOf\":{\"@id\":\"https:\\\/\\\/www.revistarambla.com\\\/#website\"},\"primaryImageOfPage\":{\"@id\":\"https:\\\/\\\/www.revistarambla.com\\\/manifestacion-contra-la-visita-de-el-papa-benedicto-xvi\\\/#primaryimage\"},\"image\":{\"@id\":\"https:\\\/\\\/www.revistarambla.com\\\/manifestacion-contra-la-visita-de-el-papa-benedicto-xvi\\\/#primaryimage\"},\"thumbnailUrl\":\"https:\\\/\\\/www.revistarambla.com\\\/wp-content\\\/uploads\\\/2010\\\/11\\\/visita%20papa003.jpg\",\"datePublished\":\"2010-11-05T11:03:37+00:00\",\"dateModified\":\"2021-12-16T20:18:59+00:00\",\"description\":\"Ayer por la tarde se celebr\u00f3 en la Plaza Sant Jaume de Barcelona la manifestaci\u00f3n en contra de la visita del Papa Benedicto XVI. El acto, que empez\u00f3 a...\",\"breadcrumb\":{\"@id\":\"https:\\\/\\\/www.revistarambla.com\\\/manifestacion-contra-la-visita-de-el-papa-benedicto-xvi\\\/#breadcrumb\"},\"inLanguage\":\"en-GB\",\"potentialAction\":[{\"@type\":\"ReadAction\",\"target\":[\"https:\\\/\\\/www.revistarambla.com\\\/manifestacion-contra-la-visita-de-el-papa-benedicto-xvi\\\/\"]}]},{\"@type\":\"ImageObject\",\"inLanguage\":\"en-GB\",\"@id\":\"https:\\\/\\\/www.revistarambla.com\\\/manifestacion-contra-la-visita-de-el-papa-benedicto-xvi\\\/#primaryimage\",\"url\":\"https:\\\/\\\/www.revistarambla.com\\\/wp-content\\\/uploads\\\/2010\\\/11\\\/visita%20papa003.jpg\",\"contentUrl\":\"https:\\\/\\\/www.revistarambla.com\\\/wp-content\\\/uploads\\\/2010\\\/11\\\/visita%20papa003.jpg\"},{\"@type\":\"BreadcrumbList\",\"@id\":\"https:\\\/\\\/www.revistarambla.com\\\/manifestacion-contra-la-visita-de-el-papa-benedicto-xvi\\\/#breadcrumb\",\"itemListElement\":[{\"@type\":\"ListItem\",\"position\":1,\"name\":\"Portada\",\"item\":\"https:\\\/\\\/www.revistarambla.com\\\/\"},{\"@type\":\"ListItem\",\"position\":2,\"name\":\"Manifestaci\u00f3n contra la visita del Papa Benedicto XVI\"}]},{\"@type\":\"WebSite\",\"@id\":\"https:\\\/\\\/www.revistarambla.com\\\/#website\",\"url\":\"https:\\\/\\\/www.revistarambla.com\\\/\",\"name\":\"Revista Rambla Barcelona\",\"description\":\"Periodismo independiente\",\"publisher\":{\"@id\":\"https:\\\/\\\/www.revistarambla.com\\\/#organization\"},\"potentialAction\":[{\"@type\":\"SearchAction\",\"target\":{\"@type\":\"EntryPoint\",\"urlTemplate\":\"https:\\\/\\\/www.revistarambla.com\\\/?s={search_term_string}\"},\"query-input\":{\"@type\":\"PropertyValueSpecification\",\"valueRequired\":true,\"valueName\":\"search_term_string\"}}],\"inLanguage\":\"en-GB\"},{\"@type\":\"Organization\",\"@id\":\"https:\\\/\\\/www.revistarambla.com\\\/#organization\",\"name\":\"Revista Rambla\",\"url\":\"https:\\\/\\\/www.revistarambla.com\\\/\",\"logo\":{\"@type\":\"ImageObject\",\"inLanguage\":\"en-GB\",\"@id\":\"https:\\\/\\\/www.revistarambla.com\\\/#\\\/schema\\\/logo\\\/image\\\/\",\"url\":\"https:\\\/\\\/www.revistarambla.com\\\/wp-content\\\/uploads\\\/2020\\\/09\\\/banner_rambla_1900x600_BB.png\",\"contentUrl\":\"https:\\\/\\\/www.revistarambla.com\\\/wp-content\\\/uploads\\\/2020\\\/09\\\/banner_rambla_1900x600_BB.png\",\"width\":1900,\"height\":600,\"caption\":\"Revista Rambla\"},\"image\":{\"@id\":\"https:\\\/\\\/www.revistarambla.com\\\/#\\\/schema\\\/logo\\\/image\\\/\"},\"sameAs\":[\"https:\\\/\\\/www.facebook.com\\\/revistarambla\\\/\",\"https:\\\/\\\/x.com\\\/revistarambla\",\"https:\\\/\\\/www.instagram.com\\\/revista_rambla\",\"https:\\\/\\\/es.linkedin.com\\\/company\\\/revista-rambla\"]},{\"@type\":\"Person\",\"@id\":\"https:\\\/\\\/www.revistarambla.com\\\/#\\\/schema\\\/person\\\/d5b8d7715dcc8b0e3eeac113266d2af6\",\"name\":\"Ver\u00f3nica Encinas Salgado\",\"description\":\"Licenciada en Ciencias Pol\u00edticas por la Universidad Aut\u00f3noma de Barcelona y especializada en periodismo y comunicaci\u00f3n digital.\",\"sameAs\":[\"https:\\\/\\\/www.instagram.com\\\/veronica.encinas.salgado\\\/\",\"https:\\\/\\\/es.linkedin.com\\\/in\\\/veronicaencinassalgado\"]}]}<\/script>\n<!-- \/ Yoast SEO plugin. -->","yoast_head_json":{"title":"Manifestaci\u00f3n contra la visita del Papa Benedicto XVI - Revista Rambla","description":"Ayer por la tarde se celebr\u00f3 en la Plaza Sant Jaume de Barcelona la manifestaci\u00f3n en contra de la visita del Papa Benedicto XVI. El acto, que empez\u00f3 a...","robots":{"index":"index","follow":"follow","max-snippet":"max-snippet:-1","max-image-preview":"max-image-preview:large","max-video-preview":"max-video-preview:-1"},"canonical":"https:\/\/www.revistarambla.com\/en\/manifestacion-contra-la-visita-de-el-papa-benedicto-xvi\/","og_locale":"en_GB","og_type":"article","og_title":"Manifestaci\u00f3n contra la visita del Papa Benedicto XVI - Revista Rambla","og_description":"Ayer por la tarde se celebr\u00f3 en la Plaza Sant Jaume de Barcelona la manifestaci\u00f3n en contra de la visita del Papa Benedicto XVI. El acto, que empez\u00f3 a...","og_url":"https:\/\/www.revistarambla.com\/en\/manifestacion-contra-la-visita-de-el-papa-benedicto-xvi\/","og_site_name":"Revista Rambla","article_publisher":"https:\/\/www.facebook.com\/revistarambla\/","article_published_time":"2010-11-05T11:03:37+00:00","article_modified_time":"2021-12-16T20:18:59+00:00","og_image":[{"width":250,"height":158,"url":"https:\/\/www.revistarambla.com\/wp-content\/uploads\/2010\/11\/visita papa008.jpg","type":"image\/jpeg"}],"author":"Ver\u00f3nica Encinas Salgado","twitter_card":"summary_large_image","twitter_creator":"@revistarambla","twitter_site":"@revistarambla","twitter_misc":{"Written by":"Ver\u00f3nica Encinas Salgado","Estimated reading time":"4 minutes"},"schema":{"@context":"https:\/\/schema.org","@graph":[{"@type":"Article","@id":"https:\/\/www.revistarambla.com\/manifestacion-contra-la-visita-de-el-papa-benedicto-xvi\/#article","isPartOf":{"@id":"https:\/\/www.revistarambla.com\/manifestacion-contra-la-visita-de-el-papa-benedicto-xvi\/"},"author":{"name":"Ver\u00f3nica Encinas Salgado","@id":"https:\/\/www.revistarambla.com\/#\/schema\/person\/d5b8d7715dcc8b0e3eeac113266d2af6"},"headline":"Manifestaci\u00f3n contra la visita del Papa Benedicto XVI","datePublished":"2010-11-05T11:03:37+00:00","dateModified":"2021-12-16T20:18:59+00:00","mainEntityOfPage":{"@id":"https:\/\/www.revistarambla.com\/manifestacion-contra-la-visita-de-el-papa-benedicto-xvi\/"},"wordCount":786,"commentCount":0,"publisher":{"@id":"https:\/\/www.revistarambla.com\/#organization"},"image":{"@id":"https:\/\/www.revistarambla.com\/manifestacion-contra-la-visita-de-el-papa-benedicto-xvi\/#primaryimage"},"thumbnailUrl":"https:\/\/www.revistarambla.com\/wp-content\/uploads\/2010\/11\/visita%20papa003.jpg","articleSection":["Actualidad","Barcelona"],"inLanguage":"en-GB","potentialAction":[{"@type":"CommentAction","name":"Comment","target":["https:\/\/www.revistarambla.com\/manifestacion-contra-la-visita-de-el-papa-benedicto-xvi\/#respond"]}]},{"@type":"WebPage","@id":"https:\/\/www.revistarambla.com\/manifestacion-contra-la-visita-de-el-papa-benedicto-xvi\/","url":"https:\/\/www.revistarambla.com\/manifestacion-contra-la-visita-de-el-papa-benedicto-xvi\/","name":"Manifestaci\u00f3n contra la visita del Papa Benedicto XVI - Revista Rambla","isPartOf":{"@id":"https:\/\/www.revistarambla.com\/#website"},"primaryImageOfPage":{"@id":"https:\/\/www.revistarambla.com\/manifestacion-contra-la-visita-de-el-papa-benedicto-xvi\/#primaryimage"},"image":{"@id":"https:\/\/www.revistarambla.com\/manifestacion-contra-la-visita-de-el-papa-benedicto-xvi\/#primaryimage"},"thumbnailUrl":"https:\/\/www.revistarambla.com\/wp-content\/uploads\/2010\/11\/visita%20papa003.jpg","datePublished":"2010-11-05T11:03:37+00:00","dateModified":"2021-12-16T20:18:59+00:00","description":"Ayer por la tarde se celebr\u00f3 en la Plaza Sant Jaume de Barcelona la manifestaci\u00f3n en contra de la visita del Papa Benedicto XVI. El acto, que empez\u00f3 a...","breadcrumb":{"@id":"https:\/\/www.revistarambla.com\/manifestacion-contra-la-visita-de-el-papa-benedicto-xvi\/#breadcrumb"},"inLanguage":"en-GB","potentialAction":[{"@type":"ReadAction","target":["https:\/\/www.revistarambla.com\/manifestacion-contra-la-visita-de-el-papa-benedicto-xvi\/"]}]},{"@type":"ImageObject","inLanguage":"en-GB","@id":"https:\/\/www.revistarambla.com\/manifestacion-contra-la-visita-de-el-papa-benedicto-xvi\/#primaryimage","url":"https:\/\/www.revistarambla.com\/wp-content\/uploads\/2010\/11\/visita%20papa003.jpg","contentUrl":"https:\/\/www.revistarambla.com\/wp-content\/uploads\/2010\/11\/visita%20papa003.jpg"},{"@type":"BreadcrumbList","@id":"https:\/\/www.revistarambla.com\/manifestacion-contra-la-visita-de-el-papa-benedicto-xvi\/#breadcrumb","itemListElement":[{"@type":"ListItem","position":1,"name":"Portada","item":"https:\/\/www.revistarambla.com\/"},{"@type":"ListItem","position":2,"name":"Manifestaci\u00f3n contra la visita del Papa Benedicto XVI"}]},{"@type":"WebSite","@id":"https:\/\/www.revistarambla.com\/#website","url":"https:\/\/www.revistarambla.com\/","name":"Revista Rambla Barcelona","description":"Periodismo independiente","publisher":{"@id":"https:\/\/www.revistarambla.com\/#organization"},"potentialAction":[{"@type":"SearchAction","target":{"@type":"EntryPoint","urlTemplate":"https:\/\/www.revistarambla.com\/?s={search_term_string}"},"query-input":{"@type":"PropertyValueSpecification","valueRequired":true,"valueName":"search_term_string"}}],"inLanguage":"en-GB"},{"@type":"Organization","@id":"https:\/\/www.revistarambla.com\/#organization","name":"Revista Rambla","url":"https:\/\/www.revistarambla.com\/","logo":{"@type":"ImageObject","inLanguage":"en-GB","@id":"https:\/\/www.revistarambla.com\/#\/schema\/logo\/image\/","url":"https:\/\/www.revistarambla.com\/wp-content\/uploads\/2020\/09\/banner_rambla_1900x600_BB.png","contentUrl":"https:\/\/www.revistarambla.com\/wp-content\/uploads\/2020\/09\/banner_rambla_1900x600_BB.png","width":1900,"height":600,"caption":"Revista Rambla"},"image":{"@id":"https:\/\/www.revistarambla.com\/#\/schema\/logo\/image\/"},"sameAs":["https:\/\/www.facebook.com\/revistarambla\/","https:\/\/x.com\/revistarambla","https:\/\/www.instagram.com\/revista_rambla","https:\/\/es.linkedin.com\/company\/revista-rambla"]},{"@type":"Person","@id":"https:\/\/www.revistarambla.com\/#\/schema\/person\/d5b8d7715dcc8b0e3eeac113266d2af6","name":"Ver\u00f3nica Encinas Salgado","description":"Licenciada en Ciencias Pol\u00edticas por la Universidad Aut\u00f3noma de Barcelona y especializada en periodismo y comunicaci\u00f3n digital.","sameAs":["https:\/\/www.instagram.com\/veronica.encinas.salgado\/","https:\/\/es.linkedin.com\/in\/veronicaencinassalgado"]}]}},"_links":{"self":[{"href":"https:\/\/www.revistarambla.com\/en\/wp-json\/wp\/v2\/posts\/519","targetHints":{"allow":["GET"]}}],"collection":[{"href":"https:\/\/www.revistarambla.com\/en\/wp-json\/wp\/v2\/posts"}],"about":[{"href":"https:\/\/www.revistarambla.com\/en\/wp-json\/wp\/v2\/types\/post"}],"author":[{"embeddable":true,"href":"https:\/\/www.revistarambla.com\/en\/wp-json\/wp\/v2\/users\/66"}],"replies":[{"embeddable":true,"href":"https:\/\/www.revistarambla.com\/en\/wp-json\/wp\/v2\/comments?post=519"}],"version-history":[{"count":0,"href":"https:\/\/www.revistarambla.com\/en\/wp-json\/wp\/v2\/posts\/519\/revisions"}],"wp:attachment":[{"href":"https:\/\/www.revistarambla.com\/en\/wp-json\/wp\/v2\/media?parent=519"}],"wp:term":[{"taxonomy":"category","embeddable":true,"href":"https:\/\/www.revistarambla.com\/en\/wp-json\/wp\/v2\/categories?post=519"},{"taxonomy":"post_tag","embeddable":true,"href":"https:\/\/www.revistarambla.com\/en\/wp-json\/wp\/v2\/tags?post=519"}],"curies":[{"name":"wp","href":"https:\/\/api.w.org\/{rel}","templated":true}]}}