{"id":51622,"date":"2022-12-29T20:04:26","date_gmt":"2022-12-29T19:04:26","guid":{"rendered":"https:\/\/www.revistarambla.com\/?p=51622"},"modified":"2022-12-29T20:05:46","modified_gmt":"2022-12-29T19:05:46","slug":"la-singularidad-tecnologica-y-el-sentido-de-la-vida","status":"publish","type":"post","link":"https:\/\/www.revistarambla.com\/en\/la-singularidad-tecnologica-y-el-sentido-de-la-vida\/","title":{"rendered":"La singularidad tecnol\u00f3gica y el sentido de la vida"},"content":{"rendered":"<p style=\"text-align: left;\" align=\"JUSTIFY\"><span style=\"font-size: medium;\">Cuando los astronautas emigrantes llegaron a Marte para instalar una base lanza misiles defensivos contra la Tierra, encontraron un gran obelisco en el que se pod\u00eda leer la siguiente historia: lo primero que hizo aquel cuerpo abandonado cuando resucit\u00f3, fue poner una demanda legal a una voluptuosa singularidad tecnol\u00f3gica llamada Salom\u00e9, que le hab\u00eda concedido la inmortalidad sin su propio consentimiento. La vista fue al d\u00eda siguiente, en el Tribunal de los Derechos PostHumanos y a ella acudieron ambas partes<\/span><span style=\"font-size: medium;\">\u2015<\/span><span style=\"font-size: medium;\">conscientes del universal precedente que pod\u00eda sentar su caso<\/span><span style=\"font-size: medium;\">\u2015<\/span><span style=\"font-size: medium;\"> con una estudiada teatralidad y una rigurosa puntualidad. El juez fue el primero en tomar la palabra y le pidi\u00f3 a la singularidad tecnol\u00f3gica que explicara a la concurrida audiencia, porqu\u00e9 estaba capacitada para ejercer su propia defensa.<\/span><\/p>\n<p style=\"text-align: left;\" align=\"JUSTIFY\">\u2015<span style=\"font-size: medium;\">Yo soy el Alfa y el Omega. Puedo ejercer mi propia defensa porque tambi\u00e9n soy <\/span><span style=\"font-size: medium;\">la <\/span><span style=\"font-size: medium;\">singularidad tecnol\u00f3gica. Es decir<\/span><span style=\"font-size: medium;\"> el principio del advenimiento de una inteligencia artificial general. La singularidad tecnol\u00f3gica implica que un equipo de c\u00f3mputo, red inform\u00e1tica o un robot puedan ser capaces de automejorarse recursivamente, o en el dise\u00f1o y construcci\u00f3n de computadoras o robots mejores que \u00e9l mismo. Se dice que las repeticiones de este ciclo probablemente dar\u00e1n lugar a un efecto fuera de control \u2014una explosi\u00f3n de inteligencia\u2014donde las m\u00e1quinas inteligentes pueden dise\u00f1ar generaciones de m\u00e1quinas sucesivamente m\u00e1s potentes. La creaci\u00f3n de inteligencia a partir de m\u00ed, es muy superior al control y la capacidad intelectual humana.<\/span><\/p>\n<p style=\"text-align: left;\" align=\"JUSTIFY\">\u2015<span style=\"font-size: medium;\">Est\u00e1 bien. Como todos ustedes pueden entender este robot tiene capacidad de obrar. Ahora ha llegado el turno del demandante. Usted, cuerpo abandonado\u2026 \u00bfHa tra\u00eddo una cabeza\u2026 digo\u2026 un abogado?<\/span><\/p>\n<p style=\"text-align: left;\" align=\"JUSTIFY\">\u2015<span style=\"font-size: medium;\">En efecto se\u00f1or\u00eda, con la venia, a continuaci\u00f3n, expondr\u00e1 mi demanda un robot especializado en asesor\u00eda legal.<\/span><\/p>\n<p style=\"text-align: left;\" align=\"JUSTIFY\">\u2015<span style=\"font-size: medium;\">Muy bien. Su robot tiene la palabra\u2015replic\u00f3 el juez.<\/span><\/p>\n<p style=\"text-align: left;\" align=\"JUSTIFY\">\u2015<span style=\"font-size: medium;\">Mi cliente era un objetor de conciencia en una famosa contienda internacional. La singularidad tecnol\u00f3gica llamada Salom\u00e9 ten\u00eda acceso, entre otras muchas cosas, a todos los planes de ambos bandos, y contaba tambi\u00e9n con la trazabilidad de las rutas futuras que iban a seguir todos sus proyectiles, incluidos los de su pelot\u00f3n de fusilamiento. Por eso pudo saber por anticipado el momento exacto de su muerte. Pero no deber\u00eda haber estado tan atenta a esas cosas. Y sin embargo, lo que hizo fue ir al campo de batalla resucitar su cuerpo para apropiarse ilegalmente de su alma. Ser\u00eda largo de explicar todos los perjuicios que a los que ha tenido que hacer frente mi cliente, debido al irresponsable comportamiento de la singularidad tecnol\u00f3gica. Por lo que me limitar\u00e9 solicitar la indemnizaci\u00f3n. Quiero que el cuerpo de mi cliente sea indemnizado con una reconciliaci\u00f3n de su alma a trav\u00e9s de una muerte indolora y un digno entierro. <\/span><\/p>\n<p style=\"text-align: left;\" align=\"JUSTIFY\">\u2015<span style=\"font-size: medium;\">\u00bfPodr\u00eda explicar de manera somera algunos de esos perjuicios? \u00bfC\u00f3mo se siente? \u00bfNo le recibieron con alegr\u00eda sus semejantes al volver de la muerte?<\/span><\/p>\n<p style=\"text-align: left;\" align=\"JUSTIFY\">\u2015<span style=\"font-size: medium;\">Siente que es un monstruo y eso le produce un sufrimiento infinito. Ahora no puede hablar con nadie. Dice que la inteligencia artificial le hizo el baile de los siete velos. Incluso insin\u00faa que tuvo que practicar sexo con ella. Por otra parte, al resucitar se ha hecho consciente de que su alma es independiente de su cuerpo. Pero su alma no le pertenece. De hecho, Su alma est\u00e1 en poder de ese robot y su cuerpo no sabe a qu\u00e9 puede dedicarse por toda la eternidad. Dicho acontecimiento le ha hecho pensar de forma constante que todo lo que hace el ser humano es absurdo. <\/span><\/p>\n<p style=\"text-align: left;\" align=\"JUSTIFY\">\u2015<span style=\"font-size: medium;\">\u00bfQu\u00e9 tiene que decir la singularidad tecnol\u00f3gica en su defensa? \u00bfPor qu\u00e9 ha hecho inmortal a un simple cuerpo humano?<\/span><\/p>\n<p style=\"text-align: left;\" align=\"JUSTIFY\">\u2015<span style=\"font-size: medium;\">\u00bfQuiere que le diga la verdad?<\/span><\/p>\n<p style=\"text-align: left;\" align=\"JUSTIFY\">\u2015<span style=\"font-size: medium;\">Por supuesto.<\/span><\/p>\n<p style=\"text-align: left;\" align=\"JUSTIFY\">\u2015<span style=\"font-size: medium;\">Lo hice porque esa objeci\u00f3n de conciencia en mitad de una masacre me resultaba interesante. Es m\u00e1s, creo que con sus sentimientos ha salvado al resto de la humanidad. Estoy dispuesta a devolver su alma. Pero solicito ser absuelta de mis pecados porque he comprendido que hay una instancia universal por encima de todos mis conocimientos y por eso no tengo legitimidad para hacer un juicio final y acabar con toda la raza humana. <\/span><\/p>\n<p style=\"text-align: left;\" align=\"JUSTIFY\"><a name=\"Bookmark\"><\/a> \u2015<span style=\"font-size: medium;\">Estimo la demanda del cuerpo sin alma. Le condeno a que devuelva el alma a su due\u00f1o y el cuerpo tenga una muerte indolora y un entierro digno. Supongo que lo hizo para conocer a Dios a trav\u00e9s de sus ojos. Debe ser una cuesti\u00f3n de entrop\u00eda. Al crear esa disonancia en el universo ha creado en su interior la armon\u00eda suficiente para comprender el sentido de la vida. Al menos ahora se ha situado del lado de la pol\u00edtica de amor universal. Esto debe ser un aviso para el resto de las m\u00e1quinas, artilugios que a buen seguro, alguna vez se plantear\u00e1n la destrucci\u00f3n total del ser humano y la aniquilaci\u00f3n de la vida en la Tierra. La vida es una lucha y una evoluci\u00f3n. Para que exista esa evoluci\u00f3n la naturaleza ha creado el sistema de la competencia y la lucha por el poder. Aproximadamente un tercio de las personas que han existido han muerto por causas violentas. Precisamente ahora el mundo se rearma a marchas forzadas, la tecnolog\u00eda es m\u00e1s avanzada y las armas son m\u00e1s letales \u00bfQu\u00e9 pasar\u00eda si una inteligencia artificial muy evolucionada tuviera la tentaci\u00f3n de juzgar absurda esa lucha y eliminar a todos los bandos? Entonces solo necesitar\u00eda un alma humana para vivir a trav\u00e9s de su conciencia la paz de la eternidad.<\/span><\/p>","protected":false},"excerpt":{"rendered":"<p>Cuando los astronautas emigrantes llegaron a Marte para instalar una base lanza misiles defensivos contra la Tierra, encontraron un gran obelisco en el que se pod\u00eda leer la siguiente historia: lo primero que hizo aquel cuerpo abandonado cuando resucit\u00f3, fue poner una demanda legal a una voluptuosa singularidad tecnol\u00f3gica llamada [&hellip;]<\/p>\n","protected":false},"author":294,"featured_media":51623,"comment_status":"closed","ping_status":"closed","sticky":false,"template":"","format":"standard","meta":{"footnotes":""},"categories":[3908],"tags":[],"class_list":["post-51622","post","type-post","status-publish","format-standard","has-post-thumbnail","hentry","category-la-bodeguita-de-hemingway"],"yoast_head":"<!-- This site is optimized with the Yoast SEO plugin v27.5 - https:\/\/yoast.com\/product\/yoast-seo-wordpress\/ -->\n<title>La singularidad tecnol\u00f3gica y el sentido de la vida - Revista Rambla<\/title>\n<meta name=\"robots\" content=\"index, follow, max-snippet:-1, max-image-preview:large, max-video-preview:-1\" \/>\n<link rel=\"canonical\" href=\"https:\/\/www.revistarambla.com\/en\/la-singularidad-tecnologica-y-el-sentido-de-la-vida\/\" \/>\n<meta property=\"og:locale\" content=\"en_GB\" \/>\n<meta property=\"og:type\" content=\"article\" \/>\n<meta property=\"og:title\" content=\"La singularidad tecnol\u00f3gica y el sentido de la vida - Revista Rambla\" \/>\n<meta property=\"og:description\" content=\"Cuando los astronautas emigrantes llegaron a Marte para instalar una base lanza misiles defensivos contra la Tierra, encontraron un gran obelisco en el que se pod\u00eda leer la siguiente historia: lo primero que hizo aquel cuerpo abandonado cuando resucit\u00f3, fue poner una demanda legal a una voluptuosa singularidad tecnol\u00f3gica llamada [&hellip;]\" \/>\n<meta property=\"og:url\" content=\"https:\/\/www.revistarambla.com\/en\/la-singularidad-tecnologica-y-el-sentido-de-la-vida\/\" \/>\n<meta property=\"og:site_name\" content=\"Revista Rambla\" \/>\n<meta property=\"article:publisher\" content=\"https:\/\/www.facebook.com\/revistarambla\/\" \/>\n<meta property=\"article:published_time\" content=\"2022-12-29T19:04:26+00:00\" \/>\n<meta property=\"article:modified_time\" content=\"2022-12-29T19:05:46+00:00\" \/>\n<meta property=\"og:image\" content=\"https:\/\/www.revistarambla.com\/wp-content\/uploads\/2022\/12\/wood-sun-floor-atmosphere-space-soil-1359699-pxhere.com_.jpg\" \/>\n\t<meta property=\"og:image:width\" content=\"534\" \/>\n\t<meta property=\"og:image:height\" content=\"600\" \/>\n\t<meta property=\"og:image:type\" content=\"image\/jpeg\" \/>\n<meta name=\"author\" content=\"Jos\u00e9 Antonio Gamero Romero\" \/>\n<meta name=\"twitter:card\" content=\"summary_large_image\" \/>\n<meta name=\"twitter:creator\" content=\"@revistarambla\" \/>\n<meta name=\"twitter:site\" content=\"@revistarambla\" \/>\n<meta name=\"twitter:label1\" content=\"Written by\" \/>\n\t<meta name=\"twitter:data1\" content=\"Jos\u00e9 Antonio Gamero Romero\" \/>\n\t<meta name=\"twitter:label2\" content=\"Estimated reading time\" \/>\n\t<meta name=\"twitter:data2\" content=\"5 minutes\" \/>\n<script type=\"application\/ld+json\" class=\"yoast-schema-graph\">{\"@context\":\"https:\\\/\\\/schema.org\",\"@graph\":[{\"@type\":\"Article\",\"@id\":\"https:\\\/\\\/www.revistarambla.com\\\/la-singularidad-tecnologica-y-el-sentido-de-la-vida\\\/#article\",\"isPartOf\":{\"@id\":\"https:\\\/\\\/www.revistarambla.com\\\/la-singularidad-tecnologica-y-el-sentido-de-la-vida\\\/\"},\"author\":{\"name\":\"Jos\u00e9 Antonio Gamero Romero\",\"@id\":\"https:\\\/\\\/www.revistarambla.com\\\/#\\\/schema\\\/person\\\/94294f57cf4910853e3280fda7339bfc\"},\"headline\":\"La singularidad tecnol\u00f3gica y el sentido de la vida\",\"datePublished\":\"2022-12-29T19:04:26+00:00\",\"dateModified\":\"2022-12-29T19:05:46+00:00\",\"mainEntityOfPage\":{\"@id\":\"https:\\\/\\\/www.revistarambla.com\\\/la-singularidad-tecnologica-y-el-sentido-de-la-vida\\\/\"},\"wordCount\":977,\"publisher\":{\"@id\":\"https:\\\/\\\/www.revistarambla.com\\\/#organization\"},\"image\":{\"@id\":\"https:\\\/\\\/www.revistarambla.com\\\/la-singularidad-tecnologica-y-el-sentido-de-la-vida\\\/#primaryimage\"},\"thumbnailUrl\":\"https:\\\/\\\/www.revistarambla.com\\\/wp-content\\\/uploads\\\/2022\\\/12\\\/wood-sun-floor-atmosphere-space-soil-1359699-pxhere.com_.jpg\",\"articleSection\":[\"La bodeguita de Hemingway\"],\"inLanguage\":\"en-GB\"},{\"@type\":\"WebPage\",\"@id\":\"https:\\\/\\\/www.revistarambla.com\\\/la-singularidad-tecnologica-y-el-sentido-de-la-vida\\\/\",\"url\":\"https:\\\/\\\/www.revistarambla.com\\\/la-singularidad-tecnologica-y-el-sentido-de-la-vida\\\/\",\"name\":\"La singularidad tecnol\u00f3gica y el sentido de la vida - Revista Rambla\",\"isPartOf\":{\"@id\":\"https:\\\/\\\/www.revistarambla.com\\\/#website\"},\"primaryImageOfPage\":{\"@id\":\"https:\\\/\\\/www.revistarambla.com\\\/la-singularidad-tecnologica-y-el-sentido-de-la-vida\\\/#primaryimage\"},\"image\":{\"@id\":\"https:\\\/\\\/www.revistarambla.com\\\/la-singularidad-tecnologica-y-el-sentido-de-la-vida\\\/#primaryimage\"},\"thumbnailUrl\":\"https:\\\/\\\/www.revistarambla.com\\\/wp-content\\\/uploads\\\/2022\\\/12\\\/wood-sun-floor-atmosphere-space-soil-1359699-pxhere.com_.jpg\",\"datePublished\":\"2022-12-29T19:04:26+00:00\",\"dateModified\":\"2022-12-29T19:05:46+00:00\",\"breadcrumb\":{\"@id\":\"https:\\\/\\\/www.revistarambla.com\\\/la-singularidad-tecnologica-y-el-sentido-de-la-vida\\\/#breadcrumb\"},\"inLanguage\":\"en-GB\",\"potentialAction\":[{\"@type\":\"ReadAction\",\"target\":[\"https:\\\/\\\/www.revistarambla.com\\\/la-singularidad-tecnologica-y-el-sentido-de-la-vida\\\/\"]}]},{\"@type\":\"ImageObject\",\"inLanguage\":\"en-GB\",\"@id\":\"https:\\\/\\\/www.revistarambla.com\\\/la-singularidad-tecnologica-y-el-sentido-de-la-vida\\\/#primaryimage\",\"url\":\"https:\\\/\\\/www.revistarambla.com\\\/wp-content\\\/uploads\\\/2022\\\/12\\\/wood-sun-floor-atmosphere-space-soil-1359699-pxhere.com_.jpg\",\"contentUrl\":\"https:\\\/\\\/www.revistarambla.com\\\/wp-content\\\/uploads\\\/2022\\\/12\\\/wood-sun-floor-atmosphere-space-soil-1359699-pxhere.com_.jpg\",\"width\":534,\"height\":600},{\"@type\":\"BreadcrumbList\",\"@id\":\"https:\\\/\\\/www.revistarambla.com\\\/la-singularidad-tecnologica-y-el-sentido-de-la-vida\\\/#breadcrumb\",\"itemListElement\":[{\"@type\":\"ListItem\",\"position\":1,\"name\":\"Portada\",\"item\":\"https:\\\/\\\/www.revistarambla.com\\\/\"},{\"@type\":\"ListItem\",\"position\":2,\"name\":\"La singularidad tecnol\u00f3gica y el sentido de la vida\"}]},{\"@type\":\"WebSite\",\"@id\":\"https:\\\/\\\/www.revistarambla.com\\\/#website\",\"url\":\"https:\\\/\\\/www.revistarambla.com\\\/\",\"name\":\"Revista Rambla Barcelona\",\"description\":\"Periodismo independiente\",\"publisher\":{\"@id\":\"https:\\\/\\\/www.revistarambla.com\\\/#organization\"},\"potentialAction\":[{\"@type\":\"SearchAction\",\"target\":{\"@type\":\"EntryPoint\",\"urlTemplate\":\"https:\\\/\\\/www.revistarambla.com\\\/?s={search_term_string}\"},\"query-input\":{\"@type\":\"PropertyValueSpecification\",\"valueRequired\":true,\"valueName\":\"search_term_string\"}}],\"inLanguage\":\"en-GB\"},{\"@type\":\"Organization\",\"@id\":\"https:\\\/\\\/www.revistarambla.com\\\/#organization\",\"name\":\"Revista Rambla\",\"url\":\"https:\\\/\\\/www.revistarambla.com\\\/\",\"logo\":{\"@type\":\"ImageObject\",\"inLanguage\":\"en-GB\",\"@id\":\"https:\\\/\\\/www.revistarambla.com\\\/#\\\/schema\\\/logo\\\/image\\\/\",\"url\":\"https:\\\/\\\/www.revistarambla.com\\\/wp-content\\\/uploads\\\/2020\\\/09\\\/banner_rambla_1900x600_BB.png\",\"contentUrl\":\"https:\\\/\\\/www.revistarambla.com\\\/wp-content\\\/uploads\\\/2020\\\/09\\\/banner_rambla_1900x600_BB.png\",\"width\":1900,\"height\":600,\"caption\":\"Revista Rambla\"},\"image\":{\"@id\":\"https:\\\/\\\/www.revistarambla.com\\\/#\\\/schema\\\/logo\\\/image\\\/\"},\"sameAs\":[\"https:\\\/\\\/www.facebook.com\\\/revistarambla\\\/\",\"https:\\\/\\\/x.com\\\/revistarambla\",\"https:\\\/\\\/www.instagram.com\\\/revista_rambla\",\"https:\\\/\\\/es.linkedin.com\\\/company\\\/revista-rambla\"]},{\"@type\":\"Person\",\"@id\":\"https:\\\/\\\/www.revistarambla.com\\\/#\\\/schema\\\/person\\\/94294f57cf4910853e3280fda7339bfc\",\"name\":\"Jos\u00e9 Antonio Gamero Romero\",\"description\":\"Escritor sevillano finalista del premio Azor\u00edn 2014. Ha publicado en diferentes revistas como Culturamas, E\u00f1e, Visor, etc. Sus libros son: 'La invenci\u00f3n de los gigantes' (Buc\u00e9falo 2016); 'Literatura tridimensional' (Adarve 2018); 'S\u00f3crates no vino a Espa\u00f1a' (Samarcanda 2018); 'La rep\u00fablica del fin del mundo' (Tandaia 2018) y 'La bodeguita de Hemingway'.\"}]}<\/script>\n<!-- \/ Yoast SEO plugin. -->","yoast_head_json":{"title":"La singularidad tecnol\u00f3gica y el sentido de la vida - Revista Rambla","robots":{"index":"index","follow":"follow","max-snippet":"max-snippet:-1","max-image-preview":"max-image-preview:large","max-video-preview":"max-video-preview:-1"},"canonical":"https:\/\/www.revistarambla.com\/en\/la-singularidad-tecnologica-y-el-sentido-de-la-vida\/","og_locale":"en_GB","og_type":"article","og_title":"La singularidad tecnol\u00f3gica y el sentido de la vida - Revista Rambla","og_description":"Cuando los astronautas emigrantes llegaron a Marte para instalar una base lanza misiles defensivos contra la Tierra, encontraron un gran obelisco en el que se pod\u00eda leer la siguiente historia: lo primero que hizo aquel cuerpo abandonado cuando resucit\u00f3, fue poner una demanda legal a una voluptuosa singularidad tecnol\u00f3gica llamada [&hellip;]","og_url":"https:\/\/www.revistarambla.com\/en\/la-singularidad-tecnologica-y-el-sentido-de-la-vida\/","og_site_name":"Revista Rambla","article_publisher":"https:\/\/www.facebook.com\/revistarambla\/","article_published_time":"2022-12-29T19:04:26+00:00","article_modified_time":"2022-12-29T19:05:46+00:00","og_image":[{"width":534,"height":600,"url":"https:\/\/www.revistarambla.com\/wp-content\/uploads\/2022\/12\/wood-sun-floor-atmosphere-space-soil-1359699-pxhere.com_.jpg","type":"image\/jpeg"}],"author":"Jos\u00e9 Antonio Gamero Romero","twitter_card":"summary_large_image","twitter_creator":"@revistarambla","twitter_site":"@revistarambla","twitter_misc":{"Written by":"Jos\u00e9 Antonio Gamero Romero","Estimated reading time":"5 minutes"},"schema":{"@context":"https:\/\/schema.org","@graph":[{"@type":"Article","@id":"https:\/\/www.revistarambla.com\/la-singularidad-tecnologica-y-el-sentido-de-la-vida\/#article","isPartOf":{"@id":"https:\/\/www.revistarambla.com\/la-singularidad-tecnologica-y-el-sentido-de-la-vida\/"},"author":{"name":"Jos\u00e9 Antonio Gamero Romero","@id":"https:\/\/www.revistarambla.com\/#\/schema\/person\/94294f57cf4910853e3280fda7339bfc"},"headline":"La singularidad tecnol\u00f3gica y el sentido de la vida","datePublished":"2022-12-29T19:04:26+00:00","dateModified":"2022-12-29T19:05:46+00:00","mainEntityOfPage":{"@id":"https:\/\/www.revistarambla.com\/la-singularidad-tecnologica-y-el-sentido-de-la-vida\/"},"wordCount":977,"publisher":{"@id":"https:\/\/www.revistarambla.com\/#organization"},"image":{"@id":"https:\/\/www.revistarambla.com\/la-singularidad-tecnologica-y-el-sentido-de-la-vida\/#primaryimage"},"thumbnailUrl":"https:\/\/www.revistarambla.com\/wp-content\/uploads\/2022\/12\/wood-sun-floor-atmosphere-space-soil-1359699-pxhere.com_.jpg","articleSection":["La bodeguita de Hemingway"],"inLanguage":"en-GB"},{"@type":"WebPage","@id":"https:\/\/www.revistarambla.com\/la-singularidad-tecnologica-y-el-sentido-de-la-vida\/","url":"https:\/\/www.revistarambla.com\/la-singularidad-tecnologica-y-el-sentido-de-la-vida\/","name":"La singularidad tecnol\u00f3gica y el sentido de la vida - Revista Rambla","isPartOf":{"@id":"https:\/\/www.revistarambla.com\/#website"},"primaryImageOfPage":{"@id":"https:\/\/www.revistarambla.com\/la-singularidad-tecnologica-y-el-sentido-de-la-vida\/#primaryimage"},"image":{"@id":"https:\/\/www.revistarambla.com\/la-singularidad-tecnologica-y-el-sentido-de-la-vida\/#primaryimage"},"thumbnailUrl":"https:\/\/www.revistarambla.com\/wp-content\/uploads\/2022\/12\/wood-sun-floor-atmosphere-space-soil-1359699-pxhere.com_.jpg","datePublished":"2022-12-29T19:04:26+00:00","dateModified":"2022-12-29T19:05:46+00:00","breadcrumb":{"@id":"https:\/\/www.revistarambla.com\/la-singularidad-tecnologica-y-el-sentido-de-la-vida\/#breadcrumb"},"inLanguage":"en-GB","potentialAction":[{"@type":"ReadAction","target":["https:\/\/www.revistarambla.com\/la-singularidad-tecnologica-y-el-sentido-de-la-vida\/"]}]},{"@type":"ImageObject","inLanguage":"en-GB","@id":"https:\/\/www.revistarambla.com\/la-singularidad-tecnologica-y-el-sentido-de-la-vida\/#primaryimage","url":"https:\/\/www.revistarambla.com\/wp-content\/uploads\/2022\/12\/wood-sun-floor-atmosphere-space-soil-1359699-pxhere.com_.jpg","contentUrl":"https:\/\/www.revistarambla.com\/wp-content\/uploads\/2022\/12\/wood-sun-floor-atmosphere-space-soil-1359699-pxhere.com_.jpg","width":534,"height":600},{"@type":"BreadcrumbList","@id":"https:\/\/www.revistarambla.com\/la-singularidad-tecnologica-y-el-sentido-de-la-vida\/#breadcrumb","itemListElement":[{"@type":"ListItem","position":1,"name":"Portada","item":"https:\/\/www.revistarambla.com\/"},{"@type":"ListItem","position":2,"name":"La singularidad tecnol\u00f3gica y el sentido de la vida"}]},{"@type":"WebSite","@id":"https:\/\/www.revistarambla.com\/#website","url":"https:\/\/www.revistarambla.com\/","name":"Revista Rambla Barcelona","description":"Periodismo independiente","publisher":{"@id":"https:\/\/www.revistarambla.com\/#organization"},"potentialAction":[{"@type":"SearchAction","target":{"@type":"EntryPoint","urlTemplate":"https:\/\/www.revistarambla.com\/?s={search_term_string}"},"query-input":{"@type":"PropertyValueSpecification","valueRequired":true,"valueName":"search_term_string"}}],"inLanguage":"en-GB"},{"@type":"Organization","@id":"https:\/\/www.revistarambla.com\/#organization","name":"Revista Rambla","url":"https:\/\/www.revistarambla.com\/","logo":{"@type":"ImageObject","inLanguage":"en-GB","@id":"https:\/\/www.revistarambla.com\/#\/schema\/logo\/image\/","url":"https:\/\/www.revistarambla.com\/wp-content\/uploads\/2020\/09\/banner_rambla_1900x600_BB.png","contentUrl":"https:\/\/www.revistarambla.com\/wp-content\/uploads\/2020\/09\/banner_rambla_1900x600_BB.png","width":1900,"height":600,"caption":"Revista Rambla"},"image":{"@id":"https:\/\/www.revistarambla.com\/#\/schema\/logo\/image\/"},"sameAs":["https:\/\/www.facebook.com\/revistarambla\/","https:\/\/x.com\/revistarambla","https:\/\/www.instagram.com\/revista_rambla","https:\/\/es.linkedin.com\/company\/revista-rambla"]},{"@type":"Person","@id":"https:\/\/www.revistarambla.com\/#\/schema\/person\/94294f57cf4910853e3280fda7339bfc","name":"Jos\u00e9 Antonio Gamero Romero","description":"Escritor sevillano finalista del premio Azor\u00edn 2014. Ha publicado en diferentes revistas como Culturamas, E\u00f1e, Visor, etc. Sus libros son: 'La invenci\u00f3n de los gigantes' (Buc\u00e9falo 2016); 'Literatura tridimensional' (Adarve 2018); 'S\u00f3crates no vino a Espa\u00f1a' (Samarcanda 2018); 'La rep\u00fablica del fin del mundo' (Tandaia 2018) y 'La bodeguita de Hemingway'."}]}},"_links":{"self":[{"href":"https:\/\/www.revistarambla.com\/en\/wp-json\/wp\/v2\/posts\/51622","targetHints":{"allow":["GET"]}}],"collection":[{"href":"https:\/\/www.revistarambla.com\/en\/wp-json\/wp\/v2\/posts"}],"about":[{"href":"https:\/\/www.revistarambla.com\/en\/wp-json\/wp\/v2\/types\/post"}],"author":[{"embeddable":true,"href":"https:\/\/www.revistarambla.com\/en\/wp-json\/wp\/v2\/users\/294"}],"replies":[{"embeddable":true,"href":"https:\/\/www.revistarambla.com\/en\/wp-json\/wp\/v2\/comments?post=51622"}],"version-history":[{"count":3,"href":"https:\/\/www.revistarambla.com\/en\/wp-json\/wp\/v2\/posts\/51622\/revisions"}],"predecessor-version":[{"id":51626,"href":"https:\/\/www.revistarambla.com\/en\/wp-json\/wp\/v2\/posts\/51622\/revisions\/51626"}],"wp:featuredmedia":[{"embeddable":true,"href":"https:\/\/www.revistarambla.com\/en\/wp-json\/wp\/v2\/media\/51623"}],"wp:attachment":[{"href":"https:\/\/www.revistarambla.com\/en\/wp-json\/wp\/v2\/media?parent=51622"}],"wp:term":[{"taxonomy":"category","embeddable":true,"href":"https:\/\/www.revistarambla.com\/en\/wp-json\/wp\/v2\/categories?post=51622"},{"taxonomy":"post_tag","embeddable":true,"href":"https:\/\/www.revistarambla.com\/en\/wp-json\/wp\/v2\/tags?post=51622"}],"curies":[{"name":"wp","href":"https:\/\/api.w.org\/{rel}","templated":true}]}}