{"id":514,"date":"2010-11-03T16:03:56","date_gmt":"2010-11-03T15:03:56","guid":{"rendered":"https:\/\/www.revistarambla.com\/la-ultima-fotografia-de-carles-sabater-con-vida-la-tengo-yo-marti-escuder\/"},"modified":"2021-12-08T20:36:08","modified_gmt":"2021-12-08T19:36:08","slug":"marti-escuder-la-ultima-fotografia-de-carles-sabater-con-vida-la-tengo-yo","status":"publish","type":"post","link":"https:\/\/www.revistarambla.com\/en\/marti-escuder-la-ultima-fotografia-de-carles-sabater-con-vida-la-tengo-yo\/","title":{"rendered":"Mart\u00ed Escuder: \u00abLa \u00faltima fotograf\u00eda de Carles Sabater con vida la tengo yo\u00bb"},"content":{"rendered":"<p><img decoding=\"async\" class=\"wp-image-513 alignright\" style=\"width: 381px; height: 163px;\" src=\"https:\/\/www.revistarambla.com\/wp-content\/uploads\/2010\/11\/martiescude%201.jpg\" alt=\"alt\" width=\"550\" height=\"235\" \/><\/p>\n<p style=\"text-align: left;\">\u201cBoig per tu\u201d. Loco por ti. Tres palabras que no pueden sonar indiferentes a ning\u00fan amante del rock catal\u00e1n. Una canci\u00f3n que despierta muchos sentimientos, el icono de un grupo que ya no existe, pero que pervive en el recuerdo. Sau. Grupo que naci\u00f3 en 1987 y muri\u00f3 con su cantante, en 1999. Mart\u00ed Escuder, fot\u00f3grafo <em>free lance<\/em>, fue qui\u00e9n inmortaliz\u00f3 con su c\u00e1mara cada escenario, cada concierto desde los inicios hasta el \u00faltimo d\u00eda, sumergi\u00e9ndose as\u00ed en el fen\u00f3meno Sau y en el mundo de la fotograf\u00eda.<\/p>\n<p style=\"text-align: left;\"><strong>\u00bfC\u00f3mo empezaste tu trayectoria como fot\u00f3grafo?<\/strong><\/p>\n<p style=\"text-align: left;\"><strong>Mart\u00ed Escuder-.<\/strong> Col\u00e1ndome en conciertos del grupo Sau. Lo curioso es que a m\u00ed, de hecho, el rock catal\u00e1n no me interesaba demasiado. Lo que me atra\u00eda era hacer fotos. Podr\u00eda haber sido Sau o cualquier otra cosa. El manager de ese grupo, que justamente buscaba material porque era todo muy incipiente, vio mis fotos y me las compr\u00f3. Recuerdo que me dijo: \u201cOye, me las quedo, \u00bfcu\u00e1nto valen?\u201d; y yo: \u201cBueno, no s\u00e9, dame lo que quieras, pero \u00bfpuedo ir a otro concierto?\u201d (<em>se r\u00ede<\/em>). Y as\u00ed acab\u00e9 siendo el fot\u00f3grafo oficial del grupo. Me llamaban para todo lo que necesitaban. Para las giras, la grabaci\u00f3n de discos\u2026<\/p>\n<p style=\"text-align: left;\"><strong>\u00bfEstabas en alg\u00fan medio mientras eras fot\u00f3grafo de Sau?<\/strong><\/p>\n<p style=\"text-align: left;\"><strong>Mart\u00ed Escuder-. <\/strong>Por aquel entonces, el grupo contact\u00f3 con Enderrock, que hasta el momento solo hab\u00eda publicado cinco n\u00fameros. Era una fundaci\u00f3n de tres o cuatro socios y yo me apunt\u00e9. En el n\u00famero 6, la portada justamente ya es m\u00eda, sobre Sau. Y bueno, me li\u00e9 con los de Enderrock. Ahora est\u00e1n m\u00e1s o menos saneados, contin\u00faan currando como capullos pero\u2026 fueron dos o tres a\u00f1os muy dif\u00edciles en los que trabaj\u00e9 much\u00edsimo, invirtiendo tiempo y poniendo dinero del bolsillo. Y acab\u00e9 ejerciendo de jefe de fotograf\u00eda, de jefe de producci\u00f3n\u2026 Bueno, es que tampoco hab\u00eda ning\u00fan esquema, se trataba de hacer el trabajo y ya est\u00e1.<\/p>\n<p style=\"text-align: left;\"><strong>\u00bfC\u00f3mo sigui\u00f3 tu trayectoria profesional?<\/strong><\/p>\n<p style=\"text-align: left;\"><strong>Mart\u00ed Escuder-. <\/strong>A partir de todos estos contactos, empec\u00e9 a colaborar tambi\u00e9n con un grupo incipiente de periodistas, que ahora est\u00e1n todos colocados. Gente muy maja que recibi\u00f3 el encargo de hacer un diario universitario. En aquel entonces solo exist\u00eda la Gazeta Universitaria. Hicieron el Catalunya Campus, que era el proyecto de un t\u00edo vinculado a las juventudes de Convergencia. Nou Campus dur\u00f3 un a\u00f1o, despu\u00e9s se lo qued\u00f3 un grupo de j\u00f3venes abogados inversores.<\/p>\n<p style=\"text-align: left;\">Tambi\u00e9n estuve colaborando en el Diari de Tarragona. De hecho, a\u00fan colaboro. Hice las pr\u00e1cticas all\u00ed durante un verano. Y luego entr\u00e9 en Europa Press. Junto con dos fot\u00f3grafos y una redactora, fuimos dando servicio gr\u00e1fico a esta agencia. Soy un <em>free lance<\/em>.<\/p>\n<p style=\"text-align: left;\"><strong>\u00bfHas hecho de paparazzi?<\/strong><\/p>\n<p style=\"text-align: left;\"><strong>Mart\u00ed Escuder-. <\/strong>S\u00ed. Europa Press se nutre de las revistas del coraz\u00f3n. Fotograf\u00eda social, fiestas, eventos\u2026 No he hecho de paparazzi m\u00e1s que para Europa Press y lo hago por una cuesti\u00f3n alimenticia.<\/p>\n<p style=\"text-align: left;\"><strong>\u00bfA\u00fan trabajas para Europa Press?<\/strong><\/p>\n<p style=\"text-align: left;\"><strong>Mart\u00ed Escuder-. <\/strong>S\u00ed, lo que pasa es que \u00faltimamente no mucho. Toda la vida he sido <em>free lance<\/em>. De alguna manera, se podr\u00eda decir que me he cogido un a\u00f1o sab\u00e1tico. Pero no he dejado los clientes. A\u00fan busco nuevos, de lo que sea, y mientras tanto trabajo en gabinetes de comunicaci\u00f3n, en el tema de los conciertos\u2026 De alguna manera, me he apartado un poco de la parte de paparazzi, que requiere de mucho tiempo, mucho estr\u00e9s y mucha competencia. Exige mucho, sacrificas mucha parte personal.<\/p>\n<p style=\"text-align: left;\"><strong>\u00bfQu\u00e9 es lo que m\u00e1s te gusta cubrir?<\/strong><\/p>\n<p style=\"text-align: left;\"><strong>Mart\u00ed Escuder-. <\/strong>Lo m\u00edo es hacer fotos de conciertos. La m\u00fasica es lo que a\u00fan me mueve y lo que me hizo empezar. Gracias a Enderrock consegu\u00ed clientes como El Mercat de M\u00fasica Viva de Vic, L\u2019Altaveu, discogr\u00e1ficas y <em>managaments<\/em>, pr\u00e1cticamente. Tambi\u00e9n he hecho trabajos relacionados con el teatro, he colaborado con el auditorio, L\u2019Espai y dem\u00e1s.<\/p>\n<p style=\"text-align: left;\"><strong>\u00bfEst\u00e1s contento con tu trabajo?<\/strong><\/p>\n<p style=\"text-align: left;\"><strong>Mart\u00ed Escuder-. <\/strong>Es un trabajo que pocos hacemos y del que muchos querr\u00edan vivir. Es necesario ser bueno, profesional, humilde, constante y tener un poco de suerte. Yo he tenido esta suerte, pero siempre digo lo mismo, que parece mentira que siendo una cosa tan apetecible al final acabes dici\u00e9ndole a la gente: \u201cPues estoy hasta los cojones\u201d. Y te contestan: \u201cVenga t\u00edo, \u00bfc\u00f3mo es posible?\u201d. Todo cansa.<\/p>\n<p style=\"text-align: left;\"><strong>H\u00e1blanos sobre el resultado de tus inicios, de tu trabajo para Sau.<\/strong><\/p>\n<p style=\"text-align: left;\"><strong>Mart\u00ed Escuder-. <\/strong>Fotografi\u00e9 al grupo desde 1992 hasta 1999. Llegu\u00e9 a hacerles unos 12.000 negativos. Yo estaba en el concierto el d\u00eda en qu\u00e9 Carles Sabater muri\u00f3. La \u00faltima foto de ese t\u00edo vivo, la tengo yo. Estaba all\u00ed en Vilafranca, y cay\u00f3 en el camerino. Carles era muy atractivo, no en el sentido de guapo, que tambi\u00e9n, sino en el de especial. Era muy querido.<\/p>\n<p style=\"text-align: left;\">Esos negativos que les hice los dej\u00e9 en cajas y no me preocup\u00e9 m\u00e1s. Pero el a\u00f1o pasado, cuando se cumplieron diez de la muerte de Sabater pens\u00e9 en hacer un libro que recogiese mis fotograf\u00edas. Lo titul\u00e9 <em>Sau vist<\/em>, porque es el Sau que yo vi. Lo complicado fue decidir qu\u00e9 fotos escoger para hacer el libro. Primero elegimos unas quinientas, hasta que reducimos la selecci\u00f3n a unas 125. Las fotos ense\u00f1an el grupo al completo. La gente se piensa que Sau era Carles Sabater y no es as\u00ed. Tambi\u00e9n estaba Pep Sala, que est\u00e1 vivo. Yo vi a los dos. Los dos eran Sau.<\/p>\n<p style=\"text-align: left;\"><strong>Las fotograf\u00edas del libro son a pie de escenario, pero tambi\u00e9n en los camerinos. \u00bfC\u00f3mo es eso de estar dentro y fuera?<\/strong><\/p>\n<p style=\"text-align: left;\"><strong>Mart\u00ed Escuder-. <\/strong>Has de saber estar en los camerinos, fotografiarles mientras tocan sobre el escenario\u2026 Saber hacer que no te vean cuando toca, pero tambi\u00e9n hacerte el simp\u00e1tico. Saber avivar los momentos. Ponerlos juntos, provocar alguna situaci\u00f3n\u2026 Has de estar <em>embebed<\/em>, como los periodistas americanos que fueron a la guerra de Irak. Les pon\u00edan una c\u00e1mara y un casco, \u00a1y ala! Te has de introducir. Y lo hice bastante bien. Lo que me sabe mal es que me acuerdo de fotos que no hice por verg\u00fcenza, porque era jovencito.<\/p>\n<p style=\"text-align: left;\">En una ocasi\u00f3n le dije a Pep Sala: \u201cOstras Pep, recuerdo fotos que no hice porque era tan t\u00edmido\u2026\u201d y \u00e9l me dijo: \u201cJustamente porque eras tan t\u00edmido me pudiste hacer tantas\u201d.<\/p>\n<p style=\"text-align: left;\"><strong>Hab\u00eda muy buen rollo entonces, \u00bfno?<\/strong><\/p>\n<p style=\"text-align: left;\"><strong>Mart\u00ed Escuder-. <\/strong>Bueno. A Carles no le gustaba que le hicieran fotos. Algunas de las que yo hac\u00eda las vend\u00edamos a las tiendecitas de <em>merchandising<\/em>, para los fans. Una vez, escogimos una de Carles muy bonita, en la que s\u00f3lo se le ve\u00edan los ojos y el micro. \u00a1Una foto muy Carles Sabater! Hicimos cien o doscientas copias para vender y entonces Carles se pas\u00f3 por la tiendecita antes del concierto, vio la foto y dijo: \u201c\u00c9sta no la vend\u00e1is\u201d. Y los de la tienda: \u201c\u00a1Pero si es preciosa!\u201d. Y \u00e9l: \u201cya, ya, pero es que soy muy yo\u201d. No le gustaba nada\u2026 s\u00f3lo cuando estaba actuando, sobre el escenario. Entonces s\u00ed.<\/p>\n<p style=\"text-align: left;\"><strong>Aunque la m\u00fasica no te encantase, imagino que te gust\u00f3 la experiencia \u00a1Estar\u00e1s satisfecho!<\/strong><\/p>\n<p style=\"text-align: left;\"><strong>Mart\u00ed Escuder-. <\/strong>Disfrut\u00e9 mucho haciendo este trabajo. \u00a1Era el fot\u00f3grafo oficial del grupo catal\u00e1n del momento! Veo otras fotos, de gente haciendo cola ante la Monumental o el Palau Sant Jordi, de mogoll\u00f3n de ni\u00f1os y ni\u00f1as\u2026 y es ahora cuando me doy cuenta de la locura del momento. Pero a m\u00ed no me importaba eso. Nunca me giraba para fotografiar al\u00a0 p\u00fablico. No los entend\u00eda, de hecho. Ya te digo, la m\u00fasica tampoco me interesaba, lo que quer\u00eda era fotografiarles a ellos.<\/p>\n<p style=\"text-align: left;\">Estuve ocho a\u00f1os haciendo Sau. Pero si ahora me pidieran este encargo lo exprimir\u00eda mucho m\u00e1s. Hice lo que pude. Aunque bueno, visto el resultado, alguien que ve las fotos ve que s\u00ed, que est\u00e1n bien. Y, como documentos que son, adquieren fuerza. Y hace gracia porque ves la gente que sale y dices: \u201cCo\u00f1o, el Muntaner\u201d, \u201cCojones, con gre\u00f1as\u201d. Adquieren potencia porque son un documento, m\u00e1s que por su est\u00e9tica.<\/p>","protected":false},"excerpt":{"rendered":"<p>\u201cBoig per tu\u201d. Loco por ti. Tres palabras que no pueden sonar indiferentes a ning\u00fan amante del rock catal\u00e1n. Una canci\u00f3n que despierta muchos sentimientos, el icono de un grupo que ya no existe, pero que pervive en el recuerdo. Sau. Grupo que naci\u00f3 en 1987 y muri\u00f3 con su [&hellip;]<\/p>\n","protected":false},"author":39,"featured_media":0,"comment_status":"open","ping_status":"open","sticky":false,"template":"","format":"standard","meta":{"footnotes":""},"categories":[3,76],"tags":[],"class_list":["post-514","post","type-post","status-publish","format-standard","hentry","category-actualidad","category-barcelona"],"yoast_head":"<!-- This site is optimized with the Yoast SEO plugin v27.5 - https:\/\/yoast.com\/product\/yoast-seo-wordpress\/ -->\n<title>Mart\u00ed Escuder: &quot;La \u00faltima fotograf\u00eda de Carles Sabater... - Revista Rambla<\/title>\n<meta name=\"description\" content=\"Mart\u00ed Escuder, fot\u00f3grafo free lance, fue qui\u00e9n inmortaliz\u00f3 con su c\u00e1mara cada escenario, cada concierto desde los inicios hasta el \u00faltimo d\u00eda...\" \/>\n<meta name=\"robots\" content=\"index, follow, max-snippet:-1, max-image-preview:large, max-video-preview:-1\" \/>\n<link rel=\"canonical\" href=\"https:\/\/www.revistarambla.com\/en\/marti-escuder-la-ultima-fotografia-de-carles-sabater-con-vida-la-tengo-yo\/\" \/>\n<meta property=\"og:locale\" content=\"en_GB\" \/>\n<meta property=\"og:type\" content=\"article\" \/>\n<meta property=\"og:title\" content=\"Mart\u00ed Escuder: &quot;La \u00faltima fotograf\u00eda de Carles Sabater... - Revista Rambla\" \/>\n<meta property=\"og:description\" content=\"Mart\u00ed Escuder, fot\u00f3grafo free lance, fue qui\u00e9n inmortaliz\u00f3 con su c\u00e1mara cada escenario, cada concierto desde los inicios hasta el \u00faltimo d\u00eda...\" \/>\n<meta property=\"og:url\" content=\"https:\/\/www.revistarambla.com\/en\/marti-escuder-la-ultima-fotografia-de-carles-sabater-con-vida-la-tengo-yo\/\" \/>\n<meta property=\"og:site_name\" content=\"Revista Rambla\" \/>\n<meta property=\"article:publisher\" content=\"https:\/\/www.facebook.com\/revistarambla\/\" \/>\n<meta property=\"article:published_time\" content=\"2010-11-03T15:03:56+00:00\" \/>\n<meta property=\"article:modified_time\" content=\"2021-12-08T19:36:08+00:00\" \/>\n<meta property=\"og:image\" content=\"https:\/\/www.revistarambla.com\/wp-content\/uploads\/2010\/11\/martiescude%202(2).jpg\" \/>\n\t<meta property=\"og:image:width\" content=\"250\" \/>\n\t<meta property=\"og:image:height\" content=\"174\" \/>\n\t<meta property=\"og:image:type\" content=\"image\/jpeg\" \/>\n<meta name=\"author\" content=\"Blanca Mendiguren Gomila\" \/>\n<meta name=\"twitter:card\" content=\"summary_large_image\" \/>\n<meta name=\"twitter:creator\" content=\"@BlancaGomila\" \/>\n<meta name=\"twitter:site\" content=\"@revistarambla\" \/>\n<meta name=\"twitter:label1\" content=\"Written by\" \/>\n\t<meta name=\"twitter:data1\" content=\"Blanca Mendiguren Gomila\" \/>\n\t<meta name=\"twitter:label2\" content=\"Estimated reading time\" \/>\n\t<meta name=\"twitter:data2\" content=\"7 minutes\" \/>\n<script type=\"application\/ld+json\" class=\"yoast-schema-graph\">{\"@context\":\"https:\\\/\\\/schema.org\",\"@graph\":[{\"@type\":\"Article\",\"@id\":\"https:\\\/\\\/www.revistarambla.com\\\/marti-escuder-la-ultima-fotografia-de-carles-sabater-con-vida-la-tengo-yo\\\/#article\",\"isPartOf\":{\"@id\":\"https:\\\/\\\/www.revistarambla.com\\\/marti-escuder-la-ultima-fotografia-de-carles-sabater-con-vida-la-tengo-yo\\\/\"},\"author\":{\"name\":\"Blanca Mendiguren Gomila\",\"@id\":\"https:\\\/\\\/www.revistarambla.com\\\/#\\\/schema\\\/person\\\/ef3b07dd258f83e19609a57611e756c9\"},\"headline\":\"Mart\u00ed Escuder: \u00abLa \u00faltima fotograf\u00eda de Carles Sabater con vida la tengo yo\u00bb\",\"datePublished\":\"2010-11-03T15:03:56+00:00\",\"dateModified\":\"2021-12-08T19:36:08+00:00\",\"mainEntityOfPage\":{\"@id\":\"https:\\\/\\\/www.revistarambla.com\\\/marti-escuder-la-ultima-fotografia-de-carles-sabater-con-vida-la-tengo-yo\\\/\"},\"wordCount\":1455,\"commentCount\":0,\"publisher\":{\"@id\":\"https:\\\/\\\/www.revistarambla.com\\\/#organization\"},\"image\":{\"@id\":\"https:\\\/\\\/www.revistarambla.com\\\/marti-escuder-la-ultima-fotografia-de-carles-sabater-con-vida-la-tengo-yo\\\/#primaryimage\"},\"thumbnailUrl\":\"https:\\\/\\\/www.revistarambla.com\\\/wp-content\\\/uploads\\\/2010\\\/11\\\/martiescude%201.jpg\",\"articleSection\":[\"Actualidad\",\"Barcelona\"],\"inLanguage\":\"en-GB\",\"potentialAction\":[{\"@type\":\"CommentAction\",\"name\":\"Comment\",\"target\":[\"https:\\\/\\\/www.revistarambla.com\\\/marti-escuder-la-ultima-fotografia-de-carles-sabater-con-vida-la-tengo-yo\\\/#respond\"]}]},{\"@type\":\"WebPage\",\"@id\":\"https:\\\/\\\/www.revistarambla.com\\\/marti-escuder-la-ultima-fotografia-de-carles-sabater-con-vida-la-tengo-yo\\\/\",\"url\":\"https:\\\/\\\/www.revistarambla.com\\\/marti-escuder-la-ultima-fotografia-de-carles-sabater-con-vida-la-tengo-yo\\\/\",\"name\":\"Mart\u00ed Escuder: \\\"La \u00faltima fotograf\u00eda de Carles Sabater... - Revista Rambla\",\"isPartOf\":{\"@id\":\"https:\\\/\\\/www.revistarambla.com\\\/#website\"},\"primaryImageOfPage\":{\"@id\":\"https:\\\/\\\/www.revistarambla.com\\\/marti-escuder-la-ultima-fotografia-de-carles-sabater-con-vida-la-tengo-yo\\\/#primaryimage\"},\"image\":{\"@id\":\"https:\\\/\\\/www.revistarambla.com\\\/marti-escuder-la-ultima-fotografia-de-carles-sabater-con-vida-la-tengo-yo\\\/#primaryimage\"},\"thumbnailUrl\":\"https:\\\/\\\/www.revistarambla.com\\\/wp-content\\\/uploads\\\/2010\\\/11\\\/martiescude%201.jpg\",\"datePublished\":\"2010-11-03T15:03:56+00:00\",\"dateModified\":\"2021-12-08T19:36:08+00:00\",\"description\":\"Mart\u00ed Escuder, fot\u00f3grafo free lance, fue qui\u00e9n inmortaliz\u00f3 con su c\u00e1mara cada escenario, cada concierto desde los inicios hasta el \u00faltimo d\u00eda...\",\"breadcrumb\":{\"@id\":\"https:\\\/\\\/www.revistarambla.com\\\/marti-escuder-la-ultima-fotografia-de-carles-sabater-con-vida-la-tengo-yo\\\/#breadcrumb\"},\"inLanguage\":\"en-GB\",\"potentialAction\":[{\"@type\":\"ReadAction\",\"target\":[\"https:\\\/\\\/www.revistarambla.com\\\/marti-escuder-la-ultima-fotografia-de-carles-sabater-con-vida-la-tengo-yo\\\/\"]}]},{\"@type\":\"ImageObject\",\"inLanguage\":\"en-GB\",\"@id\":\"https:\\\/\\\/www.revistarambla.com\\\/marti-escuder-la-ultima-fotografia-de-carles-sabater-con-vida-la-tengo-yo\\\/#primaryimage\",\"url\":\"https:\\\/\\\/www.revistarambla.com\\\/wp-content\\\/uploads\\\/2010\\\/11\\\/martiescude%201.jpg\",\"contentUrl\":\"https:\\\/\\\/www.revistarambla.com\\\/wp-content\\\/uploads\\\/2010\\\/11\\\/martiescude%201.jpg\"},{\"@type\":\"BreadcrumbList\",\"@id\":\"https:\\\/\\\/www.revistarambla.com\\\/marti-escuder-la-ultima-fotografia-de-carles-sabater-con-vida-la-tengo-yo\\\/#breadcrumb\",\"itemListElement\":[{\"@type\":\"ListItem\",\"position\":1,\"name\":\"Portada\",\"item\":\"https:\\\/\\\/www.revistarambla.com\\\/\"},{\"@type\":\"ListItem\",\"position\":2,\"name\":\"Mart\u00ed Escuder: \u00abLa \u00faltima fotograf\u00eda de Carles Sabater con vida la tengo yo\u00bb\"}]},{\"@type\":\"WebSite\",\"@id\":\"https:\\\/\\\/www.revistarambla.com\\\/#website\",\"url\":\"https:\\\/\\\/www.revistarambla.com\\\/\",\"name\":\"Revista Rambla Barcelona\",\"description\":\"Periodismo independiente\",\"publisher\":{\"@id\":\"https:\\\/\\\/www.revistarambla.com\\\/#organization\"},\"potentialAction\":[{\"@type\":\"SearchAction\",\"target\":{\"@type\":\"EntryPoint\",\"urlTemplate\":\"https:\\\/\\\/www.revistarambla.com\\\/?s={search_term_string}\"},\"query-input\":{\"@type\":\"PropertyValueSpecification\",\"valueRequired\":true,\"valueName\":\"search_term_string\"}}],\"inLanguage\":\"en-GB\"},{\"@type\":\"Organization\",\"@id\":\"https:\\\/\\\/www.revistarambla.com\\\/#organization\",\"name\":\"Revista Rambla\",\"url\":\"https:\\\/\\\/www.revistarambla.com\\\/\",\"logo\":{\"@type\":\"ImageObject\",\"inLanguage\":\"en-GB\",\"@id\":\"https:\\\/\\\/www.revistarambla.com\\\/#\\\/schema\\\/logo\\\/image\\\/\",\"url\":\"https:\\\/\\\/www.revistarambla.com\\\/wp-content\\\/uploads\\\/2020\\\/09\\\/banner_rambla_1900x600_BB.png\",\"contentUrl\":\"https:\\\/\\\/www.revistarambla.com\\\/wp-content\\\/uploads\\\/2020\\\/09\\\/banner_rambla_1900x600_BB.png\",\"width\":1900,\"height\":600,\"caption\":\"Revista Rambla\"},\"image\":{\"@id\":\"https:\\\/\\\/www.revistarambla.com\\\/#\\\/schema\\\/logo\\\/image\\\/\"},\"sameAs\":[\"https:\\\/\\\/www.facebook.com\\\/revistarambla\\\/\",\"https:\\\/\\\/x.com\\\/revistarambla\",\"https:\\\/\\\/www.instagram.com\\\/revista_rambla\",\"https:\\\/\\\/es.linkedin.com\\\/company\\\/revista-rambla\"]},{\"@type\":\"Person\",\"@id\":\"https:\\\/\\\/www.revistarambla.com\\\/#\\\/schema\\\/person\\\/ef3b07dd258f83e19609a57611e756c9\",\"name\":\"Blanca Mendiguren Gomila\",\"description\":\"Periodista.\",\"sameAs\":[\"https:\\\/\\\/x.com\\\/BlancaGomila\"]}]}<\/script>\n<!-- \/ Yoast SEO plugin. -->","yoast_head_json":{"title":"Mart\u00ed Escuder: \"La \u00faltima fotograf\u00eda de Carles Sabater... - Revista Rambla","description":"Mart\u00ed Escuder, fot\u00f3grafo free lance, fue qui\u00e9n inmortaliz\u00f3 con su c\u00e1mara cada escenario, cada concierto desde los inicios hasta el \u00faltimo d\u00eda...","robots":{"index":"index","follow":"follow","max-snippet":"max-snippet:-1","max-image-preview":"max-image-preview:large","max-video-preview":"max-video-preview:-1"},"canonical":"https:\/\/www.revistarambla.com\/en\/marti-escuder-la-ultima-fotografia-de-carles-sabater-con-vida-la-tengo-yo\/","og_locale":"en_GB","og_type":"article","og_title":"Mart\u00ed Escuder: \"La \u00faltima fotograf\u00eda de Carles Sabater... - Revista Rambla","og_description":"Mart\u00ed Escuder, fot\u00f3grafo free lance, fue qui\u00e9n inmortaliz\u00f3 con su c\u00e1mara cada escenario, cada concierto desde los inicios hasta el \u00faltimo d\u00eda...","og_url":"https:\/\/www.revistarambla.com\/en\/marti-escuder-la-ultima-fotografia-de-carles-sabater-con-vida-la-tengo-yo\/","og_site_name":"Revista Rambla","article_publisher":"https:\/\/www.facebook.com\/revistarambla\/","article_published_time":"2010-11-03T15:03:56+00:00","article_modified_time":"2021-12-08T19:36:08+00:00","og_image":[{"width":250,"height":174,"url":"https:\/\/www.revistarambla.com\/wp-content\/uploads\/2010\/11\/martiescude 2(2).jpg","type":"image\/jpeg"}],"author":"Blanca Mendiguren Gomila","twitter_card":"summary_large_image","twitter_creator":"@BlancaGomila","twitter_site":"@revistarambla","twitter_misc":{"Written by":"Blanca Mendiguren Gomila","Estimated reading time":"7 minutes"},"schema":{"@context":"https:\/\/schema.org","@graph":[{"@type":"Article","@id":"https:\/\/www.revistarambla.com\/marti-escuder-la-ultima-fotografia-de-carles-sabater-con-vida-la-tengo-yo\/#article","isPartOf":{"@id":"https:\/\/www.revistarambla.com\/marti-escuder-la-ultima-fotografia-de-carles-sabater-con-vida-la-tengo-yo\/"},"author":{"name":"Blanca Mendiguren Gomila","@id":"https:\/\/www.revistarambla.com\/#\/schema\/person\/ef3b07dd258f83e19609a57611e756c9"},"headline":"Mart\u00ed Escuder: \u00abLa \u00faltima fotograf\u00eda de Carles Sabater con vida la tengo yo\u00bb","datePublished":"2010-11-03T15:03:56+00:00","dateModified":"2021-12-08T19:36:08+00:00","mainEntityOfPage":{"@id":"https:\/\/www.revistarambla.com\/marti-escuder-la-ultima-fotografia-de-carles-sabater-con-vida-la-tengo-yo\/"},"wordCount":1455,"commentCount":0,"publisher":{"@id":"https:\/\/www.revistarambla.com\/#organization"},"image":{"@id":"https:\/\/www.revistarambla.com\/marti-escuder-la-ultima-fotografia-de-carles-sabater-con-vida-la-tengo-yo\/#primaryimage"},"thumbnailUrl":"https:\/\/www.revistarambla.com\/wp-content\/uploads\/2010\/11\/martiescude%201.jpg","articleSection":["Actualidad","Barcelona"],"inLanguage":"en-GB","potentialAction":[{"@type":"CommentAction","name":"Comment","target":["https:\/\/www.revistarambla.com\/marti-escuder-la-ultima-fotografia-de-carles-sabater-con-vida-la-tengo-yo\/#respond"]}]},{"@type":"WebPage","@id":"https:\/\/www.revistarambla.com\/marti-escuder-la-ultima-fotografia-de-carles-sabater-con-vida-la-tengo-yo\/","url":"https:\/\/www.revistarambla.com\/marti-escuder-la-ultima-fotografia-de-carles-sabater-con-vida-la-tengo-yo\/","name":"Mart\u00ed Escuder: \"La \u00faltima fotograf\u00eda de Carles Sabater... - Revista Rambla","isPartOf":{"@id":"https:\/\/www.revistarambla.com\/#website"},"primaryImageOfPage":{"@id":"https:\/\/www.revistarambla.com\/marti-escuder-la-ultima-fotografia-de-carles-sabater-con-vida-la-tengo-yo\/#primaryimage"},"image":{"@id":"https:\/\/www.revistarambla.com\/marti-escuder-la-ultima-fotografia-de-carles-sabater-con-vida-la-tengo-yo\/#primaryimage"},"thumbnailUrl":"https:\/\/www.revistarambla.com\/wp-content\/uploads\/2010\/11\/martiescude%201.jpg","datePublished":"2010-11-03T15:03:56+00:00","dateModified":"2021-12-08T19:36:08+00:00","description":"Mart\u00ed Escuder, fot\u00f3grafo free lance, fue qui\u00e9n inmortaliz\u00f3 con su c\u00e1mara cada escenario, cada concierto desde los inicios hasta el \u00faltimo d\u00eda...","breadcrumb":{"@id":"https:\/\/www.revistarambla.com\/marti-escuder-la-ultima-fotografia-de-carles-sabater-con-vida-la-tengo-yo\/#breadcrumb"},"inLanguage":"en-GB","potentialAction":[{"@type":"ReadAction","target":["https:\/\/www.revistarambla.com\/marti-escuder-la-ultima-fotografia-de-carles-sabater-con-vida-la-tengo-yo\/"]}]},{"@type":"ImageObject","inLanguage":"en-GB","@id":"https:\/\/www.revistarambla.com\/marti-escuder-la-ultima-fotografia-de-carles-sabater-con-vida-la-tengo-yo\/#primaryimage","url":"https:\/\/www.revistarambla.com\/wp-content\/uploads\/2010\/11\/martiescude%201.jpg","contentUrl":"https:\/\/www.revistarambla.com\/wp-content\/uploads\/2010\/11\/martiescude%201.jpg"},{"@type":"BreadcrumbList","@id":"https:\/\/www.revistarambla.com\/marti-escuder-la-ultima-fotografia-de-carles-sabater-con-vida-la-tengo-yo\/#breadcrumb","itemListElement":[{"@type":"ListItem","position":1,"name":"Portada","item":"https:\/\/www.revistarambla.com\/"},{"@type":"ListItem","position":2,"name":"Mart\u00ed Escuder: \u00abLa \u00faltima fotograf\u00eda de Carles Sabater con vida la tengo yo\u00bb"}]},{"@type":"WebSite","@id":"https:\/\/www.revistarambla.com\/#website","url":"https:\/\/www.revistarambla.com\/","name":"Revista Rambla Barcelona","description":"Periodismo independiente","publisher":{"@id":"https:\/\/www.revistarambla.com\/#organization"},"potentialAction":[{"@type":"SearchAction","target":{"@type":"EntryPoint","urlTemplate":"https:\/\/www.revistarambla.com\/?s={search_term_string}"},"query-input":{"@type":"PropertyValueSpecification","valueRequired":true,"valueName":"search_term_string"}}],"inLanguage":"en-GB"},{"@type":"Organization","@id":"https:\/\/www.revistarambla.com\/#organization","name":"Revista Rambla","url":"https:\/\/www.revistarambla.com\/","logo":{"@type":"ImageObject","inLanguage":"en-GB","@id":"https:\/\/www.revistarambla.com\/#\/schema\/logo\/image\/","url":"https:\/\/www.revistarambla.com\/wp-content\/uploads\/2020\/09\/banner_rambla_1900x600_BB.png","contentUrl":"https:\/\/www.revistarambla.com\/wp-content\/uploads\/2020\/09\/banner_rambla_1900x600_BB.png","width":1900,"height":600,"caption":"Revista Rambla"},"image":{"@id":"https:\/\/www.revistarambla.com\/#\/schema\/logo\/image\/"},"sameAs":["https:\/\/www.facebook.com\/revistarambla\/","https:\/\/x.com\/revistarambla","https:\/\/www.instagram.com\/revista_rambla","https:\/\/es.linkedin.com\/company\/revista-rambla"]},{"@type":"Person","@id":"https:\/\/www.revistarambla.com\/#\/schema\/person\/ef3b07dd258f83e19609a57611e756c9","name":"Blanca Mendiguren Gomila","description":"Periodista.","sameAs":["https:\/\/x.com\/BlancaGomila"]}]}},"_links":{"self":[{"href":"https:\/\/www.revistarambla.com\/en\/wp-json\/wp\/v2\/posts\/514","targetHints":{"allow":["GET"]}}],"collection":[{"href":"https:\/\/www.revistarambla.com\/en\/wp-json\/wp\/v2\/posts"}],"about":[{"href":"https:\/\/www.revistarambla.com\/en\/wp-json\/wp\/v2\/types\/post"}],"author":[{"embeddable":true,"href":"https:\/\/www.revistarambla.com\/en\/wp-json\/wp\/v2\/users\/39"}],"replies":[{"embeddable":true,"href":"https:\/\/www.revistarambla.com\/en\/wp-json\/wp\/v2\/comments?post=514"}],"version-history":[{"count":0,"href":"https:\/\/www.revistarambla.com\/en\/wp-json\/wp\/v2\/posts\/514\/revisions"}],"wp:attachment":[{"href":"https:\/\/www.revistarambla.com\/en\/wp-json\/wp\/v2\/media?parent=514"}],"wp:term":[{"taxonomy":"category","embeddable":true,"href":"https:\/\/www.revistarambla.com\/en\/wp-json\/wp\/v2\/categories?post=514"},{"taxonomy":"post_tag","embeddable":true,"href":"https:\/\/www.revistarambla.com\/en\/wp-json\/wp\/v2\/tags?post=514"}],"curies":[{"name":"wp","href":"https:\/\/api.w.org\/{rel}","templated":true}]}}