{"id":51262,"date":"2022-12-02T20:16:47","date_gmt":"2022-12-02T19:16:47","guid":{"rendered":"https:\/\/www.revistarambla.com\/?p=51262"},"modified":"2024-01-17T11:45:38","modified_gmt":"2024-01-17T10:45:38","slug":"elena-roldan-nueva-delegada-de-grupo-canalon-en-barcelona","status":"publish","type":"post","link":"https:\/\/www.revistarambla.com\/en\/elena-roldan-nueva-delegada-de-grupo-canalon-en-barcelona\/","title":{"rendered":"Elena Rold\u00e1n, nueva delegada de Grupo Canal\u00f3n en Barcelona"},"content":{"rendered":"<figure id=\"attachment_51263\" aria-describedby=\"caption-attachment-51263\" style=\"width: 500px\" class=\"wp-caption aligncenter\"><img decoding=\"async\" class=\"wp-image-51263 size-full\" src=\"https:\/\/www.revistarambla.com\/wp-content\/uploads\/2022\/12\/elena.jpg\" alt=\"\" width=\"500\" height=\"492\" srcset=\"https:\/\/www.revistarambla.com\/wp-content\/uploads\/2022\/12\/elena.jpg 500w, https:\/\/www.revistarambla.com\/wp-content\/uploads\/2022\/12\/elena-371x365.jpg 371w, https:\/\/www.revistarambla.com\/wp-content\/uploads\/2022\/12\/elena-12x12.jpg 12w, https:\/\/www.revistarambla.com\/wp-content\/uploads\/2022\/12\/elena-70x70.jpg 70w\" sizes=\"(max-width: 500px) 100vw, 500px\" \/><figcaption id=\"caption-attachment-51263\" class=\"wp-caption-text\">Elena Rold\u00e1n.<\/figcaption><\/figure>\n<p><span style=\"font-weight: 400;\">La empresa <\/span><span style=\"text-decoration: underline;\"><a href=\"https:\/\/grupocanalon.com\/\" target=\"_blank\" rel=\"nofollow noopener\"><span style=\"font-weight: 400;\">Grupo Canal\u00f3n<\/span><\/a><\/span><span style=\"font-weight: 400;\"> y su filial B\u00e9tica Partners, han sido una de las compa\u00f1\u00edas que m\u00e1s han crecido en el sector de la consultor\u00eda financiera y la intermediaci\u00f3n en el \u00faltimo a\u00f1o. A pesar de su origen hist\u00f3rico en Andaluc\u00eda, esta empresa familiar ha disfrutado de una larga trayectoria internacional, desarrollando su actividad en distintos puntos de la geograf\u00eda mundial. Este \u00e9xito m\u00e1s all\u00e1 de nuestras fronteras no le ha impedido volver a apostar con fuerza por el mercado nacional en el pasado reciente, relocalizando su sede en Espa\u00f1a.<\/span><\/p>\n<p><span style=\"font-weight: 400;\">En el \u00faltimo a\u00f1o, <\/span><b>Grupo Canal\u00f3n, partner de la compa\u00f1\u00eda brit\u00e1nica Inversus Capital<\/b><span style=\"font-weight: 400;\">, ha cuadruplicado su cifra de negocio en el pa\u00eds, intensificando su expansi\u00f3n interna con la creaci\u00f3n de m\u00faltiples delegaciones provinciales. Barcelona ha sido una de las plazas m\u00e1s exitosas y una de las grandes apuestas de la compa\u00f1\u00eda. De cara a los muchos retos que se presentan para el a\u00f1o 2023, la c\u00fapula del grupo empresarial ha decidido renovar la direcci\u00f3n de esta delegaci\u00f3n con la elecci\u00f3n de <\/span><b>Elena Rold\u00e1n<\/b><span style=\"font-weight: 400;\"> como su nueva responsable.<\/span><\/p>\n<p><span style=\"font-weight: 400;\">\u00a8Estamos seguros de que Elena ser\u00e1 una estrella de la empresa y de todo el sector en los pr\u00f3ximos a\u00f1os. Los ejecutivos de excel y cursos de ocasi\u00f3n sobre liderazgo ya no funcionan. En su lugar, debemos apostar por l\u00edderes con personalidad que sean capaces de devolver la piel a un sector que contin\u00faa inmerso en un proceso imparable de deshumanizaci\u00f3n. Los clientes han desconectado de las finanzas porque el sector ha dejado de empatizar con ellos. <\/span><b>Elena Rold\u00e1n es una de esas personas que nos ayudar\u00e1 a devolver la proximidad al sector financiero<\/b><span style=\"font-weight: 400;\">\u201d, afirma Jer\u00f3nimo Tejada, presidente de Grupo Canal\u00f3n.<\/span><\/p>\n<h3><b>Incertidumbre econ\u00f3mica<\/b><\/h3>\n<p><span style=\"font-weight: 400;\">El empresario andaluz asume que el inicio de tiempos complejos es un hecho inminente: \u201cla econometr\u00eda no es capaz de calcular con exactitud cu\u00e1l ser\u00e1 la duraci\u00f3n y el resultado concreto del se\u00edsmo econ\u00f3mico al que nos enfrentamos. Independientemente, s\u00ed tenemos claro qu\u00e9 opciones sobrevivir\u00e1n y cu\u00e1les se enfrentar\u00e1n a su desaparici\u00f3n. En nuestro caso, la apuesta por la simplificaci\u00f3n, la econom\u00eda real y el apoyo financiero a proyectos solventes y ac\u00edclicos, es claramente ganadora. En todo caso, una cartera de servicios competitivos no es suficiente si no se cuenta con un equipo invencible en el que necesariamente se debe contar con profesionales que se emocionen con su trabajo como lo hace Elena Rold\u00e1n\u201d.<\/span><\/p>\n<p><span style=\"font-weight: 400;\">La Cambra estima un enfriamiento del crecimiento de la econom\u00eda catalana y empeora la previsi\u00f3n en t\u00e9rminos de subida de precios. M\u00e1s all\u00e1 del comportamiento de los indicadores macroecon\u00f3micos, los expertos se\u00f1alan a las familias y PYMES como los principales damnificados de este complejo escenario. A pesar de este contexto, la direcci\u00f3n de Grupo Canal\u00f3n conf\u00eda en multiplicar sus resultados en Espa\u00f1a en el a\u00f1o 2023. \u201cComo m\u00ednimo, <\/span><b>triplicaremos nuestro volumen de negocio el pr\u00f3ximo a\u00f1o. No es un deseo, ni siquiera es un objetivo, es simplemente un hecho\u201d, asegura el CEO de Grupo Canal\u00f3n.<\/b><\/p>\n<p><span style=\"font-weight: 400;\">Tejada argumenta que el nicho de mercado es el de los grandes patrimonios e importantes proyectos empresariales cuya magnitud les hace mucho m\u00e1s resistentes a los momentos de crisis ya que, incluso, suelen salir reforzados. Grupo Canal\u00f3n presume de la exclusividad de sus servicios y de un trabajo \u201cexcepcionalmente artesanal y cercano\u201d como elementos que les permiten expandirse sin pr\u00e1cticamente competencia.<\/span><\/p>\n<p><span style=\"font-weight: 400;\">A trav\u00e9s de esta renovaci\u00f3n de posiciones estrat\u00e9gicas, Grupo Canal\u00f3n conf\u00eda liderar un proceso de cambio que espera se implemente de manera generalizada en los pr\u00f3ximos a\u00f1os en muchas otras compa\u00f1\u00edas del sector. Esta nueva tendencia consiste en que los profesionales den un paso al frente, restando el protagonismo actual de las marcas que absorbe la identidad de cada una de las personas que trabajan para ellas. La elecci\u00f3n, por lo tanto, de estos nuevos ejecutivos para el siglo XXI, es posible que comience a primar elementos como los valores y la personalidad. \u201cEs momento de que el rostro, la historia y el car\u00e1cter de personas concretas sustituyan a los logos\u201d, concluye Tejada Mart\u00ednez.<\/span><\/p>","protected":false},"excerpt":{"rendered":"<p>La empresa Grupo Canal\u00f3n y su filial B\u00e9tica Partners, han sido una de las compa\u00f1\u00edas que m\u00e1s han crecido en el sector de la consultor\u00eda financiera y la intermediaci\u00f3n en el \u00faltimo a\u00f1o. A pesar de su origen hist\u00f3rico en Andaluc\u00eda, esta empresa familiar ha disfrutado de una larga trayectoria [&hellip;]<\/p>\n","protected":false},"author":3,"featured_media":51263,"comment_status":"open","ping_status":"closed","sticky":false,"template":"","format":"standard","meta":{"footnotes":""},"categories":[4103],"tags":[],"class_list":["post-51262","post","type-post","status-publish","format-standard","has-post-thumbnail","hentry","category-mas-barcelona"],"yoast_head":"<!-- This site is optimized with the Yoast SEO plugin v27.5 - https:\/\/yoast.com\/product\/yoast-seo-wordpress\/ -->\n<title>Elena Rold\u00e1n, nueva delegada de Grupo Canal\u00f3n en Barcelona - Revista Rambla<\/title>\n<meta name=\"robots\" content=\"index, follow, max-snippet:-1, max-image-preview:large, max-video-preview:-1\" \/>\n<link rel=\"canonical\" href=\"https:\/\/www.revistarambla.com\/en\/elena-roldan-nueva-delegada-de-grupo-canalon-en-barcelona\/\" \/>\n<meta property=\"og:locale\" content=\"en_GB\" \/>\n<meta property=\"og:type\" content=\"article\" \/>\n<meta property=\"og:title\" content=\"Elena Rold\u00e1n, nueva delegada de Grupo Canal\u00f3n en Barcelona - Revista Rambla\" \/>\n<meta property=\"og:description\" content=\"La empresa Grupo Canal\u00f3n y su filial B\u00e9tica Partners, han sido una de las compa\u00f1\u00edas que m\u00e1s han crecido en el sector de la consultor\u00eda financiera y la intermediaci\u00f3n en el \u00faltimo a\u00f1o. A pesar de su origen hist\u00f3rico en Andaluc\u00eda, esta empresa familiar ha disfrutado de una larga trayectoria [&hellip;]\" \/>\n<meta property=\"og:url\" content=\"https:\/\/www.revistarambla.com\/en\/elena-roldan-nueva-delegada-de-grupo-canalon-en-barcelona\/\" \/>\n<meta property=\"og:site_name\" content=\"Revista Rambla\" \/>\n<meta property=\"article:publisher\" content=\"https:\/\/www.facebook.com\/revistarambla\/\" \/>\n<meta property=\"article:author\" content=\"https:\/\/www.facebook.com\/revistarambla\" \/>\n<meta property=\"article:published_time\" content=\"2022-12-02T19:16:47+00:00\" \/>\n<meta property=\"article:modified_time\" content=\"2024-01-17T10:45:38+00:00\" \/>\n<meta property=\"og:image\" content=\"https:\/\/www.revistarambla.com\/wp-content\/uploads\/2022\/12\/elena.jpg\" \/>\n\t<meta property=\"og:image:width\" content=\"500\" \/>\n\t<meta property=\"og:image:height\" content=\"492\" \/>\n\t<meta property=\"og:image:type\" content=\"image\/jpeg\" \/>\n<meta name=\"author\" content=\"R@mbla\" \/>\n<meta name=\"twitter:card\" content=\"summary_large_image\" \/>\n<meta name=\"twitter:creator\" content=\"@revistarambla\" \/>\n<meta name=\"twitter:site\" content=\"@revistarambla\" \/>\n<meta name=\"twitter:label1\" content=\"Written by\" \/>\n\t<meta name=\"twitter:data1\" content=\"R@mbla\" \/>\n\t<meta name=\"twitter:label2\" content=\"Estimated reading time\" \/>\n\t<meta name=\"twitter:data2\" content=\"4 minutes\" \/>\n<script type=\"application\/ld+json\" class=\"yoast-schema-graph\">{\"@context\":\"https:\\\/\\\/schema.org\",\"@graph\":[{\"@type\":\"Article\",\"@id\":\"https:\\\/\\\/www.revistarambla.com\\\/elena-roldan-nueva-delegada-de-grupo-canalon-en-barcelona\\\/#article\",\"isPartOf\":{\"@id\":\"https:\\\/\\\/www.revistarambla.com\\\/elena-roldan-nueva-delegada-de-grupo-canalon-en-barcelona\\\/\"},\"author\":{\"name\":\"R@mbla\",\"@id\":\"https:\\\/\\\/www.revistarambla.com\\\/#\\\/schema\\\/person\\\/a146a5a2550b94981a75131180e1bd9c\"},\"headline\":\"Elena Rold\u00e1n, nueva delegada de Grupo Canal\u00f3n en Barcelona\",\"datePublished\":\"2022-12-02T19:16:47+00:00\",\"dateModified\":\"2024-01-17T10:45:38+00:00\",\"mainEntityOfPage\":{\"@id\":\"https:\\\/\\\/www.revistarambla.com\\\/elena-roldan-nueva-delegada-de-grupo-canalon-en-barcelona\\\/\"},\"wordCount\":763,\"commentCount\":0,\"publisher\":{\"@id\":\"https:\\\/\\\/www.revistarambla.com\\\/#organization\"},\"image\":{\"@id\":\"https:\\\/\\\/www.revistarambla.com\\\/elena-roldan-nueva-delegada-de-grupo-canalon-en-barcelona\\\/#primaryimage\"},\"thumbnailUrl\":\"https:\\\/\\\/www.revistarambla.com\\\/wp-content\\\/uploads\\\/2022\\\/12\\\/elena.jpg\",\"articleSection\":[\"M\u00e1s Barcelona\"],\"inLanguage\":\"en-GB\",\"potentialAction\":[{\"@type\":\"CommentAction\",\"name\":\"Comment\",\"target\":[\"https:\\\/\\\/www.revistarambla.com\\\/elena-roldan-nueva-delegada-de-grupo-canalon-en-barcelona\\\/#respond\"]}]},{\"@type\":\"WebPage\",\"@id\":\"https:\\\/\\\/www.revistarambla.com\\\/elena-roldan-nueva-delegada-de-grupo-canalon-en-barcelona\\\/\",\"url\":\"https:\\\/\\\/www.revistarambla.com\\\/elena-roldan-nueva-delegada-de-grupo-canalon-en-barcelona\\\/\",\"name\":\"Elena Rold\u00e1n, nueva delegada de Grupo Canal\u00f3n en Barcelona - Revista Rambla\",\"isPartOf\":{\"@id\":\"https:\\\/\\\/www.revistarambla.com\\\/#website\"},\"primaryImageOfPage\":{\"@id\":\"https:\\\/\\\/www.revistarambla.com\\\/elena-roldan-nueva-delegada-de-grupo-canalon-en-barcelona\\\/#primaryimage\"},\"image\":{\"@id\":\"https:\\\/\\\/www.revistarambla.com\\\/elena-roldan-nueva-delegada-de-grupo-canalon-en-barcelona\\\/#primaryimage\"},\"thumbnailUrl\":\"https:\\\/\\\/www.revistarambla.com\\\/wp-content\\\/uploads\\\/2022\\\/12\\\/elena.jpg\",\"datePublished\":\"2022-12-02T19:16:47+00:00\",\"dateModified\":\"2024-01-17T10:45:38+00:00\",\"breadcrumb\":{\"@id\":\"https:\\\/\\\/www.revistarambla.com\\\/elena-roldan-nueva-delegada-de-grupo-canalon-en-barcelona\\\/#breadcrumb\"},\"inLanguage\":\"en-GB\",\"potentialAction\":[{\"@type\":\"ReadAction\",\"target\":[\"https:\\\/\\\/www.revistarambla.com\\\/elena-roldan-nueva-delegada-de-grupo-canalon-en-barcelona\\\/\"]}]},{\"@type\":\"ImageObject\",\"inLanguage\":\"en-GB\",\"@id\":\"https:\\\/\\\/www.revistarambla.com\\\/elena-roldan-nueva-delegada-de-grupo-canalon-en-barcelona\\\/#primaryimage\",\"url\":\"https:\\\/\\\/www.revistarambla.com\\\/wp-content\\\/uploads\\\/2022\\\/12\\\/elena.jpg\",\"contentUrl\":\"https:\\\/\\\/www.revistarambla.com\\\/wp-content\\\/uploads\\\/2022\\\/12\\\/elena.jpg\",\"width\":500,\"height\":492},{\"@type\":\"BreadcrumbList\",\"@id\":\"https:\\\/\\\/www.revistarambla.com\\\/elena-roldan-nueva-delegada-de-grupo-canalon-en-barcelona\\\/#breadcrumb\",\"itemListElement\":[{\"@type\":\"ListItem\",\"position\":1,\"name\":\"Portada\",\"item\":\"https:\\\/\\\/www.revistarambla.com\\\/\"},{\"@type\":\"ListItem\",\"position\":2,\"name\":\"Elena Rold\u00e1n, nueva delegada de Grupo Canal\u00f3n en Barcelona\"}]},{\"@type\":\"WebSite\",\"@id\":\"https:\\\/\\\/www.revistarambla.com\\\/#website\",\"url\":\"https:\\\/\\\/www.revistarambla.com\\\/\",\"name\":\"Revista Rambla Barcelona\",\"description\":\"Periodismo independiente\",\"publisher\":{\"@id\":\"https:\\\/\\\/www.revistarambla.com\\\/#organization\"},\"potentialAction\":[{\"@type\":\"SearchAction\",\"target\":{\"@type\":\"EntryPoint\",\"urlTemplate\":\"https:\\\/\\\/www.revistarambla.com\\\/?s={search_term_string}\"},\"query-input\":{\"@type\":\"PropertyValueSpecification\",\"valueRequired\":true,\"valueName\":\"search_term_string\"}}],\"inLanguage\":\"en-GB\"},{\"@type\":\"Organization\",\"@id\":\"https:\\\/\\\/www.revistarambla.com\\\/#organization\",\"name\":\"Revista Rambla\",\"url\":\"https:\\\/\\\/www.revistarambla.com\\\/\",\"logo\":{\"@type\":\"ImageObject\",\"inLanguage\":\"en-GB\",\"@id\":\"https:\\\/\\\/www.revistarambla.com\\\/#\\\/schema\\\/logo\\\/image\\\/\",\"url\":\"https:\\\/\\\/www.revistarambla.com\\\/wp-content\\\/uploads\\\/2020\\\/09\\\/banner_rambla_1900x600_BB.png\",\"contentUrl\":\"https:\\\/\\\/www.revistarambla.com\\\/wp-content\\\/uploads\\\/2020\\\/09\\\/banner_rambla_1900x600_BB.png\",\"width\":1900,\"height\":600,\"caption\":\"Revista Rambla\"},\"image\":{\"@id\":\"https:\\\/\\\/www.revistarambla.com\\\/#\\\/schema\\\/logo\\\/image\\\/\"},\"sameAs\":[\"https:\\\/\\\/www.facebook.com\\\/revistarambla\\\/\",\"https:\\\/\\\/x.com\\\/revistarambla\",\"https:\\\/\\\/www.instagram.com\\\/revista_rambla\",\"https:\\\/\\\/es.linkedin.com\\\/company\\\/revista-rambla\"]},{\"@type\":\"Person\",\"@id\":\"https:\\\/\\\/www.revistarambla.com\\\/#\\\/schema\\\/person\\\/a146a5a2550b94981a75131180e1bd9c\",\"name\":\"R@mbla\",\"description\":\"Este art\u00edculo ha sido redactado y\\\/o validado por el equipo de redacci\u00f3n de Revista Rambla.\",\"sameAs\":[\"https:\\\/\\\/www.revistarambla.com\\\/\",\"https:\\\/\\\/www.facebook.com\\\/revistarambla\",\"https:\\\/\\\/x.com\\\/revistarambla\"]}]}<\/script>\n<!-- \/ Yoast SEO plugin. -->","yoast_head_json":{"title":"Elena Rold\u00e1n, nueva delegada de Grupo Canal\u00f3n en Barcelona - Revista Rambla","robots":{"index":"index","follow":"follow","max-snippet":"max-snippet:-1","max-image-preview":"max-image-preview:large","max-video-preview":"max-video-preview:-1"},"canonical":"https:\/\/www.revistarambla.com\/en\/elena-roldan-nueva-delegada-de-grupo-canalon-en-barcelona\/","og_locale":"en_GB","og_type":"article","og_title":"Elena Rold\u00e1n, nueva delegada de Grupo Canal\u00f3n en Barcelona - Revista Rambla","og_description":"La empresa Grupo Canal\u00f3n y su filial B\u00e9tica Partners, han sido una de las compa\u00f1\u00edas que m\u00e1s han crecido en el sector de la consultor\u00eda financiera y la intermediaci\u00f3n en el \u00faltimo a\u00f1o. A pesar de su origen hist\u00f3rico en Andaluc\u00eda, esta empresa familiar ha disfrutado de una larga trayectoria [&hellip;]","og_url":"https:\/\/www.revistarambla.com\/en\/elena-roldan-nueva-delegada-de-grupo-canalon-en-barcelona\/","og_site_name":"Revista Rambla","article_publisher":"https:\/\/www.facebook.com\/revistarambla\/","article_author":"https:\/\/www.facebook.com\/revistarambla","article_published_time":"2022-12-02T19:16:47+00:00","article_modified_time":"2024-01-17T10:45:38+00:00","og_image":[{"width":500,"height":492,"url":"https:\/\/www.revistarambla.com\/wp-content\/uploads\/2022\/12\/elena.jpg","type":"image\/jpeg"}],"author":"R@mbla","twitter_card":"summary_large_image","twitter_creator":"@revistarambla","twitter_site":"@revistarambla","twitter_misc":{"Written by":"R@mbla","Estimated reading time":"4 minutes"},"schema":{"@context":"https:\/\/schema.org","@graph":[{"@type":"Article","@id":"https:\/\/www.revistarambla.com\/elena-roldan-nueva-delegada-de-grupo-canalon-en-barcelona\/#article","isPartOf":{"@id":"https:\/\/www.revistarambla.com\/elena-roldan-nueva-delegada-de-grupo-canalon-en-barcelona\/"},"author":{"name":"R@mbla","@id":"https:\/\/www.revistarambla.com\/#\/schema\/person\/a146a5a2550b94981a75131180e1bd9c"},"headline":"Elena Rold\u00e1n, nueva delegada de Grupo Canal\u00f3n en Barcelona","datePublished":"2022-12-02T19:16:47+00:00","dateModified":"2024-01-17T10:45:38+00:00","mainEntityOfPage":{"@id":"https:\/\/www.revistarambla.com\/elena-roldan-nueva-delegada-de-grupo-canalon-en-barcelona\/"},"wordCount":763,"commentCount":0,"publisher":{"@id":"https:\/\/www.revistarambla.com\/#organization"},"image":{"@id":"https:\/\/www.revistarambla.com\/elena-roldan-nueva-delegada-de-grupo-canalon-en-barcelona\/#primaryimage"},"thumbnailUrl":"https:\/\/www.revistarambla.com\/wp-content\/uploads\/2022\/12\/elena.jpg","articleSection":["M\u00e1s Barcelona"],"inLanguage":"en-GB","potentialAction":[{"@type":"CommentAction","name":"Comment","target":["https:\/\/www.revistarambla.com\/elena-roldan-nueva-delegada-de-grupo-canalon-en-barcelona\/#respond"]}]},{"@type":"WebPage","@id":"https:\/\/www.revistarambla.com\/elena-roldan-nueva-delegada-de-grupo-canalon-en-barcelona\/","url":"https:\/\/www.revistarambla.com\/elena-roldan-nueva-delegada-de-grupo-canalon-en-barcelona\/","name":"Elena Rold\u00e1n, nueva delegada de Grupo Canal\u00f3n en Barcelona - Revista Rambla","isPartOf":{"@id":"https:\/\/www.revistarambla.com\/#website"},"primaryImageOfPage":{"@id":"https:\/\/www.revistarambla.com\/elena-roldan-nueva-delegada-de-grupo-canalon-en-barcelona\/#primaryimage"},"image":{"@id":"https:\/\/www.revistarambla.com\/elena-roldan-nueva-delegada-de-grupo-canalon-en-barcelona\/#primaryimage"},"thumbnailUrl":"https:\/\/www.revistarambla.com\/wp-content\/uploads\/2022\/12\/elena.jpg","datePublished":"2022-12-02T19:16:47+00:00","dateModified":"2024-01-17T10:45:38+00:00","breadcrumb":{"@id":"https:\/\/www.revistarambla.com\/elena-roldan-nueva-delegada-de-grupo-canalon-en-barcelona\/#breadcrumb"},"inLanguage":"en-GB","potentialAction":[{"@type":"ReadAction","target":["https:\/\/www.revistarambla.com\/elena-roldan-nueva-delegada-de-grupo-canalon-en-barcelona\/"]}]},{"@type":"ImageObject","inLanguage":"en-GB","@id":"https:\/\/www.revistarambla.com\/elena-roldan-nueva-delegada-de-grupo-canalon-en-barcelona\/#primaryimage","url":"https:\/\/www.revistarambla.com\/wp-content\/uploads\/2022\/12\/elena.jpg","contentUrl":"https:\/\/www.revistarambla.com\/wp-content\/uploads\/2022\/12\/elena.jpg","width":500,"height":492},{"@type":"BreadcrumbList","@id":"https:\/\/www.revistarambla.com\/elena-roldan-nueva-delegada-de-grupo-canalon-en-barcelona\/#breadcrumb","itemListElement":[{"@type":"ListItem","position":1,"name":"Portada","item":"https:\/\/www.revistarambla.com\/"},{"@type":"ListItem","position":2,"name":"Elena Rold\u00e1n, nueva delegada de Grupo Canal\u00f3n en Barcelona"}]},{"@type":"WebSite","@id":"https:\/\/www.revistarambla.com\/#website","url":"https:\/\/www.revistarambla.com\/","name":"Revista Rambla Barcelona","description":"Periodismo independiente","publisher":{"@id":"https:\/\/www.revistarambla.com\/#organization"},"potentialAction":[{"@type":"SearchAction","target":{"@type":"EntryPoint","urlTemplate":"https:\/\/www.revistarambla.com\/?s={search_term_string}"},"query-input":{"@type":"PropertyValueSpecification","valueRequired":true,"valueName":"search_term_string"}}],"inLanguage":"en-GB"},{"@type":"Organization","@id":"https:\/\/www.revistarambla.com\/#organization","name":"Revista Rambla","url":"https:\/\/www.revistarambla.com\/","logo":{"@type":"ImageObject","inLanguage":"en-GB","@id":"https:\/\/www.revistarambla.com\/#\/schema\/logo\/image\/","url":"https:\/\/www.revistarambla.com\/wp-content\/uploads\/2020\/09\/banner_rambla_1900x600_BB.png","contentUrl":"https:\/\/www.revistarambla.com\/wp-content\/uploads\/2020\/09\/banner_rambla_1900x600_BB.png","width":1900,"height":600,"caption":"Revista Rambla"},"image":{"@id":"https:\/\/www.revistarambla.com\/#\/schema\/logo\/image\/"},"sameAs":["https:\/\/www.facebook.com\/revistarambla\/","https:\/\/x.com\/revistarambla","https:\/\/www.instagram.com\/revista_rambla","https:\/\/es.linkedin.com\/company\/revista-rambla"]},{"@type":"Person","@id":"https:\/\/www.revistarambla.com\/#\/schema\/person\/a146a5a2550b94981a75131180e1bd9c","name":"R@mbla","description":"Este art\u00edculo ha sido redactado y\/o validado por el equipo de redacci\u00f3n de Revista Rambla.","sameAs":["https:\/\/www.revistarambla.com\/","https:\/\/www.facebook.com\/revistarambla","https:\/\/x.com\/revistarambla"]}]}},"_links":{"self":[{"href":"https:\/\/www.revistarambla.com\/en\/wp-json\/wp\/v2\/posts\/51262","targetHints":{"allow":["GET"]}}],"collection":[{"href":"https:\/\/www.revistarambla.com\/en\/wp-json\/wp\/v2\/posts"}],"about":[{"href":"https:\/\/www.revistarambla.com\/en\/wp-json\/wp\/v2\/types\/post"}],"author":[{"embeddable":true,"href":"https:\/\/www.revistarambla.com\/en\/wp-json\/wp\/v2\/users\/3"}],"replies":[{"embeddable":true,"href":"https:\/\/www.revistarambla.com\/en\/wp-json\/wp\/v2\/comments?post=51262"}],"version-history":[{"count":2,"href":"https:\/\/www.revistarambla.com\/en\/wp-json\/wp\/v2\/posts\/51262\/revisions"}],"predecessor-version":[{"id":51265,"href":"https:\/\/www.revistarambla.com\/en\/wp-json\/wp\/v2\/posts\/51262\/revisions\/51265"}],"wp:featuredmedia":[{"embeddable":true,"href":"https:\/\/www.revistarambla.com\/en\/wp-json\/wp\/v2\/media\/51263"}],"wp:attachment":[{"href":"https:\/\/www.revistarambla.com\/en\/wp-json\/wp\/v2\/media?parent=51262"}],"wp:term":[{"taxonomy":"category","embeddable":true,"href":"https:\/\/www.revistarambla.com\/en\/wp-json\/wp\/v2\/categories?post=51262"},{"taxonomy":"post_tag","embeddable":true,"href":"https:\/\/www.revistarambla.com\/en\/wp-json\/wp\/v2\/tags?post=51262"}],"curies":[{"name":"wp","href":"https:\/\/api.w.org\/{rel}","templated":true}]}}