{"id":51153,"date":"2022-11-28T00:08:09","date_gmt":"2022-11-27T23:08:09","guid":{"rendered":"https:\/\/www.revistarambla.com\/?p=51153"},"modified":"2022-11-28T12:28:32","modified_gmt":"2022-11-28T11:28:32","slug":"gaudi-no-es-solo-la-sagrada-familia-la-casa-batllo-y-otros-monumentos","status":"publish","type":"post","link":"https:\/\/www.revistarambla.com\/en\/gaudi-no-es-solo-la-sagrada-familia-la-casa-batllo-y-otros-monumentos\/","title":{"rendered":"Gaud\u00ed no es solo la Sagrada Familia: la casa Batll\u00f3 y otros monumentos"},"content":{"rendered":"<p><span style=\"font-weight: 400;\">Barcelona est\u00e1 considerada por el turismo como la segunda capital de Espa\u00f1a, ya que se trata de una de las ciudades con m\u00e1s visitas vacacionales de Espa\u00f1a, tanto por el turista nacional, como por el turista internacional. Esto se debe a todas las oportunidades que ofrece esta ciudad, entre ellas, una gran oferta cultural y toda la riqueza hist\u00f3rica de una ciudad cuyos or\u00edgenes se remontan a a\u00f1os anteriores a nuestra era, durante el dominio romano.<\/span><\/p>\n<p><span style=\"font-weight: 400;\">Desde la Catedral de Barcelona, consagrada a Santa Eulalia, y su claustro, donde trece gansos simbolizan los martirios de la santa, y los restos de la muralla medieval, Barcelona destaca por ser una de las ciudades de Espa\u00f1a donde el modernismo arquitect\u00f3nico dej\u00f3 mayor huella. Entre otros muchos artistas de esta vertiente cultural, de finales del siglo XIX y principios del siglo XX, destaca Antonio Gaud\u00ed, el arquitecto que dej\u00f3 huella en varios rincones de la ciudad.<\/span><\/p>\n<p><span style=\"font-weight: 400;\">Veamos a continuaci\u00f3n algunos de los enclaves m\u00e1s importantes de la ciudad que le debemos a las ideas de Gaud\u00ed.<\/span><\/p>\n<h2><span style=\"font-weight: 400;\">La Sagrada Familia<\/span><\/h2>\n<p><span style=\"font-weight: 400;\">Aunque muchas personas <\/span><b>creen que la Sagrada Familia es la Catedral de Barcelona, est\u00e1n equivocados, pues se trata de una bas\u00edlica<\/b><span style=\"font-weight: 400;\">, aunque su imponente tama\u00f1o y renombre nos hagan pensar lo contrario.<\/span><\/p>\n<p><span style=\"font-weight: 400;\">La Sagrada Familia se comenz\u00f3 a construir en 1882, y a d\u00eda de hoy, sigue en construcci\u00f3n, financiada gracias a la <\/span><a href=\"https:\/\/sagradafamiliaentradas.com\/\"><span style=\"font-weight: 400;\">entrada Sagrada Familia<\/span><\/a><span style=\"font-weight: 400;\"> de las personas que visitan este monumento digno de admirar, aunque no est\u00e9 acabado. <\/span><b>Entre sus elementos arquitect\u00f3nicos, destacan las dos grandes entradas: la fachada del Nacimiento y la fachada de la Pasi\u00f3n<\/b><span style=\"font-weight: 400;\">.\u00a0<\/span><\/p>\n<p><span style=\"font-weight: 400;\">En la fachada del Nacimiento se observan varias escenas de la Natividad de Cristo, adornadas con simbolog\u00eda vegetal, animal e instrumentos musicales. La fachada de la Pasi\u00f3n representa, en su centro, el descenso de Cristo de la Cruz; y en sus laterales, varias escenas previas y posteriores a su muerte y resurrecci\u00f3n.\u00a0<\/span><\/p>\n<p><span style=\"font-weight: 400;\">Cabe destacar la diferencia estil\u00edstica entre las fachadas: <\/span><b>la fachada del Nacimiento sigue una est\u00e9tica realista y fue dise\u00f1ada por Gaud\u00ed, mientras que la fachada de la Pasi\u00f3n se vuelve m\u00e1s abstracta, con figuras antropom\u00f3rficas estilizadas con figuras geom\u00e9tricas, siendo obra del escultor Josep Mar\u00eda Subirachs,<\/b><span style=\"font-weight: 400;\"> y que se llev\u00f3 a cabo muchos a\u00f1os despu\u00e9s de la muerte de Gaud\u00ed, entre 1987 y 2009.<\/span><\/p>\n<p><span style=\"font-weight: 400;\">En su interior, <\/span><b>destacan el templo en forma de cruz latina, con grandes y abundantes vidrieras<\/b><span style=\"font-weight: 400;\"> de colores, y columnas que simbolizan \u00e1rboles y un gran bosque en su interior; <\/span><b>as\u00ed como la cripta, donde descansan los restos mortales de Gaud\u00ed<\/b><span style=\"font-weight: 400;\">.<\/span><\/p>\n<h2><span style=\"font-weight: 400;\">La Casa Batll\u00f3<\/span><\/h2>\n<p><span style=\"font-weight: 400;\">Al igual que para visitar la Sagrada Familia y otros monumentos de Barcelona, recomendamos adquirir <\/span><a href=\"https:\/\/sagradafamiliaentradas.com\/casa-batllo-barcelona\/\"><span style=\"font-weight: 400;\">Casa Batll\u00f3 entradas<\/span><\/a><span style=\"font-weight: 400;\"> previamente, para no esperar mucho tiempo en los puntos de venta y asegurarte que no se haya completado el aforo antes de que llegues.<\/span><\/p>\n<p><b>La Casa Batll\u00f3 es la m\u00e1s conocida manifestaci\u00f3n de arquitectura sumada a artes decorativas realizada por Gaud\u00ed<\/b><span style=\"font-weight: 400;\">. En este conjunto podr\u00edamos incluir su labor en la Casa Vicens, Calvet, Mil\u00e0, el Palacio G\u00fcell y la Torre Bellesguard.<\/span><\/p>\n<p><span style=\"font-weight: 400;\">La Casa Batll\u00f3 <\/span><b>se encuentra en la conocida Manzana de la Discordia,<\/b><span style=\"font-weight: 400;\"> junto a la Casa Amatller de Cadafalch, la Casa Lle\u00f3 Morera de Dom\u00e8nech, la Casa Mulleras de Sagnier y la Casa Josefina Bonet de Coquillat.\u00a0<\/span><\/p>\n<p><span style=\"font-weight: 400;\">La Casa Batll\u00f3 <\/span><b>pertenece a la etapa naturalista de Gaud\u00ed, y fue construida entre 1904 y 1906<\/b><span style=\"font-weight: 400;\">, a\u00f1os entre los que se cre\u00f3 este complejo arquitect\u00f3nico, donde <\/span><b>las formas org\u00e1nicas de la naturaleza se observan en cada rinc\u00f3n, todo combinado por el racionalismo y equilibrio cl\u00e1sico junto a la exagerada decoraci\u00f3n barroca<\/b><span style=\"font-weight: 400;\">, dos aspectos clave para entender la obra de Gaud\u00ed.<\/span><\/p>\n<p><span style=\"font-weight: 400;\">Otros monumentos de Gaud\u00ed que no puedes dejar de visitar si est\u00e1s en Barcelona, son el Parque G\u00fcell, la Torre Bellesguard, la Casa Vicens, la Casa Mil\u00e0, la Fuente de H\u00e9rcules en el Palacio Real de Pedralbes y el Portal Miralles, entre otros.<\/span><\/p>","protected":false},"excerpt":{"rendered":"<p>Barcelona est\u00e1 considerada por el turismo como la segunda capital de Espa\u00f1a, ya que se trata de una de las ciudades con m\u00e1s visitas vacacionales de Espa\u00f1a, tanto por el turista nacional, como por el turista internacional. Esto se debe a todas las oportunidades que ofrece esta ciudad, entre ellas, [&hellip;]<\/p>\n","protected":false},"author":3,"featured_media":51154,"comment_status":"open","ping_status":"closed","sticky":false,"template":"","format":"standard","meta":{"footnotes":""},"categories":[66],"tags":[],"class_list":["post-51153","post","type-post","status-publish","format-standard","has-post-thumbnail","hentry","category-viajes"],"yoast_head":"<!-- This site is optimized with the Yoast SEO plugin v27.5 - https:\/\/yoast.com\/product\/yoast-seo-wordpress\/ -->\n<title>Gaud\u00ed no es solo la Sagrada Familia: la casa Batll\u00f3 y otros monumentos - Revista Rambla<\/title>\n<meta name=\"robots\" content=\"index, follow, max-snippet:-1, max-image-preview:large, max-video-preview:-1\" \/>\n<link rel=\"canonical\" href=\"https:\/\/www.revistarambla.com\/en\/gaudi-no-es-solo-la-sagrada-familia-la-casa-batllo-y-otros-monumentos\/\" \/>\n<meta property=\"og:locale\" content=\"en_GB\" \/>\n<meta property=\"og:type\" content=\"article\" \/>\n<meta property=\"og:title\" content=\"Gaud\u00ed no es solo la Sagrada Familia: la casa Batll\u00f3 y otros monumentos - Revista Rambla\" \/>\n<meta property=\"og:description\" content=\"Barcelona est\u00e1 considerada por el turismo como la segunda capital de Espa\u00f1a, ya que se trata de una de las ciudades con m\u00e1s visitas vacacionales de Espa\u00f1a, tanto por el turista nacional, como por el turista internacional. Esto se debe a todas las oportunidades que ofrece esta ciudad, entre ellas, [&hellip;]\" \/>\n<meta property=\"og:url\" content=\"https:\/\/www.revistarambla.com\/en\/gaudi-no-es-solo-la-sagrada-familia-la-casa-batllo-y-otros-monumentos\/\" \/>\n<meta property=\"og:site_name\" content=\"Revista Rambla\" \/>\n<meta property=\"article:publisher\" content=\"https:\/\/www.facebook.com\/revistarambla\/\" \/>\n<meta property=\"article:author\" content=\"https:\/\/www.facebook.com\/revistarambla\" \/>\n<meta property=\"article:published_time\" content=\"2022-11-27T23:08:09+00:00\" \/>\n<meta property=\"article:modified_time\" content=\"2022-11-28T11:28:32+00:00\" \/>\n<meta property=\"og:image\" content=\"https:\/\/www.revistarambla.com\/wp-content\/uploads\/2022\/11\/monumentos_gaudi.jpg\" \/>\n\t<meta property=\"og:image:width\" content=\"563\" \/>\n\t<meta property=\"og:image:height\" content=\"314\" \/>\n\t<meta property=\"og:image:type\" content=\"image\/jpeg\" \/>\n<meta name=\"author\" content=\"R@mbla\" \/>\n<meta name=\"twitter:card\" content=\"summary_large_image\" \/>\n<meta name=\"twitter:creator\" content=\"@revistarambla\" \/>\n<meta name=\"twitter:site\" content=\"@revistarambla\" \/>\n<meta name=\"twitter:label1\" content=\"Written by\" \/>\n\t<meta name=\"twitter:data1\" content=\"R@mbla\" \/>\n\t<meta name=\"twitter:label2\" content=\"Estimated reading time\" \/>\n\t<meta name=\"twitter:data2\" content=\"3 minutes\" \/>\n<script type=\"application\/ld+json\" class=\"yoast-schema-graph\">{\"@context\":\"https:\\\/\\\/schema.org\",\"@graph\":[{\"@type\":\"Article\",\"@id\":\"https:\\\/\\\/www.revistarambla.com\\\/gaudi-no-es-solo-la-sagrada-familia-la-casa-batllo-y-otros-monumentos\\\/#article\",\"isPartOf\":{\"@id\":\"https:\\\/\\\/www.revistarambla.com\\\/gaudi-no-es-solo-la-sagrada-familia-la-casa-batllo-y-otros-monumentos\\\/\"},\"author\":{\"name\":\"R@mbla\",\"@id\":\"https:\\\/\\\/www.revistarambla.com\\\/#\\\/schema\\\/person\\\/a146a5a2550b94981a75131180e1bd9c\"},\"headline\":\"Gaud\u00ed no es solo la Sagrada Familia: la casa Batll\u00f3 y otros monumentos\",\"datePublished\":\"2022-11-27T23:08:09+00:00\",\"dateModified\":\"2022-11-28T11:28:32+00:00\",\"mainEntityOfPage\":{\"@id\":\"https:\\\/\\\/www.revistarambla.com\\\/gaudi-no-es-solo-la-sagrada-familia-la-casa-batllo-y-otros-monumentos\\\/\"},\"wordCount\":697,\"commentCount\":1,\"publisher\":{\"@id\":\"https:\\\/\\\/www.revistarambla.com\\\/#organization\"},\"image\":{\"@id\":\"https:\\\/\\\/www.revistarambla.com\\\/gaudi-no-es-solo-la-sagrada-familia-la-casa-batllo-y-otros-monumentos\\\/#primaryimage\"},\"thumbnailUrl\":\"https:\\\/\\\/www.revistarambla.com\\\/wp-content\\\/uploads\\\/2022\\\/11\\\/monumentos_gaudi.jpg\",\"articleSection\":[\"Viajes\"],\"inLanguage\":\"en-GB\",\"potentialAction\":[{\"@type\":\"CommentAction\",\"name\":\"Comment\",\"target\":[\"https:\\\/\\\/www.revistarambla.com\\\/gaudi-no-es-solo-la-sagrada-familia-la-casa-batllo-y-otros-monumentos\\\/#respond\"]}]},{\"@type\":\"WebPage\",\"@id\":\"https:\\\/\\\/www.revistarambla.com\\\/gaudi-no-es-solo-la-sagrada-familia-la-casa-batllo-y-otros-monumentos\\\/\",\"url\":\"https:\\\/\\\/www.revistarambla.com\\\/gaudi-no-es-solo-la-sagrada-familia-la-casa-batllo-y-otros-monumentos\\\/\",\"name\":\"Gaud\u00ed no es solo la Sagrada Familia: la casa Batll\u00f3 y otros monumentos - Revista Rambla\",\"isPartOf\":{\"@id\":\"https:\\\/\\\/www.revistarambla.com\\\/#website\"},\"primaryImageOfPage\":{\"@id\":\"https:\\\/\\\/www.revistarambla.com\\\/gaudi-no-es-solo-la-sagrada-familia-la-casa-batllo-y-otros-monumentos\\\/#primaryimage\"},\"image\":{\"@id\":\"https:\\\/\\\/www.revistarambla.com\\\/gaudi-no-es-solo-la-sagrada-familia-la-casa-batllo-y-otros-monumentos\\\/#primaryimage\"},\"thumbnailUrl\":\"https:\\\/\\\/www.revistarambla.com\\\/wp-content\\\/uploads\\\/2022\\\/11\\\/monumentos_gaudi.jpg\",\"datePublished\":\"2022-11-27T23:08:09+00:00\",\"dateModified\":\"2022-11-28T11:28:32+00:00\",\"breadcrumb\":{\"@id\":\"https:\\\/\\\/www.revistarambla.com\\\/gaudi-no-es-solo-la-sagrada-familia-la-casa-batllo-y-otros-monumentos\\\/#breadcrumb\"},\"inLanguage\":\"en-GB\",\"potentialAction\":[{\"@type\":\"ReadAction\",\"target\":[\"https:\\\/\\\/www.revistarambla.com\\\/gaudi-no-es-solo-la-sagrada-familia-la-casa-batllo-y-otros-monumentos\\\/\"]}]},{\"@type\":\"ImageObject\",\"inLanguage\":\"en-GB\",\"@id\":\"https:\\\/\\\/www.revistarambla.com\\\/gaudi-no-es-solo-la-sagrada-familia-la-casa-batllo-y-otros-monumentos\\\/#primaryimage\",\"url\":\"https:\\\/\\\/www.revistarambla.com\\\/wp-content\\\/uploads\\\/2022\\\/11\\\/monumentos_gaudi.jpg\",\"contentUrl\":\"https:\\\/\\\/www.revistarambla.com\\\/wp-content\\\/uploads\\\/2022\\\/11\\\/monumentos_gaudi.jpg\",\"width\":563,\"height\":314,\"caption\":\"gaud\u00ed arquitecto\"},{\"@type\":\"BreadcrumbList\",\"@id\":\"https:\\\/\\\/www.revistarambla.com\\\/gaudi-no-es-solo-la-sagrada-familia-la-casa-batllo-y-otros-monumentos\\\/#breadcrumb\",\"itemListElement\":[{\"@type\":\"ListItem\",\"position\":1,\"name\":\"Portada\",\"item\":\"https:\\\/\\\/www.revistarambla.com\\\/\"},{\"@type\":\"ListItem\",\"position\":2,\"name\":\"Gaud\u00ed no es solo la Sagrada Familia: la casa Batll\u00f3 y otros monumentos\"}]},{\"@type\":\"WebSite\",\"@id\":\"https:\\\/\\\/www.revistarambla.com\\\/#website\",\"url\":\"https:\\\/\\\/www.revistarambla.com\\\/\",\"name\":\"Revista Rambla Barcelona\",\"description\":\"Periodismo independiente\",\"publisher\":{\"@id\":\"https:\\\/\\\/www.revistarambla.com\\\/#organization\"},\"potentialAction\":[{\"@type\":\"SearchAction\",\"target\":{\"@type\":\"EntryPoint\",\"urlTemplate\":\"https:\\\/\\\/www.revistarambla.com\\\/?s={search_term_string}\"},\"query-input\":{\"@type\":\"PropertyValueSpecification\",\"valueRequired\":true,\"valueName\":\"search_term_string\"}}],\"inLanguage\":\"en-GB\"},{\"@type\":\"Organization\",\"@id\":\"https:\\\/\\\/www.revistarambla.com\\\/#organization\",\"name\":\"Revista Rambla\",\"url\":\"https:\\\/\\\/www.revistarambla.com\\\/\",\"logo\":{\"@type\":\"ImageObject\",\"inLanguage\":\"en-GB\",\"@id\":\"https:\\\/\\\/www.revistarambla.com\\\/#\\\/schema\\\/logo\\\/image\\\/\",\"url\":\"https:\\\/\\\/www.revistarambla.com\\\/wp-content\\\/uploads\\\/2020\\\/09\\\/banner_rambla_1900x600_BB.png\",\"contentUrl\":\"https:\\\/\\\/www.revistarambla.com\\\/wp-content\\\/uploads\\\/2020\\\/09\\\/banner_rambla_1900x600_BB.png\",\"width\":1900,\"height\":600,\"caption\":\"Revista Rambla\"},\"image\":{\"@id\":\"https:\\\/\\\/www.revistarambla.com\\\/#\\\/schema\\\/logo\\\/image\\\/\"},\"sameAs\":[\"https:\\\/\\\/www.facebook.com\\\/revistarambla\\\/\",\"https:\\\/\\\/x.com\\\/revistarambla\",\"https:\\\/\\\/www.instagram.com\\\/revista_rambla\",\"https:\\\/\\\/es.linkedin.com\\\/company\\\/revista-rambla\"]},{\"@type\":\"Person\",\"@id\":\"https:\\\/\\\/www.revistarambla.com\\\/#\\\/schema\\\/person\\\/a146a5a2550b94981a75131180e1bd9c\",\"name\":\"R@mbla\",\"description\":\"Este art\u00edculo ha sido redactado y\\\/o validado por el equipo de redacci\u00f3n de Revista Rambla.\",\"sameAs\":[\"https:\\\/\\\/www.revistarambla.com\\\/\",\"https:\\\/\\\/www.facebook.com\\\/revistarambla\",\"https:\\\/\\\/x.com\\\/revistarambla\"]}]}<\/script>\n<!-- \/ Yoast SEO plugin. -->","yoast_head_json":{"title":"Gaud\u00ed no es solo la Sagrada Familia: la casa Batll\u00f3 y otros monumentos - Revista Rambla","robots":{"index":"index","follow":"follow","max-snippet":"max-snippet:-1","max-image-preview":"max-image-preview:large","max-video-preview":"max-video-preview:-1"},"canonical":"https:\/\/www.revistarambla.com\/en\/gaudi-no-es-solo-la-sagrada-familia-la-casa-batllo-y-otros-monumentos\/","og_locale":"en_GB","og_type":"article","og_title":"Gaud\u00ed no es solo la Sagrada Familia: la casa Batll\u00f3 y otros monumentos - Revista Rambla","og_description":"Barcelona est\u00e1 considerada por el turismo como la segunda capital de Espa\u00f1a, ya que se trata de una de las ciudades con m\u00e1s visitas vacacionales de Espa\u00f1a, tanto por el turista nacional, como por el turista internacional. Esto se debe a todas las oportunidades que ofrece esta ciudad, entre ellas, [&hellip;]","og_url":"https:\/\/www.revistarambla.com\/en\/gaudi-no-es-solo-la-sagrada-familia-la-casa-batllo-y-otros-monumentos\/","og_site_name":"Revista Rambla","article_publisher":"https:\/\/www.facebook.com\/revistarambla\/","article_author":"https:\/\/www.facebook.com\/revistarambla","article_published_time":"2022-11-27T23:08:09+00:00","article_modified_time":"2022-11-28T11:28:32+00:00","og_image":[{"width":563,"height":314,"url":"https:\/\/www.revistarambla.com\/wp-content\/uploads\/2022\/11\/monumentos_gaudi.jpg","type":"image\/jpeg"}],"author":"R@mbla","twitter_card":"summary_large_image","twitter_creator":"@revistarambla","twitter_site":"@revistarambla","twitter_misc":{"Written by":"R@mbla","Estimated reading time":"3 minutes"},"schema":{"@context":"https:\/\/schema.org","@graph":[{"@type":"Article","@id":"https:\/\/www.revistarambla.com\/gaudi-no-es-solo-la-sagrada-familia-la-casa-batllo-y-otros-monumentos\/#article","isPartOf":{"@id":"https:\/\/www.revistarambla.com\/gaudi-no-es-solo-la-sagrada-familia-la-casa-batllo-y-otros-monumentos\/"},"author":{"name":"R@mbla","@id":"https:\/\/www.revistarambla.com\/#\/schema\/person\/a146a5a2550b94981a75131180e1bd9c"},"headline":"Gaud\u00ed no es solo la Sagrada Familia: la casa Batll\u00f3 y otros monumentos","datePublished":"2022-11-27T23:08:09+00:00","dateModified":"2022-11-28T11:28:32+00:00","mainEntityOfPage":{"@id":"https:\/\/www.revistarambla.com\/gaudi-no-es-solo-la-sagrada-familia-la-casa-batllo-y-otros-monumentos\/"},"wordCount":697,"commentCount":1,"publisher":{"@id":"https:\/\/www.revistarambla.com\/#organization"},"image":{"@id":"https:\/\/www.revistarambla.com\/gaudi-no-es-solo-la-sagrada-familia-la-casa-batllo-y-otros-monumentos\/#primaryimage"},"thumbnailUrl":"https:\/\/www.revistarambla.com\/wp-content\/uploads\/2022\/11\/monumentos_gaudi.jpg","articleSection":["Viajes"],"inLanguage":"en-GB","potentialAction":[{"@type":"CommentAction","name":"Comment","target":["https:\/\/www.revistarambla.com\/gaudi-no-es-solo-la-sagrada-familia-la-casa-batllo-y-otros-monumentos\/#respond"]}]},{"@type":"WebPage","@id":"https:\/\/www.revistarambla.com\/gaudi-no-es-solo-la-sagrada-familia-la-casa-batllo-y-otros-monumentos\/","url":"https:\/\/www.revistarambla.com\/gaudi-no-es-solo-la-sagrada-familia-la-casa-batllo-y-otros-monumentos\/","name":"Gaud\u00ed no es solo la Sagrada Familia: la casa Batll\u00f3 y otros monumentos - Revista Rambla","isPartOf":{"@id":"https:\/\/www.revistarambla.com\/#website"},"primaryImageOfPage":{"@id":"https:\/\/www.revistarambla.com\/gaudi-no-es-solo-la-sagrada-familia-la-casa-batllo-y-otros-monumentos\/#primaryimage"},"image":{"@id":"https:\/\/www.revistarambla.com\/gaudi-no-es-solo-la-sagrada-familia-la-casa-batllo-y-otros-monumentos\/#primaryimage"},"thumbnailUrl":"https:\/\/www.revistarambla.com\/wp-content\/uploads\/2022\/11\/monumentos_gaudi.jpg","datePublished":"2022-11-27T23:08:09+00:00","dateModified":"2022-11-28T11:28:32+00:00","breadcrumb":{"@id":"https:\/\/www.revistarambla.com\/gaudi-no-es-solo-la-sagrada-familia-la-casa-batllo-y-otros-monumentos\/#breadcrumb"},"inLanguage":"en-GB","potentialAction":[{"@type":"ReadAction","target":["https:\/\/www.revistarambla.com\/gaudi-no-es-solo-la-sagrada-familia-la-casa-batllo-y-otros-monumentos\/"]}]},{"@type":"ImageObject","inLanguage":"en-GB","@id":"https:\/\/www.revistarambla.com\/gaudi-no-es-solo-la-sagrada-familia-la-casa-batllo-y-otros-monumentos\/#primaryimage","url":"https:\/\/www.revistarambla.com\/wp-content\/uploads\/2022\/11\/monumentos_gaudi.jpg","contentUrl":"https:\/\/www.revistarambla.com\/wp-content\/uploads\/2022\/11\/monumentos_gaudi.jpg","width":563,"height":314,"caption":"gaud\u00ed arquitecto"},{"@type":"BreadcrumbList","@id":"https:\/\/www.revistarambla.com\/gaudi-no-es-solo-la-sagrada-familia-la-casa-batllo-y-otros-monumentos\/#breadcrumb","itemListElement":[{"@type":"ListItem","position":1,"name":"Portada","item":"https:\/\/www.revistarambla.com\/"},{"@type":"ListItem","position":2,"name":"Gaud\u00ed no es solo la Sagrada Familia: la casa Batll\u00f3 y otros monumentos"}]},{"@type":"WebSite","@id":"https:\/\/www.revistarambla.com\/#website","url":"https:\/\/www.revistarambla.com\/","name":"Revista Rambla Barcelona","description":"Periodismo independiente","publisher":{"@id":"https:\/\/www.revistarambla.com\/#organization"},"potentialAction":[{"@type":"SearchAction","target":{"@type":"EntryPoint","urlTemplate":"https:\/\/www.revistarambla.com\/?s={search_term_string}"},"query-input":{"@type":"PropertyValueSpecification","valueRequired":true,"valueName":"search_term_string"}}],"inLanguage":"en-GB"},{"@type":"Organization","@id":"https:\/\/www.revistarambla.com\/#organization","name":"Revista Rambla","url":"https:\/\/www.revistarambla.com\/","logo":{"@type":"ImageObject","inLanguage":"en-GB","@id":"https:\/\/www.revistarambla.com\/#\/schema\/logo\/image\/","url":"https:\/\/www.revistarambla.com\/wp-content\/uploads\/2020\/09\/banner_rambla_1900x600_BB.png","contentUrl":"https:\/\/www.revistarambla.com\/wp-content\/uploads\/2020\/09\/banner_rambla_1900x600_BB.png","width":1900,"height":600,"caption":"Revista Rambla"},"image":{"@id":"https:\/\/www.revistarambla.com\/#\/schema\/logo\/image\/"},"sameAs":["https:\/\/www.facebook.com\/revistarambla\/","https:\/\/x.com\/revistarambla","https:\/\/www.instagram.com\/revista_rambla","https:\/\/es.linkedin.com\/company\/revista-rambla"]},{"@type":"Person","@id":"https:\/\/www.revistarambla.com\/#\/schema\/person\/a146a5a2550b94981a75131180e1bd9c","name":"R@mbla","description":"Este art\u00edculo ha sido redactado y\/o validado por el equipo de redacci\u00f3n de Revista Rambla.","sameAs":["https:\/\/www.revistarambla.com\/","https:\/\/www.facebook.com\/revistarambla","https:\/\/x.com\/revistarambla"]}]}},"_links":{"self":[{"href":"https:\/\/www.revistarambla.com\/en\/wp-json\/wp\/v2\/posts\/51153","targetHints":{"allow":["GET"]}}],"collection":[{"href":"https:\/\/www.revistarambla.com\/en\/wp-json\/wp\/v2\/posts"}],"about":[{"href":"https:\/\/www.revistarambla.com\/en\/wp-json\/wp\/v2\/types\/post"}],"author":[{"embeddable":true,"href":"https:\/\/www.revistarambla.com\/en\/wp-json\/wp\/v2\/users\/3"}],"replies":[{"embeddable":true,"href":"https:\/\/www.revistarambla.com\/en\/wp-json\/wp\/v2\/comments?post=51153"}],"version-history":[{"count":1,"href":"https:\/\/www.revistarambla.com\/en\/wp-json\/wp\/v2\/posts\/51153\/revisions"}],"predecessor-version":[{"id":51155,"href":"https:\/\/www.revistarambla.com\/en\/wp-json\/wp\/v2\/posts\/51153\/revisions\/51155"}],"wp:featuredmedia":[{"embeddable":true,"href":"https:\/\/www.revistarambla.com\/en\/wp-json\/wp\/v2\/media\/51154"}],"wp:attachment":[{"href":"https:\/\/www.revistarambla.com\/en\/wp-json\/wp\/v2\/media?parent=51153"}],"wp:term":[{"taxonomy":"category","embeddable":true,"href":"https:\/\/www.revistarambla.com\/en\/wp-json\/wp\/v2\/categories?post=51153"},{"taxonomy":"post_tag","embeddable":true,"href":"https:\/\/www.revistarambla.com\/en\/wp-json\/wp\/v2\/tags?post=51153"}],"curies":[{"name":"wp","href":"https:\/\/api.w.org\/{rel}","templated":true}]}}