{"id":51113,"date":"2022-11-24T19:17:37","date_gmt":"2022-11-24T18:17:37","guid":{"rendered":"https:\/\/www.revistarambla.com\/?p=51113"},"modified":"2022-11-24T19:17:37","modified_gmt":"2022-11-24T18:17:37","slug":"28n-black-monday-en-correos","status":"publish","type":"post","link":"https:\/\/www.revistarambla.com\/en\/28n-black-monday-en-correos\/","title":{"rendered":"#28N Black Monday en Correos"},"content":{"rendered":"<p><img decoding=\"async\" class=\"aligncenter wp-image-51114 size-full\" src=\"https:\/\/www.revistarambla.com\/wp-content\/uploads\/2022\/11\/correos-cgt.jpg\" alt=\"\" width=\"1024\" height=\"540\" srcset=\"https:\/\/www.revistarambla.com\/wp-content\/uploads\/2022\/11\/correos-cgt.jpg 1024w, https:\/\/www.revistarambla.com\/wp-content\/uploads\/2022\/11\/correos-cgt-660x348.jpg 660w, https:\/\/www.revistarambla.com\/wp-content\/uploads\/2022\/11\/correos-cgt-840x443.jpg 840w, https:\/\/www.revistarambla.com\/wp-content\/uploads\/2022\/11\/correos-cgt-768x405.jpg 768w, https:\/\/www.revistarambla.com\/wp-content\/uploads\/2022\/11\/correos-cgt-18x9.jpg 18w\" sizes=\"(max-width: 1024px) 100vw, 1024px\" \/><\/p>\n<p>El pasado mes de mayo se abri\u00f3 el proceso de negociaci\u00f3n del IV Convenio Colectivo y Acuerdo General,\u00a0tras unas primeras reuniones infructuosas la direcci\u00f3n de Correos decidi\u00f3 paralizar la negociaci\u00f3n hasta este mes de octubre, en el que \u00fanicamente se ha acordado la aplicaci\u00f3n de los incrementos salariales pactados con anterioridad en la Administraci\u00f3n del Estado, 2%+1\u20195% adicional, por parte de los sindicatos CCOO, UGT, CSIF y SL.<\/p>\n<p>Desde CGT defendemos la necesidad del IV Convenio Colectivo y Acuerdo General en Correos\u00a0que incluya las mejoras que exigimos en nuestra Plataforma Reivindicativa:<\/p>\n<p>\u00b7 Para evitar la precarizaci\u00f3n de nuestras condiciones laborales: la jornada laboral de 35 horas semanales, de lunes a viernes, 30\u202fh para las nocturnas. Conversi\u00f3n de los contratos a tiempo parcial, en indefinidos a tiempo completo. Cat\u00e1logo de puestos de trabajo en el que se definan todas las tareas a realizar. Adscripci\u00f3n al puesto, unidad, localidad y turno. Inclusi\u00f3n del personal laboral de Correos en el EBEP.<\/p>\n<p>\u00b7 Para evitar la p\u00e9rdida de poder adquisitivo:\u00a0subidas salariales lineales hasta recuperar el poder adquisitivo perdido (20% en los \u00faltimos a\u00f1os, incluyendo la bajada salarial a l@s funcionari@s en 2010), inclusi\u00f3n de una\u00a0cl\u00e1usula de revisi\u00f3n salarial y conversi\u00f3n de los complementos variables en fijos y consolidables, despenalizaci\u00f3n de las bajas por enfermedad.<\/p>\n<p>\u00b7 Para evitar la degradaci\u00f3n del ciclo de empleo en Correos:\u00a0Bolsas de empleo transparentes con actualizaci\u00f3n anual e ingreso en Correos por estricta antig\u00fcedad. Concurso de Traslados y Reajustes locales semestrales con la oferta de todas las vacantes.<\/p>\n<p>Adem\u00e1s, desde CGT defendemos que antes de la firma de un nuevo Convenio debe consultarse al colectivo de trabajador@s de Correos. El refer\u00e9ndum es la mejor garant\u00eda para que no pacten ning\u00fan acuerdo a nuestras espaldas; si t\u00fa trabajas, t\u00fa decides.<\/p>\n<p>En los \u00faltimos 10 a\u00f1os, desde la firma del III Convenio Colectivo en 2011, los\/as trabajadores\/as de Correos hemos perdido aproximadamente el 20% de poder adquisitivo, lo que nos sit\u00faa pr\u00e1cticamente rayando el salario m\u00ednimo interprofesional. Es por esto que desde CGT exigimos subidas salariales lineales hasta recuperar el poder adquisitivo perdido y que en el IV Convenio se incluya una cl\u00e1usula de revisi\u00f3n salarial vinculada al IPC para no seguir perdiendo poder adquisitivo a\u00f1o tras a\u00f1o.<\/p>\n<p>Por este motivo, desde CGT Correos hemos convocado huelga el 28 de noviembre y llevaremos a cabo concentraciones descentralizadas en todo el Estado para poner fin a las agresiones empresariales por parte de Correos y para incidir con nuestras reivindicaciones en el proceso de negociaci\u00f3n colectiva.<\/p>\n<p>\u00a1EL 28 DE NOVIEMBRE PASAMOS A LA ACCI\u00d3N!<\/p>","protected":false},"excerpt":{"rendered":"<p>El paro est\u00e1 convocado en todo el estado espa\u00f1ol<\/p>","protected":false},"author":327,"featured_media":51114,"comment_status":"open","ping_status":"closed","sticky":false,"template":"","format":"standard","meta":{"footnotes":""},"categories":[72],"tags":[],"class_list":["post-51113","post","type-post","status-publish","format-standard","has-post-thumbnail","hentry","category-opinion"],"yoast_head":"<!-- This site is optimized with the Yoast SEO plugin v27.5 - https:\/\/yoast.com\/product\/yoast-seo-wordpress\/ -->\n<title>#28N Black Monday en Correos - Revista Rambla<\/title>\n<meta name=\"robots\" content=\"index, follow, max-snippet:-1, max-image-preview:large, max-video-preview:-1\" \/>\n<link rel=\"canonical\" href=\"https:\/\/www.revistarambla.com\/en\/28n-black-monday-en-correos\/\" \/>\n<meta property=\"og:locale\" content=\"en_GB\" \/>\n<meta property=\"og:type\" content=\"article\" \/>\n<meta property=\"og:title\" content=\"#28N Black Monday en Correos - Revista Rambla\" \/>\n<meta property=\"og:description\" content=\"El paro est\u00e1 convocado en todo el estado espa\u00f1ol\" \/>\n<meta property=\"og:url\" content=\"https:\/\/www.revistarambla.com\/en\/28n-black-monday-en-correos\/\" \/>\n<meta property=\"og:site_name\" content=\"Revista Rambla\" \/>\n<meta property=\"article:publisher\" content=\"https:\/\/www.facebook.com\/revistarambla\/\" \/>\n<meta property=\"article:author\" content=\"https:\/\/www.facebook.com\/barcelona.cgt\" \/>\n<meta property=\"article:published_time\" content=\"2022-11-24T18:17:37+00:00\" \/>\n<meta property=\"og:image\" content=\"https:\/\/www.revistarambla.com\/wp-content\/uploads\/2022\/11\/correos-cgt.jpg\" \/>\n\t<meta property=\"og:image:width\" content=\"1024\" \/>\n\t<meta property=\"og:image:height\" content=\"540\" \/>\n\t<meta property=\"og:image:type\" content=\"image\/jpeg\" \/>\n<meta name=\"author\" content=\"CGT Barcelona\" \/>\n<meta name=\"twitter:card\" content=\"summary_large_image\" \/>\n<meta name=\"twitter:creator\" content=\"@CGTBarcelona\" \/>\n<meta name=\"twitter:site\" content=\"@revistarambla\" \/>\n<meta name=\"twitter:label1\" content=\"Written by\" \/>\n\t<meta name=\"twitter:data1\" content=\"CGT Barcelona\" \/>\n\t<meta name=\"twitter:label2\" content=\"Estimated reading time\" \/>\n\t<meta name=\"twitter:data2\" content=\"3 minutes\" \/>\n<script type=\"application\/ld+json\" class=\"yoast-schema-graph\">{\"@context\":\"https:\\\/\\\/schema.org\",\"@graph\":[{\"@type\":\"Article\",\"@id\":\"https:\\\/\\\/www.revistarambla.com\\\/28n-black-monday-en-correos\\\/#article\",\"isPartOf\":{\"@id\":\"https:\\\/\\\/www.revistarambla.com\\\/28n-black-monday-en-correos\\\/\"},\"author\":{\"name\":\"CGT Barcelona\",\"@id\":\"https:\\\/\\\/www.revistarambla.com\\\/#\\\/schema\\\/person\\\/50127bec5551cbc1206e826637f48e65\"},\"headline\":\"#28N Black Monday en Correos\",\"datePublished\":\"2022-11-24T18:17:37+00:00\",\"mainEntityOfPage\":{\"@id\":\"https:\\\/\\\/www.revistarambla.com\\\/28n-black-monday-en-correos\\\/\"},\"wordCount\":457,\"commentCount\":0,\"publisher\":{\"@id\":\"https:\\\/\\\/www.revistarambla.com\\\/#organization\"},\"image\":{\"@id\":\"https:\\\/\\\/www.revistarambla.com\\\/28n-black-monday-en-correos\\\/#primaryimage\"},\"thumbnailUrl\":\"https:\\\/\\\/www.revistarambla.com\\\/wp-content\\\/uploads\\\/2022\\\/11\\\/correos-cgt.jpg\",\"articleSection\":[\"Opiniones\"],\"inLanguage\":\"en-GB\",\"potentialAction\":[{\"@type\":\"CommentAction\",\"name\":\"Comment\",\"target\":[\"https:\\\/\\\/www.revistarambla.com\\\/28n-black-monday-en-correos\\\/#respond\"]}]},{\"@type\":\"WebPage\",\"@id\":\"https:\\\/\\\/www.revistarambla.com\\\/28n-black-monday-en-correos\\\/\",\"url\":\"https:\\\/\\\/www.revistarambla.com\\\/28n-black-monday-en-correos\\\/\",\"name\":\"#28N Black Monday en Correos - Revista Rambla\",\"isPartOf\":{\"@id\":\"https:\\\/\\\/www.revistarambla.com\\\/#website\"},\"primaryImageOfPage\":{\"@id\":\"https:\\\/\\\/www.revistarambla.com\\\/28n-black-monday-en-correos\\\/#primaryimage\"},\"image\":{\"@id\":\"https:\\\/\\\/www.revistarambla.com\\\/28n-black-monday-en-correos\\\/#primaryimage\"},\"thumbnailUrl\":\"https:\\\/\\\/www.revistarambla.com\\\/wp-content\\\/uploads\\\/2022\\\/11\\\/correos-cgt.jpg\",\"datePublished\":\"2022-11-24T18:17:37+00:00\",\"breadcrumb\":{\"@id\":\"https:\\\/\\\/www.revistarambla.com\\\/28n-black-monday-en-correos\\\/#breadcrumb\"},\"inLanguage\":\"en-GB\",\"potentialAction\":[{\"@type\":\"ReadAction\",\"target\":[\"https:\\\/\\\/www.revistarambla.com\\\/28n-black-monday-en-correos\\\/\"]}]},{\"@type\":\"ImageObject\",\"inLanguage\":\"en-GB\",\"@id\":\"https:\\\/\\\/www.revistarambla.com\\\/28n-black-monday-en-correos\\\/#primaryimage\",\"url\":\"https:\\\/\\\/www.revistarambla.com\\\/wp-content\\\/uploads\\\/2022\\\/11\\\/correos-cgt.jpg\",\"contentUrl\":\"https:\\\/\\\/www.revistarambla.com\\\/wp-content\\\/uploads\\\/2022\\\/11\\\/correos-cgt.jpg\",\"width\":1024,\"height\":540},{\"@type\":\"BreadcrumbList\",\"@id\":\"https:\\\/\\\/www.revistarambla.com\\\/28n-black-monday-en-correos\\\/#breadcrumb\",\"itemListElement\":[{\"@type\":\"ListItem\",\"position\":1,\"name\":\"Portada\",\"item\":\"https:\\\/\\\/www.revistarambla.com\\\/\"},{\"@type\":\"ListItem\",\"position\":2,\"name\":\"#28N Black Monday en Correos\"}]},{\"@type\":\"WebSite\",\"@id\":\"https:\\\/\\\/www.revistarambla.com\\\/#website\",\"url\":\"https:\\\/\\\/www.revistarambla.com\\\/\",\"name\":\"Revista Rambla Barcelona\",\"description\":\"Periodismo independiente\",\"publisher\":{\"@id\":\"https:\\\/\\\/www.revistarambla.com\\\/#organization\"},\"potentialAction\":[{\"@type\":\"SearchAction\",\"target\":{\"@type\":\"EntryPoint\",\"urlTemplate\":\"https:\\\/\\\/www.revistarambla.com\\\/?s={search_term_string}\"},\"query-input\":{\"@type\":\"PropertyValueSpecification\",\"valueRequired\":true,\"valueName\":\"search_term_string\"}}],\"inLanguage\":\"en-GB\"},{\"@type\":\"Organization\",\"@id\":\"https:\\\/\\\/www.revistarambla.com\\\/#organization\",\"name\":\"Revista Rambla\",\"url\":\"https:\\\/\\\/www.revistarambla.com\\\/\",\"logo\":{\"@type\":\"ImageObject\",\"inLanguage\":\"en-GB\",\"@id\":\"https:\\\/\\\/www.revistarambla.com\\\/#\\\/schema\\\/logo\\\/image\\\/\",\"url\":\"https:\\\/\\\/www.revistarambla.com\\\/wp-content\\\/uploads\\\/2020\\\/09\\\/banner_rambla_1900x600_BB.png\",\"contentUrl\":\"https:\\\/\\\/www.revistarambla.com\\\/wp-content\\\/uploads\\\/2020\\\/09\\\/banner_rambla_1900x600_BB.png\",\"width\":1900,\"height\":600,\"caption\":\"Revista Rambla\"},\"image\":{\"@id\":\"https:\\\/\\\/www.revistarambla.com\\\/#\\\/schema\\\/logo\\\/image\\\/\"},\"sameAs\":[\"https:\\\/\\\/www.facebook.com\\\/revistarambla\\\/\",\"https:\\\/\\\/x.com\\\/revistarambla\",\"https:\\\/\\\/www.instagram.com\\\/revista_rambla\",\"https:\\\/\\\/es.linkedin.com\\\/company\\\/revista-rambla\"]},{\"@type\":\"Person\",\"@id\":\"https:\\\/\\\/www.revistarambla.com\\\/#\\\/schema\\\/person\\\/50127bec5551cbc1206e826637f48e65\",\"name\":\"CGT Barcelona\",\"description\":\"Federaci\u00f3n Local de Sindicatos de Barcelona. Organizaci\u00f3n anarcosindicalista: de clase, aut\u00f3noma, autogestionaria, federalista, internacionalista y libertaria.\",\"sameAs\":[\"https:\\\/\\\/www.cgtbarcelona.org\\\/\",\"https:\\\/\\\/www.facebook.com\\\/barcelona.cgt\",\"https:\\\/\\\/www.instagram.com\\\/cgtbarcelona\\\/\",\"https:\\\/\\\/x.com\\\/CGTBarcelona\"]}]}<\/script>\n<!-- \/ Yoast SEO plugin. -->","yoast_head_json":{"title":"#28N Black Monday en Correos - Revista Rambla","robots":{"index":"index","follow":"follow","max-snippet":"max-snippet:-1","max-image-preview":"max-image-preview:large","max-video-preview":"max-video-preview:-1"},"canonical":"https:\/\/www.revistarambla.com\/en\/28n-black-monday-en-correos\/","og_locale":"en_GB","og_type":"article","og_title":"#28N Black Monday en Correos - Revista Rambla","og_description":"El paro est\u00e1 convocado en todo el estado espa\u00f1ol","og_url":"https:\/\/www.revistarambla.com\/en\/28n-black-monday-en-correos\/","og_site_name":"Revista Rambla","article_publisher":"https:\/\/www.facebook.com\/revistarambla\/","article_author":"https:\/\/www.facebook.com\/barcelona.cgt","article_published_time":"2022-11-24T18:17:37+00:00","og_image":[{"width":1024,"height":540,"url":"https:\/\/www.revistarambla.com\/wp-content\/uploads\/2022\/11\/correos-cgt.jpg","type":"image\/jpeg"}],"author":"CGT Barcelona","twitter_card":"summary_large_image","twitter_creator":"@CGTBarcelona","twitter_site":"@revistarambla","twitter_misc":{"Written by":"CGT Barcelona","Estimated reading time":"3 minutes"},"schema":{"@context":"https:\/\/schema.org","@graph":[{"@type":"Article","@id":"https:\/\/www.revistarambla.com\/28n-black-monday-en-correos\/#article","isPartOf":{"@id":"https:\/\/www.revistarambla.com\/28n-black-monday-en-correos\/"},"author":{"name":"CGT Barcelona","@id":"https:\/\/www.revistarambla.com\/#\/schema\/person\/50127bec5551cbc1206e826637f48e65"},"headline":"#28N Black Monday en Correos","datePublished":"2022-11-24T18:17:37+00:00","mainEntityOfPage":{"@id":"https:\/\/www.revistarambla.com\/28n-black-monday-en-correos\/"},"wordCount":457,"commentCount":0,"publisher":{"@id":"https:\/\/www.revistarambla.com\/#organization"},"image":{"@id":"https:\/\/www.revistarambla.com\/28n-black-monday-en-correos\/#primaryimage"},"thumbnailUrl":"https:\/\/www.revistarambla.com\/wp-content\/uploads\/2022\/11\/correos-cgt.jpg","articleSection":["Opiniones"],"inLanguage":"en-GB","potentialAction":[{"@type":"CommentAction","name":"Comment","target":["https:\/\/www.revistarambla.com\/28n-black-monday-en-correos\/#respond"]}]},{"@type":"WebPage","@id":"https:\/\/www.revistarambla.com\/28n-black-monday-en-correos\/","url":"https:\/\/www.revistarambla.com\/28n-black-monday-en-correos\/","name":"#28N Black Monday en Correos - Revista Rambla","isPartOf":{"@id":"https:\/\/www.revistarambla.com\/#website"},"primaryImageOfPage":{"@id":"https:\/\/www.revistarambla.com\/28n-black-monday-en-correos\/#primaryimage"},"image":{"@id":"https:\/\/www.revistarambla.com\/28n-black-monday-en-correos\/#primaryimage"},"thumbnailUrl":"https:\/\/www.revistarambla.com\/wp-content\/uploads\/2022\/11\/correos-cgt.jpg","datePublished":"2022-11-24T18:17:37+00:00","breadcrumb":{"@id":"https:\/\/www.revistarambla.com\/28n-black-monday-en-correos\/#breadcrumb"},"inLanguage":"en-GB","potentialAction":[{"@type":"ReadAction","target":["https:\/\/www.revistarambla.com\/28n-black-monday-en-correos\/"]}]},{"@type":"ImageObject","inLanguage":"en-GB","@id":"https:\/\/www.revistarambla.com\/28n-black-monday-en-correos\/#primaryimage","url":"https:\/\/www.revistarambla.com\/wp-content\/uploads\/2022\/11\/correos-cgt.jpg","contentUrl":"https:\/\/www.revistarambla.com\/wp-content\/uploads\/2022\/11\/correos-cgt.jpg","width":1024,"height":540},{"@type":"BreadcrumbList","@id":"https:\/\/www.revistarambla.com\/28n-black-monday-en-correos\/#breadcrumb","itemListElement":[{"@type":"ListItem","position":1,"name":"Portada","item":"https:\/\/www.revistarambla.com\/"},{"@type":"ListItem","position":2,"name":"#28N Black Monday en Correos"}]},{"@type":"WebSite","@id":"https:\/\/www.revistarambla.com\/#website","url":"https:\/\/www.revistarambla.com\/","name":"Revista Rambla Barcelona","description":"Periodismo independiente","publisher":{"@id":"https:\/\/www.revistarambla.com\/#organization"},"potentialAction":[{"@type":"SearchAction","target":{"@type":"EntryPoint","urlTemplate":"https:\/\/www.revistarambla.com\/?s={search_term_string}"},"query-input":{"@type":"PropertyValueSpecification","valueRequired":true,"valueName":"search_term_string"}}],"inLanguage":"en-GB"},{"@type":"Organization","@id":"https:\/\/www.revistarambla.com\/#organization","name":"Revista Rambla","url":"https:\/\/www.revistarambla.com\/","logo":{"@type":"ImageObject","inLanguage":"en-GB","@id":"https:\/\/www.revistarambla.com\/#\/schema\/logo\/image\/","url":"https:\/\/www.revistarambla.com\/wp-content\/uploads\/2020\/09\/banner_rambla_1900x600_BB.png","contentUrl":"https:\/\/www.revistarambla.com\/wp-content\/uploads\/2020\/09\/banner_rambla_1900x600_BB.png","width":1900,"height":600,"caption":"Revista Rambla"},"image":{"@id":"https:\/\/www.revistarambla.com\/#\/schema\/logo\/image\/"},"sameAs":["https:\/\/www.facebook.com\/revistarambla\/","https:\/\/x.com\/revistarambla","https:\/\/www.instagram.com\/revista_rambla","https:\/\/es.linkedin.com\/company\/revista-rambla"]},{"@type":"Person","@id":"https:\/\/www.revistarambla.com\/#\/schema\/person\/50127bec5551cbc1206e826637f48e65","name":"CGT Barcelona","description":"Federaci\u00f3n Local de Sindicatos de Barcelona. Organizaci\u00f3n anarcosindicalista: de clase, aut\u00f3noma, autogestionaria, federalista, internacionalista y libertaria.","sameAs":["https:\/\/www.cgtbarcelona.org\/","https:\/\/www.facebook.com\/barcelona.cgt","https:\/\/www.instagram.com\/cgtbarcelona\/","https:\/\/x.com\/CGTBarcelona"]}]}},"_links":{"self":[{"href":"https:\/\/www.revistarambla.com\/en\/wp-json\/wp\/v2\/posts\/51113","targetHints":{"allow":["GET"]}}],"collection":[{"href":"https:\/\/www.revistarambla.com\/en\/wp-json\/wp\/v2\/posts"}],"about":[{"href":"https:\/\/www.revistarambla.com\/en\/wp-json\/wp\/v2\/types\/post"}],"author":[{"embeddable":true,"href":"https:\/\/www.revistarambla.com\/en\/wp-json\/wp\/v2\/users\/327"}],"replies":[{"embeddable":true,"href":"https:\/\/www.revistarambla.com\/en\/wp-json\/wp\/v2\/comments?post=51113"}],"version-history":[{"count":1,"href":"https:\/\/www.revistarambla.com\/en\/wp-json\/wp\/v2\/posts\/51113\/revisions"}],"predecessor-version":[{"id":51115,"href":"https:\/\/www.revistarambla.com\/en\/wp-json\/wp\/v2\/posts\/51113\/revisions\/51115"}],"wp:featuredmedia":[{"embeddable":true,"href":"https:\/\/www.revistarambla.com\/en\/wp-json\/wp\/v2\/media\/51114"}],"wp:attachment":[{"href":"https:\/\/www.revistarambla.com\/en\/wp-json\/wp\/v2\/media?parent=51113"}],"wp:term":[{"taxonomy":"category","embeddable":true,"href":"https:\/\/www.revistarambla.com\/en\/wp-json\/wp\/v2\/categories?post=51113"},{"taxonomy":"post_tag","embeddable":true,"href":"https:\/\/www.revistarambla.com\/en\/wp-json\/wp\/v2\/tags?post=51113"}],"curies":[{"name":"wp","href":"https:\/\/api.w.org\/{rel}","templated":true}]}}