{"id":51110,"date":"2022-11-24T20:16:07","date_gmt":"2022-11-24T19:16:07","guid":{"rendered":"https:\/\/www.revistarambla.com\/?p=51110"},"modified":"2022-11-24T20:21:44","modified_gmt":"2022-11-24T19:21:44","slug":"lo-peor-de-espana","status":"publish","type":"post","link":"https:\/\/www.revistarambla.com\/en\/lo-peor-de-espana\/","title":{"rendered":"Lo peor de Espa\u00f1a"},"content":{"rendered":"<p>Determinada radio, televisi\u00f3n y prensa nos acostumbra a decir que lo peor de Espa\u00f1a est\u00e1 en las Tres Mil Viviendas, Los Pajaritos, la Ca\u00f1ada Real, Can Tunis o la Mina.<!--more--> Que las familias que ocupan viviendas son delincuentes, que la Guardia Civil es un cuerpo heroico que est\u00e1 en Ceuta y Melilla para contener la invasi\u00f3n o que la violencia machista son rencillas pasionales.<\/p>\n<p>Sin embargo, lo peor de Espa\u00f1a est\u00e1 en el Congreso de los Diputados, viste de marca parisina y luce una gargantilla de oro con una medalla de la Virgen. Lo sucedido ayer con la neofascista Carla Toscano pone de manifiesto que algo falla en nuestro pa\u00eds. Algo falla cuando el insulto y la violencia es la norma en una c\u00e1mara de representantes democr\u00e1ticos. Algo falla cuando nadie se inmuta mientras se suceden estos ataques. Y algo falla cuando la protagonista de proferirlos sigue impunemente soltando la misma basura:<\/p>\n<blockquote class=\"twitter-tweet\">\n<p dir=\"ltr\" lang=\"es\">Quisiera disculparme por mi intervenci\u00f3n de ayer.<br \/>\nNadie deber\u00eda poner en duda que la se\u00f1ora ministra tiene una excelente preparaci\u00f3n.<br \/>\nSe comprueba en su defensa de la pederastia, la excarcelaci\u00f3n de violadores, el aumento de los ataques a mujeres y todos sus grandes \u00e9xitos.<\/p>\n<p>\u2014 Carla Toscano (@eledhmel) <a href=\"https:\/\/twitter.com\/eledhmel\/status\/1595787351678132225?ref_src=twsrc%5Etfw\">November 24, 2022<\/a><\/p><\/blockquote>\n<p><script async src=\"https:\/\/platform.twitter.com\/widgets.js\" charset=\"utf-8\"><\/script><\/p>\n<p>Sentimos ser reiterativos, pero debemos recordarle de nuevo a lo peor de Espa\u00f1a, quienes son en realidad lo mejor de nuestra tierra:<\/p>\n<p>\u00abEstos que ves ahora deshechos, maltrechos, furiosos, aplanados, sin afeitar, sin lavar, cochinos, sucios, cansados, mordi\u00e9ndose, hechos un asco, destrozados, son, sin embargo, no lo olvides nunca pase lo que pase, son lo mejor de Espa\u00f1a, los \u00fanicos que, de verdad, se han alzado, sin nada, con sus manos, contra el fascismo, contra los militares, contra los poderosos, por la sola justicia; cada uno a su modo, a su manera, como han podido, sin que les importara su comodidad, su familia, su dinero. Estos que ves, espa\u00f1oles rotos, derrotados, hacinados, heridos, so\u00f1olientos, medio muertos, esperanzados todav\u00eda en escapar, son, no lo olvides, lo mejor del mundo. No es hermoso. Pero es lo mejor del mundo. No lo olvides nunca, hijo, no lo olvides\u00bb.<\/p>\n<p><em>Max Aub, Campo de Almendros (1968)<\/em><\/p>","protected":false},"excerpt":{"rendered":"<p>En la imagen, lo peor de Espa\u00f1a<\/p>","protected":false},"author":3,"featured_media":51122,"comment_status":"open","ping_status":"closed","sticky":false,"template":"","format":"standard","meta":{"footnotes":""},"categories":[58],"tags":[],"class_list":["post-51110","post","type-post","status-publish","format-standard","has-post-thumbnail","hentry","category-estado-espanol"],"yoast_head":"<!-- This site is optimized with the Yoast SEO plugin v27.5 - https:\/\/yoast.com\/product\/yoast-seo-wordpress\/ -->\n<title>Lo peor de Espa\u00f1a - Revista Rambla<\/title>\n<meta name=\"robots\" content=\"index, follow, max-snippet:-1, max-image-preview:large, max-video-preview:-1\" \/>\n<link rel=\"canonical\" href=\"https:\/\/www.revistarambla.com\/en\/lo-peor-de-espana\/\" \/>\n<meta property=\"og:locale\" content=\"en_GB\" \/>\n<meta property=\"og:type\" content=\"article\" \/>\n<meta property=\"og:title\" content=\"Lo peor de Espa\u00f1a - Revista Rambla\" \/>\n<meta property=\"og:description\" content=\"En la imagen, lo peor de Espa\u00f1a\" \/>\n<meta property=\"og:url\" content=\"https:\/\/www.revistarambla.com\/en\/lo-peor-de-espana\/\" \/>\n<meta property=\"og:site_name\" content=\"Revista Rambla\" \/>\n<meta property=\"article:publisher\" content=\"https:\/\/www.facebook.com\/revistarambla\/\" \/>\n<meta property=\"article:author\" content=\"https:\/\/www.facebook.com\/revistarambla\" \/>\n<meta property=\"article:published_time\" content=\"2022-11-24T19:16:07+00:00\" \/>\n<meta property=\"article:modified_time\" content=\"2022-11-24T19:21:44+00:00\" \/>\n<meta property=\"og:image\" content=\"https:\/\/www.revistarambla.com\/wp-content\/uploads\/2022\/11\/carla-toscano-vox-2.jpg\" \/>\n\t<meta property=\"og:image:width\" content=\"1200\" \/>\n\t<meta property=\"og:image:height\" content=\"600\" \/>\n\t<meta property=\"og:image:type\" content=\"image\/jpeg\" \/>\n<meta name=\"author\" content=\"R@mbla\" \/>\n<meta name=\"twitter:card\" content=\"summary_large_image\" \/>\n<meta name=\"twitter:creator\" content=\"@revistarambla\" \/>\n<meta name=\"twitter:site\" content=\"@revistarambla\" \/>\n<meta name=\"twitter:label1\" content=\"Written by\" \/>\n\t<meta name=\"twitter:data1\" content=\"R@mbla\" \/>\n\t<meta name=\"twitter:label2\" content=\"Estimated reading time\" \/>\n\t<meta name=\"twitter:data2\" content=\"2 minutes\" \/>\n<script type=\"application\/ld+json\" class=\"yoast-schema-graph\">{\"@context\":\"https:\\\/\\\/schema.org\",\"@graph\":[{\"@type\":\"Article\",\"@id\":\"https:\\\/\\\/www.revistarambla.com\\\/lo-peor-de-espana\\\/#article\",\"isPartOf\":{\"@id\":\"https:\\\/\\\/www.revistarambla.com\\\/lo-peor-de-espana\\\/\"},\"author\":{\"name\":\"R@mbla\",\"@id\":\"https:\\\/\\\/www.revistarambla.com\\\/#\\\/schema\\\/person\\\/a146a5a2550b94981a75131180e1bd9c\"},\"headline\":\"Lo peor de Espa\u00f1a\",\"datePublished\":\"2022-11-24T19:16:07+00:00\",\"dateModified\":\"2022-11-24T19:21:44+00:00\",\"mainEntityOfPage\":{\"@id\":\"https:\\\/\\\/www.revistarambla.com\\\/lo-peor-de-espana\\\/\"},\"wordCount\":374,\"commentCount\":0,\"publisher\":{\"@id\":\"https:\\\/\\\/www.revistarambla.com\\\/#organization\"},\"image\":{\"@id\":\"https:\\\/\\\/www.revistarambla.com\\\/lo-peor-de-espana\\\/#primaryimage\"},\"thumbnailUrl\":\"https:\\\/\\\/www.revistarambla.com\\\/wp-content\\\/uploads\\\/2022\\\/11\\\/carla-toscano-vox-2.jpg\",\"articleSection\":[\"Estado Espa\u00f1ol\"],\"inLanguage\":\"en-GB\",\"potentialAction\":[{\"@type\":\"CommentAction\",\"name\":\"Comment\",\"target\":[\"https:\\\/\\\/www.revistarambla.com\\\/lo-peor-de-espana\\\/#respond\"]}]},{\"@type\":\"WebPage\",\"@id\":\"https:\\\/\\\/www.revistarambla.com\\\/lo-peor-de-espana\\\/\",\"url\":\"https:\\\/\\\/www.revistarambla.com\\\/lo-peor-de-espana\\\/\",\"name\":\"Lo peor de Espa\u00f1a - Revista Rambla\",\"isPartOf\":{\"@id\":\"https:\\\/\\\/www.revistarambla.com\\\/#website\"},\"primaryImageOfPage\":{\"@id\":\"https:\\\/\\\/www.revistarambla.com\\\/lo-peor-de-espana\\\/#primaryimage\"},\"image\":{\"@id\":\"https:\\\/\\\/www.revistarambla.com\\\/lo-peor-de-espana\\\/#primaryimage\"},\"thumbnailUrl\":\"https:\\\/\\\/www.revistarambla.com\\\/wp-content\\\/uploads\\\/2022\\\/11\\\/carla-toscano-vox-2.jpg\",\"datePublished\":\"2022-11-24T19:16:07+00:00\",\"dateModified\":\"2022-11-24T19:21:44+00:00\",\"breadcrumb\":{\"@id\":\"https:\\\/\\\/www.revistarambla.com\\\/lo-peor-de-espana\\\/#breadcrumb\"},\"inLanguage\":\"en-GB\",\"potentialAction\":[{\"@type\":\"ReadAction\",\"target\":[\"https:\\\/\\\/www.revistarambla.com\\\/lo-peor-de-espana\\\/\"]}]},{\"@type\":\"ImageObject\",\"inLanguage\":\"en-GB\",\"@id\":\"https:\\\/\\\/www.revistarambla.com\\\/lo-peor-de-espana\\\/#primaryimage\",\"url\":\"https:\\\/\\\/www.revistarambla.com\\\/wp-content\\\/uploads\\\/2022\\\/11\\\/carla-toscano-vox-2.jpg\",\"contentUrl\":\"https:\\\/\\\/www.revistarambla.com\\\/wp-content\\\/uploads\\\/2022\\\/11\\\/carla-toscano-vox-2.jpg\",\"width\":1200,\"height\":600},{\"@type\":\"BreadcrumbList\",\"@id\":\"https:\\\/\\\/www.revistarambla.com\\\/lo-peor-de-espana\\\/#breadcrumb\",\"itemListElement\":[{\"@type\":\"ListItem\",\"position\":1,\"name\":\"Portada\",\"item\":\"https:\\\/\\\/www.revistarambla.com\\\/\"},{\"@type\":\"ListItem\",\"position\":2,\"name\":\"Lo peor de Espa\u00f1a\"}]},{\"@type\":\"WebSite\",\"@id\":\"https:\\\/\\\/www.revistarambla.com\\\/#website\",\"url\":\"https:\\\/\\\/www.revistarambla.com\\\/\",\"name\":\"Revista Rambla Barcelona\",\"description\":\"Periodismo independiente\",\"publisher\":{\"@id\":\"https:\\\/\\\/www.revistarambla.com\\\/#organization\"},\"potentialAction\":[{\"@type\":\"SearchAction\",\"target\":{\"@type\":\"EntryPoint\",\"urlTemplate\":\"https:\\\/\\\/www.revistarambla.com\\\/?s={search_term_string}\"},\"query-input\":{\"@type\":\"PropertyValueSpecification\",\"valueRequired\":true,\"valueName\":\"search_term_string\"}}],\"inLanguage\":\"en-GB\"},{\"@type\":\"Organization\",\"@id\":\"https:\\\/\\\/www.revistarambla.com\\\/#organization\",\"name\":\"Revista Rambla\",\"url\":\"https:\\\/\\\/www.revistarambla.com\\\/\",\"logo\":{\"@type\":\"ImageObject\",\"inLanguage\":\"en-GB\",\"@id\":\"https:\\\/\\\/www.revistarambla.com\\\/#\\\/schema\\\/logo\\\/image\\\/\",\"url\":\"https:\\\/\\\/www.revistarambla.com\\\/wp-content\\\/uploads\\\/2020\\\/09\\\/banner_rambla_1900x600_BB.png\",\"contentUrl\":\"https:\\\/\\\/www.revistarambla.com\\\/wp-content\\\/uploads\\\/2020\\\/09\\\/banner_rambla_1900x600_BB.png\",\"width\":1900,\"height\":600,\"caption\":\"Revista Rambla\"},\"image\":{\"@id\":\"https:\\\/\\\/www.revistarambla.com\\\/#\\\/schema\\\/logo\\\/image\\\/\"},\"sameAs\":[\"https:\\\/\\\/www.facebook.com\\\/revistarambla\\\/\",\"https:\\\/\\\/x.com\\\/revistarambla\",\"https:\\\/\\\/www.instagram.com\\\/revista_rambla\",\"https:\\\/\\\/es.linkedin.com\\\/company\\\/revista-rambla\"]},{\"@type\":\"Person\",\"@id\":\"https:\\\/\\\/www.revistarambla.com\\\/#\\\/schema\\\/person\\\/a146a5a2550b94981a75131180e1bd9c\",\"name\":\"R@mbla\",\"description\":\"Este art\u00edculo ha sido redactado y\\\/o validado por el equipo de redacci\u00f3n de Revista Rambla.\",\"sameAs\":[\"https:\\\/\\\/www.revistarambla.com\\\/\",\"https:\\\/\\\/www.facebook.com\\\/revistarambla\",\"https:\\\/\\\/x.com\\\/revistarambla\"]}]}<\/script>\n<!-- \/ Yoast SEO plugin. -->","yoast_head_json":{"title":"Lo peor de Espa\u00f1a - Revista Rambla","robots":{"index":"index","follow":"follow","max-snippet":"max-snippet:-1","max-image-preview":"max-image-preview:large","max-video-preview":"max-video-preview:-1"},"canonical":"https:\/\/www.revistarambla.com\/en\/lo-peor-de-espana\/","og_locale":"en_GB","og_type":"article","og_title":"Lo peor de Espa\u00f1a - Revista Rambla","og_description":"En la imagen, lo peor de Espa\u00f1a","og_url":"https:\/\/www.revistarambla.com\/en\/lo-peor-de-espana\/","og_site_name":"Revista Rambla","article_publisher":"https:\/\/www.facebook.com\/revistarambla\/","article_author":"https:\/\/www.facebook.com\/revistarambla","article_published_time":"2022-11-24T19:16:07+00:00","article_modified_time":"2022-11-24T19:21:44+00:00","og_image":[{"width":1200,"height":600,"url":"https:\/\/www.revistarambla.com\/wp-content\/uploads\/2022\/11\/carla-toscano-vox-2.jpg","type":"image\/jpeg"}],"author":"R@mbla","twitter_card":"summary_large_image","twitter_creator":"@revistarambla","twitter_site":"@revistarambla","twitter_misc":{"Written by":"R@mbla","Estimated reading time":"2 minutes"},"schema":{"@context":"https:\/\/schema.org","@graph":[{"@type":"Article","@id":"https:\/\/www.revistarambla.com\/lo-peor-de-espana\/#article","isPartOf":{"@id":"https:\/\/www.revistarambla.com\/lo-peor-de-espana\/"},"author":{"name":"R@mbla","@id":"https:\/\/www.revistarambla.com\/#\/schema\/person\/a146a5a2550b94981a75131180e1bd9c"},"headline":"Lo peor de Espa\u00f1a","datePublished":"2022-11-24T19:16:07+00:00","dateModified":"2022-11-24T19:21:44+00:00","mainEntityOfPage":{"@id":"https:\/\/www.revistarambla.com\/lo-peor-de-espana\/"},"wordCount":374,"commentCount":0,"publisher":{"@id":"https:\/\/www.revistarambla.com\/#organization"},"image":{"@id":"https:\/\/www.revistarambla.com\/lo-peor-de-espana\/#primaryimage"},"thumbnailUrl":"https:\/\/www.revistarambla.com\/wp-content\/uploads\/2022\/11\/carla-toscano-vox-2.jpg","articleSection":["Estado Espa\u00f1ol"],"inLanguage":"en-GB","potentialAction":[{"@type":"CommentAction","name":"Comment","target":["https:\/\/www.revistarambla.com\/lo-peor-de-espana\/#respond"]}]},{"@type":"WebPage","@id":"https:\/\/www.revistarambla.com\/lo-peor-de-espana\/","url":"https:\/\/www.revistarambla.com\/lo-peor-de-espana\/","name":"Lo peor de Espa\u00f1a - Revista Rambla","isPartOf":{"@id":"https:\/\/www.revistarambla.com\/#website"},"primaryImageOfPage":{"@id":"https:\/\/www.revistarambla.com\/lo-peor-de-espana\/#primaryimage"},"image":{"@id":"https:\/\/www.revistarambla.com\/lo-peor-de-espana\/#primaryimage"},"thumbnailUrl":"https:\/\/www.revistarambla.com\/wp-content\/uploads\/2022\/11\/carla-toscano-vox-2.jpg","datePublished":"2022-11-24T19:16:07+00:00","dateModified":"2022-11-24T19:21:44+00:00","breadcrumb":{"@id":"https:\/\/www.revistarambla.com\/lo-peor-de-espana\/#breadcrumb"},"inLanguage":"en-GB","potentialAction":[{"@type":"ReadAction","target":["https:\/\/www.revistarambla.com\/lo-peor-de-espana\/"]}]},{"@type":"ImageObject","inLanguage":"en-GB","@id":"https:\/\/www.revistarambla.com\/lo-peor-de-espana\/#primaryimage","url":"https:\/\/www.revistarambla.com\/wp-content\/uploads\/2022\/11\/carla-toscano-vox-2.jpg","contentUrl":"https:\/\/www.revistarambla.com\/wp-content\/uploads\/2022\/11\/carla-toscano-vox-2.jpg","width":1200,"height":600},{"@type":"BreadcrumbList","@id":"https:\/\/www.revistarambla.com\/lo-peor-de-espana\/#breadcrumb","itemListElement":[{"@type":"ListItem","position":1,"name":"Portada","item":"https:\/\/www.revistarambla.com\/"},{"@type":"ListItem","position":2,"name":"Lo peor de Espa\u00f1a"}]},{"@type":"WebSite","@id":"https:\/\/www.revistarambla.com\/#website","url":"https:\/\/www.revistarambla.com\/","name":"Revista Rambla Barcelona","description":"Periodismo independiente","publisher":{"@id":"https:\/\/www.revistarambla.com\/#organization"},"potentialAction":[{"@type":"SearchAction","target":{"@type":"EntryPoint","urlTemplate":"https:\/\/www.revistarambla.com\/?s={search_term_string}"},"query-input":{"@type":"PropertyValueSpecification","valueRequired":true,"valueName":"search_term_string"}}],"inLanguage":"en-GB"},{"@type":"Organization","@id":"https:\/\/www.revistarambla.com\/#organization","name":"Revista Rambla","url":"https:\/\/www.revistarambla.com\/","logo":{"@type":"ImageObject","inLanguage":"en-GB","@id":"https:\/\/www.revistarambla.com\/#\/schema\/logo\/image\/","url":"https:\/\/www.revistarambla.com\/wp-content\/uploads\/2020\/09\/banner_rambla_1900x600_BB.png","contentUrl":"https:\/\/www.revistarambla.com\/wp-content\/uploads\/2020\/09\/banner_rambla_1900x600_BB.png","width":1900,"height":600,"caption":"Revista Rambla"},"image":{"@id":"https:\/\/www.revistarambla.com\/#\/schema\/logo\/image\/"},"sameAs":["https:\/\/www.facebook.com\/revistarambla\/","https:\/\/x.com\/revistarambla","https:\/\/www.instagram.com\/revista_rambla","https:\/\/es.linkedin.com\/company\/revista-rambla"]},{"@type":"Person","@id":"https:\/\/www.revistarambla.com\/#\/schema\/person\/a146a5a2550b94981a75131180e1bd9c","name":"R@mbla","description":"Este art\u00edculo ha sido redactado y\/o validado por el equipo de redacci\u00f3n de Revista Rambla.","sameAs":["https:\/\/www.revistarambla.com\/","https:\/\/www.facebook.com\/revistarambla","https:\/\/x.com\/revistarambla"]}]}},"_links":{"self":[{"href":"https:\/\/www.revistarambla.com\/en\/wp-json\/wp\/v2\/posts\/51110","targetHints":{"allow":["GET"]}}],"collection":[{"href":"https:\/\/www.revistarambla.com\/en\/wp-json\/wp\/v2\/posts"}],"about":[{"href":"https:\/\/www.revistarambla.com\/en\/wp-json\/wp\/v2\/types\/post"}],"author":[{"embeddable":true,"href":"https:\/\/www.revistarambla.com\/en\/wp-json\/wp\/v2\/users\/3"}],"replies":[{"embeddable":true,"href":"https:\/\/www.revistarambla.com\/en\/wp-json\/wp\/v2\/comments?post=51110"}],"version-history":[{"count":5,"href":"https:\/\/www.revistarambla.com\/en\/wp-json\/wp\/v2\/posts\/51110\/revisions"}],"predecessor-version":[{"id":51125,"href":"https:\/\/www.revistarambla.com\/en\/wp-json\/wp\/v2\/posts\/51110\/revisions\/51125"}],"wp:featuredmedia":[{"embeddable":true,"href":"https:\/\/www.revistarambla.com\/en\/wp-json\/wp\/v2\/media\/51122"}],"wp:attachment":[{"href":"https:\/\/www.revistarambla.com\/en\/wp-json\/wp\/v2\/media?parent=51110"}],"wp:term":[{"taxonomy":"category","embeddable":true,"href":"https:\/\/www.revistarambla.com\/en\/wp-json\/wp\/v2\/categories?post=51110"},{"taxonomy":"post_tag","embeddable":true,"href":"https:\/\/www.revistarambla.com\/en\/wp-json\/wp\/v2\/tags?post=51110"}],"curies":[{"name":"wp","href":"https:\/\/api.w.org\/{rel}","templated":true}]}}