{"id":51067,"date":"2022-11-23T19:22:18","date_gmt":"2022-11-23T18:22:18","guid":{"rendered":"https:\/\/www.revistarambla.com\/?p=51067"},"modified":"2022-11-23T19:22:18","modified_gmt":"2022-11-23T18:22:18","slug":"cop-27-promesas-de-dadivas-mediante-un-fondo-de-reserva-para-paises-vulnerables","status":"publish","type":"post","link":"https:\/\/www.revistarambla.com\/en\/cop-27-promesas-de-dadivas-mediante-un-fondo-de-reserva-para-paises-vulnerables\/","title":{"rendered":"COP 27: Promesas de d\u00e1divas mediante un fondo de reserva para pa\u00edses vulnerables"},"content":{"rendered":"<p>A falta de la lectura del Texto oficial, nos encontramos otro a\u00f1o m\u00e1s, con un Acuerdo de M\u00ednimos, alcanzado sin apenas efectos vinculantes y que hace presumir el continuismo de los combustibles f\u00f3siles, ante el perpetuo cambio clim\u00e1tico que padecemos.<\/p>\n<p>Un acuerdo alcanzado que se presenta por algunos como un hito hist\u00f3rico, dentro de la habitual \u201cjactancia\u201d de los pa\u00edses ricos, mediante una especie de eslogan sobre el reconocimiento a la creaci\u00f3n de un Fondo de Reserva, sin efectos vinculantes, ni cantidades anunciadas, destinado a paliar p\u00e9rdidas y da\u00f1os de pa\u00edses en desarrollo, con una redacci\u00f3n prevista para el mismo de una duraci\u00f3n entre uno y dos a\u00f1os. Dichos esl\u00f3ganes se vienen repitiendo a\u00f1o tras a\u00f1o, o COP tras COP.<\/p>\n<p>No se contemplan, dentro de las consabidas declaraciones pol\u00edticas, ninguna intenci\u00f3n, aunque fuera paulatina, de ir suprimiendo los combustibles f\u00f3siles.<\/p>\n<p>El predominio de la influencia del \u201cGrupo de Poder\u201d habitual, se ha vuelto a hacer notar mediante su predisposici\u00f3n a la contenci\u00f3n del calentamiento global del Planeta, inferior a 1,5 \u00b0c de temperatura media hasta el a\u00f1o 2100.<\/p>\n<p>No han faltado las cl\u00e1sicas \u201cdecepciones\u201d pol\u00edticas expresadas por distintos dirigentes mundiales. Tampoco, en el lado opuesto, las fuertes directrices emanadas desde una opaca presidencia egipcia, junto al elenco de siempre con China y EEUU ausentes, pero con una retaguardia poderosa como los Pa\u00edses del Golfo y Jap\u00f3n.<\/p>\n<p>Ha servido de poco que COP 27, se celebre en tierras africanas y sus voces pudieran haber sonado m\u00e1s fuertes.<\/p>\n<p>Finalmente, debo confesar que mi mente en estos d\u00edas reflejaba la Conferencia de Madrid en diciembre 2019, a la cual asist\u00ed durante dos semanas, y en lo que a Egipto se refiere por lo le\u00eddo e intercambiado opiniones con ONG&#8217;s, podr\u00eda resultar una clonaci\u00f3n casi perfecta de desatenci\u00f3n al Clima.<\/p>\n<p>Ello confirma, que en el mundo existen otras preocupaciones mercantilistas, de distinto calado a las guerras.<\/p>","protected":false},"excerpt":{"rendered":"<p>A falta de la lectura del Texto oficial, nos encontramos otro a\u00f1o m\u00e1s, con un Acuerdo de M\u00ednimos, alcanzado sin apenas efectos vinculantes y que hace presumir el continuismo de los combustibles f\u00f3siles, ante el perpetuo cambio clim\u00e1tico que padecemos. Un acuerdo alcanzado que se presenta por algunos como un [&hellip;]<\/p>\n","protected":false},"author":305,"featured_media":51068,"comment_status":"open","ping_status":"closed","sticky":false,"template":"","format":"standard","meta":{"footnotes":""},"categories":[72],"tags":[],"class_list":["post-51067","post","type-post","status-publish","format-standard","has-post-thumbnail","hentry","category-opinion"],"yoast_head":"<!-- This site is optimized with the Yoast SEO plugin v27.5 - https:\/\/yoast.com\/product\/yoast-seo-wordpress\/ -->\n<title>COP 27: Promesas de d\u00e1divas mediante un fondo de reserva para pa\u00edses vulnerables - Revista Rambla<\/title>\n<meta name=\"robots\" content=\"index, follow, max-snippet:-1, max-image-preview:large, max-video-preview:-1\" \/>\n<link rel=\"canonical\" href=\"https:\/\/www.revistarambla.com\/en\/cop-27-promesas-de-dadivas-mediante-un-fondo-de-reserva-para-paises-vulnerables\/\" \/>\n<meta property=\"og:locale\" content=\"en_GB\" \/>\n<meta property=\"og:type\" content=\"article\" \/>\n<meta property=\"og:title\" content=\"COP 27: Promesas de d\u00e1divas mediante un fondo de reserva para pa\u00edses vulnerables - Revista Rambla\" \/>\n<meta property=\"og:description\" content=\"A falta de la lectura del Texto oficial, nos encontramos otro a\u00f1o m\u00e1s, con un Acuerdo de M\u00ednimos, alcanzado sin apenas efectos vinculantes y que hace presumir el continuismo de los combustibles f\u00f3siles, ante el perpetuo cambio clim\u00e1tico que padecemos. Un acuerdo alcanzado que se presenta por algunos como un [&hellip;]\" \/>\n<meta property=\"og:url\" content=\"https:\/\/www.revistarambla.com\/en\/cop-27-promesas-de-dadivas-mediante-un-fondo-de-reserva-para-paises-vulnerables\/\" \/>\n<meta property=\"og:site_name\" content=\"Revista Rambla\" \/>\n<meta property=\"article:publisher\" content=\"https:\/\/www.facebook.com\/revistarambla\/\" \/>\n<meta property=\"article:published_time\" content=\"2022-11-23T18:22:18+00:00\" \/>\n<meta property=\"og:image\" content=\"https:\/\/www.revistarambla.com\/wp-content\/uploads\/2022\/11\/industria-contaminacion-fabricas-cambio-climatico.jpeg\" \/>\n\t<meta property=\"og:image:width\" content=\"1200\" \/>\n\t<meta property=\"og:image:height\" content=\"800\" \/>\n\t<meta property=\"og:image:type\" content=\"image\/jpeg\" \/>\n<meta name=\"author\" content=\"Jes\u00fas Antonio Rodr\u00edguez Morilla\" \/>\n<meta name=\"twitter:card\" content=\"summary_large_image\" \/>\n<meta name=\"twitter:creator\" content=\"@revistarambla\" \/>\n<meta name=\"twitter:site\" content=\"@revistarambla\" \/>\n<meta name=\"twitter:label1\" content=\"Written by\" \/>\n\t<meta name=\"twitter:data1\" content=\"Jes\u00fas Antonio Rodr\u00edguez Morilla\" \/>\n\t<meta name=\"twitter:label2\" content=\"Estimated reading time\" \/>\n\t<meta name=\"twitter:data2\" content=\"2 minutes\" \/>\n<script type=\"application\/ld+json\" class=\"yoast-schema-graph\">{\"@context\":\"https:\\\/\\\/schema.org\",\"@graph\":[{\"@type\":\"Article\",\"@id\":\"https:\\\/\\\/www.revistarambla.com\\\/cop-27-promesas-de-dadivas-mediante-un-fondo-de-reserva-para-paises-vulnerables\\\/#article\",\"isPartOf\":{\"@id\":\"https:\\\/\\\/www.revistarambla.com\\\/cop-27-promesas-de-dadivas-mediante-un-fondo-de-reserva-para-paises-vulnerables\\\/\"},\"author\":{\"name\":\"Jes\u00fas Antonio Rodr\u00edguez Morilla\",\"@id\":\"https:\\\/\\\/www.revistarambla.com\\\/#\\\/schema\\\/person\\\/eace802346abd966cd3ecb763f255a0a\"},\"headline\":\"COP 27: Promesas de d\u00e1divas mediante un fondo de reserva para pa\u00edses vulnerables\",\"datePublished\":\"2022-11-23T18:22:18+00:00\",\"mainEntityOfPage\":{\"@id\":\"https:\\\/\\\/www.revistarambla.com\\\/cop-27-promesas-de-dadivas-mediante-un-fondo-de-reserva-para-paises-vulnerables\\\/\"},\"wordCount\":356,\"commentCount\":0,\"publisher\":{\"@id\":\"https:\\\/\\\/www.revistarambla.com\\\/#organization\"},\"image\":{\"@id\":\"https:\\\/\\\/www.revistarambla.com\\\/cop-27-promesas-de-dadivas-mediante-un-fondo-de-reserva-para-paises-vulnerables\\\/#primaryimage\"},\"thumbnailUrl\":\"https:\\\/\\\/www.revistarambla.com\\\/wp-content\\\/uploads\\\/2022\\\/11\\\/industria-contaminacion-fabricas-cambio-climatico.jpeg\",\"articleSection\":[\"Opiniones\"],\"inLanguage\":\"en-GB\",\"potentialAction\":[{\"@type\":\"CommentAction\",\"name\":\"Comment\",\"target\":[\"https:\\\/\\\/www.revistarambla.com\\\/cop-27-promesas-de-dadivas-mediante-un-fondo-de-reserva-para-paises-vulnerables\\\/#respond\"]}]},{\"@type\":\"WebPage\",\"@id\":\"https:\\\/\\\/www.revistarambla.com\\\/cop-27-promesas-de-dadivas-mediante-un-fondo-de-reserva-para-paises-vulnerables\\\/\",\"url\":\"https:\\\/\\\/www.revistarambla.com\\\/cop-27-promesas-de-dadivas-mediante-un-fondo-de-reserva-para-paises-vulnerables\\\/\",\"name\":\"COP 27: Promesas de d\u00e1divas mediante un fondo de reserva para pa\u00edses vulnerables - Revista Rambla\",\"isPartOf\":{\"@id\":\"https:\\\/\\\/www.revistarambla.com\\\/#website\"},\"primaryImageOfPage\":{\"@id\":\"https:\\\/\\\/www.revistarambla.com\\\/cop-27-promesas-de-dadivas-mediante-un-fondo-de-reserva-para-paises-vulnerables\\\/#primaryimage\"},\"image\":{\"@id\":\"https:\\\/\\\/www.revistarambla.com\\\/cop-27-promesas-de-dadivas-mediante-un-fondo-de-reserva-para-paises-vulnerables\\\/#primaryimage\"},\"thumbnailUrl\":\"https:\\\/\\\/www.revistarambla.com\\\/wp-content\\\/uploads\\\/2022\\\/11\\\/industria-contaminacion-fabricas-cambio-climatico.jpeg\",\"datePublished\":\"2022-11-23T18:22:18+00:00\",\"breadcrumb\":{\"@id\":\"https:\\\/\\\/www.revistarambla.com\\\/cop-27-promesas-de-dadivas-mediante-un-fondo-de-reserva-para-paises-vulnerables\\\/#breadcrumb\"},\"inLanguage\":\"en-GB\",\"potentialAction\":[{\"@type\":\"ReadAction\",\"target\":[\"https:\\\/\\\/www.revistarambla.com\\\/cop-27-promesas-de-dadivas-mediante-un-fondo-de-reserva-para-paises-vulnerables\\\/\"]}]},{\"@type\":\"ImageObject\",\"inLanguage\":\"en-GB\",\"@id\":\"https:\\\/\\\/www.revistarambla.com\\\/cop-27-promesas-de-dadivas-mediante-un-fondo-de-reserva-para-paises-vulnerables\\\/#primaryimage\",\"url\":\"https:\\\/\\\/www.revistarambla.com\\\/wp-content\\\/uploads\\\/2022\\\/11\\\/industria-contaminacion-fabricas-cambio-climatico.jpeg\",\"contentUrl\":\"https:\\\/\\\/www.revistarambla.com\\\/wp-content\\\/uploads\\\/2022\\\/11\\\/industria-contaminacion-fabricas-cambio-climatico.jpeg\",\"width\":1200,\"height\":800,\"caption\":\"Emissions from coal-fired power plants contribute to the air pollution in Ulaanbaatar.\"},{\"@type\":\"BreadcrumbList\",\"@id\":\"https:\\\/\\\/www.revistarambla.com\\\/cop-27-promesas-de-dadivas-mediante-un-fondo-de-reserva-para-paises-vulnerables\\\/#breadcrumb\",\"itemListElement\":[{\"@type\":\"ListItem\",\"position\":1,\"name\":\"Portada\",\"item\":\"https:\\\/\\\/www.revistarambla.com\\\/\"},{\"@type\":\"ListItem\",\"position\":2,\"name\":\"COP 27: Promesas de d\u00e1divas mediante un fondo de reserva para pa\u00edses vulnerables\"}]},{\"@type\":\"WebSite\",\"@id\":\"https:\\\/\\\/www.revistarambla.com\\\/#website\",\"url\":\"https:\\\/\\\/www.revistarambla.com\\\/\",\"name\":\"Revista Rambla Barcelona\",\"description\":\"Periodismo independiente\",\"publisher\":{\"@id\":\"https:\\\/\\\/www.revistarambla.com\\\/#organization\"},\"potentialAction\":[{\"@type\":\"SearchAction\",\"target\":{\"@type\":\"EntryPoint\",\"urlTemplate\":\"https:\\\/\\\/www.revistarambla.com\\\/?s={search_term_string}\"},\"query-input\":{\"@type\":\"PropertyValueSpecification\",\"valueRequired\":true,\"valueName\":\"search_term_string\"}}],\"inLanguage\":\"en-GB\"},{\"@type\":\"Organization\",\"@id\":\"https:\\\/\\\/www.revistarambla.com\\\/#organization\",\"name\":\"Revista Rambla\",\"url\":\"https:\\\/\\\/www.revistarambla.com\\\/\",\"logo\":{\"@type\":\"ImageObject\",\"inLanguage\":\"en-GB\",\"@id\":\"https:\\\/\\\/www.revistarambla.com\\\/#\\\/schema\\\/logo\\\/image\\\/\",\"url\":\"https:\\\/\\\/www.revistarambla.com\\\/wp-content\\\/uploads\\\/2020\\\/09\\\/banner_rambla_1900x600_BB.png\",\"contentUrl\":\"https:\\\/\\\/www.revistarambla.com\\\/wp-content\\\/uploads\\\/2020\\\/09\\\/banner_rambla_1900x600_BB.png\",\"width\":1900,\"height\":600,\"caption\":\"Revista Rambla\"},\"image\":{\"@id\":\"https:\\\/\\\/www.revistarambla.com\\\/#\\\/schema\\\/logo\\\/image\\\/\"},\"sameAs\":[\"https:\\\/\\\/www.facebook.com\\\/revistarambla\\\/\",\"https:\\\/\\\/x.com\\\/revistarambla\",\"https:\\\/\\\/www.instagram.com\\\/revista_rambla\",\"https:\\\/\\\/es.linkedin.com\\\/company\\\/revista-rambla\"]},{\"@type\":\"Person\",\"@id\":\"https:\\\/\\\/www.revistarambla.com\\\/#\\\/schema\\\/person\\\/eace802346abd966cd3ecb763f255a0a\",\"name\":\"Jes\u00fas Antonio Rodr\u00edguez Morilla\",\"description\":\"Doctor en Derecho por la U.C.M. (Cum Laude). Licenciado en Derecho. Licenciado en Ciencias Pol\u00edticas. Caballero de M\u00e9rito de la Real Orden (Noruega).\",\"sameAs\":[\"https:\\\/\\\/www.modificadosobraspublicas.com\"]}]}<\/script>\n<!-- \/ Yoast SEO plugin. -->","yoast_head_json":{"title":"COP 27: Promesas de d\u00e1divas mediante un fondo de reserva para pa\u00edses vulnerables - Revista Rambla","robots":{"index":"index","follow":"follow","max-snippet":"max-snippet:-1","max-image-preview":"max-image-preview:large","max-video-preview":"max-video-preview:-1"},"canonical":"https:\/\/www.revistarambla.com\/en\/cop-27-promesas-de-dadivas-mediante-un-fondo-de-reserva-para-paises-vulnerables\/","og_locale":"en_GB","og_type":"article","og_title":"COP 27: Promesas de d\u00e1divas mediante un fondo de reserva para pa\u00edses vulnerables - Revista Rambla","og_description":"A falta de la lectura del Texto oficial, nos encontramos otro a\u00f1o m\u00e1s, con un Acuerdo de M\u00ednimos, alcanzado sin apenas efectos vinculantes y que hace presumir el continuismo de los combustibles f\u00f3siles, ante el perpetuo cambio clim\u00e1tico que padecemos. Un acuerdo alcanzado que se presenta por algunos como un [&hellip;]","og_url":"https:\/\/www.revistarambla.com\/en\/cop-27-promesas-de-dadivas-mediante-un-fondo-de-reserva-para-paises-vulnerables\/","og_site_name":"Revista Rambla","article_publisher":"https:\/\/www.facebook.com\/revistarambla\/","article_published_time":"2022-11-23T18:22:18+00:00","og_image":[{"width":1200,"height":800,"url":"https:\/\/www.revistarambla.com\/wp-content\/uploads\/2022\/11\/industria-contaminacion-fabricas-cambio-climatico.jpeg","type":"image\/jpeg"}],"author":"Jes\u00fas Antonio Rodr\u00edguez Morilla","twitter_card":"summary_large_image","twitter_creator":"@revistarambla","twitter_site":"@revistarambla","twitter_misc":{"Written by":"Jes\u00fas Antonio Rodr\u00edguez Morilla","Estimated reading time":"2 minutes"},"schema":{"@context":"https:\/\/schema.org","@graph":[{"@type":"Article","@id":"https:\/\/www.revistarambla.com\/cop-27-promesas-de-dadivas-mediante-un-fondo-de-reserva-para-paises-vulnerables\/#article","isPartOf":{"@id":"https:\/\/www.revistarambla.com\/cop-27-promesas-de-dadivas-mediante-un-fondo-de-reserva-para-paises-vulnerables\/"},"author":{"name":"Jes\u00fas Antonio Rodr\u00edguez Morilla","@id":"https:\/\/www.revistarambla.com\/#\/schema\/person\/eace802346abd966cd3ecb763f255a0a"},"headline":"COP 27: Promesas de d\u00e1divas mediante un fondo de reserva para pa\u00edses vulnerables","datePublished":"2022-11-23T18:22:18+00:00","mainEntityOfPage":{"@id":"https:\/\/www.revistarambla.com\/cop-27-promesas-de-dadivas-mediante-un-fondo-de-reserva-para-paises-vulnerables\/"},"wordCount":356,"commentCount":0,"publisher":{"@id":"https:\/\/www.revistarambla.com\/#organization"},"image":{"@id":"https:\/\/www.revistarambla.com\/cop-27-promesas-de-dadivas-mediante-un-fondo-de-reserva-para-paises-vulnerables\/#primaryimage"},"thumbnailUrl":"https:\/\/www.revistarambla.com\/wp-content\/uploads\/2022\/11\/industria-contaminacion-fabricas-cambio-climatico.jpeg","articleSection":["Opiniones"],"inLanguage":"en-GB","potentialAction":[{"@type":"CommentAction","name":"Comment","target":["https:\/\/www.revistarambla.com\/cop-27-promesas-de-dadivas-mediante-un-fondo-de-reserva-para-paises-vulnerables\/#respond"]}]},{"@type":"WebPage","@id":"https:\/\/www.revistarambla.com\/cop-27-promesas-de-dadivas-mediante-un-fondo-de-reserva-para-paises-vulnerables\/","url":"https:\/\/www.revistarambla.com\/cop-27-promesas-de-dadivas-mediante-un-fondo-de-reserva-para-paises-vulnerables\/","name":"COP 27: Promesas de d\u00e1divas mediante un fondo de reserva para pa\u00edses vulnerables - Revista Rambla","isPartOf":{"@id":"https:\/\/www.revistarambla.com\/#website"},"primaryImageOfPage":{"@id":"https:\/\/www.revistarambla.com\/cop-27-promesas-de-dadivas-mediante-un-fondo-de-reserva-para-paises-vulnerables\/#primaryimage"},"image":{"@id":"https:\/\/www.revistarambla.com\/cop-27-promesas-de-dadivas-mediante-un-fondo-de-reserva-para-paises-vulnerables\/#primaryimage"},"thumbnailUrl":"https:\/\/www.revistarambla.com\/wp-content\/uploads\/2022\/11\/industria-contaminacion-fabricas-cambio-climatico.jpeg","datePublished":"2022-11-23T18:22:18+00:00","breadcrumb":{"@id":"https:\/\/www.revistarambla.com\/cop-27-promesas-de-dadivas-mediante-un-fondo-de-reserva-para-paises-vulnerables\/#breadcrumb"},"inLanguage":"en-GB","potentialAction":[{"@type":"ReadAction","target":["https:\/\/www.revistarambla.com\/cop-27-promesas-de-dadivas-mediante-un-fondo-de-reserva-para-paises-vulnerables\/"]}]},{"@type":"ImageObject","inLanguage":"en-GB","@id":"https:\/\/www.revistarambla.com\/cop-27-promesas-de-dadivas-mediante-un-fondo-de-reserva-para-paises-vulnerables\/#primaryimage","url":"https:\/\/www.revistarambla.com\/wp-content\/uploads\/2022\/11\/industria-contaminacion-fabricas-cambio-climatico.jpeg","contentUrl":"https:\/\/www.revistarambla.com\/wp-content\/uploads\/2022\/11\/industria-contaminacion-fabricas-cambio-climatico.jpeg","width":1200,"height":800,"caption":"Emissions from coal-fired power plants contribute to the air pollution in Ulaanbaatar."},{"@type":"BreadcrumbList","@id":"https:\/\/www.revistarambla.com\/cop-27-promesas-de-dadivas-mediante-un-fondo-de-reserva-para-paises-vulnerables\/#breadcrumb","itemListElement":[{"@type":"ListItem","position":1,"name":"Portada","item":"https:\/\/www.revistarambla.com\/"},{"@type":"ListItem","position":2,"name":"COP 27: Promesas de d\u00e1divas mediante un fondo de reserva para pa\u00edses vulnerables"}]},{"@type":"WebSite","@id":"https:\/\/www.revistarambla.com\/#website","url":"https:\/\/www.revistarambla.com\/","name":"Revista Rambla Barcelona","description":"Periodismo independiente","publisher":{"@id":"https:\/\/www.revistarambla.com\/#organization"},"potentialAction":[{"@type":"SearchAction","target":{"@type":"EntryPoint","urlTemplate":"https:\/\/www.revistarambla.com\/?s={search_term_string}"},"query-input":{"@type":"PropertyValueSpecification","valueRequired":true,"valueName":"search_term_string"}}],"inLanguage":"en-GB"},{"@type":"Organization","@id":"https:\/\/www.revistarambla.com\/#organization","name":"Revista Rambla","url":"https:\/\/www.revistarambla.com\/","logo":{"@type":"ImageObject","inLanguage":"en-GB","@id":"https:\/\/www.revistarambla.com\/#\/schema\/logo\/image\/","url":"https:\/\/www.revistarambla.com\/wp-content\/uploads\/2020\/09\/banner_rambla_1900x600_BB.png","contentUrl":"https:\/\/www.revistarambla.com\/wp-content\/uploads\/2020\/09\/banner_rambla_1900x600_BB.png","width":1900,"height":600,"caption":"Revista Rambla"},"image":{"@id":"https:\/\/www.revistarambla.com\/#\/schema\/logo\/image\/"},"sameAs":["https:\/\/www.facebook.com\/revistarambla\/","https:\/\/x.com\/revistarambla","https:\/\/www.instagram.com\/revista_rambla","https:\/\/es.linkedin.com\/company\/revista-rambla"]},{"@type":"Person","@id":"https:\/\/www.revistarambla.com\/#\/schema\/person\/eace802346abd966cd3ecb763f255a0a","name":"Jes\u00fas Antonio Rodr\u00edguez Morilla","description":"Doctor en Derecho por la U.C.M. (Cum Laude). Licenciado en Derecho. Licenciado en Ciencias Pol\u00edticas. Caballero de M\u00e9rito de la Real Orden (Noruega).","sameAs":["https:\/\/www.modificadosobraspublicas.com"]}]}},"_links":{"self":[{"href":"https:\/\/www.revistarambla.com\/en\/wp-json\/wp\/v2\/posts\/51067","targetHints":{"allow":["GET"]}}],"collection":[{"href":"https:\/\/www.revistarambla.com\/en\/wp-json\/wp\/v2\/posts"}],"about":[{"href":"https:\/\/www.revistarambla.com\/en\/wp-json\/wp\/v2\/types\/post"}],"author":[{"embeddable":true,"href":"https:\/\/www.revistarambla.com\/en\/wp-json\/wp\/v2\/users\/305"}],"replies":[{"embeddable":true,"href":"https:\/\/www.revistarambla.com\/en\/wp-json\/wp\/v2\/comments?post=51067"}],"version-history":[{"count":1,"href":"https:\/\/www.revistarambla.com\/en\/wp-json\/wp\/v2\/posts\/51067\/revisions"}],"predecessor-version":[{"id":51069,"href":"https:\/\/www.revistarambla.com\/en\/wp-json\/wp\/v2\/posts\/51067\/revisions\/51069"}],"wp:featuredmedia":[{"embeddable":true,"href":"https:\/\/www.revistarambla.com\/en\/wp-json\/wp\/v2\/media\/51068"}],"wp:attachment":[{"href":"https:\/\/www.revistarambla.com\/en\/wp-json\/wp\/v2\/media?parent=51067"}],"wp:term":[{"taxonomy":"category","embeddable":true,"href":"https:\/\/www.revistarambla.com\/en\/wp-json\/wp\/v2\/categories?post=51067"},{"taxonomy":"post_tag","embeddable":true,"href":"https:\/\/www.revistarambla.com\/en\/wp-json\/wp\/v2\/tags?post=51067"}],"curies":[{"name":"wp","href":"https:\/\/api.w.org\/{rel}","templated":true}]}}