{"id":51045,"date":"2022-11-22T20:17:12","date_gmt":"2022-11-22T19:17:12","guid":{"rendered":"https:\/\/www.revistarambla.com\/?p=51045"},"modified":"2022-11-22T20:17:12","modified_gmt":"2022-11-22T19:17:12","slug":"el-2-es-una-falsa-limitacion-los-alquileres-seguiran-subiendo","status":"publish","type":"post","link":"https:\/\/www.revistarambla.com\/en\/el-2-es-una-falsa-limitacion-los-alquileres-seguiran-subiendo\/","title":{"rendered":"El 2% es una falsa limitaci\u00f3n: los alquileres seguir\u00e1n subiendo"},"content":{"rendered":"<p dir=\"ltr\">La\u00a0medida\u00a0anunciada hoy por el\u00a0Gobierno\u00a0es una\u00a0falsa limitaci\u00f3n de los alquileres. La decisi\u00f3n de prorrogar el tope del 2% a las actualizaciones anuales del alquiler\u00a0no limitar\u00e1 ni bajar\u00e1 los precios reales\u00a0por una raz\u00f3n: no se pone ning\u00fan l\u00edmite a las subidas en las\u00a0renovaciones\u00a0o en los\u00a0nuevos contratos. Los rentistas podr\u00e1n seguir echando a la gente de sus casas a base de subidas abusivas cada vez que finalice un contrato.<\/p>\n<p dir=\"ltr\">El anuncio coincide, adem\u00e1s, con la publicaci\u00f3n de una demoledora\u00a0encuesta\u00a0(<span style=\"text-decoration: underline;\"><a href=\"https:\/\/www.eldiario.es\/politica\/66-poblacion-reclama-fijen-topes-precios-alquiler_1_9729954.html?utm_source=adelanto&amp;utm_medium=email&amp;utm_content=Socio&amp;utm_campaign=21\/11\/2022-adelanto&amp;goal=0_10e11ebad6-2c32635810-60170761&amp;mc_cid=2c32635810&amp;mc_eid=21dff02c77\">Simple L\u00f3gica-<em>Eldiario.es<\/em><\/a><\/span>):\u00a0Un\u00a066% de la poblaci\u00f3n\u00a0se muestra favorable a establecer un\u00a0tope real a los precios del alquiler. Entre los votantes de los partidos en el Gobierno, la cifra sube a un 77% (votantes del PSOE en 2019) y un 93% (votantes de UP en 2019).<\/p>\n<p dir=\"ltr\">Frente a estas fulminantes cifras, exigimos al\u00a0Gobierno que deje de eternizar el problema estructural de la vivienda y\u00a0apruebe, de una vez por todas, una\u00a0regulaci\u00f3n real de los alquileres para que los y las inquilinas dejen de ser ciudadanas de segunda y destinar m\u00e1s de la mitad de sus sueldos a enriquecer al sector inmobiliario.<\/p>\n<p dir=\"ltr\">Mientras esto no suceda, las medidas\u00a0coyunturales\u00a0para hacer frente a la\u00a0inflaci\u00f3n, no pueden limitarse al tope del 2%. Es urgente que los precios se\u00a0congelen\u00a0y los\u00a0contratos de alquiler\u00a0puedan\u00a0prorrogarse\u00a0obligatoriamente para evitar el desahucio de miles de hogares inquilinos.<\/p>","protected":false},"excerpt":{"rendered":"<p>Es urgente que los precios se\u00a0congelen\u00a0y los\u00a0contratos de alquiler\u00a0puedan\u00a0prorrogarse\u00a0obligatoriamente para evitar el desahucio de miles de hogares inquilinos<\/p>","protected":false},"author":328,"featured_media":51046,"comment_status":"open","ping_status":"closed","sticky":false,"template":"","format":"standard","meta":{"footnotes":""},"categories":[72],"tags":[],"class_list":["post-51045","post","type-post","status-publish","format-standard","has-post-thumbnail","hentry","category-opinion"],"yoast_head":"<!-- This site is optimized with the Yoast SEO plugin v27.5 - https:\/\/yoast.com\/product\/yoast-seo-wordpress\/ -->\n<title>El 2% es una falsa limitaci\u00f3n: los alquileres seguir\u00e1n subiendo - Revista Rambla<\/title>\n<meta name=\"robots\" content=\"index, follow, max-snippet:-1, max-image-preview:large, max-video-preview:-1\" \/>\n<link rel=\"canonical\" href=\"https:\/\/www.revistarambla.com\/en\/el-2-es-una-falsa-limitacion-los-alquileres-seguiran-subiendo\/\" \/>\n<meta property=\"og:locale\" content=\"en_GB\" \/>\n<meta property=\"og:type\" content=\"article\" \/>\n<meta property=\"og:title\" content=\"El 2% es una falsa limitaci\u00f3n: los alquileres seguir\u00e1n subiendo - Revista Rambla\" \/>\n<meta property=\"og:description\" content=\"Es urgente que los precios se\u00a0congelen\u00a0y los\u00a0contratos de alquiler\u00a0puedan\u00a0prorrogarse\u00a0obligatoriamente para evitar el desahucio de miles de hogares inquilinos\" \/>\n<meta property=\"og:url\" content=\"https:\/\/www.revistarambla.com\/en\/el-2-es-una-falsa-limitacion-los-alquileres-seguiran-subiendo\/\" \/>\n<meta property=\"og:site_name\" content=\"Revista Rambla\" \/>\n<meta property=\"article:publisher\" content=\"https:\/\/www.facebook.com\/revistarambla\/\" \/>\n<meta property=\"article:author\" content=\"https:\/\/www.facebook.com\/SindicatLloguer\/\" \/>\n<meta property=\"article:published_time\" content=\"2022-11-22T19:17:12+00:00\" \/>\n<meta property=\"og:image\" content=\"https:\/\/www.revistarambla.com\/wp-content\/uploads\/2022\/11\/333_Edifici_al_c._Blasco_de_Garay_14_Barcelona.jpg\" \/>\n\t<meta property=\"og:image:width\" content=\"1024\" \/>\n\t<meta property=\"og:image:height\" content=\"768\" \/>\n\t<meta property=\"og:image:type\" content=\"image\/jpeg\" \/>\n<meta name=\"author\" content=\"Sindicat de Llogateres\" \/>\n<meta name=\"twitter:card\" content=\"summary_large_image\" \/>\n<meta name=\"twitter:creator\" content=\"@sindicatlloguer\" \/>\n<meta name=\"twitter:site\" content=\"@revistarambla\" \/>\n<meta name=\"twitter:label1\" content=\"Written by\" \/>\n\t<meta name=\"twitter:data1\" content=\"Sindicat de Llogateres\" \/>\n\t<meta name=\"twitter:label2\" content=\"Estimated reading time\" \/>\n\t<meta name=\"twitter:data2\" content=\"2 minutes\" \/>\n<script type=\"application\/ld+json\" class=\"yoast-schema-graph\">{\"@context\":\"https:\\\/\\\/schema.org\",\"@graph\":[{\"@type\":\"Article\",\"@id\":\"https:\\\/\\\/www.revistarambla.com\\\/el-2-es-una-falsa-limitacion-los-alquileres-seguiran-subiendo\\\/#article\",\"isPartOf\":{\"@id\":\"https:\\\/\\\/www.revistarambla.com\\\/el-2-es-una-falsa-limitacion-los-alquileres-seguiran-subiendo\\\/\"},\"author\":{\"name\":\"Sindicat de Llogateres\",\"@id\":\"https:\\\/\\\/www.revistarambla.com\\\/#\\\/schema\\\/person\\\/cdb47f1b20cae4529e0d80b9b620ee26\"},\"headline\":\"El 2% es una falsa limitaci\u00f3n: los alquileres seguir\u00e1n subiendo\",\"datePublished\":\"2022-11-22T19:17:12+00:00\",\"mainEntityOfPage\":{\"@id\":\"https:\\\/\\\/www.revistarambla.com\\\/el-2-es-una-falsa-limitacion-los-alquileres-seguiran-subiendo\\\/\"},\"wordCount\":254,\"commentCount\":0,\"publisher\":{\"@id\":\"https:\\\/\\\/www.revistarambla.com\\\/#organization\"},\"image\":{\"@id\":\"https:\\\/\\\/www.revistarambla.com\\\/el-2-es-una-falsa-limitacion-los-alquileres-seguiran-subiendo\\\/#primaryimage\"},\"thumbnailUrl\":\"https:\\\/\\\/www.revistarambla.com\\\/wp-content\\\/uploads\\\/2022\\\/11\\\/333_Edifici_al_c._Blasco_de_Garay_14_Barcelona.jpg\",\"articleSection\":[\"Opiniones\"],\"inLanguage\":\"en-GB\",\"potentialAction\":[{\"@type\":\"CommentAction\",\"name\":\"Comment\",\"target\":[\"https:\\\/\\\/www.revistarambla.com\\\/el-2-es-una-falsa-limitacion-los-alquileres-seguiran-subiendo\\\/#respond\"]}]},{\"@type\":\"WebPage\",\"@id\":\"https:\\\/\\\/www.revistarambla.com\\\/el-2-es-una-falsa-limitacion-los-alquileres-seguiran-subiendo\\\/\",\"url\":\"https:\\\/\\\/www.revistarambla.com\\\/el-2-es-una-falsa-limitacion-los-alquileres-seguiran-subiendo\\\/\",\"name\":\"El 2% es una falsa limitaci\u00f3n: los alquileres seguir\u00e1n subiendo - Revista Rambla\",\"isPartOf\":{\"@id\":\"https:\\\/\\\/www.revistarambla.com\\\/#website\"},\"primaryImageOfPage\":{\"@id\":\"https:\\\/\\\/www.revistarambla.com\\\/el-2-es-una-falsa-limitacion-los-alquileres-seguiran-subiendo\\\/#primaryimage\"},\"image\":{\"@id\":\"https:\\\/\\\/www.revistarambla.com\\\/el-2-es-una-falsa-limitacion-los-alquileres-seguiran-subiendo\\\/#primaryimage\"},\"thumbnailUrl\":\"https:\\\/\\\/www.revistarambla.com\\\/wp-content\\\/uploads\\\/2022\\\/11\\\/333_Edifici_al_c._Blasco_de_Garay_14_Barcelona.jpg\",\"datePublished\":\"2022-11-22T19:17:12+00:00\",\"breadcrumb\":{\"@id\":\"https:\\\/\\\/www.revistarambla.com\\\/el-2-es-una-falsa-limitacion-los-alquileres-seguiran-subiendo\\\/#breadcrumb\"},\"inLanguage\":\"en-GB\",\"potentialAction\":[{\"@type\":\"ReadAction\",\"target\":[\"https:\\\/\\\/www.revistarambla.com\\\/el-2-es-una-falsa-limitacion-los-alquileres-seguiran-subiendo\\\/\"]}]},{\"@type\":\"ImageObject\",\"inLanguage\":\"en-GB\",\"@id\":\"https:\\\/\\\/www.revistarambla.com\\\/el-2-es-una-falsa-limitacion-los-alquileres-seguiran-subiendo\\\/#primaryimage\",\"url\":\"https:\\\/\\\/www.revistarambla.com\\\/wp-content\\\/uploads\\\/2022\\\/11\\\/333_Edifici_al_c._Blasco_de_Garay_14_Barcelona.jpg\",\"contentUrl\":\"https:\\\/\\\/www.revistarambla.com\\\/wp-content\\\/uploads\\\/2022\\\/11\\\/333_Edifici_al_c._Blasco_de_Garay_14_Barcelona.jpg\",\"width\":1024,\"height\":768,\"caption\":\"dav\"},{\"@type\":\"BreadcrumbList\",\"@id\":\"https:\\\/\\\/www.revistarambla.com\\\/el-2-es-una-falsa-limitacion-los-alquileres-seguiran-subiendo\\\/#breadcrumb\",\"itemListElement\":[{\"@type\":\"ListItem\",\"position\":1,\"name\":\"Portada\",\"item\":\"https:\\\/\\\/www.revistarambla.com\\\/\"},{\"@type\":\"ListItem\",\"position\":2,\"name\":\"El 2% es una falsa limitaci\u00f3n: los alquileres seguir\u00e1n subiendo\"}]},{\"@type\":\"WebSite\",\"@id\":\"https:\\\/\\\/www.revistarambla.com\\\/#website\",\"url\":\"https:\\\/\\\/www.revistarambla.com\\\/\",\"name\":\"Revista Rambla Barcelona\",\"description\":\"Periodismo independiente\",\"publisher\":{\"@id\":\"https:\\\/\\\/www.revistarambla.com\\\/#organization\"},\"potentialAction\":[{\"@type\":\"SearchAction\",\"target\":{\"@type\":\"EntryPoint\",\"urlTemplate\":\"https:\\\/\\\/www.revistarambla.com\\\/?s={search_term_string}\"},\"query-input\":{\"@type\":\"PropertyValueSpecification\",\"valueRequired\":true,\"valueName\":\"search_term_string\"}}],\"inLanguage\":\"en-GB\"},{\"@type\":\"Organization\",\"@id\":\"https:\\\/\\\/www.revistarambla.com\\\/#organization\",\"name\":\"Revista Rambla\",\"url\":\"https:\\\/\\\/www.revistarambla.com\\\/\",\"logo\":{\"@type\":\"ImageObject\",\"inLanguage\":\"en-GB\",\"@id\":\"https:\\\/\\\/www.revistarambla.com\\\/#\\\/schema\\\/logo\\\/image\\\/\",\"url\":\"https:\\\/\\\/www.revistarambla.com\\\/wp-content\\\/uploads\\\/2020\\\/09\\\/banner_rambla_1900x600_BB.png\",\"contentUrl\":\"https:\\\/\\\/www.revistarambla.com\\\/wp-content\\\/uploads\\\/2020\\\/09\\\/banner_rambla_1900x600_BB.png\",\"width\":1900,\"height\":600,\"caption\":\"Revista Rambla\"},\"image\":{\"@id\":\"https:\\\/\\\/www.revistarambla.com\\\/#\\\/schema\\\/logo\\\/image\\\/\"},\"sameAs\":[\"https:\\\/\\\/www.facebook.com\\\/revistarambla\\\/\",\"https:\\\/\\\/x.com\\\/revistarambla\",\"https:\\\/\\\/www.instagram.com\\\/revista_rambla\",\"https:\\\/\\\/es.linkedin.com\\\/company\\\/revista-rambla\"]},{\"@type\":\"Person\",\"@id\":\"https:\\\/\\\/www.revistarambla.com\\\/#\\\/schema\\\/person\\\/cdb47f1b20cae4529e0d80b9b620ee26\",\"name\":\"Sindicat de Llogateres\",\"description\":\"Protegim el dret a l'habitatge. Millorem la vida de la gent. Ajuda'ns a seguir canviant les coses i suma-t'hi.\",\"sameAs\":[\"http:\\\/\\\/sindicatdellogateres.org\\\/\",\"https:\\\/\\\/www.facebook.com\\\/SindicatLloguer\\\/\",\"https:\\\/\\\/x.com\\\/sindicatlloguer\"]}]}<\/script>\n<!-- \/ Yoast SEO plugin. -->","yoast_head_json":{"title":"El 2% es una falsa limitaci\u00f3n: los alquileres seguir\u00e1n subiendo - Revista Rambla","robots":{"index":"index","follow":"follow","max-snippet":"max-snippet:-1","max-image-preview":"max-image-preview:large","max-video-preview":"max-video-preview:-1"},"canonical":"https:\/\/www.revistarambla.com\/en\/el-2-es-una-falsa-limitacion-los-alquileres-seguiran-subiendo\/","og_locale":"en_GB","og_type":"article","og_title":"El 2% es una falsa limitaci\u00f3n: los alquileres seguir\u00e1n subiendo - Revista Rambla","og_description":"Es urgente que los precios se\u00a0congelen\u00a0y los\u00a0contratos de alquiler\u00a0puedan\u00a0prorrogarse\u00a0obligatoriamente para evitar el desahucio de miles de hogares inquilinos","og_url":"https:\/\/www.revistarambla.com\/en\/el-2-es-una-falsa-limitacion-los-alquileres-seguiran-subiendo\/","og_site_name":"Revista Rambla","article_publisher":"https:\/\/www.facebook.com\/revistarambla\/","article_author":"https:\/\/www.facebook.com\/SindicatLloguer\/","article_published_time":"2022-11-22T19:17:12+00:00","og_image":[{"width":1024,"height":768,"url":"https:\/\/www.revistarambla.com\/wp-content\/uploads\/2022\/11\/333_Edifici_al_c._Blasco_de_Garay_14_Barcelona.jpg","type":"image\/jpeg"}],"author":"Sindicat de Llogateres","twitter_card":"summary_large_image","twitter_creator":"@sindicatlloguer","twitter_site":"@revistarambla","twitter_misc":{"Written by":"Sindicat de Llogateres","Estimated reading time":"2 minutes"},"schema":{"@context":"https:\/\/schema.org","@graph":[{"@type":"Article","@id":"https:\/\/www.revistarambla.com\/el-2-es-una-falsa-limitacion-los-alquileres-seguiran-subiendo\/#article","isPartOf":{"@id":"https:\/\/www.revistarambla.com\/el-2-es-una-falsa-limitacion-los-alquileres-seguiran-subiendo\/"},"author":{"name":"Sindicat de Llogateres","@id":"https:\/\/www.revistarambla.com\/#\/schema\/person\/cdb47f1b20cae4529e0d80b9b620ee26"},"headline":"El 2% es una falsa limitaci\u00f3n: los alquileres seguir\u00e1n subiendo","datePublished":"2022-11-22T19:17:12+00:00","mainEntityOfPage":{"@id":"https:\/\/www.revistarambla.com\/el-2-es-una-falsa-limitacion-los-alquileres-seguiran-subiendo\/"},"wordCount":254,"commentCount":0,"publisher":{"@id":"https:\/\/www.revistarambla.com\/#organization"},"image":{"@id":"https:\/\/www.revistarambla.com\/el-2-es-una-falsa-limitacion-los-alquileres-seguiran-subiendo\/#primaryimage"},"thumbnailUrl":"https:\/\/www.revistarambla.com\/wp-content\/uploads\/2022\/11\/333_Edifici_al_c._Blasco_de_Garay_14_Barcelona.jpg","articleSection":["Opiniones"],"inLanguage":"en-GB","potentialAction":[{"@type":"CommentAction","name":"Comment","target":["https:\/\/www.revistarambla.com\/el-2-es-una-falsa-limitacion-los-alquileres-seguiran-subiendo\/#respond"]}]},{"@type":"WebPage","@id":"https:\/\/www.revistarambla.com\/el-2-es-una-falsa-limitacion-los-alquileres-seguiran-subiendo\/","url":"https:\/\/www.revistarambla.com\/el-2-es-una-falsa-limitacion-los-alquileres-seguiran-subiendo\/","name":"El 2% es una falsa limitaci\u00f3n: los alquileres seguir\u00e1n subiendo - Revista Rambla","isPartOf":{"@id":"https:\/\/www.revistarambla.com\/#website"},"primaryImageOfPage":{"@id":"https:\/\/www.revistarambla.com\/el-2-es-una-falsa-limitacion-los-alquileres-seguiran-subiendo\/#primaryimage"},"image":{"@id":"https:\/\/www.revistarambla.com\/el-2-es-una-falsa-limitacion-los-alquileres-seguiran-subiendo\/#primaryimage"},"thumbnailUrl":"https:\/\/www.revistarambla.com\/wp-content\/uploads\/2022\/11\/333_Edifici_al_c._Blasco_de_Garay_14_Barcelona.jpg","datePublished":"2022-11-22T19:17:12+00:00","breadcrumb":{"@id":"https:\/\/www.revistarambla.com\/el-2-es-una-falsa-limitacion-los-alquileres-seguiran-subiendo\/#breadcrumb"},"inLanguage":"en-GB","potentialAction":[{"@type":"ReadAction","target":["https:\/\/www.revistarambla.com\/el-2-es-una-falsa-limitacion-los-alquileres-seguiran-subiendo\/"]}]},{"@type":"ImageObject","inLanguage":"en-GB","@id":"https:\/\/www.revistarambla.com\/el-2-es-una-falsa-limitacion-los-alquileres-seguiran-subiendo\/#primaryimage","url":"https:\/\/www.revistarambla.com\/wp-content\/uploads\/2022\/11\/333_Edifici_al_c._Blasco_de_Garay_14_Barcelona.jpg","contentUrl":"https:\/\/www.revistarambla.com\/wp-content\/uploads\/2022\/11\/333_Edifici_al_c._Blasco_de_Garay_14_Barcelona.jpg","width":1024,"height":768,"caption":"dav"},{"@type":"BreadcrumbList","@id":"https:\/\/www.revistarambla.com\/el-2-es-una-falsa-limitacion-los-alquileres-seguiran-subiendo\/#breadcrumb","itemListElement":[{"@type":"ListItem","position":1,"name":"Portada","item":"https:\/\/www.revistarambla.com\/"},{"@type":"ListItem","position":2,"name":"El 2% es una falsa limitaci\u00f3n: los alquileres seguir\u00e1n subiendo"}]},{"@type":"WebSite","@id":"https:\/\/www.revistarambla.com\/#website","url":"https:\/\/www.revistarambla.com\/","name":"Revista Rambla Barcelona","description":"Periodismo independiente","publisher":{"@id":"https:\/\/www.revistarambla.com\/#organization"},"potentialAction":[{"@type":"SearchAction","target":{"@type":"EntryPoint","urlTemplate":"https:\/\/www.revistarambla.com\/?s={search_term_string}"},"query-input":{"@type":"PropertyValueSpecification","valueRequired":true,"valueName":"search_term_string"}}],"inLanguage":"en-GB"},{"@type":"Organization","@id":"https:\/\/www.revistarambla.com\/#organization","name":"Revista Rambla","url":"https:\/\/www.revistarambla.com\/","logo":{"@type":"ImageObject","inLanguage":"en-GB","@id":"https:\/\/www.revistarambla.com\/#\/schema\/logo\/image\/","url":"https:\/\/www.revistarambla.com\/wp-content\/uploads\/2020\/09\/banner_rambla_1900x600_BB.png","contentUrl":"https:\/\/www.revistarambla.com\/wp-content\/uploads\/2020\/09\/banner_rambla_1900x600_BB.png","width":1900,"height":600,"caption":"Revista Rambla"},"image":{"@id":"https:\/\/www.revistarambla.com\/#\/schema\/logo\/image\/"},"sameAs":["https:\/\/www.facebook.com\/revistarambla\/","https:\/\/x.com\/revistarambla","https:\/\/www.instagram.com\/revista_rambla","https:\/\/es.linkedin.com\/company\/revista-rambla"]},{"@type":"Person","@id":"https:\/\/www.revistarambla.com\/#\/schema\/person\/cdb47f1b20cae4529e0d80b9b620ee26","name":"Sindicat de Llogateres","description":"Protegim el dret a l'habitatge. Millorem la vida de la gent. Ajuda'ns a seguir canviant les coses i suma-t'hi.","sameAs":["http:\/\/sindicatdellogateres.org\/","https:\/\/www.facebook.com\/SindicatLloguer\/","https:\/\/x.com\/sindicatlloguer"]}]}},"_links":{"self":[{"href":"https:\/\/www.revistarambla.com\/en\/wp-json\/wp\/v2\/posts\/51045","targetHints":{"allow":["GET"]}}],"collection":[{"href":"https:\/\/www.revistarambla.com\/en\/wp-json\/wp\/v2\/posts"}],"about":[{"href":"https:\/\/www.revistarambla.com\/en\/wp-json\/wp\/v2\/types\/post"}],"author":[{"embeddable":true,"href":"https:\/\/www.revistarambla.com\/en\/wp-json\/wp\/v2\/users\/328"}],"replies":[{"embeddable":true,"href":"https:\/\/www.revistarambla.com\/en\/wp-json\/wp\/v2\/comments?post=51045"}],"version-history":[{"count":1,"href":"https:\/\/www.revistarambla.com\/en\/wp-json\/wp\/v2\/posts\/51045\/revisions"}],"predecessor-version":[{"id":51047,"href":"https:\/\/www.revistarambla.com\/en\/wp-json\/wp\/v2\/posts\/51045\/revisions\/51047"}],"wp:featuredmedia":[{"embeddable":true,"href":"https:\/\/www.revistarambla.com\/en\/wp-json\/wp\/v2\/media\/51046"}],"wp:attachment":[{"href":"https:\/\/www.revistarambla.com\/en\/wp-json\/wp\/v2\/media?parent=51045"}],"wp:term":[{"taxonomy":"category","embeddable":true,"href":"https:\/\/www.revistarambla.com\/en\/wp-json\/wp\/v2\/categories?post=51045"},{"taxonomy":"post_tag","embeddable":true,"href":"https:\/\/www.revistarambla.com\/en\/wp-json\/wp\/v2\/tags?post=51045"}],"curies":[{"name":"wp","href":"https:\/\/api.w.org\/{rel}","templated":true}]}}