{"id":51039,"date":"2022-11-22T19:44:06","date_gmt":"2022-11-22T18:44:06","guid":{"rendered":"https:\/\/www.revistarambla.com\/?p=51039"},"modified":"2025-02-08T21:03:08","modified_gmt":"2025-02-08T20:03:08","slug":"donde-estan-las-pancartas-del-no-a-la-guerra","status":"publish","type":"post","link":"https:\/\/www.revistarambla.com\/en\/donde-estan-las-pancartas-del-no-a-la-guerra\/","title":{"rendered":"\u00bfD\u00f3nde est\u00e1n las pancartas del &#8216;No a la guerra&#8217;?"},"content":{"rendered":"<p>A diferencia de la guerra de Irak, en lo que llevamos de guerra entre la OTAN y Rusia, es dif\u00edcil encontrar un solo balc\u00f3n que tenga colgada la pancarta<!--more--> del &#8216;No a la guerra&#8217;. Ante esto, cabr\u00eda preguntarnos si la sociedad espa\u00f1ola se ha vuelto menos antibelicista o, lamentablemente, m\u00e1s ego\u00edsta. \u00bfNos importa que a las puertas de Europa se est\u00e9 librando una guerra brutal?<\/p>\n<p>Tal y como recordaba Manuel Vicent en su art\u00edculo <em>Corderos<\/em>, publicado en <em>El Pa\u00eds<\/em>, el pasado 16 de octubre, este pasotismo no se vivi\u00f3 durante las guerras de Vietnam, el Golfo o la citada de Irak, curiosamente enclaves mucho m\u00e1s alejados que Ucrania. Ayer, el escritor valenciano, en una entrevista concedida a La Noche en 24 horas, se preguntaba nuevamente contrariado: \u00abd\u00f3nde est\u00e1n las pancartas del &#8216;No a la guerra&#8217;, qui\u00e9n guarda esas pancartas, por qu\u00e9 no las vemos en fachadas y balcones\u00bb.<\/p>\n<p>Sin embargo, el movimiento antimilitarista continuo activo, pero silenciado por los principales medios de comunicaci\u00f3n e ignorado por el grueso de la sociedad. En Catalunya, por ejemplo, <span style=\"text-decoration: underline;\"><a href=\"https:\/\/aturemlaguerra.org\/\">la Plataforma Aturem La Guerra<\/a><\/span> sigue permanentemente en movimiento, organizando charlas, conferencias y coloquios, pero tambi\u00e9n manifest\u00e1ndose. Desgraciadamente, le han negado el poder de convocatoria que ostent\u00f3 en el pasado. Puede, tambi\u00e9n, que el encierro y la suspensi\u00f3n de los derechos fundamentales durante la pandemia (se prohibieron durante muchos meses las manifestaciones y protestas), hayan significado la estocada. Qui\u00e9n sabe.<\/p>\n<p>A diferencia de la guerra de Irak, donde Aznar decidi\u00f3 involucrarse por motivos m\u00e1s bien personales, esta nueva guerra llega con un gobierno progresista que no ha sido capaz de discutir las \u00f3rdenes de la Uni\u00f3n Europea y la OTAN. De hecho, esta coyuntura deber\u00eda servir de m\u00e1s motivo para que la gente alzase su pancarta del \u2018No a la guerra\u2019. Nada.<\/p>\n<p>Con el paso de los meses desde el inicio del conflicto, vemos como la situaci\u00f3n econ\u00f3mica ha empeorado dr\u00e1sticamente, seg\u00fan los gobiernos occidentales, por culpa de la guerra. Y a\u00fan as\u00ed, siguen aliment\u00e1ndola. Es sospechoso que ning\u00fan gobierno serio del mundo se haya ofrecido como mediador entre las partes. Ni siquiera la ONU parece estar por la labor de detener el enfrentamiento.<\/p>\n<p>Por todo ello, les invitamos de nuevo a desempolvar las pancartas y que luzcan de nuevo en las fachadas con uno de los lemas que deber\u00eda guiar a la humanidad: \u00a1NO A LA GUERRA!<\/p>","protected":false},"excerpt":{"rendered":"<p>\u00bfEs la sociedad espa\u00f1ola menos antibelicista?<\/p>","protected":false},"author":15,"featured_media":51040,"comment_status":"open","ping_status":"closed","sticky":false,"template":"","format":"standard","meta":{"footnotes":""},"categories":[4092],"tags":[4118],"class_list":["post-51039","post","type-post","status-publish","format-standard","has-post-thumbnail","hentry","category-capsulas","tag-jacobo-pinol"],"yoast_head":"<!-- This site is optimized with the Yoast SEO plugin v27.5 - https:\/\/yoast.com\/product\/yoast-seo-wordpress\/ -->\n<title>\u00bfD\u00f3nde est\u00e1n las pancartas del &#039;No a la guerra&#039;? - Revista Rambla<\/title>\n<meta name=\"robots\" content=\"index, follow, max-snippet:-1, max-image-preview:large, max-video-preview:-1\" \/>\n<link rel=\"canonical\" href=\"https:\/\/www.revistarambla.com\/en\/donde-estan-las-pancartas-del-no-a-la-guerra\/\" \/>\n<meta property=\"og:locale\" content=\"en_GB\" \/>\n<meta property=\"og:type\" content=\"article\" \/>\n<meta property=\"og:title\" content=\"\u00bfD\u00f3nde est\u00e1n las pancartas del &#039;No a la guerra&#039;? - Revista Rambla\" \/>\n<meta property=\"og:description\" content=\"\u00bfEs la sociedad espa\u00f1ola menos antibelicista?\" \/>\n<meta property=\"og:url\" content=\"https:\/\/www.revistarambla.com\/en\/donde-estan-las-pancartas-del-no-a-la-guerra\/\" \/>\n<meta property=\"og:site_name\" content=\"Revista Rambla\" \/>\n<meta property=\"article:publisher\" content=\"https:\/\/www.facebook.com\/revistarambla\/\" \/>\n<meta property=\"article:published_time\" content=\"2022-11-22T18:44:06+00:00\" \/>\n<meta property=\"article:modified_time\" content=\"2025-02-08T20:03:08+00:00\" \/>\n<meta property=\"og:image\" content=\"https:\/\/www.revistarambla.com\/wp-content\/uploads\/2022\/11\/no-a-la-guerra.jpg\" \/>\n\t<meta property=\"og:image:width\" content=\"1683\" \/>\n\t<meta property=\"og:image:height\" content=\"1274\" \/>\n\t<meta property=\"og:image:type\" content=\"image\/jpeg\" \/>\n<meta name=\"author\" content=\"Jacobo Pi\u00f1ol\" \/>\n<meta name=\"twitter:card\" content=\"summary_large_image\" \/>\n<meta name=\"twitter:creator\" content=\"@revistarambla\" \/>\n<meta name=\"twitter:site\" content=\"@revistarambla\" \/>\n<meta name=\"twitter:label1\" content=\"Written by\" \/>\n\t<meta name=\"twitter:data1\" content=\"Jacobo Pi\u00f1ol\" \/>\n\t<meta name=\"twitter:label2\" content=\"Estimated reading time\" \/>\n\t<meta name=\"twitter:data2\" content=\"3 minutes\" \/>\n<script type=\"application\/ld+json\" class=\"yoast-schema-graph\">{\"@context\":\"https:\\\/\\\/schema.org\",\"@graph\":[{\"@type\":\"Article\",\"@id\":\"https:\\\/\\\/www.revistarambla.com\\\/donde-estan-las-pancartas-del-no-a-la-guerra\\\/#article\",\"isPartOf\":{\"@id\":\"https:\\\/\\\/www.revistarambla.com\\\/donde-estan-las-pancartas-del-no-a-la-guerra\\\/\"},\"author\":{\"name\":\"Jacobo Pi\u00f1ol\",\"@id\":\"https:\\\/\\\/www.revistarambla.com\\\/#\\\/schema\\\/person\\\/2b19179a8ace334b829ad72cc6e6ce97\"},\"headline\":\"\u00bfD\u00f3nde est\u00e1n las pancartas del &#8216;No a la guerra&#8217;?\",\"datePublished\":\"2022-11-22T18:44:06+00:00\",\"dateModified\":\"2025-02-08T20:03:08+00:00\",\"mainEntityOfPage\":{\"@id\":\"https:\\\/\\\/www.revistarambla.com\\\/donde-estan-las-pancartas-del-no-a-la-guerra\\\/\"},\"wordCount\":432,\"commentCount\":0,\"publisher\":{\"@id\":\"https:\\\/\\\/www.revistarambla.com\\\/#organization\"},\"image\":{\"@id\":\"https:\\\/\\\/www.revistarambla.com\\\/donde-estan-las-pancartas-del-no-a-la-guerra\\\/#primaryimage\"},\"thumbnailUrl\":\"https:\\\/\\\/www.revistarambla.com\\\/wp-content\\\/uploads\\\/2022\\\/11\\\/no-a-la-guerra.jpg\",\"keywords\":[\"Jacobo Pi\u00f1ol\"],\"articleSection\":[\"C\u00e1psulas\"],\"inLanguage\":\"en-GB\",\"potentialAction\":[{\"@type\":\"CommentAction\",\"name\":\"Comment\",\"target\":[\"https:\\\/\\\/www.revistarambla.com\\\/donde-estan-las-pancartas-del-no-a-la-guerra\\\/#respond\"]}]},{\"@type\":\"WebPage\",\"@id\":\"https:\\\/\\\/www.revistarambla.com\\\/donde-estan-las-pancartas-del-no-a-la-guerra\\\/\",\"url\":\"https:\\\/\\\/www.revistarambla.com\\\/donde-estan-las-pancartas-del-no-a-la-guerra\\\/\",\"name\":\"\u00bfD\u00f3nde est\u00e1n las pancartas del 'No a la guerra'? - Revista Rambla\",\"isPartOf\":{\"@id\":\"https:\\\/\\\/www.revistarambla.com\\\/#website\"},\"primaryImageOfPage\":{\"@id\":\"https:\\\/\\\/www.revistarambla.com\\\/donde-estan-las-pancartas-del-no-a-la-guerra\\\/#primaryimage\"},\"image\":{\"@id\":\"https:\\\/\\\/www.revistarambla.com\\\/donde-estan-las-pancartas-del-no-a-la-guerra\\\/#primaryimage\"},\"thumbnailUrl\":\"https:\\\/\\\/www.revistarambla.com\\\/wp-content\\\/uploads\\\/2022\\\/11\\\/no-a-la-guerra.jpg\",\"datePublished\":\"2022-11-22T18:44:06+00:00\",\"dateModified\":\"2025-02-08T20:03:08+00:00\",\"breadcrumb\":{\"@id\":\"https:\\\/\\\/www.revistarambla.com\\\/donde-estan-las-pancartas-del-no-a-la-guerra\\\/#breadcrumb\"},\"inLanguage\":\"en-GB\",\"potentialAction\":[{\"@type\":\"ReadAction\",\"target\":[\"https:\\\/\\\/www.revistarambla.com\\\/donde-estan-las-pancartas-del-no-a-la-guerra\\\/\"]}]},{\"@type\":\"ImageObject\",\"inLanguage\":\"en-GB\",\"@id\":\"https:\\\/\\\/www.revistarambla.com\\\/donde-estan-las-pancartas-del-no-a-la-guerra\\\/#primaryimage\",\"url\":\"https:\\\/\\\/www.revistarambla.com\\\/wp-content\\\/uploads\\\/2022\\\/11\\\/no-a-la-guerra.jpg\",\"contentUrl\":\"https:\\\/\\\/www.revistarambla.com\\\/wp-content\\\/uploads\\\/2022\\\/11\\\/no-a-la-guerra.jpg\",\"width\":1683,\"height\":1274,\"caption\":\"FOTOTECA FERNANDO LAB:J LIZ\u00d3N\"},{\"@type\":\"BreadcrumbList\",\"@id\":\"https:\\\/\\\/www.revistarambla.com\\\/donde-estan-las-pancartas-del-no-a-la-guerra\\\/#breadcrumb\",\"itemListElement\":[{\"@type\":\"ListItem\",\"position\":1,\"name\":\"Portada\",\"item\":\"https:\\\/\\\/www.revistarambla.com\\\/\"},{\"@type\":\"ListItem\",\"position\":2,\"name\":\"\u00bfD\u00f3nde est\u00e1n las pancartas del &#8216;No a la guerra&#8217;?\"}]},{\"@type\":\"WebSite\",\"@id\":\"https:\\\/\\\/www.revistarambla.com\\\/#website\",\"url\":\"https:\\\/\\\/www.revistarambla.com\\\/\",\"name\":\"Revista Rambla Barcelona\",\"description\":\"Periodismo independiente\",\"publisher\":{\"@id\":\"https:\\\/\\\/www.revistarambla.com\\\/#organization\"},\"potentialAction\":[{\"@type\":\"SearchAction\",\"target\":{\"@type\":\"EntryPoint\",\"urlTemplate\":\"https:\\\/\\\/www.revistarambla.com\\\/?s={search_term_string}\"},\"query-input\":{\"@type\":\"PropertyValueSpecification\",\"valueRequired\":true,\"valueName\":\"search_term_string\"}}],\"inLanguage\":\"en-GB\"},{\"@type\":\"Organization\",\"@id\":\"https:\\\/\\\/www.revistarambla.com\\\/#organization\",\"name\":\"Revista Rambla\",\"url\":\"https:\\\/\\\/www.revistarambla.com\\\/\",\"logo\":{\"@type\":\"ImageObject\",\"inLanguage\":\"en-GB\",\"@id\":\"https:\\\/\\\/www.revistarambla.com\\\/#\\\/schema\\\/logo\\\/image\\\/\",\"url\":\"https:\\\/\\\/www.revistarambla.com\\\/wp-content\\\/uploads\\\/2020\\\/09\\\/banner_rambla_1900x600_BB.png\",\"contentUrl\":\"https:\\\/\\\/www.revistarambla.com\\\/wp-content\\\/uploads\\\/2020\\\/09\\\/banner_rambla_1900x600_BB.png\",\"width\":1900,\"height\":600,\"caption\":\"Revista Rambla\"},\"image\":{\"@id\":\"https:\\\/\\\/www.revistarambla.com\\\/#\\\/schema\\\/logo\\\/image\\\/\"},\"sameAs\":[\"https:\\\/\\\/www.facebook.com\\\/revistarambla\\\/\",\"https:\\\/\\\/x.com\\\/revistarambla\",\"https:\\\/\\\/www.instagram.com\\\/revista_rambla\",\"https:\\\/\\\/es.linkedin.com\\\/company\\\/revista-rambla\"]},{\"@type\":\"Person\",\"@id\":\"https:\\\/\\\/www.revistarambla.com\\\/#\\\/schema\\\/person\\\/2b19179a8ace334b829ad72cc6e6ce97\",\"name\":\"Jacobo Pi\u00f1ol\",\"sameAs\":[\"https:\\\/\\\/www.revistarambla.com\\\/jacobo-pinol-fontova\\\/\"]}]}<\/script>\n<!-- \/ Yoast SEO plugin. -->","yoast_head_json":{"title":"\u00bfD\u00f3nde est\u00e1n las pancartas del 'No a la guerra'? - Revista Rambla","robots":{"index":"index","follow":"follow","max-snippet":"max-snippet:-1","max-image-preview":"max-image-preview:large","max-video-preview":"max-video-preview:-1"},"canonical":"https:\/\/www.revistarambla.com\/en\/donde-estan-las-pancartas-del-no-a-la-guerra\/","og_locale":"en_GB","og_type":"article","og_title":"\u00bfD\u00f3nde est\u00e1n las pancartas del 'No a la guerra'? - Revista Rambla","og_description":"\u00bfEs la sociedad espa\u00f1ola menos antibelicista?","og_url":"https:\/\/www.revistarambla.com\/en\/donde-estan-las-pancartas-del-no-a-la-guerra\/","og_site_name":"Revista Rambla","article_publisher":"https:\/\/www.facebook.com\/revistarambla\/","article_published_time":"2022-11-22T18:44:06+00:00","article_modified_time":"2025-02-08T20:03:08+00:00","og_image":[{"width":1683,"height":1274,"url":"https:\/\/www.revistarambla.com\/wp-content\/uploads\/2022\/11\/no-a-la-guerra.jpg","type":"image\/jpeg"}],"author":"Jacobo Pi\u00f1ol","twitter_card":"summary_large_image","twitter_creator":"@revistarambla","twitter_site":"@revistarambla","twitter_misc":{"Written by":"Jacobo Pi\u00f1ol","Estimated reading time":"3 minutes"},"schema":{"@context":"https:\/\/schema.org","@graph":[{"@type":"Article","@id":"https:\/\/www.revistarambla.com\/donde-estan-las-pancartas-del-no-a-la-guerra\/#article","isPartOf":{"@id":"https:\/\/www.revistarambla.com\/donde-estan-las-pancartas-del-no-a-la-guerra\/"},"author":{"name":"Jacobo Pi\u00f1ol","@id":"https:\/\/www.revistarambla.com\/#\/schema\/person\/2b19179a8ace334b829ad72cc6e6ce97"},"headline":"\u00bfD\u00f3nde est\u00e1n las pancartas del &#8216;No a la guerra&#8217;?","datePublished":"2022-11-22T18:44:06+00:00","dateModified":"2025-02-08T20:03:08+00:00","mainEntityOfPage":{"@id":"https:\/\/www.revistarambla.com\/donde-estan-las-pancartas-del-no-a-la-guerra\/"},"wordCount":432,"commentCount":0,"publisher":{"@id":"https:\/\/www.revistarambla.com\/#organization"},"image":{"@id":"https:\/\/www.revistarambla.com\/donde-estan-las-pancartas-del-no-a-la-guerra\/#primaryimage"},"thumbnailUrl":"https:\/\/www.revistarambla.com\/wp-content\/uploads\/2022\/11\/no-a-la-guerra.jpg","keywords":["Jacobo Pi\u00f1ol"],"articleSection":["C\u00e1psulas"],"inLanguage":"en-GB","potentialAction":[{"@type":"CommentAction","name":"Comment","target":["https:\/\/www.revistarambla.com\/donde-estan-las-pancartas-del-no-a-la-guerra\/#respond"]}]},{"@type":"WebPage","@id":"https:\/\/www.revistarambla.com\/donde-estan-las-pancartas-del-no-a-la-guerra\/","url":"https:\/\/www.revistarambla.com\/donde-estan-las-pancartas-del-no-a-la-guerra\/","name":"\u00bfD\u00f3nde est\u00e1n las pancartas del 'No a la guerra'? - Revista Rambla","isPartOf":{"@id":"https:\/\/www.revistarambla.com\/#website"},"primaryImageOfPage":{"@id":"https:\/\/www.revistarambla.com\/donde-estan-las-pancartas-del-no-a-la-guerra\/#primaryimage"},"image":{"@id":"https:\/\/www.revistarambla.com\/donde-estan-las-pancartas-del-no-a-la-guerra\/#primaryimage"},"thumbnailUrl":"https:\/\/www.revistarambla.com\/wp-content\/uploads\/2022\/11\/no-a-la-guerra.jpg","datePublished":"2022-11-22T18:44:06+00:00","dateModified":"2025-02-08T20:03:08+00:00","breadcrumb":{"@id":"https:\/\/www.revistarambla.com\/donde-estan-las-pancartas-del-no-a-la-guerra\/#breadcrumb"},"inLanguage":"en-GB","potentialAction":[{"@type":"ReadAction","target":["https:\/\/www.revistarambla.com\/donde-estan-las-pancartas-del-no-a-la-guerra\/"]}]},{"@type":"ImageObject","inLanguage":"en-GB","@id":"https:\/\/www.revistarambla.com\/donde-estan-las-pancartas-del-no-a-la-guerra\/#primaryimage","url":"https:\/\/www.revistarambla.com\/wp-content\/uploads\/2022\/11\/no-a-la-guerra.jpg","contentUrl":"https:\/\/www.revistarambla.com\/wp-content\/uploads\/2022\/11\/no-a-la-guerra.jpg","width":1683,"height":1274,"caption":"FOTOTECA FERNANDO LAB:J LIZ\u00d3N"},{"@type":"BreadcrumbList","@id":"https:\/\/www.revistarambla.com\/donde-estan-las-pancartas-del-no-a-la-guerra\/#breadcrumb","itemListElement":[{"@type":"ListItem","position":1,"name":"Portada","item":"https:\/\/www.revistarambla.com\/"},{"@type":"ListItem","position":2,"name":"\u00bfD\u00f3nde est\u00e1n las pancartas del &#8216;No a la guerra&#8217;?"}]},{"@type":"WebSite","@id":"https:\/\/www.revistarambla.com\/#website","url":"https:\/\/www.revistarambla.com\/","name":"Revista Rambla Barcelona","description":"Periodismo independiente","publisher":{"@id":"https:\/\/www.revistarambla.com\/#organization"},"potentialAction":[{"@type":"SearchAction","target":{"@type":"EntryPoint","urlTemplate":"https:\/\/www.revistarambla.com\/?s={search_term_string}"},"query-input":{"@type":"PropertyValueSpecification","valueRequired":true,"valueName":"search_term_string"}}],"inLanguage":"en-GB"},{"@type":"Organization","@id":"https:\/\/www.revistarambla.com\/#organization","name":"Revista Rambla","url":"https:\/\/www.revistarambla.com\/","logo":{"@type":"ImageObject","inLanguage":"en-GB","@id":"https:\/\/www.revistarambla.com\/#\/schema\/logo\/image\/","url":"https:\/\/www.revistarambla.com\/wp-content\/uploads\/2020\/09\/banner_rambla_1900x600_BB.png","contentUrl":"https:\/\/www.revistarambla.com\/wp-content\/uploads\/2020\/09\/banner_rambla_1900x600_BB.png","width":1900,"height":600,"caption":"Revista Rambla"},"image":{"@id":"https:\/\/www.revistarambla.com\/#\/schema\/logo\/image\/"},"sameAs":["https:\/\/www.facebook.com\/revistarambla\/","https:\/\/x.com\/revistarambla","https:\/\/www.instagram.com\/revista_rambla","https:\/\/es.linkedin.com\/company\/revista-rambla"]},{"@type":"Person","@id":"https:\/\/www.revistarambla.com\/#\/schema\/person\/2b19179a8ace334b829ad72cc6e6ce97","name":"Jacobo Pi\u00f1ol","sameAs":["https:\/\/www.revistarambla.com\/jacobo-pinol-fontova\/"]}]}},"_links":{"self":[{"href":"https:\/\/www.revistarambla.com\/en\/wp-json\/wp\/v2\/posts\/51039","targetHints":{"allow":["GET"]}}],"collection":[{"href":"https:\/\/www.revistarambla.com\/en\/wp-json\/wp\/v2\/posts"}],"about":[{"href":"https:\/\/www.revistarambla.com\/en\/wp-json\/wp\/v2\/types\/post"}],"author":[{"embeddable":true,"href":"https:\/\/www.revistarambla.com\/en\/wp-json\/wp\/v2\/users\/15"}],"replies":[{"embeddable":true,"href":"https:\/\/www.revistarambla.com\/en\/wp-json\/wp\/v2\/comments?post=51039"}],"version-history":[{"count":6,"href":"https:\/\/www.revistarambla.com\/en\/wp-json\/wp\/v2\/posts\/51039\/revisions"}],"predecessor-version":[{"id":58682,"href":"https:\/\/www.revistarambla.com\/en\/wp-json\/wp\/v2\/posts\/51039\/revisions\/58682"}],"wp:featuredmedia":[{"embeddable":true,"href":"https:\/\/www.revistarambla.com\/en\/wp-json\/wp\/v2\/media\/51040"}],"wp:attachment":[{"href":"https:\/\/www.revistarambla.com\/en\/wp-json\/wp\/v2\/media?parent=51039"}],"wp:term":[{"taxonomy":"category","embeddable":true,"href":"https:\/\/www.revistarambla.com\/en\/wp-json\/wp\/v2\/categories?post=51039"},{"taxonomy":"post_tag","embeddable":true,"href":"https:\/\/www.revistarambla.com\/en\/wp-json\/wp\/v2\/tags?post=51039"}],"curies":[{"name":"wp","href":"https:\/\/api.w.org\/{rel}","templated":true}]}}