{"id":51021,"date":"2022-11-21T20:04:35","date_gmt":"2022-11-21T19:04:35","guid":{"rendered":"https:\/\/www.revistarambla.com\/?p=51021"},"modified":"2022-11-21T20:18:32","modified_gmt":"2022-11-21T19:18:32","slug":"juan-carlos-no-se-entero-hasta-el-dia-siguiente-que-tenia-la-cadera-rota","status":"publish","type":"post","link":"https:\/\/www.revistarambla.com\/en\/juan-carlos-no-se-entero-hasta-el-dia-siguiente-que-tenia-la-cadera-rota\/","title":{"rendered":"Juan Carlos no se enter\u00f3 hasta el d\u00eda siguiente que ten\u00eda la cadera rota"},"content":{"rendered":"<p>La gente normal, cuando se cae y se rompe un hueso, acostumbra a sentir tal dolor que requiere de atenci\u00f3n m\u00e9dica urgente e inmediata.<!--more--> Pero si vas hasta las cejas de alcohol, puedes ser que ni te enteres. Al menos as\u00ed lo asegura Corinna Larsen, en su nuevo cap\u00edtulo -titulado <em>Matar a Dumbo<\/em>&#8211; del p\u00f3dcast, en el que relata su relaci\u00f3n con el Em\u00e9rito, como el entonces Jefe del Estado espa\u00f1ol le comunic\u00f3, en la cacer\u00eda de Botsuana en 2012, que cre\u00eda que se hab\u00eda roto algo. \u00abSe despert\u00f3 y me dijo: &#8216;no me acuerdo, pero creo que anoche me ca\u00ed'\u00bb.<\/p>\n<p>Seg\u00fan parece, la ca\u00edda se produjo antes del amanecer, cuando el rey sali\u00f3 de su tienda para ir al ba\u00f1o, tras una noche de \u00abvino y copas\u00bb. Entonces tropez\u00f3 con la ra\u00edz de un \u00e1rbol y acab\u00f3 besando el suelo. La seguridad lo traslad\u00f3 de nuevo a la tienda.<\/p>\n<p>El acontecimiento supuso el inicio demasiado tard\u00edo del fin de su reinado. En el a\u00f1o en el que la crisis golpeaba m\u00e1s duramente al pueblo espa\u00f1ol, el m\u00e1ximo responsable del estado se hab\u00eda largado a Botsuana con su amante a cazar elefantes.<\/p>\n<p>Tras recibir atenci\u00f3n m\u00e9dica, seg\u00fan Corinna, a Juan Carlos le importaba m\u00e1s tomar otra copa de vino que recibir atenci\u00f3n: \u00abel monarca volvi\u00f3 a pedir vino estando medicado y preparado para entrar en quir\u00f3fano\u00bb. Dice Larsen que tuvo que ser ella quien pusiera su avi\u00f3n para trasladar a Juan Carlos, porque la aeronave que sali\u00f3 de Espa\u00f1a no llegaba a tiempo. \u00abSi no, se mor\u00eda\u00bb, aduce.<\/p>\n<p>Tras el suceso, que el Em\u00e9rito zanj\u00f3 con aquel hist\u00f3rico \u00abme he equivocado, lo siento mucho, no volver\u00e1 a ocurrir\u00bb, se descubri\u00f3 la relaci\u00f3n entre ambos. La alemana se\u00f1ala a la Reina Sof\u00eda como la instigadora de todas las cr\u00edticas que recibi\u00f3. Cosas de ricos y ladrones.<\/p>","protected":false},"excerpt":{"rendered":"<p>Estaba demasiado ebrio para darse cuenta de lo sucedido. Antes de entrar en quir\u00f3fano volvi\u00f3 a pedir una copa de vino<\/p>","protected":false},"author":3,"featured_media":51024,"comment_status":"open","ping_status":"closed","sticky":false,"template":"","format":"standard","meta":{"footnotes":""},"categories":[58],"tags":[],"class_list":["post-51021","post","type-post","status-publish","format-standard","has-post-thumbnail","hentry","category-estado-espanol"],"yoast_head":"<!-- This site is optimized with the Yoast SEO plugin v27.5 - https:\/\/yoast.com\/product\/yoast-seo-wordpress\/ -->\n<title>Juan Carlos no se enter\u00f3 hasta el d\u00eda siguiente que ten\u00eda la cadera rota - Revista Rambla<\/title>\n<meta name=\"robots\" content=\"index, follow, max-snippet:-1, max-image-preview:large, max-video-preview:-1\" \/>\n<link rel=\"canonical\" href=\"https:\/\/www.revistarambla.com\/en\/juan-carlos-no-se-entero-hasta-el-dia-siguiente-que-tenia-la-cadera-rota\/\" \/>\n<meta property=\"og:locale\" content=\"en_GB\" \/>\n<meta property=\"og:type\" content=\"article\" \/>\n<meta property=\"og:title\" content=\"Juan Carlos no se enter\u00f3 hasta el d\u00eda siguiente que ten\u00eda la cadera rota - Revista Rambla\" \/>\n<meta property=\"og:description\" content=\"Estaba demasiado ebrio para darse cuenta de lo sucedido. Antes de entrar en quir\u00f3fano volvi\u00f3 a pedir una copa de vino\" \/>\n<meta property=\"og:url\" content=\"https:\/\/www.revistarambla.com\/en\/juan-carlos-no-se-entero-hasta-el-dia-siguiente-que-tenia-la-cadera-rota\/\" \/>\n<meta property=\"og:site_name\" content=\"Revista Rambla\" \/>\n<meta property=\"article:publisher\" content=\"https:\/\/www.facebook.com\/revistarambla\/\" \/>\n<meta property=\"article:author\" content=\"https:\/\/www.facebook.com\/revistarambla\" \/>\n<meta property=\"article:published_time\" content=\"2022-11-21T19:04:35+00:00\" \/>\n<meta property=\"article:modified_time\" content=\"2022-11-21T19:18:32+00:00\" \/>\n<meta property=\"og:image\" content=\"https:\/\/www.revistarambla.com\/wp-content\/uploads\/2022\/11\/juan-carlos-borbon.jpg\" \/>\n\t<meta property=\"og:image:width\" content=\"500\" \/>\n\t<meta property=\"og:image:height\" content=\"390\" \/>\n\t<meta property=\"og:image:type\" content=\"image\/jpeg\" \/>\n<meta name=\"author\" content=\"R@mbla\" \/>\n<meta name=\"twitter:card\" content=\"summary_large_image\" \/>\n<meta name=\"twitter:creator\" content=\"@revistarambla\" \/>\n<meta name=\"twitter:site\" content=\"@revistarambla\" \/>\n<meta name=\"twitter:label1\" content=\"Written by\" \/>\n\t<meta name=\"twitter:data1\" content=\"R@mbla\" \/>\n\t<meta name=\"twitter:label2\" content=\"Estimated reading time\" \/>\n\t<meta name=\"twitter:data2\" content=\"2 minutes\" \/>\n<script type=\"application\/ld+json\" class=\"yoast-schema-graph\">{\"@context\":\"https:\\\/\\\/schema.org\",\"@graph\":[{\"@type\":\"Article\",\"@id\":\"https:\\\/\\\/www.revistarambla.com\\\/juan-carlos-no-se-entero-hasta-el-dia-siguiente-que-tenia-la-cadera-rota\\\/#article\",\"isPartOf\":{\"@id\":\"https:\\\/\\\/www.revistarambla.com\\\/juan-carlos-no-se-entero-hasta-el-dia-siguiente-que-tenia-la-cadera-rota\\\/\"},\"author\":{\"name\":\"R@mbla\",\"@id\":\"https:\\\/\\\/www.revistarambla.com\\\/#\\\/schema\\\/person\\\/a146a5a2550b94981a75131180e1bd9c\"},\"headline\":\"Juan Carlos no se enter\u00f3 hasta el d\u00eda siguiente que ten\u00eda la cadera rota\",\"datePublished\":\"2022-11-21T19:04:35+00:00\",\"dateModified\":\"2022-11-21T19:18:32+00:00\",\"mainEntityOfPage\":{\"@id\":\"https:\\\/\\\/www.revistarambla.com\\\/juan-carlos-no-se-entero-hasta-el-dia-siguiente-que-tenia-la-cadera-rota\\\/\"},\"wordCount\":355,\"commentCount\":0,\"publisher\":{\"@id\":\"https:\\\/\\\/www.revistarambla.com\\\/#organization\"},\"image\":{\"@id\":\"https:\\\/\\\/www.revistarambla.com\\\/juan-carlos-no-se-entero-hasta-el-dia-siguiente-que-tenia-la-cadera-rota\\\/#primaryimage\"},\"thumbnailUrl\":\"https:\\\/\\\/www.revistarambla.com\\\/wp-content\\\/uploads\\\/2022\\\/11\\\/juan-carlos-borbon.jpg\",\"articleSection\":[\"Estado Espa\u00f1ol\"],\"inLanguage\":\"en-GB\",\"potentialAction\":[{\"@type\":\"CommentAction\",\"name\":\"Comment\",\"target\":[\"https:\\\/\\\/www.revistarambla.com\\\/juan-carlos-no-se-entero-hasta-el-dia-siguiente-que-tenia-la-cadera-rota\\\/#respond\"]}]},{\"@type\":\"WebPage\",\"@id\":\"https:\\\/\\\/www.revistarambla.com\\\/juan-carlos-no-se-entero-hasta-el-dia-siguiente-que-tenia-la-cadera-rota\\\/\",\"url\":\"https:\\\/\\\/www.revistarambla.com\\\/juan-carlos-no-se-entero-hasta-el-dia-siguiente-que-tenia-la-cadera-rota\\\/\",\"name\":\"Juan Carlos no se enter\u00f3 hasta el d\u00eda siguiente que ten\u00eda la cadera rota - Revista Rambla\",\"isPartOf\":{\"@id\":\"https:\\\/\\\/www.revistarambla.com\\\/#website\"},\"primaryImageOfPage\":{\"@id\":\"https:\\\/\\\/www.revistarambla.com\\\/juan-carlos-no-se-entero-hasta-el-dia-siguiente-que-tenia-la-cadera-rota\\\/#primaryimage\"},\"image\":{\"@id\":\"https:\\\/\\\/www.revistarambla.com\\\/juan-carlos-no-se-entero-hasta-el-dia-siguiente-que-tenia-la-cadera-rota\\\/#primaryimage\"},\"thumbnailUrl\":\"https:\\\/\\\/www.revistarambla.com\\\/wp-content\\\/uploads\\\/2022\\\/11\\\/juan-carlos-borbon.jpg\",\"datePublished\":\"2022-11-21T19:04:35+00:00\",\"dateModified\":\"2022-11-21T19:18:32+00:00\",\"breadcrumb\":{\"@id\":\"https:\\\/\\\/www.revistarambla.com\\\/juan-carlos-no-se-entero-hasta-el-dia-siguiente-que-tenia-la-cadera-rota\\\/#breadcrumb\"},\"inLanguage\":\"en-GB\",\"potentialAction\":[{\"@type\":\"ReadAction\",\"target\":[\"https:\\\/\\\/www.revistarambla.com\\\/juan-carlos-no-se-entero-hasta-el-dia-siguiente-que-tenia-la-cadera-rota\\\/\"]}]},{\"@type\":\"ImageObject\",\"inLanguage\":\"en-GB\",\"@id\":\"https:\\\/\\\/www.revistarambla.com\\\/juan-carlos-no-se-entero-hasta-el-dia-siguiente-que-tenia-la-cadera-rota\\\/#primaryimage\",\"url\":\"https:\\\/\\\/www.revistarambla.com\\\/wp-content\\\/uploads\\\/2022\\\/11\\\/juan-carlos-borbon.jpg\",\"contentUrl\":\"https:\\\/\\\/www.revistarambla.com\\\/wp-content\\\/uploads\\\/2022\\\/11\\\/juan-carlos-borbon.jpg\",\"width\":500,\"height\":390},{\"@type\":\"BreadcrumbList\",\"@id\":\"https:\\\/\\\/www.revistarambla.com\\\/juan-carlos-no-se-entero-hasta-el-dia-siguiente-que-tenia-la-cadera-rota\\\/#breadcrumb\",\"itemListElement\":[{\"@type\":\"ListItem\",\"position\":1,\"name\":\"Portada\",\"item\":\"https:\\\/\\\/www.revistarambla.com\\\/\"},{\"@type\":\"ListItem\",\"position\":2,\"name\":\"Juan Carlos no se enter\u00f3 hasta el d\u00eda siguiente que ten\u00eda la cadera rota\"}]},{\"@type\":\"WebSite\",\"@id\":\"https:\\\/\\\/www.revistarambla.com\\\/#website\",\"url\":\"https:\\\/\\\/www.revistarambla.com\\\/\",\"name\":\"Revista Rambla Barcelona\",\"description\":\"Periodismo independiente\",\"publisher\":{\"@id\":\"https:\\\/\\\/www.revistarambla.com\\\/#organization\"},\"potentialAction\":[{\"@type\":\"SearchAction\",\"target\":{\"@type\":\"EntryPoint\",\"urlTemplate\":\"https:\\\/\\\/www.revistarambla.com\\\/?s={search_term_string}\"},\"query-input\":{\"@type\":\"PropertyValueSpecification\",\"valueRequired\":true,\"valueName\":\"search_term_string\"}}],\"inLanguage\":\"en-GB\"},{\"@type\":\"Organization\",\"@id\":\"https:\\\/\\\/www.revistarambla.com\\\/#organization\",\"name\":\"Revista Rambla\",\"url\":\"https:\\\/\\\/www.revistarambla.com\\\/\",\"logo\":{\"@type\":\"ImageObject\",\"inLanguage\":\"en-GB\",\"@id\":\"https:\\\/\\\/www.revistarambla.com\\\/#\\\/schema\\\/logo\\\/image\\\/\",\"url\":\"https:\\\/\\\/www.revistarambla.com\\\/wp-content\\\/uploads\\\/2020\\\/09\\\/banner_rambla_1900x600_BB.png\",\"contentUrl\":\"https:\\\/\\\/www.revistarambla.com\\\/wp-content\\\/uploads\\\/2020\\\/09\\\/banner_rambla_1900x600_BB.png\",\"width\":1900,\"height\":600,\"caption\":\"Revista Rambla\"},\"image\":{\"@id\":\"https:\\\/\\\/www.revistarambla.com\\\/#\\\/schema\\\/logo\\\/image\\\/\"},\"sameAs\":[\"https:\\\/\\\/www.facebook.com\\\/revistarambla\\\/\",\"https:\\\/\\\/x.com\\\/revistarambla\",\"https:\\\/\\\/www.instagram.com\\\/revista_rambla\",\"https:\\\/\\\/es.linkedin.com\\\/company\\\/revista-rambla\"]},{\"@type\":\"Person\",\"@id\":\"https:\\\/\\\/www.revistarambla.com\\\/#\\\/schema\\\/person\\\/a146a5a2550b94981a75131180e1bd9c\",\"name\":\"R@mbla\",\"description\":\"Este art\u00edculo ha sido redactado y\\\/o validado por el equipo de redacci\u00f3n de Revista Rambla.\",\"sameAs\":[\"https:\\\/\\\/www.revistarambla.com\\\/\",\"https:\\\/\\\/www.facebook.com\\\/revistarambla\",\"https:\\\/\\\/x.com\\\/revistarambla\"]}]}<\/script>\n<!-- \/ Yoast SEO plugin. -->","yoast_head_json":{"title":"Juan Carlos no se enter\u00f3 hasta el d\u00eda siguiente que ten\u00eda la cadera rota - Revista Rambla","robots":{"index":"index","follow":"follow","max-snippet":"max-snippet:-1","max-image-preview":"max-image-preview:large","max-video-preview":"max-video-preview:-1"},"canonical":"https:\/\/www.revistarambla.com\/en\/juan-carlos-no-se-entero-hasta-el-dia-siguiente-que-tenia-la-cadera-rota\/","og_locale":"en_GB","og_type":"article","og_title":"Juan Carlos no se enter\u00f3 hasta el d\u00eda siguiente que ten\u00eda la cadera rota - Revista Rambla","og_description":"Estaba demasiado ebrio para darse cuenta de lo sucedido. Antes de entrar en quir\u00f3fano volvi\u00f3 a pedir una copa de vino","og_url":"https:\/\/www.revistarambla.com\/en\/juan-carlos-no-se-entero-hasta-el-dia-siguiente-que-tenia-la-cadera-rota\/","og_site_name":"Revista Rambla","article_publisher":"https:\/\/www.facebook.com\/revistarambla\/","article_author":"https:\/\/www.facebook.com\/revistarambla","article_published_time":"2022-11-21T19:04:35+00:00","article_modified_time":"2022-11-21T19:18:32+00:00","og_image":[{"width":500,"height":390,"url":"https:\/\/www.revistarambla.com\/wp-content\/uploads\/2022\/11\/juan-carlos-borbon.jpg","type":"image\/jpeg"}],"author":"R@mbla","twitter_card":"summary_large_image","twitter_creator":"@revistarambla","twitter_site":"@revistarambla","twitter_misc":{"Written by":"R@mbla","Estimated reading time":"2 minutes"},"schema":{"@context":"https:\/\/schema.org","@graph":[{"@type":"Article","@id":"https:\/\/www.revistarambla.com\/juan-carlos-no-se-entero-hasta-el-dia-siguiente-que-tenia-la-cadera-rota\/#article","isPartOf":{"@id":"https:\/\/www.revistarambla.com\/juan-carlos-no-se-entero-hasta-el-dia-siguiente-que-tenia-la-cadera-rota\/"},"author":{"name":"R@mbla","@id":"https:\/\/www.revistarambla.com\/#\/schema\/person\/a146a5a2550b94981a75131180e1bd9c"},"headline":"Juan Carlos no se enter\u00f3 hasta el d\u00eda siguiente que ten\u00eda la cadera rota","datePublished":"2022-11-21T19:04:35+00:00","dateModified":"2022-11-21T19:18:32+00:00","mainEntityOfPage":{"@id":"https:\/\/www.revistarambla.com\/juan-carlos-no-se-entero-hasta-el-dia-siguiente-que-tenia-la-cadera-rota\/"},"wordCount":355,"commentCount":0,"publisher":{"@id":"https:\/\/www.revistarambla.com\/#organization"},"image":{"@id":"https:\/\/www.revistarambla.com\/juan-carlos-no-se-entero-hasta-el-dia-siguiente-que-tenia-la-cadera-rota\/#primaryimage"},"thumbnailUrl":"https:\/\/www.revistarambla.com\/wp-content\/uploads\/2022\/11\/juan-carlos-borbon.jpg","articleSection":["Estado Espa\u00f1ol"],"inLanguage":"en-GB","potentialAction":[{"@type":"CommentAction","name":"Comment","target":["https:\/\/www.revistarambla.com\/juan-carlos-no-se-entero-hasta-el-dia-siguiente-que-tenia-la-cadera-rota\/#respond"]}]},{"@type":"WebPage","@id":"https:\/\/www.revistarambla.com\/juan-carlos-no-se-entero-hasta-el-dia-siguiente-que-tenia-la-cadera-rota\/","url":"https:\/\/www.revistarambla.com\/juan-carlos-no-se-entero-hasta-el-dia-siguiente-que-tenia-la-cadera-rota\/","name":"Juan Carlos no se enter\u00f3 hasta el d\u00eda siguiente que ten\u00eda la cadera rota - Revista Rambla","isPartOf":{"@id":"https:\/\/www.revistarambla.com\/#website"},"primaryImageOfPage":{"@id":"https:\/\/www.revistarambla.com\/juan-carlos-no-se-entero-hasta-el-dia-siguiente-que-tenia-la-cadera-rota\/#primaryimage"},"image":{"@id":"https:\/\/www.revistarambla.com\/juan-carlos-no-se-entero-hasta-el-dia-siguiente-que-tenia-la-cadera-rota\/#primaryimage"},"thumbnailUrl":"https:\/\/www.revistarambla.com\/wp-content\/uploads\/2022\/11\/juan-carlos-borbon.jpg","datePublished":"2022-11-21T19:04:35+00:00","dateModified":"2022-11-21T19:18:32+00:00","breadcrumb":{"@id":"https:\/\/www.revistarambla.com\/juan-carlos-no-se-entero-hasta-el-dia-siguiente-que-tenia-la-cadera-rota\/#breadcrumb"},"inLanguage":"en-GB","potentialAction":[{"@type":"ReadAction","target":["https:\/\/www.revistarambla.com\/juan-carlos-no-se-entero-hasta-el-dia-siguiente-que-tenia-la-cadera-rota\/"]}]},{"@type":"ImageObject","inLanguage":"en-GB","@id":"https:\/\/www.revistarambla.com\/juan-carlos-no-se-entero-hasta-el-dia-siguiente-que-tenia-la-cadera-rota\/#primaryimage","url":"https:\/\/www.revistarambla.com\/wp-content\/uploads\/2022\/11\/juan-carlos-borbon.jpg","contentUrl":"https:\/\/www.revistarambla.com\/wp-content\/uploads\/2022\/11\/juan-carlos-borbon.jpg","width":500,"height":390},{"@type":"BreadcrumbList","@id":"https:\/\/www.revistarambla.com\/juan-carlos-no-se-entero-hasta-el-dia-siguiente-que-tenia-la-cadera-rota\/#breadcrumb","itemListElement":[{"@type":"ListItem","position":1,"name":"Portada","item":"https:\/\/www.revistarambla.com\/"},{"@type":"ListItem","position":2,"name":"Juan Carlos no se enter\u00f3 hasta el d\u00eda siguiente que ten\u00eda la cadera rota"}]},{"@type":"WebSite","@id":"https:\/\/www.revistarambla.com\/#website","url":"https:\/\/www.revistarambla.com\/","name":"Revista Rambla Barcelona","description":"Periodismo independiente","publisher":{"@id":"https:\/\/www.revistarambla.com\/#organization"},"potentialAction":[{"@type":"SearchAction","target":{"@type":"EntryPoint","urlTemplate":"https:\/\/www.revistarambla.com\/?s={search_term_string}"},"query-input":{"@type":"PropertyValueSpecification","valueRequired":true,"valueName":"search_term_string"}}],"inLanguage":"en-GB"},{"@type":"Organization","@id":"https:\/\/www.revistarambla.com\/#organization","name":"Revista Rambla","url":"https:\/\/www.revistarambla.com\/","logo":{"@type":"ImageObject","inLanguage":"en-GB","@id":"https:\/\/www.revistarambla.com\/#\/schema\/logo\/image\/","url":"https:\/\/www.revistarambla.com\/wp-content\/uploads\/2020\/09\/banner_rambla_1900x600_BB.png","contentUrl":"https:\/\/www.revistarambla.com\/wp-content\/uploads\/2020\/09\/banner_rambla_1900x600_BB.png","width":1900,"height":600,"caption":"Revista Rambla"},"image":{"@id":"https:\/\/www.revistarambla.com\/#\/schema\/logo\/image\/"},"sameAs":["https:\/\/www.facebook.com\/revistarambla\/","https:\/\/x.com\/revistarambla","https:\/\/www.instagram.com\/revista_rambla","https:\/\/es.linkedin.com\/company\/revista-rambla"]},{"@type":"Person","@id":"https:\/\/www.revistarambla.com\/#\/schema\/person\/a146a5a2550b94981a75131180e1bd9c","name":"R@mbla","description":"Este art\u00edculo ha sido redactado y\/o validado por el equipo de redacci\u00f3n de Revista Rambla.","sameAs":["https:\/\/www.revistarambla.com\/","https:\/\/www.facebook.com\/revistarambla","https:\/\/x.com\/revistarambla"]}]}},"_links":{"self":[{"href":"https:\/\/www.revistarambla.com\/en\/wp-json\/wp\/v2\/posts\/51021","targetHints":{"allow":["GET"]}}],"collection":[{"href":"https:\/\/www.revistarambla.com\/en\/wp-json\/wp\/v2\/posts"}],"about":[{"href":"https:\/\/www.revistarambla.com\/en\/wp-json\/wp\/v2\/types\/post"}],"author":[{"embeddable":true,"href":"https:\/\/www.revistarambla.com\/en\/wp-json\/wp\/v2\/users\/3"}],"replies":[{"embeddable":true,"href":"https:\/\/www.revistarambla.com\/en\/wp-json\/wp\/v2\/comments?post=51021"}],"version-history":[{"count":4,"href":"https:\/\/www.revistarambla.com\/en\/wp-json\/wp\/v2\/posts\/51021\/revisions"}],"predecessor-version":[{"id":51027,"href":"https:\/\/www.revistarambla.com\/en\/wp-json\/wp\/v2\/posts\/51021\/revisions\/51027"}],"wp:featuredmedia":[{"embeddable":true,"href":"https:\/\/www.revistarambla.com\/en\/wp-json\/wp\/v2\/media\/51024"}],"wp:attachment":[{"href":"https:\/\/www.revistarambla.com\/en\/wp-json\/wp\/v2\/media?parent=51021"}],"wp:term":[{"taxonomy":"category","embeddable":true,"href":"https:\/\/www.revistarambla.com\/en\/wp-json\/wp\/v2\/categories?post=51021"},{"taxonomy":"post_tag","embeddable":true,"href":"https:\/\/www.revistarambla.com\/en\/wp-json\/wp\/v2\/tags?post=51021"}],"curies":[{"name":"wp","href":"https:\/\/api.w.org\/{rel}","templated":true}]}}