{"id":510,"date":"2010-11-03T10:08:44","date_gmt":"2010-11-03T09:08:44","guid":{"rendered":"https:\/\/www.revistarambla.com\/el-mercado-del-horror\/"},"modified":"2021-12-08T20:36:22","modified_gmt":"2021-12-08T19:36:22","slug":"halloween-el-mercado-del-horror","status":"publish","type":"post","link":"https:\/\/www.revistarambla.com\/en\/halloween-el-mercado-del-horror\/","title":{"rendered":"Halloween: el mercado del horror"},"content":{"rendered":"<p style=\"text-align: justify;\">\u00bfCu\u00e1nto vale el miedo? Depende de la forma que adopte. El d\u00eda de Halloween pudo comprarse en todas sus manifestaciones, colores y sabores. Para celebrar una fiesta tan escalofriante, el Espai Jove La Fontana del distrito barcelon\u00e9s de Gracia cedi\u00f3 una de sus salas a un grupo de j\u00f3venes para la organizaci\u00f3n de un mercadillo de terror, el Horror Market. Todo aquel que quisiera pod\u00eda entrar, darse una vuelta por el recinto y salir con los accesorios perfectos para asustar, as\u00ed como con la cara maquillada al m\u00e1s puro estilo \u201czombi reci\u00e9n salido de la tumba\u201d. Con unas cuantas bolsas llenas de miedo.<\/p>\n<p style=\"text-align: justify;\"><img decoding=\"async\" class=\"wp-image-508 alignright\" style=\"width: 420px; height: 200px;\" src=\"https:\/\/www.revistarambla.com\/wp-content\/uploads\/2010\/11\/mortimer3.jpg\" alt=\"alt\" width=\"550\" height=\"262\" srcset=\"https:\/\/www.revistarambla.com\/wp-content\/uploads\/2010\/11\/mortimer3.jpg 550w, https:\/\/www.revistarambla.com\/wp-content\/uploads\/2010\/11\/mortimer3-300x143.jpg 300w, https:\/\/www.revistarambla.com\/wp-content\/uploads\/2010\/11\/mortimer3-500x238.jpg 500w\" sizes=\"(max-width: 550px) 100vw, 550px\" \/><\/p>\n<p style=\"text-align: justify;\">Los complementos y la posibilidad de convertirse en monstruo no eran los \u00fanicos atractivos del mercadillo. El terror tambi\u00e9n pod\u00eda consumirse, literalmente. Eran muchos los puestecitos que ofrec\u00edan su cara m\u00e1s dulce, hecha pastel. Bizcochos coronados por golosinas en forma de dedo, gusano o colmillos de vampiro. Bollos con cuerpo de murci\u00e9lago, calabaza, calavera o fantasma, con sangre de chocolate fundido. Era amplio y variado el surtido de placeres de az\u00facar. C\u00f3mo tambi\u00e9n el de puestos que vend\u00edan pel\u00edculas sanguinarias, entre las que se encontraba <em>Campamento sangriento 4<\/em>, del director James J. Wilson, que hab\u00eda acudido al evento.<\/p>\n<p style=\"text-align: justify;\">Las pel\u00edculas fueron una pieza clave del mercado, pues no s\u00f3lo se vend\u00edan sino que tambi\u00e9n pod\u00edan verse, en otra sala del local. A lo largo del d\u00eda, se proyectaron tres, adem\u00e1s de diversos cortometrajes. El miedo traspasaba la gran pantalla, pero tambi\u00e9n pod\u00eda sentirse a trav\u00e9s de la lectura. Eran bastantes los puestos que ofrec\u00edan novelas y c\u00f3mics de terror. Por otro lado, aunque algunos de ellos no trataban esta tem\u00e1tica eran igualmente apetecibles, como los de Mr. Jau. <em>C\u00f3mo ligar<\/em> o <em>C\u00f3mo dibujar t\u00edas buenas<\/em> eran algunos de los t\u00edtulos de sus c\u00f3mics, en muchos de los cuales aparec\u00eda el personaje Super Porc, \u201cun cerdo que lucha contra las f\u00e1bricas de carne y los McDonalds\u201d, en palabras de su creador.<\/p>\n<p style=\"text-align: justify;\">Pasear entre ofertas inquietantes, escuchar buena m\u00fasica, hacerse con alg\u00fan mu\u00f1eco diab\u00f3lico de trapo, acudir de vez en cuando a la barra del bar o al puesto de perritos calientes The dog is hot, y comparar disfraz con los compa\u00f1eros de espacio. Eran muchas las posibilidades que ofrec\u00eda el Horror Market en ese siniestro domingo de Halloween. Por eso, fueron muchos los que a lo largo del d\u00eda se acercaron al local, bajo la apariencia de brujas verrugosas o diablos enfurecidos, con un \u00fanico objetivo: pas\u00e1rselo de muerte.<\/p>\n<p style=\"text-align: justify;\"><img decoding=\"async\" class=\"size-full wp-image-509 aligncenter\" style=\"width: 550px; height: 274px;\" src=\"https:\/\/www.revistarambla.com\/wp-content\/uploads\/2010\/11\/mortimer4.jpg\" alt=\"alt\" width=\"550\" height=\"274\" srcset=\"https:\/\/www.revistarambla.com\/wp-content\/uploads\/2010\/11\/mortimer4.jpg 550w, https:\/\/www.revistarambla.com\/wp-content\/uploads\/2010\/11\/mortimer4-300x149.jpg 300w, https:\/\/www.revistarambla.com\/wp-content\/uploads\/2010\/11\/mortimer4-500x249.jpg 500w\" sizes=\"(max-width: 550px) 100vw, 550px\" \/><\/p>","protected":false},"excerpt":{"rendered":"<p>\u00bfCu\u00e1nto vale el miedo? Depende de la forma que adopte. El d\u00eda de Halloween pudo comprarse en todas sus manifestaciones, colores y sabores. Para celebrar una fiesta tan escalofriante, el Espai Jove La Fontana del distrito barcelon\u00e9s de Gracia cedi\u00f3 una de sus salas a un grupo de j\u00f3venes para [&hellip;]<\/p>\n","protected":false},"author":39,"featured_media":0,"comment_status":"open","ping_status":"open","sticky":false,"template":"","format":"standard","meta":{"footnotes":""},"categories":[3,76],"tags":[],"class_list":["post-510","post","type-post","status-publish","format-standard","hentry","category-actualidad","category-barcelona"],"yoast_head":"<!-- This site is optimized with the Yoast SEO plugin v27.5 - https:\/\/yoast.com\/product\/yoast-seo-wordpress\/ -->\n<title>Halloween: el mercado del horror - Revista Rambla<\/title>\n<meta name=\"description\" content=\"El d\u00eda de Halloween pudo comprarse en todas sus manifestaciones, colores y sabores. Para celebrar una fiesta tan escalofriante, el Espai Jove La Fontana...\" \/>\n<meta name=\"robots\" content=\"index, follow, max-snippet:-1, max-image-preview:large, max-video-preview:-1\" \/>\n<link rel=\"canonical\" href=\"https:\/\/www.revistarambla.com\/en\/halloween-el-mercado-del-horror\/\" \/>\n<meta property=\"og:locale\" content=\"en_GB\" \/>\n<meta property=\"og:type\" content=\"article\" \/>\n<meta property=\"og:title\" content=\"Halloween: el mercado del horror - Revista Rambla\" \/>\n<meta property=\"og:description\" content=\"El d\u00eda de Halloween pudo comprarse en todas sus manifestaciones, colores y sabores. Para celebrar una fiesta tan escalofriante, el Espai Jove La Fontana...\" \/>\n<meta property=\"og:url\" content=\"https:\/\/www.revistarambla.com\/en\/halloween-el-mercado-del-horror\/\" \/>\n<meta property=\"og:site_name\" content=\"Revista Rambla\" \/>\n<meta property=\"article:publisher\" content=\"https:\/\/www.facebook.com\/revistarambla\/\" \/>\n<meta property=\"article:published_time\" content=\"2010-11-03T09:08:44+00:00\" \/>\n<meta property=\"article:modified_time\" content=\"2021-12-08T19:36:22+00:00\" \/>\n<meta property=\"og:image\" content=\"https:\/\/www.revistarambla.com\/wp-content\/uploads\/2010\/11\/mortimer1.jpg\" \/>\n\t<meta property=\"og:image:width\" content=\"250\" \/>\n\t<meta property=\"og:image:height\" content=\"180\" \/>\n\t<meta property=\"og:image:type\" content=\"image\/jpeg\" \/>\n<meta name=\"author\" content=\"Blanca Mendiguren Gomila\" \/>\n<meta name=\"twitter:card\" content=\"summary_large_image\" \/>\n<meta name=\"twitter:creator\" content=\"@BlancaGomila\" \/>\n<meta name=\"twitter:site\" content=\"@revistarambla\" \/>\n<meta name=\"twitter:label1\" content=\"Written by\" \/>\n\t<meta name=\"twitter:data1\" content=\"Blanca Mendiguren Gomila\" \/>\n\t<meta name=\"twitter:label2\" content=\"Estimated reading time\" \/>\n\t<meta name=\"twitter:data2\" content=\"3 minutes\" \/>\n<script type=\"application\/ld+json\" class=\"yoast-schema-graph\">{\"@context\":\"https:\\\/\\\/schema.org\",\"@graph\":[{\"@type\":\"Article\",\"@id\":\"https:\\\/\\\/www.revistarambla.com\\\/halloween-el-mercado-del-horror\\\/#article\",\"isPartOf\":{\"@id\":\"https:\\\/\\\/www.revistarambla.com\\\/halloween-el-mercado-del-horror\\\/\"},\"author\":{\"name\":\"Blanca Mendiguren Gomila\",\"@id\":\"https:\\\/\\\/www.revistarambla.com\\\/#\\\/schema\\\/person\\\/ef3b07dd258f83e19609a57611e756c9\"},\"headline\":\"Halloween: el mercado del horror\",\"datePublished\":\"2010-11-03T09:08:44+00:00\",\"dateModified\":\"2021-12-08T19:36:22+00:00\",\"mainEntityOfPage\":{\"@id\":\"https:\\\/\\\/www.revistarambla.com\\\/halloween-el-mercado-del-horror\\\/\"},\"wordCount\":462,\"commentCount\":0,\"publisher\":{\"@id\":\"https:\\\/\\\/www.revistarambla.com\\\/#organization\"},\"image\":{\"@id\":\"https:\\\/\\\/www.revistarambla.com\\\/halloween-el-mercado-del-horror\\\/#primaryimage\"},\"thumbnailUrl\":\"https:\\\/\\\/www.revistarambla.com\\\/wp-content\\\/uploads\\\/2010\\\/11\\\/mortimer3.jpg\",\"articleSection\":[\"Actualidad\",\"Barcelona\"],\"inLanguage\":\"en-GB\",\"potentialAction\":[{\"@type\":\"CommentAction\",\"name\":\"Comment\",\"target\":[\"https:\\\/\\\/www.revistarambla.com\\\/halloween-el-mercado-del-horror\\\/#respond\"]}]},{\"@type\":\"WebPage\",\"@id\":\"https:\\\/\\\/www.revistarambla.com\\\/halloween-el-mercado-del-horror\\\/\",\"url\":\"https:\\\/\\\/www.revistarambla.com\\\/halloween-el-mercado-del-horror\\\/\",\"name\":\"Halloween: el mercado del horror - Revista Rambla\",\"isPartOf\":{\"@id\":\"https:\\\/\\\/www.revistarambla.com\\\/#website\"},\"primaryImageOfPage\":{\"@id\":\"https:\\\/\\\/www.revistarambla.com\\\/halloween-el-mercado-del-horror\\\/#primaryimage\"},\"image\":{\"@id\":\"https:\\\/\\\/www.revistarambla.com\\\/halloween-el-mercado-del-horror\\\/#primaryimage\"},\"thumbnailUrl\":\"https:\\\/\\\/www.revistarambla.com\\\/wp-content\\\/uploads\\\/2010\\\/11\\\/mortimer3.jpg\",\"datePublished\":\"2010-11-03T09:08:44+00:00\",\"dateModified\":\"2021-12-08T19:36:22+00:00\",\"description\":\"El d\u00eda de Halloween pudo comprarse en todas sus manifestaciones, colores y sabores. Para celebrar una fiesta tan escalofriante, el Espai Jove La Fontana...\",\"breadcrumb\":{\"@id\":\"https:\\\/\\\/www.revistarambla.com\\\/halloween-el-mercado-del-horror\\\/#breadcrumb\"},\"inLanguage\":\"en-GB\",\"potentialAction\":[{\"@type\":\"ReadAction\",\"target\":[\"https:\\\/\\\/www.revistarambla.com\\\/halloween-el-mercado-del-horror\\\/\"]}]},{\"@type\":\"ImageObject\",\"inLanguage\":\"en-GB\",\"@id\":\"https:\\\/\\\/www.revistarambla.com\\\/halloween-el-mercado-del-horror\\\/#primaryimage\",\"url\":\"https:\\\/\\\/www.revistarambla.com\\\/wp-content\\\/uploads\\\/2010\\\/11\\\/mortimer3.jpg\",\"contentUrl\":\"https:\\\/\\\/www.revistarambla.com\\\/wp-content\\\/uploads\\\/2010\\\/11\\\/mortimer3.jpg\"},{\"@type\":\"BreadcrumbList\",\"@id\":\"https:\\\/\\\/www.revistarambla.com\\\/halloween-el-mercado-del-horror\\\/#breadcrumb\",\"itemListElement\":[{\"@type\":\"ListItem\",\"position\":1,\"name\":\"Portada\",\"item\":\"https:\\\/\\\/www.revistarambla.com\\\/\"},{\"@type\":\"ListItem\",\"position\":2,\"name\":\"Halloween: el mercado del horror\"}]},{\"@type\":\"WebSite\",\"@id\":\"https:\\\/\\\/www.revistarambla.com\\\/#website\",\"url\":\"https:\\\/\\\/www.revistarambla.com\\\/\",\"name\":\"Revista Rambla Barcelona\",\"description\":\"Periodismo independiente\",\"publisher\":{\"@id\":\"https:\\\/\\\/www.revistarambla.com\\\/#organization\"},\"potentialAction\":[{\"@type\":\"SearchAction\",\"target\":{\"@type\":\"EntryPoint\",\"urlTemplate\":\"https:\\\/\\\/www.revistarambla.com\\\/?s={search_term_string}\"},\"query-input\":{\"@type\":\"PropertyValueSpecification\",\"valueRequired\":true,\"valueName\":\"search_term_string\"}}],\"inLanguage\":\"en-GB\"},{\"@type\":\"Organization\",\"@id\":\"https:\\\/\\\/www.revistarambla.com\\\/#organization\",\"name\":\"Revista Rambla\",\"url\":\"https:\\\/\\\/www.revistarambla.com\\\/\",\"logo\":{\"@type\":\"ImageObject\",\"inLanguage\":\"en-GB\",\"@id\":\"https:\\\/\\\/www.revistarambla.com\\\/#\\\/schema\\\/logo\\\/image\\\/\",\"url\":\"https:\\\/\\\/www.revistarambla.com\\\/wp-content\\\/uploads\\\/2020\\\/09\\\/banner_rambla_1900x600_BB.png\",\"contentUrl\":\"https:\\\/\\\/www.revistarambla.com\\\/wp-content\\\/uploads\\\/2020\\\/09\\\/banner_rambla_1900x600_BB.png\",\"width\":1900,\"height\":600,\"caption\":\"Revista Rambla\"},\"image\":{\"@id\":\"https:\\\/\\\/www.revistarambla.com\\\/#\\\/schema\\\/logo\\\/image\\\/\"},\"sameAs\":[\"https:\\\/\\\/www.facebook.com\\\/revistarambla\\\/\",\"https:\\\/\\\/x.com\\\/revistarambla\",\"https:\\\/\\\/www.instagram.com\\\/revista_rambla\",\"https:\\\/\\\/es.linkedin.com\\\/company\\\/revista-rambla\"]},{\"@type\":\"Person\",\"@id\":\"https:\\\/\\\/www.revistarambla.com\\\/#\\\/schema\\\/person\\\/ef3b07dd258f83e19609a57611e756c9\",\"name\":\"Blanca Mendiguren Gomila\",\"description\":\"Periodista.\",\"sameAs\":[\"https:\\\/\\\/x.com\\\/BlancaGomila\"]}]}<\/script>\n<!-- \/ Yoast SEO plugin. -->","yoast_head_json":{"title":"Halloween: el mercado del horror - Revista Rambla","description":"El d\u00eda de Halloween pudo comprarse en todas sus manifestaciones, colores y sabores. Para celebrar una fiesta tan escalofriante, el Espai Jove La Fontana...","robots":{"index":"index","follow":"follow","max-snippet":"max-snippet:-1","max-image-preview":"max-image-preview:large","max-video-preview":"max-video-preview:-1"},"canonical":"https:\/\/www.revistarambla.com\/en\/halloween-el-mercado-del-horror\/","og_locale":"en_GB","og_type":"article","og_title":"Halloween: el mercado del horror - Revista Rambla","og_description":"El d\u00eda de Halloween pudo comprarse en todas sus manifestaciones, colores y sabores. Para celebrar una fiesta tan escalofriante, el Espai Jove La Fontana...","og_url":"https:\/\/www.revistarambla.com\/en\/halloween-el-mercado-del-horror\/","og_site_name":"Revista Rambla","article_publisher":"https:\/\/www.facebook.com\/revistarambla\/","article_published_time":"2010-11-03T09:08:44+00:00","article_modified_time":"2021-12-08T19:36:22+00:00","og_image":[{"width":250,"height":180,"url":"https:\/\/www.revistarambla.com\/wp-content\/uploads\/2010\/11\/mortimer1.jpg","type":"image\/jpeg"}],"author":"Blanca Mendiguren Gomila","twitter_card":"summary_large_image","twitter_creator":"@BlancaGomila","twitter_site":"@revistarambla","twitter_misc":{"Written by":"Blanca Mendiguren Gomila","Estimated reading time":"3 minutes"},"schema":{"@context":"https:\/\/schema.org","@graph":[{"@type":"Article","@id":"https:\/\/www.revistarambla.com\/halloween-el-mercado-del-horror\/#article","isPartOf":{"@id":"https:\/\/www.revistarambla.com\/halloween-el-mercado-del-horror\/"},"author":{"name":"Blanca Mendiguren Gomila","@id":"https:\/\/www.revistarambla.com\/#\/schema\/person\/ef3b07dd258f83e19609a57611e756c9"},"headline":"Halloween: el mercado del horror","datePublished":"2010-11-03T09:08:44+00:00","dateModified":"2021-12-08T19:36:22+00:00","mainEntityOfPage":{"@id":"https:\/\/www.revistarambla.com\/halloween-el-mercado-del-horror\/"},"wordCount":462,"commentCount":0,"publisher":{"@id":"https:\/\/www.revistarambla.com\/#organization"},"image":{"@id":"https:\/\/www.revistarambla.com\/halloween-el-mercado-del-horror\/#primaryimage"},"thumbnailUrl":"https:\/\/www.revistarambla.com\/wp-content\/uploads\/2010\/11\/mortimer3.jpg","articleSection":["Actualidad","Barcelona"],"inLanguage":"en-GB","potentialAction":[{"@type":"CommentAction","name":"Comment","target":["https:\/\/www.revistarambla.com\/halloween-el-mercado-del-horror\/#respond"]}]},{"@type":"WebPage","@id":"https:\/\/www.revistarambla.com\/halloween-el-mercado-del-horror\/","url":"https:\/\/www.revistarambla.com\/halloween-el-mercado-del-horror\/","name":"Halloween: el mercado del horror - Revista Rambla","isPartOf":{"@id":"https:\/\/www.revistarambla.com\/#website"},"primaryImageOfPage":{"@id":"https:\/\/www.revistarambla.com\/halloween-el-mercado-del-horror\/#primaryimage"},"image":{"@id":"https:\/\/www.revistarambla.com\/halloween-el-mercado-del-horror\/#primaryimage"},"thumbnailUrl":"https:\/\/www.revistarambla.com\/wp-content\/uploads\/2010\/11\/mortimer3.jpg","datePublished":"2010-11-03T09:08:44+00:00","dateModified":"2021-12-08T19:36:22+00:00","description":"El d\u00eda de Halloween pudo comprarse en todas sus manifestaciones, colores y sabores. Para celebrar una fiesta tan escalofriante, el Espai Jove La Fontana...","breadcrumb":{"@id":"https:\/\/www.revistarambla.com\/halloween-el-mercado-del-horror\/#breadcrumb"},"inLanguage":"en-GB","potentialAction":[{"@type":"ReadAction","target":["https:\/\/www.revistarambla.com\/halloween-el-mercado-del-horror\/"]}]},{"@type":"ImageObject","inLanguage":"en-GB","@id":"https:\/\/www.revistarambla.com\/halloween-el-mercado-del-horror\/#primaryimage","url":"https:\/\/www.revistarambla.com\/wp-content\/uploads\/2010\/11\/mortimer3.jpg","contentUrl":"https:\/\/www.revistarambla.com\/wp-content\/uploads\/2010\/11\/mortimer3.jpg"},{"@type":"BreadcrumbList","@id":"https:\/\/www.revistarambla.com\/halloween-el-mercado-del-horror\/#breadcrumb","itemListElement":[{"@type":"ListItem","position":1,"name":"Portada","item":"https:\/\/www.revistarambla.com\/"},{"@type":"ListItem","position":2,"name":"Halloween: el mercado del horror"}]},{"@type":"WebSite","@id":"https:\/\/www.revistarambla.com\/#website","url":"https:\/\/www.revistarambla.com\/","name":"Revista Rambla Barcelona","description":"Periodismo independiente","publisher":{"@id":"https:\/\/www.revistarambla.com\/#organization"},"potentialAction":[{"@type":"SearchAction","target":{"@type":"EntryPoint","urlTemplate":"https:\/\/www.revistarambla.com\/?s={search_term_string}"},"query-input":{"@type":"PropertyValueSpecification","valueRequired":true,"valueName":"search_term_string"}}],"inLanguage":"en-GB"},{"@type":"Organization","@id":"https:\/\/www.revistarambla.com\/#organization","name":"Revista Rambla","url":"https:\/\/www.revistarambla.com\/","logo":{"@type":"ImageObject","inLanguage":"en-GB","@id":"https:\/\/www.revistarambla.com\/#\/schema\/logo\/image\/","url":"https:\/\/www.revistarambla.com\/wp-content\/uploads\/2020\/09\/banner_rambla_1900x600_BB.png","contentUrl":"https:\/\/www.revistarambla.com\/wp-content\/uploads\/2020\/09\/banner_rambla_1900x600_BB.png","width":1900,"height":600,"caption":"Revista Rambla"},"image":{"@id":"https:\/\/www.revistarambla.com\/#\/schema\/logo\/image\/"},"sameAs":["https:\/\/www.facebook.com\/revistarambla\/","https:\/\/x.com\/revistarambla","https:\/\/www.instagram.com\/revista_rambla","https:\/\/es.linkedin.com\/company\/revista-rambla"]},{"@type":"Person","@id":"https:\/\/www.revistarambla.com\/#\/schema\/person\/ef3b07dd258f83e19609a57611e756c9","name":"Blanca Mendiguren Gomila","description":"Periodista.","sameAs":["https:\/\/x.com\/BlancaGomila"]}]}},"_links":{"self":[{"href":"https:\/\/www.revistarambla.com\/en\/wp-json\/wp\/v2\/posts\/510","targetHints":{"allow":["GET"]}}],"collection":[{"href":"https:\/\/www.revistarambla.com\/en\/wp-json\/wp\/v2\/posts"}],"about":[{"href":"https:\/\/www.revistarambla.com\/en\/wp-json\/wp\/v2\/types\/post"}],"author":[{"embeddable":true,"href":"https:\/\/www.revistarambla.com\/en\/wp-json\/wp\/v2\/users\/39"}],"replies":[{"embeddable":true,"href":"https:\/\/www.revistarambla.com\/en\/wp-json\/wp\/v2\/comments?post=510"}],"version-history":[{"count":0,"href":"https:\/\/www.revistarambla.com\/en\/wp-json\/wp\/v2\/posts\/510\/revisions"}],"wp:attachment":[{"href":"https:\/\/www.revistarambla.com\/en\/wp-json\/wp\/v2\/media?parent=510"}],"wp:term":[{"taxonomy":"category","embeddable":true,"href":"https:\/\/www.revistarambla.com\/en\/wp-json\/wp\/v2\/categories?post=510"},{"taxonomy":"post_tag","embeddable":true,"href":"https:\/\/www.revistarambla.com\/en\/wp-json\/wp\/v2\/tags?post=510"}],"curies":[{"name":"wp","href":"https:\/\/api.w.org\/{rel}","templated":true}]}}