{"id":50976,"date":"2022-11-20T20:45:46","date_gmt":"2022-11-20T19:45:46","guid":{"rendered":"https:\/\/www.revistarambla.com\/?p=50976"},"modified":"2022-11-20T20:47:37","modified_gmt":"2022-11-20T19:47:37","slug":"nino-vete-a-devolver-los-cascos","status":"publish","type":"post","link":"https:\/\/www.revistarambla.com\/en\/nino-vete-a-devolver-los-cascos\/","title":{"rendered":"\u00a1Ni\u00f1o, vete a devolver los cascos!"},"content":{"rendered":"<p>Los que peinan canas recordaran, all\u00e1 por los sesenta\/setenta, la frase anterior como forma de obtener alg\u00fan durillo que otro para la econom\u00eda familiar, retornando los envases de cristal en las bodegas.<\/p>\n<p>Cuando escuch\u00e9 al comercial que atend\u00eda la venta en la Tienda Duty Free del Aeropuerto M\u00fanich, indic\u00e1ndome: \u00a1Vuelva de nuevo con el envase y el tique compra, y le reintegraremos 0,25 cts.!, me traslad\u00f3 al pasado, permaneciendo algunos segundos intentando captar el mensaje, y ahora les explico.<\/p>\n<p>Hace unos d\u00edas anduve por Baviera, visitando algunas ciudades, interesado en la figura de D. Juan de Austria; Sacro Imperio y surgimiento de la Iglesia Luterana.<\/p>\n<p>Ya he visitado varias veces Alemania desde 1980, y me sigue admirando un Pa\u00eds que ha perdido dos guerras mundiales y contin\u00faa siendo \u201clocomotora\u201d de Europa.<\/p>\n<p>Su alto nivel de vida puede medirse, entre otros aspectos, por sus desmesurados precios para nuestros bolsillos, salarios, etc. junto a la pol\u00edtica de puertas abiertas a la migraci\u00f3n comenzada por Merkel.<\/p>\n<p>Pr\u00e1cticamente, ha desaparecido de la circulaci\u00f3n la moneda de un Euro, y s\u00f3lo circulan las de dos, cuando aqu\u00ed a\u00fan manejamos los c\u00e9ntimos en todos sus valores, y no se trata en absoluto de nada peyorativo a mi pa\u00eds.<\/p>\n<p>Pero lo real de la presente Columna, no hay que buscarlo en que el precio de una botella de litro de agua mineral supere los 4 euros, (nivel de vida), ni tampoco, que por razones de seguridad la sed haya que apagarla en la Tienda del \u201cDuty Free\u201d del Aeropuerto, no siempre las mismas libres de impuestos, ni tampoco de beneficios.<\/p>\n<p>Me parece bien la transparencia expl\u00edcita en el desglose de una factura, basado en que en el pa\u00eds Teut\u00f3n rige el sistema de \u201cdevoluci\u00f3n de envases de pl\u00e1sticos o cascos de botella\u201d lo cual les permite recuperar seg\u00fan VERDE Y AZUL, el 98.5% de los envases para su reutilizaci\u00f3n, mientras que, en Espa\u00f1a, la utilizaci\u00f3n de ambos contenedores (vidrio y pl\u00e1stico), permite dicha selectividad, recuperar \u00fanicamente el 30%.<\/p>\n<p>Eso s\u00ed, al viajero se le permite, cuando regrese a Alemania, devolverlo, bajo promesa por escrito, de reintegrarle el dep\u00f3sito de 0,25 cts. pagado, siempre que conserve el tique de compra.<\/p>\n<p><img decoding=\"async\" class=\"aligncenter wp-image-50977\" src=\"https:\/\/www.revistarambla.com\/wp-content\/uploads\/2022\/11\/tiquet_jpg-325x365.jpg\" alt=\"\" width=\"401\" height=\"450\" srcset=\"https:\/\/www.revistarambla.com\/wp-content\/uploads\/2022\/11\/tiquet_jpg-325x365.jpg 325w, https:\/\/www.revistarambla.com\/wp-content\/uploads\/2022\/11\/tiquet_jpg-748x840.jpg 748w, https:\/\/www.revistarambla.com\/wp-content\/uploads\/2022\/11\/tiquet_jpg-768x863.jpg 768w, https:\/\/www.revistarambla.com\/wp-content\/uploads\/2022\/11\/tiquet_jpg-1367x1536.jpg 1367w, https:\/\/www.revistarambla.com\/wp-content\/uploads\/2022\/11\/tiquet_jpg-11x12.jpg 11w, https:\/\/www.revistarambla.com\/wp-content\/uploads\/2022\/11\/tiquet_jpg.jpg 1428w\" sizes=\"(max-width: 401px) 100vw, 401px\" \/><\/p>\n<p>Es una pr\u00e1ctica denominada SDDR (sistema de dep\u00f3sito, devoluci\u00f3n y retorno) destinado a reducir residuos, aumentar tasas de recogidas y reciclaje, devolviendo dinero al usuario.<\/p>\n<p>Ya existen trece pa\u00edses europeos adheridos a este sistema gestionado por operadores privados sin \u00e1nimo de lucro, siendo Malta la \u00faltima incorporaci\u00f3n, seg\u00fan asevera \u201cRESIDUOS PROFESIONAL\u201d.<\/p>\n<p>Al pensamiento final del viajero, le queda un poco la sensaci\u00f3n de \u201cpagafantas\u201d ante tanto distanciamiento y alguna legislaci\u00f3n medioambiental propia fallida que otra y, sobre todo, que se nos obliga bajo sanci\u00f3n, si no cumplimos con las normas actuales, las cuales como en el presente caso, podr\u00edan resultar beneficiosas al paso que vamos.<\/p>\n<p>\u00bfHabr\u00e1 que esperar a concienciarnos en el reciclaje hasta que nos toquen m\u00e1s el bolsillo?<\/p>","protected":false},"excerpt":{"rendered":"<p>Los que peinan canas recordaran, all\u00e1 por los sesenta\/setenta, la frase anterior como forma de obtener alg\u00fan durillo que otro para la econom\u00eda familiar, retornando los envases de cristal en las bodegas. Cuando escuch\u00e9 al comercial que atend\u00eda la venta en la Tienda Duty Free del Aeropuerto M\u00fanich, indic\u00e1ndome: \u00a1Vuelva [&hellip;]<\/p>\n","protected":false},"author":305,"featured_media":50978,"comment_status":"open","ping_status":"closed","sticky":false,"template":"","format":"standard","meta":{"footnotes":""},"categories":[72],"tags":[],"class_list":["post-50976","post","type-post","status-publish","format-standard","has-post-thumbnail","hentry","category-opinion"],"yoast_head":"<!-- This site is optimized with the Yoast SEO plugin v27.5 - https:\/\/yoast.com\/product\/yoast-seo-wordpress\/ -->\n<title>\u00a1Ni\u00f1o, vete a devolver los cascos! - Revista Rambla<\/title>\n<meta name=\"robots\" content=\"index, follow, max-snippet:-1, max-image-preview:large, max-video-preview:-1\" \/>\n<link rel=\"canonical\" href=\"https:\/\/www.revistarambla.com\/en\/nino-vete-a-devolver-los-cascos\/\" \/>\n<meta property=\"og:locale\" content=\"en_GB\" \/>\n<meta property=\"og:type\" content=\"article\" \/>\n<meta property=\"og:title\" content=\"\u00a1Ni\u00f1o, vete a devolver los cascos! - Revista Rambla\" \/>\n<meta property=\"og:description\" content=\"Los que peinan canas recordaran, all\u00e1 por los sesenta\/setenta, la frase anterior como forma de obtener alg\u00fan durillo que otro para la econom\u00eda familiar, retornando los envases de cristal en las bodegas. Cuando escuch\u00e9 al comercial que atend\u00eda la venta en la Tienda Duty Free del Aeropuerto M\u00fanich, indic\u00e1ndome: \u00a1Vuelva [&hellip;]\" \/>\n<meta property=\"og:url\" content=\"https:\/\/www.revistarambla.com\/en\/nino-vete-a-devolver-los-cascos\/\" \/>\n<meta property=\"og:site_name\" content=\"Revista Rambla\" \/>\n<meta property=\"article:publisher\" content=\"https:\/\/www.facebook.com\/revistarambla\/\" \/>\n<meta property=\"article:published_time\" content=\"2022-11-20T19:45:46+00:00\" \/>\n<meta property=\"article:modified_time\" content=\"2022-11-20T19:47:37+00:00\" \/>\n<meta property=\"og:image\" content=\"https:\/\/www.revistarambla.com\/wp-content\/uploads\/2022\/11\/botellas.webp\" \/>\n\t<meta property=\"og:image:width\" content=\"600\" \/>\n\t<meta property=\"og:image:height\" content=\"400\" \/>\n\t<meta property=\"og:image:type\" content=\"image\/webp\" \/>\n<meta name=\"author\" content=\"Jes\u00fas Antonio Rodr\u00edguez Morilla\" \/>\n<meta name=\"twitter:card\" content=\"summary_large_image\" \/>\n<meta name=\"twitter:creator\" content=\"@revistarambla\" \/>\n<meta name=\"twitter:site\" content=\"@revistarambla\" \/>\n<meta name=\"twitter:label1\" content=\"Written by\" \/>\n\t<meta name=\"twitter:data1\" content=\"Jes\u00fas Antonio Rodr\u00edguez Morilla\" \/>\n\t<meta name=\"twitter:label2\" content=\"Estimated reading time\" \/>\n\t<meta name=\"twitter:data2\" content=\"3 minutes\" \/>\n<script type=\"application\/ld+json\" class=\"yoast-schema-graph\">{\"@context\":\"https:\\\/\\\/schema.org\",\"@graph\":[{\"@type\":\"Article\",\"@id\":\"https:\\\/\\\/www.revistarambla.com\\\/nino-vete-a-devolver-los-cascos\\\/#article\",\"isPartOf\":{\"@id\":\"https:\\\/\\\/www.revistarambla.com\\\/nino-vete-a-devolver-los-cascos\\\/\"},\"author\":{\"name\":\"Jes\u00fas Antonio Rodr\u00edguez Morilla\",\"@id\":\"https:\\\/\\\/www.revistarambla.com\\\/#\\\/schema\\\/person\\\/eace802346abd966cd3ecb763f255a0a\"},\"headline\":\"\u00a1Ni\u00f1o, vete a devolver los cascos!\",\"datePublished\":\"2022-11-20T19:45:46+00:00\",\"dateModified\":\"2022-11-20T19:47:37+00:00\",\"mainEntityOfPage\":{\"@id\":\"https:\\\/\\\/www.revistarambla.com\\\/nino-vete-a-devolver-los-cascos\\\/\"},\"wordCount\":522,\"commentCount\":0,\"publisher\":{\"@id\":\"https:\\\/\\\/www.revistarambla.com\\\/#organization\"},\"image\":{\"@id\":\"https:\\\/\\\/www.revistarambla.com\\\/nino-vete-a-devolver-los-cascos\\\/#primaryimage\"},\"thumbnailUrl\":\"https:\\\/\\\/www.revistarambla.com\\\/wp-content\\\/uploads\\\/2022\\\/11\\\/botellas.webp\",\"articleSection\":[\"Opiniones\"],\"inLanguage\":\"en-GB\",\"potentialAction\":[{\"@type\":\"CommentAction\",\"name\":\"Comment\",\"target\":[\"https:\\\/\\\/www.revistarambla.com\\\/nino-vete-a-devolver-los-cascos\\\/#respond\"]}]},{\"@type\":\"WebPage\",\"@id\":\"https:\\\/\\\/www.revistarambla.com\\\/nino-vete-a-devolver-los-cascos\\\/\",\"url\":\"https:\\\/\\\/www.revistarambla.com\\\/nino-vete-a-devolver-los-cascos\\\/\",\"name\":\"\u00a1Ni\u00f1o, vete a devolver los cascos! - Revista Rambla\",\"isPartOf\":{\"@id\":\"https:\\\/\\\/www.revistarambla.com\\\/#website\"},\"primaryImageOfPage\":{\"@id\":\"https:\\\/\\\/www.revistarambla.com\\\/nino-vete-a-devolver-los-cascos\\\/#primaryimage\"},\"image\":{\"@id\":\"https:\\\/\\\/www.revistarambla.com\\\/nino-vete-a-devolver-los-cascos\\\/#primaryimage\"},\"thumbnailUrl\":\"https:\\\/\\\/www.revistarambla.com\\\/wp-content\\\/uploads\\\/2022\\\/11\\\/botellas.webp\",\"datePublished\":\"2022-11-20T19:45:46+00:00\",\"dateModified\":\"2022-11-20T19:47:37+00:00\",\"breadcrumb\":{\"@id\":\"https:\\\/\\\/www.revistarambla.com\\\/nino-vete-a-devolver-los-cascos\\\/#breadcrumb\"},\"inLanguage\":\"en-GB\",\"potentialAction\":[{\"@type\":\"ReadAction\",\"target\":[\"https:\\\/\\\/www.revistarambla.com\\\/nino-vete-a-devolver-los-cascos\\\/\"]}]},{\"@type\":\"ImageObject\",\"inLanguage\":\"en-GB\",\"@id\":\"https:\\\/\\\/www.revistarambla.com\\\/nino-vete-a-devolver-los-cascos\\\/#primaryimage\",\"url\":\"https:\\\/\\\/www.revistarambla.com\\\/wp-content\\\/uploads\\\/2022\\\/11\\\/botellas.webp\",\"contentUrl\":\"https:\\\/\\\/www.revistarambla.com\\\/wp-content\\\/uploads\\\/2022\\\/11\\\/botellas.webp\",\"width\":600,\"height\":400},{\"@type\":\"BreadcrumbList\",\"@id\":\"https:\\\/\\\/www.revistarambla.com\\\/nino-vete-a-devolver-los-cascos\\\/#breadcrumb\",\"itemListElement\":[{\"@type\":\"ListItem\",\"position\":1,\"name\":\"Portada\",\"item\":\"https:\\\/\\\/www.revistarambla.com\\\/\"},{\"@type\":\"ListItem\",\"position\":2,\"name\":\"\u00a1Ni\u00f1o, vete a devolver los cascos!\"}]},{\"@type\":\"WebSite\",\"@id\":\"https:\\\/\\\/www.revistarambla.com\\\/#website\",\"url\":\"https:\\\/\\\/www.revistarambla.com\\\/\",\"name\":\"Revista Rambla Barcelona\",\"description\":\"Periodismo independiente\",\"publisher\":{\"@id\":\"https:\\\/\\\/www.revistarambla.com\\\/#organization\"},\"potentialAction\":[{\"@type\":\"SearchAction\",\"target\":{\"@type\":\"EntryPoint\",\"urlTemplate\":\"https:\\\/\\\/www.revistarambla.com\\\/?s={search_term_string}\"},\"query-input\":{\"@type\":\"PropertyValueSpecification\",\"valueRequired\":true,\"valueName\":\"search_term_string\"}}],\"inLanguage\":\"en-GB\"},{\"@type\":\"Organization\",\"@id\":\"https:\\\/\\\/www.revistarambla.com\\\/#organization\",\"name\":\"Revista Rambla\",\"url\":\"https:\\\/\\\/www.revistarambla.com\\\/\",\"logo\":{\"@type\":\"ImageObject\",\"inLanguage\":\"en-GB\",\"@id\":\"https:\\\/\\\/www.revistarambla.com\\\/#\\\/schema\\\/logo\\\/image\\\/\",\"url\":\"https:\\\/\\\/www.revistarambla.com\\\/wp-content\\\/uploads\\\/2020\\\/09\\\/banner_rambla_1900x600_BB.png\",\"contentUrl\":\"https:\\\/\\\/www.revistarambla.com\\\/wp-content\\\/uploads\\\/2020\\\/09\\\/banner_rambla_1900x600_BB.png\",\"width\":1900,\"height\":600,\"caption\":\"Revista Rambla\"},\"image\":{\"@id\":\"https:\\\/\\\/www.revistarambla.com\\\/#\\\/schema\\\/logo\\\/image\\\/\"},\"sameAs\":[\"https:\\\/\\\/www.facebook.com\\\/revistarambla\\\/\",\"https:\\\/\\\/x.com\\\/revistarambla\",\"https:\\\/\\\/www.instagram.com\\\/revista_rambla\",\"https:\\\/\\\/es.linkedin.com\\\/company\\\/revista-rambla\"]},{\"@type\":\"Person\",\"@id\":\"https:\\\/\\\/www.revistarambla.com\\\/#\\\/schema\\\/person\\\/eace802346abd966cd3ecb763f255a0a\",\"name\":\"Jes\u00fas Antonio Rodr\u00edguez Morilla\",\"description\":\"Doctor en Derecho por la U.C.M. (Cum Laude). Licenciado en Derecho. Licenciado en Ciencias Pol\u00edticas. Caballero de M\u00e9rito de la Real Orden (Noruega).\",\"sameAs\":[\"https:\\\/\\\/www.modificadosobraspublicas.com\"]}]}<\/script>\n<!-- \/ Yoast SEO plugin. -->","yoast_head_json":{"title":"\u00a1Ni\u00f1o, vete a devolver los cascos! - Revista Rambla","robots":{"index":"index","follow":"follow","max-snippet":"max-snippet:-1","max-image-preview":"max-image-preview:large","max-video-preview":"max-video-preview:-1"},"canonical":"https:\/\/www.revistarambla.com\/en\/nino-vete-a-devolver-los-cascos\/","og_locale":"en_GB","og_type":"article","og_title":"\u00a1Ni\u00f1o, vete a devolver los cascos! - Revista Rambla","og_description":"Los que peinan canas recordaran, all\u00e1 por los sesenta\/setenta, la frase anterior como forma de obtener alg\u00fan durillo que otro para la econom\u00eda familiar, retornando los envases de cristal en las bodegas. Cuando escuch\u00e9 al comercial que atend\u00eda la venta en la Tienda Duty Free del Aeropuerto M\u00fanich, indic\u00e1ndome: \u00a1Vuelva [&hellip;]","og_url":"https:\/\/www.revistarambla.com\/en\/nino-vete-a-devolver-los-cascos\/","og_site_name":"Revista Rambla","article_publisher":"https:\/\/www.facebook.com\/revistarambla\/","article_published_time":"2022-11-20T19:45:46+00:00","article_modified_time":"2022-11-20T19:47:37+00:00","og_image":[{"width":600,"height":400,"url":"https:\/\/www.revistarambla.com\/wp-content\/uploads\/2022\/11\/botellas.webp","type":"image\/webp"}],"author":"Jes\u00fas Antonio Rodr\u00edguez Morilla","twitter_card":"summary_large_image","twitter_creator":"@revistarambla","twitter_site":"@revistarambla","twitter_misc":{"Written by":"Jes\u00fas Antonio Rodr\u00edguez Morilla","Estimated reading time":"3 minutes"},"schema":{"@context":"https:\/\/schema.org","@graph":[{"@type":"Article","@id":"https:\/\/www.revistarambla.com\/nino-vete-a-devolver-los-cascos\/#article","isPartOf":{"@id":"https:\/\/www.revistarambla.com\/nino-vete-a-devolver-los-cascos\/"},"author":{"name":"Jes\u00fas Antonio Rodr\u00edguez Morilla","@id":"https:\/\/www.revistarambla.com\/#\/schema\/person\/eace802346abd966cd3ecb763f255a0a"},"headline":"\u00a1Ni\u00f1o, vete a devolver los cascos!","datePublished":"2022-11-20T19:45:46+00:00","dateModified":"2022-11-20T19:47:37+00:00","mainEntityOfPage":{"@id":"https:\/\/www.revistarambla.com\/nino-vete-a-devolver-los-cascos\/"},"wordCount":522,"commentCount":0,"publisher":{"@id":"https:\/\/www.revistarambla.com\/#organization"},"image":{"@id":"https:\/\/www.revistarambla.com\/nino-vete-a-devolver-los-cascos\/#primaryimage"},"thumbnailUrl":"https:\/\/www.revistarambla.com\/wp-content\/uploads\/2022\/11\/botellas.webp","articleSection":["Opiniones"],"inLanguage":"en-GB","potentialAction":[{"@type":"CommentAction","name":"Comment","target":["https:\/\/www.revistarambla.com\/nino-vete-a-devolver-los-cascos\/#respond"]}]},{"@type":"WebPage","@id":"https:\/\/www.revistarambla.com\/nino-vete-a-devolver-los-cascos\/","url":"https:\/\/www.revistarambla.com\/nino-vete-a-devolver-los-cascos\/","name":"\u00a1Ni\u00f1o, vete a devolver los cascos! - Revista Rambla","isPartOf":{"@id":"https:\/\/www.revistarambla.com\/#website"},"primaryImageOfPage":{"@id":"https:\/\/www.revistarambla.com\/nino-vete-a-devolver-los-cascos\/#primaryimage"},"image":{"@id":"https:\/\/www.revistarambla.com\/nino-vete-a-devolver-los-cascos\/#primaryimage"},"thumbnailUrl":"https:\/\/www.revistarambla.com\/wp-content\/uploads\/2022\/11\/botellas.webp","datePublished":"2022-11-20T19:45:46+00:00","dateModified":"2022-11-20T19:47:37+00:00","breadcrumb":{"@id":"https:\/\/www.revistarambla.com\/nino-vete-a-devolver-los-cascos\/#breadcrumb"},"inLanguage":"en-GB","potentialAction":[{"@type":"ReadAction","target":["https:\/\/www.revistarambla.com\/nino-vete-a-devolver-los-cascos\/"]}]},{"@type":"ImageObject","inLanguage":"en-GB","@id":"https:\/\/www.revistarambla.com\/nino-vete-a-devolver-los-cascos\/#primaryimage","url":"https:\/\/www.revistarambla.com\/wp-content\/uploads\/2022\/11\/botellas.webp","contentUrl":"https:\/\/www.revistarambla.com\/wp-content\/uploads\/2022\/11\/botellas.webp","width":600,"height":400},{"@type":"BreadcrumbList","@id":"https:\/\/www.revistarambla.com\/nino-vete-a-devolver-los-cascos\/#breadcrumb","itemListElement":[{"@type":"ListItem","position":1,"name":"Portada","item":"https:\/\/www.revistarambla.com\/"},{"@type":"ListItem","position":2,"name":"\u00a1Ni\u00f1o, vete a devolver los cascos!"}]},{"@type":"WebSite","@id":"https:\/\/www.revistarambla.com\/#website","url":"https:\/\/www.revistarambla.com\/","name":"Revista Rambla Barcelona","description":"Periodismo independiente","publisher":{"@id":"https:\/\/www.revistarambla.com\/#organization"},"potentialAction":[{"@type":"SearchAction","target":{"@type":"EntryPoint","urlTemplate":"https:\/\/www.revistarambla.com\/?s={search_term_string}"},"query-input":{"@type":"PropertyValueSpecification","valueRequired":true,"valueName":"search_term_string"}}],"inLanguage":"en-GB"},{"@type":"Organization","@id":"https:\/\/www.revistarambla.com\/#organization","name":"Revista Rambla","url":"https:\/\/www.revistarambla.com\/","logo":{"@type":"ImageObject","inLanguage":"en-GB","@id":"https:\/\/www.revistarambla.com\/#\/schema\/logo\/image\/","url":"https:\/\/www.revistarambla.com\/wp-content\/uploads\/2020\/09\/banner_rambla_1900x600_BB.png","contentUrl":"https:\/\/www.revistarambla.com\/wp-content\/uploads\/2020\/09\/banner_rambla_1900x600_BB.png","width":1900,"height":600,"caption":"Revista Rambla"},"image":{"@id":"https:\/\/www.revistarambla.com\/#\/schema\/logo\/image\/"},"sameAs":["https:\/\/www.facebook.com\/revistarambla\/","https:\/\/x.com\/revistarambla","https:\/\/www.instagram.com\/revista_rambla","https:\/\/es.linkedin.com\/company\/revista-rambla"]},{"@type":"Person","@id":"https:\/\/www.revistarambla.com\/#\/schema\/person\/eace802346abd966cd3ecb763f255a0a","name":"Jes\u00fas Antonio Rodr\u00edguez Morilla","description":"Doctor en Derecho por la U.C.M. (Cum Laude). Licenciado en Derecho. Licenciado en Ciencias Pol\u00edticas. Caballero de M\u00e9rito de la Real Orden (Noruega).","sameAs":["https:\/\/www.modificadosobraspublicas.com"]}]}},"_links":{"self":[{"href":"https:\/\/www.revistarambla.com\/en\/wp-json\/wp\/v2\/posts\/50976","targetHints":{"allow":["GET"]}}],"collection":[{"href":"https:\/\/www.revistarambla.com\/en\/wp-json\/wp\/v2\/posts"}],"about":[{"href":"https:\/\/www.revistarambla.com\/en\/wp-json\/wp\/v2\/types\/post"}],"author":[{"embeddable":true,"href":"https:\/\/www.revistarambla.com\/en\/wp-json\/wp\/v2\/users\/305"}],"replies":[{"embeddable":true,"href":"https:\/\/www.revistarambla.com\/en\/wp-json\/wp\/v2\/comments?post=50976"}],"version-history":[{"count":2,"href":"https:\/\/www.revistarambla.com\/en\/wp-json\/wp\/v2\/posts\/50976\/revisions"}],"predecessor-version":[{"id":50980,"href":"https:\/\/www.revistarambla.com\/en\/wp-json\/wp\/v2\/posts\/50976\/revisions\/50980"}],"wp:featuredmedia":[{"embeddable":true,"href":"https:\/\/www.revistarambla.com\/en\/wp-json\/wp\/v2\/media\/50978"}],"wp:attachment":[{"href":"https:\/\/www.revistarambla.com\/en\/wp-json\/wp\/v2\/media?parent=50976"}],"wp:term":[{"taxonomy":"category","embeddable":true,"href":"https:\/\/www.revistarambla.com\/en\/wp-json\/wp\/v2\/categories?post=50976"},{"taxonomy":"post_tag","embeddable":true,"href":"https:\/\/www.revistarambla.com\/en\/wp-json\/wp\/v2\/tags?post=50976"}],"curies":[{"name":"wp","href":"https:\/\/api.w.org\/{rel}","templated":true}]}}