{"id":50960,"date":"2022-11-19T20:19:15","date_gmt":"2022-11-19T19:19:15","guid":{"rendered":"https:\/\/www.revistarambla.com\/?p=50960"},"modified":"2022-11-19T20:19:15","modified_gmt":"2022-11-19T19:19:15","slug":"la-reforma-del-codigo-penal-amenaza-el-derecho-a-la-protesta","status":"publish","type":"post","link":"https:\/\/www.revistarambla.com\/en\/la-reforma-del-codigo-penal-amenaza-el-derecho-a-la-protesta\/","title":{"rendered":"La reforma del C\u00f3digo Penal amenaza el derecho a la protesta"},"content":{"rendered":"<p>La reforma del C\u00f3digo Penal, anunciada por el PSOE, Unidas Podemos y ERC, para eliminar el <a href=\"https:\/\/www.revistarambla.com\/en\/puigdemont-eludira-la-sedicion-y-junqueras-podria-presentarse-en-2023\/\">delito de sedici\u00f3n<\/a>, incorpora algunos cambios en el delito de des\u00f3rdenes p\u00fablicos que abren las puertas al aumento de la represi\u00f3n contra la el derecho a la protesta y, concretamente, contra las formas de acci\u00f3n del movimiento por la vivienda.<\/p>\n<p>Por un lado, en la definici\u00f3n del delito de des\u00f3rdenes p\u00fablicos (art. 557.1) se a\u00f1aden dos nuevos supuestos: la obstaculizaci\u00f3n de las v\u00edas p\u00fablicas, ocasionando un peligro para la vida o la salud de las personas y la invasi\u00f3n de instalaciones o edificios. Adem\u00e1s, la necesidad de que haya violencia o amenazas se cambia por violencia o intimidaci\u00f3n, un concepto m\u00e1s indeterminado y con peligrosas posibilidades de interpretaci\u00f3n.<\/p>\n<p>Por otro lado, se prev\u00e9 (art. 557 bis) que incluso \u201csin hacer uso de violencia o intimidaci\u00f3n\u201d se considere delito de des\u00f3rdenes p\u00fablicos la ocupaci\u00f3n de un domicilio, despacho, oficina, establecimiento o local de una persona jur\u00eddica, p\u00fablica o privada, aunque est\u00e9 abierto al p\u00fablico.<\/p>\n<p>Estos cambios abren la puerta a penalizar\u00a0formas de protesta pac\u00edfica\u00a0que hist\u00f3ricamente han sido utilizadas para luchar por derechos b\u00e1sicos como la educaci\u00f3n, la sanidad o los derechos laborales, y que hoy en d\u00eda contin\u00faan vigentes en los \u00e1mbitos del sindicalismo laboral, el movimiento por la vivienda, pero tambi\u00e9n en las movilizaciones feministas, antirracistas, por la libertad de expresi\u00f3n y en todos aquellos movimientos que luchan para conseguir mejoras sociales.<\/p>\n<p>\u00bfCu\u00e1ntas veces hemos tenido que entrar masivamente en una sede bancaria para exigir la negociaci\u00f3n de un alquiler social? \u00bfCu\u00e1ntas familias han conseguido la renovaci\u00f3n de sus contratos de alquiler gracias a la protesta pac\u00edfica en las oficinas de una inmobiliaria? \u00bfCu\u00e1ntos desahucios hemos conseguido parar con una movilizaci\u00f3n vecinal que ha invadido toda una calle?<\/p>\n<p>Desde el Sindicat de Llogateres, no podemos permitir la aprobaci\u00f3n de esta modificaci\u00f3n del C\u00f3digo Penal, que atenta directamente contra el derecho a la protesta y a la libertad de expresi\u00f3n. Tenemos muy claro que\u00a0la protesta pac\u00edfica y la movilizaci\u00f3n son las herramientas que cotidianamente nos permiten cambiar las relaciones de poder\u00a0entre quien abusa de nuestros derechos y especula con la vivienda y las que estamos organizadas y defendemos nuestros hogares. Por eso, nos pondremos a trabajar junto a otras organizaciones de defensa de derechos fundamentales para proteger el derecho a la protesta.<\/p>\n<p>El PSOE, Unidas Podemos y ERC tienen que dar marcha atr\u00e1s a la reforma del C\u00f3digo Penal. Adem\u00e1s, cabe recordar que el gobierno del Estado tiene que cumplir tambi\u00e9n con su palabra de derogar la Ley Mordaza y tiene que empezar a trabajar para proteger los derechos b\u00e1sicos de la poblaci\u00f3n, aprobando una ley estatal de vivienda que regule los alquileres y pare los desahucios.<\/p>","protected":false},"excerpt":{"rendered":"<p>Estos cambios abren la puerta a penalizar\u00a0formas de protesta pac\u00edfica\u00a0que hist\u00f3ricamente han sido utilizadas para luchar por derechos b\u00e1sicos<\/p>","protected":false},"author":328,"featured_media":50962,"comment_status":"open","ping_status":"closed","sticky":false,"template":"","format":"standard","meta":{"footnotes":""},"categories":[72],"tags":[],"class_list":["post-50960","post","type-post","status-publish","format-standard","has-post-thumbnail","hentry","category-opinion"],"yoast_head":"<!-- This site is optimized with the Yoast SEO plugin v27.5 - https:\/\/yoast.com\/product\/yoast-seo-wordpress\/ -->\n<title>La reforma del C\u00f3digo Penal amenaza el derecho a la protesta - Revista Rambla<\/title>\n<meta name=\"robots\" content=\"index, follow, max-snippet:-1, max-image-preview:large, max-video-preview:-1\" \/>\n<link rel=\"canonical\" href=\"https:\/\/www.revistarambla.com\/en\/la-reforma-del-codigo-penal-amenaza-el-derecho-a-la-protesta\/\" \/>\n<meta property=\"og:locale\" content=\"en_GB\" \/>\n<meta property=\"og:type\" content=\"article\" \/>\n<meta property=\"og:title\" content=\"La reforma del C\u00f3digo Penal amenaza el derecho a la protesta - Revista Rambla\" \/>\n<meta property=\"og:description\" content=\"Estos cambios abren la puerta a penalizar\u00a0formas de protesta pac\u00edfica\u00a0que hist\u00f3ricamente han sido utilizadas para luchar por derechos b\u00e1sicos\" \/>\n<meta property=\"og:url\" content=\"https:\/\/www.revistarambla.com\/en\/la-reforma-del-codigo-penal-amenaza-el-derecho-a-la-protesta\/\" \/>\n<meta property=\"og:site_name\" content=\"Revista Rambla\" \/>\n<meta property=\"article:publisher\" content=\"https:\/\/www.facebook.com\/revistarambla\/\" \/>\n<meta property=\"article:author\" content=\"https:\/\/www.facebook.com\/SindicatLloguer\/\" \/>\n<meta property=\"article:published_time\" content=\"2022-11-19T19:19:15+00:00\" \/>\n<meta property=\"og:image\" content=\"https:\/\/www.revistarambla.com\/wp-content\/uploads\/2022\/11\/Sindicat_de_Llogateres_-_llei_de_regulacio_del_preu_del_lloguer.jpg\" \/>\n\t<meta property=\"og:image:width\" content=\"975\" \/>\n\t<meta property=\"og:image:height\" content=\"650\" \/>\n\t<meta property=\"og:image:type\" content=\"image\/jpeg\" \/>\n<meta name=\"author\" content=\"Sindicat de Llogateres\" \/>\n<meta name=\"twitter:card\" content=\"summary_large_image\" \/>\n<meta name=\"twitter:creator\" content=\"@sindicatlloguer\" \/>\n<meta name=\"twitter:site\" content=\"@revistarambla\" \/>\n<meta name=\"twitter:label1\" content=\"Written by\" \/>\n\t<meta name=\"twitter:data1\" content=\"Sindicat de Llogateres\" \/>\n\t<meta name=\"twitter:label2\" content=\"Estimated reading time\" \/>\n\t<meta name=\"twitter:data2\" content=\"3 minutes\" \/>\n<script type=\"application\/ld+json\" class=\"yoast-schema-graph\">{\"@context\":\"https:\\\/\\\/schema.org\",\"@graph\":[{\"@type\":\"Article\",\"@id\":\"https:\\\/\\\/www.revistarambla.com\\\/la-reforma-del-codigo-penal-amenaza-el-derecho-a-la-protesta\\\/#article\",\"isPartOf\":{\"@id\":\"https:\\\/\\\/www.revistarambla.com\\\/la-reforma-del-codigo-penal-amenaza-el-derecho-a-la-protesta\\\/\"},\"author\":{\"name\":\"Sindicat de Llogateres\",\"@id\":\"https:\\\/\\\/www.revistarambla.com\\\/#\\\/schema\\\/person\\\/cdb47f1b20cae4529e0d80b9b620ee26\"},\"headline\":\"La reforma del C\u00f3digo Penal amenaza el derecho a la protesta\",\"datePublished\":\"2022-11-19T19:19:15+00:00\",\"mainEntityOfPage\":{\"@id\":\"https:\\\/\\\/www.revistarambla.com\\\/la-reforma-del-codigo-penal-amenaza-el-derecho-a-la-protesta\\\/\"},\"wordCount\":518,\"commentCount\":0,\"publisher\":{\"@id\":\"https:\\\/\\\/www.revistarambla.com\\\/#organization\"},\"image\":{\"@id\":\"https:\\\/\\\/www.revistarambla.com\\\/la-reforma-del-codigo-penal-amenaza-el-derecho-a-la-protesta\\\/#primaryimage\"},\"thumbnailUrl\":\"https:\\\/\\\/www.revistarambla.com\\\/wp-content\\\/uploads\\\/2022\\\/11\\\/Sindicat_de_Llogateres_-_llei_de_regulacio_del_preu_del_lloguer.jpg\",\"articleSection\":[\"Opiniones\"],\"inLanguage\":\"en-GB\",\"potentialAction\":[{\"@type\":\"CommentAction\",\"name\":\"Comment\",\"target\":[\"https:\\\/\\\/www.revistarambla.com\\\/la-reforma-del-codigo-penal-amenaza-el-derecho-a-la-protesta\\\/#respond\"]}]},{\"@type\":\"WebPage\",\"@id\":\"https:\\\/\\\/www.revistarambla.com\\\/la-reforma-del-codigo-penal-amenaza-el-derecho-a-la-protesta\\\/\",\"url\":\"https:\\\/\\\/www.revistarambla.com\\\/la-reforma-del-codigo-penal-amenaza-el-derecho-a-la-protesta\\\/\",\"name\":\"La reforma del C\u00f3digo Penal amenaza el derecho a la protesta - Revista Rambla\",\"isPartOf\":{\"@id\":\"https:\\\/\\\/www.revistarambla.com\\\/#website\"},\"primaryImageOfPage\":{\"@id\":\"https:\\\/\\\/www.revistarambla.com\\\/la-reforma-del-codigo-penal-amenaza-el-derecho-a-la-protesta\\\/#primaryimage\"},\"image\":{\"@id\":\"https:\\\/\\\/www.revistarambla.com\\\/la-reforma-del-codigo-penal-amenaza-el-derecho-a-la-protesta\\\/#primaryimage\"},\"thumbnailUrl\":\"https:\\\/\\\/www.revistarambla.com\\\/wp-content\\\/uploads\\\/2022\\\/11\\\/Sindicat_de_Llogateres_-_llei_de_regulacio_del_preu_del_lloguer.jpg\",\"datePublished\":\"2022-11-19T19:19:15+00:00\",\"breadcrumb\":{\"@id\":\"https:\\\/\\\/www.revistarambla.com\\\/la-reforma-del-codigo-penal-amenaza-el-derecho-a-la-protesta\\\/#breadcrumb\"},\"inLanguage\":\"en-GB\",\"potentialAction\":[{\"@type\":\"ReadAction\",\"target\":[\"https:\\\/\\\/www.revistarambla.com\\\/la-reforma-del-codigo-penal-amenaza-el-derecho-a-la-protesta\\\/\"]}]},{\"@type\":\"ImageObject\",\"inLanguage\":\"en-GB\",\"@id\":\"https:\\\/\\\/www.revistarambla.com\\\/la-reforma-del-codigo-penal-amenaza-el-derecho-a-la-protesta\\\/#primaryimage\",\"url\":\"https:\\\/\\\/www.revistarambla.com\\\/wp-content\\\/uploads\\\/2022\\\/11\\\/Sindicat_de_Llogateres_-_llei_de_regulacio_del_preu_del_lloguer.jpg\",\"contentUrl\":\"https:\\\/\\\/www.revistarambla.com\\\/wp-content\\\/uploads\\\/2022\\\/11\\\/Sindicat_de_Llogateres_-_llei_de_regulacio_del_preu_del_lloguer.jpg\",\"width\":975,\"height\":650},{\"@type\":\"BreadcrumbList\",\"@id\":\"https:\\\/\\\/www.revistarambla.com\\\/la-reforma-del-codigo-penal-amenaza-el-derecho-a-la-protesta\\\/#breadcrumb\",\"itemListElement\":[{\"@type\":\"ListItem\",\"position\":1,\"name\":\"Portada\",\"item\":\"https:\\\/\\\/www.revistarambla.com\\\/\"},{\"@type\":\"ListItem\",\"position\":2,\"name\":\"La reforma del C\u00f3digo Penal amenaza el derecho a la protesta\"}]},{\"@type\":\"WebSite\",\"@id\":\"https:\\\/\\\/www.revistarambla.com\\\/#website\",\"url\":\"https:\\\/\\\/www.revistarambla.com\\\/\",\"name\":\"Revista Rambla Barcelona\",\"description\":\"Periodismo independiente\",\"publisher\":{\"@id\":\"https:\\\/\\\/www.revistarambla.com\\\/#organization\"},\"potentialAction\":[{\"@type\":\"SearchAction\",\"target\":{\"@type\":\"EntryPoint\",\"urlTemplate\":\"https:\\\/\\\/www.revistarambla.com\\\/?s={search_term_string}\"},\"query-input\":{\"@type\":\"PropertyValueSpecification\",\"valueRequired\":true,\"valueName\":\"search_term_string\"}}],\"inLanguage\":\"en-GB\"},{\"@type\":\"Organization\",\"@id\":\"https:\\\/\\\/www.revistarambla.com\\\/#organization\",\"name\":\"Revista Rambla\",\"url\":\"https:\\\/\\\/www.revistarambla.com\\\/\",\"logo\":{\"@type\":\"ImageObject\",\"inLanguage\":\"en-GB\",\"@id\":\"https:\\\/\\\/www.revistarambla.com\\\/#\\\/schema\\\/logo\\\/image\\\/\",\"url\":\"https:\\\/\\\/www.revistarambla.com\\\/wp-content\\\/uploads\\\/2020\\\/09\\\/banner_rambla_1900x600_BB.png\",\"contentUrl\":\"https:\\\/\\\/www.revistarambla.com\\\/wp-content\\\/uploads\\\/2020\\\/09\\\/banner_rambla_1900x600_BB.png\",\"width\":1900,\"height\":600,\"caption\":\"Revista Rambla\"},\"image\":{\"@id\":\"https:\\\/\\\/www.revistarambla.com\\\/#\\\/schema\\\/logo\\\/image\\\/\"},\"sameAs\":[\"https:\\\/\\\/www.facebook.com\\\/revistarambla\\\/\",\"https:\\\/\\\/x.com\\\/revistarambla\",\"https:\\\/\\\/www.instagram.com\\\/revista_rambla\",\"https:\\\/\\\/es.linkedin.com\\\/company\\\/revista-rambla\"]},{\"@type\":\"Person\",\"@id\":\"https:\\\/\\\/www.revistarambla.com\\\/#\\\/schema\\\/person\\\/cdb47f1b20cae4529e0d80b9b620ee26\",\"name\":\"Sindicat de Llogateres\",\"description\":\"Protegim el dret a l'habitatge. Millorem la vida de la gent. Ajuda'ns a seguir canviant les coses i suma-t'hi.\",\"sameAs\":[\"http:\\\/\\\/sindicatdellogateres.org\\\/\",\"https:\\\/\\\/www.facebook.com\\\/SindicatLloguer\\\/\",\"https:\\\/\\\/x.com\\\/sindicatlloguer\"]}]}<\/script>\n<!-- \/ Yoast SEO plugin. -->","yoast_head_json":{"title":"La reforma del C\u00f3digo Penal amenaza el derecho a la protesta - Revista Rambla","robots":{"index":"index","follow":"follow","max-snippet":"max-snippet:-1","max-image-preview":"max-image-preview:large","max-video-preview":"max-video-preview:-1"},"canonical":"https:\/\/www.revistarambla.com\/en\/la-reforma-del-codigo-penal-amenaza-el-derecho-a-la-protesta\/","og_locale":"en_GB","og_type":"article","og_title":"La reforma del C\u00f3digo Penal amenaza el derecho a la protesta - Revista Rambla","og_description":"Estos cambios abren la puerta a penalizar\u00a0formas de protesta pac\u00edfica\u00a0que hist\u00f3ricamente han sido utilizadas para luchar por derechos b\u00e1sicos","og_url":"https:\/\/www.revistarambla.com\/en\/la-reforma-del-codigo-penal-amenaza-el-derecho-a-la-protesta\/","og_site_name":"Revista Rambla","article_publisher":"https:\/\/www.facebook.com\/revistarambla\/","article_author":"https:\/\/www.facebook.com\/SindicatLloguer\/","article_published_time":"2022-11-19T19:19:15+00:00","og_image":[{"width":975,"height":650,"url":"https:\/\/www.revistarambla.com\/wp-content\/uploads\/2022\/11\/Sindicat_de_Llogateres_-_llei_de_regulacio_del_preu_del_lloguer.jpg","type":"image\/jpeg"}],"author":"Sindicat de Llogateres","twitter_card":"summary_large_image","twitter_creator":"@sindicatlloguer","twitter_site":"@revistarambla","twitter_misc":{"Written by":"Sindicat de Llogateres","Estimated reading time":"3 minutes"},"schema":{"@context":"https:\/\/schema.org","@graph":[{"@type":"Article","@id":"https:\/\/www.revistarambla.com\/la-reforma-del-codigo-penal-amenaza-el-derecho-a-la-protesta\/#article","isPartOf":{"@id":"https:\/\/www.revistarambla.com\/la-reforma-del-codigo-penal-amenaza-el-derecho-a-la-protesta\/"},"author":{"name":"Sindicat de Llogateres","@id":"https:\/\/www.revistarambla.com\/#\/schema\/person\/cdb47f1b20cae4529e0d80b9b620ee26"},"headline":"La reforma del C\u00f3digo Penal amenaza el derecho a la protesta","datePublished":"2022-11-19T19:19:15+00:00","mainEntityOfPage":{"@id":"https:\/\/www.revistarambla.com\/la-reforma-del-codigo-penal-amenaza-el-derecho-a-la-protesta\/"},"wordCount":518,"commentCount":0,"publisher":{"@id":"https:\/\/www.revistarambla.com\/#organization"},"image":{"@id":"https:\/\/www.revistarambla.com\/la-reforma-del-codigo-penal-amenaza-el-derecho-a-la-protesta\/#primaryimage"},"thumbnailUrl":"https:\/\/www.revistarambla.com\/wp-content\/uploads\/2022\/11\/Sindicat_de_Llogateres_-_llei_de_regulacio_del_preu_del_lloguer.jpg","articleSection":["Opiniones"],"inLanguage":"en-GB","potentialAction":[{"@type":"CommentAction","name":"Comment","target":["https:\/\/www.revistarambla.com\/la-reforma-del-codigo-penal-amenaza-el-derecho-a-la-protesta\/#respond"]}]},{"@type":"WebPage","@id":"https:\/\/www.revistarambla.com\/la-reforma-del-codigo-penal-amenaza-el-derecho-a-la-protesta\/","url":"https:\/\/www.revistarambla.com\/la-reforma-del-codigo-penal-amenaza-el-derecho-a-la-protesta\/","name":"La reforma del C\u00f3digo Penal amenaza el derecho a la protesta - Revista Rambla","isPartOf":{"@id":"https:\/\/www.revistarambla.com\/#website"},"primaryImageOfPage":{"@id":"https:\/\/www.revistarambla.com\/la-reforma-del-codigo-penal-amenaza-el-derecho-a-la-protesta\/#primaryimage"},"image":{"@id":"https:\/\/www.revistarambla.com\/la-reforma-del-codigo-penal-amenaza-el-derecho-a-la-protesta\/#primaryimage"},"thumbnailUrl":"https:\/\/www.revistarambla.com\/wp-content\/uploads\/2022\/11\/Sindicat_de_Llogateres_-_llei_de_regulacio_del_preu_del_lloguer.jpg","datePublished":"2022-11-19T19:19:15+00:00","breadcrumb":{"@id":"https:\/\/www.revistarambla.com\/la-reforma-del-codigo-penal-amenaza-el-derecho-a-la-protesta\/#breadcrumb"},"inLanguage":"en-GB","potentialAction":[{"@type":"ReadAction","target":["https:\/\/www.revistarambla.com\/la-reforma-del-codigo-penal-amenaza-el-derecho-a-la-protesta\/"]}]},{"@type":"ImageObject","inLanguage":"en-GB","@id":"https:\/\/www.revistarambla.com\/la-reforma-del-codigo-penal-amenaza-el-derecho-a-la-protesta\/#primaryimage","url":"https:\/\/www.revistarambla.com\/wp-content\/uploads\/2022\/11\/Sindicat_de_Llogateres_-_llei_de_regulacio_del_preu_del_lloguer.jpg","contentUrl":"https:\/\/www.revistarambla.com\/wp-content\/uploads\/2022\/11\/Sindicat_de_Llogateres_-_llei_de_regulacio_del_preu_del_lloguer.jpg","width":975,"height":650},{"@type":"BreadcrumbList","@id":"https:\/\/www.revistarambla.com\/la-reforma-del-codigo-penal-amenaza-el-derecho-a-la-protesta\/#breadcrumb","itemListElement":[{"@type":"ListItem","position":1,"name":"Portada","item":"https:\/\/www.revistarambla.com\/"},{"@type":"ListItem","position":2,"name":"La reforma del C\u00f3digo Penal amenaza el derecho a la protesta"}]},{"@type":"WebSite","@id":"https:\/\/www.revistarambla.com\/#website","url":"https:\/\/www.revistarambla.com\/","name":"Revista Rambla Barcelona","description":"Periodismo independiente","publisher":{"@id":"https:\/\/www.revistarambla.com\/#organization"},"potentialAction":[{"@type":"SearchAction","target":{"@type":"EntryPoint","urlTemplate":"https:\/\/www.revistarambla.com\/?s={search_term_string}"},"query-input":{"@type":"PropertyValueSpecification","valueRequired":true,"valueName":"search_term_string"}}],"inLanguage":"en-GB"},{"@type":"Organization","@id":"https:\/\/www.revistarambla.com\/#organization","name":"Revista Rambla","url":"https:\/\/www.revistarambla.com\/","logo":{"@type":"ImageObject","inLanguage":"en-GB","@id":"https:\/\/www.revistarambla.com\/#\/schema\/logo\/image\/","url":"https:\/\/www.revistarambla.com\/wp-content\/uploads\/2020\/09\/banner_rambla_1900x600_BB.png","contentUrl":"https:\/\/www.revistarambla.com\/wp-content\/uploads\/2020\/09\/banner_rambla_1900x600_BB.png","width":1900,"height":600,"caption":"Revista Rambla"},"image":{"@id":"https:\/\/www.revistarambla.com\/#\/schema\/logo\/image\/"},"sameAs":["https:\/\/www.facebook.com\/revistarambla\/","https:\/\/x.com\/revistarambla","https:\/\/www.instagram.com\/revista_rambla","https:\/\/es.linkedin.com\/company\/revista-rambla"]},{"@type":"Person","@id":"https:\/\/www.revistarambla.com\/#\/schema\/person\/cdb47f1b20cae4529e0d80b9b620ee26","name":"Sindicat de Llogateres","description":"Protegim el dret a l'habitatge. Millorem la vida de la gent. Ajuda'ns a seguir canviant les coses i suma-t'hi.","sameAs":["http:\/\/sindicatdellogateres.org\/","https:\/\/www.facebook.com\/SindicatLloguer\/","https:\/\/x.com\/sindicatlloguer"]}]}},"_links":{"self":[{"href":"https:\/\/www.revistarambla.com\/en\/wp-json\/wp\/v2\/posts\/50960","targetHints":{"allow":["GET"]}}],"collection":[{"href":"https:\/\/www.revistarambla.com\/en\/wp-json\/wp\/v2\/posts"}],"about":[{"href":"https:\/\/www.revistarambla.com\/en\/wp-json\/wp\/v2\/types\/post"}],"author":[{"embeddable":true,"href":"https:\/\/www.revistarambla.com\/en\/wp-json\/wp\/v2\/users\/328"}],"replies":[{"embeddable":true,"href":"https:\/\/www.revistarambla.com\/en\/wp-json\/wp\/v2\/comments?post=50960"}],"version-history":[{"count":1,"href":"https:\/\/www.revistarambla.com\/en\/wp-json\/wp\/v2\/posts\/50960\/revisions"}],"predecessor-version":[{"id":50961,"href":"https:\/\/www.revistarambla.com\/en\/wp-json\/wp\/v2\/posts\/50960\/revisions\/50961"}],"wp:featuredmedia":[{"embeddable":true,"href":"https:\/\/www.revistarambla.com\/en\/wp-json\/wp\/v2\/media\/50962"}],"wp:attachment":[{"href":"https:\/\/www.revistarambla.com\/en\/wp-json\/wp\/v2\/media?parent=50960"}],"wp:term":[{"taxonomy":"category","embeddable":true,"href":"https:\/\/www.revistarambla.com\/en\/wp-json\/wp\/v2\/categories?post=50960"},{"taxonomy":"post_tag","embeddable":true,"href":"https:\/\/www.revistarambla.com\/en\/wp-json\/wp\/v2\/tags?post=50960"}],"curies":[{"name":"wp","href":"https:\/\/api.w.org\/{rel}","templated":true}]}}