{"id":50846,"date":"2022-11-15T20:27:38","date_gmt":"2022-11-15T19:27:38","guid":{"rendered":"https:\/\/www.revistarambla.com\/?p=50846"},"modified":"2022-11-15T20:32:33","modified_gmt":"2022-11-15T19:32:33","slug":"albert-batlle-vincula-la-cultura-de-la-navaja-a-la-inmigracion-pero-se-olvida-del-vaquilla-o-el-torete","status":"publish","type":"post","link":"https:\/\/www.revistarambla.com\/en\/albert-batlle-vincula-la-cultura-de-la-navaja-a-la-inmigracion-pero-se-olvida-del-vaquilla-o-el-torete\/","title":{"rendered":"Albert Batlle vincula \u00abla cultura de la navaja\u00bb a la inmigraci\u00f3n, pero se olvida del Vaquilla o el Torete"},"content":{"rendered":"<p>Albert Batlle siempre ha tenido esa pose de comisario casposo que act\u00faa cobardemente en la sombra, al estilo de Miquel Badia. Hace casi cuarenta a\u00f1os que vive de sueldos p\u00fablicos <!--more-->(Diputaci\u00f3n, Ayuntamiento, Generalitat), principalmente otorgados por el PSC, pero tambi\u00e9n por CiU (fue jefe de los Mossos del 2014 al 2017). Actualmente, es quinto teniente de alcalde de Prevenci\u00f3n y Seguridad del Ayuntamiento de Barcelona, bajo la militancia en Units per Avan\u00e7ar. Como ya lo defini\u00f3 <em>El Independiente<\/em>, se trata de \u00abun socialdem\u00f3crata de misa dominical\u00bb.<\/p>\n<p>La semana pasada tuvo la feliz idea de lanzar un discurso xen\u00f3fobo en TV3, vinculando delincuencia e inmigraci\u00f3n. En un <em>speach<\/em> sacado del programa de Vox, asegur\u00f3 que \u00abla cultura de la navaja es una tradici\u00f3n importada de otros pa\u00edses\u00bb. Puede que la ignorancia de sus palabras ofendieran hoy a los <em>quinquistars<\/em> de los setenta y ochenta, v\u00e9ase el Vaquilla o el Torete, c\u00e9lebres figuras del escapismo, burlones de la polic\u00eda y aut\u00e9nticos ases del <em>balisong<\/em> filipino.<\/p>\n<h2>La CUP exige su destituci\u00f3n<\/h2>\n<p>Volviendo al tema que nos ocupa, hoy la CUP ha pedido encarecidamente su destituci\u00f3n. En un comunicado recuerdan como la Guardia Urbana de Barcelona, bajo el mando de Batlle, realiza indiscriminadamente identificaciones motivadas por el color de la piel, un \u00abproblema end\u00e9mico\u00bb en el estado espa\u00f1ol, seg\u00fan constat\u00f3 la ONU.<\/p>\n<p>La CUP tambi\u00e9n pone de manifiesto como Batlle encubri\u00f3 a un agente de la Urbana que dispar\u00f3 contra una persona sin hogar en 2018, culpando a la v\u00edctima de propiciar que la polic\u00eda le disparara. En 2019, Batlle tambi\u00e9n plante\u00f3 lo que \u00e9l llam\u00f3 \u00abel retorno asistido\u00bb de menores no acompa\u00f1ados, cuando en realidad quer\u00eda decir deportaciones masivas.<\/p>\n<p>Lo que la CUP plantea, aparte de la destituci\u00f3n de Batlle, es el cambio radical del modelo policial que en muchas ocasiones termina culpabilizando a la v\u00edctima y criminalizando a la pobreza. Adem\u00e1s, destacan un hecho que con los a\u00f1os ha ido a peor: vivimos en un aut\u00e9ntico estado policial, constantemente vigilados por unos agentes mal preparados. Por eso, reclaman \u00abla construcci\u00f3n de un modelo de convivencia y seguridad basado en el combate de las desigualdades, la prevenci\u00f3n y la garant\u00eda de derechos\u00bb.<\/p>","protected":false},"excerpt":{"rendered":"<p>Tras un trienio en los Mossos, Batlle ha ido a peor. Tildado por la prensa de \u00absocialdem\u00f3crata de misa dominical\u00bb, sus discursos se han convertido en borradores de Vox. Como contrapartida, la CUP exige su destituci\u00f3n y la construcci\u00f3n de un nuevo modelo policial<\/p>","protected":false},"author":3,"featured_media":50848,"comment_status":"open","ping_status":"closed","sticky":false,"template":"","format":"standard","meta":{"footnotes":""},"categories":[76],"tags":[],"class_list":["post-50846","post","type-post","status-publish","format-standard","has-post-thumbnail","hentry","category-barcelona"],"yoast_head":"<!-- This site is optimized with the Yoast SEO plugin v27.5 - https:\/\/yoast.com\/product\/yoast-seo-wordpress\/ -->\n<title>Albert Batlle vincula &quot;la cultura de la navaja&quot; a la inmigraci\u00f3n, pero se olvida del Vaquilla o el Torete - Revista Rambla<\/title>\n<meta name=\"robots\" content=\"index, follow, max-snippet:-1, max-image-preview:large, max-video-preview:-1\" \/>\n<link rel=\"canonical\" href=\"https:\/\/www.revistarambla.com\/en\/albert-batlle-vincula-la-cultura-de-la-navaja-a-la-inmigracion-pero-se-olvida-del-vaquilla-o-el-torete\/\" \/>\n<meta property=\"og:locale\" content=\"en_GB\" \/>\n<meta property=\"og:type\" content=\"article\" \/>\n<meta property=\"og:title\" content=\"Albert Batlle vincula &quot;la cultura de la navaja&quot; a la inmigraci\u00f3n, pero se olvida del Vaquilla o el Torete - Revista Rambla\" \/>\n<meta property=\"og:description\" content=\"Tras un trienio en los Mossos, Batlle ha ido a peor. Tildado por la prensa de &quot;socialdem\u00f3crata de misa dominical&quot;, sus discursos se han convertido en borradores de Vox. Como contrapartida, la CUP exige su destituci\u00f3n y la construcci\u00f3n de un nuevo modelo policial\" \/>\n<meta property=\"og:url\" content=\"https:\/\/www.revistarambla.com\/en\/albert-batlle-vincula-la-cultura-de-la-navaja-a-la-inmigracion-pero-se-olvida-del-vaquilla-o-el-torete\/\" \/>\n<meta property=\"og:site_name\" content=\"Revista Rambla\" \/>\n<meta property=\"article:publisher\" content=\"https:\/\/www.facebook.com\/revistarambla\/\" \/>\n<meta property=\"article:author\" content=\"https:\/\/www.facebook.com\/revistarambla\" \/>\n<meta property=\"article:published_time\" content=\"2022-11-15T19:27:38+00:00\" \/>\n<meta property=\"article:modified_time\" content=\"2022-11-15T19:32:33+00:00\" \/>\n<meta property=\"og:image\" content=\"https:\/\/www.revistarambla.com\/wp-content\/uploads\/2022\/11\/albert-batlle.jpg\" \/>\n\t<meta property=\"og:image:width\" content=\"1280\" \/>\n\t<meta property=\"og:image:height\" content=\"853\" \/>\n\t<meta property=\"og:image:type\" content=\"image\/jpeg\" \/>\n<meta name=\"author\" content=\"R@mbla\" \/>\n<meta name=\"twitter:card\" content=\"summary_large_image\" \/>\n<meta name=\"twitter:creator\" content=\"@revistarambla\" \/>\n<meta name=\"twitter:site\" content=\"@revistarambla\" \/>\n<meta name=\"twitter:label1\" content=\"Written by\" \/>\n\t<meta name=\"twitter:data1\" content=\"R@mbla\" \/>\n\t<meta name=\"twitter:label2\" content=\"Estimated reading time\" \/>\n\t<meta name=\"twitter:data2\" content=\"2 minutes\" \/>\n<script type=\"application\/ld+json\" class=\"yoast-schema-graph\">{\"@context\":\"https:\\\/\\\/schema.org\",\"@graph\":[{\"@type\":\"Article\",\"@id\":\"https:\\\/\\\/www.revistarambla.com\\\/albert-batlle-vincula-la-cultura-de-la-navaja-a-la-inmigracion-pero-se-olvida-del-vaquilla-o-el-torete\\\/#article\",\"isPartOf\":{\"@id\":\"https:\\\/\\\/www.revistarambla.com\\\/albert-batlle-vincula-la-cultura-de-la-navaja-a-la-inmigracion-pero-se-olvida-del-vaquilla-o-el-torete\\\/\"},\"author\":{\"name\":\"R@mbla\",\"@id\":\"https:\\\/\\\/www.revistarambla.com\\\/#\\\/schema\\\/person\\\/a146a5a2550b94981a75131180e1bd9c\"},\"headline\":\"Albert Batlle vincula \u00abla cultura de la navaja\u00bb a la inmigraci\u00f3n, pero se olvida del Vaquilla o el Torete\",\"datePublished\":\"2022-11-15T19:27:38+00:00\",\"dateModified\":\"2022-11-15T19:32:33+00:00\",\"mainEntityOfPage\":{\"@id\":\"https:\\\/\\\/www.revistarambla.com\\\/albert-batlle-vincula-la-cultura-de-la-navaja-a-la-inmigracion-pero-se-olvida-del-vaquilla-o-el-torete\\\/\"},\"wordCount\":410,\"commentCount\":0,\"publisher\":{\"@id\":\"https:\\\/\\\/www.revistarambla.com\\\/#organization\"},\"image\":{\"@id\":\"https:\\\/\\\/www.revistarambla.com\\\/albert-batlle-vincula-la-cultura-de-la-navaja-a-la-inmigracion-pero-se-olvida-del-vaquilla-o-el-torete\\\/#primaryimage\"},\"thumbnailUrl\":\"https:\\\/\\\/www.revistarambla.com\\\/wp-content\\\/uploads\\\/2022\\\/11\\\/albert-batlle.jpg\",\"articleSection\":[\"Barcelona\"],\"inLanguage\":\"en-GB\",\"potentialAction\":[{\"@type\":\"CommentAction\",\"name\":\"Comment\",\"target\":[\"https:\\\/\\\/www.revistarambla.com\\\/albert-batlle-vincula-la-cultura-de-la-navaja-a-la-inmigracion-pero-se-olvida-del-vaquilla-o-el-torete\\\/#respond\"]}]},{\"@type\":\"WebPage\",\"@id\":\"https:\\\/\\\/www.revistarambla.com\\\/albert-batlle-vincula-la-cultura-de-la-navaja-a-la-inmigracion-pero-se-olvida-del-vaquilla-o-el-torete\\\/\",\"url\":\"https:\\\/\\\/www.revistarambla.com\\\/albert-batlle-vincula-la-cultura-de-la-navaja-a-la-inmigracion-pero-se-olvida-del-vaquilla-o-el-torete\\\/\",\"name\":\"Albert Batlle vincula \\\"la cultura de la navaja\\\" a la inmigraci\u00f3n, pero se olvida del Vaquilla o el Torete - Revista Rambla\",\"isPartOf\":{\"@id\":\"https:\\\/\\\/www.revistarambla.com\\\/#website\"},\"primaryImageOfPage\":{\"@id\":\"https:\\\/\\\/www.revistarambla.com\\\/albert-batlle-vincula-la-cultura-de-la-navaja-a-la-inmigracion-pero-se-olvida-del-vaquilla-o-el-torete\\\/#primaryimage\"},\"image\":{\"@id\":\"https:\\\/\\\/www.revistarambla.com\\\/albert-batlle-vincula-la-cultura-de-la-navaja-a-la-inmigracion-pero-se-olvida-del-vaquilla-o-el-torete\\\/#primaryimage\"},\"thumbnailUrl\":\"https:\\\/\\\/www.revistarambla.com\\\/wp-content\\\/uploads\\\/2022\\\/11\\\/albert-batlle.jpg\",\"datePublished\":\"2022-11-15T19:27:38+00:00\",\"dateModified\":\"2022-11-15T19:32:33+00:00\",\"breadcrumb\":{\"@id\":\"https:\\\/\\\/www.revistarambla.com\\\/albert-batlle-vincula-la-cultura-de-la-navaja-a-la-inmigracion-pero-se-olvida-del-vaquilla-o-el-torete\\\/#breadcrumb\"},\"inLanguage\":\"en-GB\",\"potentialAction\":[{\"@type\":\"ReadAction\",\"target\":[\"https:\\\/\\\/www.revistarambla.com\\\/albert-batlle-vincula-la-cultura-de-la-navaja-a-la-inmigracion-pero-se-olvida-del-vaquilla-o-el-torete\\\/\"]}]},{\"@type\":\"ImageObject\",\"inLanguage\":\"en-GB\",\"@id\":\"https:\\\/\\\/www.revistarambla.com\\\/albert-batlle-vincula-la-cultura-de-la-navaja-a-la-inmigracion-pero-se-olvida-del-vaquilla-o-el-torete\\\/#primaryimage\",\"url\":\"https:\\\/\\\/www.revistarambla.com\\\/wp-content\\\/uploads\\\/2022\\\/11\\\/albert-batlle.jpg\",\"contentUrl\":\"https:\\\/\\\/www.revistarambla.com\\\/wp-content\\\/uploads\\\/2022\\\/11\\\/albert-batlle.jpg\",\"width\":1280,\"height\":853},{\"@type\":\"BreadcrumbList\",\"@id\":\"https:\\\/\\\/www.revistarambla.com\\\/albert-batlle-vincula-la-cultura-de-la-navaja-a-la-inmigracion-pero-se-olvida-del-vaquilla-o-el-torete\\\/#breadcrumb\",\"itemListElement\":[{\"@type\":\"ListItem\",\"position\":1,\"name\":\"Portada\",\"item\":\"https:\\\/\\\/www.revistarambla.com\\\/\"},{\"@type\":\"ListItem\",\"position\":2,\"name\":\"Albert Batlle vincula \u00abla cultura de la navaja\u00bb a la inmigraci\u00f3n, pero se olvida del Vaquilla o el Torete\"}]},{\"@type\":\"WebSite\",\"@id\":\"https:\\\/\\\/www.revistarambla.com\\\/#website\",\"url\":\"https:\\\/\\\/www.revistarambla.com\\\/\",\"name\":\"Revista Rambla Barcelona\",\"description\":\"Periodismo independiente\",\"publisher\":{\"@id\":\"https:\\\/\\\/www.revistarambla.com\\\/#organization\"},\"potentialAction\":[{\"@type\":\"SearchAction\",\"target\":{\"@type\":\"EntryPoint\",\"urlTemplate\":\"https:\\\/\\\/www.revistarambla.com\\\/?s={search_term_string}\"},\"query-input\":{\"@type\":\"PropertyValueSpecification\",\"valueRequired\":true,\"valueName\":\"search_term_string\"}}],\"inLanguage\":\"en-GB\"},{\"@type\":\"Organization\",\"@id\":\"https:\\\/\\\/www.revistarambla.com\\\/#organization\",\"name\":\"Revista Rambla\",\"url\":\"https:\\\/\\\/www.revistarambla.com\\\/\",\"logo\":{\"@type\":\"ImageObject\",\"inLanguage\":\"en-GB\",\"@id\":\"https:\\\/\\\/www.revistarambla.com\\\/#\\\/schema\\\/logo\\\/image\\\/\",\"url\":\"https:\\\/\\\/www.revistarambla.com\\\/wp-content\\\/uploads\\\/2020\\\/09\\\/banner_rambla_1900x600_BB.png\",\"contentUrl\":\"https:\\\/\\\/www.revistarambla.com\\\/wp-content\\\/uploads\\\/2020\\\/09\\\/banner_rambla_1900x600_BB.png\",\"width\":1900,\"height\":600,\"caption\":\"Revista Rambla\"},\"image\":{\"@id\":\"https:\\\/\\\/www.revistarambla.com\\\/#\\\/schema\\\/logo\\\/image\\\/\"},\"sameAs\":[\"https:\\\/\\\/www.facebook.com\\\/revistarambla\\\/\",\"https:\\\/\\\/x.com\\\/revistarambla\",\"https:\\\/\\\/www.instagram.com\\\/revista_rambla\",\"https:\\\/\\\/es.linkedin.com\\\/company\\\/revista-rambla\"]},{\"@type\":\"Person\",\"@id\":\"https:\\\/\\\/www.revistarambla.com\\\/#\\\/schema\\\/person\\\/a146a5a2550b94981a75131180e1bd9c\",\"name\":\"R@mbla\",\"description\":\"Este art\u00edculo ha sido redactado y\\\/o validado por el equipo de redacci\u00f3n de Revista Rambla.\",\"sameAs\":[\"https:\\\/\\\/www.revistarambla.com\\\/\",\"https:\\\/\\\/www.facebook.com\\\/revistarambla\",\"https:\\\/\\\/x.com\\\/revistarambla\"]}]}<\/script>\n<!-- \/ Yoast SEO plugin. -->","yoast_head_json":{"title":"Albert Batlle vincula \"la cultura de la navaja\" a la inmigraci\u00f3n, pero se olvida del Vaquilla o el Torete - Revista Rambla","robots":{"index":"index","follow":"follow","max-snippet":"max-snippet:-1","max-image-preview":"max-image-preview:large","max-video-preview":"max-video-preview:-1"},"canonical":"https:\/\/www.revistarambla.com\/en\/albert-batlle-vincula-la-cultura-de-la-navaja-a-la-inmigracion-pero-se-olvida-del-vaquilla-o-el-torete\/","og_locale":"en_GB","og_type":"article","og_title":"Albert Batlle vincula \"la cultura de la navaja\" a la inmigraci\u00f3n, pero se olvida del Vaquilla o el Torete - Revista Rambla","og_description":"Tras un trienio en los Mossos, Batlle ha ido a peor. Tildado por la prensa de \"socialdem\u00f3crata de misa dominical\", sus discursos se han convertido en borradores de Vox. Como contrapartida, la CUP exige su destituci\u00f3n y la construcci\u00f3n de un nuevo modelo policial","og_url":"https:\/\/www.revistarambla.com\/en\/albert-batlle-vincula-la-cultura-de-la-navaja-a-la-inmigracion-pero-se-olvida-del-vaquilla-o-el-torete\/","og_site_name":"Revista Rambla","article_publisher":"https:\/\/www.facebook.com\/revistarambla\/","article_author":"https:\/\/www.facebook.com\/revistarambla","article_published_time":"2022-11-15T19:27:38+00:00","article_modified_time":"2022-11-15T19:32:33+00:00","og_image":[{"width":1280,"height":853,"url":"https:\/\/www.revistarambla.com\/wp-content\/uploads\/2022\/11\/albert-batlle.jpg","type":"image\/jpeg"}],"author":"R@mbla","twitter_card":"summary_large_image","twitter_creator":"@revistarambla","twitter_site":"@revistarambla","twitter_misc":{"Written by":"R@mbla","Estimated reading time":"2 minutes"},"schema":{"@context":"https:\/\/schema.org","@graph":[{"@type":"Article","@id":"https:\/\/www.revistarambla.com\/albert-batlle-vincula-la-cultura-de-la-navaja-a-la-inmigracion-pero-se-olvida-del-vaquilla-o-el-torete\/#article","isPartOf":{"@id":"https:\/\/www.revistarambla.com\/albert-batlle-vincula-la-cultura-de-la-navaja-a-la-inmigracion-pero-se-olvida-del-vaquilla-o-el-torete\/"},"author":{"name":"R@mbla","@id":"https:\/\/www.revistarambla.com\/#\/schema\/person\/a146a5a2550b94981a75131180e1bd9c"},"headline":"Albert Batlle vincula \u00abla cultura de la navaja\u00bb a la inmigraci\u00f3n, pero se olvida del Vaquilla o el Torete","datePublished":"2022-11-15T19:27:38+00:00","dateModified":"2022-11-15T19:32:33+00:00","mainEntityOfPage":{"@id":"https:\/\/www.revistarambla.com\/albert-batlle-vincula-la-cultura-de-la-navaja-a-la-inmigracion-pero-se-olvida-del-vaquilla-o-el-torete\/"},"wordCount":410,"commentCount":0,"publisher":{"@id":"https:\/\/www.revistarambla.com\/#organization"},"image":{"@id":"https:\/\/www.revistarambla.com\/albert-batlle-vincula-la-cultura-de-la-navaja-a-la-inmigracion-pero-se-olvida-del-vaquilla-o-el-torete\/#primaryimage"},"thumbnailUrl":"https:\/\/www.revistarambla.com\/wp-content\/uploads\/2022\/11\/albert-batlle.jpg","articleSection":["Barcelona"],"inLanguage":"en-GB","potentialAction":[{"@type":"CommentAction","name":"Comment","target":["https:\/\/www.revistarambla.com\/albert-batlle-vincula-la-cultura-de-la-navaja-a-la-inmigracion-pero-se-olvida-del-vaquilla-o-el-torete\/#respond"]}]},{"@type":"WebPage","@id":"https:\/\/www.revistarambla.com\/albert-batlle-vincula-la-cultura-de-la-navaja-a-la-inmigracion-pero-se-olvida-del-vaquilla-o-el-torete\/","url":"https:\/\/www.revistarambla.com\/albert-batlle-vincula-la-cultura-de-la-navaja-a-la-inmigracion-pero-se-olvida-del-vaquilla-o-el-torete\/","name":"Albert Batlle vincula \"la cultura de la navaja\" a la inmigraci\u00f3n, pero se olvida del Vaquilla o el Torete - Revista Rambla","isPartOf":{"@id":"https:\/\/www.revistarambla.com\/#website"},"primaryImageOfPage":{"@id":"https:\/\/www.revistarambla.com\/albert-batlle-vincula-la-cultura-de-la-navaja-a-la-inmigracion-pero-se-olvida-del-vaquilla-o-el-torete\/#primaryimage"},"image":{"@id":"https:\/\/www.revistarambla.com\/albert-batlle-vincula-la-cultura-de-la-navaja-a-la-inmigracion-pero-se-olvida-del-vaquilla-o-el-torete\/#primaryimage"},"thumbnailUrl":"https:\/\/www.revistarambla.com\/wp-content\/uploads\/2022\/11\/albert-batlle.jpg","datePublished":"2022-11-15T19:27:38+00:00","dateModified":"2022-11-15T19:32:33+00:00","breadcrumb":{"@id":"https:\/\/www.revistarambla.com\/albert-batlle-vincula-la-cultura-de-la-navaja-a-la-inmigracion-pero-se-olvida-del-vaquilla-o-el-torete\/#breadcrumb"},"inLanguage":"en-GB","potentialAction":[{"@type":"ReadAction","target":["https:\/\/www.revistarambla.com\/albert-batlle-vincula-la-cultura-de-la-navaja-a-la-inmigracion-pero-se-olvida-del-vaquilla-o-el-torete\/"]}]},{"@type":"ImageObject","inLanguage":"en-GB","@id":"https:\/\/www.revistarambla.com\/albert-batlle-vincula-la-cultura-de-la-navaja-a-la-inmigracion-pero-se-olvida-del-vaquilla-o-el-torete\/#primaryimage","url":"https:\/\/www.revistarambla.com\/wp-content\/uploads\/2022\/11\/albert-batlle.jpg","contentUrl":"https:\/\/www.revistarambla.com\/wp-content\/uploads\/2022\/11\/albert-batlle.jpg","width":1280,"height":853},{"@type":"BreadcrumbList","@id":"https:\/\/www.revistarambla.com\/albert-batlle-vincula-la-cultura-de-la-navaja-a-la-inmigracion-pero-se-olvida-del-vaquilla-o-el-torete\/#breadcrumb","itemListElement":[{"@type":"ListItem","position":1,"name":"Portada","item":"https:\/\/www.revistarambla.com\/"},{"@type":"ListItem","position":2,"name":"Albert Batlle vincula \u00abla cultura de la navaja\u00bb a la inmigraci\u00f3n, pero se olvida del Vaquilla o el Torete"}]},{"@type":"WebSite","@id":"https:\/\/www.revistarambla.com\/#website","url":"https:\/\/www.revistarambla.com\/","name":"Revista Rambla Barcelona","description":"Periodismo independiente","publisher":{"@id":"https:\/\/www.revistarambla.com\/#organization"},"potentialAction":[{"@type":"SearchAction","target":{"@type":"EntryPoint","urlTemplate":"https:\/\/www.revistarambla.com\/?s={search_term_string}"},"query-input":{"@type":"PropertyValueSpecification","valueRequired":true,"valueName":"search_term_string"}}],"inLanguage":"en-GB"},{"@type":"Organization","@id":"https:\/\/www.revistarambla.com\/#organization","name":"Revista Rambla","url":"https:\/\/www.revistarambla.com\/","logo":{"@type":"ImageObject","inLanguage":"en-GB","@id":"https:\/\/www.revistarambla.com\/#\/schema\/logo\/image\/","url":"https:\/\/www.revistarambla.com\/wp-content\/uploads\/2020\/09\/banner_rambla_1900x600_BB.png","contentUrl":"https:\/\/www.revistarambla.com\/wp-content\/uploads\/2020\/09\/banner_rambla_1900x600_BB.png","width":1900,"height":600,"caption":"Revista Rambla"},"image":{"@id":"https:\/\/www.revistarambla.com\/#\/schema\/logo\/image\/"},"sameAs":["https:\/\/www.facebook.com\/revistarambla\/","https:\/\/x.com\/revistarambla","https:\/\/www.instagram.com\/revista_rambla","https:\/\/es.linkedin.com\/company\/revista-rambla"]},{"@type":"Person","@id":"https:\/\/www.revistarambla.com\/#\/schema\/person\/a146a5a2550b94981a75131180e1bd9c","name":"R@mbla","description":"Este art\u00edculo ha sido redactado y\/o validado por el equipo de redacci\u00f3n de Revista Rambla.","sameAs":["https:\/\/www.revistarambla.com\/","https:\/\/www.facebook.com\/revistarambla","https:\/\/x.com\/revistarambla"]}]}},"_links":{"self":[{"href":"https:\/\/www.revistarambla.com\/en\/wp-json\/wp\/v2\/posts\/50846","targetHints":{"allow":["GET"]}}],"collection":[{"href":"https:\/\/www.revistarambla.com\/en\/wp-json\/wp\/v2\/posts"}],"about":[{"href":"https:\/\/www.revistarambla.com\/en\/wp-json\/wp\/v2\/types\/post"}],"author":[{"embeddable":true,"href":"https:\/\/www.revistarambla.com\/en\/wp-json\/wp\/v2\/users\/3"}],"replies":[{"embeddable":true,"href":"https:\/\/www.revistarambla.com\/en\/wp-json\/wp\/v2\/comments?post=50846"}],"version-history":[{"count":3,"href":"https:\/\/www.revistarambla.com\/en\/wp-json\/wp\/v2\/posts\/50846\/revisions"}],"predecessor-version":[{"id":50850,"href":"https:\/\/www.revistarambla.com\/en\/wp-json\/wp\/v2\/posts\/50846\/revisions\/50850"}],"wp:featuredmedia":[{"embeddable":true,"href":"https:\/\/www.revistarambla.com\/en\/wp-json\/wp\/v2\/media\/50848"}],"wp:attachment":[{"href":"https:\/\/www.revistarambla.com\/en\/wp-json\/wp\/v2\/media?parent=50846"}],"wp:term":[{"taxonomy":"category","embeddable":true,"href":"https:\/\/www.revistarambla.com\/en\/wp-json\/wp\/v2\/categories?post=50846"},{"taxonomy":"post_tag","embeddable":true,"href":"https:\/\/www.revistarambla.com\/en\/wp-json\/wp\/v2\/tags?post=50846"}],"curies":[{"name":"wp","href":"https:\/\/api.w.org\/{rel}","templated":true}]}}