{"id":50840,"date":"2022-11-15T11:45:12","date_gmt":"2022-11-15T10:45:12","guid":{"rendered":"https:\/\/www.revistarambla.com\/?p=50840"},"modified":"2022-11-15T11:45:12","modified_gmt":"2022-11-15T10:45:12","slug":"turquia-condena-al-atentado-en-estambul","status":"publish","type":"post","link":"https:\/\/www.revistarambla.com\/en\/turquia-condena-al-atentado-en-estambul\/","title":{"rendered":"Turqu\u00eda: Condena al atentado en Estambul"},"content":{"rendered":"<p>Condenamos el atentado con bomba en la calle Taksim Istiklal, Estambul, como un brutal acto de terrorismo. Hay 6 muertos y decenas de heridos. Ofrecemos nuestras condolencias a quienes perdieron a sus seres queridos y deseamos una pronta recuperaci\u00f3n a los heridos.<\/p>\n<p>Tales ataques crear\u00e1n una atm\u00f3sfera de opresi\u00f3n similar a la que experimentaron los pueblos del pa\u00eds en 2015-16 y da\u00f1ar\u00e1n la unidad y la lucha del pueblo trabajador.<\/p>\n<p>Adem\u00e1s, las pr\u00e1cticas gubernamentales de \u00abprohibici\u00f3n de publicaci\u00f3n\u00bb y restricci\u00f3n de acceso a Internet, que no tienen otro prop\u00f3sito que arrastrar a la sociedad a una atm\u00f3sfera de miedo, y que usurpan la libertad de informaci\u00f3n del p\u00fablico, deben terminar de inmediato. Y antes de la prohibici\u00f3n, el gobierno tiene que explicar por qu\u00e9 no pudo evitar este ataque con toda la inteligencia disponible.<\/p>\n<p>El deber principal del gobierno debe ser proteger la seguridad de la vida de sus ciudadanos. Sin embargo, la pol\u00edtica exterior aventurera y agresiva del gobierno hace que el pa\u00eds est\u00e9 abierto a este tipo de ataques, como lo hemos experimentado en el pasado.<\/p>\n<p>Al mismo tiempo, como vimos en 2015-16, el gobierno no llev\u00f3 a cabo una investigaci\u00f3n efectiva sobre los perpetradores de los ataques terroristas y los verdaderos perpetradores no fueron llevados ante la justicia. Para evitar que se ejecute un proceso similar en el ataque de Taksim, el proceso debe ejecutarse de manera transparente sin restringir la libertad de informaci\u00f3n del p\u00fablico. De lo contrario, la responsabilidad pol\u00edtica del ambiente de presi\u00f3n y miedo que se levantar\u00e1 en la sociedad seguir\u00e1 estando en el actual gobierno.<\/p>\n<p><strong>14 de noviembre de 2022<\/strong><\/p>\n<p><strong>Partido por la democracia Obrera (IDP), secci\u00f3n turca de la UIT-CI<\/strong><\/p>","protected":false},"excerpt":{"rendered":"<p>Este fin de semana se ha producido un grave atentado en Estambul. Nuestro partdo hermano en Turqu\u00eda, el Partido de la Democracia Obrera, ha condenado el atentado.<\/p>","protected":false},"author":96,"featured_media":50841,"comment_status":"open","ping_status":"closed","sticky":false,"template":"","format":"standard","meta":{"footnotes":""},"categories":[72],"tags":[],"class_list":["post-50840","post","type-post","status-publish","format-standard","has-post-thumbnail","hentry","category-opinion"],"yoast_head":"<!-- This site is optimized with the Yoast SEO plugin v27.5 - https:\/\/yoast.com\/product\/yoast-seo-wordpress\/ -->\n<title>Turqu\u00eda: Condena al atentado en Estambul - Revista Rambla<\/title>\n<meta name=\"robots\" content=\"index, follow, max-snippet:-1, max-image-preview:large, max-video-preview:-1\" \/>\n<link rel=\"canonical\" href=\"https:\/\/www.revistarambla.com\/en\/turquia-condena-al-atentado-en-estambul\/\" \/>\n<meta property=\"og:locale\" content=\"en_GB\" \/>\n<meta property=\"og:type\" content=\"article\" \/>\n<meta property=\"og:title\" content=\"Turqu\u00eda: Condena al atentado en Estambul - Revista Rambla\" \/>\n<meta property=\"og:description\" content=\"Este fin de semana se ha producido un grave atentado en Estambul. Nuestro partdo hermano en Turqu\u00eda, el Partido de la Democracia Obrera, ha condenado el atentado.\" \/>\n<meta property=\"og:url\" content=\"https:\/\/www.revistarambla.com\/en\/turquia-condena-al-atentado-en-estambul\/\" \/>\n<meta property=\"og:site_name\" content=\"Revista Rambla\" \/>\n<meta property=\"article:publisher\" content=\"https:\/\/www.facebook.com\/revistarambla\/\" \/>\n<meta property=\"article:author\" content=\"https:\/\/www.facebook.com\/linternacionalista\/\" \/>\n<meta property=\"article:published_time\" content=\"2022-11-15T10:45:12+00:00\" \/>\n<meta property=\"og:image\" content=\"https:\/\/www.revistarambla.com\/wp-content\/uploads\/2022\/11\/explosion-en-estanbul-twitter.jpg\" \/>\n\t<meta property=\"og:image:width\" content=\"1200\" \/>\n\t<meta property=\"og:image:height\" content=\"628\" \/>\n\t<meta property=\"og:image:type\" content=\"image\/jpeg\" \/>\n<meta name=\"author\" content=\"Lucha Internacionalista\" \/>\n<meta name=\"twitter:card\" content=\"summary_large_image\" \/>\n<meta name=\"twitter:creator\" content=\"@luchainternacio\" \/>\n<meta name=\"twitter:site\" content=\"@revistarambla\" \/>\n<meta name=\"twitter:label1\" content=\"Written by\" \/>\n\t<meta name=\"twitter:data1\" content=\"Lucha Internacionalista\" \/>\n\t<meta name=\"twitter:label2\" content=\"Estimated reading time\" \/>\n\t<meta name=\"twitter:data2\" content=\"2 minutes\" \/>\n<script type=\"application\/ld+json\" class=\"yoast-schema-graph\">{\"@context\":\"https:\\\/\\\/schema.org\",\"@graph\":[{\"@type\":\"Article\",\"@id\":\"https:\\\/\\\/www.revistarambla.com\\\/turquia-condena-al-atentado-en-estambul\\\/#article\",\"isPartOf\":{\"@id\":\"https:\\\/\\\/www.revistarambla.com\\\/turquia-condena-al-atentado-en-estambul\\\/\"},\"author\":{\"name\":\"Lucha Internacionalista\",\"@id\":\"https:\\\/\\\/www.revistarambla.com\\\/#\\\/schema\\\/person\\\/2d0daa76d289bb19174d9201fb9fe42c\"},\"headline\":\"Turqu\u00eda: Condena al atentado en Estambul\",\"datePublished\":\"2022-11-15T10:45:12+00:00\",\"mainEntityOfPage\":{\"@id\":\"https:\\\/\\\/www.revistarambla.com\\\/turquia-condena-al-atentado-en-estambul\\\/\"},\"wordCount\":308,\"commentCount\":0,\"publisher\":{\"@id\":\"https:\\\/\\\/www.revistarambla.com\\\/#organization\"},\"image\":{\"@id\":\"https:\\\/\\\/www.revistarambla.com\\\/turquia-condena-al-atentado-en-estambul\\\/#primaryimage\"},\"thumbnailUrl\":\"https:\\\/\\\/www.revistarambla.com\\\/wp-content\\\/uploads\\\/2022\\\/11\\\/explosion-en-estanbul-twitter.jpg\",\"articleSection\":[\"Opiniones\"],\"inLanguage\":\"en-GB\",\"potentialAction\":[{\"@type\":\"CommentAction\",\"name\":\"Comment\",\"target\":[\"https:\\\/\\\/www.revistarambla.com\\\/turquia-condena-al-atentado-en-estambul\\\/#respond\"]}]},{\"@type\":\"WebPage\",\"@id\":\"https:\\\/\\\/www.revistarambla.com\\\/turquia-condena-al-atentado-en-estambul\\\/\",\"url\":\"https:\\\/\\\/www.revistarambla.com\\\/turquia-condena-al-atentado-en-estambul\\\/\",\"name\":\"Turqu\u00eda: Condena al atentado en Estambul - Revista Rambla\",\"isPartOf\":{\"@id\":\"https:\\\/\\\/www.revistarambla.com\\\/#website\"},\"primaryImageOfPage\":{\"@id\":\"https:\\\/\\\/www.revistarambla.com\\\/turquia-condena-al-atentado-en-estambul\\\/#primaryimage\"},\"image\":{\"@id\":\"https:\\\/\\\/www.revistarambla.com\\\/turquia-condena-al-atentado-en-estambul\\\/#primaryimage\"},\"thumbnailUrl\":\"https:\\\/\\\/www.revistarambla.com\\\/wp-content\\\/uploads\\\/2022\\\/11\\\/explosion-en-estanbul-twitter.jpg\",\"datePublished\":\"2022-11-15T10:45:12+00:00\",\"breadcrumb\":{\"@id\":\"https:\\\/\\\/www.revistarambla.com\\\/turquia-condena-al-atentado-en-estambul\\\/#breadcrumb\"},\"inLanguage\":\"en-GB\",\"potentialAction\":[{\"@type\":\"ReadAction\",\"target\":[\"https:\\\/\\\/www.revistarambla.com\\\/turquia-condena-al-atentado-en-estambul\\\/\"]}]},{\"@type\":\"ImageObject\",\"inLanguage\":\"en-GB\",\"@id\":\"https:\\\/\\\/www.revistarambla.com\\\/turquia-condena-al-atentado-en-estambul\\\/#primaryimage\",\"url\":\"https:\\\/\\\/www.revistarambla.com\\\/wp-content\\\/uploads\\\/2022\\\/11\\\/explosion-en-estanbul-twitter.jpg\",\"contentUrl\":\"https:\\\/\\\/www.revistarambla.com\\\/wp-content\\\/uploads\\\/2022\\\/11\\\/explosion-en-estanbul-twitter.jpg\",\"width\":1200,\"height\":628},{\"@type\":\"BreadcrumbList\",\"@id\":\"https:\\\/\\\/www.revistarambla.com\\\/turquia-condena-al-atentado-en-estambul\\\/#breadcrumb\",\"itemListElement\":[{\"@type\":\"ListItem\",\"position\":1,\"name\":\"Portada\",\"item\":\"https:\\\/\\\/www.revistarambla.com\\\/\"},{\"@type\":\"ListItem\",\"position\":2,\"name\":\"Turqu\u00eda: Condena al atentado en Estambul\"}]},{\"@type\":\"WebSite\",\"@id\":\"https:\\\/\\\/www.revistarambla.com\\\/#website\",\"url\":\"https:\\\/\\\/www.revistarambla.com\\\/\",\"name\":\"Revista Rambla Barcelona\",\"description\":\"Periodismo independiente\",\"publisher\":{\"@id\":\"https:\\\/\\\/www.revistarambla.com\\\/#organization\"},\"potentialAction\":[{\"@type\":\"SearchAction\",\"target\":{\"@type\":\"EntryPoint\",\"urlTemplate\":\"https:\\\/\\\/www.revistarambla.com\\\/?s={search_term_string}\"},\"query-input\":{\"@type\":\"PropertyValueSpecification\",\"valueRequired\":true,\"valueName\":\"search_term_string\"}}],\"inLanguage\":\"en-GB\"},{\"@type\":\"Organization\",\"@id\":\"https:\\\/\\\/www.revistarambla.com\\\/#organization\",\"name\":\"Revista Rambla\",\"url\":\"https:\\\/\\\/www.revistarambla.com\\\/\",\"logo\":{\"@type\":\"ImageObject\",\"inLanguage\":\"en-GB\",\"@id\":\"https:\\\/\\\/www.revistarambla.com\\\/#\\\/schema\\\/logo\\\/image\\\/\",\"url\":\"https:\\\/\\\/www.revistarambla.com\\\/wp-content\\\/uploads\\\/2020\\\/09\\\/banner_rambla_1900x600_BB.png\",\"contentUrl\":\"https:\\\/\\\/www.revistarambla.com\\\/wp-content\\\/uploads\\\/2020\\\/09\\\/banner_rambla_1900x600_BB.png\",\"width\":1900,\"height\":600,\"caption\":\"Revista Rambla\"},\"image\":{\"@id\":\"https:\\\/\\\/www.revistarambla.com\\\/#\\\/schema\\\/logo\\\/image\\\/\"},\"sameAs\":[\"https:\\\/\\\/www.facebook.com\\\/revistarambla\\\/\",\"https:\\\/\\\/x.com\\\/revistarambla\",\"https:\\\/\\\/www.instagram.com\\\/revista_rambla\",\"https:\\\/\\\/es.linkedin.com\\\/company\\\/revista-rambla\"]},{\"@type\":\"Person\",\"@id\":\"https:\\\/\\\/www.revistarambla.com\\\/#\\\/schema\\\/person\\\/2d0daa76d289bb19174d9201fb9fe42c\",\"name\":\"Lucha Internacionalista\",\"description\":\"Lucha Internacionalista es una organizaci\u00f3n pol\u00edtica marxista revolucionaria: trotskista. Se constituy\u00f3 en mayo de 1999 por militantes del Partido Revolucionario de los Trabajadores (PRT).\",\"sameAs\":[\"http:\\\/\\\/luchainternacionalista.org\\\/\",\"https:\\\/\\\/www.facebook.com\\\/linternacionalista\\\/\",\"https:\\\/\\\/x.com\\\/luchainternacio\"]}]}<\/script>\n<!-- \/ Yoast SEO plugin. -->","yoast_head_json":{"title":"Turqu\u00eda: Condena al atentado en Estambul - Revista Rambla","robots":{"index":"index","follow":"follow","max-snippet":"max-snippet:-1","max-image-preview":"max-image-preview:large","max-video-preview":"max-video-preview:-1"},"canonical":"https:\/\/www.revistarambla.com\/en\/turquia-condena-al-atentado-en-estambul\/","og_locale":"en_GB","og_type":"article","og_title":"Turqu\u00eda: Condena al atentado en Estambul - Revista Rambla","og_description":"Este fin de semana se ha producido un grave atentado en Estambul. Nuestro partdo hermano en Turqu\u00eda, el Partido de la Democracia Obrera, ha condenado el atentado.","og_url":"https:\/\/www.revistarambla.com\/en\/turquia-condena-al-atentado-en-estambul\/","og_site_name":"Revista Rambla","article_publisher":"https:\/\/www.facebook.com\/revistarambla\/","article_author":"https:\/\/www.facebook.com\/linternacionalista\/","article_published_time":"2022-11-15T10:45:12+00:00","og_image":[{"width":1200,"height":628,"url":"https:\/\/www.revistarambla.com\/wp-content\/uploads\/2022\/11\/explosion-en-estanbul-twitter.jpg","type":"image\/jpeg"}],"author":"Lucha Internacionalista","twitter_card":"summary_large_image","twitter_creator":"@luchainternacio","twitter_site":"@revistarambla","twitter_misc":{"Written by":"Lucha Internacionalista","Estimated reading time":"2 minutes"},"schema":{"@context":"https:\/\/schema.org","@graph":[{"@type":"Article","@id":"https:\/\/www.revistarambla.com\/turquia-condena-al-atentado-en-estambul\/#article","isPartOf":{"@id":"https:\/\/www.revistarambla.com\/turquia-condena-al-atentado-en-estambul\/"},"author":{"name":"Lucha Internacionalista","@id":"https:\/\/www.revistarambla.com\/#\/schema\/person\/2d0daa76d289bb19174d9201fb9fe42c"},"headline":"Turqu\u00eda: Condena al atentado en Estambul","datePublished":"2022-11-15T10:45:12+00:00","mainEntityOfPage":{"@id":"https:\/\/www.revistarambla.com\/turquia-condena-al-atentado-en-estambul\/"},"wordCount":308,"commentCount":0,"publisher":{"@id":"https:\/\/www.revistarambla.com\/#organization"},"image":{"@id":"https:\/\/www.revistarambla.com\/turquia-condena-al-atentado-en-estambul\/#primaryimage"},"thumbnailUrl":"https:\/\/www.revistarambla.com\/wp-content\/uploads\/2022\/11\/explosion-en-estanbul-twitter.jpg","articleSection":["Opiniones"],"inLanguage":"en-GB","potentialAction":[{"@type":"CommentAction","name":"Comment","target":["https:\/\/www.revistarambla.com\/turquia-condena-al-atentado-en-estambul\/#respond"]}]},{"@type":"WebPage","@id":"https:\/\/www.revistarambla.com\/turquia-condena-al-atentado-en-estambul\/","url":"https:\/\/www.revistarambla.com\/turquia-condena-al-atentado-en-estambul\/","name":"Turqu\u00eda: Condena al atentado en Estambul - Revista Rambla","isPartOf":{"@id":"https:\/\/www.revistarambla.com\/#website"},"primaryImageOfPage":{"@id":"https:\/\/www.revistarambla.com\/turquia-condena-al-atentado-en-estambul\/#primaryimage"},"image":{"@id":"https:\/\/www.revistarambla.com\/turquia-condena-al-atentado-en-estambul\/#primaryimage"},"thumbnailUrl":"https:\/\/www.revistarambla.com\/wp-content\/uploads\/2022\/11\/explosion-en-estanbul-twitter.jpg","datePublished":"2022-11-15T10:45:12+00:00","breadcrumb":{"@id":"https:\/\/www.revistarambla.com\/turquia-condena-al-atentado-en-estambul\/#breadcrumb"},"inLanguage":"en-GB","potentialAction":[{"@type":"ReadAction","target":["https:\/\/www.revistarambla.com\/turquia-condena-al-atentado-en-estambul\/"]}]},{"@type":"ImageObject","inLanguage":"en-GB","@id":"https:\/\/www.revistarambla.com\/turquia-condena-al-atentado-en-estambul\/#primaryimage","url":"https:\/\/www.revistarambla.com\/wp-content\/uploads\/2022\/11\/explosion-en-estanbul-twitter.jpg","contentUrl":"https:\/\/www.revistarambla.com\/wp-content\/uploads\/2022\/11\/explosion-en-estanbul-twitter.jpg","width":1200,"height":628},{"@type":"BreadcrumbList","@id":"https:\/\/www.revistarambla.com\/turquia-condena-al-atentado-en-estambul\/#breadcrumb","itemListElement":[{"@type":"ListItem","position":1,"name":"Portada","item":"https:\/\/www.revistarambla.com\/"},{"@type":"ListItem","position":2,"name":"Turqu\u00eda: Condena al atentado en Estambul"}]},{"@type":"WebSite","@id":"https:\/\/www.revistarambla.com\/#website","url":"https:\/\/www.revistarambla.com\/","name":"Revista Rambla Barcelona","description":"Periodismo independiente","publisher":{"@id":"https:\/\/www.revistarambla.com\/#organization"},"potentialAction":[{"@type":"SearchAction","target":{"@type":"EntryPoint","urlTemplate":"https:\/\/www.revistarambla.com\/?s={search_term_string}"},"query-input":{"@type":"PropertyValueSpecification","valueRequired":true,"valueName":"search_term_string"}}],"inLanguage":"en-GB"},{"@type":"Organization","@id":"https:\/\/www.revistarambla.com\/#organization","name":"Revista Rambla","url":"https:\/\/www.revistarambla.com\/","logo":{"@type":"ImageObject","inLanguage":"en-GB","@id":"https:\/\/www.revistarambla.com\/#\/schema\/logo\/image\/","url":"https:\/\/www.revistarambla.com\/wp-content\/uploads\/2020\/09\/banner_rambla_1900x600_BB.png","contentUrl":"https:\/\/www.revistarambla.com\/wp-content\/uploads\/2020\/09\/banner_rambla_1900x600_BB.png","width":1900,"height":600,"caption":"Revista Rambla"},"image":{"@id":"https:\/\/www.revistarambla.com\/#\/schema\/logo\/image\/"},"sameAs":["https:\/\/www.facebook.com\/revistarambla\/","https:\/\/x.com\/revistarambla","https:\/\/www.instagram.com\/revista_rambla","https:\/\/es.linkedin.com\/company\/revista-rambla"]},{"@type":"Person","@id":"https:\/\/www.revistarambla.com\/#\/schema\/person\/2d0daa76d289bb19174d9201fb9fe42c","name":"Lucha Internacionalista","description":"Lucha Internacionalista es una organizaci\u00f3n pol\u00edtica marxista revolucionaria: trotskista. Se constituy\u00f3 en mayo de 1999 por militantes del Partido Revolucionario de los Trabajadores (PRT).","sameAs":["http:\/\/luchainternacionalista.org\/","https:\/\/www.facebook.com\/linternacionalista\/","https:\/\/x.com\/luchainternacio"]}]}},"_links":{"self":[{"href":"https:\/\/www.revistarambla.com\/en\/wp-json\/wp\/v2\/posts\/50840","targetHints":{"allow":["GET"]}}],"collection":[{"href":"https:\/\/www.revistarambla.com\/en\/wp-json\/wp\/v2\/posts"}],"about":[{"href":"https:\/\/www.revistarambla.com\/en\/wp-json\/wp\/v2\/types\/post"}],"author":[{"embeddable":true,"href":"https:\/\/www.revistarambla.com\/en\/wp-json\/wp\/v2\/users\/96"}],"replies":[{"embeddable":true,"href":"https:\/\/www.revistarambla.com\/en\/wp-json\/wp\/v2\/comments?post=50840"}],"version-history":[{"count":1,"href":"https:\/\/www.revistarambla.com\/en\/wp-json\/wp\/v2\/posts\/50840\/revisions"}],"predecessor-version":[{"id":50842,"href":"https:\/\/www.revistarambla.com\/en\/wp-json\/wp\/v2\/posts\/50840\/revisions\/50842"}],"wp:featuredmedia":[{"embeddable":true,"href":"https:\/\/www.revistarambla.com\/en\/wp-json\/wp\/v2\/media\/50841"}],"wp:attachment":[{"href":"https:\/\/www.revistarambla.com\/en\/wp-json\/wp\/v2\/media?parent=50840"}],"wp:term":[{"taxonomy":"category","embeddable":true,"href":"https:\/\/www.revistarambla.com\/en\/wp-json\/wp\/v2\/categories?post=50840"},{"taxonomy":"post_tag","embeddable":true,"href":"https:\/\/www.revistarambla.com\/en\/wp-json\/wp\/v2\/tags?post=50840"}],"curies":[{"name":"wp","href":"https:\/\/api.w.org\/{rel}","templated":true}]}}