{"id":50837,"date":"2022-11-15T11:40:24","date_gmt":"2022-11-15T10:40:24","guid":{"rendered":"https:\/\/www.revistarambla.com\/?p=50837"},"modified":"2025-01-23T21:40:32","modified_gmt":"2025-01-23T20:40:32","slug":"yo-pongo-el-postre","status":"publish","type":"post","link":"https:\/\/www.revistarambla.com\/en\/yo-pongo-el-postre\/","title":{"rendered":"\u00abYo pongo el postre\u00bb"},"content":{"rendered":"<p>A finales de octubre de 2022, los medios se hicieron eco de la iniciativa del alcalde de Xirivella, el socialista Michel Montaner, difundida en un tweet que reza as\u00ed: \u201cYo pongo el postre. Quiero cenar en tu casa. Quiero hablar contigo y con tu familia sobre las cosas de Xirivella\u201d. Con este trueque desigual (yo pongo el postre y t\u00fa pones la cena), este alcalde socialista se invita a cenar en casa de sus conciudadanos con un triple objetivo. Por un lado, conocer, desde la tranquilidad de sus hogares, las preocupaciones, las inquietudes, los problemas las ideas y las propuestas de los vecinos. Por el otro, elaborar el programa electoral \u201cvinculante\u201d para las pr\u00f3ximas elecciones municipales en Xirivella. Y, finalmente, mejorar la vida en el municipio ya que, para el alcalde, la pol\u00edtica es \u201cuna herramienta para ver a la gente feliz\u201d y esto s\u00f3lo se consigue si \u201cse pisa la calle\u201d.<\/p>\n<h2>Los talones de Aquiles del \u201ctweet\u201d<\/h2>\n<p>Los \u201cplumillas\u201d tod\u00f3logos, que se han hecho eco de la iniciativa del alcalde de Xirivella, la han tildado de nueva, original y pionera. Sin embargo, \u00a1pobres indocumentados!, no es nada nuevo, nada original ni pionero. Esto ya lo hizo el Presidente de la Rep\u00fablica Francesa, Val\u00e9ry Giscard d\u2019Estaing (VGE), durante el primer a\u00f1o de su \u00fanico septenio (1974-1981). En efecto, una vez al mes, VGE fue a cenar a casa de familias corrientes y molientes, seg\u00fan sus propias palabras, \u201cpour regarder la France au fond des yeux\u201d, i.e. ver c\u00f3mo respiraban los ciudadanos de a pie y asegurarse un futuro segundo septenio. En una ocasi\u00f3n, incluso, invit\u00f3 tambi\u00e9n a desayunar en el El\u00edseo a los basureros que hac\u00edan el servicio en la avenida Marigny de Par\u00eds, lindante con el Palais de l\u2019Elys\u00e9e.<\/p>\n<p>Ahora bien, estas operaciones de ingenier\u00eda comunicativa y de marketing no convencieron a los franceses y le dieron calabazas, eligiendo al socialista Fran\u00e7ois Mitterrand en las presidenciales de 1981. \u00a1Que tome nota el alcalde socialista de Xirivella!, ya que le puede salir el tiro por la culata, como a VGE, el pr\u00f3ximo mes de mayo. No se puede enga\u00f1ar impunemente a una mayor\u00eda de votantes, una y otra vez, como hace la casta pol\u00edtica de alta cuna y de baja cama.<\/p>\n<p>Por otro lado, para justificar su iniciativa, el alcalde de Xirivella confiesa que le gusta pisar la calle, mezclarse con la gente y observar y escuchar el pulso de sus conciudadanos. Ante esta confesi\u00f3n, se le podr\u00eda responder que ha tenido toda la legislatura para encontrarse con la ciudadan\u00eda, para conocer sus inquietudes, sus necesidades, sus problemas,\u2026 y, as\u00ed, adecuar su gesti\u00f3n a las expectativas de sus vecinos. Pero, por lo visto, no lo ha hecho, si tiene necesidad de ir a llenar la andorga a casa de sus convecinos y aprovechar el comercio ling\u00fc\u00edstico con los comensales para elaborar su futuro programa electoral para las municipales.<\/p>\n<p>Adem\u00e1s, define la pol\u00edtica como \u201cla herramienta para ver a la gente feliz\u201d. Esta afirmaci\u00f3n es un ejemplo claro de \u201cla langue de bois\u201d (lenguaje pol\u00edticamente correcto), que puede ser aceptada en teor\u00eda y en un mundo id\u00edlico. En el mundo real, no es cierta, es pura palabrer\u00eda, es un nuevo bla-bla-bla de los de la casta pol\u00edtica, que queda muy bien a los ojos y o\u00eddos de los \u201cqueridos ni\u00f1os\u201d, seg\u00fan denomina David Trueba a los infantiles, desinformados, desarmados y manipulados votantes, a los que la casta pol\u00edtica les toma el pelo por sistema.<\/p>\n<p>En tercer lugar, seg\u00fan declaraciones a los medios y como hemos apuntado ya, con estos encuentros caseros para cenar, el alcalde de Xirivella pretende elaborar su programa electoral \u201cvinculante\u201d (subrayo el adjetivo), para las pr\u00f3ximas elecciones municipales. El car\u00e1cter \u201cvinculante\u201d del futuro programa me ha hecho pensar en el comportamiento habitual de los de la casta pol\u00edtica, resumido en esta cita del viejo profesor, Tierno Galv\u00e1n: \u201clas promesas electorales est\u00e1n para no cumplirse\u00bb. En efecto, en general, la casta pol\u00edtica elegida olvida r\u00e1pidamente todas las promesas; y convierte a sus propios electores en paganos de los desaguisados provocados por el disfrute y el abuso del poder, que hemos depositado en sus manos. Como reza el lema del Ayuntamiento de Cerdanyola del Vall\u00e8s, habr\u00eda que gritarles a todos: \u201c\u00a1\u00a1\u00a1Facta, non verba!!!\u201d.<\/p>\n<p>Finalmente, ha lanzado al mar de las redes sociales un anzuelo en forma de hashtag: \u201c#TuOpinionMeImporta\u201d. Con \u00e9l da a entender expl\u00edcitamente que la opini\u00f3n y la palabra de los votantes son, para \u00e9l, ley mosaica. Ahora bien, como certifica la experiencia, este hashtag debe ser pura comedia, a la que nos tiene tan acostumbrados la casta pol\u00edtica de alta cuna o baja cama. Este hashtag me ha hecho recordar tambi\u00e9n el cartel de la primera campa\u00f1a de Alberto Carlos Rivera, que se hace llamar Albert Rivera. En \u00e9l aparece en pelota picada, acompa\u00f1ado de unas frases program\u00e1ticas muy tentadoras:\u00a0\u201cNo nos importa d\u00f3nde naciste. No nos importa la lengua que hablas. No nos importa qu\u00e9 ropa vistes. Nos importas t\u00fa\u201d.\u00a0Ahora bien, con el paso del tiempo, hemos podido ver para qui\u00e9n y hacia d\u00f3nde remaban Rivera, Arrimadas y sus muchachos, todos genuinos arribistas y yonquis del poder: remaban para ellos y en direcci\u00f3n a la Moncloa, sede del Gobierno de Espa\u00f1a.<\/p>\n<h2>\u00a1Menos lobos, Caperucitos!<\/h2>\n<p>La iniciativa del alcalde socialista de Xirivella es s\u00f3lo una an\u00e9cdota de la vida pol\u00edtica espa\u00f1ola. Lo grave es que revela e ilustra el comportamiento habitual (la categor\u00eda) de la casta pol\u00edtica de alta cuna y de baja cama, que ha novelado magistralmente David Trueba en su \u00faltima novela \u201cQueridos ni\u00f1os\u201d (*).<\/p>\n<p>En este relato, David Trueba narra y describe los entresijos censurables e indecentes de lo que sucede entre bastidores en la campa\u00f1a electoral de la primera candidata a Presidente de Gobierno de Espa\u00f1a, Amalia Tom\u00e1s. Durante tres maratonianas semanas, la candidata recorre Espa\u00f1a, manejada como una marioneta por el director de campa\u00f1a, Basilio, personaje sin principios y c\u00ednico, reclutado para preparar y planificar lo que la candidata tiene que hacer y decir en cada momento y lugar. Se trata de un aut\u00e9ntico mercenario, vendido al mejor postor, cuyo lema no era competir, en buena lid, con los otros candidatos y convencer a los votantes, sino, como dec\u00eda Luis Aragon\u00e9s, \u201cganar, ganar y ganar\u201d por cualquier medio, pero ganar.<\/p>\n<p>En efecto, en el \u201ccirco pol\u00edtico\u201d que son las elecciones, ganar lo justifica todo, ganar lo disculpa todo, ganar lo hace olvidar todo, ganar da la raz\u00f3n o se la quita a los pol\u00edticos, siempre con la connivencia de los apesebrados medios de comunicaci\u00f3n. Y esta obsesi\u00f3n por ganar a toda costa es muy deplorable y peligrosa, ya que en demasiadas ocasiones, sino en todas, se gana con las peores argucias. Adem\u00e1s, como dice el refr\u00e1n, \u201cperro no come carne de perro\u201d. Por eso, en el circo de las campa\u00f1as electorales, la sangre nunca llega al r\u00edo y es moneda de curso legal \u201cel hoy por m\u00ed; ma\u00f1ana por ti\u201d. Por eso, habr\u00eda que decirles, tanto al alcalde de Xirivilla como a los miembros de la casta pol\u00edtica de alta cuna y de baja cama: \u201c\u00a1Menos lobos, Caperucitos!<\/p>\n<p><em>(*) David Trueba (2021), Queridos ni\u00f1os, Anagrama, Barcelona.<\/em><\/p>","protected":false},"excerpt":{"rendered":"<p>A finales de octubre de 2022, los medios se hicieron eco de la iniciativa del alcalde de Xirivella, el socialista Michel Montaner, difundida en un tweet que reza as\u00ed: \u201cYo pongo el postre. Quiero cenar en tu casa. Quiero hablar contigo y con tu familia sobre las cosas de Xirivella\u201d. [&hellip;]<\/p>\n","protected":false},"author":17,"featured_media":50838,"comment_status":"open","ping_status":"closed","sticky":false,"template":"","format":"standard","meta":{"footnotes":""},"categories":[4114],"tags":[],"class_list":["post-50837","post","type-post","status-publish","format-standard","has-post-thumbnail","hentry","category-cantando-las-verdades"],"yoast_head":"<!-- This site is optimized with the Yoast SEO plugin v27.5 - https:\/\/yoast.com\/product\/yoast-seo-wordpress\/ -->\n<title>&quot;Yo pongo el postre&quot; - Revista Rambla<\/title>\n<meta name=\"robots\" content=\"index, follow, max-snippet:-1, max-image-preview:large, max-video-preview:-1\" \/>\n<link rel=\"canonical\" href=\"https:\/\/www.revistarambla.com\/en\/yo-pongo-el-postre\/\" \/>\n<meta property=\"og:locale\" content=\"en_GB\" \/>\n<meta property=\"og:type\" content=\"article\" \/>\n<meta property=\"og:title\" content=\"&quot;Yo pongo el postre&quot; - Revista Rambla\" \/>\n<meta property=\"og:description\" content=\"A finales de octubre de 2022, los medios se hicieron eco de la iniciativa del alcalde de Xirivella, el socialista Michel Montaner, difundida en un tweet que reza as\u00ed: \u201cYo pongo el postre. Quiero cenar en tu casa. Quiero hablar contigo y con tu familia sobre las cosas de Xirivella\u201d. [&hellip;]\" \/>\n<meta property=\"og:url\" content=\"https:\/\/www.revistarambla.com\/en\/yo-pongo-el-postre\/\" \/>\n<meta property=\"og:site_name\" content=\"Revista Rambla\" \/>\n<meta property=\"article:publisher\" content=\"https:\/\/www.facebook.com\/revistarambla\/\" \/>\n<meta property=\"article:author\" content=\"https:\/\/www.facebook.com\/manuelignacio.cabezasgonzalez\" \/>\n<meta property=\"article:published_time\" content=\"2022-11-15T10:40:24+00:00\" \/>\n<meta property=\"article:modified_time\" content=\"2025-01-23T20:40:32+00:00\" \/>\n<meta property=\"og:image\" content=\"https:\/\/www.revistarambla.com\/wp-content\/uploads\/2022\/11\/cabezas.png\" \/>\n\t<meta property=\"og:image:width\" content=\"501\" \/>\n\t<meta property=\"og:image:height\" content=\"281\" \/>\n\t<meta property=\"og:image:type\" content=\"image\/png\" \/>\n<meta name=\"author\" content=\"Manuel Ignacio Cabezas Gonz\u00e1lez\" \/>\n<meta name=\"twitter:card\" content=\"summary_large_image\" \/>\n<meta name=\"twitter:creator\" content=\"@ManuelICabezas\" \/>\n<meta name=\"twitter:site\" content=\"@revistarambla\" \/>\n<meta name=\"twitter:label1\" content=\"Written by\" \/>\n\t<meta name=\"twitter:data1\" content=\"Manuel Ignacio Cabezas Gonz\u00e1lez\" \/>\n\t<meta name=\"twitter:label2\" content=\"Estimated reading time\" \/>\n\t<meta name=\"twitter:data2\" content=\"6 minutes\" \/>\n<script type=\"application\/ld+json\" class=\"yoast-schema-graph\">{\"@context\":\"https:\\\/\\\/schema.org\",\"@graph\":[{\"@type\":\"Article\",\"@id\":\"https:\\\/\\\/www.revistarambla.com\\\/yo-pongo-el-postre\\\/#article\",\"isPartOf\":{\"@id\":\"https:\\\/\\\/www.revistarambla.com\\\/yo-pongo-el-postre\\\/\"},\"author\":{\"name\":\"Manuel Ignacio Cabezas Gonz\u00e1lez\",\"@id\":\"https:\\\/\\\/www.revistarambla.com\\\/#\\\/schema\\\/person\\\/3d71c575842522757de7f4f9c9b40215\"},\"headline\":\"\u00abYo pongo el postre\u00bb\",\"datePublished\":\"2022-11-15T10:40:24+00:00\",\"dateModified\":\"2025-01-23T20:40:32+00:00\",\"mainEntityOfPage\":{\"@id\":\"https:\\\/\\\/www.revistarambla.com\\\/yo-pongo-el-postre\\\/\"},\"wordCount\":1276,\"commentCount\":0,\"publisher\":{\"@id\":\"https:\\\/\\\/www.revistarambla.com\\\/#organization\"},\"image\":{\"@id\":\"https:\\\/\\\/www.revistarambla.com\\\/yo-pongo-el-postre\\\/#primaryimage\"},\"thumbnailUrl\":\"https:\\\/\\\/www.revistarambla.com\\\/wp-content\\\/uploads\\\/2022\\\/11\\\/cabezas.png\",\"articleSection\":[\"Cantando las verdades\"],\"inLanguage\":\"en-GB\",\"potentialAction\":[{\"@type\":\"CommentAction\",\"name\":\"Comment\",\"target\":[\"https:\\\/\\\/www.revistarambla.com\\\/yo-pongo-el-postre\\\/#respond\"]}]},{\"@type\":\"WebPage\",\"@id\":\"https:\\\/\\\/www.revistarambla.com\\\/yo-pongo-el-postre\\\/\",\"url\":\"https:\\\/\\\/www.revistarambla.com\\\/yo-pongo-el-postre\\\/\",\"name\":\"\\\"Yo pongo el postre\\\" - Revista Rambla\",\"isPartOf\":{\"@id\":\"https:\\\/\\\/www.revistarambla.com\\\/#website\"},\"primaryImageOfPage\":{\"@id\":\"https:\\\/\\\/www.revistarambla.com\\\/yo-pongo-el-postre\\\/#primaryimage\"},\"image\":{\"@id\":\"https:\\\/\\\/www.revistarambla.com\\\/yo-pongo-el-postre\\\/#primaryimage\"},\"thumbnailUrl\":\"https:\\\/\\\/www.revistarambla.com\\\/wp-content\\\/uploads\\\/2022\\\/11\\\/cabezas.png\",\"datePublished\":\"2022-11-15T10:40:24+00:00\",\"dateModified\":\"2025-01-23T20:40:32+00:00\",\"breadcrumb\":{\"@id\":\"https:\\\/\\\/www.revistarambla.com\\\/yo-pongo-el-postre\\\/#breadcrumb\"},\"inLanguage\":\"en-GB\",\"potentialAction\":[{\"@type\":\"ReadAction\",\"target\":[\"https:\\\/\\\/www.revistarambla.com\\\/yo-pongo-el-postre\\\/\"]}]},{\"@type\":\"ImageObject\",\"inLanguage\":\"en-GB\",\"@id\":\"https:\\\/\\\/www.revistarambla.com\\\/yo-pongo-el-postre\\\/#primaryimage\",\"url\":\"https:\\\/\\\/www.revistarambla.com\\\/wp-content\\\/uploads\\\/2022\\\/11\\\/cabezas.png\",\"contentUrl\":\"https:\\\/\\\/www.revistarambla.com\\\/wp-content\\\/uploads\\\/2022\\\/11\\\/cabezas.png\",\"width\":501,\"height\":281},{\"@type\":\"BreadcrumbList\",\"@id\":\"https:\\\/\\\/www.revistarambla.com\\\/yo-pongo-el-postre\\\/#breadcrumb\",\"itemListElement\":[{\"@type\":\"ListItem\",\"position\":1,\"name\":\"Portada\",\"item\":\"https:\\\/\\\/www.revistarambla.com\\\/\"},{\"@type\":\"ListItem\",\"position\":2,\"name\":\"\u00abYo pongo el postre\u00bb\"}]},{\"@type\":\"WebSite\",\"@id\":\"https:\\\/\\\/www.revistarambla.com\\\/#website\",\"url\":\"https:\\\/\\\/www.revistarambla.com\\\/\",\"name\":\"Revista Rambla Barcelona\",\"description\":\"Periodismo independiente\",\"publisher\":{\"@id\":\"https:\\\/\\\/www.revistarambla.com\\\/#organization\"},\"potentialAction\":[{\"@type\":\"SearchAction\",\"target\":{\"@type\":\"EntryPoint\",\"urlTemplate\":\"https:\\\/\\\/www.revistarambla.com\\\/?s={search_term_string}\"},\"query-input\":{\"@type\":\"PropertyValueSpecification\",\"valueRequired\":true,\"valueName\":\"search_term_string\"}}],\"inLanguage\":\"en-GB\"},{\"@type\":\"Organization\",\"@id\":\"https:\\\/\\\/www.revistarambla.com\\\/#organization\",\"name\":\"Revista Rambla\",\"url\":\"https:\\\/\\\/www.revistarambla.com\\\/\",\"logo\":{\"@type\":\"ImageObject\",\"inLanguage\":\"en-GB\",\"@id\":\"https:\\\/\\\/www.revistarambla.com\\\/#\\\/schema\\\/logo\\\/image\\\/\",\"url\":\"https:\\\/\\\/www.revistarambla.com\\\/wp-content\\\/uploads\\\/2020\\\/09\\\/banner_rambla_1900x600_BB.png\",\"contentUrl\":\"https:\\\/\\\/www.revistarambla.com\\\/wp-content\\\/uploads\\\/2020\\\/09\\\/banner_rambla_1900x600_BB.png\",\"width\":1900,\"height\":600,\"caption\":\"Revista Rambla\"},\"image\":{\"@id\":\"https:\\\/\\\/www.revistarambla.com\\\/#\\\/schema\\\/logo\\\/image\\\/\"},\"sameAs\":[\"https:\\\/\\\/www.facebook.com\\\/revistarambla\\\/\",\"https:\\\/\\\/x.com\\\/revistarambla\",\"https:\\\/\\\/www.instagram.com\\\/revista_rambla\",\"https:\\\/\\\/es.linkedin.com\\\/company\\\/revista-rambla\"]},{\"@type\":\"Person\",\"@id\":\"https:\\\/\\\/www.revistarambla.com\\\/#\\\/schema\\\/person\\\/3d71c575842522757de7f4f9c9b40215\",\"name\":\"Manuel Ignacio Cabezas Gonz\u00e1lez\",\"description\":\"Doctor en Didactolog\u00eda de las Lenguas y de las Culturas. Profesor Titular de Ling\u00fc\u00edstica y de Ling\u00fc\u00edstica Aplicada. Departamento de Filolog\u00eda Francesa y Rom\u00e1nica (UAB).\",\"sameAs\":[\"http:\\\/\\\/honrad.blogspot.com\\\/\",\"https:\\\/\\\/www.facebook.com\\\/manuelignacio.cabezasgonzalez\",\"https:\\\/\\\/x.com\\\/ManuelICabezas\"]}]}<\/script>\n<!-- \/ Yoast SEO plugin. -->","yoast_head_json":{"title":"\"Yo pongo el postre\" - Revista Rambla","robots":{"index":"index","follow":"follow","max-snippet":"max-snippet:-1","max-image-preview":"max-image-preview:large","max-video-preview":"max-video-preview:-1"},"canonical":"https:\/\/www.revistarambla.com\/en\/yo-pongo-el-postre\/","og_locale":"en_GB","og_type":"article","og_title":"\"Yo pongo el postre\" - Revista Rambla","og_description":"A finales de octubre de 2022, los medios se hicieron eco de la iniciativa del alcalde de Xirivella, el socialista Michel Montaner, difundida en un tweet que reza as\u00ed: \u201cYo pongo el postre. Quiero cenar en tu casa. Quiero hablar contigo y con tu familia sobre las cosas de Xirivella\u201d. [&hellip;]","og_url":"https:\/\/www.revistarambla.com\/en\/yo-pongo-el-postre\/","og_site_name":"Revista Rambla","article_publisher":"https:\/\/www.facebook.com\/revistarambla\/","article_author":"https:\/\/www.facebook.com\/manuelignacio.cabezasgonzalez","article_published_time":"2022-11-15T10:40:24+00:00","article_modified_time":"2025-01-23T20:40:32+00:00","og_image":[{"width":501,"height":281,"url":"https:\/\/www.revistarambla.com\/wp-content\/uploads\/2022\/11\/cabezas.png","type":"image\/png"}],"author":"Manuel Ignacio Cabezas Gonz\u00e1lez","twitter_card":"summary_large_image","twitter_creator":"@ManuelICabezas","twitter_site":"@revistarambla","twitter_misc":{"Written by":"Manuel Ignacio Cabezas Gonz\u00e1lez","Estimated reading time":"6 minutes"},"schema":{"@context":"https:\/\/schema.org","@graph":[{"@type":"Article","@id":"https:\/\/www.revistarambla.com\/yo-pongo-el-postre\/#article","isPartOf":{"@id":"https:\/\/www.revistarambla.com\/yo-pongo-el-postre\/"},"author":{"name":"Manuel Ignacio Cabezas Gonz\u00e1lez","@id":"https:\/\/www.revistarambla.com\/#\/schema\/person\/3d71c575842522757de7f4f9c9b40215"},"headline":"\u00abYo pongo el postre\u00bb","datePublished":"2022-11-15T10:40:24+00:00","dateModified":"2025-01-23T20:40:32+00:00","mainEntityOfPage":{"@id":"https:\/\/www.revistarambla.com\/yo-pongo-el-postre\/"},"wordCount":1276,"commentCount":0,"publisher":{"@id":"https:\/\/www.revistarambla.com\/#organization"},"image":{"@id":"https:\/\/www.revistarambla.com\/yo-pongo-el-postre\/#primaryimage"},"thumbnailUrl":"https:\/\/www.revistarambla.com\/wp-content\/uploads\/2022\/11\/cabezas.png","articleSection":["Cantando las verdades"],"inLanguage":"en-GB","potentialAction":[{"@type":"CommentAction","name":"Comment","target":["https:\/\/www.revistarambla.com\/yo-pongo-el-postre\/#respond"]}]},{"@type":"WebPage","@id":"https:\/\/www.revistarambla.com\/yo-pongo-el-postre\/","url":"https:\/\/www.revistarambla.com\/yo-pongo-el-postre\/","name":"\"Yo pongo el postre\" - Revista Rambla","isPartOf":{"@id":"https:\/\/www.revistarambla.com\/#website"},"primaryImageOfPage":{"@id":"https:\/\/www.revistarambla.com\/yo-pongo-el-postre\/#primaryimage"},"image":{"@id":"https:\/\/www.revistarambla.com\/yo-pongo-el-postre\/#primaryimage"},"thumbnailUrl":"https:\/\/www.revistarambla.com\/wp-content\/uploads\/2022\/11\/cabezas.png","datePublished":"2022-11-15T10:40:24+00:00","dateModified":"2025-01-23T20:40:32+00:00","breadcrumb":{"@id":"https:\/\/www.revistarambla.com\/yo-pongo-el-postre\/#breadcrumb"},"inLanguage":"en-GB","potentialAction":[{"@type":"ReadAction","target":["https:\/\/www.revistarambla.com\/yo-pongo-el-postre\/"]}]},{"@type":"ImageObject","inLanguage":"en-GB","@id":"https:\/\/www.revistarambla.com\/yo-pongo-el-postre\/#primaryimage","url":"https:\/\/www.revistarambla.com\/wp-content\/uploads\/2022\/11\/cabezas.png","contentUrl":"https:\/\/www.revistarambla.com\/wp-content\/uploads\/2022\/11\/cabezas.png","width":501,"height":281},{"@type":"BreadcrumbList","@id":"https:\/\/www.revistarambla.com\/yo-pongo-el-postre\/#breadcrumb","itemListElement":[{"@type":"ListItem","position":1,"name":"Portada","item":"https:\/\/www.revistarambla.com\/"},{"@type":"ListItem","position":2,"name":"\u00abYo pongo el postre\u00bb"}]},{"@type":"WebSite","@id":"https:\/\/www.revistarambla.com\/#website","url":"https:\/\/www.revistarambla.com\/","name":"Revista Rambla Barcelona","description":"Periodismo independiente","publisher":{"@id":"https:\/\/www.revistarambla.com\/#organization"},"potentialAction":[{"@type":"SearchAction","target":{"@type":"EntryPoint","urlTemplate":"https:\/\/www.revistarambla.com\/?s={search_term_string}"},"query-input":{"@type":"PropertyValueSpecification","valueRequired":true,"valueName":"search_term_string"}}],"inLanguage":"en-GB"},{"@type":"Organization","@id":"https:\/\/www.revistarambla.com\/#organization","name":"Revista Rambla","url":"https:\/\/www.revistarambla.com\/","logo":{"@type":"ImageObject","inLanguage":"en-GB","@id":"https:\/\/www.revistarambla.com\/#\/schema\/logo\/image\/","url":"https:\/\/www.revistarambla.com\/wp-content\/uploads\/2020\/09\/banner_rambla_1900x600_BB.png","contentUrl":"https:\/\/www.revistarambla.com\/wp-content\/uploads\/2020\/09\/banner_rambla_1900x600_BB.png","width":1900,"height":600,"caption":"Revista Rambla"},"image":{"@id":"https:\/\/www.revistarambla.com\/#\/schema\/logo\/image\/"},"sameAs":["https:\/\/www.facebook.com\/revistarambla\/","https:\/\/x.com\/revistarambla","https:\/\/www.instagram.com\/revista_rambla","https:\/\/es.linkedin.com\/company\/revista-rambla"]},{"@type":"Person","@id":"https:\/\/www.revistarambla.com\/#\/schema\/person\/3d71c575842522757de7f4f9c9b40215","name":"Manuel Ignacio Cabezas Gonz\u00e1lez","description":"Doctor en Didactolog\u00eda de las Lenguas y de las Culturas. Profesor Titular de Ling\u00fc\u00edstica y de Ling\u00fc\u00edstica Aplicada. Departamento de Filolog\u00eda Francesa y Rom\u00e1nica (UAB).","sameAs":["http:\/\/honrad.blogspot.com\/","https:\/\/www.facebook.com\/manuelignacio.cabezasgonzalez","https:\/\/x.com\/ManuelICabezas"]}]}},"_links":{"self":[{"href":"https:\/\/www.revistarambla.com\/en\/wp-json\/wp\/v2\/posts\/50837","targetHints":{"allow":["GET"]}}],"collection":[{"href":"https:\/\/www.revistarambla.com\/en\/wp-json\/wp\/v2\/posts"}],"about":[{"href":"https:\/\/www.revistarambla.com\/en\/wp-json\/wp\/v2\/types\/post"}],"author":[{"embeddable":true,"href":"https:\/\/www.revistarambla.com\/en\/wp-json\/wp\/v2\/users\/17"}],"replies":[{"embeddable":true,"href":"https:\/\/www.revistarambla.com\/en\/wp-json\/wp\/v2\/comments?post=50837"}],"version-history":[{"count":1,"href":"https:\/\/www.revistarambla.com\/en\/wp-json\/wp\/v2\/posts\/50837\/revisions"}],"predecessor-version":[{"id":50839,"href":"https:\/\/www.revistarambla.com\/en\/wp-json\/wp\/v2\/posts\/50837\/revisions\/50839"}],"wp:featuredmedia":[{"embeddable":true,"href":"https:\/\/www.revistarambla.com\/en\/wp-json\/wp\/v2\/media\/50838"}],"wp:attachment":[{"href":"https:\/\/www.revistarambla.com\/en\/wp-json\/wp\/v2\/media?parent=50837"}],"wp:term":[{"taxonomy":"category","embeddable":true,"href":"https:\/\/www.revistarambla.com\/en\/wp-json\/wp\/v2\/categories?post=50837"},{"taxonomy":"post_tag","embeddable":true,"href":"https:\/\/www.revistarambla.com\/en\/wp-json\/wp\/v2\/tags?post=50837"}],"curies":[{"name":"wp","href":"https:\/\/api.w.org\/{rel}","templated":true}]}}