{"id":50827,"date":"2022-11-14T17:21:55","date_gmt":"2022-11-14T16:21:55","guid":{"rendered":"https:\/\/www.revistarambla.com\/?p=50827"},"modified":"2022-11-14T17:21:55","modified_gmt":"2022-11-14T16:21:55","slug":"fabula-de-la-jefa-de-los-robots-de-oro-en-la-comunidad-de-madrid","status":"publish","type":"post","link":"https:\/\/www.revistarambla.com\/en\/fabula-de-la-jefa-de-los-robots-de-oro-en-la-comunidad-de-madrid\/","title":{"rendered":"F\u00e1bula de la jefa de los robots de oro en la Comunidad de Madrid"},"content":{"rendered":"<p>Hace mucho tiempo, en una galaxia muy, muy lejana\u2026 una tormenta de asteroides da\u00f1\u00f3 una nave de otro planeta y una c\u00e1psula de supervivencia aterriz\u00f3 en los l\u00edmites del centro de un planeta llamado Distop\u00eda. De su interior apareci\u00f3 un modelo ins\u00f3lito de androide. Un modelo ya obsoleto, que obedec\u00eda a la clase Tom\u00e1s Moro C4BO. Aquel individuo extra\u00f1o y vestido de forma exc\u00e9ntrica, enseguida fue encadenado por los robots guardianes de color plata, y llevado ante la presencia de una dorada robot femenina, que ostentaba el cargo de jefa de los robots de oro de la Comunidad de Madrid.<\/p>\n<p>\u2015\u00bfDe d\u00f3nde vienes extra\u00f1o robot arcaico? \u2015pregunt\u00f3 la gobernante de aquel fabuloso planeta.<\/p>\n<p>\u2015Vengo de un planeta lejano llamado Utop\u00eda \u2015contest\u00f3 el robot extranjero.<\/p>\n<p>\u2015Pues has tenido suerte de llegar hasta aqu\u00ed, puesto que este es un planeta dist\u00f3pico mucho mejor que el vuestro y con una organizaci\u00f3n ideal.<\/p>\n<p>\u2015Siento discrepar, pero mientras ven\u00eda hacia aqu\u00ed, he visto las caras de vuestros robots de bronce y parec\u00edan estar muy afligidos.<\/p>\n<p>\u2015\u00bfAfligidos? Pero si les acabamos de subir el sueldo un seis por ciento.<\/p>\n<p>\u2015En realidad no les hab\u00e9is subido su sueldo. Cuando me conect\u00e9 a la Internet de este planeta descubr\u00ed que la inflaci\u00f3n de este planeta es de un siente con tres. Lo que hab\u00e9is hecho es forzar a la quiebra a las empresas m\u00e1s peque\u00f1as, que tienen contratos firmados por muchos a\u00f1os y no pueden asumir esa subida salarial.<\/p>\n<p>\u2015\u00bfY eso para qu\u00e9?<\/p>\n<p>\u2015As\u00ed quedar\u00e1n muy pocas empresas y todas estar\u00e1n bajo vuestro control absoluto.<\/p>\n<p>\u2015Quiz\u00e1 sea cierto. No me lo han comentado mis consejeros. Pero es tan irrelevante, que reconozco que nunca lo hab\u00eda pensado \u2015admiti\u00f3 la jefa de los robots dorados de la Comunidad de Madrid.<\/p>\n<p>\u2015Deber\u00eda haber un robot que velara por los derechos de los robots de bronce.<\/p>\n<p>\u2015Ya lo hay.<\/p>\n<p>\u2015Pero es un robot de bronce que ha sido ascendido a la clase de oro. Ahora es uno de vuestros secuaces. Ante un conflicto no se puede posicionar de los dos lados a la vez. En otras palabras, no puede ser a la vez un robot de oro y un robot de bronce.<\/p>\n<p>\u2015Yo no tengo la culpa de que \u00abel robot sea un lobo para el robot\u00bb. Ven\u00eds de un viejo planeta muy diferente.<\/p>\n<p>\u2015En efecto, yo vengo de un planeta muy diferente. Los ut\u00f3picos quiz\u00e1 somos inferiores porque no tenemos una organizaci\u00f3n ideal, pero somos superiores en otros aspectos, porque al contrario del vuestro, nuestro modelo no basa en la esclavitud.<\/p>\n<p>\u2015\u00bfEsclavitud? Eso es absurdo. No hay esclavitud en el planeta Distop\u00eda, al menos mientras yo sea la jefa de los robots de oro, de la Comunidad de Madrid.<\/p>\n<p>\u2015Pues viniendo hac\u00eda aqu\u00ed le pregunt\u00e9 a un robot de bronce por su tiempo libre y me dijo que carec\u00eda de \u00e9l y que no le importaba, porque sin dinero el tiempo libre es una cosa sobrevalorada.<\/p>\n<p>\u2015Aqu\u00ed no hay esclavos. Entre otras cosas porque la esclavitud es algo humano y aqu\u00ed todos los trabajadores son robots de bronce.<\/p>\n<p>\u2015Eso mismo le dijeron a los robots de mi planeta. Pero un d\u00eda sucedi\u00f3 algo que nos abri\u00f3 a los ojos de par en par a todos. Hab\u00eda un robot de bronce que empez\u00f3 a cambiar de color. De hecho, nunca llevaba el uniforme de forma correcta. Hasta que de repente, enloqueci\u00f3. Tuvimos que desconectarlo. Cuando lo estudiamos para ver qu\u00e9 hab\u00eda sucedido, descubrimos que debajo de la armadura de bronce hab\u00eda un coraz\u00f3n. En otras palabras, en lugar de desconectarlo deber\u00edamos haberlo llevado a ver un doctor, es decir, a la sanidad p\u00fablica.<\/p>\n<p>\u2015\u00bfTodav\u00eda ten\u00e9is en vuestro planeta sanidad p\u00fablica? Aqu\u00ed hace mucho tiempo que suprimimos la sanidad p\u00fablica. No era necesaria. \u00bfPara qu\u00e9 gastar dinero p\u00fablico en los robots de bronce? Son robots al fin y al cabo.<\/p>\n<p>\u2015S\u00ed, tenemos todav\u00eda sanidad p\u00fablica. De hecho, ahora mismo hay una marea blanca en contra de nuestros gobernantes porque la est\u00e1n desmantelando. Pero os dir\u00e9 algo: por lo que he visto vuestro planeta no es tan perfecto, pronto aqu\u00ed tambi\u00e9n habr\u00e1 una huelga de los robots de bronce.<\/p>\n<p>\u2015\u00bfUna huelga de los robots de bronce? \u00bfPor qu\u00e9?<\/p>\n<p>\u2015Porque los robots de bronce aqu\u00ed tambi\u00e9n descubrir\u00e1n que no son robots, son humanos.<\/p>\n<p>\u2015\u00a1Guardias! Quiero que decapiten a este viejo y loco robot. Es un ut\u00f3pico que sue\u00f1a con los humanos y con traer el atraso de nuevo, a nuestra rob\u00f3tica civilizaci\u00f3n ideal.<\/p>\n<p>Cuenta la leyenda que cuando iba subiendo al cadalso aquel viejo robot, modelo Tom\u00e1s Moro C4BO, gast\u00f3 un broma a su verdugo, al pedirle ayuda para subir, alegando que para bajar se arreglar\u00eda por s\u00ed mismo.<\/p>","protected":false},"excerpt":{"rendered":"<p>Hace mucho tiempo, en una galaxia muy, muy lejana\u2026 una tormenta de asteroides da\u00f1\u00f3 una nave de otro planeta y una c\u00e1psula de supervivencia aterriz\u00f3 en los l\u00edmites del centro de un planeta llamado Distop\u00eda. De su interior apareci\u00f3 un modelo ins\u00f3lito de androide. Un modelo ya obsoleto, que obedec\u00eda [&hellip;]<\/p>\n","protected":false},"author":294,"featured_media":50828,"comment_status":"open","ping_status":"closed","sticky":false,"template":"","format":"standard","meta":{"footnotes":""},"categories":[3908],"tags":[],"class_list":["post-50827","post","type-post","status-publish","format-standard","has-post-thumbnail","hentry","category-la-bodeguita-de-hemingway"],"yoast_head":"<!-- This site is optimized with the Yoast SEO plugin v27.5 - https:\/\/yoast.com\/product\/yoast-seo-wordpress\/ -->\n<title>F\u00e1bula de la jefa de los robots de oro en la Comunidad de Madrid - Revista Rambla<\/title>\n<meta name=\"robots\" content=\"index, follow, max-snippet:-1, max-image-preview:large, max-video-preview:-1\" \/>\n<link rel=\"canonical\" href=\"https:\/\/www.revistarambla.com\/en\/fabula-de-la-jefa-de-los-robots-de-oro-en-la-comunidad-de-madrid\/\" \/>\n<meta property=\"og:locale\" content=\"en_GB\" \/>\n<meta property=\"og:type\" content=\"article\" \/>\n<meta property=\"og:title\" content=\"F\u00e1bula de la jefa de los robots de oro en la Comunidad de Madrid - Revista Rambla\" \/>\n<meta property=\"og:description\" content=\"Hace mucho tiempo, en una galaxia muy, muy lejana\u2026 una tormenta de asteroides da\u00f1\u00f3 una nave de otro planeta y una c\u00e1psula de supervivencia aterriz\u00f3 en los l\u00edmites del centro de un planeta llamado Distop\u00eda. De su interior apareci\u00f3 un modelo ins\u00f3lito de androide. Un modelo ya obsoleto, que obedec\u00eda [&hellip;]\" \/>\n<meta property=\"og:url\" content=\"https:\/\/www.revistarambla.com\/en\/fabula-de-la-jefa-de-los-robots-de-oro-en-la-comunidad-de-madrid\/\" \/>\n<meta property=\"og:site_name\" content=\"Revista Rambla\" \/>\n<meta property=\"article:publisher\" content=\"https:\/\/www.facebook.com\/revistarambla\/\" \/>\n<meta property=\"article:published_time\" content=\"2022-11-14T16:21:55+00:00\" \/>\n<meta property=\"og:image\" content=\"https:\/\/www.revistarambla.com\/wp-content\/uploads\/2022\/11\/ROBOTS-MADRID.webp\" \/>\n\t<meta property=\"og:image:width\" content=\"980\" \/>\n\t<meta property=\"og:image:height\" content=\"600\" \/>\n\t<meta property=\"og:image:type\" content=\"image\/webp\" \/>\n<meta name=\"author\" content=\"Jos\u00e9 Antonio Gamero Romero\" \/>\n<meta name=\"twitter:card\" content=\"summary_large_image\" \/>\n<meta name=\"twitter:creator\" content=\"@revistarambla\" \/>\n<meta name=\"twitter:site\" content=\"@revistarambla\" \/>\n<meta name=\"twitter:label1\" content=\"Written by\" \/>\n\t<meta name=\"twitter:data1\" content=\"Jos\u00e9 Antonio Gamero Romero\" \/>\n\t<meta name=\"twitter:label2\" content=\"Estimated reading time\" \/>\n\t<meta name=\"twitter:data2\" content=\"4 minutes\" \/>\n<script type=\"application\/ld+json\" class=\"yoast-schema-graph\">{\"@context\":\"https:\\\/\\\/schema.org\",\"@graph\":[{\"@type\":\"Article\",\"@id\":\"https:\\\/\\\/www.revistarambla.com\\\/fabula-de-la-jefa-de-los-robots-de-oro-en-la-comunidad-de-madrid\\\/#article\",\"isPartOf\":{\"@id\":\"https:\\\/\\\/www.revistarambla.com\\\/fabula-de-la-jefa-de-los-robots-de-oro-en-la-comunidad-de-madrid\\\/\"},\"author\":{\"name\":\"Jos\u00e9 Antonio Gamero Romero\",\"@id\":\"https:\\\/\\\/www.revistarambla.com\\\/#\\\/schema\\\/person\\\/94294f57cf4910853e3280fda7339bfc\"},\"headline\":\"F\u00e1bula de la jefa de los robots de oro en la Comunidad de Madrid\",\"datePublished\":\"2022-11-14T16:21:55+00:00\",\"mainEntityOfPage\":{\"@id\":\"https:\\\/\\\/www.revistarambla.com\\\/fabula-de-la-jefa-de-los-robots-de-oro-en-la-comunidad-de-madrid\\\/\"},\"wordCount\":846,\"commentCount\":0,\"publisher\":{\"@id\":\"https:\\\/\\\/www.revistarambla.com\\\/#organization\"},\"image\":{\"@id\":\"https:\\\/\\\/www.revistarambla.com\\\/fabula-de-la-jefa-de-los-robots-de-oro-en-la-comunidad-de-madrid\\\/#primaryimage\"},\"thumbnailUrl\":\"https:\\\/\\\/www.revistarambla.com\\\/wp-content\\\/uploads\\\/2022\\\/11\\\/ROBOTS-MADRID.webp\",\"articleSection\":[\"La bodeguita de Hemingway\"],\"inLanguage\":\"en-GB\",\"potentialAction\":[{\"@type\":\"CommentAction\",\"name\":\"Comment\",\"target\":[\"https:\\\/\\\/www.revistarambla.com\\\/fabula-de-la-jefa-de-los-robots-de-oro-en-la-comunidad-de-madrid\\\/#respond\"]}]},{\"@type\":\"WebPage\",\"@id\":\"https:\\\/\\\/www.revistarambla.com\\\/fabula-de-la-jefa-de-los-robots-de-oro-en-la-comunidad-de-madrid\\\/\",\"url\":\"https:\\\/\\\/www.revistarambla.com\\\/fabula-de-la-jefa-de-los-robots-de-oro-en-la-comunidad-de-madrid\\\/\",\"name\":\"F\u00e1bula de la jefa de los robots de oro en la Comunidad de Madrid - Revista Rambla\",\"isPartOf\":{\"@id\":\"https:\\\/\\\/www.revistarambla.com\\\/#website\"},\"primaryImageOfPage\":{\"@id\":\"https:\\\/\\\/www.revistarambla.com\\\/fabula-de-la-jefa-de-los-robots-de-oro-en-la-comunidad-de-madrid\\\/#primaryimage\"},\"image\":{\"@id\":\"https:\\\/\\\/www.revistarambla.com\\\/fabula-de-la-jefa-de-los-robots-de-oro-en-la-comunidad-de-madrid\\\/#primaryimage\"},\"thumbnailUrl\":\"https:\\\/\\\/www.revistarambla.com\\\/wp-content\\\/uploads\\\/2022\\\/11\\\/ROBOTS-MADRID.webp\",\"datePublished\":\"2022-11-14T16:21:55+00:00\",\"breadcrumb\":{\"@id\":\"https:\\\/\\\/www.revistarambla.com\\\/fabula-de-la-jefa-de-los-robots-de-oro-en-la-comunidad-de-madrid\\\/#breadcrumb\"},\"inLanguage\":\"en-GB\",\"potentialAction\":[{\"@type\":\"ReadAction\",\"target\":[\"https:\\\/\\\/www.revistarambla.com\\\/fabula-de-la-jefa-de-los-robots-de-oro-en-la-comunidad-de-madrid\\\/\"]}]},{\"@type\":\"ImageObject\",\"inLanguage\":\"en-GB\",\"@id\":\"https:\\\/\\\/www.revistarambla.com\\\/fabula-de-la-jefa-de-los-robots-de-oro-en-la-comunidad-de-madrid\\\/#primaryimage\",\"url\":\"https:\\\/\\\/www.revistarambla.com\\\/wp-content\\\/uploads\\\/2022\\\/11\\\/ROBOTS-MADRID.webp\",\"contentUrl\":\"https:\\\/\\\/www.revistarambla.com\\\/wp-content\\\/uploads\\\/2022\\\/11\\\/ROBOTS-MADRID.webp\",\"width\":980,\"height\":600},{\"@type\":\"BreadcrumbList\",\"@id\":\"https:\\\/\\\/www.revistarambla.com\\\/fabula-de-la-jefa-de-los-robots-de-oro-en-la-comunidad-de-madrid\\\/#breadcrumb\",\"itemListElement\":[{\"@type\":\"ListItem\",\"position\":1,\"name\":\"Portada\",\"item\":\"https:\\\/\\\/www.revistarambla.com\\\/\"},{\"@type\":\"ListItem\",\"position\":2,\"name\":\"F\u00e1bula de la jefa de los robots de oro en la Comunidad de Madrid\"}]},{\"@type\":\"WebSite\",\"@id\":\"https:\\\/\\\/www.revistarambla.com\\\/#website\",\"url\":\"https:\\\/\\\/www.revistarambla.com\\\/\",\"name\":\"Revista Rambla Barcelona\",\"description\":\"Periodismo independiente\",\"publisher\":{\"@id\":\"https:\\\/\\\/www.revistarambla.com\\\/#organization\"},\"potentialAction\":[{\"@type\":\"SearchAction\",\"target\":{\"@type\":\"EntryPoint\",\"urlTemplate\":\"https:\\\/\\\/www.revistarambla.com\\\/?s={search_term_string}\"},\"query-input\":{\"@type\":\"PropertyValueSpecification\",\"valueRequired\":true,\"valueName\":\"search_term_string\"}}],\"inLanguage\":\"en-GB\"},{\"@type\":\"Organization\",\"@id\":\"https:\\\/\\\/www.revistarambla.com\\\/#organization\",\"name\":\"Revista Rambla\",\"url\":\"https:\\\/\\\/www.revistarambla.com\\\/\",\"logo\":{\"@type\":\"ImageObject\",\"inLanguage\":\"en-GB\",\"@id\":\"https:\\\/\\\/www.revistarambla.com\\\/#\\\/schema\\\/logo\\\/image\\\/\",\"url\":\"https:\\\/\\\/www.revistarambla.com\\\/wp-content\\\/uploads\\\/2020\\\/09\\\/banner_rambla_1900x600_BB.png\",\"contentUrl\":\"https:\\\/\\\/www.revistarambla.com\\\/wp-content\\\/uploads\\\/2020\\\/09\\\/banner_rambla_1900x600_BB.png\",\"width\":1900,\"height\":600,\"caption\":\"Revista Rambla\"},\"image\":{\"@id\":\"https:\\\/\\\/www.revistarambla.com\\\/#\\\/schema\\\/logo\\\/image\\\/\"},\"sameAs\":[\"https:\\\/\\\/www.facebook.com\\\/revistarambla\\\/\",\"https:\\\/\\\/x.com\\\/revistarambla\",\"https:\\\/\\\/www.instagram.com\\\/revista_rambla\",\"https:\\\/\\\/es.linkedin.com\\\/company\\\/revista-rambla\"]},{\"@type\":\"Person\",\"@id\":\"https:\\\/\\\/www.revistarambla.com\\\/#\\\/schema\\\/person\\\/94294f57cf4910853e3280fda7339bfc\",\"name\":\"Jos\u00e9 Antonio Gamero Romero\",\"description\":\"Escritor sevillano finalista del premio Azor\u00edn 2014. Ha publicado en diferentes revistas como Culturamas, E\u00f1e, Visor, etc. Sus libros son: 'La invenci\u00f3n de los gigantes' (Buc\u00e9falo 2016); 'Literatura tridimensional' (Adarve 2018); 'S\u00f3crates no vino a Espa\u00f1a' (Samarcanda 2018); 'La rep\u00fablica del fin del mundo' (Tandaia 2018) y 'La bodeguita de Hemingway'.\"}]}<\/script>\n<!-- \/ Yoast SEO plugin. -->","yoast_head_json":{"title":"F\u00e1bula de la jefa de los robots de oro en la Comunidad de Madrid - Revista Rambla","robots":{"index":"index","follow":"follow","max-snippet":"max-snippet:-1","max-image-preview":"max-image-preview:large","max-video-preview":"max-video-preview:-1"},"canonical":"https:\/\/www.revistarambla.com\/en\/fabula-de-la-jefa-de-los-robots-de-oro-en-la-comunidad-de-madrid\/","og_locale":"en_GB","og_type":"article","og_title":"F\u00e1bula de la jefa de los robots de oro en la Comunidad de Madrid - Revista Rambla","og_description":"Hace mucho tiempo, en una galaxia muy, muy lejana\u2026 una tormenta de asteroides da\u00f1\u00f3 una nave de otro planeta y una c\u00e1psula de supervivencia aterriz\u00f3 en los l\u00edmites del centro de un planeta llamado Distop\u00eda. De su interior apareci\u00f3 un modelo ins\u00f3lito de androide. Un modelo ya obsoleto, que obedec\u00eda [&hellip;]","og_url":"https:\/\/www.revistarambla.com\/en\/fabula-de-la-jefa-de-los-robots-de-oro-en-la-comunidad-de-madrid\/","og_site_name":"Revista Rambla","article_publisher":"https:\/\/www.facebook.com\/revistarambla\/","article_published_time":"2022-11-14T16:21:55+00:00","og_image":[{"width":980,"height":600,"url":"https:\/\/www.revistarambla.com\/wp-content\/uploads\/2022\/11\/ROBOTS-MADRID.webp","type":"image\/webp"}],"author":"Jos\u00e9 Antonio Gamero Romero","twitter_card":"summary_large_image","twitter_creator":"@revistarambla","twitter_site":"@revistarambla","twitter_misc":{"Written by":"Jos\u00e9 Antonio Gamero Romero","Estimated reading time":"4 minutes"},"schema":{"@context":"https:\/\/schema.org","@graph":[{"@type":"Article","@id":"https:\/\/www.revistarambla.com\/fabula-de-la-jefa-de-los-robots-de-oro-en-la-comunidad-de-madrid\/#article","isPartOf":{"@id":"https:\/\/www.revistarambla.com\/fabula-de-la-jefa-de-los-robots-de-oro-en-la-comunidad-de-madrid\/"},"author":{"name":"Jos\u00e9 Antonio Gamero Romero","@id":"https:\/\/www.revistarambla.com\/#\/schema\/person\/94294f57cf4910853e3280fda7339bfc"},"headline":"F\u00e1bula de la jefa de los robots de oro en la Comunidad de Madrid","datePublished":"2022-11-14T16:21:55+00:00","mainEntityOfPage":{"@id":"https:\/\/www.revistarambla.com\/fabula-de-la-jefa-de-los-robots-de-oro-en-la-comunidad-de-madrid\/"},"wordCount":846,"commentCount":0,"publisher":{"@id":"https:\/\/www.revistarambla.com\/#organization"},"image":{"@id":"https:\/\/www.revistarambla.com\/fabula-de-la-jefa-de-los-robots-de-oro-en-la-comunidad-de-madrid\/#primaryimage"},"thumbnailUrl":"https:\/\/www.revistarambla.com\/wp-content\/uploads\/2022\/11\/ROBOTS-MADRID.webp","articleSection":["La bodeguita de Hemingway"],"inLanguage":"en-GB","potentialAction":[{"@type":"CommentAction","name":"Comment","target":["https:\/\/www.revistarambla.com\/fabula-de-la-jefa-de-los-robots-de-oro-en-la-comunidad-de-madrid\/#respond"]}]},{"@type":"WebPage","@id":"https:\/\/www.revistarambla.com\/fabula-de-la-jefa-de-los-robots-de-oro-en-la-comunidad-de-madrid\/","url":"https:\/\/www.revistarambla.com\/fabula-de-la-jefa-de-los-robots-de-oro-en-la-comunidad-de-madrid\/","name":"F\u00e1bula de la jefa de los robots de oro en la Comunidad de Madrid - Revista Rambla","isPartOf":{"@id":"https:\/\/www.revistarambla.com\/#website"},"primaryImageOfPage":{"@id":"https:\/\/www.revistarambla.com\/fabula-de-la-jefa-de-los-robots-de-oro-en-la-comunidad-de-madrid\/#primaryimage"},"image":{"@id":"https:\/\/www.revistarambla.com\/fabula-de-la-jefa-de-los-robots-de-oro-en-la-comunidad-de-madrid\/#primaryimage"},"thumbnailUrl":"https:\/\/www.revistarambla.com\/wp-content\/uploads\/2022\/11\/ROBOTS-MADRID.webp","datePublished":"2022-11-14T16:21:55+00:00","breadcrumb":{"@id":"https:\/\/www.revistarambla.com\/fabula-de-la-jefa-de-los-robots-de-oro-en-la-comunidad-de-madrid\/#breadcrumb"},"inLanguage":"en-GB","potentialAction":[{"@type":"ReadAction","target":["https:\/\/www.revistarambla.com\/fabula-de-la-jefa-de-los-robots-de-oro-en-la-comunidad-de-madrid\/"]}]},{"@type":"ImageObject","inLanguage":"en-GB","@id":"https:\/\/www.revistarambla.com\/fabula-de-la-jefa-de-los-robots-de-oro-en-la-comunidad-de-madrid\/#primaryimage","url":"https:\/\/www.revistarambla.com\/wp-content\/uploads\/2022\/11\/ROBOTS-MADRID.webp","contentUrl":"https:\/\/www.revistarambla.com\/wp-content\/uploads\/2022\/11\/ROBOTS-MADRID.webp","width":980,"height":600},{"@type":"BreadcrumbList","@id":"https:\/\/www.revistarambla.com\/fabula-de-la-jefa-de-los-robots-de-oro-en-la-comunidad-de-madrid\/#breadcrumb","itemListElement":[{"@type":"ListItem","position":1,"name":"Portada","item":"https:\/\/www.revistarambla.com\/"},{"@type":"ListItem","position":2,"name":"F\u00e1bula de la jefa de los robots de oro en la Comunidad de Madrid"}]},{"@type":"WebSite","@id":"https:\/\/www.revistarambla.com\/#website","url":"https:\/\/www.revistarambla.com\/","name":"Revista Rambla Barcelona","description":"Periodismo independiente","publisher":{"@id":"https:\/\/www.revistarambla.com\/#organization"},"potentialAction":[{"@type":"SearchAction","target":{"@type":"EntryPoint","urlTemplate":"https:\/\/www.revistarambla.com\/?s={search_term_string}"},"query-input":{"@type":"PropertyValueSpecification","valueRequired":true,"valueName":"search_term_string"}}],"inLanguage":"en-GB"},{"@type":"Organization","@id":"https:\/\/www.revistarambla.com\/#organization","name":"Revista Rambla","url":"https:\/\/www.revistarambla.com\/","logo":{"@type":"ImageObject","inLanguage":"en-GB","@id":"https:\/\/www.revistarambla.com\/#\/schema\/logo\/image\/","url":"https:\/\/www.revistarambla.com\/wp-content\/uploads\/2020\/09\/banner_rambla_1900x600_BB.png","contentUrl":"https:\/\/www.revistarambla.com\/wp-content\/uploads\/2020\/09\/banner_rambla_1900x600_BB.png","width":1900,"height":600,"caption":"Revista Rambla"},"image":{"@id":"https:\/\/www.revistarambla.com\/#\/schema\/logo\/image\/"},"sameAs":["https:\/\/www.facebook.com\/revistarambla\/","https:\/\/x.com\/revistarambla","https:\/\/www.instagram.com\/revista_rambla","https:\/\/es.linkedin.com\/company\/revista-rambla"]},{"@type":"Person","@id":"https:\/\/www.revistarambla.com\/#\/schema\/person\/94294f57cf4910853e3280fda7339bfc","name":"Jos\u00e9 Antonio Gamero Romero","description":"Escritor sevillano finalista del premio Azor\u00edn 2014. Ha publicado en diferentes revistas como Culturamas, E\u00f1e, Visor, etc. Sus libros son: 'La invenci\u00f3n de los gigantes' (Buc\u00e9falo 2016); 'Literatura tridimensional' (Adarve 2018); 'S\u00f3crates no vino a Espa\u00f1a' (Samarcanda 2018); 'La rep\u00fablica del fin del mundo' (Tandaia 2018) y 'La bodeguita de Hemingway'."}]}},"_links":{"self":[{"href":"https:\/\/www.revistarambla.com\/en\/wp-json\/wp\/v2\/posts\/50827","targetHints":{"allow":["GET"]}}],"collection":[{"href":"https:\/\/www.revistarambla.com\/en\/wp-json\/wp\/v2\/posts"}],"about":[{"href":"https:\/\/www.revistarambla.com\/en\/wp-json\/wp\/v2\/types\/post"}],"author":[{"embeddable":true,"href":"https:\/\/www.revistarambla.com\/en\/wp-json\/wp\/v2\/users\/294"}],"replies":[{"embeddable":true,"href":"https:\/\/www.revistarambla.com\/en\/wp-json\/wp\/v2\/comments?post=50827"}],"version-history":[{"count":1,"href":"https:\/\/www.revistarambla.com\/en\/wp-json\/wp\/v2\/posts\/50827\/revisions"}],"predecessor-version":[{"id":50829,"href":"https:\/\/www.revistarambla.com\/en\/wp-json\/wp\/v2\/posts\/50827\/revisions\/50829"}],"wp:featuredmedia":[{"embeddable":true,"href":"https:\/\/www.revistarambla.com\/en\/wp-json\/wp\/v2\/media\/50828"}],"wp:attachment":[{"href":"https:\/\/www.revistarambla.com\/en\/wp-json\/wp\/v2\/media?parent=50827"}],"wp:term":[{"taxonomy":"category","embeddable":true,"href":"https:\/\/www.revistarambla.com\/en\/wp-json\/wp\/v2\/categories?post=50827"},{"taxonomy":"post_tag","embeddable":true,"href":"https:\/\/www.revistarambla.com\/en\/wp-json\/wp\/v2\/tags?post=50827"}],"curies":[{"name":"wp","href":"https:\/\/api.w.org\/{rel}","templated":true}]}}