{"id":50773,"date":"2022-11-12T18:30:17","date_gmt":"2022-11-12T17:30:17","guid":{"rendered":"https:\/\/www.revistarambla.com\/?p=50773"},"modified":"2024-03-01T21:03:30","modified_gmt":"2024-03-01T20:03:30","slug":"lhospitalet-abandona-a-los-mas-vulnerables","status":"publish","type":"post","link":"https:\/\/www.revistarambla.com\/en\/lhospitalet-abandona-a-los-mas-vulnerables\/","title":{"rendered":"L&#8217;Hospitalet abandona a los m\u00e1s vulnerables"},"content":{"rendered":"<p>Que ayuntamientos gobernados por la progres\u00eda hegem\u00f3nica abandonen a sus ciudadanos no es nada nuevo.<!--more--> Sin ir m\u00e1s lejos, diversas entidades sociales de L&#8217;Hospitalet de Llobregat ha constatado que eso sucede en el municipio, gobernado por el PSC y cuya alcaldesa, N\u00faria Mar\u00edn, es tambi\u00e9n la presidenta de la Diputaci\u00f3n Provincial de Barcelona (gracias a un pacto con la derecha <em>indepe<\/em> de Junts).<\/p>\n<p>Las entidades que lo denuncian son de las que est\u00e1n acostumbras a estar al pie del ca\u00f1\u00f3n, a bregar contra la polic\u00eda en los desahucios y a hacer -casi sin recursos- el trabajo de escucha y acompa\u00f1amiento que los entes p\u00fablicos son incapaces de realizar. Estamos hablando del Sindicat de Llogateres de L&#8217;Hospitalet, las PAH&#8217;s de L&#8217;Hospitalet y <a href=\"https:\/\/www.revistarambla.com\/en\/category\/actualidad\/barcelona\/\">Barcelona<\/a> y la Alian\u00e7a Contra la Pobresa Energ\u00e8tica.<\/p>\n<p>Estas entidades hablan claramente de una \u00abemergencia social\u00bb en la ciudad y reclaman un \u00abcambio de actitud urgente y necesario de los Servicios Sociales del ayuntamiento\u00bb. De hecho, se han reunido con Jes\u00fas Husillos, teniente de alcalde de Derechos Sociales, pero, seg\u00fan transmiten, \u00abno est\u00e1 a la altura de las circunstancias\u00bb. Las entidades denuncian que en los \u00faltimos meses han visto como centenares de familias les piden auxilio porque sufren graves problemas de vivienda y de pobreza energ\u00e9tica.<\/p>\n<p>En este sentido, comentan que el tel\u00e9fono de asistencia del ayuntamiento para la asistencia de los ciudadanos m\u00e1s vulnerables \u00abhace meses que no funciona\u00bb (as\u00ed lo habr\u00eda admitido Husillos), con ciudadanos que han tenido que esperar varios meses para obtener una respuesta rid\u00edcula. Tambi\u00e9n constatan una grave falta de personal para atender a las personas y, sorprendentemente, un municipio como <em>L&#8217;Hospi<\/em>, de 260.000 habitantes, dispone de un solo t\u00e9cnico municipal para atender situaciones urgentes de desahucio. De hecho, no hay protocolos para atender a familias con cortes de suministro o de desahucio inminente.<\/p>\n<p>Seg\u00fan explican desde las organizaciones, sus propuestas de mejora han ca\u00eddo en saco roto. Por lo que a partir de esta semana comenzar\u00e1n a preparar movilizaciones para denunciar la situaci\u00f3n que se vive en una de las ciudades que m\u00e1s obreros ha aportado a <a href=\"https:\/\/www.revistarambla.com\/en\/category\/actualidad\/catalunya\/\">Catalunya<\/a>, pero que hoy parece que molesten a determinadas autoridades. Luego, los mismos que hoy les dejan de lado, se escandalizar\u00e1n cuando la extrema derecha cuaje en determinados barrios.<\/p>","protected":false},"excerpt":{"rendered":"<p>As\u00ed lo denuncian diversas entidades sociales, que alertan de que el Ayuntamiento no hace nada por revertir la situaci\u00f3n de pobreza extrema y desprotecci\u00f3n que sufren muchas familias del municipio<\/p>","protected":false},"author":3,"featured_media":50776,"comment_status":"open","ping_status":"closed","sticky":false,"template":"","format":"standard","meta":{"footnotes":""},"categories":[59],"tags":[],"class_list":["post-50773","post","type-post","status-publish","format-standard","has-post-thumbnail","hentry","category-catalunya"],"yoast_head":"<!-- This site is optimized with the Yoast SEO plugin v27.5 - https:\/\/yoast.com\/product\/yoast-seo-wordpress\/ -->\n<title>L&#039;Hospitalet abandona a los m\u00e1s vulnerables - Revista Rambla<\/title>\n<meta name=\"robots\" content=\"index, follow, max-snippet:-1, max-image-preview:large, max-video-preview:-1\" \/>\n<link rel=\"canonical\" href=\"https:\/\/www.revistarambla.com\/en\/lhospitalet-abandona-a-los-mas-vulnerables\/\" \/>\n<meta property=\"og:locale\" content=\"en_GB\" \/>\n<meta property=\"og:type\" content=\"article\" \/>\n<meta property=\"og:title\" content=\"L&#039;Hospitalet abandona a los m\u00e1s vulnerables - Revista Rambla\" \/>\n<meta property=\"og:description\" content=\"As\u00ed lo denuncian diversas entidades sociales, que alertan de que el Ayuntamiento no hace nada por revertir la situaci\u00f3n de pobreza extrema y desprotecci\u00f3n que sufren muchas familias del municipio\" \/>\n<meta property=\"og:url\" content=\"https:\/\/www.revistarambla.com\/en\/lhospitalet-abandona-a-los-mas-vulnerables\/\" \/>\n<meta property=\"og:site_name\" content=\"Revista Rambla\" \/>\n<meta property=\"article:publisher\" content=\"https:\/\/www.facebook.com\/revistarambla\/\" \/>\n<meta property=\"article:author\" content=\"https:\/\/www.facebook.com\/revistarambla\" \/>\n<meta property=\"article:published_time\" content=\"2022-11-12T17:30:17+00:00\" \/>\n<meta property=\"article:modified_time\" content=\"2024-03-01T20:03:30+00:00\" \/>\n<meta property=\"og:image\" content=\"https:\/\/www.revistarambla.com\/wp-content\/uploads\/2022\/11\/1024px-Spain.Catalonia.Hospitalet.Bellvitge.3.jpg\" \/>\n\t<meta property=\"og:image:width\" content=\"1024\" \/>\n\t<meta property=\"og:image:height\" content=\"683\" \/>\n\t<meta property=\"og:image:type\" content=\"image\/jpeg\" \/>\n<meta name=\"author\" content=\"R@mbla\" \/>\n<meta name=\"twitter:card\" content=\"summary_large_image\" \/>\n<meta name=\"twitter:creator\" content=\"@revistarambla\" \/>\n<meta name=\"twitter:site\" content=\"@revistarambla\" \/>\n<meta name=\"twitter:label1\" content=\"Written by\" \/>\n\t<meta name=\"twitter:data1\" content=\"R@mbla\" \/>\n\t<meta name=\"twitter:label2\" content=\"Estimated reading time\" \/>\n\t<meta name=\"twitter:data2\" content=\"2 minutes\" \/>\n<script type=\"application\/ld+json\" class=\"yoast-schema-graph\">{\"@context\":\"https:\\\/\\\/schema.org\",\"@graph\":[{\"@type\":\"Article\",\"@id\":\"https:\\\/\\\/www.revistarambla.com\\\/lhospitalet-abandona-a-los-mas-vulnerables\\\/#article\",\"isPartOf\":{\"@id\":\"https:\\\/\\\/www.revistarambla.com\\\/lhospitalet-abandona-a-los-mas-vulnerables\\\/\"},\"author\":{\"name\":\"R@mbla\",\"@id\":\"https:\\\/\\\/www.revistarambla.com\\\/#\\\/schema\\\/person\\\/a146a5a2550b94981a75131180e1bd9c\"},\"headline\":\"L&#8217;Hospitalet abandona a los m\u00e1s vulnerables\",\"datePublished\":\"2022-11-12T17:30:17+00:00\",\"dateModified\":\"2024-03-01T20:03:30+00:00\",\"mainEntityOfPage\":{\"@id\":\"https:\\\/\\\/www.revistarambla.com\\\/lhospitalet-abandona-a-los-mas-vulnerables\\\/\"},\"wordCount\":414,\"commentCount\":0,\"publisher\":{\"@id\":\"https:\\\/\\\/www.revistarambla.com\\\/#organization\"},\"image\":{\"@id\":\"https:\\\/\\\/www.revistarambla.com\\\/lhospitalet-abandona-a-los-mas-vulnerables\\\/#primaryimage\"},\"thumbnailUrl\":\"https:\\\/\\\/www.revistarambla.com\\\/wp-content\\\/uploads\\\/2022\\\/11\\\/1024px-Spain.Catalonia.Hospitalet.Bellvitge.3.jpg\",\"articleSection\":[\"Catalunya\"],\"inLanguage\":\"en-GB\",\"potentialAction\":[{\"@type\":\"CommentAction\",\"name\":\"Comment\",\"target\":[\"https:\\\/\\\/www.revistarambla.com\\\/lhospitalet-abandona-a-los-mas-vulnerables\\\/#respond\"]}]},{\"@type\":\"WebPage\",\"@id\":\"https:\\\/\\\/www.revistarambla.com\\\/lhospitalet-abandona-a-los-mas-vulnerables\\\/\",\"url\":\"https:\\\/\\\/www.revistarambla.com\\\/lhospitalet-abandona-a-los-mas-vulnerables\\\/\",\"name\":\"L'Hospitalet abandona a los m\u00e1s vulnerables - Revista Rambla\",\"isPartOf\":{\"@id\":\"https:\\\/\\\/www.revistarambla.com\\\/#website\"},\"primaryImageOfPage\":{\"@id\":\"https:\\\/\\\/www.revistarambla.com\\\/lhospitalet-abandona-a-los-mas-vulnerables\\\/#primaryimage\"},\"image\":{\"@id\":\"https:\\\/\\\/www.revistarambla.com\\\/lhospitalet-abandona-a-los-mas-vulnerables\\\/#primaryimage\"},\"thumbnailUrl\":\"https:\\\/\\\/www.revistarambla.com\\\/wp-content\\\/uploads\\\/2022\\\/11\\\/1024px-Spain.Catalonia.Hospitalet.Bellvitge.3.jpg\",\"datePublished\":\"2022-11-12T17:30:17+00:00\",\"dateModified\":\"2024-03-01T20:03:30+00:00\",\"breadcrumb\":{\"@id\":\"https:\\\/\\\/www.revistarambla.com\\\/lhospitalet-abandona-a-los-mas-vulnerables\\\/#breadcrumb\"},\"inLanguage\":\"en-GB\",\"potentialAction\":[{\"@type\":\"ReadAction\",\"target\":[\"https:\\\/\\\/www.revistarambla.com\\\/lhospitalet-abandona-a-los-mas-vulnerables\\\/\"]}]},{\"@type\":\"ImageObject\",\"inLanguage\":\"en-GB\",\"@id\":\"https:\\\/\\\/www.revistarambla.com\\\/lhospitalet-abandona-a-los-mas-vulnerables\\\/#primaryimage\",\"url\":\"https:\\\/\\\/www.revistarambla.com\\\/wp-content\\\/uploads\\\/2022\\\/11\\\/1024px-Spain.Catalonia.Hospitalet.Bellvitge.3.jpg\",\"contentUrl\":\"https:\\\/\\\/www.revistarambla.com\\\/wp-content\\\/uploads\\\/2022\\\/11\\\/1024px-Spain.Catalonia.Hospitalet.Bellvitge.3.jpg\",\"width\":1024,\"height\":683},{\"@type\":\"BreadcrumbList\",\"@id\":\"https:\\\/\\\/www.revistarambla.com\\\/lhospitalet-abandona-a-los-mas-vulnerables\\\/#breadcrumb\",\"itemListElement\":[{\"@type\":\"ListItem\",\"position\":1,\"name\":\"Portada\",\"item\":\"https:\\\/\\\/www.revistarambla.com\\\/\"},{\"@type\":\"ListItem\",\"position\":2,\"name\":\"L&#8217;Hospitalet abandona a los m\u00e1s vulnerables\"}]},{\"@type\":\"WebSite\",\"@id\":\"https:\\\/\\\/www.revistarambla.com\\\/#website\",\"url\":\"https:\\\/\\\/www.revistarambla.com\\\/\",\"name\":\"Revista Rambla Barcelona\",\"description\":\"Periodismo independiente\",\"publisher\":{\"@id\":\"https:\\\/\\\/www.revistarambla.com\\\/#organization\"},\"potentialAction\":[{\"@type\":\"SearchAction\",\"target\":{\"@type\":\"EntryPoint\",\"urlTemplate\":\"https:\\\/\\\/www.revistarambla.com\\\/?s={search_term_string}\"},\"query-input\":{\"@type\":\"PropertyValueSpecification\",\"valueRequired\":true,\"valueName\":\"search_term_string\"}}],\"inLanguage\":\"en-GB\"},{\"@type\":\"Organization\",\"@id\":\"https:\\\/\\\/www.revistarambla.com\\\/#organization\",\"name\":\"Revista Rambla\",\"url\":\"https:\\\/\\\/www.revistarambla.com\\\/\",\"logo\":{\"@type\":\"ImageObject\",\"inLanguage\":\"en-GB\",\"@id\":\"https:\\\/\\\/www.revistarambla.com\\\/#\\\/schema\\\/logo\\\/image\\\/\",\"url\":\"https:\\\/\\\/www.revistarambla.com\\\/wp-content\\\/uploads\\\/2020\\\/09\\\/banner_rambla_1900x600_BB.png\",\"contentUrl\":\"https:\\\/\\\/www.revistarambla.com\\\/wp-content\\\/uploads\\\/2020\\\/09\\\/banner_rambla_1900x600_BB.png\",\"width\":1900,\"height\":600,\"caption\":\"Revista Rambla\"},\"image\":{\"@id\":\"https:\\\/\\\/www.revistarambla.com\\\/#\\\/schema\\\/logo\\\/image\\\/\"},\"sameAs\":[\"https:\\\/\\\/www.facebook.com\\\/revistarambla\\\/\",\"https:\\\/\\\/x.com\\\/revistarambla\",\"https:\\\/\\\/www.instagram.com\\\/revista_rambla\",\"https:\\\/\\\/es.linkedin.com\\\/company\\\/revista-rambla\"]},{\"@type\":\"Person\",\"@id\":\"https:\\\/\\\/www.revistarambla.com\\\/#\\\/schema\\\/person\\\/a146a5a2550b94981a75131180e1bd9c\",\"name\":\"R@mbla\",\"description\":\"Este art\u00edculo ha sido redactado y\\\/o validado por el equipo de redacci\u00f3n de Revista Rambla.\",\"sameAs\":[\"https:\\\/\\\/www.revistarambla.com\\\/\",\"https:\\\/\\\/www.facebook.com\\\/revistarambla\",\"https:\\\/\\\/x.com\\\/revistarambla\"]}]}<\/script>\n<!-- \/ Yoast SEO plugin. -->","yoast_head_json":{"title":"L'Hospitalet abandona a los m\u00e1s vulnerables - Revista Rambla","robots":{"index":"index","follow":"follow","max-snippet":"max-snippet:-1","max-image-preview":"max-image-preview:large","max-video-preview":"max-video-preview:-1"},"canonical":"https:\/\/www.revistarambla.com\/en\/lhospitalet-abandona-a-los-mas-vulnerables\/","og_locale":"en_GB","og_type":"article","og_title":"L'Hospitalet abandona a los m\u00e1s vulnerables - Revista Rambla","og_description":"As\u00ed lo denuncian diversas entidades sociales, que alertan de que el Ayuntamiento no hace nada por revertir la situaci\u00f3n de pobreza extrema y desprotecci\u00f3n que sufren muchas familias del municipio","og_url":"https:\/\/www.revistarambla.com\/en\/lhospitalet-abandona-a-los-mas-vulnerables\/","og_site_name":"Revista Rambla","article_publisher":"https:\/\/www.facebook.com\/revistarambla\/","article_author":"https:\/\/www.facebook.com\/revistarambla","article_published_time":"2022-11-12T17:30:17+00:00","article_modified_time":"2024-03-01T20:03:30+00:00","og_image":[{"width":1024,"height":683,"url":"https:\/\/www.revistarambla.com\/wp-content\/uploads\/2022\/11\/1024px-Spain.Catalonia.Hospitalet.Bellvitge.3.jpg","type":"image\/jpeg"}],"author":"R@mbla","twitter_card":"summary_large_image","twitter_creator":"@revistarambla","twitter_site":"@revistarambla","twitter_misc":{"Written by":"R@mbla","Estimated reading time":"2 minutes"},"schema":{"@context":"https:\/\/schema.org","@graph":[{"@type":"Article","@id":"https:\/\/www.revistarambla.com\/lhospitalet-abandona-a-los-mas-vulnerables\/#article","isPartOf":{"@id":"https:\/\/www.revistarambla.com\/lhospitalet-abandona-a-los-mas-vulnerables\/"},"author":{"name":"R@mbla","@id":"https:\/\/www.revistarambla.com\/#\/schema\/person\/a146a5a2550b94981a75131180e1bd9c"},"headline":"L&#8217;Hospitalet abandona a los m\u00e1s vulnerables","datePublished":"2022-11-12T17:30:17+00:00","dateModified":"2024-03-01T20:03:30+00:00","mainEntityOfPage":{"@id":"https:\/\/www.revistarambla.com\/lhospitalet-abandona-a-los-mas-vulnerables\/"},"wordCount":414,"commentCount":0,"publisher":{"@id":"https:\/\/www.revistarambla.com\/#organization"},"image":{"@id":"https:\/\/www.revistarambla.com\/lhospitalet-abandona-a-los-mas-vulnerables\/#primaryimage"},"thumbnailUrl":"https:\/\/www.revistarambla.com\/wp-content\/uploads\/2022\/11\/1024px-Spain.Catalonia.Hospitalet.Bellvitge.3.jpg","articleSection":["Catalunya"],"inLanguage":"en-GB","potentialAction":[{"@type":"CommentAction","name":"Comment","target":["https:\/\/www.revistarambla.com\/lhospitalet-abandona-a-los-mas-vulnerables\/#respond"]}]},{"@type":"WebPage","@id":"https:\/\/www.revistarambla.com\/lhospitalet-abandona-a-los-mas-vulnerables\/","url":"https:\/\/www.revistarambla.com\/lhospitalet-abandona-a-los-mas-vulnerables\/","name":"L'Hospitalet abandona a los m\u00e1s vulnerables - Revista Rambla","isPartOf":{"@id":"https:\/\/www.revistarambla.com\/#website"},"primaryImageOfPage":{"@id":"https:\/\/www.revistarambla.com\/lhospitalet-abandona-a-los-mas-vulnerables\/#primaryimage"},"image":{"@id":"https:\/\/www.revistarambla.com\/lhospitalet-abandona-a-los-mas-vulnerables\/#primaryimage"},"thumbnailUrl":"https:\/\/www.revistarambla.com\/wp-content\/uploads\/2022\/11\/1024px-Spain.Catalonia.Hospitalet.Bellvitge.3.jpg","datePublished":"2022-11-12T17:30:17+00:00","dateModified":"2024-03-01T20:03:30+00:00","breadcrumb":{"@id":"https:\/\/www.revistarambla.com\/lhospitalet-abandona-a-los-mas-vulnerables\/#breadcrumb"},"inLanguage":"en-GB","potentialAction":[{"@type":"ReadAction","target":["https:\/\/www.revistarambla.com\/lhospitalet-abandona-a-los-mas-vulnerables\/"]}]},{"@type":"ImageObject","inLanguage":"en-GB","@id":"https:\/\/www.revistarambla.com\/lhospitalet-abandona-a-los-mas-vulnerables\/#primaryimage","url":"https:\/\/www.revistarambla.com\/wp-content\/uploads\/2022\/11\/1024px-Spain.Catalonia.Hospitalet.Bellvitge.3.jpg","contentUrl":"https:\/\/www.revistarambla.com\/wp-content\/uploads\/2022\/11\/1024px-Spain.Catalonia.Hospitalet.Bellvitge.3.jpg","width":1024,"height":683},{"@type":"BreadcrumbList","@id":"https:\/\/www.revistarambla.com\/lhospitalet-abandona-a-los-mas-vulnerables\/#breadcrumb","itemListElement":[{"@type":"ListItem","position":1,"name":"Portada","item":"https:\/\/www.revistarambla.com\/"},{"@type":"ListItem","position":2,"name":"L&#8217;Hospitalet abandona a los m\u00e1s vulnerables"}]},{"@type":"WebSite","@id":"https:\/\/www.revistarambla.com\/#website","url":"https:\/\/www.revistarambla.com\/","name":"Revista Rambla Barcelona","description":"Periodismo independiente","publisher":{"@id":"https:\/\/www.revistarambla.com\/#organization"},"potentialAction":[{"@type":"SearchAction","target":{"@type":"EntryPoint","urlTemplate":"https:\/\/www.revistarambla.com\/?s={search_term_string}"},"query-input":{"@type":"PropertyValueSpecification","valueRequired":true,"valueName":"search_term_string"}}],"inLanguage":"en-GB"},{"@type":"Organization","@id":"https:\/\/www.revistarambla.com\/#organization","name":"Revista Rambla","url":"https:\/\/www.revistarambla.com\/","logo":{"@type":"ImageObject","inLanguage":"en-GB","@id":"https:\/\/www.revistarambla.com\/#\/schema\/logo\/image\/","url":"https:\/\/www.revistarambla.com\/wp-content\/uploads\/2020\/09\/banner_rambla_1900x600_BB.png","contentUrl":"https:\/\/www.revistarambla.com\/wp-content\/uploads\/2020\/09\/banner_rambla_1900x600_BB.png","width":1900,"height":600,"caption":"Revista Rambla"},"image":{"@id":"https:\/\/www.revistarambla.com\/#\/schema\/logo\/image\/"},"sameAs":["https:\/\/www.facebook.com\/revistarambla\/","https:\/\/x.com\/revistarambla","https:\/\/www.instagram.com\/revista_rambla","https:\/\/es.linkedin.com\/company\/revista-rambla"]},{"@type":"Person","@id":"https:\/\/www.revistarambla.com\/#\/schema\/person\/a146a5a2550b94981a75131180e1bd9c","name":"R@mbla","description":"Este art\u00edculo ha sido redactado y\/o validado por el equipo de redacci\u00f3n de Revista Rambla.","sameAs":["https:\/\/www.revistarambla.com\/","https:\/\/www.facebook.com\/revistarambla","https:\/\/x.com\/revistarambla"]}]}},"_links":{"self":[{"href":"https:\/\/www.revistarambla.com\/en\/wp-json\/wp\/v2\/posts\/50773","targetHints":{"allow":["GET"]}}],"collection":[{"href":"https:\/\/www.revistarambla.com\/en\/wp-json\/wp\/v2\/posts"}],"about":[{"href":"https:\/\/www.revistarambla.com\/en\/wp-json\/wp\/v2\/types\/post"}],"author":[{"embeddable":true,"href":"https:\/\/www.revistarambla.com\/en\/wp-json\/wp\/v2\/users\/3"}],"replies":[{"embeddable":true,"href":"https:\/\/www.revistarambla.com\/en\/wp-json\/wp\/v2\/comments?post=50773"}],"version-history":[{"count":6,"href":"https:\/\/www.revistarambla.com\/en\/wp-json\/wp\/v2\/posts\/50773\/revisions"}],"predecessor-version":[{"id":50780,"href":"https:\/\/www.revistarambla.com\/en\/wp-json\/wp\/v2\/posts\/50773\/revisions\/50780"}],"wp:featuredmedia":[{"embeddable":true,"href":"https:\/\/www.revistarambla.com\/en\/wp-json\/wp\/v2\/media\/50776"}],"wp:attachment":[{"href":"https:\/\/www.revistarambla.com\/en\/wp-json\/wp\/v2\/media?parent=50773"}],"wp:term":[{"taxonomy":"category","embeddable":true,"href":"https:\/\/www.revistarambla.com\/en\/wp-json\/wp\/v2\/categories?post=50773"},{"taxonomy":"post_tag","embeddable":true,"href":"https:\/\/www.revistarambla.com\/en\/wp-json\/wp\/v2\/tags?post=50773"}],"curies":[{"name":"wp","href":"https:\/\/api.w.org\/{rel}","templated":true}]}}