{"id":50765,"date":"2022-11-11T20:35:54","date_gmt":"2022-11-11T19:35:54","guid":{"rendered":"https:\/\/www.revistarambla.com\/?p=50765"},"modified":"2022-11-11T20:37:34","modified_gmt":"2022-11-11T19:37:34","slug":"comunicado-de-los-familiares-y-amigs-de-yolanda-gonzalez-marin","status":"publish","type":"post","link":"https:\/\/www.revistarambla.com\/en\/comunicado-de-los-familiares-y-amigs-de-yolanda-gonzalez-marin\/","title":{"rendered":"Comunicado de los familiares y amig@s de Yolanda Gonz\u00e1lez Mar\u00edn"},"content":{"rendered":"<p>Ayer <em>eldiario.es<\/em> inform\u00f3 que Emilio Hell\u00edn, que secuestr\u00f3, tortur\u00f3 u asesin\u00f3 en 1980 a Yolanda Gonz\u00e1lez, militante del Partido Socialista de los Trabajadores (PST) hab\u00eda sido <span style=\"text-decoration: underline;\"><a href=\"https:\/\/www.revistarambla.com\/en\/laura-borras-contrata-a-emilio-hellin-el-ultraderechista-que-torturo-y-asesino-a-yolanda-gonzalez\/\">contratado por la defensa de Laura Borr\u00e0s<\/a><\/span>, presidenta de Junts per Catalunya y acusada por un delito de corrupci\u00f3n, como perito judicial.<\/p>\n<p>Emilio Hell\u00edn, hoy Luis Enrique, porque se cambi\u00f3 el nombre, fue militante de Fuerza Nueva y formo parte del Batall\u00f3n Vasco-espa\u00f1ol que reivindic\u00f3 el asesinato de Yolanda. A pesar de ello, ha participado en numerosos causas judiciales como perito y ha colaborado con las fuerzas policiales.<\/p>\n<p>Los familiares de Yolanda, sus compa\u00f1eros y compa\u00f1eras y los militantes de Lucha Internacionalista, algunos de los cuales compartieron militancia con ella, rechazan que pueda continuar con estas colaboraciones.<\/p>\n<p>A continuaci\u00f3n pod\u00e9is leer el comunicado de los familiares de Yolanda, firmado por <span style=\"text-decoration: underline;\"><a href=\"https:\/\/www.revistarambla.com\/en\/si-no-es-ilegal-nos-parece-inmoral\/\">su hermano Asier Gonz\u00e1lez<\/a><\/span>, en el que expresan su repulsa por la nueva contrataci\u00f3n de Hell\u00edn, esta vez por la defensa de Laura Borr\u00e0s. Lucha Internacionalista se solidariza con su comunicado:<\/p>\n<h3>COMUNICADO DE LOS FAMILIARES Y AMIG@S DE YOLANDA GONZ\u00c1LEZ MARTIN<\/h3>\n<p><strong>11 de noviembre de 2022<\/strong><\/p>\n<p>Ante la reciente noticia por la que hemos conocido que la defensa de la Sra. Laura Borr\u00e1s ha contratado al asesino de Yolanda para elaborar un informe pericial en su defensa, queremos manifestar:<\/p>\n<p>Nuestro sentimiento de indignaci\u00f3n y hartazgo por conocer que, una vez m\u00e1s, la defensa de una personalidad pol\u00edtica imputada en un caso de corrupci\u00f3n acude a Emilio Hell\u00edn para refutar pruebas aportadas por la acusaci\u00f3n.<\/p>\n<p>Recordar que Emilio Hell\u00edn Moro (que ahora se hace llamar Luis Enrique Helling) forma parte del pasado oscuro de la guerra sucia del Estado, que asesin\u00f3 a Yolanda de varios disparos en la cabeza tras haberla secuestrado de su domicilio, siendo \u00e9ste cabecilla de un comando terrorista del Batall\u00f3n Vasco Espa\u00f1ol, que nunca ha mostrado un atisbo de arrepentimiento por lo que hizo y que nunca cumpli\u00f3 su condena, ya que solo pas\u00f3 12 a\u00f1os en la c\u00e1rcel de los 43 a los que fue condenado, a pesar de dos intentos de fuga frustrados y un tercero m\u00e1s por el que consigui\u00f3 fugarse a Paraguay hasta que se solicit\u00f3 su extradici\u00f3n.<\/p>\n<p>Que en 2013 fuimos tambi\u00e9n conocedores de que el Ministerio de Interior de Espa\u00f1a llevaba a\u00f1os pagando los servicios de Hell\u00edn para formar a fuerzas y cuerpos de seguridad del Estado en t\u00e9cnicas forenses de espionaje y rastreo inform\u00e1tico y colaborando en casos judicializados, por los que el Ministerio tuvo que dar explicaciones y prometer a la familia de Yolanda que no volver\u00eda a ocurrir.<\/p>\n<p>Que Yolanda est\u00e1 oficialmente reconocida como v\u00edctima del terrorismo en el a\u00f1o 2000 y que exigimos a cualquier representante pol\u00edtico y organismo institucional que act\u00fae en todo momento con unos niveles m\u00ednimos de \u00e9tica y valores humanos y respecto a las v\u00edctimas del terrorismo.<\/p>\n<p><strong>Firmado: Asier Gonz\u00e1lez Mart\u00edn (hermano de Yolanda).<\/strong><\/p>\n<p>&nbsp;<\/p>","protected":false},"excerpt":{"rendered":"<p>La defensa de Laura Borr\u00e0s ha contratado al ultraderechista que secuestr\u00f3, tortur\u00f3 y asesin\u00f3 a esta l\u00edder estudiantil de 19 a\u00f1os en 1980<\/p>","protected":false},"author":96,"featured_media":50766,"comment_status":"open","ping_status":"closed","sticky":false,"template":"","format":"standard","meta":{"footnotes":""},"categories":[72],"tags":[],"class_list":["post-50765","post","type-post","status-publish","format-standard","has-post-thumbnail","hentry","category-opinion"],"yoast_head":"<!-- This site is optimized with the Yoast SEO plugin v27.5 - https:\/\/yoast.com\/product\/yoast-seo-wordpress\/ -->\n<title>Comunicado de los familiares y amig@s de Yolanda Gonz\u00e1lez Mar\u00edn - Revista Rambla<\/title>\n<meta name=\"robots\" content=\"index, follow, max-snippet:-1, max-image-preview:large, max-video-preview:-1\" \/>\n<link rel=\"canonical\" href=\"https:\/\/www.revistarambla.com\/en\/comunicado-de-los-familiares-y-amigs-de-yolanda-gonzalez-marin\/\" \/>\n<meta property=\"og:locale\" content=\"en_GB\" \/>\n<meta property=\"og:type\" content=\"article\" \/>\n<meta property=\"og:title\" content=\"Comunicado de los familiares y amig@s de Yolanda Gonz\u00e1lez Mar\u00edn - Revista Rambla\" \/>\n<meta property=\"og:description\" content=\"La defensa de Laura Borr\u00e0s ha contratado al ultraderechista que secuestr\u00f3, tortur\u00f3 y asesin\u00f3 a esta l\u00edder estudiantil de 19 a\u00f1os en 1980\" \/>\n<meta property=\"og:url\" content=\"https:\/\/www.revistarambla.com\/en\/comunicado-de-los-familiares-y-amigs-de-yolanda-gonzalez-marin\/\" \/>\n<meta property=\"og:site_name\" content=\"Revista Rambla\" \/>\n<meta property=\"article:publisher\" content=\"https:\/\/www.facebook.com\/revistarambla\/\" \/>\n<meta property=\"article:author\" content=\"https:\/\/www.facebook.com\/linternacionalista\/\" \/>\n<meta property=\"article:published_time\" content=\"2022-11-11T19:35:54+00:00\" \/>\n<meta property=\"article:modified_time\" content=\"2022-11-11T19:37:34+00:00\" \/>\n<meta property=\"og:image\" content=\"https:\/\/www.revistarambla.com\/wp-content\/uploads\/2022\/11\/YOLANDA-GONZALEZ-MARIN.webp\" \/>\n\t<meta property=\"og:image:width\" content=\"1900\" \/>\n\t<meta property=\"og:image:height\" content=\"1069\" \/>\n\t<meta property=\"og:image:type\" content=\"image\/webp\" \/>\n<meta name=\"author\" content=\"Lucha Internacionalista\" \/>\n<meta name=\"twitter:card\" content=\"summary_large_image\" \/>\n<meta name=\"twitter:creator\" content=\"@luchainternacio\" \/>\n<meta name=\"twitter:site\" content=\"@revistarambla\" \/>\n<meta name=\"twitter:label1\" content=\"Written by\" \/>\n\t<meta name=\"twitter:data1\" content=\"Lucha Internacionalista\" \/>\n\t<meta name=\"twitter:label2\" content=\"Estimated reading time\" \/>\n\t<meta name=\"twitter:data2\" content=\"3 minutes\" \/>\n<script type=\"application\/ld+json\" class=\"yoast-schema-graph\">{\"@context\":\"https:\\\/\\\/schema.org\",\"@graph\":[{\"@type\":\"Article\",\"@id\":\"https:\\\/\\\/www.revistarambla.com\\\/comunicado-de-los-familiares-y-amigs-de-yolanda-gonzalez-marin\\\/#article\",\"isPartOf\":{\"@id\":\"https:\\\/\\\/www.revistarambla.com\\\/comunicado-de-los-familiares-y-amigs-de-yolanda-gonzalez-marin\\\/\"},\"author\":{\"name\":\"Lucha Internacionalista\",\"@id\":\"https:\\\/\\\/www.revistarambla.com\\\/#\\\/schema\\\/person\\\/2d0daa76d289bb19174d9201fb9fe42c\"},\"headline\":\"Comunicado de los familiares y amig@s de Yolanda Gonz\u00e1lez Mar\u00edn\",\"datePublished\":\"2022-11-11T19:35:54+00:00\",\"dateModified\":\"2022-11-11T19:37:34+00:00\",\"mainEntityOfPage\":{\"@id\":\"https:\\\/\\\/www.revistarambla.com\\\/comunicado-de-los-familiares-y-amigs-de-yolanda-gonzalez-marin\\\/\"},\"wordCount\":532,\"commentCount\":0,\"publisher\":{\"@id\":\"https:\\\/\\\/www.revistarambla.com\\\/#organization\"},\"image\":{\"@id\":\"https:\\\/\\\/www.revistarambla.com\\\/comunicado-de-los-familiares-y-amigs-de-yolanda-gonzalez-marin\\\/#primaryimage\"},\"thumbnailUrl\":\"https:\\\/\\\/www.revistarambla.com\\\/wp-content\\\/uploads\\\/2022\\\/11\\\/YOLANDA-GONZALEZ-MARIN.webp\",\"articleSection\":[\"Opiniones\"],\"inLanguage\":\"en-GB\",\"potentialAction\":[{\"@type\":\"CommentAction\",\"name\":\"Comment\",\"target\":[\"https:\\\/\\\/www.revistarambla.com\\\/comunicado-de-los-familiares-y-amigs-de-yolanda-gonzalez-marin\\\/#respond\"]}]},{\"@type\":\"WebPage\",\"@id\":\"https:\\\/\\\/www.revistarambla.com\\\/comunicado-de-los-familiares-y-amigs-de-yolanda-gonzalez-marin\\\/\",\"url\":\"https:\\\/\\\/www.revistarambla.com\\\/comunicado-de-los-familiares-y-amigs-de-yolanda-gonzalez-marin\\\/\",\"name\":\"Comunicado de los familiares y amig@s de Yolanda Gonz\u00e1lez Mar\u00edn - Revista Rambla\",\"isPartOf\":{\"@id\":\"https:\\\/\\\/www.revistarambla.com\\\/#website\"},\"primaryImageOfPage\":{\"@id\":\"https:\\\/\\\/www.revistarambla.com\\\/comunicado-de-los-familiares-y-amigs-de-yolanda-gonzalez-marin\\\/#primaryimage\"},\"image\":{\"@id\":\"https:\\\/\\\/www.revistarambla.com\\\/comunicado-de-los-familiares-y-amigs-de-yolanda-gonzalez-marin\\\/#primaryimage\"},\"thumbnailUrl\":\"https:\\\/\\\/www.revistarambla.com\\\/wp-content\\\/uploads\\\/2022\\\/11\\\/YOLANDA-GONZALEZ-MARIN.webp\",\"datePublished\":\"2022-11-11T19:35:54+00:00\",\"dateModified\":\"2022-11-11T19:37:34+00:00\",\"breadcrumb\":{\"@id\":\"https:\\\/\\\/www.revistarambla.com\\\/comunicado-de-los-familiares-y-amigs-de-yolanda-gonzalez-marin\\\/#breadcrumb\"},\"inLanguage\":\"en-GB\",\"potentialAction\":[{\"@type\":\"ReadAction\",\"target\":[\"https:\\\/\\\/www.revistarambla.com\\\/comunicado-de-los-familiares-y-amigs-de-yolanda-gonzalez-marin\\\/\"]}]},{\"@type\":\"ImageObject\",\"inLanguage\":\"en-GB\",\"@id\":\"https:\\\/\\\/www.revistarambla.com\\\/comunicado-de-los-familiares-y-amigs-de-yolanda-gonzalez-marin\\\/#primaryimage\",\"url\":\"https:\\\/\\\/www.revistarambla.com\\\/wp-content\\\/uploads\\\/2022\\\/11\\\/YOLANDA-GONZALEZ-MARIN.webp\",\"contentUrl\":\"https:\\\/\\\/www.revistarambla.com\\\/wp-content\\\/uploads\\\/2022\\\/11\\\/YOLANDA-GONZALEZ-MARIN.webp\",\"width\":1900,\"height\":1069,\"caption\":\"YOLANDA GONZALEZ MARIN\"},{\"@type\":\"BreadcrumbList\",\"@id\":\"https:\\\/\\\/www.revistarambla.com\\\/comunicado-de-los-familiares-y-amigs-de-yolanda-gonzalez-marin\\\/#breadcrumb\",\"itemListElement\":[{\"@type\":\"ListItem\",\"position\":1,\"name\":\"Portada\",\"item\":\"https:\\\/\\\/www.revistarambla.com\\\/\"},{\"@type\":\"ListItem\",\"position\":2,\"name\":\"Comunicado de los familiares y amig@s de Yolanda Gonz\u00e1lez Mar\u00edn\"}]},{\"@type\":\"WebSite\",\"@id\":\"https:\\\/\\\/www.revistarambla.com\\\/#website\",\"url\":\"https:\\\/\\\/www.revistarambla.com\\\/\",\"name\":\"Revista Rambla Barcelona\",\"description\":\"Periodismo independiente\",\"publisher\":{\"@id\":\"https:\\\/\\\/www.revistarambla.com\\\/#organization\"},\"potentialAction\":[{\"@type\":\"SearchAction\",\"target\":{\"@type\":\"EntryPoint\",\"urlTemplate\":\"https:\\\/\\\/www.revistarambla.com\\\/?s={search_term_string}\"},\"query-input\":{\"@type\":\"PropertyValueSpecification\",\"valueRequired\":true,\"valueName\":\"search_term_string\"}}],\"inLanguage\":\"en-GB\"},{\"@type\":\"Organization\",\"@id\":\"https:\\\/\\\/www.revistarambla.com\\\/#organization\",\"name\":\"Revista Rambla\",\"url\":\"https:\\\/\\\/www.revistarambla.com\\\/\",\"logo\":{\"@type\":\"ImageObject\",\"inLanguage\":\"en-GB\",\"@id\":\"https:\\\/\\\/www.revistarambla.com\\\/#\\\/schema\\\/logo\\\/image\\\/\",\"url\":\"https:\\\/\\\/www.revistarambla.com\\\/wp-content\\\/uploads\\\/2020\\\/09\\\/banner_rambla_1900x600_BB.png\",\"contentUrl\":\"https:\\\/\\\/www.revistarambla.com\\\/wp-content\\\/uploads\\\/2020\\\/09\\\/banner_rambla_1900x600_BB.png\",\"width\":1900,\"height\":600,\"caption\":\"Revista Rambla\"},\"image\":{\"@id\":\"https:\\\/\\\/www.revistarambla.com\\\/#\\\/schema\\\/logo\\\/image\\\/\"},\"sameAs\":[\"https:\\\/\\\/www.facebook.com\\\/revistarambla\\\/\",\"https:\\\/\\\/x.com\\\/revistarambla\",\"https:\\\/\\\/www.instagram.com\\\/revista_rambla\",\"https:\\\/\\\/es.linkedin.com\\\/company\\\/revista-rambla\"]},{\"@type\":\"Person\",\"@id\":\"https:\\\/\\\/www.revistarambla.com\\\/#\\\/schema\\\/person\\\/2d0daa76d289bb19174d9201fb9fe42c\",\"name\":\"Lucha Internacionalista\",\"description\":\"Lucha Internacionalista es una organizaci\u00f3n pol\u00edtica marxista revolucionaria: trotskista. Se constituy\u00f3 en mayo de 1999 por militantes del Partido Revolucionario de los Trabajadores (PRT).\",\"sameAs\":[\"http:\\\/\\\/luchainternacionalista.org\\\/\",\"https:\\\/\\\/www.facebook.com\\\/linternacionalista\\\/\",\"https:\\\/\\\/x.com\\\/luchainternacio\"]}]}<\/script>\n<!-- \/ Yoast SEO plugin. -->","yoast_head_json":{"title":"Comunicado de los familiares y amig@s de Yolanda Gonz\u00e1lez Mar\u00edn - Revista Rambla","robots":{"index":"index","follow":"follow","max-snippet":"max-snippet:-1","max-image-preview":"max-image-preview:large","max-video-preview":"max-video-preview:-1"},"canonical":"https:\/\/www.revistarambla.com\/en\/comunicado-de-los-familiares-y-amigs-de-yolanda-gonzalez-marin\/","og_locale":"en_GB","og_type":"article","og_title":"Comunicado de los familiares y amig@s de Yolanda Gonz\u00e1lez Mar\u00edn - Revista Rambla","og_description":"La defensa de Laura Borr\u00e0s ha contratado al ultraderechista que secuestr\u00f3, tortur\u00f3 y asesin\u00f3 a esta l\u00edder estudiantil de 19 a\u00f1os en 1980","og_url":"https:\/\/www.revistarambla.com\/en\/comunicado-de-los-familiares-y-amigs-de-yolanda-gonzalez-marin\/","og_site_name":"Revista Rambla","article_publisher":"https:\/\/www.facebook.com\/revistarambla\/","article_author":"https:\/\/www.facebook.com\/linternacionalista\/","article_published_time":"2022-11-11T19:35:54+00:00","article_modified_time":"2022-11-11T19:37:34+00:00","og_image":[{"width":1900,"height":1069,"url":"https:\/\/www.revistarambla.com\/wp-content\/uploads\/2022\/11\/YOLANDA-GONZALEZ-MARIN.webp","type":"image\/webp"}],"author":"Lucha Internacionalista","twitter_card":"summary_large_image","twitter_creator":"@luchainternacio","twitter_site":"@revistarambla","twitter_misc":{"Written by":"Lucha Internacionalista","Estimated reading time":"3 minutes"},"schema":{"@context":"https:\/\/schema.org","@graph":[{"@type":"Article","@id":"https:\/\/www.revistarambla.com\/comunicado-de-los-familiares-y-amigs-de-yolanda-gonzalez-marin\/#article","isPartOf":{"@id":"https:\/\/www.revistarambla.com\/comunicado-de-los-familiares-y-amigs-de-yolanda-gonzalez-marin\/"},"author":{"name":"Lucha Internacionalista","@id":"https:\/\/www.revistarambla.com\/#\/schema\/person\/2d0daa76d289bb19174d9201fb9fe42c"},"headline":"Comunicado de los familiares y amig@s de Yolanda Gonz\u00e1lez Mar\u00edn","datePublished":"2022-11-11T19:35:54+00:00","dateModified":"2022-11-11T19:37:34+00:00","mainEntityOfPage":{"@id":"https:\/\/www.revistarambla.com\/comunicado-de-los-familiares-y-amigs-de-yolanda-gonzalez-marin\/"},"wordCount":532,"commentCount":0,"publisher":{"@id":"https:\/\/www.revistarambla.com\/#organization"},"image":{"@id":"https:\/\/www.revistarambla.com\/comunicado-de-los-familiares-y-amigs-de-yolanda-gonzalez-marin\/#primaryimage"},"thumbnailUrl":"https:\/\/www.revistarambla.com\/wp-content\/uploads\/2022\/11\/YOLANDA-GONZALEZ-MARIN.webp","articleSection":["Opiniones"],"inLanguage":"en-GB","potentialAction":[{"@type":"CommentAction","name":"Comment","target":["https:\/\/www.revistarambla.com\/comunicado-de-los-familiares-y-amigs-de-yolanda-gonzalez-marin\/#respond"]}]},{"@type":"WebPage","@id":"https:\/\/www.revistarambla.com\/comunicado-de-los-familiares-y-amigs-de-yolanda-gonzalez-marin\/","url":"https:\/\/www.revistarambla.com\/comunicado-de-los-familiares-y-amigs-de-yolanda-gonzalez-marin\/","name":"Comunicado de los familiares y amig@s de Yolanda Gonz\u00e1lez Mar\u00edn - Revista Rambla","isPartOf":{"@id":"https:\/\/www.revistarambla.com\/#website"},"primaryImageOfPage":{"@id":"https:\/\/www.revistarambla.com\/comunicado-de-los-familiares-y-amigs-de-yolanda-gonzalez-marin\/#primaryimage"},"image":{"@id":"https:\/\/www.revistarambla.com\/comunicado-de-los-familiares-y-amigs-de-yolanda-gonzalez-marin\/#primaryimage"},"thumbnailUrl":"https:\/\/www.revistarambla.com\/wp-content\/uploads\/2022\/11\/YOLANDA-GONZALEZ-MARIN.webp","datePublished":"2022-11-11T19:35:54+00:00","dateModified":"2022-11-11T19:37:34+00:00","breadcrumb":{"@id":"https:\/\/www.revistarambla.com\/comunicado-de-los-familiares-y-amigs-de-yolanda-gonzalez-marin\/#breadcrumb"},"inLanguage":"en-GB","potentialAction":[{"@type":"ReadAction","target":["https:\/\/www.revistarambla.com\/comunicado-de-los-familiares-y-amigs-de-yolanda-gonzalez-marin\/"]}]},{"@type":"ImageObject","inLanguage":"en-GB","@id":"https:\/\/www.revistarambla.com\/comunicado-de-los-familiares-y-amigs-de-yolanda-gonzalez-marin\/#primaryimage","url":"https:\/\/www.revistarambla.com\/wp-content\/uploads\/2022\/11\/YOLANDA-GONZALEZ-MARIN.webp","contentUrl":"https:\/\/www.revistarambla.com\/wp-content\/uploads\/2022\/11\/YOLANDA-GONZALEZ-MARIN.webp","width":1900,"height":1069,"caption":"YOLANDA GONZALEZ MARIN"},{"@type":"BreadcrumbList","@id":"https:\/\/www.revistarambla.com\/comunicado-de-los-familiares-y-amigs-de-yolanda-gonzalez-marin\/#breadcrumb","itemListElement":[{"@type":"ListItem","position":1,"name":"Portada","item":"https:\/\/www.revistarambla.com\/"},{"@type":"ListItem","position":2,"name":"Comunicado de los familiares y amig@s de Yolanda Gonz\u00e1lez Mar\u00edn"}]},{"@type":"WebSite","@id":"https:\/\/www.revistarambla.com\/#website","url":"https:\/\/www.revistarambla.com\/","name":"Revista Rambla Barcelona","description":"Periodismo independiente","publisher":{"@id":"https:\/\/www.revistarambla.com\/#organization"},"potentialAction":[{"@type":"SearchAction","target":{"@type":"EntryPoint","urlTemplate":"https:\/\/www.revistarambla.com\/?s={search_term_string}"},"query-input":{"@type":"PropertyValueSpecification","valueRequired":true,"valueName":"search_term_string"}}],"inLanguage":"en-GB"},{"@type":"Organization","@id":"https:\/\/www.revistarambla.com\/#organization","name":"Revista Rambla","url":"https:\/\/www.revistarambla.com\/","logo":{"@type":"ImageObject","inLanguage":"en-GB","@id":"https:\/\/www.revistarambla.com\/#\/schema\/logo\/image\/","url":"https:\/\/www.revistarambla.com\/wp-content\/uploads\/2020\/09\/banner_rambla_1900x600_BB.png","contentUrl":"https:\/\/www.revistarambla.com\/wp-content\/uploads\/2020\/09\/banner_rambla_1900x600_BB.png","width":1900,"height":600,"caption":"Revista Rambla"},"image":{"@id":"https:\/\/www.revistarambla.com\/#\/schema\/logo\/image\/"},"sameAs":["https:\/\/www.facebook.com\/revistarambla\/","https:\/\/x.com\/revistarambla","https:\/\/www.instagram.com\/revista_rambla","https:\/\/es.linkedin.com\/company\/revista-rambla"]},{"@type":"Person","@id":"https:\/\/www.revistarambla.com\/#\/schema\/person\/2d0daa76d289bb19174d9201fb9fe42c","name":"Lucha Internacionalista","description":"Lucha Internacionalista es una organizaci\u00f3n pol\u00edtica marxista revolucionaria: trotskista. Se constituy\u00f3 en mayo de 1999 por militantes del Partido Revolucionario de los Trabajadores (PRT).","sameAs":["http:\/\/luchainternacionalista.org\/","https:\/\/www.facebook.com\/linternacionalista\/","https:\/\/x.com\/luchainternacio"]}]}},"_links":{"self":[{"href":"https:\/\/www.revistarambla.com\/en\/wp-json\/wp\/v2\/posts\/50765","targetHints":{"allow":["GET"]}}],"collection":[{"href":"https:\/\/www.revistarambla.com\/en\/wp-json\/wp\/v2\/posts"}],"about":[{"href":"https:\/\/www.revistarambla.com\/en\/wp-json\/wp\/v2\/types\/post"}],"author":[{"embeddable":true,"href":"https:\/\/www.revistarambla.com\/en\/wp-json\/wp\/v2\/users\/96"}],"replies":[{"embeddable":true,"href":"https:\/\/www.revistarambla.com\/en\/wp-json\/wp\/v2\/comments?post=50765"}],"version-history":[{"count":2,"href":"https:\/\/www.revistarambla.com\/en\/wp-json\/wp\/v2\/posts\/50765\/revisions"}],"predecessor-version":[{"id":50768,"href":"https:\/\/www.revistarambla.com\/en\/wp-json\/wp\/v2\/posts\/50765\/revisions\/50768"}],"wp:featuredmedia":[{"embeddable":true,"href":"https:\/\/www.revistarambla.com\/en\/wp-json\/wp\/v2\/media\/50766"}],"wp:attachment":[{"href":"https:\/\/www.revistarambla.com\/en\/wp-json\/wp\/v2\/media?parent=50765"}],"wp:term":[{"taxonomy":"category","embeddable":true,"href":"https:\/\/www.revistarambla.com\/en\/wp-json\/wp\/v2\/categories?post=50765"},{"taxonomy":"post_tag","embeddable":true,"href":"https:\/\/www.revistarambla.com\/en\/wp-json\/wp\/v2\/tags?post=50765"}],"curies":[{"name":"wp","href":"https:\/\/api.w.org\/{rel}","templated":true}]}}