{"id":50759,"date":"2022-11-11T12:47:24","date_gmt":"2022-11-11T11:47:24","guid":{"rendered":"https:\/\/www.revistarambla.com\/?p=50759"},"modified":"2022-11-11T12:47:24","modified_gmt":"2022-11-11T11:47:24","slug":"felipe-gonzalez-psoe-puede-morir-de-exito","status":"publish","type":"post","link":"https:\/\/www.revistarambla.com\/en\/felipe-gonzalez-psoe-puede-morir-de-exito\/","title":{"rendered":"Felipe Gonz\u00e1lez: \u00a1PSOE puede morir de \u00e9xito!"},"content":{"rendered":"<p>En su sentido m\u00e1s realista, acu\u00f1\u00f3 Felipe Gonz\u00e1lez, dicha frase lapidaria titulada: \u00a1Se puede morir de \u00e9xito!<\/p>\n<p>Advert\u00eda en 1996, en uno de sus m\u00faltiples discursos alusivos a la transformaci\u00f3n de ideas y la renovaci\u00f3n del PSOE en un futuro, argumentando ante la multitud de fieles que llenaban el recinto: \u00a1que no pod\u00edan dormirse en los laureles!<\/p>\n<p>Recog\u00eda EL PA\u00cdS de aquellas fechas las manifestaciones de Felipe Gonz\u00e1lez, la necesidad de afrontar una transformaci\u00f3n de ideas en el PSOE, recordando, que desde 1979, se acordaba el \u201cabandono del Marxismo\u201d, supuesto, que volvi\u00f3 de nuevo a ponerse en pr\u00e1ctica por el actual presidente y su Gobierno de coalici\u00f3n.<\/p>\n<p>Aparentemente, esas premisas o l\u00edneas de pensamientos vertidas no fueron llevadas a la realidad pretendida, y muy probablemente nadie podr\u00eda imaginar a priori, que Zapatero y S\u00e1nchez, se alejar\u00edan a marchas forzadas de la pol\u00edtica llevada a cabo por su predecesor.<\/p>\n<p>Tampoco puede decirse que hayan sido pr\u00f3digos en pol\u00edticas virtuosas para Espa\u00f1a, comenzando por el primero, ya que el segundo fue embestido por una Pandemia desconocida, no si\u00e9ndole achacable, salvo el desconcierto y caos del gasto producido por el p\u00e1nico impuesto en su err\u00e1tica pol\u00edtica, ante un pa\u00eds que ya se tambaleaba ante una coyuntura equ\u00edvoca de desgobiernos.<\/p>\n<p>Suelo ser cr\u00edtico con el Poder a trav\u00e9s de mis modestas Columnas, y tampoco me dolieron prendas con Rajoy llegado el momento, quedando reflejado en aquellos tiempos de elaboraci\u00f3n de los Presupuestos Generales de 2018, en cuanto a las \u201cconcesiones\u201d a la oposici\u00f3n para conservar los propios esca\u00f1os, que indudablemente contribu\u00edan a los desequilibrios, tanto econ\u00f3micos como en infraestructuras, surgiendo posteriormente la Moci\u00f3n de Censura que le cost\u00f3 el puesto.<\/p>\n<p>Dichas concesiones excesivas bajo mi punto de vista, algunas con escasa transparencia y poco reflexivas hacia determinados grupos, constituyeron dentro de la Instituci\u00f3n Parlamentaria, m\u00e1s sombras que luces con determinados favorecimientos en detrimento de otras.<\/p>\n<p>Desde entonces, visto lo visto, tengo la impresi\u00f3n de que comparado lo de entonces con lo que ocurre en la actualidad, aquello se trataba de un juego de parvulario.<\/p>\n<p>Respecto a los a\u00f1os bisiestos, uno se muestra siempre respetuoso con el Universo, y desconoce el grado de influencia que las llamadas CONJUNCIONES ASTRALES puedan ejercer sobre el Planeta.<\/p>\n<p>Pero resulta ser cierto, sin necesidad de recordar, lo que supuso el \u00faltimo bisiesto (2020), que seg\u00fan el refranero: a\u00f1o bisiesto, a\u00f1o siniestro, incluida Pandemia.<\/p>\n<p>Considerando un <span style=\"text-decoration: underline;\"><a href=\"https:\/\/www.revistarambla.com\/en\/espana-2023-ano-sabatico-para-elecciones\/\">eventual a\u00f1o sab\u00e1tico 2023<\/a><\/span>, que pudiera reflejarse en primer lugar ante Elecciones Municipales y Auton\u00f3micas, el pr\u00f3ximo 28\/5, con la duda en fechas de la Comunidad Valenciana, e igualmente con la excepci\u00f3n de las Comunidades denominadas Hist\u00f3ricas, pronto se ir\u00e1n perfilando candidaturas con la disposici\u00f3n de exministros para optar a las mismas, quedando tiempo para comentarlas.<\/p>\n<p>No ocurre igual con las Elecciones Generales previstas como m\u00e1ximo para el 10\/12\/2023, salvo adelanto electoral no descartado.<\/p>\n<p>A la vista de lo anterior, a siete meses vista de las Auton\u00f3micas y a poco m\u00e1s de un a\u00f1o de las Generales, posiblemente vaya en aumento el recelo y hartazgo pol\u00edtico del electorado a tenor de los elevados porcentajes de desaprobaci\u00f3n y desconfianza expresados por el Eurobar\u00f3metro (UE) hace escasos meses, dirigido a Partidos Pol\u00edticos; Gobierno y Congreso. Un 86% para los primeros y un 71% sobre los segundos.<\/p>\n<p>Sobre esta situaci\u00f3n, se hace nuevamente preciso insistir en que Espa\u00f1a necesita una Regeneraci\u00f3n Pol\u00edtica, en la cual los espa\u00f1oles puedan volver a confiar, y las pr\u00f3ximas elecciones podr\u00edan representar ese escenario sab\u00e1tico, remitiendo un mensaje en este sentido a sus Instituciones a fin de que se reflexione sobre lo acontecido hasta ahora.<\/p>\n<p>Posicionamientos similares fueron adoptados en Elecciones europeas del presente a\u00f1o en: Francia; Italia; Portugal y Austria, con porcentajes de \u201cPASAR DE LAS URNAS\u201d con cifras del 28% al 57,36%.<\/p>\n<p>Un comportamiento hasta cierto punto natural, considerando las escasas motivaciones para votar, ante otras circunstancias de rango superior a la Pol\u00edtica, las cuales preocupan mucho m\u00e1s al ciudadano.<\/p>\n<p>Finalizando, no ser\u00eda balad\u00ed memorizar las interminables problem\u00e1ticas que afectan al mismo, mostrando posiblemente en cada una de las pr\u00f3ximas Elecciones la gran quiebra de confianza y temor que nos asola, y eso que a\u00fan no se ha \u201clevantado el tel\u00f3n\u201d sobre las refriegas pol\u00edticas que nos esperan.<\/p>","protected":false},"excerpt":{"rendered":"<p>2019-2022, cataclismos en cadena, con bisiesto 2020 de por medio. [foto: Felipe Gonz\u00e1lez durante un mitin en Madrid, en 1977]<\/p>\n","protected":false},"author":305,"featured_media":50760,"comment_status":"open","ping_status":"closed","sticky":false,"template":"","format":"standard","meta":{"footnotes":""},"categories":[72],"tags":[],"class_list":["post-50759","post","type-post","status-publish","format-standard","has-post-thumbnail","hentry","category-opinion"],"yoast_head":"<!-- This site is optimized with the Yoast SEO plugin v27.5 - https:\/\/yoast.com\/product\/yoast-seo-wordpress\/ -->\n<title>Felipe Gonz\u00e1lez: \u00a1PSOE puede morir de \u00e9xito! - Revista Rambla<\/title>\n<meta name=\"robots\" content=\"index, follow, max-snippet:-1, max-image-preview:large, max-video-preview:-1\" \/>\n<link rel=\"canonical\" href=\"https:\/\/www.revistarambla.com\/en\/felipe-gonzalez-psoe-puede-morir-de-exito\/\" \/>\n<meta property=\"og:locale\" content=\"en_GB\" \/>\n<meta property=\"og:type\" content=\"article\" \/>\n<meta property=\"og:title\" content=\"Felipe Gonz\u00e1lez: \u00a1PSOE puede morir de \u00e9xito! - Revista Rambla\" \/>\n<meta property=\"og:description\" content=\"2019-2022, cataclismos en cadena, con bisiesto 2020 de por medio. [foto: Felipe Gonz\u00e1lez durante un mitin en Madrid, en 1977]\" \/>\n<meta property=\"og:url\" content=\"https:\/\/www.revistarambla.com\/en\/felipe-gonzalez-psoe-puede-morir-de-exito\/\" \/>\n<meta property=\"og:site_name\" content=\"Revista Rambla\" \/>\n<meta property=\"article:publisher\" content=\"https:\/\/www.facebook.com\/revistarambla\/\" \/>\n<meta property=\"article:published_time\" content=\"2022-11-11T11:47:24+00:00\" \/>\n<meta property=\"og:image\" content=\"https:\/\/www.revistarambla.com\/wp-content\/uploads\/2022\/11\/felipe-gonzalez.jpg\" \/>\n\t<meta property=\"og:image:width\" content=\"800\" \/>\n\t<meta property=\"og:image:height\" content=\"533\" \/>\n\t<meta property=\"og:image:type\" content=\"image\/jpeg\" \/>\n<meta name=\"author\" content=\"Jes\u00fas Antonio Rodr\u00edguez Morilla\" \/>\n<meta name=\"twitter:card\" content=\"summary_large_image\" \/>\n<meta name=\"twitter:creator\" content=\"@revistarambla\" \/>\n<meta name=\"twitter:site\" content=\"@revistarambla\" \/>\n<meta name=\"twitter:label1\" content=\"Written by\" \/>\n\t<meta name=\"twitter:data1\" content=\"Jes\u00fas Antonio Rodr\u00edguez Morilla\" \/>\n\t<meta name=\"twitter:label2\" content=\"Estimated reading time\" \/>\n\t<meta name=\"twitter:data2\" content=\"4 minutes\" \/>\n<script type=\"application\/ld+json\" class=\"yoast-schema-graph\">{\"@context\":\"https:\\\/\\\/schema.org\",\"@graph\":[{\"@type\":\"Article\",\"@id\":\"https:\\\/\\\/www.revistarambla.com\\\/felipe-gonzalez-psoe-puede-morir-de-exito\\\/#article\",\"isPartOf\":{\"@id\":\"https:\\\/\\\/www.revistarambla.com\\\/felipe-gonzalez-psoe-puede-morir-de-exito\\\/\"},\"author\":{\"name\":\"Jes\u00fas Antonio Rodr\u00edguez Morilla\",\"@id\":\"https:\\\/\\\/www.revistarambla.com\\\/#\\\/schema\\\/person\\\/eace802346abd966cd3ecb763f255a0a\"},\"headline\":\"Felipe Gonz\u00e1lez: \u00a1PSOE puede morir de \u00e9xito!\",\"datePublished\":\"2022-11-11T11:47:24+00:00\",\"mainEntityOfPage\":{\"@id\":\"https:\\\/\\\/www.revistarambla.com\\\/felipe-gonzalez-psoe-puede-morir-de-exito\\\/\"},\"wordCount\":770,\"commentCount\":0,\"publisher\":{\"@id\":\"https:\\\/\\\/www.revistarambla.com\\\/#organization\"},\"image\":{\"@id\":\"https:\\\/\\\/www.revistarambla.com\\\/felipe-gonzalez-psoe-puede-morir-de-exito\\\/#primaryimage\"},\"thumbnailUrl\":\"https:\\\/\\\/www.revistarambla.com\\\/wp-content\\\/uploads\\\/2022\\\/11\\\/felipe-gonzalez.jpg\",\"articleSection\":[\"Opiniones\"],\"inLanguage\":\"en-GB\",\"potentialAction\":[{\"@type\":\"CommentAction\",\"name\":\"Comment\",\"target\":[\"https:\\\/\\\/www.revistarambla.com\\\/felipe-gonzalez-psoe-puede-morir-de-exito\\\/#respond\"]}]},{\"@type\":\"WebPage\",\"@id\":\"https:\\\/\\\/www.revistarambla.com\\\/felipe-gonzalez-psoe-puede-morir-de-exito\\\/\",\"url\":\"https:\\\/\\\/www.revistarambla.com\\\/felipe-gonzalez-psoe-puede-morir-de-exito\\\/\",\"name\":\"Felipe Gonz\u00e1lez: \u00a1PSOE puede morir de \u00e9xito! - Revista Rambla\",\"isPartOf\":{\"@id\":\"https:\\\/\\\/www.revistarambla.com\\\/#website\"},\"primaryImageOfPage\":{\"@id\":\"https:\\\/\\\/www.revistarambla.com\\\/felipe-gonzalez-psoe-puede-morir-de-exito\\\/#primaryimage\"},\"image\":{\"@id\":\"https:\\\/\\\/www.revistarambla.com\\\/felipe-gonzalez-psoe-puede-morir-de-exito\\\/#primaryimage\"},\"thumbnailUrl\":\"https:\\\/\\\/www.revistarambla.com\\\/wp-content\\\/uploads\\\/2022\\\/11\\\/felipe-gonzalez.jpg\",\"datePublished\":\"2022-11-11T11:47:24+00:00\",\"breadcrumb\":{\"@id\":\"https:\\\/\\\/www.revistarambla.com\\\/felipe-gonzalez-psoe-puede-morir-de-exito\\\/#breadcrumb\"},\"inLanguage\":\"en-GB\",\"potentialAction\":[{\"@type\":\"ReadAction\",\"target\":[\"https:\\\/\\\/www.revistarambla.com\\\/felipe-gonzalez-psoe-puede-morir-de-exito\\\/\"]}]},{\"@type\":\"ImageObject\",\"inLanguage\":\"en-GB\",\"@id\":\"https:\\\/\\\/www.revistarambla.com\\\/felipe-gonzalez-psoe-puede-morir-de-exito\\\/#primaryimage\",\"url\":\"https:\\\/\\\/www.revistarambla.com\\\/wp-content\\\/uploads\\\/2022\\\/11\\\/felipe-gonzalez.jpg\",\"contentUrl\":\"https:\\\/\\\/www.revistarambla.com\\\/wp-content\\\/uploads\\\/2022\\\/11\\\/felipe-gonzalez.jpg\",\"width\":800,\"height\":533},{\"@type\":\"BreadcrumbList\",\"@id\":\"https:\\\/\\\/www.revistarambla.com\\\/felipe-gonzalez-psoe-puede-morir-de-exito\\\/#breadcrumb\",\"itemListElement\":[{\"@type\":\"ListItem\",\"position\":1,\"name\":\"Portada\",\"item\":\"https:\\\/\\\/www.revistarambla.com\\\/\"},{\"@type\":\"ListItem\",\"position\":2,\"name\":\"Felipe Gonz\u00e1lez: \u00a1PSOE puede morir de \u00e9xito!\"}]},{\"@type\":\"WebSite\",\"@id\":\"https:\\\/\\\/www.revistarambla.com\\\/#website\",\"url\":\"https:\\\/\\\/www.revistarambla.com\\\/\",\"name\":\"Revista Rambla Barcelona\",\"description\":\"Periodismo independiente\",\"publisher\":{\"@id\":\"https:\\\/\\\/www.revistarambla.com\\\/#organization\"},\"potentialAction\":[{\"@type\":\"SearchAction\",\"target\":{\"@type\":\"EntryPoint\",\"urlTemplate\":\"https:\\\/\\\/www.revistarambla.com\\\/?s={search_term_string}\"},\"query-input\":{\"@type\":\"PropertyValueSpecification\",\"valueRequired\":true,\"valueName\":\"search_term_string\"}}],\"inLanguage\":\"en-GB\"},{\"@type\":\"Organization\",\"@id\":\"https:\\\/\\\/www.revistarambla.com\\\/#organization\",\"name\":\"Revista Rambla\",\"url\":\"https:\\\/\\\/www.revistarambla.com\\\/\",\"logo\":{\"@type\":\"ImageObject\",\"inLanguage\":\"en-GB\",\"@id\":\"https:\\\/\\\/www.revistarambla.com\\\/#\\\/schema\\\/logo\\\/image\\\/\",\"url\":\"https:\\\/\\\/www.revistarambla.com\\\/wp-content\\\/uploads\\\/2020\\\/09\\\/banner_rambla_1900x600_BB.png\",\"contentUrl\":\"https:\\\/\\\/www.revistarambla.com\\\/wp-content\\\/uploads\\\/2020\\\/09\\\/banner_rambla_1900x600_BB.png\",\"width\":1900,\"height\":600,\"caption\":\"Revista Rambla\"},\"image\":{\"@id\":\"https:\\\/\\\/www.revistarambla.com\\\/#\\\/schema\\\/logo\\\/image\\\/\"},\"sameAs\":[\"https:\\\/\\\/www.facebook.com\\\/revistarambla\\\/\",\"https:\\\/\\\/x.com\\\/revistarambla\",\"https:\\\/\\\/www.instagram.com\\\/revista_rambla\",\"https:\\\/\\\/es.linkedin.com\\\/company\\\/revista-rambla\"]},{\"@type\":\"Person\",\"@id\":\"https:\\\/\\\/www.revistarambla.com\\\/#\\\/schema\\\/person\\\/eace802346abd966cd3ecb763f255a0a\",\"name\":\"Jes\u00fas Antonio Rodr\u00edguez Morilla\",\"description\":\"Doctor en Derecho por la U.C.M. (Cum Laude). Licenciado en Derecho. Licenciado en Ciencias Pol\u00edticas. Caballero de M\u00e9rito de la Real Orden (Noruega).\",\"sameAs\":[\"https:\\\/\\\/www.modificadosobraspublicas.com\"]}]}<\/script>\n<!-- \/ Yoast SEO plugin. -->","yoast_head_json":{"title":"Felipe Gonz\u00e1lez: \u00a1PSOE puede morir de \u00e9xito! - Revista Rambla","robots":{"index":"index","follow":"follow","max-snippet":"max-snippet:-1","max-image-preview":"max-image-preview:large","max-video-preview":"max-video-preview:-1"},"canonical":"https:\/\/www.revistarambla.com\/en\/felipe-gonzalez-psoe-puede-morir-de-exito\/","og_locale":"en_GB","og_type":"article","og_title":"Felipe Gonz\u00e1lez: \u00a1PSOE puede morir de \u00e9xito! - Revista Rambla","og_description":"2019-2022, cataclismos en cadena, con bisiesto 2020 de por medio. [foto: Felipe Gonz\u00e1lez durante un mitin en Madrid, en 1977]","og_url":"https:\/\/www.revistarambla.com\/en\/felipe-gonzalez-psoe-puede-morir-de-exito\/","og_site_name":"Revista Rambla","article_publisher":"https:\/\/www.facebook.com\/revistarambla\/","article_published_time":"2022-11-11T11:47:24+00:00","og_image":[{"width":800,"height":533,"url":"https:\/\/www.revistarambla.com\/wp-content\/uploads\/2022\/11\/felipe-gonzalez.jpg","type":"image\/jpeg"}],"author":"Jes\u00fas Antonio Rodr\u00edguez Morilla","twitter_card":"summary_large_image","twitter_creator":"@revistarambla","twitter_site":"@revistarambla","twitter_misc":{"Written by":"Jes\u00fas Antonio Rodr\u00edguez Morilla","Estimated reading time":"4 minutes"},"schema":{"@context":"https:\/\/schema.org","@graph":[{"@type":"Article","@id":"https:\/\/www.revistarambla.com\/felipe-gonzalez-psoe-puede-morir-de-exito\/#article","isPartOf":{"@id":"https:\/\/www.revistarambla.com\/felipe-gonzalez-psoe-puede-morir-de-exito\/"},"author":{"name":"Jes\u00fas Antonio Rodr\u00edguez Morilla","@id":"https:\/\/www.revistarambla.com\/#\/schema\/person\/eace802346abd966cd3ecb763f255a0a"},"headline":"Felipe Gonz\u00e1lez: \u00a1PSOE puede morir de \u00e9xito!","datePublished":"2022-11-11T11:47:24+00:00","mainEntityOfPage":{"@id":"https:\/\/www.revistarambla.com\/felipe-gonzalez-psoe-puede-morir-de-exito\/"},"wordCount":770,"commentCount":0,"publisher":{"@id":"https:\/\/www.revistarambla.com\/#organization"},"image":{"@id":"https:\/\/www.revistarambla.com\/felipe-gonzalez-psoe-puede-morir-de-exito\/#primaryimage"},"thumbnailUrl":"https:\/\/www.revistarambla.com\/wp-content\/uploads\/2022\/11\/felipe-gonzalez.jpg","articleSection":["Opiniones"],"inLanguage":"en-GB","potentialAction":[{"@type":"CommentAction","name":"Comment","target":["https:\/\/www.revistarambla.com\/felipe-gonzalez-psoe-puede-morir-de-exito\/#respond"]}]},{"@type":"WebPage","@id":"https:\/\/www.revistarambla.com\/felipe-gonzalez-psoe-puede-morir-de-exito\/","url":"https:\/\/www.revistarambla.com\/felipe-gonzalez-psoe-puede-morir-de-exito\/","name":"Felipe Gonz\u00e1lez: \u00a1PSOE puede morir de \u00e9xito! - Revista Rambla","isPartOf":{"@id":"https:\/\/www.revistarambla.com\/#website"},"primaryImageOfPage":{"@id":"https:\/\/www.revistarambla.com\/felipe-gonzalez-psoe-puede-morir-de-exito\/#primaryimage"},"image":{"@id":"https:\/\/www.revistarambla.com\/felipe-gonzalez-psoe-puede-morir-de-exito\/#primaryimage"},"thumbnailUrl":"https:\/\/www.revistarambla.com\/wp-content\/uploads\/2022\/11\/felipe-gonzalez.jpg","datePublished":"2022-11-11T11:47:24+00:00","breadcrumb":{"@id":"https:\/\/www.revistarambla.com\/felipe-gonzalez-psoe-puede-morir-de-exito\/#breadcrumb"},"inLanguage":"en-GB","potentialAction":[{"@type":"ReadAction","target":["https:\/\/www.revistarambla.com\/felipe-gonzalez-psoe-puede-morir-de-exito\/"]}]},{"@type":"ImageObject","inLanguage":"en-GB","@id":"https:\/\/www.revistarambla.com\/felipe-gonzalez-psoe-puede-morir-de-exito\/#primaryimage","url":"https:\/\/www.revistarambla.com\/wp-content\/uploads\/2022\/11\/felipe-gonzalez.jpg","contentUrl":"https:\/\/www.revistarambla.com\/wp-content\/uploads\/2022\/11\/felipe-gonzalez.jpg","width":800,"height":533},{"@type":"BreadcrumbList","@id":"https:\/\/www.revistarambla.com\/felipe-gonzalez-psoe-puede-morir-de-exito\/#breadcrumb","itemListElement":[{"@type":"ListItem","position":1,"name":"Portada","item":"https:\/\/www.revistarambla.com\/"},{"@type":"ListItem","position":2,"name":"Felipe Gonz\u00e1lez: \u00a1PSOE puede morir de \u00e9xito!"}]},{"@type":"WebSite","@id":"https:\/\/www.revistarambla.com\/#website","url":"https:\/\/www.revistarambla.com\/","name":"Revista Rambla Barcelona","description":"Periodismo independiente","publisher":{"@id":"https:\/\/www.revistarambla.com\/#organization"},"potentialAction":[{"@type":"SearchAction","target":{"@type":"EntryPoint","urlTemplate":"https:\/\/www.revistarambla.com\/?s={search_term_string}"},"query-input":{"@type":"PropertyValueSpecification","valueRequired":true,"valueName":"search_term_string"}}],"inLanguage":"en-GB"},{"@type":"Organization","@id":"https:\/\/www.revistarambla.com\/#organization","name":"Revista Rambla","url":"https:\/\/www.revistarambla.com\/","logo":{"@type":"ImageObject","inLanguage":"en-GB","@id":"https:\/\/www.revistarambla.com\/#\/schema\/logo\/image\/","url":"https:\/\/www.revistarambla.com\/wp-content\/uploads\/2020\/09\/banner_rambla_1900x600_BB.png","contentUrl":"https:\/\/www.revistarambla.com\/wp-content\/uploads\/2020\/09\/banner_rambla_1900x600_BB.png","width":1900,"height":600,"caption":"Revista Rambla"},"image":{"@id":"https:\/\/www.revistarambla.com\/#\/schema\/logo\/image\/"},"sameAs":["https:\/\/www.facebook.com\/revistarambla\/","https:\/\/x.com\/revistarambla","https:\/\/www.instagram.com\/revista_rambla","https:\/\/es.linkedin.com\/company\/revista-rambla"]},{"@type":"Person","@id":"https:\/\/www.revistarambla.com\/#\/schema\/person\/eace802346abd966cd3ecb763f255a0a","name":"Jes\u00fas Antonio Rodr\u00edguez Morilla","description":"Doctor en Derecho por la U.C.M. (Cum Laude). Licenciado en Derecho. Licenciado en Ciencias Pol\u00edticas. Caballero de M\u00e9rito de la Real Orden (Noruega).","sameAs":["https:\/\/www.modificadosobraspublicas.com"]}]}},"_links":{"self":[{"href":"https:\/\/www.revistarambla.com\/en\/wp-json\/wp\/v2\/posts\/50759","targetHints":{"allow":["GET"]}}],"collection":[{"href":"https:\/\/www.revistarambla.com\/en\/wp-json\/wp\/v2\/posts"}],"about":[{"href":"https:\/\/www.revistarambla.com\/en\/wp-json\/wp\/v2\/types\/post"}],"author":[{"embeddable":true,"href":"https:\/\/www.revistarambla.com\/en\/wp-json\/wp\/v2\/users\/305"}],"replies":[{"embeddable":true,"href":"https:\/\/www.revistarambla.com\/en\/wp-json\/wp\/v2\/comments?post=50759"}],"version-history":[{"count":1,"href":"https:\/\/www.revistarambla.com\/en\/wp-json\/wp\/v2\/posts\/50759\/revisions"}],"predecessor-version":[{"id":50761,"href":"https:\/\/www.revistarambla.com\/en\/wp-json\/wp\/v2\/posts\/50759\/revisions\/50761"}],"wp:featuredmedia":[{"embeddable":true,"href":"https:\/\/www.revistarambla.com\/en\/wp-json\/wp\/v2\/media\/50760"}],"wp:attachment":[{"href":"https:\/\/www.revistarambla.com\/en\/wp-json\/wp\/v2\/media?parent=50759"}],"wp:term":[{"taxonomy":"category","embeddable":true,"href":"https:\/\/www.revistarambla.com\/en\/wp-json\/wp\/v2\/categories?post=50759"},{"taxonomy":"post_tag","embeddable":true,"href":"https:\/\/www.revistarambla.com\/en\/wp-json\/wp\/v2\/tags?post=50759"}],"curies":[{"name":"wp","href":"https:\/\/api.w.org\/{rel}","templated":true}]}}