{"id":50748,"date":"2022-11-10T20:23:03","date_gmt":"2022-11-10T19:23:03","guid":{"rendered":"https:\/\/www.revistarambla.com\/?p=50748"},"modified":"2022-11-10T20:27:57","modified_gmt":"2022-11-10T19:27:57","slug":"ccoo-denuncia-condiciones-laborales-denigrantes-en-barca-tv","status":"publish","type":"post","link":"https:\/\/www.revistarambla.com\/en\/ccoo-denuncia-condiciones-laborales-denigrantes-en-barca-tv\/","title":{"rendered":"CCOO denuncia condiciones laborales denigrantes en Bar\u00e7a TV"},"content":{"rendered":"<p>Mientras Joan Laporta sigue aumentado de talla de camisa y pantal\u00f3n, los periodistas y profesionales de Bar\u00e7a TV a duras penas llegan a fin de mes.<!--more--> As\u00ed lo denuncia el Comit\u00e9 de empresa del canal televisivo, que tiene previsto movilizarse si no mejoran sus condiciones laborales.<\/p>\n<h2>Propiedad de Telef\u00f3nica<\/h2>\n<p>Bar\u00e7a TV, el canal de televisi\u00f3n oficial del F.C. Barcelona, no pertenece al club. La producci\u00f3n corre a cargo de una empresa del grupo Telef\u00f3nica desde 2015. De hecho, el club jam\u00e1s ha gestionado su propia televisi\u00f3n, ya que, siempre ha tenido externalizado el servicio.<\/p>\n<p>Ahora, los trabajadores del canal del Bar\u00e7a dicen basta tras ser tratados de forma denigrante y trabajar casi como esclavos. De este modo lo explica CCOO en un comunicado donde asegura que los profesionales de Bar\u00e7a TV tienen sueldos de mileuristas y tienen que estar disponibles los siete d\u00edas de la semana sin cobrar las horas extras a expensas del club. En este sentido, comentan que los trabajadores no tienen en sus contratos la categor\u00eda profesional correcta, los salarios bases son paup\u00e9rrimos y no se les especifica debidamente los puestos de trabajo que tienen que cubrir.<\/p>\n<p>Adem\u00e1s, aseguran que desde la entrada de Telef\u00f3nica en la gesti\u00f3n de Bar\u00e7a TV, las condiciones laborales y los contratos han ido a peor, sobre todo desde la creaci\u00f3n de TBSC (Telef\u00f3nica Broadcast Services Catalunya Barcelona Producciones SLU) en julio de 2020. Esta empresa tiene como \u00fanico objeto gestionar la producci\u00f3n del canal televisivo, con la \u00fanica plantilla de Bar\u00e7a TV y con el FC Barcelona como \u00fanico cliente. Es decir, que los trabajadores quedan aislados de la matriz y no pueden obtener los beneficios colectivos.<\/p>\n<h2>Con dos trabajos para llegar a fin de mes<\/h2>\n<p>Los trabajadores tambi\u00e9n quieren hacer p\u00fablico que han perdido un 22,8% de poder adquisitivo. Que muchos de ellos han tenido que buscar otros trabajos para poder llegar a fin de mes. Y que una decena de ellos se han tenido que ir en busca de mejores oportunidades porque no aguantaban m\u00e1s. Otro punto bastante pat\u00e9tico es que los trabajadores trabajan con material del pleistoceno, teniendo que adelantar ellos mismo dinero para mejorar los equipos u otros gastos que se generan en la redacci\u00f3n.<\/p>\n<p>Despu\u00e9s que este verano Telef\u00f3nica se cerrara en banda para retomar el di\u00e1logo y negociar mejoras laborales, los trabajadores de Bar\u00e7a TV han tenido que acudir al Tribunal Laboral de Catalunya para, como m\u00ednimo, pactar un calendario de negociaciones. Pese a ello, explican, que los contactos no prosperan y siguen sin conseguir la m\u00e1s m\u00ednima mejora. Por ello, el Comit\u00e9 de Empresa anuncia movilizaciones si la cosa sigue as\u00ed.<\/p>","protected":false},"excerpt":{"rendered":"<p>Sin cobrar horas extras, sin categor\u00eda profesional, con sueldos de mileuristas y con una disponibilidad 24\/7, as\u00ed trabajan en el canal oficial del FC Barcelona, propiedad de Telef\u00f3nica. [Foto: imagen recurrente de un programa de Bar\u00e7a TV]<\/p>\n","protected":false},"author":3,"featured_media":50749,"comment_status":"open","ping_status":"closed","sticky":false,"template":"","format":"standard","meta":{"footnotes":""},"categories":[76],"tags":[],"class_list":["post-50748","post","type-post","status-publish","format-standard","has-post-thumbnail","hentry","category-barcelona"],"yoast_head":"<!-- This site is optimized with the Yoast SEO plugin v27.5 - https:\/\/yoast.com\/product\/yoast-seo-wordpress\/ -->\n<title>CCOO denuncia condiciones laborales denigrantes en Bar\u00e7a TV - Revista Rambla<\/title>\n<meta name=\"robots\" content=\"index, follow, max-snippet:-1, max-image-preview:large, max-video-preview:-1\" \/>\n<link rel=\"canonical\" href=\"https:\/\/www.revistarambla.com\/en\/ccoo-denuncia-condiciones-laborales-denigrantes-en-barca-tv\/\" \/>\n<meta property=\"og:locale\" content=\"en_GB\" \/>\n<meta property=\"og:type\" content=\"article\" \/>\n<meta property=\"og:title\" content=\"CCOO denuncia condiciones laborales denigrantes en Bar\u00e7a TV - Revista Rambla\" \/>\n<meta property=\"og:description\" content=\"Sin cobrar horas extras, sin categor\u00eda profesional, con sueldos de mileuristas y con una disponibilidad 24\/7, as\u00ed trabajan en el canal oficial del FC Barcelona, propiedad de Telef\u00f3nica. [Foto: imagen recurrente de un programa de Bar\u00e7a TV]\" \/>\n<meta property=\"og:url\" content=\"https:\/\/www.revistarambla.com\/en\/ccoo-denuncia-condiciones-laborales-denigrantes-en-barca-tv\/\" \/>\n<meta property=\"og:site_name\" content=\"Revista Rambla\" \/>\n<meta property=\"article:publisher\" content=\"https:\/\/www.facebook.com\/revistarambla\/\" \/>\n<meta property=\"article:author\" content=\"https:\/\/www.facebook.com\/revistarambla\" \/>\n<meta property=\"article:published_time\" content=\"2022-11-10T19:23:03+00:00\" \/>\n<meta property=\"article:modified_time\" content=\"2022-11-10T19:27:57+00:00\" \/>\n<meta property=\"og:image\" content=\"https:\/\/www.revistarambla.com\/wp-content\/uploads\/2022\/11\/barca-tv-fc-barcelona.jpg\" \/>\n\t<meta property=\"og:image:width\" content=\"750\" \/>\n\t<meta property=\"og:image:height\" content=\"450\" \/>\n\t<meta property=\"og:image:type\" content=\"image\/jpeg\" \/>\n<meta name=\"author\" content=\"R@mbla\" \/>\n<meta name=\"twitter:card\" content=\"summary_large_image\" \/>\n<meta name=\"twitter:creator\" content=\"@revistarambla\" \/>\n<meta name=\"twitter:site\" content=\"@revistarambla\" \/>\n<meta name=\"twitter:label1\" content=\"Written by\" \/>\n\t<meta name=\"twitter:data1\" content=\"R@mbla\" \/>\n\t<meta name=\"twitter:label2\" content=\"Estimated reading time\" \/>\n\t<meta name=\"twitter:data2\" content=\"3 minutes\" \/>\n<script type=\"application\/ld+json\" class=\"yoast-schema-graph\">{\"@context\":\"https:\\\/\\\/schema.org\",\"@graph\":[{\"@type\":\"Article\",\"@id\":\"https:\\\/\\\/www.revistarambla.com\\\/ccoo-denuncia-condiciones-laborales-denigrantes-en-barca-tv\\\/#article\",\"isPartOf\":{\"@id\":\"https:\\\/\\\/www.revistarambla.com\\\/ccoo-denuncia-condiciones-laborales-denigrantes-en-barca-tv\\\/\"},\"author\":{\"name\":\"R@mbla\",\"@id\":\"https:\\\/\\\/www.revistarambla.com\\\/#\\\/schema\\\/person\\\/a146a5a2550b94981a75131180e1bd9c\"},\"headline\":\"CCOO denuncia condiciones laborales denigrantes en Bar\u00e7a TV\",\"datePublished\":\"2022-11-10T19:23:03+00:00\",\"dateModified\":\"2022-11-10T19:27:57+00:00\",\"mainEntityOfPage\":{\"@id\":\"https:\\\/\\\/www.revistarambla.com\\\/ccoo-denuncia-condiciones-laborales-denigrantes-en-barca-tv\\\/\"},\"wordCount\":478,\"commentCount\":0,\"publisher\":{\"@id\":\"https:\\\/\\\/www.revistarambla.com\\\/#organization\"},\"image\":{\"@id\":\"https:\\\/\\\/www.revistarambla.com\\\/ccoo-denuncia-condiciones-laborales-denigrantes-en-barca-tv\\\/#primaryimage\"},\"thumbnailUrl\":\"https:\\\/\\\/www.revistarambla.com\\\/wp-content\\\/uploads\\\/2022\\\/11\\\/barca-tv-fc-barcelona.jpg\",\"articleSection\":[\"Barcelona\"],\"inLanguage\":\"en-GB\",\"potentialAction\":[{\"@type\":\"CommentAction\",\"name\":\"Comment\",\"target\":[\"https:\\\/\\\/www.revistarambla.com\\\/ccoo-denuncia-condiciones-laborales-denigrantes-en-barca-tv\\\/#respond\"]}]},{\"@type\":\"WebPage\",\"@id\":\"https:\\\/\\\/www.revistarambla.com\\\/ccoo-denuncia-condiciones-laborales-denigrantes-en-barca-tv\\\/\",\"url\":\"https:\\\/\\\/www.revistarambla.com\\\/ccoo-denuncia-condiciones-laborales-denigrantes-en-barca-tv\\\/\",\"name\":\"CCOO denuncia condiciones laborales denigrantes en Bar\u00e7a TV - Revista Rambla\",\"isPartOf\":{\"@id\":\"https:\\\/\\\/www.revistarambla.com\\\/#website\"},\"primaryImageOfPage\":{\"@id\":\"https:\\\/\\\/www.revistarambla.com\\\/ccoo-denuncia-condiciones-laborales-denigrantes-en-barca-tv\\\/#primaryimage\"},\"image\":{\"@id\":\"https:\\\/\\\/www.revistarambla.com\\\/ccoo-denuncia-condiciones-laborales-denigrantes-en-barca-tv\\\/#primaryimage\"},\"thumbnailUrl\":\"https:\\\/\\\/www.revistarambla.com\\\/wp-content\\\/uploads\\\/2022\\\/11\\\/barca-tv-fc-barcelona.jpg\",\"datePublished\":\"2022-11-10T19:23:03+00:00\",\"dateModified\":\"2022-11-10T19:27:57+00:00\",\"breadcrumb\":{\"@id\":\"https:\\\/\\\/www.revistarambla.com\\\/ccoo-denuncia-condiciones-laborales-denigrantes-en-barca-tv\\\/#breadcrumb\"},\"inLanguage\":\"en-GB\",\"potentialAction\":[{\"@type\":\"ReadAction\",\"target\":[\"https:\\\/\\\/www.revistarambla.com\\\/ccoo-denuncia-condiciones-laborales-denigrantes-en-barca-tv\\\/\"]}]},{\"@type\":\"ImageObject\",\"inLanguage\":\"en-GB\",\"@id\":\"https:\\\/\\\/www.revistarambla.com\\\/ccoo-denuncia-condiciones-laborales-denigrantes-en-barca-tv\\\/#primaryimage\",\"url\":\"https:\\\/\\\/www.revistarambla.com\\\/wp-content\\\/uploads\\\/2022\\\/11\\\/barca-tv-fc-barcelona.jpg\",\"contentUrl\":\"https:\\\/\\\/www.revistarambla.com\\\/wp-content\\\/uploads\\\/2022\\\/11\\\/barca-tv-fc-barcelona.jpg\",\"width\":750,\"height\":450},{\"@type\":\"BreadcrumbList\",\"@id\":\"https:\\\/\\\/www.revistarambla.com\\\/ccoo-denuncia-condiciones-laborales-denigrantes-en-barca-tv\\\/#breadcrumb\",\"itemListElement\":[{\"@type\":\"ListItem\",\"position\":1,\"name\":\"Portada\",\"item\":\"https:\\\/\\\/www.revistarambla.com\\\/\"},{\"@type\":\"ListItem\",\"position\":2,\"name\":\"CCOO denuncia condiciones laborales denigrantes en Bar\u00e7a TV\"}]},{\"@type\":\"WebSite\",\"@id\":\"https:\\\/\\\/www.revistarambla.com\\\/#website\",\"url\":\"https:\\\/\\\/www.revistarambla.com\\\/\",\"name\":\"Revista Rambla Barcelona\",\"description\":\"Periodismo independiente\",\"publisher\":{\"@id\":\"https:\\\/\\\/www.revistarambla.com\\\/#organization\"},\"potentialAction\":[{\"@type\":\"SearchAction\",\"target\":{\"@type\":\"EntryPoint\",\"urlTemplate\":\"https:\\\/\\\/www.revistarambla.com\\\/?s={search_term_string}\"},\"query-input\":{\"@type\":\"PropertyValueSpecification\",\"valueRequired\":true,\"valueName\":\"search_term_string\"}}],\"inLanguage\":\"en-GB\"},{\"@type\":\"Organization\",\"@id\":\"https:\\\/\\\/www.revistarambla.com\\\/#organization\",\"name\":\"Revista Rambla\",\"url\":\"https:\\\/\\\/www.revistarambla.com\\\/\",\"logo\":{\"@type\":\"ImageObject\",\"inLanguage\":\"en-GB\",\"@id\":\"https:\\\/\\\/www.revistarambla.com\\\/#\\\/schema\\\/logo\\\/image\\\/\",\"url\":\"https:\\\/\\\/www.revistarambla.com\\\/wp-content\\\/uploads\\\/2020\\\/09\\\/banner_rambla_1900x600_BB.png\",\"contentUrl\":\"https:\\\/\\\/www.revistarambla.com\\\/wp-content\\\/uploads\\\/2020\\\/09\\\/banner_rambla_1900x600_BB.png\",\"width\":1900,\"height\":600,\"caption\":\"Revista Rambla\"},\"image\":{\"@id\":\"https:\\\/\\\/www.revistarambla.com\\\/#\\\/schema\\\/logo\\\/image\\\/\"},\"sameAs\":[\"https:\\\/\\\/www.facebook.com\\\/revistarambla\\\/\",\"https:\\\/\\\/x.com\\\/revistarambla\",\"https:\\\/\\\/www.instagram.com\\\/revista_rambla\",\"https:\\\/\\\/es.linkedin.com\\\/company\\\/revista-rambla\"]},{\"@type\":\"Person\",\"@id\":\"https:\\\/\\\/www.revistarambla.com\\\/#\\\/schema\\\/person\\\/a146a5a2550b94981a75131180e1bd9c\",\"name\":\"R@mbla\",\"description\":\"Este art\u00edculo ha sido redactado y\\\/o validado por el equipo de redacci\u00f3n de Revista Rambla.\",\"sameAs\":[\"https:\\\/\\\/www.revistarambla.com\\\/\",\"https:\\\/\\\/www.facebook.com\\\/revistarambla\",\"https:\\\/\\\/x.com\\\/revistarambla\"]}]}<\/script>\n<!-- \/ Yoast SEO plugin. -->","yoast_head_json":{"title":"CCOO denuncia condiciones laborales denigrantes en Bar\u00e7a TV - Revista Rambla","robots":{"index":"index","follow":"follow","max-snippet":"max-snippet:-1","max-image-preview":"max-image-preview:large","max-video-preview":"max-video-preview:-1"},"canonical":"https:\/\/www.revistarambla.com\/en\/ccoo-denuncia-condiciones-laborales-denigrantes-en-barca-tv\/","og_locale":"en_GB","og_type":"article","og_title":"CCOO denuncia condiciones laborales denigrantes en Bar\u00e7a TV - Revista Rambla","og_description":"Sin cobrar horas extras, sin categor\u00eda profesional, con sueldos de mileuristas y con una disponibilidad 24\/7, as\u00ed trabajan en el canal oficial del FC Barcelona, propiedad de Telef\u00f3nica. [Foto: imagen recurrente de un programa de Bar\u00e7a TV]","og_url":"https:\/\/www.revistarambla.com\/en\/ccoo-denuncia-condiciones-laborales-denigrantes-en-barca-tv\/","og_site_name":"Revista Rambla","article_publisher":"https:\/\/www.facebook.com\/revistarambla\/","article_author":"https:\/\/www.facebook.com\/revistarambla","article_published_time":"2022-11-10T19:23:03+00:00","article_modified_time":"2022-11-10T19:27:57+00:00","og_image":[{"width":750,"height":450,"url":"https:\/\/www.revistarambla.com\/wp-content\/uploads\/2022\/11\/barca-tv-fc-barcelona.jpg","type":"image\/jpeg"}],"author":"R@mbla","twitter_card":"summary_large_image","twitter_creator":"@revistarambla","twitter_site":"@revistarambla","twitter_misc":{"Written by":"R@mbla","Estimated reading time":"3 minutes"},"schema":{"@context":"https:\/\/schema.org","@graph":[{"@type":"Article","@id":"https:\/\/www.revistarambla.com\/ccoo-denuncia-condiciones-laborales-denigrantes-en-barca-tv\/#article","isPartOf":{"@id":"https:\/\/www.revistarambla.com\/ccoo-denuncia-condiciones-laborales-denigrantes-en-barca-tv\/"},"author":{"name":"R@mbla","@id":"https:\/\/www.revistarambla.com\/#\/schema\/person\/a146a5a2550b94981a75131180e1bd9c"},"headline":"CCOO denuncia condiciones laborales denigrantes en Bar\u00e7a TV","datePublished":"2022-11-10T19:23:03+00:00","dateModified":"2022-11-10T19:27:57+00:00","mainEntityOfPage":{"@id":"https:\/\/www.revistarambla.com\/ccoo-denuncia-condiciones-laborales-denigrantes-en-barca-tv\/"},"wordCount":478,"commentCount":0,"publisher":{"@id":"https:\/\/www.revistarambla.com\/#organization"},"image":{"@id":"https:\/\/www.revistarambla.com\/ccoo-denuncia-condiciones-laborales-denigrantes-en-barca-tv\/#primaryimage"},"thumbnailUrl":"https:\/\/www.revistarambla.com\/wp-content\/uploads\/2022\/11\/barca-tv-fc-barcelona.jpg","articleSection":["Barcelona"],"inLanguage":"en-GB","potentialAction":[{"@type":"CommentAction","name":"Comment","target":["https:\/\/www.revistarambla.com\/ccoo-denuncia-condiciones-laborales-denigrantes-en-barca-tv\/#respond"]}]},{"@type":"WebPage","@id":"https:\/\/www.revistarambla.com\/ccoo-denuncia-condiciones-laborales-denigrantes-en-barca-tv\/","url":"https:\/\/www.revistarambla.com\/ccoo-denuncia-condiciones-laborales-denigrantes-en-barca-tv\/","name":"CCOO denuncia condiciones laborales denigrantes en Bar\u00e7a TV - Revista Rambla","isPartOf":{"@id":"https:\/\/www.revistarambla.com\/#website"},"primaryImageOfPage":{"@id":"https:\/\/www.revistarambla.com\/ccoo-denuncia-condiciones-laborales-denigrantes-en-barca-tv\/#primaryimage"},"image":{"@id":"https:\/\/www.revistarambla.com\/ccoo-denuncia-condiciones-laborales-denigrantes-en-barca-tv\/#primaryimage"},"thumbnailUrl":"https:\/\/www.revistarambla.com\/wp-content\/uploads\/2022\/11\/barca-tv-fc-barcelona.jpg","datePublished":"2022-11-10T19:23:03+00:00","dateModified":"2022-11-10T19:27:57+00:00","breadcrumb":{"@id":"https:\/\/www.revistarambla.com\/ccoo-denuncia-condiciones-laborales-denigrantes-en-barca-tv\/#breadcrumb"},"inLanguage":"en-GB","potentialAction":[{"@type":"ReadAction","target":["https:\/\/www.revistarambla.com\/ccoo-denuncia-condiciones-laborales-denigrantes-en-barca-tv\/"]}]},{"@type":"ImageObject","inLanguage":"en-GB","@id":"https:\/\/www.revistarambla.com\/ccoo-denuncia-condiciones-laborales-denigrantes-en-barca-tv\/#primaryimage","url":"https:\/\/www.revistarambla.com\/wp-content\/uploads\/2022\/11\/barca-tv-fc-barcelona.jpg","contentUrl":"https:\/\/www.revistarambla.com\/wp-content\/uploads\/2022\/11\/barca-tv-fc-barcelona.jpg","width":750,"height":450},{"@type":"BreadcrumbList","@id":"https:\/\/www.revistarambla.com\/ccoo-denuncia-condiciones-laborales-denigrantes-en-barca-tv\/#breadcrumb","itemListElement":[{"@type":"ListItem","position":1,"name":"Portada","item":"https:\/\/www.revistarambla.com\/"},{"@type":"ListItem","position":2,"name":"CCOO denuncia condiciones laborales denigrantes en Bar\u00e7a TV"}]},{"@type":"WebSite","@id":"https:\/\/www.revistarambla.com\/#website","url":"https:\/\/www.revistarambla.com\/","name":"Revista Rambla Barcelona","description":"Periodismo independiente","publisher":{"@id":"https:\/\/www.revistarambla.com\/#organization"},"potentialAction":[{"@type":"SearchAction","target":{"@type":"EntryPoint","urlTemplate":"https:\/\/www.revistarambla.com\/?s={search_term_string}"},"query-input":{"@type":"PropertyValueSpecification","valueRequired":true,"valueName":"search_term_string"}}],"inLanguage":"en-GB"},{"@type":"Organization","@id":"https:\/\/www.revistarambla.com\/#organization","name":"Revista Rambla","url":"https:\/\/www.revistarambla.com\/","logo":{"@type":"ImageObject","inLanguage":"en-GB","@id":"https:\/\/www.revistarambla.com\/#\/schema\/logo\/image\/","url":"https:\/\/www.revistarambla.com\/wp-content\/uploads\/2020\/09\/banner_rambla_1900x600_BB.png","contentUrl":"https:\/\/www.revistarambla.com\/wp-content\/uploads\/2020\/09\/banner_rambla_1900x600_BB.png","width":1900,"height":600,"caption":"Revista Rambla"},"image":{"@id":"https:\/\/www.revistarambla.com\/#\/schema\/logo\/image\/"},"sameAs":["https:\/\/www.facebook.com\/revistarambla\/","https:\/\/x.com\/revistarambla","https:\/\/www.instagram.com\/revista_rambla","https:\/\/es.linkedin.com\/company\/revista-rambla"]},{"@type":"Person","@id":"https:\/\/www.revistarambla.com\/#\/schema\/person\/a146a5a2550b94981a75131180e1bd9c","name":"R@mbla","description":"Este art\u00edculo ha sido redactado y\/o validado por el equipo de redacci\u00f3n de Revista Rambla.","sameAs":["https:\/\/www.revistarambla.com\/","https:\/\/www.facebook.com\/revistarambla","https:\/\/x.com\/revistarambla"]}]}},"_links":{"self":[{"href":"https:\/\/www.revistarambla.com\/en\/wp-json\/wp\/v2\/posts\/50748","targetHints":{"allow":["GET"]}}],"collection":[{"href":"https:\/\/www.revistarambla.com\/en\/wp-json\/wp\/v2\/posts"}],"about":[{"href":"https:\/\/www.revistarambla.com\/en\/wp-json\/wp\/v2\/types\/post"}],"author":[{"embeddable":true,"href":"https:\/\/www.revistarambla.com\/en\/wp-json\/wp\/v2\/users\/3"}],"replies":[{"embeddable":true,"href":"https:\/\/www.revistarambla.com\/en\/wp-json\/wp\/v2\/comments?post=50748"}],"version-history":[{"count":3,"href":"https:\/\/www.revistarambla.com\/en\/wp-json\/wp\/v2\/posts\/50748\/revisions"}],"predecessor-version":[{"id":50752,"href":"https:\/\/www.revistarambla.com\/en\/wp-json\/wp\/v2\/posts\/50748\/revisions\/50752"}],"wp:featuredmedia":[{"embeddable":true,"href":"https:\/\/www.revistarambla.com\/en\/wp-json\/wp\/v2\/media\/50749"}],"wp:attachment":[{"href":"https:\/\/www.revistarambla.com\/en\/wp-json\/wp\/v2\/media?parent=50748"}],"wp:term":[{"taxonomy":"category","embeddable":true,"href":"https:\/\/www.revistarambla.com\/en\/wp-json\/wp\/v2\/categories?post=50748"},{"taxonomy":"post_tag","embeddable":true,"href":"https:\/\/www.revistarambla.com\/en\/wp-json\/wp\/v2\/tags?post=50748"}],"curies":[{"name":"wp","href":"https:\/\/api.w.org\/{rel}","templated":true}]}}