{"id":50741,"date":"2022-11-10T19:22:59","date_gmt":"2022-11-10T18:22:59","guid":{"rendered":"https:\/\/www.revistarambla.com\/?p=50741"},"modified":"2022-11-10T19:22:59","modified_gmt":"2022-11-10T18:22:59","slug":"libertad-de-expresion-y-responsabilidad-social-en-tiempos-de-pandemia","status":"publish","type":"post","link":"https:\/\/www.revistarambla.com\/en\/libertad-de-expresion-y-responsabilidad-social-en-tiempos-de-pandemia\/","title":{"rendered":"Libertad de expresi\u00f3n y responsabilidad social en tiempos de pandemia"},"content":{"rendered":"<p>En el caso de las universidades, con las clases presenciales suspendidas y la necesidad de seguir con el desarrollo del semestre de forma virtual, afrontaron un reto doble: adecuar sus programas presenciales a la virtualidad, teniendo en cuenta la cuarentena obligatoria y poner a disposici\u00f3n del Gobierno nacional toda su capacidad de investigaci\u00f3n, talento humano e infraestructura, para mitigar los diferentes efectos que deja la covid-19.<\/p>\n<p>Las principales l\u00edneas de acci\u00f3n fueron: la investigaci\u00f3n con miras a producir una vacuna, el desarrollo de una prueba molecular de bajo costo para detectar el covid-19 y el dise\u00f1o y fabricaci\u00f3n de ventiladores mec\u00e1nicos.<\/p>\n<p>En el art\u00edculo \u201cLibertad de expresi\u00f3n y responsabilidad social en tiempos pandemia\u201d de la jurista Marina del Pilar Olmeda Garc\u00eda se se\u00f1ala sobre la libertad de expresi\u00f3n en el contexto pand\u00e9mico: \u201cEntre muchos de los temas que afectan al mundo por la pandemia, uno de ellos es la necesidad de informaci\u00f3n para la toma de decisiones adecuadas ante la enfermedad, por ello la importancia de la responsabilidad social que se tiene en el ejercicio de la libertad de expresi\u00f3n, como funci\u00f3n medular para transmitir informaci\u00f3n objetiva, fidedigna, con orientaci\u00f3n confiable para disminuir el camino de la infecci\u00f3n; adem\u00e1s para fomentar mensajes de aliento, ayuda, esperanza y solidaridad social\u201d.<\/p>\n<p>En este contexto, uno de los mayores desaf\u00edos que tiene el sector es atender a las personas afectadas por el COVID-19 que se encuentren en una situaci\u00f3n delicada y tienen problemas para respirar. Por ello, en Per\u00fa, varias entidades privadas y p\u00fablicas han decidido desarrollar prototipos de ventiladores mec\u00e1nicos (o respiradores mec\u00e1nicos, como se les conoce en algunos pa\u00edses), herramientas capaces de preservar la vida de los pacientes y darle un respiro al sistema de salud del pa\u00eds sudamericano.<\/p>\n<p>En el caso peruano, los esfuerzos involucraron principalmente a entidades educativas, aunque tambi\u00e9n existi\u00f3 una importante participaci\u00f3n de otras organizaciones. La Pontificia Universidad Cat\u00f3lica del Per\u00fa (PUCP), de la mano de las empresas Zolid Design, Diacsa, Energy Automation Technologies y BREIN, desarrollaron un ventilador mec\u00e1nico de emergencia llamado Masi.<\/p>\n<p>En cuanto a la fabricaci\u00f3n de ventiladores mec\u00e1nicos, un equipo de investigaci\u00f3n de la Universidad Nacional de Ingenier\u00eda (UNI), egresados de la Universidad Nacional del Callao y el apoyo de la empresa D + Imac Lab, liderados por el PhD. Jos\u00e9 Luis Mantari Laureano, crearon un prototipo original de \u201cOxigenador Mec\u00e1nico No Invasivo\u201d para ser usado en el tratamiento de los pacientes con COVID-19 no graves y, seg\u00fan las primeras pruebas, podr\u00eda reducir hasta 35% la posibilidad de que los pacientes no ingresen a UCI.<\/p>\n<p>Del mismo modo, la Universidad Nacional de Ingenier\u00eda (UNI) con el apoyo financiero del Hospital Militar Central (HMC) logr\u00f3 culminar en dicho nosocomio el primer prototipo de ventilador mec\u00e1nico, inform\u00f3 la casa superior de estudios.<\/p>\n<p>El equipo de investigaci\u00f3n de la UNI, integrado por estudiantes y egresados de las especialidades de ingenier\u00eda f\u00edsica, ingenier\u00eda mecatr\u00f3nica e ingenier\u00eda mec\u00e1nica, cont\u00f3 con el aporte de primera mano del personal m\u00e9dico intensivista especializado del HMC. El docente-investigador de la UNI, Dr. Jos\u00e9 Mantari, resalt\u00f3 que el uso de ventiladores mec\u00e1nicos no invasivos demostr\u00f3 ser clave en la batalla al Covid-19.<\/p>\n<p>Es de destacar el noble trabajo que realizaron los miembros de la Polic\u00eda Nacional del Per\u00fa y las Fuerzas Armadas (Ej\u00e9rcito Peruano, Marina de Guerra y Fuerza A\u00e9rea Peruana), quienes estuvieron en primera fila. El Ej\u00e9rcito del Per\u00fa instal\u00f3 una planta m\u00f3vil generadora de ox\u00edgeno en el asentamiento humano Cruz de Motupe, en San Juan de Lurigancho, a fin de proporcionar gratuitamente este elemento a pacientes con coronavirus covid-19 del este de Lima.<\/p>\n<p>Adem\u00e1s de lo se\u00f1alado l\u00edneas arriba, debemos se\u00f1alar que el Consejo de Ministros de la organizaci\u00f3n gobernante decidi\u00f3 terminar con el Estado de Emergencia Nacional de la pandemia por COVID-19 en el pa\u00eds y eliminar todas las restricciones por coronavirus que se ten\u00edan hasta la fecha. De este modo, despu\u00e9s de dos a\u00f1os y ocho meses iniciados en marzo de 2020, podemos decidir sobre nuestra condici\u00f3n de libertad de expresi\u00f3n civil.<\/p>\n<p>De esa manera, comprobamos que la uni\u00f3n hace la fuerza. Por eso debemos defender la libertad de expresi\u00f3n a trav\u00e9s de la responsabilidad social peruana.<\/p>","protected":false},"excerpt":{"rendered":"<p>La pandemia del coronavirus ha sacado a relucir la capacidad solidaria del sector p\u00fablico, el privado, organizaciones sociales, la academia y la ciudadan\u00eda en general para apoyar a los m\u00e1s necesitados.<\/p>","protected":false},"author":18,"featured_media":26261,"comment_status":"open","ping_status":"closed","sticky":false,"template":"","format":"standard","meta":{"footnotes":""},"categories":[72],"tags":[],"class_list":["post-50741","post","type-post","status-publish","format-standard","has-post-thumbnail","hentry","category-opinion"],"yoast_head":"<!-- This site is optimized with the Yoast SEO plugin v27.5 - https:\/\/yoast.com\/product\/yoast-seo-wordpress\/ -->\n<title>Libertad de expresi\u00f3n y responsabilidad social en tiempos de pandemia - Revista Rambla<\/title>\n<meta name=\"robots\" content=\"index, follow, max-snippet:-1, max-image-preview:large, max-video-preview:-1\" \/>\n<link rel=\"canonical\" href=\"https:\/\/www.revistarambla.com\/en\/libertad-de-expresion-y-responsabilidad-social-en-tiempos-de-pandemia\/\" \/>\n<meta property=\"og:locale\" content=\"en_GB\" \/>\n<meta property=\"og:type\" content=\"article\" \/>\n<meta property=\"og:title\" content=\"Libertad de expresi\u00f3n y responsabilidad social en tiempos de pandemia - Revista Rambla\" \/>\n<meta property=\"og:description\" content=\"La pandemia del coronavirus ha sacado a relucir la capacidad solidaria del sector p\u00fablico, el privado, organizaciones sociales, la academia y la ciudadan\u00eda en general para apoyar a los m\u00e1s necesitados.\" \/>\n<meta property=\"og:url\" content=\"https:\/\/www.revistarambla.com\/en\/libertad-de-expresion-y-responsabilidad-social-en-tiempos-de-pandemia\/\" \/>\n<meta property=\"og:site_name\" content=\"Revista Rambla\" \/>\n<meta property=\"article:publisher\" content=\"https:\/\/www.facebook.com\/revistarambla\/\" \/>\n<meta property=\"article:author\" content=\"https:\/\/www.facebook.com\/raul.allainvega\" \/>\n<meta property=\"article:published_time\" content=\"2022-11-10T18:22:59+00:00\" \/>\n<meta property=\"og:image\" content=\"https:\/\/www.revistarambla.com\/wp-content\/uploads\/2020\/12\/1609177793339.jpg\" \/>\n\t<meta property=\"og:image:width\" content=\"670\" \/>\n\t<meta property=\"og:image:height\" content=\"378\" \/>\n\t<meta property=\"og:image:type\" content=\"image\/jpeg\" \/>\n<meta name=\"author\" content=\"Ra\u00fal Alfonso Allain Vega\" \/>\n<meta name=\"twitter:card\" content=\"summary_large_image\" \/>\n<meta name=\"twitter:creator\" content=\"@RaulAllain\" \/>\n<meta name=\"twitter:site\" content=\"@revistarambla\" \/>\n<meta name=\"twitter:label1\" content=\"Written by\" \/>\n\t<meta name=\"twitter:data1\" content=\"Ra\u00fal Alfonso Allain Vega\" \/>\n\t<meta name=\"twitter:label2\" content=\"Estimated reading time\" \/>\n\t<meta name=\"twitter:data2\" content=\"4 minutes\" \/>\n<script type=\"application\/ld+json\" class=\"yoast-schema-graph\">{\"@context\":\"https:\\\/\\\/schema.org\",\"@graph\":[{\"@type\":\"Article\",\"@id\":\"https:\\\/\\\/www.revistarambla.com\\\/libertad-de-expresion-y-responsabilidad-social-en-tiempos-de-pandemia\\\/#article\",\"isPartOf\":{\"@id\":\"https:\\\/\\\/www.revistarambla.com\\\/libertad-de-expresion-y-responsabilidad-social-en-tiempos-de-pandemia\\\/\"},\"author\":{\"name\":\"Ra\u00fal Alfonso Allain Vega\",\"@id\":\"https:\\\/\\\/www.revistarambla.com\\\/#\\\/schema\\\/person\\\/9b4378c82c48caa37acecffb9450e934\"},\"headline\":\"Libertad de expresi\u00f3n y responsabilidad social en tiempos de pandemia\",\"datePublished\":\"2022-11-10T18:22:59+00:00\",\"mainEntityOfPage\":{\"@id\":\"https:\\\/\\\/www.revistarambla.com\\\/libertad-de-expresion-y-responsabilidad-social-en-tiempos-de-pandemia\\\/\"},\"wordCount\":766,\"commentCount\":0,\"publisher\":{\"@id\":\"https:\\\/\\\/www.revistarambla.com\\\/#organization\"},\"image\":{\"@id\":\"https:\\\/\\\/www.revistarambla.com\\\/libertad-de-expresion-y-responsabilidad-social-en-tiempos-de-pandemia\\\/#primaryimage\"},\"thumbnailUrl\":\"https:\\\/\\\/www.revistarambla.com\\\/wp-content\\\/uploads\\\/2020\\\/12\\\/1609177793339.jpg\",\"articleSection\":[\"Opiniones\"],\"inLanguage\":\"en-GB\",\"potentialAction\":[{\"@type\":\"CommentAction\",\"name\":\"Comment\",\"target\":[\"https:\\\/\\\/www.revistarambla.com\\\/libertad-de-expresion-y-responsabilidad-social-en-tiempos-de-pandemia\\\/#respond\"]}]},{\"@type\":\"WebPage\",\"@id\":\"https:\\\/\\\/www.revistarambla.com\\\/libertad-de-expresion-y-responsabilidad-social-en-tiempos-de-pandemia\\\/\",\"url\":\"https:\\\/\\\/www.revistarambla.com\\\/libertad-de-expresion-y-responsabilidad-social-en-tiempos-de-pandemia\\\/\",\"name\":\"Libertad de expresi\u00f3n y responsabilidad social en tiempos de pandemia - Revista Rambla\",\"isPartOf\":{\"@id\":\"https:\\\/\\\/www.revistarambla.com\\\/#website\"},\"primaryImageOfPage\":{\"@id\":\"https:\\\/\\\/www.revistarambla.com\\\/libertad-de-expresion-y-responsabilidad-social-en-tiempos-de-pandemia\\\/#primaryimage\"},\"image\":{\"@id\":\"https:\\\/\\\/www.revistarambla.com\\\/libertad-de-expresion-y-responsabilidad-social-en-tiempos-de-pandemia\\\/#primaryimage\"},\"thumbnailUrl\":\"https:\\\/\\\/www.revistarambla.com\\\/wp-content\\\/uploads\\\/2020\\\/12\\\/1609177793339.jpg\",\"datePublished\":\"2022-11-10T18:22:59+00:00\",\"breadcrumb\":{\"@id\":\"https:\\\/\\\/www.revistarambla.com\\\/libertad-de-expresion-y-responsabilidad-social-en-tiempos-de-pandemia\\\/#breadcrumb\"},\"inLanguage\":\"en-GB\",\"potentialAction\":[{\"@type\":\"ReadAction\",\"target\":[\"https:\\\/\\\/www.revistarambla.com\\\/libertad-de-expresion-y-responsabilidad-social-en-tiempos-de-pandemia\\\/\"]}]},{\"@type\":\"ImageObject\",\"inLanguage\":\"en-GB\",\"@id\":\"https:\\\/\\\/www.revistarambla.com\\\/libertad-de-expresion-y-responsabilidad-social-en-tiempos-de-pandemia\\\/#primaryimage\",\"url\":\"https:\\\/\\\/www.revistarambla.com\\\/wp-content\\\/uploads\\\/2020\\\/12\\\/1609177793339.jpg\",\"contentUrl\":\"https:\\\/\\\/www.revistarambla.com\\\/wp-content\\\/uploads\\\/2020\\\/12\\\/1609177793339.jpg\",\"width\":670,\"height\":378,\"caption\":\"EFE\\\/Marcial Guill\u00e9n\\\/Archivo\"},{\"@type\":\"BreadcrumbList\",\"@id\":\"https:\\\/\\\/www.revistarambla.com\\\/libertad-de-expresion-y-responsabilidad-social-en-tiempos-de-pandemia\\\/#breadcrumb\",\"itemListElement\":[{\"@type\":\"ListItem\",\"position\":1,\"name\":\"Portada\",\"item\":\"https:\\\/\\\/www.revistarambla.com\\\/\"},{\"@type\":\"ListItem\",\"position\":2,\"name\":\"Libertad de expresi\u00f3n y responsabilidad social en tiempos de pandemia\"}]},{\"@type\":\"WebSite\",\"@id\":\"https:\\\/\\\/www.revistarambla.com\\\/#website\",\"url\":\"https:\\\/\\\/www.revistarambla.com\\\/\",\"name\":\"Revista Rambla Barcelona\",\"description\":\"Periodismo independiente\",\"publisher\":{\"@id\":\"https:\\\/\\\/www.revistarambla.com\\\/#organization\"},\"potentialAction\":[{\"@type\":\"SearchAction\",\"target\":{\"@type\":\"EntryPoint\",\"urlTemplate\":\"https:\\\/\\\/www.revistarambla.com\\\/?s={search_term_string}\"},\"query-input\":{\"@type\":\"PropertyValueSpecification\",\"valueRequired\":true,\"valueName\":\"search_term_string\"}}],\"inLanguage\":\"en-GB\"},{\"@type\":\"Organization\",\"@id\":\"https:\\\/\\\/www.revistarambla.com\\\/#organization\",\"name\":\"Revista Rambla\",\"url\":\"https:\\\/\\\/www.revistarambla.com\\\/\",\"logo\":{\"@type\":\"ImageObject\",\"inLanguage\":\"en-GB\",\"@id\":\"https:\\\/\\\/www.revistarambla.com\\\/#\\\/schema\\\/logo\\\/image\\\/\",\"url\":\"https:\\\/\\\/www.revistarambla.com\\\/wp-content\\\/uploads\\\/2020\\\/09\\\/banner_rambla_1900x600_BB.png\",\"contentUrl\":\"https:\\\/\\\/www.revistarambla.com\\\/wp-content\\\/uploads\\\/2020\\\/09\\\/banner_rambla_1900x600_BB.png\",\"width\":1900,\"height\":600,\"caption\":\"Revista Rambla\"},\"image\":{\"@id\":\"https:\\\/\\\/www.revistarambla.com\\\/#\\\/schema\\\/logo\\\/image\\\/\"},\"sameAs\":[\"https:\\\/\\\/www.facebook.com\\\/revistarambla\\\/\",\"https:\\\/\\\/x.com\\\/revistarambla\",\"https:\\\/\\\/www.instagram.com\\\/revista_rambla\",\"https:\\\/\\\/es.linkedin.com\\\/company\\\/revista-rambla\"]},{\"@type\":\"Person\",\"@id\":\"https:\\\/\\\/www.revistarambla.com\\\/#\\\/schema\\\/person\\\/9b4378c82c48caa37acecffb9450e934\",\"name\":\"Ra\u00fal Alfonso Allain Vega\",\"description\":\"Escritor, poeta, editor y soci\u00f3logo. Presidente del Instituto Peruano de la Juventud (IPJ) y director de Editorial R\u00edo Negro.\",\"sameAs\":[\"https:\\\/\\\/en.m.wikipedia.org\\\/wiki\\\/Ra%C3%BAl_Allain\",\"https:\\\/\\\/www.facebook.com\\\/raul.allainvega\",\"https:\\\/\\\/x.com\\\/RaulAllain\"]}]}<\/script>\n<!-- \/ Yoast SEO plugin. -->","yoast_head_json":{"title":"Libertad de expresi\u00f3n y responsabilidad social en tiempos de pandemia - Revista Rambla","robots":{"index":"index","follow":"follow","max-snippet":"max-snippet:-1","max-image-preview":"max-image-preview:large","max-video-preview":"max-video-preview:-1"},"canonical":"https:\/\/www.revistarambla.com\/en\/libertad-de-expresion-y-responsabilidad-social-en-tiempos-de-pandemia\/","og_locale":"en_GB","og_type":"article","og_title":"Libertad de expresi\u00f3n y responsabilidad social en tiempos de pandemia - Revista Rambla","og_description":"La pandemia del coronavirus ha sacado a relucir la capacidad solidaria del sector p\u00fablico, el privado, organizaciones sociales, la academia y la ciudadan\u00eda en general para apoyar a los m\u00e1s necesitados.","og_url":"https:\/\/www.revistarambla.com\/en\/libertad-de-expresion-y-responsabilidad-social-en-tiempos-de-pandemia\/","og_site_name":"Revista Rambla","article_publisher":"https:\/\/www.facebook.com\/revistarambla\/","article_author":"https:\/\/www.facebook.com\/raul.allainvega","article_published_time":"2022-11-10T18:22:59+00:00","og_image":[{"width":670,"height":378,"url":"https:\/\/www.revistarambla.com\/wp-content\/uploads\/2020\/12\/1609177793339.jpg","type":"image\/jpeg"}],"author":"Ra\u00fal Alfonso Allain Vega","twitter_card":"summary_large_image","twitter_creator":"@RaulAllain","twitter_site":"@revistarambla","twitter_misc":{"Written by":"Ra\u00fal Alfonso Allain Vega","Estimated reading time":"4 minutes"},"schema":{"@context":"https:\/\/schema.org","@graph":[{"@type":"Article","@id":"https:\/\/www.revistarambla.com\/libertad-de-expresion-y-responsabilidad-social-en-tiempos-de-pandemia\/#article","isPartOf":{"@id":"https:\/\/www.revistarambla.com\/libertad-de-expresion-y-responsabilidad-social-en-tiempos-de-pandemia\/"},"author":{"name":"Ra\u00fal Alfonso Allain Vega","@id":"https:\/\/www.revistarambla.com\/#\/schema\/person\/9b4378c82c48caa37acecffb9450e934"},"headline":"Libertad de expresi\u00f3n y responsabilidad social en tiempos de pandemia","datePublished":"2022-11-10T18:22:59+00:00","mainEntityOfPage":{"@id":"https:\/\/www.revistarambla.com\/libertad-de-expresion-y-responsabilidad-social-en-tiempos-de-pandemia\/"},"wordCount":766,"commentCount":0,"publisher":{"@id":"https:\/\/www.revistarambla.com\/#organization"},"image":{"@id":"https:\/\/www.revistarambla.com\/libertad-de-expresion-y-responsabilidad-social-en-tiempos-de-pandemia\/#primaryimage"},"thumbnailUrl":"https:\/\/www.revistarambla.com\/wp-content\/uploads\/2020\/12\/1609177793339.jpg","articleSection":["Opiniones"],"inLanguage":"en-GB","potentialAction":[{"@type":"CommentAction","name":"Comment","target":["https:\/\/www.revistarambla.com\/libertad-de-expresion-y-responsabilidad-social-en-tiempos-de-pandemia\/#respond"]}]},{"@type":"WebPage","@id":"https:\/\/www.revistarambla.com\/libertad-de-expresion-y-responsabilidad-social-en-tiempos-de-pandemia\/","url":"https:\/\/www.revistarambla.com\/libertad-de-expresion-y-responsabilidad-social-en-tiempos-de-pandemia\/","name":"Libertad de expresi\u00f3n y responsabilidad social en tiempos de pandemia - Revista Rambla","isPartOf":{"@id":"https:\/\/www.revistarambla.com\/#website"},"primaryImageOfPage":{"@id":"https:\/\/www.revistarambla.com\/libertad-de-expresion-y-responsabilidad-social-en-tiempos-de-pandemia\/#primaryimage"},"image":{"@id":"https:\/\/www.revistarambla.com\/libertad-de-expresion-y-responsabilidad-social-en-tiempos-de-pandemia\/#primaryimage"},"thumbnailUrl":"https:\/\/www.revistarambla.com\/wp-content\/uploads\/2020\/12\/1609177793339.jpg","datePublished":"2022-11-10T18:22:59+00:00","breadcrumb":{"@id":"https:\/\/www.revistarambla.com\/libertad-de-expresion-y-responsabilidad-social-en-tiempos-de-pandemia\/#breadcrumb"},"inLanguage":"en-GB","potentialAction":[{"@type":"ReadAction","target":["https:\/\/www.revistarambla.com\/libertad-de-expresion-y-responsabilidad-social-en-tiempos-de-pandemia\/"]}]},{"@type":"ImageObject","inLanguage":"en-GB","@id":"https:\/\/www.revistarambla.com\/libertad-de-expresion-y-responsabilidad-social-en-tiempos-de-pandemia\/#primaryimage","url":"https:\/\/www.revistarambla.com\/wp-content\/uploads\/2020\/12\/1609177793339.jpg","contentUrl":"https:\/\/www.revistarambla.com\/wp-content\/uploads\/2020\/12\/1609177793339.jpg","width":670,"height":378,"caption":"EFE\/Marcial Guill\u00e9n\/Archivo"},{"@type":"BreadcrumbList","@id":"https:\/\/www.revistarambla.com\/libertad-de-expresion-y-responsabilidad-social-en-tiempos-de-pandemia\/#breadcrumb","itemListElement":[{"@type":"ListItem","position":1,"name":"Portada","item":"https:\/\/www.revistarambla.com\/"},{"@type":"ListItem","position":2,"name":"Libertad de expresi\u00f3n y responsabilidad social en tiempos de pandemia"}]},{"@type":"WebSite","@id":"https:\/\/www.revistarambla.com\/#website","url":"https:\/\/www.revistarambla.com\/","name":"Revista Rambla Barcelona","description":"Periodismo independiente","publisher":{"@id":"https:\/\/www.revistarambla.com\/#organization"},"potentialAction":[{"@type":"SearchAction","target":{"@type":"EntryPoint","urlTemplate":"https:\/\/www.revistarambla.com\/?s={search_term_string}"},"query-input":{"@type":"PropertyValueSpecification","valueRequired":true,"valueName":"search_term_string"}}],"inLanguage":"en-GB"},{"@type":"Organization","@id":"https:\/\/www.revistarambla.com\/#organization","name":"Revista Rambla","url":"https:\/\/www.revistarambla.com\/","logo":{"@type":"ImageObject","inLanguage":"en-GB","@id":"https:\/\/www.revistarambla.com\/#\/schema\/logo\/image\/","url":"https:\/\/www.revistarambla.com\/wp-content\/uploads\/2020\/09\/banner_rambla_1900x600_BB.png","contentUrl":"https:\/\/www.revistarambla.com\/wp-content\/uploads\/2020\/09\/banner_rambla_1900x600_BB.png","width":1900,"height":600,"caption":"Revista Rambla"},"image":{"@id":"https:\/\/www.revistarambla.com\/#\/schema\/logo\/image\/"},"sameAs":["https:\/\/www.facebook.com\/revistarambla\/","https:\/\/x.com\/revistarambla","https:\/\/www.instagram.com\/revista_rambla","https:\/\/es.linkedin.com\/company\/revista-rambla"]},{"@type":"Person","@id":"https:\/\/www.revistarambla.com\/#\/schema\/person\/9b4378c82c48caa37acecffb9450e934","name":"Ra\u00fal Alfonso Allain Vega","description":"Escritor, poeta, editor y soci\u00f3logo. Presidente del Instituto Peruano de la Juventud (IPJ) y director de Editorial R\u00edo Negro.","sameAs":["https:\/\/en.m.wikipedia.org\/wiki\/Ra%C3%BAl_Allain","https:\/\/www.facebook.com\/raul.allainvega","https:\/\/x.com\/RaulAllain"]}]}},"_links":{"self":[{"href":"https:\/\/www.revistarambla.com\/en\/wp-json\/wp\/v2\/posts\/50741","targetHints":{"allow":["GET"]}}],"collection":[{"href":"https:\/\/www.revistarambla.com\/en\/wp-json\/wp\/v2\/posts"}],"about":[{"href":"https:\/\/www.revistarambla.com\/en\/wp-json\/wp\/v2\/types\/post"}],"author":[{"embeddable":true,"href":"https:\/\/www.revistarambla.com\/en\/wp-json\/wp\/v2\/users\/18"}],"replies":[{"embeddable":true,"href":"https:\/\/www.revistarambla.com\/en\/wp-json\/wp\/v2\/comments?post=50741"}],"version-history":[{"count":1,"href":"https:\/\/www.revistarambla.com\/en\/wp-json\/wp\/v2\/posts\/50741\/revisions"}],"predecessor-version":[{"id":50742,"href":"https:\/\/www.revistarambla.com\/en\/wp-json\/wp\/v2\/posts\/50741\/revisions\/50742"}],"wp:featuredmedia":[{"embeddable":true,"href":"https:\/\/www.revistarambla.com\/en\/wp-json\/wp\/v2\/media\/26261"}],"wp:attachment":[{"href":"https:\/\/www.revistarambla.com\/en\/wp-json\/wp\/v2\/media?parent=50741"}],"wp:term":[{"taxonomy":"category","embeddable":true,"href":"https:\/\/www.revistarambla.com\/en\/wp-json\/wp\/v2\/categories?post=50741"},{"taxonomy":"post_tag","embeddable":true,"href":"https:\/\/www.revistarambla.com\/en\/wp-json\/wp\/v2\/tags?post=50741"}],"curies":[{"name":"wp","href":"https:\/\/api.w.org\/{rel}","templated":true}]}}