{"id":5068,"date":"2014-03-27T19:33:27","date_gmt":"2014-03-27T18:33:27","guid":{"rendered":"https:\/\/www.revistarambla.com\/el-desmerengamientos-y-las-ruinas\/"},"modified":"2022-10-21T17:39:19","modified_gmt":"2022-10-21T15:39:19","slug":"el-desmerengamientos-y-las-ruinas","status":"publish","type":"post","link":"https:\/\/www.revistarambla.com\/en\/el-desmerengamientos-y-las-ruinas\/","title":{"rendered":"El desmerengamiento y las ruinas del futuro"},"content":{"rendered":"<p>El futuro se nos ha hecho a\u00f1icos, como los amores primeros, los sue\u00f1os olvidados de los borrachos o los platos rotos que nunca rompimos y que no paran de hacernos pagar. Por eso no han podido estar m\u00e1s afortunados los promotores de esta peculiar iniciativa, \u201cRuinas del futuro\u201d, con la que pretenden llamar la atenci\u00f3n sobre la masificaci\u00f3n y los barracones que sufren los <a href=\"https:\/\/ceip103.es\/proyecto-educativo-del-centro\/\">alumnos de centro 103 de Valencia<\/a>, precariamente ubicados a pocos metros de la Ciutat de les Arts y les Ciencies: una muestra con restos del trencad\u00eds ca\u00eddo de Calatrava, expuestos para ser subastados para recaudar fondos para aquella comunidad escolar.<\/p>\n<figure style=\"width: 750px\" class=\"wp-caption aligncenter\"><img decoding=\"async\" src=\"https:\/\/www.revistarambla.com\/wp-content\/uploads\/2014\/03\/calatrava_revRambla01-1.jpg\" alt=\"ruinas del futuro\" width=\"750\" height=\"495\" \/><figcaption class=\"wp-caption-text\">Ilustra Evelio G\u00f3mez.<\/figcaption><\/figure>\n<p>Fidel Castro acu\u00f1\u00f3 el t\u00e9rmino \u201cdesmerengamiento\u201d para concretar en una sola palabra la debacle de la Uni\u00f3n Sovi\u00e9tica, sin duda una de sus mayores aportaciones al pensamiento pol\u00edtico del \u00faltimo \u201cfin de si\u00e8cle\u201d. Hoy, pasadas m\u00e1s de tres d\u00e9cadas desde entonces, somos nosotros quienes vivimos nuestro propio desmerengamiento, en el que los trencadis arruinados del afamado arquitecto valenciano parecen ser esps peque\u00f1os cristales de az\u00facar responsables del empalagamiento en este inmaculado dulce de claras de huevo que se derrite inevitablemente hasta pringarnos hasta la mirada. Con ellos se va hecho a\u00f1icos aquel futuro que nos aseguraron que ya era un presente luminoso, pero que al final result\u00f3 un mediocre pasado pluscuamperfecto de codicias, especulaciones, corrupci\u00f3n y fuegos artificiales sin estallar.<\/p>\n<p>Futuro arruinado, como el que tambi\u00e9n hemos podido ver en la hagiograf\u00eda de los telediarios a prop\u00f3sito de la muerte de Adolfo Suarez. Memoria pulverizada del hombre sumido en su olvido. Agon\u00eda amn\u00e9sica de un sistema surgido de la Transici\u00f3n y hoy hecho trencad\u00eds precipitado, chorrit\u00f3n de merengue \u00e1vido de una figura heroica, aunque sea de rancio mazap\u00e1n, capaz de recuperar los ecos de aquella leyenda que nos hablaba de un tiempo en que la libertad fue graciosamente concedida a los lacayos por un rey y un duque. Una bonita historia en papel cuch\u00e9 de la, por ineludibles cuestiones est\u00e9ticas, que fueron oportunamente borrados los muertos, como hoy pretenden borrar a los todav\u00eda vivos que se manifiestan por las calles reclamando una anacr\u00f3nica dignidad incompatible con las ineludibles exigencias del mercado.<\/p>\n<p>Un cuento de hadas hechas una ruina tras las \u00faltimas exigencias de la troika a los cansados habitantes de estas tierras del Nunca Jam\u00e1s. Demasiado infantil para esta vejez del \u00e1nimo que nos ha ca\u00eddo de golpe. Demasiado burdo el intento de volver a repetirnos la historia interminable con el cuerpo todav\u00eda caliente y respirando del presentido difunto. Una leyenda demasiado gastada de monarca p\u00e9rfido pero campechano, de duque ambicioso y visionario. Un relata de intrigas donde hasta no faltaban personajes invitados de lejanas clandestinidades y pelucas subversivas, encargados de dar verosimilitud a la farsa, o pescadores con gracejo sevillano siempre a punto para las aguas revueltas.<\/p>\n<p>Un guion atado y bien atado que reservaba para las multitudes el placentero limbo de las ausencias, los cad\u00e1veres en las cunetas. O la estupidez del sacrificio sobreactuado de la tortura, la c\u00e1rcel, el garrote o el tiro de gracia. Peligrosos y temerarios que no sab\u00edan que donde hay un duque y un rey, sobran las muchedumbres. Para ellas solo quedan los fondos de las tabernas, las charangas y verbenas, o las p\u00e1ginas de sucesos.<\/p>\n<p>Estos d\u00edas hemos visto como el empalagoso alm\u00edbar de los obituarios intentaba en vano poner diques al desmerengamiento que nos anega. Una empresa imposible para este fin de ciclo de lo que se nos augur\u00f3 como autocomplaciente futuro democr\u00e1tico y se nos presenta sin tapujos como una monta\u00f1a de trencad\u00eds desconchados del alicatado chapucero de nuestra historia, sin posibilidad de hacer con ellos ni exposiciones ni subastas.<\/p>\n<p>Por eso tambi\u00e9n se ha convertido en urgente el volver a explicarle a la gente mundana cu\u00e1l es su sitio: la reclusi\u00f3n resignada de las mayor\u00edas silenciosas o los negros titulares de las p\u00e1ginas de sucesos. La contundente pedagog\u00eda de los uniformes se encarga de aclarar cualquier duda existencial. Al menos mientras encuentran otro duque y otro joven rey consigan rescatarnos de este lodazal de merengue arruinado, para hacernos creer por un momento que volvemos a vivir en un bonito cuento impreso en papel cuch\u00e9.<\/p>","protected":false},"excerpt":{"rendered":"<p>El futuro se nos ha hecho a\u00f1icos, como los amores primeros, los sue\u00f1os olvidados de los borrachos o los platos rotos que nunca rompimos y que no paran de hacernos pagar. Por eso no han podido estar m\u00e1s afortunados los promotores de esta peculiar iniciativa, \u201cRuinas del futuro\u201d, con la [&hellip;]<\/p>\n","protected":false},"author":325,"featured_media":21786,"comment_status":"open","ping_status":"open","sticky":false,"template":"","format":"standard","meta":{"footnotes":""},"categories":[72],"tags":[],"class_list":["post-5068","post","type-post","status-publish","format-standard","has-post-thumbnail","hentry","category-opinion"],"yoast_head":"<!-- This site is optimized with the Yoast SEO plugin v27.5 - https:\/\/yoast.com\/product\/yoast-seo-wordpress\/ -->\n<title>El desmerengamiento y las ruinas del futuro - Revista Rambla<\/title>\n<meta name=\"description\" content=\"Los promotores de esta peculiar iniciativa, \u201cRuinas del futuro\u201d, pretenden llamar la atenci\u00f3n sobre la masificaci\u00f3n y los barracones que sufren los alumn...\" \/>\n<meta name=\"robots\" content=\"index, follow, max-snippet:-1, max-image-preview:large, max-video-preview:-1\" \/>\n<link rel=\"canonical\" href=\"https:\/\/www.revistarambla.com\/en\/el-desmerengamientos-y-las-ruinas\/\" \/>\n<meta property=\"og:locale\" content=\"en_GB\" \/>\n<meta property=\"og:type\" content=\"article\" \/>\n<meta property=\"og:title\" content=\"El desmerengamiento y las ruinas del futuro - Revista Rambla\" \/>\n<meta property=\"og:description\" content=\"Los promotores de esta peculiar iniciativa, \u201cRuinas del futuro\u201d, pretenden llamar la atenci\u00f3n sobre la masificaci\u00f3n y los barracones que sufren los alumn...\" \/>\n<meta property=\"og:url\" content=\"https:\/\/www.revistarambla.com\/en\/el-desmerengamientos-y-las-ruinas\/\" \/>\n<meta property=\"og:site_name\" content=\"Revista Rambla\" \/>\n<meta property=\"article:publisher\" content=\"https:\/\/www.facebook.com\/revistarambla\/\" \/>\n<meta property=\"article:author\" content=\"https:\/\/www.facebook.com\/josemanuelrambla\/\" \/>\n<meta property=\"article:published_time\" content=\"2014-03-27T18:33:27+00:00\" \/>\n<meta property=\"article:modified_time\" content=\"2022-10-21T15:39:19+00:00\" \/>\n<meta property=\"og:image\" content=\"https:\/\/www.revistarambla.com\/wp-content\/uploads\/2014\/03\/calatrava_revRambla01-1.jpg\" \/>\n\t<meta property=\"og:image:width\" content=\"682\" \/>\n\t<meta property=\"og:image:height\" content=\"450\" \/>\n\t<meta property=\"og:image:type\" content=\"image\/jpeg\" \/>\n<meta name=\"author\" content=\"Jos\u00e9 Manuel Rambla\" \/>\n<meta name=\"twitter:card\" content=\"summary_large_image\" \/>\n<meta name=\"twitter:creator\" content=\"@jmrambla\" \/>\n<meta name=\"twitter:site\" content=\"@revistarambla\" \/>\n<meta name=\"twitter:label1\" content=\"Written by\" \/>\n\t<meta name=\"twitter:data1\" content=\"Jos\u00e9 Manuel Rambla\" \/>\n\t<meta name=\"twitter:label2\" content=\"Estimated reading time\" \/>\n\t<meta name=\"twitter:data2\" content=\"4 minutes\" \/>\n<script type=\"application\/ld+json\" class=\"yoast-schema-graph\">{\"@context\":\"https:\\\/\\\/schema.org\",\"@graph\":[{\"@type\":\"Article\",\"@id\":\"https:\\\/\\\/www.revistarambla.com\\\/el-desmerengamientos-y-las-ruinas\\\/#article\",\"isPartOf\":{\"@id\":\"https:\\\/\\\/www.revistarambla.com\\\/el-desmerengamientos-y-las-ruinas\\\/\"},\"author\":{\"name\":\"Jos\u00e9 Manuel Rambla\",\"@id\":\"https:\\\/\\\/www.revistarambla.com\\\/#\\\/schema\\\/person\\\/f8e404c0293434eaf6a60da08d1123e3\"},\"headline\":\"El desmerengamiento y las ruinas del futuro\",\"datePublished\":\"2014-03-27T18:33:27+00:00\",\"dateModified\":\"2022-10-21T15:39:19+00:00\",\"mainEntityOfPage\":{\"@id\":\"https:\\\/\\\/www.revistarambla.com\\\/el-desmerengamientos-y-las-ruinas\\\/\"},\"wordCount\":754,\"commentCount\":0,\"publisher\":{\"@id\":\"https:\\\/\\\/www.revistarambla.com\\\/#organization\"},\"image\":{\"@id\":\"https:\\\/\\\/www.revistarambla.com\\\/el-desmerengamientos-y-las-ruinas\\\/#primaryimage\"},\"thumbnailUrl\":\"https:\\\/\\\/www.revistarambla.com\\\/wp-content\\\/uploads\\\/2014\\\/03\\\/calatrava_revRambla01-1.jpg\",\"articleSection\":[\"Opiniones\"],\"inLanguage\":\"en-GB\",\"potentialAction\":[{\"@type\":\"CommentAction\",\"name\":\"Comment\",\"target\":[\"https:\\\/\\\/www.revistarambla.com\\\/el-desmerengamientos-y-las-ruinas\\\/#respond\"]}]},{\"@type\":\"WebPage\",\"@id\":\"https:\\\/\\\/www.revistarambla.com\\\/el-desmerengamientos-y-las-ruinas\\\/\",\"url\":\"https:\\\/\\\/www.revistarambla.com\\\/el-desmerengamientos-y-las-ruinas\\\/\",\"name\":\"El desmerengamiento y las ruinas del futuro - Revista Rambla\",\"isPartOf\":{\"@id\":\"https:\\\/\\\/www.revistarambla.com\\\/#website\"},\"primaryImageOfPage\":{\"@id\":\"https:\\\/\\\/www.revistarambla.com\\\/el-desmerengamientos-y-las-ruinas\\\/#primaryimage\"},\"image\":{\"@id\":\"https:\\\/\\\/www.revistarambla.com\\\/el-desmerengamientos-y-las-ruinas\\\/#primaryimage\"},\"thumbnailUrl\":\"https:\\\/\\\/www.revistarambla.com\\\/wp-content\\\/uploads\\\/2014\\\/03\\\/calatrava_revRambla01-1.jpg\",\"datePublished\":\"2014-03-27T18:33:27+00:00\",\"dateModified\":\"2022-10-21T15:39:19+00:00\",\"description\":\"Los promotores de esta peculiar iniciativa, \u201cRuinas del futuro\u201d, pretenden llamar la atenci\u00f3n sobre la masificaci\u00f3n y los barracones que sufren los alumn...\",\"breadcrumb\":{\"@id\":\"https:\\\/\\\/www.revistarambla.com\\\/el-desmerengamientos-y-las-ruinas\\\/#breadcrumb\"},\"inLanguage\":\"en-GB\",\"potentialAction\":[{\"@type\":\"ReadAction\",\"target\":[\"https:\\\/\\\/www.revistarambla.com\\\/el-desmerengamientos-y-las-ruinas\\\/\"]}]},{\"@type\":\"ImageObject\",\"inLanguage\":\"en-GB\",\"@id\":\"https:\\\/\\\/www.revistarambla.com\\\/el-desmerengamientos-y-las-ruinas\\\/#primaryimage\",\"url\":\"https:\\\/\\\/www.revistarambla.com\\\/wp-content\\\/uploads\\\/2014\\\/03\\\/calatrava_revRambla01-1.jpg\",\"contentUrl\":\"https:\\\/\\\/www.revistarambla.com\\\/wp-content\\\/uploads\\\/2014\\\/03\\\/calatrava_revRambla01-1.jpg\",\"width\":682,\"height\":450},{\"@type\":\"BreadcrumbList\",\"@id\":\"https:\\\/\\\/www.revistarambla.com\\\/el-desmerengamientos-y-las-ruinas\\\/#breadcrumb\",\"itemListElement\":[{\"@type\":\"ListItem\",\"position\":1,\"name\":\"Portada\",\"item\":\"https:\\\/\\\/www.revistarambla.com\\\/\"},{\"@type\":\"ListItem\",\"position\":2,\"name\":\"El desmerengamiento y las ruinas del futuro\"}]},{\"@type\":\"WebSite\",\"@id\":\"https:\\\/\\\/www.revistarambla.com\\\/#website\",\"url\":\"https:\\\/\\\/www.revistarambla.com\\\/\",\"name\":\"Revista Rambla Barcelona\",\"description\":\"Periodismo independiente\",\"publisher\":{\"@id\":\"https:\\\/\\\/www.revistarambla.com\\\/#organization\"},\"potentialAction\":[{\"@type\":\"SearchAction\",\"target\":{\"@type\":\"EntryPoint\",\"urlTemplate\":\"https:\\\/\\\/www.revistarambla.com\\\/?s={search_term_string}\"},\"query-input\":{\"@type\":\"PropertyValueSpecification\",\"valueRequired\":true,\"valueName\":\"search_term_string\"}}],\"inLanguage\":\"en-GB\"},{\"@type\":\"Organization\",\"@id\":\"https:\\\/\\\/www.revistarambla.com\\\/#organization\",\"name\":\"Revista Rambla\",\"url\":\"https:\\\/\\\/www.revistarambla.com\\\/\",\"logo\":{\"@type\":\"ImageObject\",\"inLanguage\":\"en-GB\",\"@id\":\"https:\\\/\\\/www.revistarambla.com\\\/#\\\/schema\\\/logo\\\/image\\\/\",\"url\":\"https:\\\/\\\/www.revistarambla.com\\\/wp-content\\\/uploads\\\/2020\\\/09\\\/banner_rambla_1900x600_BB.png\",\"contentUrl\":\"https:\\\/\\\/www.revistarambla.com\\\/wp-content\\\/uploads\\\/2020\\\/09\\\/banner_rambla_1900x600_BB.png\",\"width\":1900,\"height\":600,\"caption\":\"Revista Rambla\"},\"image\":{\"@id\":\"https:\\\/\\\/www.revistarambla.com\\\/#\\\/schema\\\/logo\\\/image\\\/\"},\"sameAs\":[\"https:\\\/\\\/www.facebook.com\\\/revistarambla\\\/\",\"https:\\\/\\\/x.com\\\/revistarambla\",\"https:\\\/\\\/www.instagram.com\\\/revista_rambla\",\"https:\\\/\\\/es.linkedin.com\\\/company\\\/revista-rambla\"]},{\"@type\":\"Person\",\"@id\":\"https:\\\/\\\/www.revistarambla.com\\\/#\\\/schema\\\/person\\\/f8e404c0293434eaf6a60da08d1123e3\",\"name\":\"Jos\u00e9 Manuel Rambla\",\"description\":\"Periodista cultural y columnista.\",\"sameAs\":[\"https:\\\/\\\/aesteladodelparaiso.com\\\/\",\"https:\\\/\\\/www.facebook.com\\\/josemanuelrambla\\\/\",\"https:\\\/\\\/x.com\\\/jmrambla\"]}]}<\/script>\n<!-- \/ Yoast SEO plugin. -->","yoast_head_json":{"title":"El desmerengamiento y las ruinas del futuro - Revista Rambla","description":"Los promotores de esta peculiar iniciativa, \u201cRuinas del futuro\u201d, pretenden llamar la atenci\u00f3n sobre la masificaci\u00f3n y los barracones que sufren los alumn...","robots":{"index":"index","follow":"follow","max-snippet":"max-snippet:-1","max-image-preview":"max-image-preview:large","max-video-preview":"max-video-preview:-1"},"canonical":"https:\/\/www.revistarambla.com\/en\/el-desmerengamientos-y-las-ruinas\/","og_locale":"en_GB","og_type":"article","og_title":"El desmerengamiento y las ruinas del futuro - Revista Rambla","og_description":"Los promotores de esta peculiar iniciativa, \u201cRuinas del futuro\u201d, pretenden llamar la atenci\u00f3n sobre la masificaci\u00f3n y los barracones que sufren los alumn...","og_url":"https:\/\/www.revistarambla.com\/en\/el-desmerengamientos-y-las-ruinas\/","og_site_name":"Revista Rambla","article_publisher":"https:\/\/www.facebook.com\/revistarambla\/","article_author":"https:\/\/www.facebook.com\/josemanuelrambla\/","article_published_time":"2014-03-27T18:33:27+00:00","article_modified_time":"2022-10-21T15:39:19+00:00","og_image":[{"width":682,"height":450,"url":"https:\/\/www.revistarambla.com\/wp-content\/uploads\/2014\/03\/calatrava_revRambla01-1.jpg","type":"image\/jpeg"}],"author":"Jos\u00e9 Manuel Rambla","twitter_card":"summary_large_image","twitter_creator":"@jmrambla","twitter_site":"@revistarambla","twitter_misc":{"Written by":"Jos\u00e9 Manuel Rambla","Estimated reading time":"4 minutes"},"schema":{"@context":"https:\/\/schema.org","@graph":[{"@type":"Article","@id":"https:\/\/www.revistarambla.com\/el-desmerengamientos-y-las-ruinas\/#article","isPartOf":{"@id":"https:\/\/www.revistarambla.com\/el-desmerengamientos-y-las-ruinas\/"},"author":{"name":"Jos\u00e9 Manuel Rambla","@id":"https:\/\/www.revistarambla.com\/#\/schema\/person\/f8e404c0293434eaf6a60da08d1123e3"},"headline":"El desmerengamiento y las ruinas del futuro","datePublished":"2014-03-27T18:33:27+00:00","dateModified":"2022-10-21T15:39:19+00:00","mainEntityOfPage":{"@id":"https:\/\/www.revistarambla.com\/el-desmerengamientos-y-las-ruinas\/"},"wordCount":754,"commentCount":0,"publisher":{"@id":"https:\/\/www.revistarambla.com\/#organization"},"image":{"@id":"https:\/\/www.revistarambla.com\/el-desmerengamientos-y-las-ruinas\/#primaryimage"},"thumbnailUrl":"https:\/\/www.revistarambla.com\/wp-content\/uploads\/2014\/03\/calatrava_revRambla01-1.jpg","articleSection":["Opiniones"],"inLanguage":"en-GB","potentialAction":[{"@type":"CommentAction","name":"Comment","target":["https:\/\/www.revistarambla.com\/el-desmerengamientos-y-las-ruinas\/#respond"]}]},{"@type":"WebPage","@id":"https:\/\/www.revistarambla.com\/el-desmerengamientos-y-las-ruinas\/","url":"https:\/\/www.revistarambla.com\/el-desmerengamientos-y-las-ruinas\/","name":"El desmerengamiento y las ruinas del futuro - Revista Rambla","isPartOf":{"@id":"https:\/\/www.revistarambla.com\/#website"},"primaryImageOfPage":{"@id":"https:\/\/www.revistarambla.com\/el-desmerengamientos-y-las-ruinas\/#primaryimage"},"image":{"@id":"https:\/\/www.revistarambla.com\/el-desmerengamientos-y-las-ruinas\/#primaryimage"},"thumbnailUrl":"https:\/\/www.revistarambla.com\/wp-content\/uploads\/2014\/03\/calatrava_revRambla01-1.jpg","datePublished":"2014-03-27T18:33:27+00:00","dateModified":"2022-10-21T15:39:19+00:00","description":"Los promotores de esta peculiar iniciativa, \u201cRuinas del futuro\u201d, pretenden llamar la atenci\u00f3n sobre la masificaci\u00f3n y los barracones que sufren los alumn...","breadcrumb":{"@id":"https:\/\/www.revistarambla.com\/el-desmerengamientos-y-las-ruinas\/#breadcrumb"},"inLanguage":"en-GB","potentialAction":[{"@type":"ReadAction","target":["https:\/\/www.revistarambla.com\/el-desmerengamientos-y-las-ruinas\/"]}]},{"@type":"ImageObject","inLanguage":"en-GB","@id":"https:\/\/www.revistarambla.com\/el-desmerengamientos-y-las-ruinas\/#primaryimage","url":"https:\/\/www.revistarambla.com\/wp-content\/uploads\/2014\/03\/calatrava_revRambla01-1.jpg","contentUrl":"https:\/\/www.revistarambla.com\/wp-content\/uploads\/2014\/03\/calatrava_revRambla01-1.jpg","width":682,"height":450},{"@type":"BreadcrumbList","@id":"https:\/\/www.revistarambla.com\/el-desmerengamientos-y-las-ruinas\/#breadcrumb","itemListElement":[{"@type":"ListItem","position":1,"name":"Portada","item":"https:\/\/www.revistarambla.com\/"},{"@type":"ListItem","position":2,"name":"El desmerengamiento y las ruinas del futuro"}]},{"@type":"WebSite","@id":"https:\/\/www.revistarambla.com\/#website","url":"https:\/\/www.revistarambla.com\/","name":"Revista Rambla Barcelona","description":"Periodismo independiente","publisher":{"@id":"https:\/\/www.revistarambla.com\/#organization"},"potentialAction":[{"@type":"SearchAction","target":{"@type":"EntryPoint","urlTemplate":"https:\/\/www.revistarambla.com\/?s={search_term_string}"},"query-input":{"@type":"PropertyValueSpecification","valueRequired":true,"valueName":"search_term_string"}}],"inLanguage":"en-GB"},{"@type":"Organization","@id":"https:\/\/www.revistarambla.com\/#organization","name":"Revista Rambla","url":"https:\/\/www.revistarambla.com\/","logo":{"@type":"ImageObject","inLanguage":"en-GB","@id":"https:\/\/www.revistarambla.com\/#\/schema\/logo\/image\/","url":"https:\/\/www.revistarambla.com\/wp-content\/uploads\/2020\/09\/banner_rambla_1900x600_BB.png","contentUrl":"https:\/\/www.revistarambla.com\/wp-content\/uploads\/2020\/09\/banner_rambla_1900x600_BB.png","width":1900,"height":600,"caption":"Revista Rambla"},"image":{"@id":"https:\/\/www.revistarambla.com\/#\/schema\/logo\/image\/"},"sameAs":["https:\/\/www.facebook.com\/revistarambla\/","https:\/\/x.com\/revistarambla","https:\/\/www.instagram.com\/revista_rambla","https:\/\/es.linkedin.com\/company\/revista-rambla"]},{"@type":"Person","@id":"https:\/\/www.revistarambla.com\/#\/schema\/person\/f8e404c0293434eaf6a60da08d1123e3","name":"Jos\u00e9 Manuel Rambla","description":"Periodista cultural y columnista.","sameAs":["https:\/\/aesteladodelparaiso.com\/","https:\/\/www.facebook.com\/josemanuelrambla\/","https:\/\/x.com\/jmrambla"]}]}},"_links":{"self":[{"href":"https:\/\/www.revistarambla.com\/en\/wp-json\/wp\/v2\/posts\/5068","targetHints":{"allow":["GET"]}}],"collection":[{"href":"https:\/\/www.revistarambla.com\/en\/wp-json\/wp\/v2\/posts"}],"about":[{"href":"https:\/\/www.revistarambla.com\/en\/wp-json\/wp\/v2\/types\/post"}],"author":[{"embeddable":true,"href":"https:\/\/www.revistarambla.com\/en\/wp-json\/wp\/v2\/users\/325"}],"replies":[{"embeddable":true,"href":"https:\/\/www.revistarambla.com\/en\/wp-json\/wp\/v2\/comments?post=5068"}],"version-history":[{"count":1,"href":"https:\/\/www.revistarambla.com\/en\/wp-json\/wp\/v2\/posts\/5068\/revisions"}],"predecessor-version":[{"id":48359,"href":"https:\/\/www.revistarambla.com\/en\/wp-json\/wp\/v2\/posts\/5068\/revisions\/48359"}],"wp:featuredmedia":[{"embeddable":true,"href":"https:\/\/www.revistarambla.com\/en\/wp-json\/wp\/v2\/media\/21786"}],"wp:attachment":[{"href":"https:\/\/www.revistarambla.com\/en\/wp-json\/wp\/v2\/media?parent=5068"}],"wp:term":[{"taxonomy":"category","embeddable":true,"href":"https:\/\/www.revistarambla.com\/en\/wp-json\/wp\/v2\/categories?post=5068"},{"taxonomy":"post_tag","embeddable":true,"href":"https:\/\/www.revistarambla.com\/en\/wp-json\/wp\/v2\/tags?post=5068"}],"curies":[{"name":"wp","href":"https:\/\/api.w.org\/{rel}","templated":true}]}}