{"id":50316,"date":"2022-11-05T20:21:11","date_gmt":"2022-11-05T19:21:11","guid":{"rendered":"https:\/\/www.revistarambla.com\/?p=50316"},"modified":"2025-01-23T21:40:33","modified_gmt":"2025-01-23T20:40:33","slug":"yo-me-fui-de-vox","status":"publish","type":"post","link":"https:\/\/www.revistarambla.com\/en\/yo-me-fui-de-vox\/","title":{"rendered":"\u00abYo me fui de VOX\u00bb"},"content":{"rendered":"<p>\u00c9ste fue el t\u00edtulo del segundo programa de \u201cSalvados\u201d de esta nueva temporada, (16 de octubre de 2022) en la \u201cSecta\u201d, perd\u00f3n, en la Sexta. Gonzo, su presentador, puso a VOX en el punto de mira, entrevistando a cuatro fugitivos o autoexcluidos de este partido. Todos pusieron al descubierto las verg\u00fcenzas o lado oscuro del partido de Abascal, al verbalizar los motivos del abandono de sus militancias.<\/p>\n<p>Los entrevistados subrayaron la falta de democracia interna en el partido de Abascal. Este d\u00e9ficit se materializaba en la falta de libertad de expresi\u00f3n y de esp\u00edritu cr\u00edtico en el seno del partido; en la falta de transparencia en lo relativo a la financiaci\u00f3n, ya que nunca se rend\u00edan cuentas, y a la designaci\u00f3n de cargos; en la imposici\u00f3n de las listas electorales por la c\u00fapula de VOX; en las presiones sobre los militantes; y en el chantaje con promesas de recompensas futuras, si pasaban por el aro y comulgaban con ruedas de molino. Adem\u00e1s, no se redactaban actas y nada quedaba por escrito. Por eso, han tildado a VOX de \u201cpartido sin papeles\u201d. Acusaron tambi\u00e9n a VOX de conexiones con los neonazis de la Plataforma per Catalunya de Josep Anglada y de la entrada de \u00e9stos en VOX, decidida personalmente por Abascal. Finalmente, para protegerse de los d\u00edscolos y \u201cprotestantes\u201d, el Comit\u00e9 de Garant\u00edas era la Stasi o polic\u00eda pol\u00edtica de Abascal, que controlaba y depuraba a los militantes ovejas negras.<\/p>\n<p>Por otro lado, siempre seg\u00fan los entrevistados por Gonzo, Abascal, Ortega Smith y Espinosa de los Monteros, el triunvirato de VOX, son mentirosos, trileros, tah\u00fares y disimuladores. Y Abascal, como jefe m\u00e1ximo de VOX, es descrito como un hombre muy pragm\u00e1tico, con pocas convicciones y valores, preocupado s\u00f3lo por ganar votos y llegar al poder. Es el l\u00edder al que hay que admirar y al que no se puede cuestionar, a pesar de que nunca ha sido elegido por los militantes.<\/p>\n<p>No tengo elementos para contrastar y verificar la veracidad de las confesiones de los cuatro pr\u00f3fugos de VOX. A pesar de esto, creo que no hay que echarlas en saco roto. A m\u00ed, los hechos narrados me parecen graves y me han inspirado dos reflexiones complementarias, que voy a verbalizar \u201cci-dessous\u201d: una, sobre la actitud de la \u201cSecta\u201d \u2014perd\u00f3n, de la Sexta\u2014 hacia VOX, en contraste con la actitud hacia otros partidos pol\u00edticos; y la otra, sobre las razones de los entrevistados para abandonar la nave de Abascal.<\/p>\n<h2>Comportamiento vicario de la \u201cSecta\u201d, perd\u00f3n, de la Sexta<\/h2>\n<p>Me parece muy pertinente que la \u201cSecta\u201d \u2014perd\u00f3n, la Sexta\u2014 haya denunciado, desvelado y difundido los presuntos comportamientos no democr\u00e1ticos que parece que imperan en el d\u00eda a d\u00eda del partido de Abascal. Eso lo exige la deontolog\u00eda profesional y el buen hacer de cualquier periodista. Por eso, si es verdad que \u2014en el funcionamiento interno de Vox\u2014 la democracia, la transparencia, la cr\u00edtica constructiva, el respeto,\u2026 no son moneda de curso legal, esto es muy importante que lo sepan los ciudadanos. En efecto, para que su voto sea un voto informado, deben tener claro si pueden creer a los l\u00edderes de VOX cuando dicen que pretenden dirigir democr\u00e1ticamente nuestros destinos. Muchas veces, en efecto, se cumple el refr\u00e1n que reza as\u00ed: en casa del herrero cuchillo de palo.<\/p>\n<p>Ahora bien, explicitado esto, me gustar\u00eda que esta denuncia y desenmascaramiento, hechos por la \u201cSecta\u201d \u2014perd\u00f3n, La Sexta\u2014 no fuera flor de un d\u00eda o algo excepcional. Por eso, para demostrarlo y abrir los ojos a los votantes, la \u201cSecta\u201d \u2014perd\u00f3n, La Sexta\u2014 deber\u00eda preparar una serie de programas titulados: \u2018Yo me fui de C\u2019s\u2019, \u2018Yo me fui del PP\u2019, \u2018Yo me fui del PSOE\u2019, \u2018Yo me fui de\u2026\u2019. Y ver\u00edamos que en todos los partidos cuecen habas a toneladas. \u00bfLo har\u00e1 la \u201cSecta\u201d, perd\u00f3n, la Sexta? No lo ver\u00e1n nuestros ojos ni lo escuchar\u00e1n nuestros o\u00eddos. En efecto, como pontific\u00f3 Rafael Correa, \u201cdesde que se invent\u00f3 la imprenta, la libertad de prensa es la voluntad del due\u00f1o de la imprenta\u201d. Y, como hubiera apostillado el Dr. Cum Fraude, Pedro S\u00e1nchez, \u201cpues eso\u201d. De ah\u00ed el manipulador comportamiento vicario de la \u201cSecta\u201d \u2014perd\u00f3n, de la Sexta\u2014 que denota una moral y una deontolog\u00eda profesional a geometr\u00eda variable (\u201c\u00e0 la t\u00eate du client\u201d, como dicen los franceses) y distra\u00edda, como las hubiera calificado el viejo profesor Tierno Galv\u00e1n.<\/p>\n<h2>Las razones de los entrevistados para abandonar la nave de Abascal<\/h2>\n<p>Precisado esto, en el contenido del programa \u201cSalvados\u201d, de ser cierto, no vi nada extraordinario. Las razones de los entrevistados para abandonar VOX es el pan nuestro de cada d\u00eda en todos los partidos pol\u00edticos. En efecto, si se entrevistara a pr\u00f3fugos de otros partidos (C\u2019s, UPyD, PP, Podemos, PSOE, etc.), los entrevistados dir\u00edan m\u00e1s o menos lo mismo que los que abandonaron VOX.<\/p>\n<p>El que suscribe puede testimoniar de su salida-expulsi\u00f3n de C\u2019s y de UPyD, los dos \u00fanicos partidos donde fue militante de base. En ambos casos, le expulsaron testicular y arbitrariamente, sin seguir el protocolo previsto en los estatutos, por practicar la \u201chonestidad radical\u201d, por exigir transparencia, democracia interna, respeto a la Ley de Partidos Pol\u00edticos y a los estatutos del partido,\u2026 \u201cQue sais-je encore?\u201d. Y por denunciarlo intramuros y extramuros. El tiempo, que da o quita razones sin ped\u00edrselas, ha llevado el agua a su molino: UPyD, el cortijo de Rosa D\u00edez, y C\u2019s, el chiringuito de Rivera, Arrimadas y sus lacayos, han desaparecido, dejando a cientos de miles o millones de ciudadanos enga\u00f1ados, defraudados, frustrados y reacios a implicarse, en el futuro, en la actividad pol\u00edtica partidista y en esas subastas enga\u00f1osas y de mercadillo de las elecciones.<\/p>\n<h2>Moraleja<\/h2>\n<p>A partir de los hechos narrados, relativos a VOX o a cualquier otro partido, todos cortados por el mismo patr\u00f3n, podemos concluir que los l\u00edderes de los mismos van a lo suyo. Y se comportan como genuinos dictadores, pastoreando a sus huestes lanares, ya que \u2014como dijo Alfonso Guerra\u2014 \u201cel que se mueve no sale en la foto\u201d e \u201cillico\u201d es excretado del partido. Siendo esto muy grave, lo realmente preocupante es que los ciudadanos, entre los que me incluyo, que se han acercado a la pol\u00edtica para arrimar el hombro de forma altruista, han perdido la fe tanto en esta despreciable casta pol\u00edtica, que nos desgobierna, como en esta degradada y prostituida democracia formal que padecemos.<\/p>\n<p>Por eso, como he escrito en otro lugar, los ciudadanos deber\u00edamos reaccionar y, para empezar, preguntarnos para qu\u00e9 les pagamos el suelto; deber\u00edamos obligarles a que cumplan con lo que juraron o prometieron al tomar posesi\u00f3n de sus cargos; pero, como la cabra siempre tira al monte, deber\u00edamos propalar hasta la saciedad, urbi et orbi, y materializar el mantra de Cat\u00f3n el Viejo: \u201cdelenda est\u201d, no referido a Cartago sino a esta casta pol\u00edtica \u201cdesgobernante\u201d. Ahora bien, como escribe David Trueba en su \u00faltima novela (\u201cQueridos ni\u00f1os\u201d), \u201cla democracia s\u00f3lo tiene un punto d\u00e9bil. Depende de la gente\u201d. Y, como la gente no suele depositar, en la urna, un \u201cvoto informado\u201d, elige a individuos, que se han acercado a la pol\u00edtica, no comidos sino s\u00f3lo poder para \u201ccomer, medrar y robar\u201d. Y, luego, pasa lo que pasa y lo que todos sabemos.<\/p>","protected":false},"excerpt":{"rendered":"<p>No tengo elementos para contrastar y verificar la veracidad de las confesiones de los cuatro pr\u00f3fugos de VOX. A pesar de esto, creo que no hay que echarlas en saco roto. A m\u00ed, los hechos narrados me parecen graves y me han inspirado dos reflexiones complementarias<\/p>","protected":false},"author":17,"featured_media":26462,"comment_status":"open","ping_status":"closed","sticky":false,"template":"","format":"standard","meta":{"footnotes":""},"categories":[4114],"tags":[],"class_list":["post-50316","post","type-post","status-publish","format-standard","has-post-thumbnail","hentry","category-cantando-las-verdades"],"yoast_head":"<!-- This site is optimized with the Yoast SEO plugin v27.5 - https:\/\/yoast.com\/product\/yoast-seo-wordpress\/ -->\n<title>&quot;Yo me fui de VOX&quot; - Revista Rambla<\/title>\n<meta name=\"robots\" content=\"index, follow, max-snippet:-1, max-image-preview:large, max-video-preview:-1\" \/>\n<link rel=\"canonical\" href=\"https:\/\/www.revistarambla.com\/en\/yo-me-fui-de-vox\/\" \/>\n<meta property=\"og:locale\" content=\"en_GB\" \/>\n<meta property=\"og:type\" content=\"article\" \/>\n<meta property=\"og:title\" content=\"&quot;Yo me fui de VOX&quot; - Revista Rambla\" \/>\n<meta property=\"og:description\" content=\"No tengo elementos para contrastar y verificar la veracidad de las confesiones de los cuatro pr\u00f3fugos de VOX. A pesar de esto, creo que no hay que echarlas en saco roto. A m\u00ed, los hechos narrados me parecen graves y me han inspirado dos reflexiones complementarias\" \/>\n<meta property=\"og:url\" content=\"https:\/\/www.revistarambla.com\/en\/yo-me-fui-de-vox\/\" \/>\n<meta property=\"og:site_name\" content=\"Revista Rambla\" \/>\n<meta property=\"article:publisher\" content=\"https:\/\/www.facebook.com\/revistarambla\/\" \/>\n<meta property=\"article:author\" content=\"https:\/\/www.facebook.com\/manuelignacio.cabezasgonzalez\" \/>\n<meta property=\"article:published_time\" content=\"2022-11-05T19:21:11+00:00\" \/>\n<meta property=\"article:modified_time\" content=\"2025-01-23T20:40:33+00:00\" \/>\n<meta property=\"og:image\" content=\"https:\/\/www.revistarambla.com\/wp-content\/uploads\/2021\/01\/800px-Acto_de_Vox_en_Vistalegre_45159700971.jpg\" \/>\n\t<meta property=\"og:image:width\" content=\"800\" \/>\n\t<meta property=\"og:image:height\" content=\"533\" \/>\n\t<meta property=\"og:image:type\" content=\"image\/jpeg\" \/>\n<meta name=\"author\" content=\"Manuel Ignacio Cabezas Gonz\u00e1lez\" \/>\n<meta name=\"twitter:card\" content=\"summary_large_image\" \/>\n<meta name=\"twitter:creator\" content=\"@ManuelICabezas\" \/>\n<meta name=\"twitter:site\" content=\"@revistarambla\" \/>\n<meta name=\"twitter:label1\" content=\"Written by\" \/>\n\t<meta name=\"twitter:data1\" content=\"Manuel Ignacio Cabezas Gonz\u00e1lez\" \/>\n\t<meta name=\"twitter:label2\" content=\"Estimated reading time\" \/>\n\t<meta name=\"twitter:data2\" content=\"6 minutes\" \/>\n<script type=\"application\/ld+json\" class=\"yoast-schema-graph\">{\"@context\":\"https:\\\/\\\/schema.org\",\"@graph\":[{\"@type\":\"Article\",\"@id\":\"https:\\\/\\\/www.revistarambla.com\\\/yo-me-fui-de-vox\\\/#article\",\"isPartOf\":{\"@id\":\"https:\\\/\\\/www.revistarambla.com\\\/yo-me-fui-de-vox\\\/\"},\"author\":{\"name\":\"Manuel Ignacio Cabezas Gonz\u00e1lez\",\"@id\":\"https:\\\/\\\/www.revistarambla.com\\\/#\\\/schema\\\/person\\\/3d71c575842522757de7f4f9c9b40215\"},\"headline\":\"\u00abYo me fui de VOX\u00bb\",\"datePublished\":\"2022-11-05T19:21:11+00:00\",\"dateModified\":\"2025-01-23T20:40:33+00:00\",\"mainEntityOfPage\":{\"@id\":\"https:\\\/\\\/www.revistarambla.com\\\/yo-me-fui-de-vox\\\/\"},\"wordCount\":1285,\"commentCount\":0,\"publisher\":{\"@id\":\"https:\\\/\\\/www.revistarambla.com\\\/#organization\"},\"image\":{\"@id\":\"https:\\\/\\\/www.revistarambla.com\\\/yo-me-fui-de-vox\\\/#primaryimage\"},\"thumbnailUrl\":\"https:\\\/\\\/www.revistarambla.com\\\/wp-content\\\/uploads\\\/2021\\\/01\\\/800px-Acto_de_Vox_en_Vistalegre_45159700971.jpg\",\"articleSection\":[\"Cantando las verdades\"],\"inLanguage\":\"en-GB\",\"potentialAction\":[{\"@type\":\"CommentAction\",\"name\":\"Comment\",\"target\":[\"https:\\\/\\\/www.revistarambla.com\\\/yo-me-fui-de-vox\\\/#respond\"]}]},{\"@type\":\"WebPage\",\"@id\":\"https:\\\/\\\/www.revistarambla.com\\\/yo-me-fui-de-vox\\\/\",\"url\":\"https:\\\/\\\/www.revistarambla.com\\\/yo-me-fui-de-vox\\\/\",\"name\":\"\\\"Yo me fui de VOX\\\" - Revista Rambla\",\"isPartOf\":{\"@id\":\"https:\\\/\\\/www.revistarambla.com\\\/#website\"},\"primaryImageOfPage\":{\"@id\":\"https:\\\/\\\/www.revistarambla.com\\\/yo-me-fui-de-vox\\\/#primaryimage\"},\"image\":{\"@id\":\"https:\\\/\\\/www.revistarambla.com\\\/yo-me-fui-de-vox\\\/#primaryimage\"},\"thumbnailUrl\":\"https:\\\/\\\/www.revistarambla.com\\\/wp-content\\\/uploads\\\/2021\\\/01\\\/800px-Acto_de_Vox_en_Vistalegre_45159700971.jpg\",\"datePublished\":\"2022-11-05T19:21:11+00:00\",\"dateModified\":\"2025-01-23T20:40:33+00:00\",\"breadcrumb\":{\"@id\":\"https:\\\/\\\/www.revistarambla.com\\\/yo-me-fui-de-vox\\\/#breadcrumb\"},\"inLanguage\":\"en-GB\",\"potentialAction\":[{\"@type\":\"ReadAction\",\"target\":[\"https:\\\/\\\/www.revistarambla.com\\\/yo-me-fui-de-vox\\\/\"]}]},{\"@type\":\"ImageObject\",\"inLanguage\":\"en-GB\",\"@id\":\"https:\\\/\\\/www.revistarambla.com\\\/yo-me-fui-de-vox\\\/#primaryimage\",\"url\":\"https:\\\/\\\/www.revistarambla.com\\\/wp-content\\\/uploads\\\/2021\\\/01\\\/800px-Acto_de_Vox_en_Vistalegre_45159700971.jpg\",\"contentUrl\":\"https:\\\/\\\/www.revistarambla.com\\\/wp-content\\\/uploads\\\/2021\\\/01\\\/800px-Acto_de_Vox_en_Vistalegre_45159700971.jpg\",\"width\":800,\"height\":533},{\"@type\":\"BreadcrumbList\",\"@id\":\"https:\\\/\\\/www.revistarambla.com\\\/yo-me-fui-de-vox\\\/#breadcrumb\",\"itemListElement\":[{\"@type\":\"ListItem\",\"position\":1,\"name\":\"Portada\",\"item\":\"https:\\\/\\\/www.revistarambla.com\\\/\"},{\"@type\":\"ListItem\",\"position\":2,\"name\":\"\u00abYo me fui de VOX\u00bb\"}]},{\"@type\":\"WebSite\",\"@id\":\"https:\\\/\\\/www.revistarambla.com\\\/#website\",\"url\":\"https:\\\/\\\/www.revistarambla.com\\\/\",\"name\":\"Revista Rambla Barcelona\",\"description\":\"Periodismo independiente\",\"publisher\":{\"@id\":\"https:\\\/\\\/www.revistarambla.com\\\/#organization\"},\"potentialAction\":[{\"@type\":\"SearchAction\",\"target\":{\"@type\":\"EntryPoint\",\"urlTemplate\":\"https:\\\/\\\/www.revistarambla.com\\\/?s={search_term_string}\"},\"query-input\":{\"@type\":\"PropertyValueSpecification\",\"valueRequired\":true,\"valueName\":\"search_term_string\"}}],\"inLanguage\":\"en-GB\"},{\"@type\":\"Organization\",\"@id\":\"https:\\\/\\\/www.revistarambla.com\\\/#organization\",\"name\":\"Revista Rambla\",\"url\":\"https:\\\/\\\/www.revistarambla.com\\\/\",\"logo\":{\"@type\":\"ImageObject\",\"inLanguage\":\"en-GB\",\"@id\":\"https:\\\/\\\/www.revistarambla.com\\\/#\\\/schema\\\/logo\\\/image\\\/\",\"url\":\"https:\\\/\\\/www.revistarambla.com\\\/wp-content\\\/uploads\\\/2020\\\/09\\\/banner_rambla_1900x600_BB.png\",\"contentUrl\":\"https:\\\/\\\/www.revistarambla.com\\\/wp-content\\\/uploads\\\/2020\\\/09\\\/banner_rambla_1900x600_BB.png\",\"width\":1900,\"height\":600,\"caption\":\"Revista Rambla\"},\"image\":{\"@id\":\"https:\\\/\\\/www.revistarambla.com\\\/#\\\/schema\\\/logo\\\/image\\\/\"},\"sameAs\":[\"https:\\\/\\\/www.facebook.com\\\/revistarambla\\\/\",\"https:\\\/\\\/x.com\\\/revistarambla\",\"https:\\\/\\\/www.instagram.com\\\/revista_rambla\",\"https:\\\/\\\/es.linkedin.com\\\/company\\\/revista-rambla\"]},{\"@type\":\"Person\",\"@id\":\"https:\\\/\\\/www.revistarambla.com\\\/#\\\/schema\\\/person\\\/3d71c575842522757de7f4f9c9b40215\",\"name\":\"Manuel Ignacio Cabezas Gonz\u00e1lez\",\"description\":\"Doctor en Didactolog\u00eda de las Lenguas y de las Culturas. Profesor Titular de Ling\u00fc\u00edstica y de Ling\u00fc\u00edstica Aplicada. Departamento de Filolog\u00eda Francesa y Rom\u00e1nica (UAB).\",\"sameAs\":[\"http:\\\/\\\/honrad.blogspot.com\\\/\",\"https:\\\/\\\/www.facebook.com\\\/manuelignacio.cabezasgonzalez\",\"https:\\\/\\\/x.com\\\/ManuelICabezas\"]}]}<\/script>\n<!-- \/ Yoast SEO plugin. -->","yoast_head_json":{"title":"\"Yo me fui de VOX\" - Revista Rambla","robots":{"index":"index","follow":"follow","max-snippet":"max-snippet:-1","max-image-preview":"max-image-preview:large","max-video-preview":"max-video-preview:-1"},"canonical":"https:\/\/www.revistarambla.com\/en\/yo-me-fui-de-vox\/","og_locale":"en_GB","og_type":"article","og_title":"\"Yo me fui de VOX\" - Revista Rambla","og_description":"No tengo elementos para contrastar y verificar la veracidad de las confesiones de los cuatro pr\u00f3fugos de VOX. A pesar de esto, creo que no hay que echarlas en saco roto. A m\u00ed, los hechos narrados me parecen graves y me han inspirado dos reflexiones complementarias","og_url":"https:\/\/www.revistarambla.com\/en\/yo-me-fui-de-vox\/","og_site_name":"Revista Rambla","article_publisher":"https:\/\/www.facebook.com\/revistarambla\/","article_author":"https:\/\/www.facebook.com\/manuelignacio.cabezasgonzalez","article_published_time":"2022-11-05T19:21:11+00:00","article_modified_time":"2025-01-23T20:40:33+00:00","og_image":[{"width":800,"height":533,"url":"https:\/\/www.revistarambla.com\/wp-content\/uploads\/2021\/01\/800px-Acto_de_Vox_en_Vistalegre_45159700971.jpg","type":"image\/jpeg"}],"author":"Manuel Ignacio Cabezas Gonz\u00e1lez","twitter_card":"summary_large_image","twitter_creator":"@ManuelICabezas","twitter_site":"@revistarambla","twitter_misc":{"Written by":"Manuel Ignacio Cabezas Gonz\u00e1lez","Estimated reading time":"6 minutes"},"schema":{"@context":"https:\/\/schema.org","@graph":[{"@type":"Article","@id":"https:\/\/www.revistarambla.com\/yo-me-fui-de-vox\/#article","isPartOf":{"@id":"https:\/\/www.revistarambla.com\/yo-me-fui-de-vox\/"},"author":{"name":"Manuel Ignacio Cabezas Gonz\u00e1lez","@id":"https:\/\/www.revistarambla.com\/#\/schema\/person\/3d71c575842522757de7f4f9c9b40215"},"headline":"\u00abYo me fui de VOX\u00bb","datePublished":"2022-11-05T19:21:11+00:00","dateModified":"2025-01-23T20:40:33+00:00","mainEntityOfPage":{"@id":"https:\/\/www.revistarambla.com\/yo-me-fui-de-vox\/"},"wordCount":1285,"commentCount":0,"publisher":{"@id":"https:\/\/www.revistarambla.com\/#organization"},"image":{"@id":"https:\/\/www.revistarambla.com\/yo-me-fui-de-vox\/#primaryimage"},"thumbnailUrl":"https:\/\/www.revistarambla.com\/wp-content\/uploads\/2021\/01\/800px-Acto_de_Vox_en_Vistalegre_45159700971.jpg","articleSection":["Cantando las verdades"],"inLanguage":"en-GB","potentialAction":[{"@type":"CommentAction","name":"Comment","target":["https:\/\/www.revistarambla.com\/yo-me-fui-de-vox\/#respond"]}]},{"@type":"WebPage","@id":"https:\/\/www.revistarambla.com\/yo-me-fui-de-vox\/","url":"https:\/\/www.revistarambla.com\/yo-me-fui-de-vox\/","name":"\"Yo me fui de VOX\" - Revista Rambla","isPartOf":{"@id":"https:\/\/www.revistarambla.com\/#website"},"primaryImageOfPage":{"@id":"https:\/\/www.revistarambla.com\/yo-me-fui-de-vox\/#primaryimage"},"image":{"@id":"https:\/\/www.revistarambla.com\/yo-me-fui-de-vox\/#primaryimage"},"thumbnailUrl":"https:\/\/www.revistarambla.com\/wp-content\/uploads\/2021\/01\/800px-Acto_de_Vox_en_Vistalegre_45159700971.jpg","datePublished":"2022-11-05T19:21:11+00:00","dateModified":"2025-01-23T20:40:33+00:00","breadcrumb":{"@id":"https:\/\/www.revistarambla.com\/yo-me-fui-de-vox\/#breadcrumb"},"inLanguage":"en-GB","potentialAction":[{"@type":"ReadAction","target":["https:\/\/www.revistarambla.com\/yo-me-fui-de-vox\/"]}]},{"@type":"ImageObject","inLanguage":"en-GB","@id":"https:\/\/www.revistarambla.com\/yo-me-fui-de-vox\/#primaryimage","url":"https:\/\/www.revistarambla.com\/wp-content\/uploads\/2021\/01\/800px-Acto_de_Vox_en_Vistalegre_45159700971.jpg","contentUrl":"https:\/\/www.revistarambla.com\/wp-content\/uploads\/2021\/01\/800px-Acto_de_Vox_en_Vistalegre_45159700971.jpg","width":800,"height":533},{"@type":"BreadcrumbList","@id":"https:\/\/www.revistarambla.com\/yo-me-fui-de-vox\/#breadcrumb","itemListElement":[{"@type":"ListItem","position":1,"name":"Portada","item":"https:\/\/www.revistarambla.com\/"},{"@type":"ListItem","position":2,"name":"\u00abYo me fui de VOX\u00bb"}]},{"@type":"WebSite","@id":"https:\/\/www.revistarambla.com\/#website","url":"https:\/\/www.revistarambla.com\/","name":"Revista Rambla Barcelona","description":"Periodismo independiente","publisher":{"@id":"https:\/\/www.revistarambla.com\/#organization"},"potentialAction":[{"@type":"SearchAction","target":{"@type":"EntryPoint","urlTemplate":"https:\/\/www.revistarambla.com\/?s={search_term_string}"},"query-input":{"@type":"PropertyValueSpecification","valueRequired":true,"valueName":"search_term_string"}}],"inLanguage":"en-GB"},{"@type":"Organization","@id":"https:\/\/www.revistarambla.com\/#organization","name":"Revista Rambla","url":"https:\/\/www.revistarambla.com\/","logo":{"@type":"ImageObject","inLanguage":"en-GB","@id":"https:\/\/www.revistarambla.com\/#\/schema\/logo\/image\/","url":"https:\/\/www.revistarambla.com\/wp-content\/uploads\/2020\/09\/banner_rambla_1900x600_BB.png","contentUrl":"https:\/\/www.revistarambla.com\/wp-content\/uploads\/2020\/09\/banner_rambla_1900x600_BB.png","width":1900,"height":600,"caption":"Revista Rambla"},"image":{"@id":"https:\/\/www.revistarambla.com\/#\/schema\/logo\/image\/"},"sameAs":["https:\/\/www.facebook.com\/revistarambla\/","https:\/\/x.com\/revistarambla","https:\/\/www.instagram.com\/revista_rambla","https:\/\/es.linkedin.com\/company\/revista-rambla"]},{"@type":"Person","@id":"https:\/\/www.revistarambla.com\/#\/schema\/person\/3d71c575842522757de7f4f9c9b40215","name":"Manuel Ignacio Cabezas Gonz\u00e1lez","description":"Doctor en Didactolog\u00eda de las Lenguas y de las Culturas. Profesor Titular de Ling\u00fc\u00edstica y de Ling\u00fc\u00edstica Aplicada. Departamento de Filolog\u00eda Francesa y Rom\u00e1nica (UAB).","sameAs":["http:\/\/honrad.blogspot.com\/","https:\/\/www.facebook.com\/manuelignacio.cabezasgonzalez","https:\/\/x.com\/ManuelICabezas"]}]}},"_links":{"self":[{"href":"https:\/\/www.revistarambla.com\/en\/wp-json\/wp\/v2\/posts\/50316","targetHints":{"allow":["GET"]}}],"collection":[{"href":"https:\/\/www.revistarambla.com\/en\/wp-json\/wp\/v2\/posts"}],"about":[{"href":"https:\/\/www.revistarambla.com\/en\/wp-json\/wp\/v2\/types\/post"}],"author":[{"embeddable":true,"href":"https:\/\/www.revistarambla.com\/en\/wp-json\/wp\/v2\/users\/17"}],"replies":[{"embeddable":true,"href":"https:\/\/www.revistarambla.com\/en\/wp-json\/wp\/v2\/comments?post=50316"}],"version-history":[{"count":1,"href":"https:\/\/www.revistarambla.com\/en\/wp-json\/wp\/v2\/posts\/50316\/revisions"}],"predecessor-version":[{"id":50317,"href":"https:\/\/www.revistarambla.com\/en\/wp-json\/wp\/v2\/posts\/50316\/revisions\/50317"}],"wp:featuredmedia":[{"embeddable":true,"href":"https:\/\/www.revistarambla.com\/en\/wp-json\/wp\/v2\/media\/26462"}],"wp:attachment":[{"href":"https:\/\/www.revistarambla.com\/en\/wp-json\/wp\/v2\/media?parent=50316"}],"wp:term":[{"taxonomy":"category","embeddable":true,"href":"https:\/\/www.revistarambla.com\/en\/wp-json\/wp\/v2\/categories?post=50316"},{"taxonomy":"post_tag","embeddable":true,"href":"https:\/\/www.revistarambla.com\/en\/wp-json\/wp\/v2\/tags?post=50316"}],"curies":[{"name":"wp","href":"https:\/\/api.w.org\/{rel}","templated":true}]}}