{"id":48927,"date":"2022-11-02T11:42:00","date_gmt":"2022-11-02T10:42:00","guid":{"rendered":"https:\/\/www.revistarambla.com\/?p=48927"},"modified":"2022-11-02T11:42:00","modified_gmt":"2022-11-02T10:42:00","slug":"day-martinez-la-historia-de-un-exito-sin-precedentes","status":"publish","type":"post","link":"https:\/\/www.revistarambla.com\/en\/day-martinez-la-historia-de-un-exito-sin-precedentes\/","title":{"rendered":"Day Mart\u00ednez, la historia de un \u00e9xito sin precedentes"},"content":{"rendered":"<p><img decoding=\"async\" class=\"aligncenter wp-image-48928\" src=\"https:\/\/www.revistarambla.com\/wp-content\/uploads\/2022\/11\/phpBjOHgL63623548df3dd-435x365.jpg\" alt=\"\" width=\"596\" height=\"500\" srcset=\"https:\/\/www.revistarambla.com\/wp-content\/uploads\/2022\/11\/phpBjOHgL63623548df3dd-435x365.jpg 435w, https:\/\/www.revistarambla.com\/wp-content\/uploads\/2022\/11\/phpBjOHgL63623548df3dd-840x704.jpg 840w, https:\/\/www.revistarambla.com\/wp-content\/uploads\/2022\/11\/phpBjOHgL63623548df3dd-768x644.jpg 768w, https:\/\/www.revistarambla.com\/wp-content\/uploads\/2022\/11\/phpBjOHgL63623548df3dd-14x12.jpg 14w, https:\/\/www.revistarambla.com\/wp-content\/uploads\/2022\/11\/phpBjOHgL63623548df3dd.jpg 940w\" sizes=\"(max-width: 596px) 100vw, 596px\" \/><\/p>\n<p><span style=\"font-weight: 400;\">Los \u00faltimos a\u00f1os han servido para concienciarnos acerca de la importancia con la que cuenta la<\/span><b> salud mental e<\/b><span style=\"font-weight: 400;\">n nuestra vida diaria. La pandemia ha supuesto el punto de inflexi\u00f3n que necesit\u00e1bamos a nivel social en la forma en c\u00f3mo cuidamos no solo de nuestro bienestar f\u00edsico, sino tambi\u00e9n de todo lo que tiene relaci\u00f3n con la estabilidad y el cuidado que nuestra mente necesita. Una tendencia que ha provocado la visibilizaci\u00f3n del trabajo de una <\/span><b>gran cantidad de profesionales <\/b><span style=\"font-weight: 400;\">que llevan muchos a\u00f1os ofreciendo sus servicios en torno a esta cuesti\u00f3n. Este es el caso de Day Mart\u00ednez, una de las profesionales de mayor relevancia dentro de este campo en nuestro pa\u00eds.<\/span><\/p>\n<p><span style=\"font-weight: 400;\">Esta <\/span><span style=\"text-decoration: underline;\"><a href=\"https:\/\/www.instagram.com\/daymartinezi\/?hl=es\" target=\"_blank\" rel=\"nofollow noopener\"><b>instagramer<\/b><\/a><\/span><span style=\"font-weight: 400;\"> ha presentado un notable crecimiento en sus redes sociales a medida que una <\/span><b>mayor cantidad de personas <\/b><span style=\"font-weight: 400;\">se han interesado por sus cualidades. Sus conocimientos y experiencia en torno a la meditaci\u00f3n y c\u00f3mo \u00e9sta puede cambiar nuestra vida, as\u00ed como la materializaci\u00f3n de los deseos y todo lo que tiene relaci\u00f3n con el desarrollo personal han sido algunas de la claves que explican la notoriedad con la que cuenta en la actualidad. Consolid\u00e1ndose como una de las <\/span><b>profesionales<\/b><span style=\"font-weight: 400;\"> con mayor renombre dentro del panorama nacional.<\/span><\/p>\n<h2><b>Apostando por un crecimiento org\u00e1nico y equilibrado<\/b><\/h2>\n<p><span style=\"font-weight: 400;\">En el crecimiento y del desarrollo personal se incluyen una gran cantidad de elementos que deben ser tenidos en cuenta para que nuestro crecimiento como persona se realice de manera equilibrada. Permitiendo cubrir todas las \u00e1reas que nuestro cuerpo necesita cuando se trata de poder asegurar los mejores resultados. Para ello, Day Mart\u00ednez lleva m\u00e1s de una d\u00e9cada inmersa en el desarrollo personal dirigiendo no solo personas, sino tambi\u00e9n equipos, en pro de la b\u00fasqueda de todos sus objetivos. Sus talleres, cursos y formaciones que ofrece a lo largo de todo nuestro territorio han permitido que nos encontremos ante una de las profesionales que mayor engadgment y n\u00famero de seguidores cuenta en sus redes sociales. Actuando como su mejor carta de presentaci\u00f3n.<\/span><\/p>\n<p><span style=\"font-weight: 400;\">Una simple b\u00fasqueda en Google de <\/span><b>Day Mart\u00ednez<\/b><span style=\"font-weight: 400;\"> es m\u00e1s que suficiente para poder conocer de primera mano su cuenta personal. All\u00ed podemos ver sus \u00faltimas publicaciones, historias y todo lo que tiene que ver con el ejercicio de su actividad. Y es que cuando se trata de ayudar a las personas en la b\u00fasqueda de la cobertura de sus objetivos, existen pocos profesionales de la talla de Day.<\/span><\/p>\n<p><span style=\"font-weight: 400;\">Para ello, durante todo nuestro camino con ella una vez contratamos sus servicios comenzamos con un recorrido de dentro hacia fuera. Contando cada una de las capas, nivel por nivel. De este modo, todo el recorrido <\/span><b>empieza por dentro <\/b><span style=\"font-weight: 400;\">y, de manera progresiva, vamos llegando hacia las capas m\u00e1s externas. Pero siempre con la seguridad que nos proporciona el hecho de poder haber empezado desde el lugar correcto. El interior de nuestro organismo. Para ello, creer en sus ense\u00f1anzas y comenzar a seguir el camino que nos dicta a trav\u00e9s de sus cursos se convierte en una de las mejores inversiones por las que podemos decantarnos.<\/span><\/p>\n<h2><b>Una filosof\u00eda basada en los resultados<\/b><\/h2>\n<p><span style=\"font-weight: 400;\">Al contrario de lo que ocurre con otras profesionales que tratan de ofrecernos experiencias similares, en <\/span><b>Day Mart\u00ednez<\/b><span style=\"font-weight: 400;\"> encontramos un camino que se basa en los resultados que se han obtenido durante los \u00faltimos a\u00f1os en el ejercicio de su profesi\u00f3n. De este modo, todas las personas que se decantan por confiar en sus servicios tienen todas las garant\u00edas de que previamente <\/span><b>el camino que est\u00e1n recorriendo <\/b><span style=\"font-weight: 400;\">ya ha sido probado en otros perfiles similares al suyo. Alcanzando siempre las metas que se han ido proponiendo. No tenemos m\u00e1s que buscar el discurso de clientes anteriores para poder tomar conciencia del punto de partida ante el que nos encontramos.<\/span><\/p>\n<h2><b>Asesor\u00eda online<\/b><\/h2>\n<p><span style=\"font-weight: 400;\">Los clientes que est\u00e9n interesados pueden acudir a su asesor\u00eda online. En ella podremos reunir todo lo que necesitamos para poder conocer si Day es capaz de situar su trabajo a la altura de nuestras expectativas.<\/span><\/p>\n<p><span style=\"font-weight: 400;\">Una vez all\u00ed, de manera<\/span><b> completamente online,<\/b><span style=\"font-weight: 400;\"> podemos acordar con ella, en funci\u00f3n de su agenda, todas las citas que se desean programar hasta lograr disfrutar de una vida plena basada en los pilares que surgen de su teor\u00eda. Una oportunidad \u00fanica para poder lograr el equilibrio que nuestro cuerpo necesita.<\/span><\/p>","protected":false},"excerpt":{"rendered":"<p>Los \u00faltimos a\u00f1os han servido para concienciarnos acerca de la importancia con la que cuenta la salud mental en nuestra vida diaria. La pandemia ha supuesto el punto de inflexi\u00f3n que necesit\u00e1bamos a nivel social en la forma en c\u00f3mo cuidamos no solo de nuestro bienestar f\u00edsico, sino tambi\u00e9n de [&hellip;]<\/p>\n","protected":false},"author":3,"featured_media":48928,"comment_status":"open","ping_status":"closed","sticky":false,"template":"","format":"standard","meta":{"footnotes":""},"categories":[3790],"tags":[],"class_list":["post-48927","post","type-post","status-publish","format-standard","has-post-thumbnail","hentry","category-otras-noticias"],"yoast_head":"<!-- This site is optimized with the Yoast SEO plugin v27.5 - https:\/\/yoast.com\/product\/yoast-seo-wordpress\/ -->\n<title>Day Mart\u00ednez, la historia de un \u00e9xito sin precedentes - Revista Rambla<\/title>\n<meta name=\"robots\" content=\"index, follow, max-snippet:-1, max-image-preview:large, max-video-preview:-1\" \/>\n<link rel=\"canonical\" href=\"https:\/\/www.revistarambla.com\/en\/day-martinez-la-historia-de-un-exito-sin-precedentes\/\" \/>\n<meta property=\"og:locale\" content=\"en_GB\" \/>\n<meta property=\"og:type\" content=\"article\" \/>\n<meta property=\"og:title\" content=\"Day Mart\u00ednez, la historia de un \u00e9xito sin precedentes - Revista Rambla\" \/>\n<meta property=\"og:description\" content=\"Los \u00faltimos a\u00f1os han servido para concienciarnos acerca de la importancia con la que cuenta la salud mental en nuestra vida diaria. La pandemia ha supuesto el punto de inflexi\u00f3n que necesit\u00e1bamos a nivel social en la forma en c\u00f3mo cuidamos no solo de nuestro bienestar f\u00edsico, sino tambi\u00e9n de [&hellip;]\" \/>\n<meta property=\"og:url\" content=\"https:\/\/www.revistarambla.com\/en\/day-martinez-la-historia-de-un-exito-sin-precedentes\/\" \/>\n<meta property=\"og:site_name\" content=\"Revista Rambla\" \/>\n<meta property=\"article:publisher\" content=\"https:\/\/www.facebook.com\/revistarambla\/\" \/>\n<meta property=\"article:author\" content=\"https:\/\/www.facebook.com\/revistarambla\" \/>\n<meta property=\"article:published_time\" content=\"2022-11-02T10:42:00+00:00\" \/>\n<meta property=\"og:image\" content=\"https:\/\/www.revistarambla.com\/wp-content\/uploads\/2022\/11\/phpBjOHgL63623548df3dd.jpg\" \/>\n\t<meta property=\"og:image:width\" content=\"940\" \/>\n\t<meta property=\"og:image:height\" content=\"788\" \/>\n\t<meta property=\"og:image:type\" content=\"image\/jpeg\" \/>\n<meta name=\"author\" content=\"R@mbla\" \/>\n<meta name=\"twitter:card\" content=\"summary_large_image\" \/>\n<meta name=\"twitter:creator\" content=\"@revistarambla\" \/>\n<meta name=\"twitter:site\" content=\"@revistarambla\" \/>\n<meta name=\"twitter:label1\" content=\"Written by\" \/>\n\t<meta name=\"twitter:data1\" content=\"R@mbla\" \/>\n\t<meta name=\"twitter:label2\" content=\"Estimated reading time\" \/>\n\t<meta name=\"twitter:data2\" content=\"4 minutes\" \/>\n<script type=\"application\/ld+json\" class=\"yoast-schema-graph\">{\"@context\":\"https:\\\/\\\/schema.org\",\"@graph\":[{\"@type\":\"Article\",\"@id\":\"https:\\\/\\\/www.revistarambla.com\\\/day-martinez-la-historia-de-un-exito-sin-precedentes\\\/#article\",\"isPartOf\":{\"@id\":\"https:\\\/\\\/www.revistarambla.com\\\/day-martinez-la-historia-de-un-exito-sin-precedentes\\\/\"},\"author\":{\"name\":\"R@mbla\",\"@id\":\"https:\\\/\\\/www.revistarambla.com\\\/#\\\/schema\\\/person\\\/a146a5a2550b94981a75131180e1bd9c\"},\"headline\":\"Day Mart\u00ednez, la historia de un \u00e9xito sin precedentes\",\"datePublished\":\"2022-11-02T10:42:00+00:00\",\"mainEntityOfPage\":{\"@id\":\"https:\\\/\\\/www.revistarambla.com\\\/day-martinez-la-historia-de-un-exito-sin-precedentes\\\/\"},\"wordCount\":764,\"commentCount\":0,\"publisher\":{\"@id\":\"https:\\\/\\\/www.revistarambla.com\\\/#organization\"},\"image\":{\"@id\":\"https:\\\/\\\/www.revistarambla.com\\\/day-martinez-la-historia-de-un-exito-sin-precedentes\\\/#primaryimage\"},\"thumbnailUrl\":\"https:\\\/\\\/www.revistarambla.com\\\/wp-content\\\/uploads\\\/2022\\\/11\\\/phpBjOHgL63623548df3dd.jpg\",\"articleSection\":[\"Otras Noticias\"],\"inLanguage\":\"en-GB\",\"potentialAction\":[{\"@type\":\"CommentAction\",\"name\":\"Comment\",\"target\":[\"https:\\\/\\\/www.revistarambla.com\\\/day-martinez-la-historia-de-un-exito-sin-precedentes\\\/#respond\"]}]},{\"@type\":\"WebPage\",\"@id\":\"https:\\\/\\\/www.revistarambla.com\\\/day-martinez-la-historia-de-un-exito-sin-precedentes\\\/\",\"url\":\"https:\\\/\\\/www.revistarambla.com\\\/day-martinez-la-historia-de-un-exito-sin-precedentes\\\/\",\"name\":\"Day Mart\u00ednez, la historia de un \u00e9xito sin precedentes - Revista Rambla\",\"isPartOf\":{\"@id\":\"https:\\\/\\\/www.revistarambla.com\\\/#website\"},\"primaryImageOfPage\":{\"@id\":\"https:\\\/\\\/www.revistarambla.com\\\/day-martinez-la-historia-de-un-exito-sin-precedentes\\\/#primaryimage\"},\"image\":{\"@id\":\"https:\\\/\\\/www.revistarambla.com\\\/day-martinez-la-historia-de-un-exito-sin-precedentes\\\/#primaryimage\"},\"thumbnailUrl\":\"https:\\\/\\\/www.revistarambla.com\\\/wp-content\\\/uploads\\\/2022\\\/11\\\/phpBjOHgL63623548df3dd.jpg\",\"datePublished\":\"2022-11-02T10:42:00+00:00\",\"breadcrumb\":{\"@id\":\"https:\\\/\\\/www.revistarambla.com\\\/day-martinez-la-historia-de-un-exito-sin-precedentes\\\/#breadcrumb\"},\"inLanguage\":\"en-GB\",\"potentialAction\":[{\"@type\":\"ReadAction\",\"target\":[\"https:\\\/\\\/www.revistarambla.com\\\/day-martinez-la-historia-de-un-exito-sin-precedentes\\\/\"]}]},{\"@type\":\"ImageObject\",\"inLanguage\":\"en-GB\",\"@id\":\"https:\\\/\\\/www.revistarambla.com\\\/day-martinez-la-historia-de-un-exito-sin-precedentes\\\/#primaryimage\",\"url\":\"https:\\\/\\\/www.revistarambla.com\\\/wp-content\\\/uploads\\\/2022\\\/11\\\/phpBjOHgL63623548df3dd.jpg\",\"contentUrl\":\"https:\\\/\\\/www.revistarambla.com\\\/wp-content\\\/uploads\\\/2022\\\/11\\\/phpBjOHgL63623548df3dd.jpg\",\"width\":940,\"height\":788},{\"@type\":\"BreadcrumbList\",\"@id\":\"https:\\\/\\\/www.revistarambla.com\\\/day-martinez-la-historia-de-un-exito-sin-precedentes\\\/#breadcrumb\",\"itemListElement\":[{\"@type\":\"ListItem\",\"position\":1,\"name\":\"Portada\",\"item\":\"https:\\\/\\\/www.revistarambla.com\\\/\"},{\"@type\":\"ListItem\",\"position\":2,\"name\":\"Day Mart\u00ednez, la historia de un \u00e9xito sin precedentes\"}]},{\"@type\":\"WebSite\",\"@id\":\"https:\\\/\\\/www.revistarambla.com\\\/#website\",\"url\":\"https:\\\/\\\/www.revistarambla.com\\\/\",\"name\":\"Revista Rambla Barcelona\",\"description\":\"Periodismo independiente\",\"publisher\":{\"@id\":\"https:\\\/\\\/www.revistarambla.com\\\/#organization\"},\"potentialAction\":[{\"@type\":\"SearchAction\",\"target\":{\"@type\":\"EntryPoint\",\"urlTemplate\":\"https:\\\/\\\/www.revistarambla.com\\\/?s={search_term_string}\"},\"query-input\":{\"@type\":\"PropertyValueSpecification\",\"valueRequired\":true,\"valueName\":\"search_term_string\"}}],\"inLanguage\":\"en-GB\"},{\"@type\":\"Organization\",\"@id\":\"https:\\\/\\\/www.revistarambla.com\\\/#organization\",\"name\":\"Revista Rambla\",\"url\":\"https:\\\/\\\/www.revistarambla.com\\\/\",\"logo\":{\"@type\":\"ImageObject\",\"inLanguage\":\"en-GB\",\"@id\":\"https:\\\/\\\/www.revistarambla.com\\\/#\\\/schema\\\/logo\\\/image\\\/\",\"url\":\"https:\\\/\\\/www.revistarambla.com\\\/wp-content\\\/uploads\\\/2020\\\/09\\\/banner_rambla_1900x600_BB.png\",\"contentUrl\":\"https:\\\/\\\/www.revistarambla.com\\\/wp-content\\\/uploads\\\/2020\\\/09\\\/banner_rambla_1900x600_BB.png\",\"width\":1900,\"height\":600,\"caption\":\"Revista Rambla\"},\"image\":{\"@id\":\"https:\\\/\\\/www.revistarambla.com\\\/#\\\/schema\\\/logo\\\/image\\\/\"},\"sameAs\":[\"https:\\\/\\\/www.facebook.com\\\/revistarambla\\\/\",\"https:\\\/\\\/x.com\\\/revistarambla\",\"https:\\\/\\\/www.instagram.com\\\/revista_rambla\",\"https:\\\/\\\/es.linkedin.com\\\/company\\\/revista-rambla\"]},{\"@type\":\"Person\",\"@id\":\"https:\\\/\\\/www.revistarambla.com\\\/#\\\/schema\\\/person\\\/a146a5a2550b94981a75131180e1bd9c\",\"name\":\"R@mbla\",\"description\":\"Este art\u00edculo ha sido redactado y\\\/o validado por el equipo de redacci\u00f3n de Revista Rambla.\",\"sameAs\":[\"https:\\\/\\\/www.revistarambla.com\\\/\",\"https:\\\/\\\/www.facebook.com\\\/revistarambla\",\"https:\\\/\\\/x.com\\\/revistarambla\"]}]}<\/script>\n<!-- \/ Yoast SEO plugin. -->","yoast_head_json":{"title":"Day Mart\u00ednez, la historia de un \u00e9xito sin precedentes - Revista Rambla","robots":{"index":"index","follow":"follow","max-snippet":"max-snippet:-1","max-image-preview":"max-image-preview:large","max-video-preview":"max-video-preview:-1"},"canonical":"https:\/\/www.revistarambla.com\/en\/day-martinez-la-historia-de-un-exito-sin-precedentes\/","og_locale":"en_GB","og_type":"article","og_title":"Day Mart\u00ednez, la historia de un \u00e9xito sin precedentes - Revista Rambla","og_description":"Los \u00faltimos a\u00f1os han servido para concienciarnos acerca de la importancia con la que cuenta la salud mental en nuestra vida diaria. La pandemia ha supuesto el punto de inflexi\u00f3n que necesit\u00e1bamos a nivel social en la forma en c\u00f3mo cuidamos no solo de nuestro bienestar f\u00edsico, sino tambi\u00e9n de [&hellip;]","og_url":"https:\/\/www.revistarambla.com\/en\/day-martinez-la-historia-de-un-exito-sin-precedentes\/","og_site_name":"Revista Rambla","article_publisher":"https:\/\/www.facebook.com\/revistarambla\/","article_author":"https:\/\/www.facebook.com\/revistarambla","article_published_time":"2022-11-02T10:42:00+00:00","og_image":[{"width":940,"height":788,"url":"https:\/\/www.revistarambla.com\/wp-content\/uploads\/2022\/11\/phpBjOHgL63623548df3dd.jpg","type":"image\/jpeg"}],"author":"R@mbla","twitter_card":"summary_large_image","twitter_creator":"@revistarambla","twitter_site":"@revistarambla","twitter_misc":{"Written by":"R@mbla","Estimated reading time":"4 minutes"},"schema":{"@context":"https:\/\/schema.org","@graph":[{"@type":"Article","@id":"https:\/\/www.revistarambla.com\/day-martinez-la-historia-de-un-exito-sin-precedentes\/#article","isPartOf":{"@id":"https:\/\/www.revistarambla.com\/day-martinez-la-historia-de-un-exito-sin-precedentes\/"},"author":{"name":"R@mbla","@id":"https:\/\/www.revistarambla.com\/#\/schema\/person\/a146a5a2550b94981a75131180e1bd9c"},"headline":"Day Mart\u00ednez, la historia de un \u00e9xito sin precedentes","datePublished":"2022-11-02T10:42:00+00:00","mainEntityOfPage":{"@id":"https:\/\/www.revistarambla.com\/day-martinez-la-historia-de-un-exito-sin-precedentes\/"},"wordCount":764,"commentCount":0,"publisher":{"@id":"https:\/\/www.revistarambla.com\/#organization"},"image":{"@id":"https:\/\/www.revistarambla.com\/day-martinez-la-historia-de-un-exito-sin-precedentes\/#primaryimage"},"thumbnailUrl":"https:\/\/www.revistarambla.com\/wp-content\/uploads\/2022\/11\/phpBjOHgL63623548df3dd.jpg","articleSection":["Otras Noticias"],"inLanguage":"en-GB","potentialAction":[{"@type":"CommentAction","name":"Comment","target":["https:\/\/www.revistarambla.com\/day-martinez-la-historia-de-un-exito-sin-precedentes\/#respond"]}]},{"@type":"WebPage","@id":"https:\/\/www.revistarambla.com\/day-martinez-la-historia-de-un-exito-sin-precedentes\/","url":"https:\/\/www.revistarambla.com\/day-martinez-la-historia-de-un-exito-sin-precedentes\/","name":"Day Mart\u00ednez, la historia de un \u00e9xito sin precedentes - Revista Rambla","isPartOf":{"@id":"https:\/\/www.revistarambla.com\/#website"},"primaryImageOfPage":{"@id":"https:\/\/www.revistarambla.com\/day-martinez-la-historia-de-un-exito-sin-precedentes\/#primaryimage"},"image":{"@id":"https:\/\/www.revistarambla.com\/day-martinez-la-historia-de-un-exito-sin-precedentes\/#primaryimage"},"thumbnailUrl":"https:\/\/www.revistarambla.com\/wp-content\/uploads\/2022\/11\/phpBjOHgL63623548df3dd.jpg","datePublished":"2022-11-02T10:42:00+00:00","breadcrumb":{"@id":"https:\/\/www.revistarambla.com\/day-martinez-la-historia-de-un-exito-sin-precedentes\/#breadcrumb"},"inLanguage":"en-GB","potentialAction":[{"@type":"ReadAction","target":["https:\/\/www.revistarambla.com\/day-martinez-la-historia-de-un-exito-sin-precedentes\/"]}]},{"@type":"ImageObject","inLanguage":"en-GB","@id":"https:\/\/www.revistarambla.com\/day-martinez-la-historia-de-un-exito-sin-precedentes\/#primaryimage","url":"https:\/\/www.revistarambla.com\/wp-content\/uploads\/2022\/11\/phpBjOHgL63623548df3dd.jpg","contentUrl":"https:\/\/www.revistarambla.com\/wp-content\/uploads\/2022\/11\/phpBjOHgL63623548df3dd.jpg","width":940,"height":788},{"@type":"BreadcrumbList","@id":"https:\/\/www.revistarambla.com\/day-martinez-la-historia-de-un-exito-sin-precedentes\/#breadcrumb","itemListElement":[{"@type":"ListItem","position":1,"name":"Portada","item":"https:\/\/www.revistarambla.com\/"},{"@type":"ListItem","position":2,"name":"Day Mart\u00ednez, la historia de un \u00e9xito sin precedentes"}]},{"@type":"WebSite","@id":"https:\/\/www.revistarambla.com\/#website","url":"https:\/\/www.revistarambla.com\/","name":"Revista Rambla Barcelona","description":"Periodismo independiente","publisher":{"@id":"https:\/\/www.revistarambla.com\/#organization"},"potentialAction":[{"@type":"SearchAction","target":{"@type":"EntryPoint","urlTemplate":"https:\/\/www.revistarambla.com\/?s={search_term_string}"},"query-input":{"@type":"PropertyValueSpecification","valueRequired":true,"valueName":"search_term_string"}}],"inLanguage":"en-GB"},{"@type":"Organization","@id":"https:\/\/www.revistarambla.com\/#organization","name":"Revista Rambla","url":"https:\/\/www.revistarambla.com\/","logo":{"@type":"ImageObject","inLanguage":"en-GB","@id":"https:\/\/www.revistarambla.com\/#\/schema\/logo\/image\/","url":"https:\/\/www.revistarambla.com\/wp-content\/uploads\/2020\/09\/banner_rambla_1900x600_BB.png","contentUrl":"https:\/\/www.revistarambla.com\/wp-content\/uploads\/2020\/09\/banner_rambla_1900x600_BB.png","width":1900,"height":600,"caption":"Revista Rambla"},"image":{"@id":"https:\/\/www.revistarambla.com\/#\/schema\/logo\/image\/"},"sameAs":["https:\/\/www.facebook.com\/revistarambla\/","https:\/\/x.com\/revistarambla","https:\/\/www.instagram.com\/revista_rambla","https:\/\/es.linkedin.com\/company\/revista-rambla"]},{"@type":"Person","@id":"https:\/\/www.revistarambla.com\/#\/schema\/person\/a146a5a2550b94981a75131180e1bd9c","name":"R@mbla","description":"Este art\u00edculo ha sido redactado y\/o validado por el equipo de redacci\u00f3n de Revista Rambla.","sameAs":["https:\/\/www.revistarambla.com\/","https:\/\/www.facebook.com\/revistarambla","https:\/\/x.com\/revistarambla"]}]}},"_links":{"self":[{"href":"https:\/\/www.revistarambla.com\/en\/wp-json\/wp\/v2\/posts\/48927","targetHints":{"allow":["GET"]}}],"collection":[{"href":"https:\/\/www.revistarambla.com\/en\/wp-json\/wp\/v2\/posts"}],"about":[{"href":"https:\/\/www.revistarambla.com\/en\/wp-json\/wp\/v2\/types\/post"}],"author":[{"embeddable":true,"href":"https:\/\/www.revistarambla.com\/en\/wp-json\/wp\/v2\/users\/3"}],"replies":[{"embeddable":true,"href":"https:\/\/www.revistarambla.com\/en\/wp-json\/wp\/v2\/comments?post=48927"}],"version-history":[{"count":1,"href":"https:\/\/www.revistarambla.com\/en\/wp-json\/wp\/v2\/posts\/48927\/revisions"}],"predecessor-version":[{"id":48929,"href":"https:\/\/www.revistarambla.com\/en\/wp-json\/wp\/v2\/posts\/48927\/revisions\/48929"}],"wp:featuredmedia":[{"embeddable":true,"href":"https:\/\/www.revistarambla.com\/en\/wp-json\/wp\/v2\/media\/48928"}],"wp:attachment":[{"href":"https:\/\/www.revistarambla.com\/en\/wp-json\/wp\/v2\/media?parent=48927"}],"wp:term":[{"taxonomy":"category","embeddable":true,"href":"https:\/\/www.revistarambla.com\/en\/wp-json\/wp\/v2\/categories?post=48927"},{"taxonomy":"post_tag","embeddable":true,"href":"https:\/\/www.revistarambla.com\/en\/wp-json\/wp\/v2\/tags?post=48927"}],"curies":[{"name":"wp","href":"https:\/\/api.w.org\/{rel}","templated":true}]}}