{"id":48920,"date":"2022-11-01T20:52:28","date_gmt":"2022-11-01T19:52:28","guid":{"rendered":"https:\/\/www.revistarambla.com\/?p=48920"},"modified":"2022-11-02T11:38:03","modified_gmt":"2022-11-02T10:38:03","slug":"la-eficiencia-y-productividad-del-sector-metal-espanol-segun-xavier-pubill-cunill","status":"publish","type":"post","link":"https:\/\/www.revistarambla.com\/en\/la-eficiencia-y-productividad-del-sector-metal-espanol-segun-xavier-pubill-cunill\/","title":{"rendered":"La eficiencia y productividad del sector metal espa\u00f1ol seg\u00fan Xavier Pubill Cunill"},"content":{"rendered":"<p><span style=\"font-weight: 400;\">\u201cEn Espa\u00f1a, las actividades del sector del metal tienen un gran peso sobre el impulso econ\u00f3mico del pa\u00eds, llegando a aportar hasta un 8% del PIB. Por eso, las empresas del sector contin\u00faan trabajando e innovando por una mayor eficiencia, disponibilidad y productividad\u201d, expone el especialista en ingenier\u00eda de procesos, <\/span><span style=\"text-decoration: underline;\"><a href=\"https:\/\/estrelladigital.es\/empresas\/20220801\/xavier-pubill-cunill-expone-el-estado-de-la-industria-metalurgica-en-cataluna\/\"><b>Xavier Pubill Cunill<\/b><\/a><\/span><span style=\"font-weight: 400;\">. El sector metal\u00fargico espa\u00f1ol actualmente se encuentra en un periodo en alza y como una de las figuras principales del mercado internacional, se ve en la obligaci\u00f3n de responder a las necesidades de los otros pa\u00edses e industrias que requieren de sus servicios y productos.<\/span><\/p>\n<p><span style=\"font-weight: 400;\">Muchas empresas se derivan del metal y dependen de su desempe\u00f1o, de su contenido tecnol\u00f3gico y de su valor agregado para seguir funcionando y creciendo en su propio \u00e1mbito. Es por este motivo que mantener los niveles de <\/span><b>productividad de la metalurgia es fundamental para la integraci\u00f3n nacional<\/b><span style=\"font-weight: 400;\">. \u201cDe la industria metal\u00fargica se abastecen otras industrias como pueden ser: automovil\u00edstica, construcci\u00f3n, maquinaria, suministros energ\u00e9ticos y bienes de consumo como electrodom\u00e9stico y mobiliario; podr\u00edamos afirmar que pr\u00e1cticamente la totalidad de las empresas dependen en buena medida del metal\u201d,<\/span><b> a\u00f1ade el <\/b><span style=\"text-decoration: underline;\"><a href=\"https:\/\/latarde.com\/xavier-pubill-cunill-expone-la-importancia-y-el-impacto-de-la-industria-metalurgica-en-espana\/\"><b>ingeniero Xavier Pubill<\/b><\/a><\/span><b>.<\/b><\/p>\n<p><span style=\"font-weight: 400;\">Subsecuentemente, la industria del metal es un indicador clave de la salud de diversos sectores de la industria espa\u00f1ola. Seg\u00fan <\/span><b>Xavier Pubill Cunill<\/b><span style=\"font-weight: 400;\">, las operaciones del sector llegan a afectar de forma determinante los procesos econ\u00f3micos en cuanto a la inversi\u00f3n y el conocimiento. El peso directo que posee el desempe\u00f1o de este sector define su propia trayectoria de desempe\u00f1o y la sustentabilidad a largo plazo para el pa\u00eds. A medida que aumenta la producci\u00f3n de las empresas metal\u00fargicas, aumenta la necesidad de cumplir con requisitos de sostenibilidad m\u00e1s exigentes y ser m\u00e1s eficientes.<\/span><\/p>\n<h2><b>\u00bfSe puede mejorar la productividad del sector metal con la transformaci\u00f3n digital?<\/b><\/h2>\n<p><span style=\"font-weight: 400;\">La industria metal\u00fargica, como muchos sectores de la econom\u00eda espa\u00f1ola, han comenzado el paso a la nueva revoluci\u00f3n industrial: la digitalizaci\u00f3n social. Los expertos en el sector como<\/span><a href=\"https:\/\/www.alcalahoy.es\/2022\/10\/10\/xavier-pubill-cunill-habla-del-impacto-de-la-crisis-de-las-materias-primas-sobre-el-sector-metalurgico\/\"><b> Xavier Pubill Cunill <\/b><\/a><span style=\"font-weight: 400;\">han estipulado que la conversi\u00f3n hacia las nuevas tecnolog\u00edas dentro de las plantas de fabricaci\u00f3n, as\u00ed como la digitalizaci\u00f3n de los procesos internos: \u201cLa modernizaci\u00f3n aumentar\u00e1 en un 16% la eficiencia y productividad de las empresas especializadas, lo que reducir\u00e1 los plazos de entrega y el tiempo de recolecci\u00f3n de datos,<\/span><b> y como resultado aumentar\u00e1 la calidad de los productos finales\u201d.<\/b><\/p>\n<p><span style=\"font-weight: 400;\">Entre las nuevas iniciativas digitales implementadas para la industria metal\u00fargica se mencionan las metodolog\u00edas TPM \u201cTotal Productive Maintenance\u201d, relata <\/span><span style=\"text-decoration: underline;\"><a href=\"https:\/\/extraconfidencial.com\/noticias\/xavier-pubill-cunill-expone-las-limitaciones-de-la-reactivacion-de-la-industria-metalurgica-espanola\/\"><b>Xavier Pubill Cunill<\/b><\/a><\/span><span style=\"font-weight: 400;\">. Estas son soluciones dirigidas a optimizar el uso efectivo de medios y recursos de forma productiva, mejorando la eficiencia en \u00e1reas como el control de la producci\u00f3n, la calidad de los procesos y los productos, la planificaci\u00f3n y trazabilidad.<\/span><\/p>\n<p><span style=\"font-weight: 400;\">Para asegurar el futuro inmediato del sector metal es fundamental que se invierta en el \u00e1rea de investigaci\u00f3n y de desarrollo de los procesos, mecanismos y tecnolog\u00edas de trabajo. La innovaci\u00f3n permite<\/span><b> aportar productos de alta y mejor calidad.<\/b><span style=\"font-weight: 400;\"> as\u00ed como tecnolog\u00edas basadas en la puesta al servicio de los clientes. \u201cNecesitamos nuevos avances para poder competir con grandes industrias de grandes pa\u00edses que no pueden aportar el factor distintivo que podemos aplicar a nuestro tejido industrial\u201d, a\u00f1ade el ingeniero.<\/span><\/p>","protected":false},"excerpt":{"rendered":"<p>\u201cEn Espa\u00f1a, las actividades del sector del metal tienen un gran peso sobre el impulso econ\u00f3mico del pa\u00eds, llegando a aportar hasta un 8% del PIB. Por eso, las empresas del sector contin\u00faan trabajando e innovando por una mayor eficiencia, disponibilidad y productividad\u201d, expone el especialista en ingenier\u00eda de procesos, [&hellip;]<\/p>\n","protected":false},"author":3,"featured_media":48926,"comment_status":"open","ping_status":"closed","sticky":false,"template":"","format":"standard","meta":{"footnotes":""},"categories":[3790],"tags":[],"class_list":["post-48920","post","type-post","status-publish","format-standard","has-post-thumbnail","hentry","category-otras-noticias"],"yoast_head":"<!-- This site is optimized with the Yoast SEO plugin v27.5 - https:\/\/yoast.com\/product\/yoast-seo-wordpress\/ -->\n<title>La eficiencia y productividad del sector metal espa\u00f1ol seg\u00fan Xavier Pubill Cunill - Revista Rambla<\/title>\n<meta name=\"robots\" content=\"index, follow, max-snippet:-1, max-image-preview:large, max-video-preview:-1\" \/>\n<link rel=\"canonical\" href=\"https:\/\/www.revistarambla.com\/en\/la-eficiencia-y-productividad-del-sector-metal-espanol-segun-xavier-pubill-cunill\/\" \/>\n<meta property=\"og:locale\" content=\"en_GB\" \/>\n<meta property=\"og:type\" content=\"article\" \/>\n<meta property=\"og:title\" content=\"La eficiencia y productividad del sector metal espa\u00f1ol seg\u00fan Xavier Pubill Cunill - Revista Rambla\" \/>\n<meta property=\"og:description\" content=\"\u201cEn Espa\u00f1a, las actividades del sector del metal tienen un gran peso sobre el impulso econ\u00f3mico del pa\u00eds, llegando a aportar hasta un 8% del PIB. Por eso, las empresas del sector contin\u00faan trabajando e innovando por una mayor eficiencia, disponibilidad y productividad\u201d, expone el especialista en ingenier\u00eda de procesos, [&hellip;]\" \/>\n<meta property=\"og:url\" content=\"https:\/\/www.revistarambla.com\/en\/la-eficiencia-y-productividad-del-sector-metal-espanol-segun-xavier-pubill-cunill\/\" \/>\n<meta property=\"og:site_name\" content=\"Revista Rambla\" \/>\n<meta property=\"article:publisher\" content=\"https:\/\/www.facebook.com\/revistarambla\/\" \/>\n<meta property=\"article:author\" content=\"https:\/\/www.facebook.com\/revistarambla\" \/>\n<meta property=\"article:published_time\" content=\"2022-11-01T19:52:28+00:00\" \/>\n<meta property=\"article:modified_time\" content=\"2022-11-02T10:38:03+00:00\" \/>\n<meta property=\"og:image\" content=\"https:\/\/www.revistarambla.com\/wp-content\/uploads\/2022\/11\/Xavier-Pubill-Cunill.jpg\" \/>\n\t<meta property=\"og:image:width\" content=\"1560\" \/>\n\t<meta property=\"og:image:height\" content=\"1040\" \/>\n\t<meta property=\"og:image:type\" content=\"image\/jpeg\" \/>\n<meta name=\"author\" content=\"R@mbla\" \/>\n<meta name=\"twitter:card\" content=\"summary_large_image\" \/>\n<meta name=\"twitter:creator\" content=\"@revistarambla\" \/>\n<meta name=\"twitter:site\" content=\"@revistarambla\" \/>\n<meta name=\"twitter:label1\" content=\"Written by\" \/>\n\t<meta name=\"twitter:data1\" content=\"R@mbla\" \/>\n\t<meta name=\"twitter:label2\" content=\"Estimated reading time\" \/>\n\t<meta name=\"twitter:data2\" content=\"3 minutes\" \/>\n<script type=\"application\/ld+json\" class=\"yoast-schema-graph\">{\"@context\":\"https:\\\/\\\/schema.org\",\"@graph\":[{\"@type\":\"Article\",\"@id\":\"https:\\\/\\\/www.revistarambla.com\\\/la-eficiencia-y-productividad-del-sector-metal-espanol-segun-xavier-pubill-cunill\\\/#article\",\"isPartOf\":{\"@id\":\"https:\\\/\\\/www.revistarambla.com\\\/la-eficiencia-y-productividad-del-sector-metal-espanol-segun-xavier-pubill-cunill\\\/\"},\"author\":{\"name\":\"R@mbla\",\"@id\":\"https:\\\/\\\/www.revistarambla.com\\\/#\\\/schema\\\/person\\\/a146a5a2550b94981a75131180e1bd9c\"},\"headline\":\"La eficiencia y productividad del sector metal espa\u00f1ol seg\u00fan Xavier Pubill Cunill\",\"datePublished\":\"2022-11-01T19:52:28+00:00\",\"dateModified\":\"2022-11-02T10:38:03+00:00\",\"mainEntityOfPage\":{\"@id\":\"https:\\\/\\\/www.revistarambla.com\\\/la-eficiencia-y-productividad-del-sector-metal-espanol-segun-xavier-pubill-cunill\\\/\"},\"wordCount\":594,\"commentCount\":0,\"publisher\":{\"@id\":\"https:\\\/\\\/www.revistarambla.com\\\/#organization\"},\"image\":{\"@id\":\"https:\\\/\\\/www.revistarambla.com\\\/la-eficiencia-y-productividad-del-sector-metal-espanol-segun-xavier-pubill-cunill\\\/#primaryimage\"},\"thumbnailUrl\":\"https:\\\/\\\/www.revistarambla.com\\\/wp-content\\\/uploads\\\/2022\\\/11\\\/Xavier-Pubill-Cunill.jpg\",\"articleSection\":[\"Otras Noticias\"],\"inLanguage\":\"en-GB\",\"potentialAction\":[{\"@type\":\"CommentAction\",\"name\":\"Comment\",\"target\":[\"https:\\\/\\\/www.revistarambla.com\\\/la-eficiencia-y-productividad-del-sector-metal-espanol-segun-xavier-pubill-cunill\\\/#respond\"]}]},{\"@type\":\"WebPage\",\"@id\":\"https:\\\/\\\/www.revistarambla.com\\\/la-eficiencia-y-productividad-del-sector-metal-espanol-segun-xavier-pubill-cunill\\\/\",\"url\":\"https:\\\/\\\/www.revistarambla.com\\\/la-eficiencia-y-productividad-del-sector-metal-espanol-segun-xavier-pubill-cunill\\\/\",\"name\":\"La eficiencia y productividad del sector metal espa\u00f1ol seg\u00fan Xavier Pubill Cunill - Revista Rambla\",\"isPartOf\":{\"@id\":\"https:\\\/\\\/www.revistarambla.com\\\/#website\"},\"primaryImageOfPage\":{\"@id\":\"https:\\\/\\\/www.revistarambla.com\\\/la-eficiencia-y-productividad-del-sector-metal-espanol-segun-xavier-pubill-cunill\\\/#primaryimage\"},\"image\":{\"@id\":\"https:\\\/\\\/www.revistarambla.com\\\/la-eficiencia-y-productividad-del-sector-metal-espanol-segun-xavier-pubill-cunill\\\/#primaryimage\"},\"thumbnailUrl\":\"https:\\\/\\\/www.revistarambla.com\\\/wp-content\\\/uploads\\\/2022\\\/11\\\/Xavier-Pubill-Cunill.jpg\",\"datePublished\":\"2022-11-01T19:52:28+00:00\",\"dateModified\":\"2022-11-02T10:38:03+00:00\",\"breadcrumb\":{\"@id\":\"https:\\\/\\\/www.revistarambla.com\\\/la-eficiencia-y-productividad-del-sector-metal-espanol-segun-xavier-pubill-cunill\\\/#breadcrumb\"},\"inLanguage\":\"en-GB\",\"potentialAction\":[{\"@type\":\"ReadAction\",\"target\":[\"https:\\\/\\\/www.revistarambla.com\\\/la-eficiencia-y-productividad-del-sector-metal-espanol-segun-xavier-pubill-cunill\\\/\"]}]},{\"@type\":\"ImageObject\",\"inLanguage\":\"en-GB\",\"@id\":\"https:\\\/\\\/www.revistarambla.com\\\/la-eficiencia-y-productividad-del-sector-metal-espanol-segun-xavier-pubill-cunill\\\/#primaryimage\",\"url\":\"https:\\\/\\\/www.revistarambla.com\\\/wp-content\\\/uploads\\\/2022\\\/11\\\/Xavier-Pubill-Cunill.jpg\",\"contentUrl\":\"https:\\\/\\\/www.revistarambla.com\\\/wp-content\\\/uploads\\\/2022\\\/11\\\/Xavier-Pubill-Cunill.jpg\",\"width\":1560,\"height\":1040,\"caption\":\"Worker is controlling a process of rail cutting at busy metal factory.\"},{\"@type\":\"BreadcrumbList\",\"@id\":\"https:\\\/\\\/www.revistarambla.com\\\/la-eficiencia-y-productividad-del-sector-metal-espanol-segun-xavier-pubill-cunill\\\/#breadcrumb\",\"itemListElement\":[{\"@type\":\"ListItem\",\"position\":1,\"name\":\"Portada\",\"item\":\"https:\\\/\\\/www.revistarambla.com\\\/\"},{\"@type\":\"ListItem\",\"position\":2,\"name\":\"La eficiencia y productividad del sector metal espa\u00f1ol seg\u00fan Xavier Pubill Cunill\"}]},{\"@type\":\"WebSite\",\"@id\":\"https:\\\/\\\/www.revistarambla.com\\\/#website\",\"url\":\"https:\\\/\\\/www.revistarambla.com\\\/\",\"name\":\"Revista Rambla Barcelona\",\"description\":\"Periodismo independiente\",\"publisher\":{\"@id\":\"https:\\\/\\\/www.revistarambla.com\\\/#organization\"},\"potentialAction\":[{\"@type\":\"SearchAction\",\"target\":{\"@type\":\"EntryPoint\",\"urlTemplate\":\"https:\\\/\\\/www.revistarambla.com\\\/?s={search_term_string}\"},\"query-input\":{\"@type\":\"PropertyValueSpecification\",\"valueRequired\":true,\"valueName\":\"search_term_string\"}}],\"inLanguage\":\"en-GB\"},{\"@type\":\"Organization\",\"@id\":\"https:\\\/\\\/www.revistarambla.com\\\/#organization\",\"name\":\"Revista Rambla\",\"url\":\"https:\\\/\\\/www.revistarambla.com\\\/\",\"logo\":{\"@type\":\"ImageObject\",\"inLanguage\":\"en-GB\",\"@id\":\"https:\\\/\\\/www.revistarambla.com\\\/#\\\/schema\\\/logo\\\/image\\\/\",\"url\":\"https:\\\/\\\/www.revistarambla.com\\\/wp-content\\\/uploads\\\/2020\\\/09\\\/banner_rambla_1900x600_BB.png\",\"contentUrl\":\"https:\\\/\\\/www.revistarambla.com\\\/wp-content\\\/uploads\\\/2020\\\/09\\\/banner_rambla_1900x600_BB.png\",\"width\":1900,\"height\":600,\"caption\":\"Revista Rambla\"},\"image\":{\"@id\":\"https:\\\/\\\/www.revistarambla.com\\\/#\\\/schema\\\/logo\\\/image\\\/\"},\"sameAs\":[\"https:\\\/\\\/www.facebook.com\\\/revistarambla\\\/\",\"https:\\\/\\\/x.com\\\/revistarambla\",\"https:\\\/\\\/www.instagram.com\\\/revista_rambla\",\"https:\\\/\\\/es.linkedin.com\\\/company\\\/revista-rambla\"]},{\"@type\":\"Person\",\"@id\":\"https:\\\/\\\/www.revistarambla.com\\\/#\\\/schema\\\/person\\\/a146a5a2550b94981a75131180e1bd9c\",\"name\":\"R@mbla\",\"description\":\"Este art\u00edculo ha sido redactado y\\\/o validado por el equipo de redacci\u00f3n de Revista Rambla.\",\"sameAs\":[\"https:\\\/\\\/www.revistarambla.com\\\/\",\"https:\\\/\\\/www.facebook.com\\\/revistarambla\",\"https:\\\/\\\/x.com\\\/revistarambla\"]}]}<\/script>\n<!-- \/ Yoast SEO plugin. -->","yoast_head_json":{"title":"La eficiencia y productividad del sector metal espa\u00f1ol seg\u00fan Xavier Pubill Cunill - Revista Rambla","robots":{"index":"index","follow":"follow","max-snippet":"max-snippet:-1","max-image-preview":"max-image-preview:large","max-video-preview":"max-video-preview:-1"},"canonical":"https:\/\/www.revistarambla.com\/en\/la-eficiencia-y-productividad-del-sector-metal-espanol-segun-xavier-pubill-cunill\/","og_locale":"en_GB","og_type":"article","og_title":"La eficiencia y productividad del sector metal espa\u00f1ol seg\u00fan Xavier Pubill Cunill - Revista Rambla","og_description":"\u201cEn Espa\u00f1a, las actividades del sector del metal tienen un gran peso sobre el impulso econ\u00f3mico del pa\u00eds, llegando a aportar hasta un 8% del PIB. Por eso, las empresas del sector contin\u00faan trabajando e innovando por una mayor eficiencia, disponibilidad y productividad\u201d, expone el especialista en ingenier\u00eda de procesos, [&hellip;]","og_url":"https:\/\/www.revistarambla.com\/en\/la-eficiencia-y-productividad-del-sector-metal-espanol-segun-xavier-pubill-cunill\/","og_site_name":"Revista Rambla","article_publisher":"https:\/\/www.facebook.com\/revistarambla\/","article_author":"https:\/\/www.facebook.com\/revistarambla","article_published_time":"2022-11-01T19:52:28+00:00","article_modified_time":"2022-11-02T10:38:03+00:00","og_image":[{"width":1560,"height":1040,"url":"https:\/\/www.revistarambla.com\/wp-content\/uploads\/2022\/11\/Xavier-Pubill-Cunill.jpg","type":"image\/jpeg"}],"author":"R@mbla","twitter_card":"summary_large_image","twitter_creator":"@revistarambla","twitter_site":"@revistarambla","twitter_misc":{"Written by":"R@mbla","Estimated reading time":"3 minutes"},"schema":{"@context":"https:\/\/schema.org","@graph":[{"@type":"Article","@id":"https:\/\/www.revistarambla.com\/la-eficiencia-y-productividad-del-sector-metal-espanol-segun-xavier-pubill-cunill\/#article","isPartOf":{"@id":"https:\/\/www.revistarambla.com\/la-eficiencia-y-productividad-del-sector-metal-espanol-segun-xavier-pubill-cunill\/"},"author":{"name":"R@mbla","@id":"https:\/\/www.revistarambla.com\/#\/schema\/person\/a146a5a2550b94981a75131180e1bd9c"},"headline":"La eficiencia y productividad del sector metal espa\u00f1ol seg\u00fan Xavier Pubill Cunill","datePublished":"2022-11-01T19:52:28+00:00","dateModified":"2022-11-02T10:38:03+00:00","mainEntityOfPage":{"@id":"https:\/\/www.revistarambla.com\/la-eficiencia-y-productividad-del-sector-metal-espanol-segun-xavier-pubill-cunill\/"},"wordCount":594,"commentCount":0,"publisher":{"@id":"https:\/\/www.revistarambla.com\/#organization"},"image":{"@id":"https:\/\/www.revistarambla.com\/la-eficiencia-y-productividad-del-sector-metal-espanol-segun-xavier-pubill-cunill\/#primaryimage"},"thumbnailUrl":"https:\/\/www.revistarambla.com\/wp-content\/uploads\/2022\/11\/Xavier-Pubill-Cunill.jpg","articleSection":["Otras Noticias"],"inLanguage":"en-GB","potentialAction":[{"@type":"CommentAction","name":"Comment","target":["https:\/\/www.revistarambla.com\/la-eficiencia-y-productividad-del-sector-metal-espanol-segun-xavier-pubill-cunill\/#respond"]}]},{"@type":"WebPage","@id":"https:\/\/www.revistarambla.com\/la-eficiencia-y-productividad-del-sector-metal-espanol-segun-xavier-pubill-cunill\/","url":"https:\/\/www.revistarambla.com\/la-eficiencia-y-productividad-del-sector-metal-espanol-segun-xavier-pubill-cunill\/","name":"La eficiencia y productividad del sector metal espa\u00f1ol seg\u00fan Xavier Pubill Cunill - Revista Rambla","isPartOf":{"@id":"https:\/\/www.revistarambla.com\/#website"},"primaryImageOfPage":{"@id":"https:\/\/www.revistarambla.com\/la-eficiencia-y-productividad-del-sector-metal-espanol-segun-xavier-pubill-cunill\/#primaryimage"},"image":{"@id":"https:\/\/www.revistarambla.com\/la-eficiencia-y-productividad-del-sector-metal-espanol-segun-xavier-pubill-cunill\/#primaryimage"},"thumbnailUrl":"https:\/\/www.revistarambla.com\/wp-content\/uploads\/2022\/11\/Xavier-Pubill-Cunill.jpg","datePublished":"2022-11-01T19:52:28+00:00","dateModified":"2022-11-02T10:38:03+00:00","breadcrumb":{"@id":"https:\/\/www.revistarambla.com\/la-eficiencia-y-productividad-del-sector-metal-espanol-segun-xavier-pubill-cunill\/#breadcrumb"},"inLanguage":"en-GB","potentialAction":[{"@type":"ReadAction","target":["https:\/\/www.revistarambla.com\/la-eficiencia-y-productividad-del-sector-metal-espanol-segun-xavier-pubill-cunill\/"]}]},{"@type":"ImageObject","inLanguage":"en-GB","@id":"https:\/\/www.revistarambla.com\/la-eficiencia-y-productividad-del-sector-metal-espanol-segun-xavier-pubill-cunill\/#primaryimage","url":"https:\/\/www.revistarambla.com\/wp-content\/uploads\/2022\/11\/Xavier-Pubill-Cunill.jpg","contentUrl":"https:\/\/www.revistarambla.com\/wp-content\/uploads\/2022\/11\/Xavier-Pubill-Cunill.jpg","width":1560,"height":1040,"caption":"Worker is controlling a process of rail cutting at busy metal factory."},{"@type":"BreadcrumbList","@id":"https:\/\/www.revistarambla.com\/la-eficiencia-y-productividad-del-sector-metal-espanol-segun-xavier-pubill-cunill\/#breadcrumb","itemListElement":[{"@type":"ListItem","position":1,"name":"Portada","item":"https:\/\/www.revistarambla.com\/"},{"@type":"ListItem","position":2,"name":"La eficiencia y productividad del sector metal espa\u00f1ol seg\u00fan Xavier Pubill Cunill"}]},{"@type":"WebSite","@id":"https:\/\/www.revistarambla.com\/#website","url":"https:\/\/www.revistarambla.com\/","name":"Revista Rambla Barcelona","description":"Periodismo independiente","publisher":{"@id":"https:\/\/www.revistarambla.com\/#organization"},"potentialAction":[{"@type":"SearchAction","target":{"@type":"EntryPoint","urlTemplate":"https:\/\/www.revistarambla.com\/?s={search_term_string}"},"query-input":{"@type":"PropertyValueSpecification","valueRequired":true,"valueName":"search_term_string"}}],"inLanguage":"en-GB"},{"@type":"Organization","@id":"https:\/\/www.revistarambla.com\/#organization","name":"Revista Rambla","url":"https:\/\/www.revistarambla.com\/","logo":{"@type":"ImageObject","inLanguage":"en-GB","@id":"https:\/\/www.revistarambla.com\/#\/schema\/logo\/image\/","url":"https:\/\/www.revistarambla.com\/wp-content\/uploads\/2020\/09\/banner_rambla_1900x600_BB.png","contentUrl":"https:\/\/www.revistarambla.com\/wp-content\/uploads\/2020\/09\/banner_rambla_1900x600_BB.png","width":1900,"height":600,"caption":"Revista Rambla"},"image":{"@id":"https:\/\/www.revistarambla.com\/#\/schema\/logo\/image\/"},"sameAs":["https:\/\/www.facebook.com\/revistarambla\/","https:\/\/x.com\/revistarambla","https:\/\/www.instagram.com\/revista_rambla","https:\/\/es.linkedin.com\/company\/revista-rambla"]},{"@type":"Person","@id":"https:\/\/www.revistarambla.com\/#\/schema\/person\/a146a5a2550b94981a75131180e1bd9c","name":"R@mbla","description":"Este art\u00edculo ha sido redactado y\/o validado por el equipo de redacci\u00f3n de Revista Rambla.","sameAs":["https:\/\/www.revistarambla.com\/","https:\/\/www.facebook.com\/revistarambla","https:\/\/x.com\/revistarambla"]}]}},"_links":{"self":[{"href":"https:\/\/www.revistarambla.com\/en\/wp-json\/wp\/v2\/posts\/48920","targetHints":{"allow":["GET"]}}],"collection":[{"href":"https:\/\/www.revistarambla.com\/en\/wp-json\/wp\/v2\/posts"}],"about":[{"href":"https:\/\/www.revistarambla.com\/en\/wp-json\/wp\/v2\/types\/post"}],"author":[{"embeddable":true,"href":"https:\/\/www.revistarambla.com\/en\/wp-json\/wp\/v2\/users\/3"}],"replies":[{"embeddable":true,"href":"https:\/\/www.revistarambla.com\/en\/wp-json\/wp\/v2\/comments?post=48920"}],"version-history":[{"count":1,"href":"https:\/\/www.revistarambla.com\/en\/wp-json\/wp\/v2\/posts\/48920\/revisions"}],"predecessor-version":[{"id":48922,"href":"https:\/\/www.revistarambla.com\/en\/wp-json\/wp\/v2\/posts\/48920\/revisions\/48922"}],"wp:featuredmedia":[{"embeddable":true,"href":"https:\/\/www.revistarambla.com\/en\/wp-json\/wp\/v2\/media\/48926"}],"wp:attachment":[{"href":"https:\/\/www.revistarambla.com\/en\/wp-json\/wp\/v2\/media?parent=48920"}],"wp:term":[{"taxonomy":"category","embeddable":true,"href":"https:\/\/www.revistarambla.com\/en\/wp-json\/wp\/v2\/categories?post=48920"},{"taxonomy":"post_tag","embeddable":true,"href":"https:\/\/www.revistarambla.com\/en\/wp-json\/wp\/v2\/tags?post=48920"}],"curies":[{"name":"wp","href":"https:\/\/api.w.org\/{rel}","templated":true}]}}