{"id":4869,"date":"2014-02-24T07:07:19","date_gmt":"2014-02-24T07:07:19","guid":{"rendered":"https:\/\/www.revistarambla.com\/se-prepara-un-nuevo-festimatge\/"},"modified":"2024-04-20T19:35:58","modified_gmt":"2024-04-20T17:35:58","slug":"se-prepara-un-nuevo-festimatge","status":"publish","type":"post","link":"https:\/\/www.revistarambla.com\/en\/se-prepara-un-nuevo-festimatge\/","title":{"rendered":"Se prepara un nuevo Festimatge"},"content":{"rendered":"<p>Un a\u00f1o m\u00e1s, el <a href=\"https:\/\/www.revistarambla.com\/en\/festimatge-a-five-stars-festival\/\">Festimatge<\/a>, Festival de la Imagen de Calella llenar\u00e1 Calella de <a href=\"https:\/\/www.revistarambla.com\/en\/cultura\/cine\/\">cine<\/a> y fotograf\u00eda del 5 al 27 de abril. El Festimatge re\u00fane tres cert\u00e1menes relacionados con la imagen: la edici\u00f3n n\u00famero 41 del\u00a0 Encuentro Internacional de 9,5mm; el 38\u00aa Trofeo Torretes de Fotograf\u00eda y el 20\u00ba Trofeo Torretes de Cortometrajes.<\/p>\n<p>Todos los cert\u00e1menes del Festimatge 2014 preparan y perfilan sus actividades. Los jurados se van reuniendo para visionar e ir decidiendo los ganadores de este a\u00f1o, mientras la organizaci\u00f3n va distribuyendo los espacios para las exposiciones fotogr\u00e1ficas y las proyecciones de los cortometrajes finalistas, as\u00ed como para las charlas, talleres y resto de actividades que se llevar\u00e1n a cabo durante la celebraci\u00f3n del festival durante el mes de abril.<\/p>\n<p>El jurado del certamen de cortometrajes est\u00e1 formado este a\u00f1o por Joan Bernat, Presidente del Jurado del Festival Internacional de Cine \u201c Mundo de Viajes\u201d, Agust\u00ed Argelich, Director de Filmets Badalona Film Festival, y Montse Majench, Directora de la Academia del Cine Catal\u00e1n.<\/p>\n<p>Este a\u00f1o se han presentado 556 cortometrajes a concurso, frente a los 296 del a\u00f1o 2013, que provienen de 30 pa\u00edses diferentes, entre los que se encuentran pa\u00edses como Jap\u00f3n, Emiratos \u00c1rabes Unidos o Kazajstan, adem\u00e1s de numerosas pa\u00edses europeos y sudamericanos, y destacar tambi\u00e9n la participaci\u00f3n de cortos procedentes de EEUU y Canad\u00e1. Una vez decididos los trabajos finalistas y los ganadores se har\u00e1 la planificaci\u00f3n de los cortometrajes a proyectar durante el festival. Uno de los grandes atractivos de este concurso es que una gran cantidad de los trabajos presentados se proyectan durante el FESTIMATGE, de forma que los autores pueden ver sus obras proyectadas p\u00fablicamente.<\/p>\n<p>Por su parte, el jurado del Trofeo Torretas de Fotograf\u00eda est\u00e1 formado por Joan Burgues de Andorra, Loredana de Pace de Italia, y de Espa\u00f1a: Alexandra Alsina, Joan Mim\u00f3, Jordi Gallego, Josep M. Casanoves, M. Gr\u00e0cia de la Hoz, Paco Membrives, Vicen\u00e7 Semper y Xavier Vilaregut. El plazo de presentaci\u00f3n de trabajos est\u00e1 abierto hasta el d\u00eda 1 de marzo y las bases para participar se pueden consultar a http:\/\/www.festimatge.org\/fotografia_torretes.html. Todos los trabajos ganadores se podr\u00e1n visitar en la Sala de exposiciones del Casal de la Amistad del 6 al 27 de abril.<\/p>\n<p>Adem\u00e1s de las colecciones a concurso, el certamen de fotograf\u00eda prepara las diversas exposiciones que se podr\u00e1n visitar, unas 30\u00a0 exposiciones repartidas por todo el municipio. Algunos de los espacios elegidos son la F\u00e1brica Llobet Guri, la Sala de exposiciones del Ayuntamiento, la biblioteca, vest\u00edbulos de hoteles, entidades, escaparates de tiendas&#8230;<\/p>\n<p>En cuanto al Encuentro Internacional de Cine 9,5 mm, el a\u00f1o pasado este certamen, que tiene en <a href=\"https:\/\/www.revistarambla.com\/en\/video-resumen-del-viii-calella-film-festival\/\">Calella<\/a> el \u00faltimo vestigio de festival en este formato cinematogr\u00e1fico de toda Espa\u00f1a y se encuentra entre los pocos que se celebran en todo el mundo, celebraba su 40 aniversario. Este a\u00f1o contin\u00faa su camino hacia el medio siglo, con la celebraci\u00f3n del Mercado del Coleccionista, las proyecciones del trabajos de autores de todo el mundo que usan todav\u00eda este sistema y la selecci\u00f3n de ganadores, la sesi\u00f3n de cine recuperado&#8230;<\/p>\n<p>El Festival de la Imagen de Calella vuelve a calentar motores para hacer de Calella, una vez m\u00e1s, el punto de encuentro y lugar de referencia de los amantes del cine y la fotograf\u00eda en todas sus vertientes.<\/p>","protected":false},"excerpt":{"rendered":"<p>Un a\u00f1o m\u00e1s, el Festimatge, Festival de la Imagen de Calella llenar\u00e1 Calella de cine y fotograf\u00eda del 5 al 27 de abril. El Festimatge re\u00fane tres cert\u00e1menes relacionados con la imagen: la edici\u00f3n n\u00famero 41 del\u00a0 Encuentro Internacional de 9,5mm; el 38\u00aa Trofeo Torretes de Fotograf\u00eda y el 20\u00ba [&hellip;]<\/p>\n","protected":false},"author":3,"featured_media":4868,"comment_status":"open","ping_status":"open","sticky":false,"template":"","format":"standard","meta":{"footnotes":""},"categories":[4],"tags":[],"class_list":["post-4869","post","type-post","status-publish","format-standard","has-post-thumbnail","hentry","category-cultura"],"yoast_head":"<!-- This site is optimized with the Yoast SEO plugin v27.5 - https:\/\/yoast.com\/product\/yoast-seo-wordpress\/ -->\n<title>Se prepara un nuevo Festimatge - Revista Rambla<\/title>\n<meta name=\"description\" content=\"Un a\u00f1o m\u00e1s, el Festimatge, Festival de la Imagen de Calella llenar\u00e1 Calella de cine y fotograf\u00eda del 5 al 27 de abril.\" \/>\n<meta name=\"robots\" content=\"index, follow, max-snippet:-1, max-image-preview:large, max-video-preview:-1\" \/>\n<link rel=\"canonical\" href=\"https:\/\/www.revistarambla.com\/en\/se-prepara-un-nuevo-festimatge\/\" \/>\n<meta property=\"og:locale\" content=\"en_GB\" \/>\n<meta property=\"og:type\" content=\"article\" \/>\n<meta property=\"og:title\" content=\"Se prepara un nuevo Festimatge - Revista Rambla\" \/>\n<meta property=\"og:description\" content=\"Un a\u00f1o m\u00e1s, el Festimatge, Festival de la Imagen de Calella llenar\u00e1 Calella de cine y fotograf\u00eda del 5 al 27 de abril.\" \/>\n<meta property=\"og:url\" content=\"https:\/\/www.revistarambla.com\/en\/se-prepara-un-nuevo-festimatge\/\" \/>\n<meta property=\"og:site_name\" content=\"Revista Rambla\" \/>\n<meta property=\"article:publisher\" content=\"https:\/\/www.facebook.com\/revistarambla\/\" \/>\n<meta property=\"article:author\" content=\"https:\/\/www.facebook.com\/revistarambla\" \/>\n<meta property=\"article:published_time\" content=\"2014-02-24T07:07:19+00:00\" \/>\n<meta property=\"article:modified_time\" content=\"2024-04-20T17:35:58+00:00\" \/>\n<meta property=\"og:image\" content=\"https:\/\/www.revistarambla.com\/wp-content\/uploads\/2014\/02\/Joan%20Guillamat.jpg\" \/>\n\t<meta property=\"og:image:width\" content=\"700\" \/>\n\t<meta property=\"og:image:height\" content=\"540\" \/>\n\t<meta property=\"og:image:type\" content=\"image\/jpeg\" \/>\n<meta name=\"author\" content=\"R@mbla\" \/>\n<meta name=\"twitter:card\" content=\"summary_large_image\" \/>\n<meta name=\"twitter:creator\" content=\"@revistarambla\" \/>\n<meta name=\"twitter:site\" content=\"@revistarambla\" \/>\n<meta name=\"twitter:label1\" content=\"Written by\" \/>\n\t<meta name=\"twitter:data1\" content=\"R@mbla\" \/>\n\t<meta name=\"twitter:label2\" content=\"Estimated reading time\" \/>\n\t<meta name=\"twitter:data2\" content=\"3 minutes\" \/>\n<script type=\"application\/ld+json\" class=\"yoast-schema-graph\">{\"@context\":\"https:\\\/\\\/schema.org\",\"@graph\":[{\"@type\":\"Article\",\"@id\":\"https:\\\/\\\/www.revistarambla.com\\\/se-prepara-un-nuevo-festimatge\\\/#article\",\"isPartOf\":{\"@id\":\"https:\\\/\\\/www.revistarambla.com\\\/se-prepara-un-nuevo-festimatge\\\/\"},\"author\":{\"name\":\"R@mbla\",\"@id\":\"https:\\\/\\\/www.revistarambla.com\\\/#\\\/schema\\\/person\\\/a146a5a2550b94981a75131180e1bd9c\"},\"headline\":\"Se prepara un nuevo Festimatge\",\"datePublished\":\"2014-02-24T07:07:19+00:00\",\"dateModified\":\"2024-04-20T17:35:58+00:00\",\"mainEntityOfPage\":{\"@id\":\"https:\\\/\\\/www.revistarambla.com\\\/se-prepara-un-nuevo-festimatge\\\/\"},\"wordCount\":587,\"commentCount\":0,\"publisher\":{\"@id\":\"https:\\\/\\\/www.revistarambla.com\\\/#organization\"},\"image\":{\"@id\":\"https:\\\/\\\/www.revistarambla.com\\\/se-prepara-un-nuevo-festimatge\\\/#primaryimage\"},\"thumbnailUrl\":\"https:\\\/\\\/www.revistarambla.com\\\/wp-content\\\/uploads\\\/2014\\\/02\\\/Joan Guillamat.jpg\",\"articleSection\":[\"Cultura\"],\"inLanguage\":\"en-GB\",\"potentialAction\":[{\"@type\":\"CommentAction\",\"name\":\"Comment\",\"target\":[\"https:\\\/\\\/www.revistarambla.com\\\/se-prepara-un-nuevo-festimatge\\\/#respond\"]}]},{\"@type\":\"WebPage\",\"@id\":\"https:\\\/\\\/www.revistarambla.com\\\/se-prepara-un-nuevo-festimatge\\\/\",\"url\":\"https:\\\/\\\/www.revistarambla.com\\\/se-prepara-un-nuevo-festimatge\\\/\",\"name\":\"Se prepara un nuevo Festimatge - Revista Rambla\",\"isPartOf\":{\"@id\":\"https:\\\/\\\/www.revistarambla.com\\\/#website\"},\"primaryImageOfPage\":{\"@id\":\"https:\\\/\\\/www.revistarambla.com\\\/se-prepara-un-nuevo-festimatge\\\/#primaryimage\"},\"image\":{\"@id\":\"https:\\\/\\\/www.revistarambla.com\\\/se-prepara-un-nuevo-festimatge\\\/#primaryimage\"},\"thumbnailUrl\":\"https:\\\/\\\/www.revistarambla.com\\\/wp-content\\\/uploads\\\/2014\\\/02\\\/Joan Guillamat.jpg\",\"datePublished\":\"2014-02-24T07:07:19+00:00\",\"dateModified\":\"2024-04-20T17:35:58+00:00\",\"description\":\"Un a\u00f1o m\u00e1s, el Festimatge, Festival de la Imagen de Calella llenar\u00e1 Calella de cine y fotograf\u00eda del 5 al 27 de abril.\",\"breadcrumb\":{\"@id\":\"https:\\\/\\\/www.revistarambla.com\\\/se-prepara-un-nuevo-festimatge\\\/#breadcrumb\"},\"inLanguage\":\"en-GB\",\"potentialAction\":[{\"@type\":\"ReadAction\",\"target\":[\"https:\\\/\\\/www.revistarambla.com\\\/se-prepara-un-nuevo-festimatge\\\/\"]}]},{\"@type\":\"ImageObject\",\"inLanguage\":\"en-GB\",\"@id\":\"https:\\\/\\\/www.revistarambla.com\\\/se-prepara-un-nuevo-festimatge\\\/#primaryimage\",\"url\":\"https:\\\/\\\/www.revistarambla.com\\\/wp-content\\\/uploads\\\/2014\\\/02\\\/Joan Guillamat.jpg\",\"contentUrl\":\"https:\\\/\\\/www.revistarambla.com\\\/wp-content\\\/uploads\\\/2014\\\/02\\\/Joan Guillamat.jpg\",\"width\":700,\"height\":540,\"caption\":\"alt\"},{\"@type\":\"BreadcrumbList\",\"@id\":\"https:\\\/\\\/www.revistarambla.com\\\/se-prepara-un-nuevo-festimatge\\\/#breadcrumb\",\"itemListElement\":[{\"@type\":\"ListItem\",\"position\":1,\"name\":\"Portada\",\"item\":\"https:\\\/\\\/www.revistarambla.com\\\/\"},{\"@type\":\"ListItem\",\"position\":2,\"name\":\"Se prepara un nuevo Festimatge\"}]},{\"@type\":\"WebSite\",\"@id\":\"https:\\\/\\\/www.revistarambla.com\\\/#website\",\"url\":\"https:\\\/\\\/www.revistarambla.com\\\/\",\"name\":\"Revista Rambla Barcelona\",\"description\":\"Periodismo independiente\",\"publisher\":{\"@id\":\"https:\\\/\\\/www.revistarambla.com\\\/#organization\"},\"potentialAction\":[{\"@type\":\"SearchAction\",\"target\":{\"@type\":\"EntryPoint\",\"urlTemplate\":\"https:\\\/\\\/www.revistarambla.com\\\/?s={search_term_string}\"},\"query-input\":{\"@type\":\"PropertyValueSpecification\",\"valueRequired\":true,\"valueName\":\"search_term_string\"}}],\"inLanguage\":\"en-GB\"},{\"@type\":\"Organization\",\"@id\":\"https:\\\/\\\/www.revistarambla.com\\\/#organization\",\"name\":\"Revista Rambla\",\"url\":\"https:\\\/\\\/www.revistarambla.com\\\/\",\"logo\":{\"@type\":\"ImageObject\",\"inLanguage\":\"en-GB\",\"@id\":\"https:\\\/\\\/www.revistarambla.com\\\/#\\\/schema\\\/logo\\\/image\\\/\",\"url\":\"https:\\\/\\\/www.revistarambla.com\\\/wp-content\\\/uploads\\\/2020\\\/09\\\/banner_rambla_1900x600_BB.png\",\"contentUrl\":\"https:\\\/\\\/www.revistarambla.com\\\/wp-content\\\/uploads\\\/2020\\\/09\\\/banner_rambla_1900x600_BB.png\",\"width\":1900,\"height\":600,\"caption\":\"Revista Rambla\"},\"image\":{\"@id\":\"https:\\\/\\\/www.revistarambla.com\\\/#\\\/schema\\\/logo\\\/image\\\/\"},\"sameAs\":[\"https:\\\/\\\/www.facebook.com\\\/revistarambla\\\/\",\"https:\\\/\\\/x.com\\\/revistarambla\",\"https:\\\/\\\/www.instagram.com\\\/revista_rambla\",\"https:\\\/\\\/es.linkedin.com\\\/company\\\/revista-rambla\"]},{\"@type\":\"Person\",\"@id\":\"https:\\\/\\\/www.revistarambla.com\\\/#\\\/schema\\\/person\\\/a146a5a2550b94981a75131180e1bd9c\",\"name\":\"R@mbla\",\"description\":\"Este art\u00edculo ha sido redactado y\\\/o validado por el equipo de redacci\u00f3n de Revista Rambla.\",\"sameAs\":[\"https:\\\/\\\/www.revistarambla.com\\\/\",\"https:\\\/\\\/www.facebook.com\\\/revistarambla\",\"https:\\\/\\\/x.com\\\/revistarambla\"]}]}<\/script>\n<!-- \/ Yoast SEO plugin. -->","yoast_head_json":{"title":"Se prepara un nuevo Festimatge - Revista Rambla","description":"Un a\u00f1o m\u00e1s, el Festimatge, Festival de la Imagen de Calella llenar\u00e1 Calella de cine y fotograf\u00eda del 5 al 27 de abril.","robots":{"index":"index","follow":"follow","max-snippet":"max-snippet:-1","max-image-preview":"max-image-preview:large","max-video-preview":"max-video-preview:-1"},"canonical":"https:\/\/www.revistarambla.com\/en\/se-prepara-un-nuevo-festimatge\/","og_locale":"en_GB","og_type":"article","og_title":"Se prepara un nuevo Festimatge - Revista Rambla","og_description":"Un a\u00f1o m\u00e1s, el Festimatge, Festival de la Imagen de Calella llenar\u00e1 Calella de cine y fotograf\u00eda del 5 al 27 de abril.","og_url":"https:\/\/www.revistarambla.com\/en\/se-prepara-un-nuevo-festimatge\/","og_site_name":"Revista Rambla","article_publisher":"https:\/\/www.facebook.com\/revistarambla\/","article_author":"https:\/\/www.facebook.com\/revistarambla","article_published_time":"2014-02-24T07:07:19+00:00","article_modified_time":"2024-04-20T17:35:58+00:00","og_image":[{"width":700,"height":540,"url":"https:\/\/www.revistarambla.com\/wp-content\/uploads\/2014\/02\/Joan Guillamat.jpg","type":"image\/jpeg"}],"author":"R@mbla","twitter_card":"summary_large_image","twitter_creator":"@revistarambla","twitter_site":"@revistarambla","twitter_misc":{"Written by":"R@mbla","Estimated reading time":"3 minutes"},"schema":{"@context":"https:\/\/schema.org","@graph":[{"@type":"Article","@id":"https:\/\/www.revistarambla.com\/se-prepara-un-nuevo-festimatge\/#article","isPartOf":{"@id":"https:\/\/www.revistarambla.com\/se-prepara-un-nuevo-festimatge\/"},"author":{"name":"R@mbla","@id":"https:\/\/www.revistarambla.com\/#\/schema\/person\/a146a5a2550b94981a75131180e1bd9c"},"headline":"Se prepara un nuevo Festimatge","datePublished":"2014-02-24T07:07:19+00:00","dateModified":"2024-04-20T17:35:58+00:00","mainEntityOfPage":{"@id":"https:\/\/www.revistarambla.com\/se-prepara-un-nuevo-festimatge\/"},"wordCount":587,"commentCount":0,"publisher":{"@id":"https:\/\/www.revistarambla.com\/#organization"},"image":{"@id":"https:\/\/www.revistarambla.com\/se-prepara-un-nuevo-festimatge\/#primaryimage"},"thumbnailUrl":"https:\/\/www.revistarambla.com\/wp-content\/uploads\/2014\/02\/Joan Guillamat.jpg","articleSection":["Cultura"],"inLanguage":"en-GB","potentialAction":[{"@type":"CommentAction","name":"Comment","target":["https:\/\/www.revistarambla.com\/se-prepara-un-nuevo-festimatge\/#respond"]}]},{"@type":"WebPage","@id":"https:\/\/www.revistarambla.com\/se-prepara-un-nuevo-festimatge\/","url":"https:\/\/www.revistarambla.com\/se-prepara-un-nuevo-festimatge\/","name":"Se prepara un nuevo Festimatge - Revista Rambla","isPartOf":{"@id":"https:\/\/www.revistarambla.com\/#website"},"primaryImageOfPage":{"@id":"https:\/\/www.revistarambla.com\/se-prepara-un-nuevo-festimatge\/#primaryimage"},"image":{"@id":"https:\/\/www.revistarambla.com\/se-prepara-un-nuevo-festimatge\/#primaryimage"},"thumbnailUrl":"https:\/\/www.revistarambla.com\/wp-content\/uploads\/2014\/02\/Joan Guillamat.jpg","datePublished":"2014-02-24T07:07:19+00:00","dateModified":"2024-04-20T17:35:58+00:00","description":"Un a\u00f1o m\u00e1s, el Festimatge, Festival de la Imagen de Calella llenar\u00e1 Calella de cine y fotograf\u00eda del 5 al 27 de abril.","breadcrumb":{"@id":"https:\/\/www.revistarambla.com\/se-prepara-un-nuevo-festimatge\/#breadcrumb"},"inLanguage":"en-GB","potentialAction":[{"@type":"ReadAction","target":["https:\/\/www.revistarambla.com\/se-prepara-un-nuevo-festimatge\/"]}]},{"@type":"ImageObject","inLanguage":"en-GB","@id":"https:\/\/www.revistarambla.com\/se-prepara-un-nuevo-festimatge\/#primaryimage","url":"https:\/\/www.revistarambla.com\/wp-content\/uploads\/2014\/02\/Joan Guillamat.jpg","contentUrl":"https:\/\/www.revistarambla.com\/wp-content\/uploads\/2014\/02\/Joan Guillamat.jpg","width":700,"height":540,"caption":"alt"},{"@type":"BreadcrumbList","@id":"https:\/\/www.revistarambla.com\/se-prepara-un-nuevo-festimatge\/#breadcrumb","itemListElement":[{"@type":"ListItem","position":1,"name":"Portada","item":"https:\/\/www.revistarambla.com\/"},{"@type":"ListItem","position":2,"name":"Se prepara un nuevo Festimatge"}]},{"@type":"WebSite","@id":"https:\/\/www.revistarambla.com\/#website","url":"https:\/\/www.revistarambla.com\/","name":"Revista Rambla Barcelona","description":"Periodismo independiente","publisher":{"@id":"https:\/\/www.revistarambla.com\/#organization"},"potentialAction":[{"@type":"SearchAction","target":{"@type":"EntryPoint","urlTemplate":"https:\/\/www.revistarambla.com\/?s={search_term_string}"},"query-input":{"@type":"PropertyValueSpecification","valueRequired":true,"valueName":"search_term_string"}}],"inLanguage":"en-GB"},{"@type":"Organization","@id":"https:\/\/www.revistarambla.com\/#organization","name":"Revista Rambla","url":"https:\/\/www.revistarambla.com\/","logo":{"@type":"ImageObject","inLanguage":"en-GB","@id":"https:\/\/www.revistarambla.com\/#\/schema\/logo\/image\/","url":"https:\/\/www.revistarambla.com\/wp-content\/uploads\/2020\/09\/banner_rambla_1900x600_BB.png","contentUrl":"https:\/\/www.revistarambla.com\/wp-content\/uploads\/2020\/09\/banner_rambla_1900x600_BB.png","width":1900,"height":600,"caption":"Revista Rambla"},"image":{"@id":"https:\/\/www.revistarambla.com\/#\/schema\/logo\/image\/"},"sameAs":["https:\/\/www.facebook.com\/revistarambla\/","https:\/\/x.com\/revistarambla","https:\/\/www.instagram.com\/revista_rambla","https:\/\/es.linkedin.com\/company\/revista-rambla"]},{"@type":"Person","@id":"https:\/\/www.revistarambla.com\/#\/schema\/person\/a146a5a2550b94981a75131180e1bd9c","name":"R@mbla","description":"Este art\u00edculo ha sido redactado y\/o validado por el equipo de redacci\u00f3n de Revista Rambla.","sameAs":["https:\/\/www.revistarambla.com\/","https:\/\/www.facebook.com\/revistarambla","https:\/\/x.com\/revistarambla"]}]}},"_links":{"self":[{"href":"https:\/\/www.revistarambla.com\/en\/wp-json\/wp\/v2\/posts\/4869","targetHints":{"allow":["GET"]}}],"collection":[{"href":"https:\/\/www.revistarambla.com\/en\/wp-json\/wp\/v2\/posts"}],"about":[{"href":"https:\/\/www.revistarambla.com\/en\/wp-json\/wp\/v2\/types\/post"}],"author":[{"embeddable":true,"href":"https:\/\/www.revistarambla.com\/en\/wp-json\/wp\/v2\/users\/3"}],"replies":[{"embeddable":true,"href":"https:\/\/www.revistarambla.com\/en\/wp-json\/wp\/v2\/comments?post=4869"}],"version-history":[{"count":2,"href":"https:\/\/www.revistarambla.com\/en\/wp-json\/wp\/v2\/posts\/4869\/revisions"}],"predecessor-version":[{"id":59510,"href":"https:\/\/www.revistarambla.com\/en\/wp-json\/wp\/v2\/posts\/4869\/revisions\/59510"}],"wp:featuredmedia":[{"embeddable":true,"href":"https:\/\/www.revistarambla.com\/en\/wp-json\/wp\/v2\/media\/4868"}],"wp:attachment":[{"href":"https:\/\/www.revistarambla.com\/en\/wp-json\/wp\/v2\/media?parent=4869"}],"wp:term":[{"taxonomy":"category","embeddable":true,"href":"https:\/\/www.revistarambla.com\/en\/wp-json\/wp\/v2\/categories?post=4869"},{"taxonomy":"post_tag","embeddable":true,"href":"https:\/\/www.revistarambla.com\/en\/wp-json\/wp\/v2\/tags?post=4869"}],"curies":[{"name":"wp","href":"https:\/\/api.w.org\/{rel}","templated":true}]}}